{"id":3405,"date":"2017-06-19T12:20:30","date_gmt":"2017-06-19T09:20:30","guid":{"rendered":"http:\/\/mediaviestinta.fi\/blogi\/?p=3405"},"modified":"2020-05-08T10:40:35","modified_gmt":"2020-05-08T07:40:35","slug":"artikkelin-avaus-jenni-maenpaa-laura-ahva","status":"publish","type":"post","link":"https:\/\/mediaviestinta.fi\/mevi2020\/2017\/06\/artikkelin-avaus-jenni-maenpaa-laura-ahva\/","title":{"rendered":"Video: Jenni M\u00e4enp\u00e4\u00e4 &#038; Laura Ahva"},"content":{"rendered":"<p><iframe title=\"Media &amp; viestint\u00e4 1-2\/2017: M\u00e4enp\u00e4\u00e4 &amp; Ahva\" width=\"580\" height=\"326\" src=\"https:\/\/www.youtube.com\/embed\/1cEk-OA-QAU?feature=oembed\" frameborder=\"0\" allow=\"accelerometer; autoplay; clipboard-write; encrypted-media; gyroscope; picture-in-picture; web-share\" referrerpolicy=\"strict-origin-when-cross-origin\" allowfullscreen><\/iframe><\/p>\n<p>Jenni M\u00e4enp\u00e4\u00e4 ja Laura Ahva esittelev\u00e4t Media &amp; viestint\u00e4 -lehden numerossa 1-2\/2017 ilmestynytt\u00e4 artikkeliaan: &#8221;<a href=\"https:\/\/journal.fi\/mediaviestinta\/article\/view\/64978\" target=\"_blank\" rel=\"noopener noreferrer\">Opiskelu ja ty\u00f6el\u00e4m\u00e4 journalistin ammattiin sosiaalistajina. Ty\u00f6kokemukseen perustuva vertailu: tulokkaat, vakiintuvat ja konkarit<\/a>.&#8221;<\/p>\n<p>Artikkeli tarkastelee suomalaista journalistista kulttuuria siit\u00e4 n\u00e4k\u00f6kulmasta, miten toimittajakunta tulkitsee toimittajan yhteiskunnallista roolia ja eettisi\u00e4 periaatteita. Teoreettisessa viitekehyksess\u00e4 yhdistyy ammatillisen sosiaalistumisen k\u00e4site ja toimittajien uravaiheita j\u00e4sent\u00e4v\u00e4 tutkimus. Artikkelissa avataan erityisesti sit\u00e4, millaisia k\u00e4sityksi\u00e4 tuottavat kaksi ammatillisen sosiaalistumisen keskeist\u00e4 ymp\u00e4rist\u00f6\u00e4: koulutus ja ty\u00f6el\u00e4m\u00e4.<\/p>\n<p>Vertailussa ovat kolme ty\u00f6kokemuksen m\u00e4\u00e4r\u00e4n perusteella eroavaa ryhm\u00e4\u00e4: tulokkaat (vain v\u00e4h\u00e4n tai ei lainkaan ty\u00f6kokemusta), vakiintuvat (alle 15 vuotta kokemusta) ja konkarit (yli 15 vuotta kokemusta). Artikkeli perustuu kahden kyselytutkimusaineiston (N=631) m\u00e4\u00e4r\u00e4lliseen analyysiin.<br \/>\nTulosten mukaan toimittajan teht\u00e4viin ja etiikkaan liittyvist\u00e4 kysymyksist\u00e4 ollaan varsin yksimielisi\u00e4. Suomalaisen journalismin kent\u00e4ll\u00e4 etenkin moraalis-eettinen itseymm\u00e4rrys on yhten\u00e4inen ja sit\u00e4 ohjaavat jaetut ideaalit. Jotakin vaihtelua toki on: selkeimm\u00e4t erot nousevat esiin alalle opiskelevien ja ty\u00f6el\u00e4m\u00e4ss\u00e4 jo olevien toimittajien v\u00e4lille \u2013 ei niink\u00e4\u00e4n ty\u00f6kokemukseen perustuvien ryhmien v\u00e4lille.<\/p>\n<p>Ty\u00f6el\u00e4m\u00e4 n\u00e4ytt\u00e4ytyy siten ammatillista yhten\u00e4isyytt\u00e4 tuottavana sosiaalistumisen kontekstina, jossa korostuu toimittajan rooli yhteiskunnallisena raportoijana. Koulutuksen kontekstissa eli opiskelijoiden vastauksissa sen sijaan korostuvat toimittajan ty\u00f6n aktiiviset ja vaikuttavat teht\u00e4v\u00e4t.<\/p>\n<figure id=\"attachment_3430\" aria-describedby=\"caption-attachment-3430\" style=\"width: 620px\" class=\"wp-caption alignnone\"><img fetchpriority=\"high\" decoding=\"async\" class=\"wp-image-3430 size-large\" src=\"https:\/\/mediaviestinta.fi\/mevi2020\/blogi\/wp-content\/uploads\/2017\/06\/Jenni-M\u00e4enp\u00e4\u00e4-ja-Laura-Ahva-e1498118192579-1024x708.jpg\" alt=\"Laura Ahva (vas.) ja Jenni M\u00e4enp\u00e4\u00e4\" width=\"620\" height=\"429\" \/><figcaption id=\"caption-attachment-3430\" class=\"wp-caption-text\">Laura Ahva (vas.) ja Jenni M\u00e4enp\u00e4\u00e4<\/figcaption><\/figure>\n","protected":false},"excerpt":{"rendered":"<p>Katso video! Jenni M\u00e4enp\u00e4\u00e4 ja Laura Ahva esittelev\u00e4t Media &#038; viestint\u00e4 -lehden numerossa 1-2\/2017 ilmestynytt\u00e4 artikkeliaan: &#8221;Opiskelu ja ty\u00f6el\u00e4m\u00e4 journalistin ammattiin sosiaalistajina. Ty\u00f6kokemukseen perustuva vertailu: tulokkaat, vakiintuvat ja konkarit.&#8221;<\/p>\n","protected":false},"author":3,"featured_media":3398,"comment_status":"open","ping_status":"closed","sticky":false,"template":"","format":"standard","meta":{"_monsterinsights_skip_tracking":false,"_monsterinsights_sitenote_active":false,"_monsterinsights_sitenote_note":"","_monsterinsights_sitenote_category":0,"footnotes":""},"categories":[76,1],"tags":[],"class_list":["post-3405","post","type-post","status-publish","format-standard","has-post-thumbnail","hentry","category-ajankohtaista","category-yleinen"],"yoast_head":"<!-- This site is optimized with the Yoast SEO plugin v27.5 - https:\/\/yoast.com\/product\/yoast-seo-wordpress\/ -->\n<title>Video: Jenni M\u00e4enp\u00e4\u00e4 &amp; Laura Ahva &#8211; Mevi<\/title>\n<meta name=\"robots\" content=\"index, follow, max-snippet:-1, max-image-preview:large, max-video-preview:-1\" \/>\n<link rel=\"canonical\" href=\"https:\/\/mediaviestinta.fi\/mevi2020\/2017\/06\/artikkelin-avaus-jenni-maenpaa-laura-ahva\/\" \/>\n<meta property=\"og:locale\" content=\"fi_FI\" \/>\n<meta property=\"og:type\" content=\"article\" \/>\n<meta property=\"og:title\" content=\"Video: Jenni M\u00e4enp\u00e4\u00e4 &amp; Laura Ahva &#8211; Mevi\" \/>\n<meta property=\"og:description\" content=\"Katso video! Jenni M\u00e4enp\u00e4\u00e4 ja Laura Ahva esittelev\u00e4t Media &amp; viestint\u00e4 -lehden numerossa 1-2\/2017 ilmestynytt\u00e4 artikkeliaan: &quot;Opiskelu ja ty\u00f6el\u00e4m\u00e4 journalistin ammattiin sosiaalistajina. Ty\u00f6kokemukseen perustuva vertailu: tulokkaat, vakiintuvat ja konkarit.&quot;\" \/>\n<meta property=\"og:url\" content=\"https:\/\/mediaviestinta.fi\/mevi2020\/2017\/06\/artikkelin-avaus-jenni-maenpaa-laura-ahva\/\" \/>\n<meta property=\"og:site_name\" content=\"Mevi\" \/>\n<meta property=\"article:publisher\" content=\"https:\/\/www.facebook.com\/MediaViestinta\/\" \/>\n<meta property=\"article:published_time\" content=\"2017-06-19T09:20:30+00:00\" \/>\n<meta property=\"article:modified_time\" content=\"2020-05-08T07:40:35+00:00\" \/>\n<meta name=\"author\" content=\"Mevi\" \/>\n<meta name=\"twitter:card\" content=\"summary_large_image\" \/>\n<meta name=\"twitter:creator\" content=\"@mediaviestinta\" \/>\n<meta name=\"twitter:site\" content=\"@mediaviestinta\" \/>\n<meta name=\"twitter:label1\" content=\"Kirjoittanut\" \/>\n\t<meta name=\"twitter:data1\" content=\"Mevi\" \/>\n\t<meta name=\"twitter:label2\" content=\"Arvioitu lukuaika\" \/>\n\t<meta name=\"twitter:data2\" content=\"1 minuutti\" \/>\n<script type=\"application\/ld+json\" class=\"yoast-schema-graph\">{\"@context\":\"https:\\\/\\\/schema.org\",\"@graph\":[{\"@type\":\"Article\",\"@id\":\"https:\\\/\\\/mediaviestinta.fi\\\/mevi2020\\\/2017\\\/06\\\/artikkelin-avaus-jenni-maenpaa-laura-ahva\\\/#article\",\"isPartOf\":{\"@id\":\"https:\\\/\\\/mediaviestinta.fi\\\/mevi2020\\\/2017\\\/06\\\/artikkelin-avaus-jenni-maenpaa-laura-ahva\\\/\"},\"author\":{\"name\":\"Mevi\",\"@id\":\"https:\\\/\\\/mediaviestinta.fi\\\/#\\\/schema\\\/person\\\/b2da34ab24cfcd17dbdd6c7cfb173257\"},\"headline\":\"Video: Jenni M\u00e4enp\u00e4\u00e4 &#038; Laura Ahva\",\"datePublished\":\"2017-06-19T09:20:30+00:00\",\"dateModified\":\"2020-05-08T07:40:35+00:00\",\"mainEntityOfPage\":{\"@id\":\"https:\\\/\\\/mediaviestinta.fi\\\/mevi2020\\\/2017\\\/06\\\/artikkelin-avaus-jenni-maenpaa-laura-ahva\\\/\"},\"wordCount\":242,\"commentCount\":0,\"publisher\":{\"@id\":\"https:\\\/\\\/mediaviestinta.fi\\\/#organization\"},\"image\":{\"@id\":\"https:\\\/\\\/mediaviestinta.fi\\\/mevi2020\\\/2017\\\/06\\\/artikkelin-avaus-jenni-maenpaa-laura-ahva\\\/#primaryimage\"},\"thumbnailUrl\":\"\",\"articleSection\":[\"Ajankohtaista\"],\"inLanguage\":\"fi\",\"potentialAction\":[{\"@type\":\"CommentAction\",\"name\":\"Comment\",\"target\":[\"https:\\\/\\\/mediaviestinta.fi\\\/mevi2020\\\/2017\\\/06\\\/artikkelin-avaus-jenni-maenpaa-laura-ahva\\\/#respond\"]}]},{\"@type\":\"WebPage\",\"@id\":\"https:\\\/\\\/mediaviestinta.fi\\\/mevi2020\\\/2017\\\/06\\\/artikkelin-avaus-jenni-maenpaa-laura-ahva\\\/\",\"url\":\"https:\\\/\\\/mediaviestinta.fi\\\/mevi2020\\\/2017\\\/06\\\/artikkelin-avaus-jenni-maenpaa-laura-ahva\\\/\",\"name\":\"Video: Jenni M\u00e4enp\u00e4\u00e4 & Laura Ahva &#8211; Mevi\",\"isPartOf\":{\"@id\":\"https:\\\/\\\/mediaviestinta.fi\\\/#website\"},\"primaryImageOfPage\":{\"@id\":\"https:\\\/\\\/mediaviestinta.fi\\\/mevi2020\\\/2017\\\/06\\\/artikkelin-avaus-jenni-maenpaa-laura-ahva\\\/#primaryimage\"},\"image\":{\"@id\":\"https:\\\/\\\/mediaviestinta.fi\\\/mevi2020\\\/2017\\\/06\\\/artikkelin-avaus-jenni-maenpaa-laura-ahva\\\/#primaryimage\"},\"thumbnailUrl\":\"\",\"datePublished\":\"2017-06-19T09:20:30+00:00\",\"dateModified\":\"2020-05-08T07:40:35+00:00\",\"breadcrumb\":{\"@id\":\"https:\\\/\\\/mediaviestinta.fi\\\/mevi2020\\\/2017\\\/06\\\/artikkelin-avaus-jenni-maenpaa-laura-ahva\\\/#breadcrumb\"},\"inLanguage\":\"fi\",\"potentialAction\":[{\"@type\":\"ReadAction\",\"target\":[\"https:\\\/\\\/mediaviestinta.fi\\\/mevi2020\\\/2017\\\/06\\\/artikkelin-avaus-jenni-maenpaa-laura-ahva\\\/\"]}]},{\"@type\":\"ImageObject\",\"inLanguage\":\"fi\",\"@id\":\"https:\\\/\\\/mediaviestinta.fi\\\/mevi2020\\\/2017\\\/06\\\/artikkelin-avaus-jenni-maenpaa-laura-ahva\\\/#primaryimage\",\"url\":\"\",\"contentUrl\":\"\"},{\"@type\":\"BreadcrumbList\",\"@id\":\"https:\\\/\\\/mediaviestinta.fi\\\/mevi2020\\\/2017\\\/06\\\/artikkelin-avaus-jenni-maenpaa-laura-ahva\\\/#breadcrumb\",\"itemListElement\":[{\"@type\":\"ListItem\",\"position\":1,\"name\":\"Home\",\"item\":\"https:\\\/\\\/mediaviestinta.fi\\\/\"},{\"@type\":\"ListItem\",\"position\":2,\"name\":\"Video: Jenni M\u00e4enp\u00e4\u00e4 &#038; Laura Ahva\"}]},{\"@type\":\"WebSite\",\"@id\":\"https:\\\/\\\/mediaviestinta.fi\\\/#website\",\"url\":\"https:\\\/\\\/mediaviestinta.fi\\\/\",\"name\":\"Mevi\",\"description\":\"Media- ja viestint\u00e4tieteellinen seura Mevi\",\"publisher\":{\"@id\":\"https:\\\/\\\/mediaviestinta.fi\\\/#organization\"},\"potentialAction\":[{\"@type\":\"SearchAction\",\"target\":{\"@type\":\"EntryPoint\",\"urlTemplate\":\"https:\\\/\\\/mediaviestinta.fi\\\/?s={search_term_string}\"},\"query-input\":{\"@type\":\"PropertyValueSpecification\",\"valueRequired\":true,\"valueName\":\"search_term_string\"}}],\"inLanguage\":\"fi\"},{\"@type\":\"Organization\",\"@id\":\"https:\\\/\\\/mediaviestinta.fi\\\/#organization\",\"name\":\"Media- ja viestint\u00e4tieteellinen seura Mevi\",\"url\":\"https:\\\/\\\/mediaviestinta.fi\\\/\",\"logo\":{\"@type\":\"ImageObject\",\"inLanguage\":\"fi\",\"@id\":\"https:\\\/\\\/mediaviestinta.fi\\\/#\\\/schema\\\/logo\\\/image\\\/\",\"url\":\"https:\\\/\\\/mediaviestinta.fi\\\/mevi2020\\\/wp-content\\\/uploads\\\/2020\\\/03\\\/mevi-logo-RGB-Transparent.png\",\"contentUrl\":\"https:\\\/\\\/mediaviestinta.fi\\\/mevi2020\\\/wp-content\\\/uploads\\\/2020\\\/03\\\/mevi-logo-RGB-Transparent.png\",\"width\":910,\"height\":464,\"caption\":\"Media- ja viestint\u00e4tieteellinen seura Mevi\"},\"image\":{\"@id\":\"https:\\\/\\\/mediaviestinta.fi\\\/#\\\/schema\\\/logo\\\/image\\\/\"},\"sameAs\":[\"https:\\\/\\\/www.facebook.com\\\/MediaViestinta\\\/\",\"https:\\\/\\\/x.com\\\/mediaviestinta\"]},{\"@type\":\"Person\",\"@id\":\"https:\\\/\\\/mediaviestinta.fi\\\/#\\\/schema\\\/person\\\/b2da34ab24cfcd17dbdd6c7cfb173257\",\"name\":\"Mevi\",\"image\":{\"@type\":\"ImageObject\",\"inLanguage\":\"fi\",\"@id\":\"https:\\\/\\\/secure.gravatar.com\\\/avatar\\\/3305b76d1667dc119a18808ed03d6a1fc2dfa8b6a1cddecb8c4d27ef14ec32ca?s=96&d=mm&r=g\",\"url\":\"https:\\\/\\\/secure.gravatar.com\\\/avatar\\\/3305b76d1667dc119a18808ed03d6a1fc2dfa8b6a1cddecb8c4d27ef14ec32ca?s=96&d=mm&r=g\",\"contentUrl\":\"https:\\\/\\\/secure.gravatar.com\\\/avatar\\\/3305b76d1667dc119a18808ed03d6a1fc2dfa8b6a1cddecb8c4d27ef14ec32ca?s=96&d=mm&r=g\",\"caption\":\"Mevi\"},\"url\":\"https:\\\/\\\/mediaviestinta.fi\\\/mevi2020\\\/author\\\/mediavie\\\/\"}]}<\/script>\n<!-- \/ Yoast SEO plugin. -->","yoast_head_json":{"title":"Video: Jenni M\u00e4enp\u00e4\u00e4 & Laura Ahva &#8211; Mevi","robots":{"index":"index","follow":"follow","max-snippet":"max-snippet:-1","max-image-preview":"max-image-preview:large","max-video-preview":"max-video-preview:-1"},"canonical":"https:\/\/mediaviestinta.fi\/mevi2020\/2017\/06\/artikkelin-avaus-jenni-maenpaa-laura-ahva\/","og_locale":"fi_FI","og_type":"article","og_title":"Video: Jenni M\u00e4enp\u00e4\u00e4 & Laura Ahva &#8211; Mevi","og_description":"Katso video! Jenni M\u00e4enp\u00e4\u00e4 ja Laura Ahva esittelev\u00e4t Media & viestint\u00e4 -lehden numerossa 1-2\/2017 ilmestynytt\u00e4 artikkeliaan: \"Opiskelu ja ty\u00f6el\u00e4m\u00e4 journalistin ammattiin sosiaalistajina. Ty\u00f6kokemukseen perustuva vertailu: tulokkaat, vakiintuvat ja konkarit.\"","og_url":"https:\/\/mediaviestinta.fi\/mevi2020\/2017\/06\/artikkelin-avaus-jenni-maenpaa-laura-ahva\/","og_site_name":"Mevi","article_publisher":"https:\/\/www.facebook.com\/MediaViestinta\/","article_published_time":"2017-06-19T09:20:30+00:00","article_modified_time":"2020-05-08T07:40:35+00:00","author":"Mevi","twitter_card":"summary_large_image","twitter_creator":"@mediaviestinta","twitter_site":"@mediaviestinta","twitter_misc":{"Kirjoittanut":"Mevi","Arvioitu lukuaika":"1 minuutti"},"schema":{"@context":"https:\/\/schema.org","@graph":[{"@type":"Article","@id":"https:\/\/mediaviestinta.fi\/mevi2020\/2017\/06\/artikkelin-avaus-jenni-maenpaa-laura-ahva\/#article","isPartOf":{"@id":"https:\/\/mediaviestinta.fi\/mevi2020\/2017\/06\/artikkelin-avaus-jenni-maenpaa-laura-ahva\/"},"author":{"name":"Mevi","@id":"https:\/\/mediaviestinta.fi\/#\/schema\/person\/b2da34ab24cfcd17dbdd6c7cfb173257"},"headline":"Video: Jenni M\u00e4enp\u00e4\u00e4 &#038; Laura Ahva","datePublished":"2017-06-19T09:20:30+00:00","dateModified":"2020-05-08T07:40:35+00:00","mainEntityOfPage":{"@id":"https:\/\/mediaviestinta.fi\/mevi2020\/2017\/06\/artikkelin-avaus-jenni-maenpaa-laura-ahva\/"},"wordCount":242,"commentCount":0,"publisher":{"@id":"https:\/\/mediaviestinta.fi\/#organization"},"image":{"@id":"https:\/\/mediaviestinta.fi\/mevi2020\/2017\/06\/artikkelin-avaus-jenni-maenpaa-laura-ahva\/#primaryimage"},"thumbnailUrl":"","articleSection":["Ajankohtaista"],"inLanguage":"fi","potentialAction":[{"@type":"CommentAction","name":"Comment","target":["https:\/\/mediaviestinta.fi\/mevi2020\/2017\/06\/artikkelin-avaus-jenni-maenpaa-laura-ahva\/#respond"]}]},{"@type":"WebPage","@id":"https:\/\/mediaviestinta.fi\/mevi2020\/2017\/06\/artikkelin-avaus-jenni-maenpaa-laura-ahva\/","url":"https:\/\/mediaviestinta.fi\/mevi2020\/2017\/06\/artikkelin-avaus-jenni-maenpaa-laura-ahva\/","name":"Video: Jenni M\u00e4enp\u00e4\u00e4 & Laura Ahva &#8211; Mevi","isPartOf":{"@id":"https:\/\/mediaviestinta.fi\/#website"},"primaryImageOfPage":{"@id":"https:\/\/mediaviestinta.fi\/mevi2020\/2017\/06\/artikkelin-avaus-jenni-maenpaa-laura-ahva\/#primaryimage"},"image":{"@id":"https:\/\/mediaviestinta.fi\/mevi2020\/2017\/06\/artikkelin-avaus-jenni-maenpaa-laura-ahva\/#primaryimage"},"thumbnailUrl":"","datePublished":"2017-06-19T09:20:30+00:00","dateModified":"2020-05-08T07:40:35+00:00","breadcrumb":{"@id":"https:\/\/mediaviestinta.fi\/mevi2020\/2017\/06\/artikkelin-avaus-jenni-maenpaa-laura-ahva\/#breadcrumb"},"inLanguage":"fi","potentialAction":[{"@type":"ReadAction","target":["https:\/\/mediaviestinta.fi\/mevi2020\/2017\/06\/artikkelin-avaus-jenni-maenpaa-laura-ahva\/"]}]},{"@type":"ImageObject","inLanguage":"fi","@id":"https:\/\/mediaviestinta.fi\/mevi2020\/2017\/06\/artikkelin-avaus-jenni-maenpaa-laura-ahva\/#primaryimage","url":"","contentUrl":""},{"@type":"BreadcrumbList","@id":"https:\/\/mediaviestinta.fi\/mevi2020\/2017\/06\/artikkelin-avaus-jenni-maenpaa-laura-ahva\/#breadcrumb","itemListElement":[{"@type":"ListItem","position":1,"name":"Home","item":"https:\/\/mediaviestinta.fi\/"},{"@type":"ListItem","position":2,"name":"Video: Jenni M\u00e4enp\u00e4\u00e4 &#038; Laura Ahva"}]},{"@type":"WebSite","@id":"https:\/\/mediaviestinta.fi\/#website","url":"https:\/\/mediaviestinta.fi\/","name":"Mevi","description":"Media- ja viestint\u00e4tieteellinen seura Mevi","publisher":{"@id":"https:\/\/mediaviestinta.fi\/#organization"},"potentialAction":[{"@type":"SearchAction","target":{"@type":"EntryPoint","urlTemplate":"https:\/\/mediaviestinta.fi\/?s={search_term_string}"},"query-input":{"@type":"PropertyValueSpecification","valueRequired":true,"valueName":"search_term_string"}}],"inLanguage":"fi"},{"@type":"Organization","@id":"https:\/\/mediaviestinta.fi\/#organization","name":"Media- ja viestint\u00e4tieteellinen seura Mevi","url":"https:\/\/mediaviestinta.fi\/","logo":{"@type":"ImageObject","inLanguage":"fi","@id":"https:\/\/mediaviestinta.fi\/#\/schema\/logo\/image\/","url":"https:\/\/mediaviestinta.fi\/mevi2020\/wp-content\/uploads\/2020\/03\/mevi-logo-RGB-Transparent.png","contentUrl":"https:\/\/mediaviestinta.fi\/mevi2020\/wp-content\/uploads\/2020\/03\/mevi-logo-RGB-Transparent.png","width":910,"height":464,"caption":"Media- ja viestint\u00e4tieteellinen seura Mevi"},"image":{"@id":"https:\/\/mediaviestinta.fi\/#\/schema\/logo\/image\/"},"sameAs":["https:\/\/www.facebook.com\/MediaViestinta\/","https:\/\/x.com\/mediaviestinta"]},{"@type":"Person","@id":"https:\/\/mediaviestinta.fi\/#\/schema\/person\/b2da34ab24cfcd17dbdd6c7cfb173257","name":"Mevi","image":{"@type":"ImageObject","inLanguage":"fi","@id":"https:\/\/secure.gravatar.com\/avatar\/3305b76d1667dc119a18808ed03d6a1fc2dfa8b6a1cddecb8c4d27ef14ec32ca?s=96&d=mm&r=g","url":"https:\/\/secure.gravatar.com\/avatar\/3305b76d1667dc119a18808ed03d6a1fc2dfa8b6a1cddecb8c4d27ef14ec32ca?s=96&d=mm&r=g","contentUrl":"https:\/\/secure.gravatar.com\/avatar\/3305b76d1667dc119a18808ed03d6a1fc2dfa8b6a1cddecb8c4d27ef14ec32ca?s=96&d=mm&r=g","caption":"Mevi"},"url":"https:\/\/mediaviestinta.fi\/mevi2020\/author\/mediavie\/"}]}},"_links":{"self":[{"href":"https:\/\/mediaviestinta.fi\/mevi2020\/wp-json\/wp\/v2\/posts\/3405","targetHints":{"allow":["GET"]}}],"collection":[{"href":"https:\/\/mediaviestinta.fi\/mevi2020\/wp-json\/wp\/v2\/posts"}],"about":[{"href":"https:\/\/mediaviestinta.fi\/mevi2020\/wp-json\/wp\/v2\/types\/post"}],"author":[{"embeddable":true,"href":"https:\/\/mediaviestinta.fi\/mevi2020\/wp-json\/wp\/v2\/users\/3"}],"replies":[{"embeddable":true,"href":"https:\/\/mediaviestinta.fi\/mevi2020\/wp-json\/wp\/v2\/comments?post=3405"}],"version-history":[{"count":1,"href":"https:\/\/mediaviestinta.fi\/mevi2020\/wp-json\/wp\/v2\/posts\/3405\/revisions"}],"predecessor-version":[{"id":4249,"href":"https:\/\/mediaviestinta.fi\/mevi2020\/wp-json\/wp\/v2\/posts\/3405\/revisions\/4249"}],"wp:featuredmedia":[{"embeddable":true,"href":"https:\/\/mediaviestinta.fi\/mevi2020\/wp-json\/"}],"wp:attachment":[{"href":"https:\/\/mediaviestinta.fi\/mevi2020\/wp-json\/wp\/v2\/media?parent=3405"}],"wp:term":[{"taxonomy":"category","embeddable":true,"href":"https:\/\/mediaviestinta.fi\/mevi2020\/wp-json\/wp\/v2\/categories?post=3405"},{"taxonomy":"post_tag","embeddable":true,"href":"https:\/\/mediaviestinta.fi\/mevi2020\/wp-json\/wp\/v2\/tags?post=3405"}],"curies":[{"name":"wp","href":"https:\/\/api.w.org\/{rel}","templated":true}]}}