{"id":3410,"date":"2017-06-19T12:16:56","date_gmt":"2017-06-19T09:16:56","guid":{"rendered":"http:\/\/mediaviestinta.fi\/blogi\/?p=3410"},"modified":"2020-05-08T10:40:35","modified_gmt":"2020-05-08T07:40:35","slug":"esittelyssa-anu-liisa-ronka","status":"publish","type":"post","link":"https:\/\/mediaviestinta.fi\/mevi2020\/2017\/06\/esittelyssa-anu-liisa-ronka\/","title":{"rendered":"Esittelyss\u00e4 Anu-Liisa R\u00f6nk\u00e4"},"content":{"rendered":"<p style=\"text-align: left;\"><em>Media &amp; viestint\u00e4<\/em> -lehden numerossa 1-2\/2017 julkaistiin Anu-Liisa R\u00f6ng\u00e4n artikkeli &#8221;<a href=\"https:\/\/journal.fi\/mediaviestinta\/article\/view\/64979\" target=\"_blank\" rel=\"noopener noreferrer\">Osallistava riskiviestint\u00e4 erimielisyyden kamppailuareenalla: Tapausesimerkkin\u00e4 langattoman viestint\u00e4tekniikan s\u00e4teily<\/a>&#8221;.<\/p>\n<p style=\"text-align: left;\"><span class=\"artikkeli \"><strong>M<img fetchpriority=\"high\" decoding=\"async\" class=\"alignright\" src=\"https:\/\/mediaviestinta.fi\/mevi2020\/blogi\/wp-content\/uploads\/2017\/06\/Anu-Liisa-R\u00f6nk\u00e4-225x300.jpg\" alt=\"Anu-Liisa R\u00f6nk\u00e4\" width=\"225\" height=\"300\" \/>ihin laajempaan ilmi\u00f6\u00f6n ja keskusteluun artikkelisi liittyy?<br \/>\n<\/strong>Artikkelini liittyy siihen viestinn\u00e4n ajankohtaiseen ilmi\u00f6\u00f6n, ett\u00e4 riski- ja tiedeviestint\u00e4\u00e4 pyrit\u00e4\u00e4n toteuttamaan entist\u00e4 enemm\u00e4n aidon vuorovaikutuksen n\u00e4k\u00f6kulmasta.<\/span><\/p>\n<p style=\"text-align: left;\"><span class=\"artikkeli \"><strong>Mik\u00e4 on antisi t\u00e4h\u00e4n keskusteluun? <\/strong><br \/>\nOsallistavan viestinn\u00e4n menetelmill\u00e4 on toimittava niin, ettei kysymys \u201doikeasta\u201d tai \u201dv\u00e4\u00e4r\u00e4st\u00e4\u201d n\u00e4kemyksest\u00e4 muodostu keskustelua organisoivaksi tekij\u00e4ksi \u2013 niin kuin hyvin helposti k\u00e4y.<\/span><\/p>\n<p><span class=\"artikkeli \"><strong>Kenen kannattaa lukea artikkelisi?<\/strong><br \/>\nToivon, ett\u00e4 artikkeli kiinnostaa yhteiskuntatieteellisi\u00e4 riskitutkijoita ja tieteen viestimisest\u00e4 kiinnostuneita tutkijoita, k\u00e4yt\u00e4nn\u00f6n riskiviestinn\u00e4n toteuttajia sek\u00e4 viranomaisia, jotka ty\u00f6ss\u00e4\u00e4n kohtaavat ja k\u00e4sittelev\u00e4t sidosryhmien ja my\u00f6s asiantuntijoiden erimielisyyksi\u00e4. <\/span><\/p>\n<p><span class=\"artikkeli \"><strong>Mit\u00e4 haluat artikkelillasi sanoa?<\/strong><br \/>\nHaluan kuvata sit\u00e4, ett\u00e4 erimielisyys on kaikin tavoin normaalia ja ymm\u00e4rrett\u00e4v\u00e4\u00e4 \u2013 my\u00f6s asiantuntijoiden kesken \u2013 ja kuinka sit\u00e4 on silti vaikea kohdata ja k\u00e4sitell\u00e4 rakentavasti julkisuudessa.<\/span><\/p>\n","protected":false},"excerpt":{"rendered":"<p>Media &#038; viestint\u00e4 -lehden numerossa 1-2\/2017 julkaistiin Anu-Liisa R\u00f6ng\u00e4n artikkeli &#8221;Osallistava riskiviestint\u00e4 erimielisyyden kamppailuareenalla: Tapausesimerkkin\u00e4 langattoman viestint\u00e4tekniikan s\u00e4teily&#8221;. Lue Anun taustoittavat kommentit! <\/p>\n","protected":false},"author":3,"featured_media":3398,"comment_status":"open","ping_status":"closed","sticky":false,"template":"","format":"standard","meta":{"_monsterinsights_skip_tracking":false,"_monsterinsights_sitenote_active":false,"_monsterinsights_sitenote_note":"","_monsterinsights_sitenote_category":0,"footnotes":""},"categories":[76,1],"tags":[],"class_list":["post-3410","post","type-post","status-publish","format-standard","has-post-thumbnail","hentry","category-ajankohtaista","category-yleinen"],"yoast_head":"<!-- This site is optimized with the Yoast SEO plugin v27.5 - https:\/\/yoast.com\/product\/yoast-seo-wordpress\/ -->\n<title>Esittelyss\u00e4 Anu-Liisa R\u00f6nk\u00e4 &#8211; Mevi<\/title>\n<meta name=\"robots\" content=\"index, follow, max-snippet:-1, max-image-preview:large, max-video-preview:-1\" \/>\n<link rel=\"canonical\" href=\"https:\/\/mediaviestinta.fi\/mevi2020\/2017\/06\/esittelyssa-anu-liisa-ronka\/\" \/>\n<meta property=\"og:locale\" content=\"fi_FI\" \/>\n<meta property=\"og:type\" content=\"article\" \/>\n<meta property=\"og:title\" content=\"Esittelyss\u00e4 Anu-Liisa R\u00f6nk\u00e4 &#8211; Mevi\" \/>\n<meta property=\"og:description\" content=\"Media &amp; viestint\u00e4 -lehden numerossa 1-2\/2017 julkaistiin Anu-Liisa R\u00f6ng\u00e4n artikkeli &quot;Osallistava riskiviestint\u00e4 erimielisyyden kamppailuareenalla: Tapausesimerkkin\u00e4 langattoman viestint\u00e4tekniikan s\u00e4teily&quot;. Lue Anun taustoittavat kommentit!\" \/>\n<meta property=\"og:url\" content=\"https:\/\/mediaviestinta.fi\/mevi2020\/2017\/06\/esittelyssa-anu-liisa-ronka\/\" \/>\n<meta property=\"og:site_name\" content=\"Mevi\" \/>\n<meta property=\"article:publisher\" content=\"https:\/\/www.facebook.com\/MediaViestinta\/\" \/>\n<meta property=\"article:published_time\" content=\"2017-06-19T09:16:56+00:00\" \/>\n<meta property=\"article:modified_time\" content=\"2020-05-08T07:40:35+00:00\" \/>\n<meta name=\"author\" content=\"Mevi\" \/>\n<meta name=\"twitter:card\" content=\"summary_large_image\" \/>\n<meta name=\"twitter:creator\" content=\"@mediaviestinta\" \/>\n<meta name=\"twitter:site\" content=\"@mediaviestinta\" \/>\n<meta name=\"twitter:label1\" content=\"Kirjoittanut\" \/>\n\t<meta name=\"twitter:data1\" content=\"Mevi\" \/>\n\t<meta name=\"twitter:label2\" content=\"Arvioitu lukuaika\" \/>\n\t<meta name=\"twitter:data2\" content=\"1 minuutti\" \/>\n<script type=\"application\/ld+json\" class=\"yoast-schema-graph\">{\"@context\":\"https:\\\/\\\/schema.org\",\"@graph\":[{\"@type\":\"Article\",\"@id\":\"https:\\\/\\\/mediaviestinta.fi\\\/mevi2020\\\/2017\\\/06\\\/esittelyssa-anu-liisa-ronka\\\/#article\",\"isPartOf\":{\"@id\":\"https:\\\/\\\/mediaviestinta.fi\\\/mevi2020\\\/2017\\\/06\\\/esittelyssa-anu-liisa-ronka\\\/\"},\"author\":{\"name\":\"Mevi\",\"@id\":\"https:\\\/\\\/mediaviestinta.fi\\\/#\\\/schema\\\/person\\\/b2da34ab24cfcd17dbdd6c7cfb173257\"},\"headline\":\"Esittelyss\u00e4 Anu-Liisa R\u00f6nk\u00e4\",\"datePublished\":\"2017-06-19T09:16:56+00:00\",\"dateModified\":\"2020-05-08T07:40:35+00:00\",\"mainEntityOfPage\":{\"@id\":\"https:\\\/\\\/mediaviestinta.fi\\\/mevi2020\\\/2017\\\/06\\\/esittelyssa-anu-liisa-ronka\\\/\"},\"wordCount\":163,\"commentCount\":0,\"publisher\":{\"@id\":\"https:\\\/\\\/mediaviestinta.fi\\\/#organization\"},\"image\":{\"@id\":\"https:\\\/\\\/mediaviestinta.fi\\\/mevi2020\\\/2017\\\/06\\\/esittelyssa-anu-liisa-ronka\\\/#primaryimage\"},\"thumbnailUrl\":\"\",\"articleSection\":[\"Ajankohtaista\"],\"inLanguage\":\"fi\",\"potentialAction\":[{\"@type\":\"CommentAction\",\"name\":\"Comment\",\"target\":[\"https:\\\/\\\/mediaviestinta.fi\\\/mevi2020\\\/2017\\\/06\\\/esittelyssa-anu-liisa-ronka\\\/#respond\"]}]},{\"@type\":\"WebPage\",\"@id\":\"https:\\\/\\\/mediaviestinta.fi\\\/mevi2020\\\/2017\\\/06\\\/esittelyssa-anu-liisa-ronka\\\/\",\"url\":\"https:\\\/\\\/mediaviestinta.fi\\\/mevi2020\\\/2017\\\/06\\\/esittelyssa-anu-liisa-ronka\\\/\",\"name\":\"Esittelyss\u00e4 Anu-Liisa R\u00f6nk\u00e4 &#8211; Mevi\",\"isPartOf\":{\"@id\":\"https:\\\/\\\/mediaviestinta.fi\\\/#website\"},\"primaryImageOfPage\":{\"@id\":\"https:\\\/\\\/mediaviestinta.fi\\\/mevi2020\\\/2017\\\/06\\\/esittelyssa-anu-liisa-ronka\\\/#primaryimage\"},\"image\":{\"@id\":\"https:\\\/\\\/mediaviestinta.fi\\\/mevi2020\\\/2017\\\/06\\\/esittelyssa-anu-liisa-ronka\\\/#primaryimage\"},\"thumbnailUrl\":\"\",\"datePublished\":\"2017-06-19T09:16:56+00:00\",\"dateModified\":\"2020-05-08T07:40:35+00:00\",\"breadcrumb\":{\"@id\":\"https:\\\/\\\/mediaviestinta.fi\\\/mevi2020\\\/2017\\\/06\\\/esittelyssa-anu-liisa-ronka\\\/#breadcrumb\"},\"inLanguage\":\"fi\",\"potentialAction\":[{\"@type\":\"ReadAction\",\"target\":[\"https:\\\/\\\/mediaviestinta.fi\\\/mevi2020\\\/2017\\\/06\\\/esittelyssa-anu-liisa-ronka\\\/\"]}]},{\"@type\":\"ImageObject\",\"inLanguage\":\"fi\",\"@id\":\"https:\\\/\\\/mediaviestinta.fi\\\/mevi2020\\\/2017\\\/06\\\/esittelyssa-anu-liisa-ronka\\\/#primaryimage\",\"url\":\"\",\"contentUrl\":\"\"},{\"@type\":\"BreadcrumbList\",\"@id\":\"https:\\\/\\\/mediaviestinta.fi\\\/mevi2020\\\/2017\\\/06\\\/esittelyssa-anu-liisa-ronka\\\/#breadcrumb\",\"itemListElement\":[{\"@type\":\"ListItem\",\"position\":1,\"name\":\"Home\",\"item\":\"https:\\\/\\\/mediaviestinta.fi\\\/\"},{\"@type\":\"ListItem\",\"position\":2,\"name\":\"Esittelyss\u00e4 Anu-Liisa R\u00f6nk\u00e4\"}]},{\"@type\":\"WebSite\",\"@id\":\"https:\\\/\\\/mediaviestinta.fi\\\/#website\",\"url\":\"https:\\\/\\\/mediaviestinta.fi\\\/\",\"name\":\"Mevi\",\"description\":\"Media- ja viestint\u00e4tieteellinen seura Mevi\",\"publisher\":{\"@id\":\"https:\\\/\\\/mediaviestinta.fi\\\/#organization\"},\"potentialAction\":[{\"@type\":\"SearchAction\",\"target\":{\"@type\":\"EntryPoint\",\"urlTemplate\":\"https:\\\/\\\/mediaviestinta.fi\\\/?s={search_term_string}\"},\"query-input\":{\"@type\":\"PropertyValueSpecification\",\"valueRequired\":true,\"valueName\":\"search_term_string\"}}],\"inLanguage\":\"fi\"},{\"@type\":\"Organization\",\"@id\":\"https:\\\/\\\/mediaviestinta.fi\\\/#organization\",\"name\":\"Media- ja viestint\u00e4tieteellinen seura Mevi\",\"url\":\"https:\\\/\\\/mediaviestinta.fi\\\/\",\"logo\":{\"@type\":\"ImageObject\",\"inLanguage\":\"fi\",\"@id\":\"https:\\\/\\\/mediaviestinta.fi\\\/#\\\/schema\\\/logo\\\/image\\\/\",\"url\":\"https:\\\/\\\/mediaviestinta.fi\\\/mevi2020\\\/wp-content\\\/uploads\\\/2020\\\/03\\\/mevi-logo-RGB-Transparent.png\",\"contentUrl\":\"https:\\\/\\\/mediaviestinta.fi\\\/mevi2020\\\/wp-content\\\/uploads\\\/2020\\\/03\\\/mevi-logo-RGB-Transparent.png\",\"width\":910,\"height\":464,\"caption\":\"Media- ja viestint\u00e4tieteellinen seura Mevi\"},\"image\":{\"@id\":\"https:\\\/\\\/mediaviestinta.fi\\\/#\\\/schema\\\/logo\\\/image\\\/\"},\"sameAs\":[\"https:\\\/\\\/www.facebook.com\\\/MediaViestinta\\\/\",\"https:\\\/\\\/x.com\\\/mediaviestinta\"]},{\"@type\":\"Person\",\"@id\":\"https:\\\/\\\/mediaviestinta.fi\\\/#\\\/schema\\\/person\\\/b2da34ab24cfcd17dbdd6c7cfb173257\",\"name\":\"Mevi\",\"image\":{\"@type\":\"ImageObject\",\"inLanguage\":\"fi\",\"@id\":\"https:\\\/\\\/secure.gravatar.com\\\/avatar\\\/3305b76d1667dc119a18808ed03d6a1fc2dfa8b6a1cddecb8c4d27ef14ec32ca?s=96&d=mm&r=g\",\"url\":\"https:\\\/\\\/secure.gravatar.com\\\/avatar\\\/3305b76d1667dc119a18808ed03d6a1fc2dfa8b6a1cddecb8c4d27ef14ec32ca?s=96&d=mm&r=g\",\"contentUrl\":\"https:\\\/\\\/secure.gravatar.com\\\/avatar\\\/3305b76d1667dc119a18808ed03d6a1fc2dfa8b6a1cddecb8c4d27ef14ec32ca?s=96&d=mm&r=g\",\"caption\":\"Mevi\"},\"url\":\"https:\\\/\\\/mediaviestinta.fi\\\/mevi2020\\\/author\\\/mediavie\\\/\"}]}<\/script>\n<!-- \/ Yoast SEO plugin. -->","yoast_head_json":{"title":"Esittelyss\u00e4 Anu-Liisa R\u00f6nk\u00e4 &#8211; Mevi","robots":{"index":"index","follow":"follow","max-snippet":"max-snippet:-1","max-image-preview":"max-image-preview:large","max-video-preview":"max-video-preview:-1"},"canonical":"https:\/\/mediaviestinta.fi\/mevi2020\/2017\/06\/esittelyssa-anu-liisa-ronka\/","og_locale":"fi_FI","og_type":"article","og_title":"Esittelyss\u00e4 Anu-Liisa R\u00f6nk\u00e4 &#8211; Mevi","og_description":"Media & viestint\u00e4 -lehden numerossa 1-2\/2017 julkaistiin Anu-Liisa R\u00f6ng\u00e4n artikkeli \"Osallistava riskiviestint\u00e4 erimielisyyden kamppailuareenalla: Tapausesimerkkin\u00e4 langattoman viestint\u00e4tekniikan s\u00e4teily\". Lue Anun taustoittavat kommentit!","og_url":"https:\/\/mediaviestinta.fi\/mevi2020\/2017\/06\/esittelyssa-anu-liisa-ronka\/","og_site_name":"Mevi","article_publisher":"https:\/\/www.facebook.com\/MediaViestinta\/","article_published_time":"2017-06-19T09:16:56+00:00","article_modified_time":"2020-05-08T07:40:35+00:00","author":"Mevi","twitter_card":"summary_large_image","twitter_creator":"@mediaviestinta","twitter_site":"@mediaviestinta","twitter_misc":{"Kirjoittanut":"Mevi","Arvioitu lukuaika":"1 minuutti"},"schema":{"@context":"https:\/\/schema.org","@graph":[{"@type":"Article","@id":"https:\/\/mediaviestinta.fi\/mevi2020\/2017\/06\/esittelyssa-anu-liisa-ronka\/#article","isPartOf":{"@id":"https:\/\/mediaviestinta.fi\/mevi2020\/2017\/06\/esittelyssa-anu-liisa-ronka\/"},"author":{"name":"Mevi","@id":"https:\/\/mediaviestinta.fi\/#\/schema\/person\/b2da34ab24cfcd17dbdd6c7cfb173257"},"headline":"Esittelyss\u00e4 Anu-Liisa R\u00f6nk\u00e4","datePublished":"2017-06-19T09:16:56+00:00","dateModified":"2020-05-08T07:40:35+00:00","mainEntityOfPage":{"@id":"https:\/\/mediaviestinta.fi\/mevi2020\/2017\/06\/esittelyssa-anu-liisa-ronka\/"},"wordCount":163,"commentCount":0,"publisher":{"@id":"https:\/\/mediaviestinta.fi\/#organization"},"image":{"@id":"https:\/\/mediaviestinta.fi\/mevi2020\/2017\/06\/esittelyssa-anu-liisa-ronka\/#primaryimage"},"thumbnailUrl":"","articleSection":["Ajankohtaista"],"inLanguage":"fi","potentialAction":[{"@type":"CommentAction","name":"Comment","target":["https:\/\/mediaviestinta.fi\/mevi2020\/2017\/06\/esittelyssa-anu-liisa-ronka\/#respond"]}]},{"@type":"WebPage","@id":"https:\/\/mediaviestinta.fi\/mevi2020\/2017\/06\/esittelyssa-anu-liisa-ronka\/","url":"https:\/\/mediaviestinta.fi\/mevi2020\/2017\/06\/esittelyssa-anu-liisa-ronka\/","name":"Esittelyss\u00e4 Anu-Liisa R\u00f6nk\u00e4 &#8211; Mevi","isPartOf":{"@id":"https:\/\/mediaviestinta.fi\/#website"},"primaryImageOfPage":{"@id":"https:\/\/mediaviestinta.fi\/mevi2020\/2017\/06\/esittelyssa-anu-liisa-ronka\/#primaryimage"},"image":{"@id":"https:\/\/mediaviestinta.fi\/mevi2020\/2017\/06\/esittelyssa-anu-liisa-ronka\/#primaryimage"},"thumbnailUrl":"","datePublished":"2017-06-19T09:16:56+00:00","dateModified":"2020-05-08T07:40:35+00:00","breadcrumb":{"@id":"https:\/\/mediaviestinta.fi\/mevi2020\/2017\/06\/esittelyssa-anu-liisa-ronka\/#breadcrumb"},"inLanguage":"fi","potentialAction":[{"@type":"ReadAction","target":["https:\/\/mediaviestinta.fi\/mevi2020\/2017\/06\/esittelyssa-anu-liisa-ronka\/"]}]},{"@type":"ImageObject","inLanguage":"fi","@id":"https:\/\/mediaviestinta.fi\/mevi2020\/2017\/06\/esittelyssa-anu-liisa-ronka\/#primaryimage","url":"","contentUrl":""},{"@type":"BreadcrumbList","@id":"https:\/\/mediaviestinta.fi\/mevi2020\/2017\/06\/esittelyssa-anu-liisa-ronka\/#breadcrumb","itemListElement":[{"@type":"ListItem","position":1,"name":"Home","item":"https:\/\/mediaviestinta.fi\/"},{"@type":"ListItem","position":2,"name":"Esittelyss\u00e4 Anu-Liisa R\u00f6nk\u00e4"}]},{"@type":"WebSite","@id":"https:\/\/mediaviestinta.fi\/#website","url":"https:\/\/mediaviestinta.fi\/","name":"Mevi","description":"Media- ja viestint\u00e4tieteellinen seura Mevi","publisher":{"@id":"https:\/\/mediaviestinta.fi\/#organization"},"potentialAction":[{"@type":"SearchAction","target":{"@type":"EntryPoint","urlTemplate":"https:\/\/mediaviestinta.fi\/?s={search_term_string}"},"query-input":{"@type":"PropertyValueSpecification","valueRequired":true,"valueName":"search_term_string"}}],"inLanguage":"fi"},{"@type":"Organization","@id":"https:\/\/mediaviestinta.fi\/#organization","name":"Media- ja viestint\u00e4tieteellinen seura Mevi","url":"https:\/\/mediaviestinta.fi\/","logo":{"@type":"ImageObject","inLanguage":"fi","@id":"https:\/\/mediaviestinta.fi\/#\/schema\/logo\/image\/","url":"https:\/\/mediaviestinta.fi\/mevi2020\/wp-content\/uploads\/2020\/03\/mevi-logo-RGB-Transparent.png","contentUrl":"https:\/\/mediaviestinta.fi\/mevi2020\/wp-content\/uploads\/2020\/03\/mevi-logo-RGB-Transparent.png","width":910,"height":464,"caption":"Media- ja viestint\u00e4tieteellinen seura Mevi"},"image":{"@id":"https:\/\/mediaviestinta.fi\/#\/schema\/logo\/image\/"},"sameAs":["https:\/\/www.facebook.com\/MediaViestinta\/","https:\/\/x.com\/mediaviestinta"]},{"@type":"Person","@id":"https:\/\/mediaviestinta.fi\/#\/schema\/person\/b2da34ab24cfcd17dbdd6c7cfb173257","name":"Mevi","image":{"@type":"ImageObject","inLanguage":"fi","@id":"https:\/\/secure.gravatar.com\/avatar\/3305b76d1667dc119a18808ed03d6a1fc2dfa8b6a1cddecb8c4d27ef14ec32ca?s=96&d=mm&r=g","url":"https:\/\/secure.gravatar.com\/avatar\/3305b76d1667dc119a18808ed03d6a1fc2dfa8b6a1cddecb8c4d27ef14ec32ca?s=96&d=mm&r=g","contentUrl":"https:\/\/secure.gravatar.com\/avatar\/3305b76d1667dc119a18808ed03d6a1fc2dfa8b6a1cddecb8c4d27ef14ec32ca?s=96&d=mm&r=g","caption":"Mevi"},"url":"https:\/\/mediaviestinta.fi\/mevi2020\/author\/mediavie\/"}]}},"_links":{"self":[{"href":"https:\/\/mediaviestinta.fi\/mevi2020\/wp-json\/wp\/v2\/posts\/3410","targetHints":{"allow":["GET"]}}],"collection":[{"href":"https:\/\/mediaviestinta.fi\/mevi2020\/wp-json\/wp\/v2\/posts"}],"about":[{"href":"https:\/\/mediaviestinta.fi\/mevi2020\/wp-json\/wp\/v2\/types\/post"}],"author":[{"embeddable":true,"href":"https:\/\/mediaviestinta.fi\/mevi2020\/wp-json\/wp\/v2\/users\/3"}],"replies":[{"embeddable":true,"href":"https:\/\/mediaviestinta.fi\/mevi2020\/wp-json\/wp\/v2\/comments?post=3410"}],"version-history":[{"count":1,"href":"https:\/\/mediaviestinta.fi\/mevi2020\/wp-json\/wp\/v2\/posts\/3410\/revisions"}],"predecessor-version":[{"id":4250,"href":"https:\/\/mediaviestinta.fi\/mevi2020\/wp-json\/wp\/v2\/posts\/3410\/revisions\/4250"}],"wp:featuredmedia":[{"embeddable":true,"href":"https:\/\/mediaviestinta.fi\/mevi2020\/wp-json\/"}],"wp:attachment":[{"href":"https:\/\/mediaviestinta.fi\/mevi2020\/wp-json\/wp\/v2\/media?parent=3410"}],"wp:term":[{"taxonomy":"category","embeddable":true,"href":"https:\/\/mediaviestinta.fi\/mevi2020\/wp-json\/wp\/v2\/categories?post=3410"},{"taxonomy":"post_tag","embeddable":true,"href":"https:\/\/mediaviestinta.fi\/mevi2020\/wp-json\/wp\/v2\/tags?post=3410"}],"curies":[{"name":"wp","href":"https:\/\/api.w.org\/{rel}","templated":true}]}}