{"id":3502,"date":"2017-12-07T11:08:30","date_gmt":"2017-12-07T08:08:30","guid":{"rendered":"http:\/\/mediaviestinta.fi\/blogi\/?p=3502"},"modified":"2020-05-08T10:40:35","modified_gmt":"2020-05-08T07:40:35","slug":"paakirjoitus-uuden-ja-vanhan-aarella","status":"publish","type":"post","link":"https:\/\/mediaviestinta.fi\/mevi2020\/2017\/12\/paakirjoitus-uuden-ja-vanhan-aarella\/","title":{"rendered":"P\u00e4\u00e4kirjoitus: Uuden ja (vanhan) \u00e4\u00e4rell\u00e4"},"content":{"rendered":"<p><span class=\"artikkeli \">\u201dTotuus, valhe, media ja viestint\u00e4\u201d \u2013teemainen Media &amp; viestinn\u00e4n numero on ollut tekeill\u00e4 viime kev\u00e4\u00e4st\u00e4 l\u00e4htien. Julkaisimme hakukuulutuksen maaliskuussa ja optimistisesti aioimme julkaista teemanumeron syyskuussa. Hakukuulutusta kirjoittaessamme siihen oli eksy\u00e4 my\u00f6s muotoilu, joka lupasi artikkeliehdotusten k\u00e4yv\u00e4n l\u00e4pi \u201dnopean mutta tarkan arvioinnin\u201d. Onneksi valpas toimitus siivosi lupauksen pois, sill\u00e4 kuten kaikki tieteellisten aikakauslehtien toimituksissa ty\u00f6skennelleet tiet\u00e4v\u00e4t, aikataulut eiv\u00e4t aina mene niin kuin St\u00f6ms\u00f6ss\u00e4, ja niin k\u00e4vi nytkin.\u00a0<\/span><\/p>\n<p><span class=\"artikkeli \">Teemanumeron my\u00f6h\u00e4stymiselle on varmasti lukuisia syit\u00e4, mutta yksi selitys l\u00f6ytyy teemasta itsest\u00e4\u00e4n. Tarmo Malmberg kysyi kriittisesti jo erikoisnumeron teemaa pohtiessamme, mit\u00e4 oikeastaan tarkoitamme, kun puhumme totuuden j\u00e4lkeisest\u00e4 ajasta: totuutta filosofisessa mieless\u00e4, empiiristen faktojen paikkansapit\u00e4vyytt\u00e4, tiedett\u00e4 totuuden viimek\u00e4tisen\u00e4 m\u00e4\u00e4ritt\u00e4j\u00e4n\u00e4. Ihmistieteess\u00e4 &#8221;totuus&#8221; on ollut jo pitk\u00e4\u00e4n, ett\u00e4 totuutta ei ole tai ett\u00e4 se on vallank\u00e4yt\u00f6n muoto ja jatke. Yht\u00e4\u00e4lt\u00e4 voisi siis todeta, ett\u00e4 totuuden j\u00e4lkeisest\u00e4 ajasta puhumisessa ei ollut mit\u00e4\u00e4n uutta. Toisin sanoen totuus-k\u00e4sitteen liikuttelu t\u00e4ss\u00e4 yhteydess\u00e4 oli yksi keskeinen ongelma, johon Malmberg paneutuu t\u00e4m\u00e4n numeron artikkelissaan.<\/span><\/p>\n<p><span class=\"artikkeli \">Toisaalta uudet sanat post-factual ja post-truth ilmestyiv\u00e4t journalismiin vasta kev\u00e4\u00e4ll\u00e4 2016, ja saman vuoden syksyll\u00e4 ne olivat jo vakavasti otettuja tieteellisen tutkimuksen teemoja. Uudet tutkimusaiheet toivat mukanaan my\u00f6s uusia k\u00e4sitteit\u00e4, joiden m\u00e4\u00e4ritteleminen on viel\u00e4 kesken. Mit\u00e4 tarkoitetaan valemedialla? Miten valemedian ja vastamedian k\u00e4sitteet suhteutuvat toisiinsa? Ent\u00e4 miten v\u00e4ltt\u00e4\u00e4 tieteeseen pesiytyvi\u00e4 hybridivaikuttamisen tai post-faktuaalisen kaltaisia anglismeja? Olimme siis oikeasti uudenlaisten ilmi\u00f6iden edess\u00e4 ja t\u00e4m\u00e4 n\u00e4kyi toimitusprosessissa, joka pitkittyi ja joka joidenkin artikkeliehdotusten kohdalla on edelleen k\u00e4ynniss\u00e4. N\u00e4ihin viel\u00e4 prosessissa oleviin artikkeleihin p\u00e4\u00e4semme tutustumaan toivottavasti seuraavissa numeroissa.<\/span><\/p>\n<p><span class=\"artikkeli \">Haasteellista oli my\u00f6s l\u00f6yt\u00e4\u00e4 yh\u00e4 moni- ja ylitieteisemm\u00e4ksi k\u00e4yville k\u00e4sikirjoituksille asiantuntevia arvioitsijoita. Tunnustamme, ett\u00e4 my\u00f6s toimitus itse oli joidenkin artikkeliehdotusten kohdalla t\u00e4ysin uusien aiheiden edess\u00e4. Suomen kokoisessa tutkimusymp\u00e4rist\u00f6ss\u00e4 n\u00e4ill\u00e4 aiheilla saattaa olla vain muutama asiantuntija, mik\u00e4 tekee nimett\u00f6m\u00e4n vertaisarvioinnin vaikeaksi, jos ei jopa mahdottomaksi.<\/span><\/p>\n<p><span class=\"artikkeli \">T\u00e4t\u00e4 taustaa vasten oli mielenkiintoista tutustua k\u00e4ynniss\u00e4 olevaan lehtiartikkelien vertaisarviointia kirjoittajien n\u00e4k\u00f6kulmasta tarkastelevaan tutkimukseen, josta professori P\u00e4ivi Atjonen kirjoittaa viimeisess\u00e4 Kasvatus-lehdess\u00e4 (Atjonen 2017). Atjonen on tutkinut muun muassa arviointiprosessin pituutta sek\u00e4 kasvatustieteen julkaisuihin kirjoittaneiden arvioita palautteen hy\u00f6dyllisyydest\u00e4.<\/span><\/p>\n<p><span class=\"artikkeli \">Tutkimukseen osallistuneista vastaajista puolella arviointiprosessi ensimm\u00e4isen version l\u00e4hett\u00e4misest\u00e4 tietoon artikkelin hyv\u00e4ksymisest\u00e4 oli kest\u00e4nyt lyhimmill\u00e4\u00e4n kaksi kuukautta. Toisaalta 37 prosentilla vastaajista verkkaisimpaan hyv\u00e4ksynt\u00e4\u00e4n oli kulunut v\u00e4hint\u00e4\u00e4n puolitoista vuotta, enimmill\u00e4\u00e4n jopa 60 kuukautta. Pitk\u00e4\u00e4n palautteita odottaneita kasvatustieteilij\u00f6it\u00e4 oli siis paljon, eik\u00e4 tilanne varmaan ole kovin toisenlainen media- ja viestint\u00e4tieteilij\u00f6iden keskuudessa. Arviointiprosessin keskim\u00e4\u00e4r\u00e4isen keston keskiarvo oli seitsem\u00e4n kuukautta, joka vastaa melko hyvin Media &amp; viestinn\u00e4n erikoisnumerossa julkaistavien artikkeleiden arviointiprosessin pituutta. T\u00e4m\u00e4n keskiarvon ulkopuolelle j\u00e4\u00e4v\u00e4t tosin viel\u00e4 prosessissa olevat k\u00e4sikirjoitukset.<\/span><\/p>\n<p><span class=\"artikkeli \">Kirjoittajien omat kokemukset vertaisarvioinnin hy\u00f6dyllisyydest\u00e4 olivat tutkimuksen mukaan melko my\u00f6nteisi\u00e4, mutta toisaalta 15 prosentin kokemukset olivat kielteisi\u00e4. Vastaajien mukaan vertaisarviointi parhaimmillaan osoitti arvioijan selv\u00e4\u00e4 halua parantaa artikkelia (asteikolla 1 = harvoin\u2026 5= usein, keskiarvo = 3,8) ja sis\u00e4lsi osuvaa kritiikki\u00e4 (ka 3,8). Ik\u00e4vimmill\u00e4\u00e4n vastaajien mukaan vertaisarviointi perustui koulukuntaeroihin (ka = 3,2) tai arvioijan henkil\u00f6kohtaisiin mieltymyksiin (3,1). Vapaamuotoista kriittist\u00e4 palautetta arviointiprosessista antoivat erityisesti v\u00e4it\u00f6skirjan tekij\u00e4t, joiden v\u00e4it\u00f6sprosessia hitaat arviointiprosessit hidastavat.<\/span><\/p>\n<p><span class=\"artikkeli \">Vaikka vertaisarviointia on tutkittu runsaasti, se on kohdentunut suurimmaksi osaksi luonnon- ja l\u00e4\u00e4ketieteisiin ja esimerkiksi yhteiskuntatieteellinen ja humanistinen ala ovat aiemmin j\u00e4\u00e4neet sivuun. My\u00f6sk\u00e4\u00e4n kirjoittajien n\u00e4k\u00f6kulma ei ole p\u00e4\u00e4ssyt esiin, sill\u00e4 vertaisarviointia on tutkittu biometrisesti l\u00e4hinn\u00e4 lehtien toimittajien, toimituskunnan sek\u00e4 vertaisarvioitsijoiden n\u00e4k\u00f6kulmasta. Kirjoittajien kokemuksia esiintuovalla tutkimuksella on siis tilausta etenkin meille tieteellisten aikakauslehtien toimittajille, jotka olemme vastuussa arviointiprosessin sujuvuudesta.<\/span><\/p>\n<p><span class=\"artikkeli \">***<\/span><\/p>\n<p><span class=\"artikkeli \">Media &amp; viestinn\u00e4n seuraavan teemanumeron aihe p\u00e4\u00e4tet\u00e4\u00e4n ensi vuoden tammikuussa. Toimitus ottaa mielell\u00e4\u00e4n vastaan ehdotuksia teemanumeron aiheeksi 15.1.2018 menness\u00e4 osoitteeseen toimitussihteeri@mediaviestinta.fi.<\/span><\/p>\n<p><span class=\"artikkeli \"><strong>Kirjallisuus<\/strong><\/span><\/p>\n<p><span class=\"artikkeli \">Atjonen, P\u00e4ivi (2017) Ensituloksia tieteellisten lehtiartikkeleiden vertaisarvioinnista kasvatusalalla. <em>Kasvatus<\/em> 4, 369-376.<\/span><\/p>\n","protected":false},"excerpt":{"rendered":"<p>\u201dTotuus, valhe, media ja viestint\u00e4\u201d \u2013teemainen Media &amp; viestinn\u00e4n numero on ollut tekeill\u00e4 viime kev\u00e4\u00e4st\u00e4 l\u00e4htien. Julkaisimme hakukuulutuksen maaliskuussa ja optimistisesti aioimme julkaista teemanumeron syyskuussa. Hakukuulutusta kirjoittaessamme siihen&hellip;<\/p>\n","protected":false},"author":3,"featured_media":3504,"comment_status":"closed","ping_status":"closed","sticky":false,"template":"","format":"standard","meta":{"_monsterinsights_skip_tracking":false,"_monsterinsights_sitenote_active":false,"_monsterinsights_sitenote_note":"","_monsterinsights_sitenote_category":0,"footnotes":""},"categories":[76,1],"tags":[],"class_list":["post-3502","post","type-post","status-publish","format-standard","has-post-thumbnail","hentry","category-ajankohtaista","category-yleinen"],"yoast_head":"<!-- This site is optimized with the Yoast SEO plugin v27.5 - https:\/\/yoast.com\/product\/yoast-seo-wordpress\/ -->\n<title>P\u00e4\u00e4kirjoitus: Uuden ja (vanhan) \u00e4\u00e4rell\u00e4 &#8211; Mevi<\/title>\n<meta name=\"robots\" content=\"index, follow, max-snippet:-1, max-image-preview:large, max-video-preview:-1\" \/>\n<link rel=\"canonical\" href=\"https:\/\/mediaviestinta.fi\/mevi2020\/2017\/12\/paakirjoitus-uuden-ja-vanhan-aarella\/\" \/>\n<meta property=\"og:locale\" content=\"fi_FI\" \/>\n<meta property=\"og:type\" content=\"article\" \/>\n<meta property=\"og:title\" content=\"P\u00e4\u00e4kirjoitus: Uuden ja (vanhan) \u00e4\u00e4rell\u00e4 &#8211; Mevi\" \/>\n<meta property=\"og:description\" content=\"\u201dTotuus, valhe, media ja viestint\u00e4\u201d \u2013teemainen Media &amp; viestinn\u00e4n numero on ollut tekeill\u00e4 viime kev\u00e4\u00e4st\u00e4 l\u00e4htien. Julkaisimme hakukuulutuksen maaliskuussa ja optimistisesti aioimme julkaista teemanumeron syyskuussa. Hakukuulutusta kirjoittaessamme siihen&hellip;\" \/>\n<meta property=\"og:url\" content=\"https:\/\/mediaviestinta.fi\/mevi2020\/2017\/12\/paakirjoitus-uuden-ja-vanhan-aarella\/\" \/>\n<meta property=\"og:site_name\" content=\"Mevi\" \/>\n<meta property=\"article:publisher\" content=\"https:\/\/www.facebook.com\/MediaViestinta\/\" \/>\n<meta property=\"article:published_time\" content=\"2017-12-07T08:08:30+00:00\" \/>\n<meta property=\"article:modified_time\" content=\"2020-05-08T07:40:35+00:00\" \/>\n<meta name=\"author\" content=\"Mevi\" \/>\n<meta name=\"twitter:card\" content=\"summary_large_image\" \/>\n<meta name=\"twitter:creator\" content=\"@mediaviestinta\" \/>\n<meta name=\"twitter:site\" content=\"@mediaviestinta\" \/>\n<meta name=\"twitter:label1\" content=\"Kirjoittanut\" \/>\n\t<meta name=\"twitter:data1\" content=\"Mevi\" \/>\n\t<meta name=\"twitter:label2\" content=\"Arvioitu lukuaika\" \/>\n\t<meta name=\"twitter:data2\" content=\"3 minuuttia\" \/>\n<script type=\"application\/ld+json\" class=\"yoast-schema-graph\">{\"@context\":\"https:\\\/\\\/schema.org\",\"@graph\":[{\"@type\":\"Article\",\"@id\":\"https:\\\/\\\/mediaviestinta.fi\\\/mevi2020\\\/2017\\\/12\\\/paakirjoitus-uuden-ja-vanhan-aarella\\\/#article\",\"isPartOf\":{\"@id\":\"https:\\\/\\\/mediaviestinta.fi\\\/mevi2020\\\/2017\\\/12\\\/paakirjoitus-uuden-ja-vanhan-aarella\\\/\"},\"author\":{\"name\":\"Mevi\",\"@id\":\"https:\\\/\\\/mediaviestinta.fi\\\/#\\\/schema\\\/person\\\/b2da34ab24cfcd17dbdd6c7cfb173257\"},\"headline\":\"P\u00e4\u00e4kirjoitus: Uuden ja (vanhan) \u00e4\u00e4rell\u00e4\",\"datePublished\":\"2017-12-07T08:08:30+00:00\",\"dateModified\":\"2020-05-08T07:40:35+00:00\",\"mainEntityOfPage\":{\"@id\":\"https:\\\/\\\/mediaviestinta.fi\\\/mevi2020\\\/2017\\\/12\\\/paakirjoitus-uuden-ja-vanhan-aarella\\\/\"},\"wordCount\":660,\"publisher\":{\"@id\":\"https:\\\/\\\/mediaviestinta.fi\\\/#organization\"},\"image\":{\"@id\":\"https:\\\/\\\/mediaviestinta.fi\\\/mevi2020\\\/2017\\\/12\\\/paakirjoitus-uuden-ja-vanhan-aarella\\\/#primaryimage\"},\"thumbnailUrl\":\"\",\"articleSection\":[\"Ajankohtaista\"],\"inLanguage\":\"fi\"},{\"@type\":\"WebPage\",\"@id\":\"https:\\\/\\\/mediaviestinta.fi\\\/mevi2020\\\/2017\\\/12\\\/paakirjoitus-uuden-ja-vanhan-aarella\\\/\",\"url\":\"https:\\\/\\\/mediaviestinta.fi\\\/mevi2020\\\/2017\\\/12\\\/paakirjoitus-uuden-ja-vanhan-aarella\\\/\",\"name\":\"P\u00e4\u00e4kirjoitus: Uuden ja (vanhan) \u00e4\u00e4rell\u00e4 &#8211; Mevi\",\"isPartOf\":{\"@id\":\"https:\\\/\\\/mediaviestinta.fi\\\/#website\"},\"primaryImageOfPage\":{\"@id\":\"https:\\\/\\\/mediaviestinta.fi\\\/mevi2020\\\/2017\\\/12\\\/paakirjoitus-uuden-ja-vanhan-aarella\\\/#primaryimage\"},\"image\":{\"@id\":\"https:\\\/\\\/mediaviestinta.fi\\\/mevi2020\\\/2017\\\/12\\\/paakirjoitus-uuden-ja-vanhan-aarella\\\/#primaryimage\"},\"thumbnailUrl\":\"\",\"datePublished\":\"2017-12-07T08:08:30+00:00\",\"dateModified\":\"2020-05-08T07:40:35+00:00\",\"breadcrumb\":{\"@id\":\"https:\\\/\\\/mediaviestinta.fi\\\/mevi2020\\\/2017\\\/12\\\/paakirjoitus-uuden-ja-vanhan-aarella\\\/#breadcrumb\"},\"inLanguage\":\"fi\",\"potentialAction\":[{\"@type\":\"ReadAction\",\"target\":[\"https:\\\/\\\/mediaviestinta.fi\\\/mevi2020\\\/2017\\\/12\\\/paakirjoitus-uuden-ja-vanhan-aarella\\\/\"]}]},{\"@type\":\"ImageObject\",\"inLanguage\":\"fi\",\"@id\":\"https:\\\/\\\/mediaviestinta.fi\\\/mevi2020\\\/2017\\\/12\\\/paakirjoitus-uuden-ja-vanhan-aarella\\\/#primaryimage\",\"url\":\"\",\"contentUrl\":\"\"},{\"@type\":\"BreadcrumbList\",\"@id\":\"https:\\\/\\\/mediaviestinta.fi\\\/mevi2020\\\/2017\\\/12\\\/paakirjoitus-uuden-ja-vanhan-aarella\\\/#breadcrumb\",\"itemListElement\":[{\"@type\":\"ListItem\",\"position\":1,\"name\":\"Home\",\"item\":\"https:\\\/\\\/mediaviestinta.fi\\\/\"},{\"@type\":\"ListItem\",\"position\":2,\"name\":\"P\u00e4\u00e4kirjoitus: Uuden ja (vanhan) \u00e4\u00e4rell\u00e4\"}]},{\"@type\":\"WebSite\",\"@id\":\"https:\\\/\\\/mediaviestinta.fi\\\/#website\",\"url\":\"https:\\\/\\\/mediaviestinta.fi\\\/\",\"name\":\"Mevi\",\"description\":\"Media- ja viestint\u00e4tieteellinen seura Mevi\",\"publisher\":{\"@id\":\"https:\\\/\\\/mediaviestinta.fi\\\/#organization\"},\"potentialAction\":[{\"@type\":\"SearchAction\",\"target\":{\"@type\":\"EntryPoint\",\"urlTemplate\":\"https:\\\/\\\/mediaviestinta.fi\\\/?s={search_term_string}\"},\"query-input\":{\"@type\":\"PropertyValueSpecification\",\"valueRequired\":true,\"valueName\":\"search_term_string\"}}],\"inLanguage\":\"fi\"},{\"@type\":\"Organization\",\"@id\":\"https:\\\/\\\/mediaviestinta.fi\\\/#organization\",\"name\":\"Media- ja viestint\u00e4tieteellinen seura Mevi\",\"url\":\"https:\\\/\\\/mediaviestinta.fi\\\/\",\"logo\":{\"@type\":\"ImageObject\",\"inLanguage\":\"fi\",\"@id\":\"https:\\\/\\\/mediaviestinta.fi\\\/#\\\/schema\\\/logo\\\/image\\\/\",\"url\":\"https:\\\/\\\/mediaviestinta.fi\\\/mevi2020\\\/wp-content\\\/uploads\\\/2020\\\/03\\\/mevi-logo-RGB-Transparent.png\",\"contentUrl\":\"https:\\\/\\\/mediaviestinta.fi\\\/mevi2020\\\/wp-content\\\/uploads\\\/2020\\\/03\\\/mevi-logo-RGB-Transparent.png\",\"width\":910,\"height\":464,\"caption\":\"Media- ja viestint\u00e4tieteellinen seura Mevi\"},\"image\":{\"@id\":\"https:\\\/\\\/mediaviestinta.fi\\\/#\\\/schema\\\/logo\\\/image\\\/\"},\"sameAs\":[\"https:\\\/\\\/www.facebook.com\\\/MediaViestinta\\\/\",\"https:\\\/\\\/x.com\\\/mediaviestinta\"]},{\"@type\":\"Person\",\"@id\":\"https:\\\/\\\/mediaviestinta.fi\\\/#\\\/schema\\\/person\\\/b2da34ab24cfcd17dbdd6c7cfb173257\",\"name\":\"Mevi\",\"image\":{\"@type\":\"ImageObject\",\"inLanguage\":\"fi\",\"@id\":\"https:\\\/\\\/secure.gravatar.com\\\/avatar\\\/3305b76d1667dc119a18808ed03d6a1fc2dfa8b6a1cddecb8c4d27ef14ec32ca?s=96&d=mm&r=g\",\"url\":\"https:\\\/\\\/secure.gravatar.com\\\/avatar\\\/3305b76d1667dc119a18808ed03d6a1fc2dfa8b6a1cddecb8c4d27ef14ec32ca?s=96&d=mm&r=g\",\"contentUrl\":\"https:\\\/\\\/secure.gravatar.com\\\/avatar\\\/3305b76d1667dc119a18808ed03d6a1fc2dfa8b6a1cddecb8c4d27ef14ec32ca?s=96&d=mm&r=g\",\"caption\":\"Mevi\"},\"url\":\"https:\\\/\\\/mediaviestinta.fi\\\/mevi2020\\\/author\\\/mediavie\\\/\"}]}<\/script>\n<!-- \/ Yoast SEO plugin. -->","yoast_head_json":{"title":"P\u00e4\u00e4kirjoitus: Uuden ja (vanhan) \u00e4\u00e4rell\u00e4 &#8211; Mevi","robots":{"index":"index","follow":"follow","max-snippet":"max-snippet:-1","max-image-preview":"max-image-preview:large","max-video-preview":"max-video-preview:-1"},"canonical":"https:\/\/mediaviestinta.fi\/mevi2020\/2017\/12\/paakirjoitus-uuden-ja-vanhan-aarella\/","og_locale":"fi_FI","og_type":"article","og_title":"P\u00e4\u00e4kirjoitus: Uuden ja (vanhan) \u00e4\u00e4rell\u00e4 &#8211; Mevi","og_description":"\u201dTotuus, valhe, media ja viestint\u00e4\u201d \u2013teemainen Media &amp; viestinn\u00e4n numero on ollut tekeill\u00e4 viime kev\u00e4\u00e4st\u00e4 l\u00e4htien. Julkaisimme hakukuulutuksen maaliskuussa ja optimistisesti aioimme julkaista teemanumeron syyskuussa. Hakukuulutusta kirjoittaessamme siihen&hellip;","og_url":"https:\/\/mediaviestinta.fi\/mevi2020\/2017\/12\/paakirjoitus-uuden-ja-vanhan-aarella\/","og_site_name":"Mevi","article_publisher":"https:\/\/www.facebook.com\/MediaViestinta\/","article_published_time":"2017-12-07T08:08:30+00:00","article_modified_time":"2020-05-08T07:40:35+00:00","author":"Mevi","twitter_card":"summary_large_image","twitter_creator":"@mediaviestinta","twitter_site":"@mediaviestinta","twitter_misc":{"Kirjoittanut":"Mevi","Arvioitu lukuaika":"3 minuuttia"},"schema":{"@context":"https:\/\/schema.org","@graph":[{"@type":"Article","@id":"https:\/\/mediaviestinta.fi\/mevi2020\/2017\/12\/paakirjoitus-uuden-ja-vanhan-aarella\/#article","isPartOf":{"@id":"https:\/\/mediaviestinta.fi\/mevi2020\/2017\/12\/paakirjoitus-uuden-ja-vanhan-aarella\/"},"author":{"name":"Mevi","@id":"https:\/\/mediaviestinta.fi\/#\/schema\/person\/b2da34ab24cfcd17dbdd6c7cfb173257"},"headline":"P\u00e4\u00e4kirjoitus: Uuden ja (vanhan) \u00e4\u00e4rell\u00e4","datePublished":"2017-12-07T08:08:30+00:00","dateModified":"2020-05-08T07:40:35+00:00","mainEntityOfPage":{"@id":"https:\/\/mediaviestinta.fi\/mevi2020\/2017\/12\/paakirjoitus-uuden-ja-vanhan-aarella\/"},"wordCount":660,"publisher":{"@id":"https:\/\/mediaviestinta.fi\/#organization"},"image":{"@id":"https:\/\/mediaviestinta.fi\/mevi2020\/2017\/12\/paakirjoitus-uuden-ja-vanhan-aarella\/#primaryimage"},"thumbnailUrl":"","articleSection":["Ajankohtaista"],"inLanguage":"fi"},{"@type":"WebPage","@id":"https:\/\/mediaviestinta.fi\/mevi2020\/2017\/12\/paakirjoitus-uuden-ja-vanhan-aarella\/","url":"https:\/\/mediaviestinta.fi\/mevi2020\/2017\/12\/paakirjoitus-uuden-ja-vanhan-aarella\/","name":"P\u00e4\u00e4kirjoitus: Uuden ja (vanhan) \u00e4\u00e4rell\u00e4 &#8211; Mevi","isPartOf":{"@id":"https:\/\/mediaviestinta.fi\/#website"},"primaryImageOfPage":{"@id":"https:\/\/mediaviestinta.fi\/mevi2020\/2017\/12\/paakirjoitus-uuden-ja-vanhan-aarella\/#primaryimage"},"image":{"@id":"https:\/\/mediaviestinta.fi\/mevi2020\/2017\/12\/paakirjoitus-uuden-ja-vanhan-aarella\/#primaryimage"},"thumbnailUrl":"","datePublished":"2017-12-07T08:08:30+00:00","dateModified":"2020-05-08T07:40:35+00:00","breadcrumb":{"@id":"https:\/\/mediaviestinta.fi\/mevi2020\/2017\/12\/paakirjoitus-uuden-ja-vanhan-aarella\/#breadcrumb"},"inLanguage":"fi","potentialAction":[{"@type":"ReadAction","target":["https:\/\/mediaviestinta.fi\/mevi2020\/2017\/12\/paakirjoitus-uuden-ja-vanhan-aarella\/"]}]},{"@type":"ImageObject","inLanguage":"fi","@id":"https:\/\/mediaviestinta.fi\/mevi2020\/2017\/12\/paakirjoitus-uuden-ja-vanhan-aarella\/#primaryimage","url":"","contentUrl":""},{"@type":"BreadcrumbList","@id":"https:\/\/mediaviestinta.fi\/mevi2020\/2017\/12\/paakirjoitus-uuden-ja-vanhan-aarella\/#breadcrumb","itemListElement":[{"@type":"ListItem","position":1,"name":"Home","item":"https:\/\/mediaviestinta.fi\/"},{"@type":"ListItem","position":2,"name":"P\u00e4\u00e4kirjoitus: Uuden ja (vanhan) \u00e4\u00e4rell\u00e4"}]},{"@type":"WebSite","@id":"https:\/\/mediaviestinta.fi\/#website","url":"https:\/\/mediaviestinta.fi\/","name":"Mevi","description":"Media- ja viestint\u00e4tieteellinen seura Mevi","publisher":{"@id":"https:\/\/mediaviestinta.fi\/#organization"},"potentialAction":[{"@type":"SearchAction","target":{"@type":"EntryPoint","urlTemplate":"https:\/\/mediaviestinta.fi\/?s={search_term_string}"},"query-input":{"@type":"PropertyValueSpecification","valueRequired":true,"valueName":"search_term_string"}}],"inLanguage":"fi"},{"@type":"Organization","@id":"https:\/\/mediaviestinta.fi\/#organization","name":"Media- ja viestint\u00e4tieteellinen seura Mevi","url":"https:\/\/mediaviestinta.fi\/","logo":{"@type":"ImageObject","inLanguage":"fi","@id":"https:\/\/mediaviestinta.fi\/#\/schema\/logo\/image\/","url":"https:\/\/mediaviestinta.fi\/mevi2020\/wp-content\/uploads\/2020\/03\/mevi-logo-RGB-Transparent.png","contentUrl":"https:\/\/mediaviestinta.fi\/mevi2020\/wp-content\/uploads\/2020\/03\/mevi-logo-RGB-Transparent.png","width":910,"height":464,"caption":"Media- ja viestint\u00e4tieteellinen seura Mevi"},"image":{"@id":"https:\/\/mediaviestinta.fi\/#\/schema\/logo\/image\/"},"sameAs":["https:\/\/www.facebook.com\/MediaViestinta\/","https:\/\/x.com\/mediaviestinta"]},{"@type":"Person","@id":"https:\/\/mediaviestinta.fi\/#\/schema\/person\/b2da34ab24cfcd17dbdd6c7cfb173257","name":"Mevi","image":{"@type":"ImageObject","inLanguage":"fi","@id":"https:\/\/secure.gravatar.com\/avatar\/3305b76d1667dc119a18808ed03d6a1fc2dfa8b6a1cddecb8c4d27ef14ec32ca?s=96&d=mm&r=g","url":"https:\/\/secure.gravatar.com\/avatar\/3305b76d1667dc119a18808ed03d6a1fc2dfa8b6a1cddecb8c4d27ef14ec32ca?s=96&d=mm&r=g","contentUrl":"https:\/\/secure.gravatar.com\/avatar\/3305b76d1667dc119a18808ed03d6a1fc2dfa8b6a1cddecb8c4d27ef14ec32ca?s=96&d=mm&r=g","caption":"Mevi"},"url":"https:\/\/mediaviestinta.fi\/mevi2020\/author\/mediavie\/"}]}},"_links":{"self":[{"href":"https:\/\/mediaviestinta.fi\/mevi2020\/wp-json\/wp\/v2\/posts\/3502","targetHints":{"allow":["GET"]}}],"collection":[{"href":"https:\/\/mediaviestinta.fi\/mevi2020\/wp-json\/wp\/v2\/posts"}],"about":[{"href":"https:\/\/mediaviestinta.fi\/mevi2020\/wp-json\/wp\/v2\/types\/post"}],"author":[{"embeddable":true,"href":"https:\/\/mediaviestinta.fi\/mevi2020\/wp-json\/wp\/v2\/users\/3"}],"replies":[{"embeddable":true,"href":"https:\/\/mediaviestinta.fi\/mevi2020\/wp-json\/wp\/v2\/comments?post=3502"}],"version-history":[{"count":1,"href":"https:\/\/mediaviestinta.fi\/mevi2020\/wp-json\/wp\/v2\/posts\/3502\/revisions"}],"predecessor-version":[{"id":4248,"href":"https:\/\/mediaviestinta.fi\/mevi2020\/wp-json\/wp\/v2\/posts\/3502\/revisions\/4248"}],"wp:featuredmedia":[{"embeddable":true,"href":"https:\/\/mediaviestinta.fi\/mevi2020\/wp-json\/"}],"wp:attachment":[{"href":"https:\/\/mediaviestinta.fi\/mevi2020\/wp-json\/wp\/v2\/media?parent=3502"}],"wp:term":[{"taxonomy":"category","embeddable":true,"href":"https:\/\/mediaviestinta.fi\/mevi2020\/wp-json\/wp\/v2\/categories?post=3502"},{"taxonomy":"post_tag","embeddable":true,"href":"https:\/\/mediaviestinta.fi\/mevi2020\/wp-json\/wp\/v2\/tags?post=3502"}],"curies":[{"name":"wp","href":"https:\/\/api.w.org\/{rel}","templated":true}]}}