{"id":3540,"date":"2018-01-26T14:06:01","date_gmt":"2018-01-26T11:06:01","guid":{"rendered":"http:\/\/mediaviestinta.fi\/blogi\/?p=3540"},"modified":"2020-05-08T10:40:35","modified_gmt":"2020-05-08T07:40:35","slug":"cfp-media-toivo-ja-tulevaisuus","status":"publish","type":"post","link":"https:\/\/mediaviestinta.fi\/mevi2020\/2018\/01\/cfp-media-toivo-ja-tulevaisuus\/","title":{"rendered":"Deadlinea jatkettu (15.3.) CfP: Media, toivo ja tulevaisuus"},"content":{"rendered":"<h3><strong>Call for papers<\/strong><\/h3>\n<h4>Media &amp; viestint\u00e4 -lehden erikoisnumero 4\/2018<br \/>\n\u201dMedia, toivo ja tulevaisuus&#8221;<\/h4>\n<p>Yhteiskunnallisten, teknologisten ja taloudellisten mullistusten keskell\u00e4 media ja erilaiset viestint\u00e4teot ovat ratkaisevassa roolissa. Millaisia kertomuksia menneest\u00e4 tuotamme ja kierr\u00e4t\u00e4mme? Millaisten viestien kautta hahmotamme sit\u00e4, mik\u00e4 tapahtuu nyt? Ja ennen kaikkea, millaisia tulevaisuuksia pystymme yhdess\u00e4 kuvittelemaan?<\/p>\n<p>Uhkien ja ristiriitojen viestit levi\u00e4v\u00e4t tehokkaasti, ja erilaisia medioita kritisoidaankin helposti ep\u00e4toivon ruokkimisesta. Kuitenkin samat viestinn\u00e4n mekanismit mahdollistavat my\u00f6s eteenp\u00e4in katsovia ja liikkeellepanevia voimia.<\/p>\n<p>Media rytmitt\u00e4\u00e4 jokap\u00e4iv\u00e4ist\u00e4 el\u00e4m\u00e4\u00e4mme kertomalla lukuisista menneist\u00e4 ja nykyisist\u00e4 tapahtumista, jotka sis\u00e4lt\u00e4v\u00e4t suoran tai ep\u00e4suoran viittauksen tulevaan. Median voi sanoa k\u00e4ytt\u00e4v\u00e4n menneisyytt\u00e4 ja nykyisyytt\u00e4 tulevaisuuden \u2019kuvittelemiseen\u2019. Se, mit\u00e4 teemoja menneisyydest\u00e4 tai nykyisyydest\u00e4 viestit\u00e4\u00e4n, ja miten se tehd\u00e4\u00e4n, ei kuitenkaan ole yksiselitteist\u00e4 vaan samoja tapahtumia voi k\u00e4ytt\u00e4\u00e4 sek\u00e4 positiivisten, negatiivisten ett\u00e4 my\u00f6s ristiriitaisten tulevaisuusn\u00e4kymien tuottamisen.<\/p>\n<p>Media &amp; viestint\u00e4 -lehti julistaa haettavaksi tieteellisi\u00e4 tekstej\u00e4 erikoisnumeroon \u201dMedia, toivo ja tulevaisuus\u201d MEVI2018-p\u00e4ivien teemaan liittyen. Haemme kotimaisilla kielill\u00e4 kirjoitettuja tutkimusartikkeleita, analyyseja, katsauksia, kommenttitekstej\u00e4 ja kirja-arvosteluita, jotka k\u00e4sittelev\u00e4t toivon kulttuuria ja toiveikasta tulevaisuutta mediassa ja viestinn\u00e4ss\u00e4. Joulukuussa 2018 julkaistavaan erikoisnumeroon haetaan median- ja viestinn\u00e4ntutkimuksen eri aloilta niin empiirisi\u00e4 kuin teoreettisia tekstej\u00e4, jotka voivat k\u00e4sitell\u00e4 esimerkiksi seuraavia teemoja:<\/p>\n<ul>\n<li>Media, toivo ja tulevaisuus politiikassa ja poliittisessa viestinn\u00e4ss\u00e4<\/li>\n<li>Toiveikas vai toivoton journalismi?<\/li>\n<li>Media ja tulevaisuuden visiot<\/li>\n<li>Median ja viestinn\u00e4n rooli menneisyyden, nykyisyyden ja tulevaisuuden<br \/>\nv\u00e4lisiss\u00e4 kytk\u00f6ksiss\u00e4<\/li>\n<li>Positiivinen muutos ja toivo tulevaisuuden moni\u00e4\u00e4nisest\u00e4 viestinn\u00e4st\u00e4<\/li>\n<li>Tulevaisuus, toivo ja voimaannuttava mediakulttuuri?<\/li>\n<li>\u00a0Kuulumisen ja merkityksen tunne tulevaisuuden mediayhteiskunnassa<\/li>\n<li>Tulevaisuuden media- ja viestint\u00e4rakenteet<\/li>\n<li>Teknologia toivon tuojana?<\/li>\n<li>Normatiivinen media- ja viestinn\u00e4ntutkimus toivon, positiivisuuden ja voimaantumisen perustana<\/li>\n<\/ul>\n<h4>Ohjeet<\/h4>\n<p><strong>Artikkelit<\/strong>: L\u00e4het\u00e4 abstrakti (300-500 sanaa) 15.3.2018 menness\u00e4 osoitteeseen (toimitussihteeri@mediaviestinta.fi). Abstraktissa tulee olla seuraavat osat: ty\u00f6otsikko, tekstin keskeisimm\u00e4t sis\u00e4ll\u00f6t ja n\u00e4k\u00f6kulmat, teoreettinen yhteys media- ja viestinn\u00e4ntutkimukseen, aineisto ja metodit, keskeisimm\u00e4t l\u00e4hteet, kirjoittajan yhteystiedot.<\/p>\n<p>Toimituskunta valitsee abstraktien perusteella kirjoittajat, joilta pyydet\u00e4\u00e4n artikkelik\u00e4sikirjoitus (noin 7000 sanaa). Kirjoittaja l\u00e4hett\u00e4\u00e4 valmiin k\u00e4sikirjoituksen Media &amp; viestinn\u00e4n verkkosivujen kautta: https:\/\/journal.fi\/mediaviestinta\/about\/submissions. Tutkimusartikkelit l\u00e4pik\u00e4yv\u00e4t vertaisarvioinnin.<\/p>\n<p><strong>Muut juttutyypit<\/strong>: Kirjoittajat voivat l\u00e4hett\u00e4\u00e4 ehdolle erikoisnumeroon analyyseja, katsauksia, keskusteluja ja kirja-arvioita. Aihetta voi ehdottaa vapaamuotoisesti s\u00e4hk\u00f6postilla (toimitussihteeri@mediaviestinta.fi). Valmiit tekstit l\u00e4hetet\u00e4\u00e4n verkkosivujen kautta 31.5.2018 menness\u00e4: https:\/\/journal.fi\/mediaviestinta\/about\/submissions<\/p>\n<p><strong>Kirjoittajaohjeet:<\/strong> Kaikissa juttutyypeiss\u00e4 tulee noudattaa Media &amp; viestinn\u00e4n kirjoittajaohjeita (https:\/\/journal.fi\/mediaviestinta\/about\/submissions).<\/p>\n","protected":false},"excerpt":{"rendered":"<p>Call for papers Media &amp; viestint\u00e4 -lehden erikoisnumero 4\/2018 \u201dMedia, toivo ja tulevaisuus&#8221; Yhteiskunnallisten, teknologisten ja taloudellisten mullistusten keskell\u00e4 media ja erilaiset viestint\u00e4teot ovat ratkaisevassa roolissa. Millaisia kertomuksia&hellip;<\/p>\n","protected":false},"author":3,"featured_media":0,"comment_status":"closed","ping_status":"closed","sticky":false,"template":"","format":"standard","meta":{"_monsterinsights_skip_tracking":false,"_monsterinsights_sitenote_active":false,"_monsterinsights_sitenote_note":"","_monsterinsights_sitenote_category":0,"footnotes":""},"categories":[76,1],"tags":[],"class_list":["post-3540","post","type-post","status-publish","format-standard","has-post-thumbnail","hentry","category-ajankohtaista","category-yleinen"],"yoast_head":"<!-- This site is optimized with the Yoast SEO plugin v27.5 - https:\/\/yoast.com\/product\/yoast-seo-wordpress\/ -->\n<title>Deadlinea jatkettu (15.3.) CfP: Media, toivo ja tulevaisuus &#8211; Mevi<\/title>\n<meta name=\"robots\" content=\"index, follow, max-snippet:-1, max-image-preview:large, max-video-preview:-1\" \/>\n<link rel=\"canonical\" href=\"https:\/\/mediaviestinta.fi\/mevi2020\/2018\/01\/cfp-media-toivo-ja-tulevaisuus\/\" \/>\n<meta property=\"og:locale\" content=\"fi_FI\" \/>\n<meta property=\"og:type\" content=\"article\" \/>\n<meta property=\"og:title\" content=\"Deadlinea jatkettu (15.3.) CfP: Media, toivo ja tulevaisuus &#8211; Mevi\" \/>\n<meta property=\"og:description\" content=\"Call for papers Media &amp; viestint\u00e4 -lehden erikoisnumero 4\/2018 \u201dMedia, toivo ja tulevaisuus&#8221; Yhteiskunnallisten, teknologisten ja taloudellisten mullistusten keskell\u00e4 media ja erilaiset viestint\u00e4teot ovat ratkaisevassa roolissa. Millaisia kertomuksia&hellip;\" \/>\n<meta property=\"og:url\" content=\"https:\/\/mediaviestinta.fi\/mevi2020\/2018\/01\/cfp-media-toivo-ja-tulevaisuus\/\" \/>\n<meta property=\"og:site_name\" content=\"Mevi\" \/>\n<meta property=\"article:publisher\" content=\"https:\/\/www.facebook.com\/MediaViestinta\/\" \/>\n<meta property=\"article:published_time\" content=\"2018-01-26T11:06:01+00:00\" \/>\n<meta property=\"article:modified_time\" content=\"2020-05-08T07:40:35+00:00\" \/>\n<meta name=\"author\" content=\"Mevi\" \/>\n<meta name=\"twitter:card\" content=\"summary_large_image\" \/>\n<meta name=\"twitter:creator\" content=\"@mediaviestinta\" \/>\n<meta name=\"twitter:site\" content=\"@mediaviestinta\" \/>\n<meta name=\"twitter:label1\" content=\"Kirjoittanut\" \/>\n\t<meta name=\"twitter:data1\" content=\"Mevi\" \/>\n\t<meta name=\"twitter:label2\" content=\"Arvioitu lukuaika\" \/>\n\t<meta name=\"twitter:data2\" content=\"2 minuuttia\" \/>\n<script type=\"application\/ld+json\" class=\"yoast-schema-graph\">{\"@context\":\"https:\\\/\\\/schema.org\",\"@graph\":[{\"@type\":\"Article\",\"@id\":\"https:\\\/\\\/mediaviestinta.fi\\\/mevi2020\\\/2018\\\/01\\\/cfp-media-toivo-ja-tulevaisuus\\\/#article\",\"isPartOf\":{\"@id\":\"https:\\\/\\\/mediaviestinta.fi\\\/mevi2020\\\/2018\\\/01\\\/cfp-media-toivo-ja-tulevaisuus\\\/\"},\"author\":{\"name\":\"Mevi\",\"@id\":\"https:\\\/\\\/mediaviestinta.fi\\\/#\\\/schema\\\/person\\\/b2da34ab24cfcd17dbdd6c7cfb173257\"},\"headline\":\"Deadlinea jatkettu (15.3.) CfP: Media, toivo ja tulevaisuus\",\"datePublished\":\"2018-01-26T11:06:01+00:00\",\"dateModified\":\"2020-05-08T07:40:35+00:00\",\"mainEntityOfPage\":{\"@id\":\"https:\\\/\\\/mediaviestinta.fi\\\/mevi2020\\\/2018\\\/01\\\/cfp-media-toivo-ja-tulevaisuus\\\/\"},\"wordCount\":421,\"publisher\":{\"@id\":\"https:\\\/\\\/mediaviestinta.fi\\\/#organization\"},\"articleSection\":[\"Ajankohtaista\"],\"inLanguage\":\"fi\"},{\"@type\":\"WebPage\",\"@id\":\"https:\\\/\\\/mediaviestinta.fi\\\/mevi2020\\\/2018\\\/01\\\/cfp-media-toivo-ja-tulevaisuus\\\/\",\"url\":\"https:\\\/\\\/mediaviestinta.fi\\\/mevi2020\\\/2018\\\/01\\\/cfp-media-toivo-ja-tulevaisuus\\\/\",\"name\":\"Deadlinea jatkettu (15.3.) CfP: Media, toivo ja tulevaisuus &#8211; Mevi\",\"isPartOf\":{\"@id\":\"https:\\\/\\\/mediaviestinta.fi\\\/#website\"},\"datePublished\":\"2018-01-26T11:06:01+00:00\",\"dateModified\":\"2020-05-08T07:40:35+00:00\",\"breadcrumb\":{\"@id\":\"https:\\\/\\\/mediaviestinta.fi\\\/mevi2020\\\/2018\\\/01\\\/cfp-media-toivo-ja-tulevaisuus\\\/#breadcrumb\"},\"inLanguage\":\"fi\",\"potentialAction\":[{\"@type\":\"ReadAction\",\"target\":[\"https:\\\/\\\/mediaviestinta.fi\\\/mevi2020\\\/2018\\\/01\\\/cfp-media-toivo-ja-tulevaisuus\\\/\"]}]},{\"@type\":\"BreadcrumbList\",\"@id\":\"https:\\\/\\\/mediaviestinta.fi\\\/mevi2020\\\/2018\\\/01\\\/cfp-media-toivo-ja-tulevaisuus\\\/#breadcrumb\",\"itemListElement\":[{\"@type\":\"ListItem\",\"position\":1,\"name\":\"Home\",\"item\":\"https:\\\/\\\/mediaviestinta.fi\\\/\"},{\"@type\":\"ListItem\",\"position\":2,\"name\":\"Deadlinea jatkettu (15.3.) CfP: Media, toivo ja tulevaisuus\"}]},{\"@type\":\"WebSite\",\"@id\":\"https:\\\/\\\/mediaviestinta.fi\\\/#website\",\"url\":\"https:\\\/\\\/mediaviestinta.fi\\\/\",\"name\":\"Mevi\",\"description\":\"Media- ja viestint\u00e4tieteellinen seura Mevi\",\"publisher\":{\"@id\":\"https:\\\/\\\/mediaviestinta.fi\\\/#organization\"},\"potentialAction\":[{\"@type\":\"SearchAction\",\"target\":{\"@type\":\"EntryPoint\",\"urlTemplate\":\"https:\\\/\\\/mediaviestinta.fi\\\/?s={search_term_string}\"},\"query-input\":{\"@type\":\"PropertyValueSpecification\",\"valueRequired\":true,\"valueName\":\"search_term_string\"}}],\"inLanguage\":\"fi\"},{\"@type\":\"Organization\",\"@id\":\"https:\\\/\\\/mediaviestinta.fi\\\/#organization\",\"name\":\"Media- ja viestint\u00e4tieteellinen seura Mevi\",\"url\":\"https:\\\/\\\/mediaviestinta.fi\\\/\",\"logo\":{\"@type\":\"ImageObject\",\"inLanguage\":\"fi\",\"@id\":\"https:\\\/\\\/mediaviestinta.fi\\\/#\\\/schema\\\/logo\\\/image\\\/\",\"url\":\"https:\\\/\\\/mediaviestinta.fi\\\/mevi2020\\\/wp-content\\\/uploads\\\/2020\\\/03\\\/mevi-logo-RGB-Transparent.png\",\"contentUrl\":\"https:\\\/\\\/mediaviestinta.fi\\\/mevi2020\\\/wp-content\\\/uploads\\\/2020\\\/03\\\/mevi-logo-RGB-Transparent.png\",\"width\":910,\"height\":464,\"caption\":\"Media- ja viestint\u00e4tieteellinen seura Mevi\"},\"image\":{\"@id\":\"https:\\\/\\\/mediaviestinta.fi\\\/#\\\/schema\\\/logo\\\/image\\\/\"},\"sameAs\":[\"https:\\\/\\\/www.facebook.com\\\/MediaViestinta\\\/\",\"https:\\\/\\\/x.com\\\/mediaviestinta\"]},{\"@type\":\"Person\",\"@id\":\"https:\\\/\\\/mediaviestinta.fi\\\/#\\\/schema\\\/person\\\/b2da34ab24cfcd17dbdd6c7cfb173257\",\"name\":\"Mevi\",\"image\":{\"@type\":\"ImageObject\",\"inLanguage\":\"fi\",\"@id\":\"https:\\\/\\\/secure.gravatar.com\\\/avatar\\\/3305b76d1667dc119a18808ed03d6a1fc2dfa8b6a1cddecb8c4d27ef14ec32ca?s=96&d=mm&r=g\",\"url\":\"https:\\\/\\\/secure.gravatar.com\\\/avatar\\\/3305b76d1667dc119a18808ed03d6a1fc2dfa8b6a1cddecb8c4d27ef14ec32ca?s=96&d=mm&r=g\",\"contentUrl\":\"https:\\\/\\\/secure.gravatar.com\\\/avatar\\\/3305b76d1667dc119a18808ed03d6a1fc2dfa8b6a1cddecb8c4d27ef14ec32ca?s=96&d=mm&r=g\",\"caption\":\"Mevi\"},\"url\":\"https:\\\/\\\/mediaviestinta.fi\\\/mevi2020\\\/author\\\/mediavie\\\/\"}]}<\/script>\n<!-- \/ Yoast SEO plugin. -->","yoast_head_json":{"title":"Deadlinea jatkettu (15.3.) CfP: Media, toivo ja tulevaisuus &#8211; Mevi","robots":{"index":"index","follow":"follow","max-snippet":"max-snippet:-1","max-image-preview":"max-image-preview:large","max-video-preview":"max-video-preview:-1"},"canonical":"https:\/\/mediaviestinta.fi\/mevi2020\/2018\/01\/cfp-media-toivo-ja-tulevaisuus\/","og_locale":"fi_FI","og_type":"article","og_title":"Deadlinea jatkettu (15.3.) CfP: Media, toivo ja tulevaisuus &#8211; Mevi","og_description":"Call for papers Media &amp; viestint\u00e4 -lehden erikoisnumero 4\/2018 \u201dMedia, toivo ja tulevaisuus&#8221; Yhteiskunnallisten, teknologisten ja taloudellisten mullistusten keskell\u00e4 media ja erilaiset viestint\u00e4teot ovat ratkaisevassa roolissa. Millaisia kertomuksia&hellip;","og_url":"https:\/\/mediaviestinta.fi\/mevi2020\/2018\/01\/cfp-media-toivo-ja-tulevaisuus\/","og_site_name":"Mevi","article_publisher":"https:\/\/www.facebook.com\/MediaViestinta\/","article_published_time":"2018-01-26T11:06:01+00:00","article_modified_time":"2020-05-08T07:40:35+00:00","author":"Mevi","twitter_card":"summary_large_image","twitter_creator":"@mediaviestinta","twitter_site":"@mediaviestinta","twitter_misc":{"Kirjoittanut":"Mevi","Arvioitu lukuaika":"2 minuuttia"},"schema":{"@context":"https:\/\/schema.org","@graph":[{"@type":"Article","@id":"https:\/\/mediaviestinta.fi\/mevi2020\/2018\/01\/cfp-media-toivo-ja-tulevaisuus\/#article","isPartOf":{"@id":"https:\/\/mediaviestinta.fi\/mevi2020\/2018\/01\/cfp-media-toivo-ja-tulevaisuus\/"},"author":{"name":"Mevi","@id":"https:\/\/mediaviestinta.fi\/#\/schema\/person\/b2da34ab24cfcd17dbdd6c7cfb173257"},"headline":"Deadlinea jatkettu (15.3.) CfP: Media, toivo ja tulevaisuus","datePublished":"2018-01-26T11:06:01+00:00","dateModified":"2020-05-08T07:40:35+00:00","mainEntityOfPage":{"@id":"https:\/\/mediaviestinta.fi\/mevi2020\/2018\/01\/cfp-media-toivo-ja-tulevaisuus\/"},"wordCount":421,"publisher":{"@id":"https:\/\/mediaviestinta.fi\/#organization"},"articleSection":["Ajankohtaista"],"inLanguage":"fi"},{"@type":"WebPage","@id":"https:\/\/mediaviestinta.fi\/mevi2020\/2018\/01\/cfp-media-toivo-ja-tulevaisuus\/","url":"https:\/\/mediaviestinta.fi\/mevi2020\/2018\/01\/cfp-media-toivo-ja-tulevaisuus\/","name":"Deadlinea jatkettu (15.3.) CfP: Media, toivo ja tulevaisuus &#8211; Mevi","isPartOf":{"@id":"https:\/\/mediaviestinta.fi\/#website"},"datePublished":"2018-01-26T11:06:01+00:00","dateModified":"2020-05-08T07:40:35+00:00","breadcrumb":{"@id":"https:\/\/mediaviestinta.fi\/mevi2020\/2018\/01\/cfp-media-toivo-ja-tulevaisuus\/#breadcrumb"},"inLanguage":"fi","potentialAction":[{"@type":"ReadAction","target":["https:\/\/mediaviestinta.fi\/mevi2020\/2018\/01\/cfp-media-toivo-ja-tulevaisuus\/"]}]},{"@type":"BreadcrumbList","@id":"https:\/\/mediaviestinta.fi\/mevi2020\/2018\/01\/cfp-media-toivo-ja-tulevaisuus\/#breadcrumb","itemListElement":[{"@type":"ListItem","position":1,"name":"Home","item":"https:\/\/mediaviestinta.fi\/"},{"@type":"ListItem","position":2,"name":"Deadlinea jatkettu (15.3.) CfP: Media, toivo ja tulevaisuus"}]},{"@type":"WebSite","@id":"https:\/\/mediaviestinta.fi\/#website","url":"https:\/\/mediaviestinta.fi\/","name":"Mevi","description":"Media- ja viestint\u00e4tieteellinen seura Mevi","publisher":{"@id":"https:\/\/mediaviestinta.fi\/#organization"},"potentialAction":[{"@type":"SearchAction","target":{"@type":"EntryPoint","urlTemplate":"https:\/\/mediaviestinta.fi\/?s={search_term_string}"},"query-input":{"@type":"PropertyValueSpecification","valueRequired":true,"valueName":"search_term_string"}}],"inLanguage":"fi"},{"@type":"Organization","@id":"https:\/\/mediaviestinta.fi\/#organization","name":"Media- ja viestint\u00e4tieteellinen seura Mevi","url":"https:\/\/mediaviestinta.fi\/","logo":{"@type":"ImageObject","inLanguage":"fi","@id":"https:\/\/mediaviestinta.fi\/#\/schema\/logo\/image\/","url":"https:\/\/mediaviestinta.fi\/mevi2020\/wp-content\/uploads\/2020\/03\/mevi-logo-RGB-Transparent.png","contentUrl":"https:\/\/mediaviestinta.fi\/mevi2020\/wp-content\/uploads\/2020\/03\/mevi-logo-RGB-Transparent.png","width":910,"height":464,"caption":"Media- ja viestint\u00e4tieteellinen seura Mevi"},"image":{"@id":"https:\/\/mediaviestinta.fi\/#\/schema\/logo\/image\/"},"sameAs":["https:\/\/www.facebook.com\/MediaViestinta\/","https:\/\/x.com\/mediaviestinta"]},{"@type":"Person","@id":"https:\/\/mediaviestinta.fi\/#\/schema\/person\/b2da34ab24cfcd17dbdd6c7cfb173257","name":"Mevi","image":{"@type":"ImageObject","inLanguage":"fi","@id":"https:\/\/secure.gravatar.com\/avatar\/3305b76d1667dc119a18808ed03d6a1fc2dfa8b6a1cddecb8c4d27ef14ec32ca?s=96&d=mm&r=g","url":"https:\/\/secure.gravatar.com\/avatar\/3305b76d1667dc119a18808ed03d6a1fc2dfa8b6a1cddecb8c4d27ef14ec32ca?s=96&d=mm&r=g","contentUrl":"https:\/\/secure.gravatar.com\/avatar\/3305b76d1667dc119a18808ed03d6a1fc2dfa8b6a1cddecb8c4d27ef14ec32ca?s=96&d=mm&r=g","caption":"Mevi"},"url":"https:\/\/mediaviestinta.fi\/mevi2020\/author\/mediavie\/"}]}},"_links":{"self":[{"href":"https:\/\/mediaviestinta.fi\/mevi2020\/wp-json\/wp\/v2\/posts\/3540","targetHints":{"allow":["GET"]}}],"collection":[{"href":"https:\/\/mediaviestinta.fi\/mevi2020\/wp-json\/wp\/v2\/posts"}],"about":[{"href":"https:\/\/mediaviestinta.fi\/mevi2020\/wp-json\/wp\/v2\/types\/post"}],"author":[{"embeddable":true,"href":"https:\/\/mediaviestinta.fi\/mevi2020\/wp-json\/wp\/v2\/users\/3"}],"replies":[{"embeddable":true,"href":"https:\/\/mediaviestinta.fi\/mevi2020\/wp-json\/wp\/v2\/comments?post=3540"}],"version-history":[{"count":1,"href":"https:\/\/mediaviestinta.fi\/mevi2020\/wp-json\/wp\/v2\/posts\/3540\/revisions"}],"predecessor-version":[{"id":4245,"href":"https:\/\/mediaviestinta.fi\/mevi2020\/wp-json\/wp\/v2\/posts\/3540\/revisions\/4245"}],"wp:attachment":[{"href":"https:\/\/mediaviestinta.fi\/mevi2020\/wp-json\/wp\/v2\/media?parent=3540"}],"wp:term":[{"taxonomy":"category","embeddable":true,"href":"https:\/\/mediaviestinta.fi\/mevi2020\/wp-json\/wp\/v2\/categories?post=3540"},{"taxonomy":"post_tag","embeddable":true,"href":"https:\/\/mediaviestinta.fi\/mevi2020\/wp-json\/wp\/v2\/tags?post=3540"}],"curies":[{"name":"wp","href":"https:\/\/api.w.org\/{rel}","templated":true}]}}