{"id":3646,"date":"2018-03-26T15:42:36","date_gmt":"2018-03-26T12:42:36","guid":{"rendered":"http:\/\/mediaviestinta.fi\/blogi\/?p=3646"},"modified":"2020-05-08T10:39:18","modified_gmt":"2020-05-08T07:39:18","slug":"paakirjoitus-arkistojen-aarteita-1970-luvulta-media-viestinta-tayttaa-40-vuotta","status":"publish","type":"post","link":"https:\/\/mediaviestinta.fi\/mevi2020\/2018\/03\/paakirjoitus-arkistojen-aarteita-1970-luvulta-media-viestinta-tayttaa-40-vuotta\/","title":{"rendered":"P\u00e4\u00e4kirjoitus: Arkistojen aarteita 1970-luvulta \u2013  Media &#038; viestint\u00e4 t\u00e4ytt\u00e4\u00e4 40 vuotta"},"content":{"rendered":"<p><span class=\"artikkeli \">Vuosi 1978 oli merkitt\u00e4v\u00e4 suomalaiselle median ja viestinn\u00e4n tutkimukselle, sill\u00e4 silloin aloitti ilmestymisens\u00e4 Media ja viestint\u00e4 -lehden edelt\u00e4j\u00e4, alan ensimm\u00e4inen tutkimuksellinen julkaisu <em>Tiedotustutkimus<\/em>. Lehden syntyyn johtanutta pohdiskelua kuvataan Tiedotustutkimuksen ensimm\u00e4isess\u00e4 numerossa seuraavasti:<\/span><\/p>\n<p><span class=\"artikkeli sitaatti\"><em>\u201dTiedotustutkimus-lehti on syntynyt vastauksena niihin odotuksiin ja toivomuksiin, joita Nordicomin ja Tiedotusopillisen yhdistyksen piiriss\u00e4 on jo usean vuoden ajan esitetty. Lehden tarkoitus on keskitetysti ja s\u00e4\u00e4nn\u00f6llisesti esitt\u00e4\u00e4 tietoa tiedotustutkimuksen tieteenalan tapahtumista, tutkimusprojekteista, julkaisuista, ja koota n\u00e4in lukijoikseen alan tutkijat, k\u00e4yt\u00e4nn\u00f6n tiedottajat, opiskelijat jne.\u201d<\/em>&nbsp; (Tiedotustutkimus 1978, 1)<\/span><\/p>\n<p><span class=\"artikkeli \">Nelj\u00e4kymment\u00e4 vuotta sitten puhuttiin todellakin tiedotustutkimuksesta, eik\u00e4 sanoja viestint\u00e4 tai media kelpuutettu uuden julkaisun nimeen. Viestint\u00e4tutkimus olisi ollut tappio Tampereen ja Helsingin yliopistojen v\u00e4lisess\u00e4 kilpailussa oppialan painotuksesta, ja mediatutkimus tuskin tuli edes kenenk\u00e4\u00e4n mieleen &#8211; ainakin sit\u00e4 olisi tuona aikana pidetty kovin vierasper\u00e4isen\u00e4. Koska lehte\u00e4 toimitettiin Tampereella, jossa oppialan nimen\u00e4 oli tiedotusoppi, oli nimenvalinta sik\u00e4likin ymm\u00e4rrett\u00e4v\u00e4.<\/span><\/p>\n<p><span class=\"artikkeli \">Ensimm\u00e4isen\u00e4 ilmestymisvuotenaan Tiedotustutkimusta ei voinut viel\u00e4 kutsua tieteelliseksi aikakauslehdeksi, sill\u00e4 monistetun ja sivuistaan yhteen nidotun lehden ensimm\u00e4iset numerot olivat varsin uutispainotteisia. Niiss\u00e4 esiteltiin alan tutkimuksen ja opetuksen toimijoita, listattiin valmistuneita opinn\u00e4ytteit\u00e4 ja kerrottiin tieteellisist\u00e4 tapaamisista. Vasta kolmannessa numerossa lehti avasi uuden pohtivan sis\u00e4lt\u00f6alueen ja ilmoitti alkavansa julkaista tiedotusopin tutkimuskohteesta tehtyjen v\u00e4it\u00f6skirjat\u00f6iden tarkastuslausuntoja. Ensimm\u00e4isin\u00e4 esittelyvuorossa olivat Hannu M\u00e4rk\u00e4l\u00e4n ja Seppo Sis\u00e4t\u00f6n v\u00e4it\u00f6skirjojen tarkastuslausunnot. Mielenkiintoista oli, ett\u00e4 v\u00e4it\u00f6skirjoja esiteltiin nimenomaan tarkastuslausuntojen, ei esimerkiksi referaattien tai \u2013 kuten nyky\u00e4\u00e4n \u2013 lektioiden kautta. Ensimm\u00e4isen\u00e4 ilmestymisvuotenaan Tiedotustutkimuksella ei my\u00f6sk\u00e4\u00e4n ollut nimetty\u00e4 p\u00e4\u00e4toimittajaa, vaan lehden toimituksesta vastasi kolmihenkinen ryhm\u00e4, Paula Jyrki\u00e4inen, Jukka Haapasalo (TOY:n pj.) ja Renny Jokelin.<\/span><\/p>\n<p><span class=\"artikkeli \">Ensimm\u00e4iseksi p\u00e4\u00e4toimittajaksi nimettiin vuonna 1979 Jukka Haapasalo. H\u00e4n m\u00e4\u00e4ritteli Tiedotustutkimuksen linjaa ensimm\u00e4isess\u00e4 kirjoittamassaan p\u00e4\u00e4kirjoituksessa toteamalla, ett\u00e4 keskustelua tiedotusopin keskeisist\u00e4 ongelmista on k\u00e4yty viestint\u00e4poliittisin \u00e4\u00e4nenpainoin asettamalla vastakkain nordenstrengil\u00e4inen ja wiiolainen koulukunta. Julkisuudessa on kuitenkin j\u00e4\u00e4nyt huomaamatta, ett\u00e4 koulukunnat ovat ontologiselta perustaltaan varsin samankaltaisia. H\u00e4nen mukaansa viestint\u00e4politiikasta keskustelulle on Suomessa jo olemassa lukuisia foorumeita, joten \u201dt\u00e4ss\u00e4 lehdess\u00e4 voidaan keskitty\u00e4 keskustelemaan tiedotusopista tieteen\u00e4.\u201d (Haapasalo, 1979, 1\u20132.)&nbsp;<\/span><\/p>\n<p><span class=\"artikkeli \">Ajalleen ominaisesti tiedotusoppitieteest\u00e4 keskustelu merkitsi keskustelua kriittisen marxilaisen tutkimuksen n\u00e4k\u00f6kulmasta. Ensimm\u00e4isten artikkeleiden otsikoissa toistuvat kriittisen teorian tieteelliset iskusanat: materialismi, massakulttuuri ja kulttuuriteollisuus. Tieteellisen keskustelun viljelyss\u00e4 mentiin jopa niin pitk\u00e4lle, ett\u00e4 vuonna 1980 oli syyt\u00e4 tehd\u00e4 uusi avaus. Lehti oli mielest\u00e4\u00e4n saavuttanut tavoitteensa, koska sit\u00e4 ei ollut tullut edellisen\u00e4 vuona pel\u00e4tty\u00e4 \u201dviestint\u00e4poliittisten p\u00e4iv\u00e4n\u00e4yt\u00f6sten foorumia\u201d, mutta samalla se oli kehittynyt liian teoreettispainotteiseksi. Siksi seuraavissa numeroissa p\u00e4\u00e4tettiin tehd\u00e4 korjausliike ja julkaista enemm\u00e4n empiirispainotteista tutkimusta ja journalististen ammattik\u00e4yt\u00e4nt\u00f6jen analyysi\u00e4 ja kritiikki\u00e4 (Haapasalo 1980, 1). Ensimm\u00e4inen yrityksen t\u00e4h\u00e4n suuntaan teki Veikko Pietil\u00e4 artikkelillaan Tiede ja journalistinen k\u00e4yt\u00e4nt\u00f6.<\/span><\/p>\n<p><span class=\"artikkeli \">Tiedotustutkimuksen ensimm\u00e4isten vuosikertojen selailu on kurkistus menneeseen maailmaan, mutta samalla sielt\u00e4 nousee esiin tuttuja teemoja. Ensimm\u00e4isen ilmestymisvuoden lopussa toimituskunta veti yhteen kokemuksiaan tieteellisen julkaisun toimittamisesta ja p\u00e4\u00e4tyi \u2013 ei niink\u00e4\u00e4n yll\u00e4tt\u00e4v\u00e4sti \u2013 seuraaviin kysymyksiin: Miten lis\u00e4t\u00e4 lehden toimitusresursseja \u2013 sek\u00e4 ihmisty\u00f6voimaa ett\u00e4 rahaa, miten aktivoida lukijoita ja yleens\u00e4 alasta kiinnostuneita kirjoittamaan, reagoimaan ja kantamaan vastuuta lehden sis\u00e4ll\u00f6n ja muodon kehitt\u00e4miseksi. (P\u00e4iv\u00e4 my\u00f6hemmin, vuosi eteenp\u00e4in, 1978, 1). Seuraavina vuosina kaivattuja \u201dmielenkiintoisia esitelmi\u00e4, kirja-arvosteluja ja tutkimushankkeiden raportointeja\u201d alkoi tulla jo niin runsaasti, ett\u00e4 osa valmista aineistoa jouduttiin j\u00e4tt\u00e4m\u00e4\u00e4n pois painokustannusten rajoittamiseksi ja julkaisemaan yksi lehdist\u00e4 kaksoisnumerona. Nykyist\u00e4 verkkojulkaisemista eiv\u00e4t julkaisukustannukset rajoita, mutta julkaistavasta sis\u00e4ll\u00f6st\u00e4 on v\u00e4lill\u00e4 puutetta.<\/span><\/p>\n<p><span class=\"artikkeli \">Palaamme t\u00e4m\u00e4n vuoden numeroissamme useamman kerran Tiedotustutkimuksen nelikymmenvuotiseen historiaan. Luvassa on muun muassa entisten p\u00e4\u00e4toimittajien haastatteluja, klassikkoartikkeleiden uusintajulkaisuja ja kurkistuksia lehtemme saavutuksiin.&nbsp; Lukijat p\u00e4\u00e4sev\u00e4t my\u00f6s tutkimaan lehden historiaa helposti verkossa, kun Tiedotustutkimuksen reilun ensimm\u00e4isen vuosikymmenen numerot 1978\u20131989 digitoidaan juhlavuoden kunniaksi.<\/span><\/p>\n<p><span class=\"artikkeli \"><strong>&nbsp;<\/strong><\/span><\/p>\n<p><span class=\"artikkeli \"><strong>Kirjallisuus<\/strong><\/span><\/p>\n<p><span class=\"artikkeli \"><strong>&nbsp;<\/strong>Haapasalo, Jukka (1979). Tiedotustutkimuksesta. <em>Tiedotustutkimus<\/em> 1(2), 1\u20132<\/span><\/p>\n<p><span class=\"artikkeli \">Haapasalo, Jukka (1980). Lukevalle. <em>Tiedotustutkimus<\/em>, 2(2), 1.<\/span><\/p>\n<p><span class=\"artikkeli \">Lukijalle (1978). <em>Tiedotustutkimus<\/em> 1(1), 1<\/span><\/p>\n<p><span class=\"artikkeli \">P\u00e4iv\u00e4 my\u00f6hemmin, vuosi eteenp\u00e4in (1978). <em>Tiedotustutkimus<\/em> 4(1), 1<\/span><\/p>\n","protected":false},"excerpt":{"rendered":"<p>Vuosi 1978 oli merkitt\u00e4v\u00e4 suomalaiselle median ja viestinn\u00e4n tutkimukselle, sill\u00e4 silloin aloitti ilmestymisens\u00e4 Media ja viestint\u00e4 -lehden edelt\u00e4j\u00e4, alan ensimm\u00e4inen tutkimuksellinen julkaisu Tiedotustutkimus. Lehden syntyyn johtanutta pohdiskelua kuvataan&hellip;<\/p>\n","protected":false},"author":3,"featured_media":0,"comment_status":"closed","ping_status":"closed","sticky":false,"template":"","format":"standard","meta":{"_monsterinsights_skip_tracking":false,"_monsterinsights_sitenote_active":false,"_monsterinsights_sitenote_note":"","_monsterinsights_sitenote_category":0,"footnotes":""},"categories":[76,1],"tags":[],"class_list":["post-3646","post","type-post","status-publish","format-standard","has-post-thumbnail","hentry","category-ajankohtaista","category-yleinen"],"yoast_head":"<!-- This site is optimized with the Yoast SEO plugin v27.5 - https:\/\/yoast.com\/product\/yoast-seo-wordpress\/ -->\n<title>P\u00e4\u00e4kirjoitus: Arkistojen aarteita 1970-luvulta \u2013 Media &amp; viestint\u00e4 t\u00e4ytt\u00e4\u00e4 40 vuotta &#8211; Mevi<\/title>\n<meta name=\"robots\" content=\"index, follow, max-snippet:-1, max-image-preview:large, max-video-preview:-1\" \/>\n<link rel=\"canonical\" href=\"https:\/\/mediaviestinta.fi\/mevi2020\/2018\/03\/paakirjoitus-arkistojen-aarteita-1970-luvulta-media-viestinta-tayttaa-40-vuotta\/\" \/>\n<meta property=\"og:locale\" content=\"fi_FI\" \/>\n<meta property=\"og:type\" content=\"article\" \/>\n<meta property=\"og:title\" content=\"P\u00e4\u00e4kirjoitus: Arkistojen aarteita 1970-luvulta \u2013 Media &amp; viestint\u00e4 t\u00e4ytt\u00e4\u00e4 40 vuotta &#8211; Mevi\" \/>\n<meta property=\"og:description\" content=\"Vuosi 1978 oli merkitt\u00e4v\u00e4 suomalaiselle median ja viestinn\u00e4n tutkimukselle, sill\u00e4 silloin aloitti ilmestymisens\u00e4 Media ja viestint\u00e4 -lehden edelt\u00e4j\u00e4, alan ensimm\u00e4inen tutkimuksellinen julkaisu Tiedotustutkimus. Lehden syntyyn johtanutta pohdiskelua kuvataan&hellip;\" \/>\n<meta property=\"og:url\" content=\"https:\/\/mediaviestinta.fi\/mevi2020\/2018\/03\/paakirjoitus-arkistojen-aarteita-1970-luvulta-media-viestinta-tayttaa-40-vuotta\/\" \/>\n<meta property=\"og:site_name\" content=\"Mevi\" \/>\n<meta property=\"article:publisher\" content=\"https:\/\/www.facebook.com\/MediaViestinta\/\" \/>\n<meta property=\"article:published_time\" content=\"2018-03-26T12:42:36+00:00\" \/>\n<meta property=\"article:modified_time\" content=\"2020-05-08T07:39:18+00:00\" \/>\n<meta name=\"author\" content=\"Mevi\" \/>\n<meta name=\"twitter:card\" content=\"summary_large_image\" \/>\n<meta name=\"twitter:creator\" content=\"@mediaviestinta\" \/>\n<meta name=\"twitter:site\" content=\"@mediaviestinta\" \/>\n<meta name=\"twitter:label1\" content=\"Kirjoittanut\" \/>\n\t<meta name=\"twitter:data1\" content=\"Mevi\" \/>\n\t<meta name=\"twitter:label2\" content=\"Arvioitu lukuaika\" \/>\n\t<meta name=\"twitter:data2\" content=\"3 minuuttia\" \/>\n<script type=\"application\/ld+json\" class=\"yoast-schema-graph\">{\"@context\":\"https:\\\/\\\/schema.org\",\"@graph\":[{\"@type\":\"Article\",\"@id\":\"https:\\\/\\\/mediaviestinta.fi\\\/mevi2020\\\/2018\\\/03\\\/paakirjoitus-arkistojen-aarteita-1970-luvulta-media-viestinta-tayttaa-40-vuotta\\\/#article\",\"isPartOf\":{\"@id\":\"https:\\\/\\\/mediaviestinta.fi\\\/mevi2020\\\/2018\\\/03\\\/paakirjoitus-arkistojen-aarteita-1970-luvulta-media-viestinta-tayttaa-40-vuotta\\\/\"},\"author\":{\"name\":\"Mevi\",\"@id\":\"https:\\\/\\\/mediaviestinta.fi\\\/#\\\/schema\\\/person\\\/b2da34ab24cfcd17dbdd6c7cfb173257\"},\"headline\":\"P\u00e4\u00e4kirjoitus: Arkistojen aarteita 1970-luvulta \u2013 Media &#038; viestint\u00e4 t\u00e4ytt\u00e4\u00e4 40 vuotta\",\"datePublished\":\"2018-03-26T12:42:36+00:00\",\"dateModified\":\"2020-05-08T07:39:18+00:00\",\"mainEntityOfPage\":{\"@id\":\"https:\\\/\\\/mediaviestinta.fi\\\/mevi2020\\\/2018\\\/03\\\/paakirjoitus-arkistojen-aarteita-1970-luvulta-media-viestinta-tayttaa-40-vuotta\\\/\"},\"wordCount\":660,\"publisher\":{\"@id\":\"https:\\\/\\\/mediaviestinta.fi\\\/#organization\"},\"articleSection\":[\"Ajankohtaista\"],\"inLanguage\":\"fi\"},{\"@type\":\"WebPage\",\"@id\":\"https:\\\/\\\/mediaviestinta.fi\\\/mevi2020\\\/2018\\\/03\\\/paakirjoitus-arkistojen-aarteita-1970-luvulta-media-viestinta-tayttaa-40-vuotta\\\/\",\"url\":\"https:\\\/\\\/mediaviestinta.fi\\\/mevi2020\\\/2018\\\/03\\\/paakirjoitus-arkistojen-aarteita-1970-luvulta-media-viestinta-tayttaa-40-vuotta\\\/\",\"name\":\"P\u00e4\u00e4kirjoitus: Arkistojen aarteita 1970-luvulta \u2013 Media & viestint\u00e4 t\u00e4ytt\u00e4\u00e4 40 vuotta &#8211; Mevi\",\"isPartOf\":{\"@id\":\"https:\\\/\\\/mediaviestinta.fi\\\/#website\"},\"datePublished\":\"2018-03-26T12:42:36+00:00\",\"dateModified\":\"2020-05-08T07:39:18+00:00\",\"breadcrumb\":{\"@id\":\"https:\\\/\\\/mediaviestinta.fi\\\/mevi2020\\\/2018\\\/03\\\/paakirjoitus-arkistojen-aarteita-1970-luvulta-media-viestinta-tayttaa-40-vuotta\\\/#breadcrumb\"},\"inLanguage\":\"fi\",\"potentialAction\":[{\"@type\":\"ReadAction\",\"target\":[\"https:\\\/\\\/mediaviestinta.fi\\\/mevi2020\\\/2018\\\/03\\\/paakirjoitus-arkistojen-aarteita-1970-luvulta-media-viestinta-tayttaa-40-vuotta\\\/\"]}]},{\"@type\":\"BreadcrumbList\",\"@id\":\"https:\\\/\\\/mediaviestinta.fi\\\/mevi2020\\\/2018\\\/03\\\/paakirjoitus-arkistojen-aarteita-1970-luvulta-media-viestinta-tayttaa-40-vuotta\\\/#breadcrumb\",\"itemListElement\":[{\"@type\":\"ListItem\",\"position\":1,\"name\":\"Home\",\"item\":\"https:\\\/\\\/mediaviestinta.fi\\\/\"},{\"@type\":\"ListItem\",\"position\":2,\"name\":\"P\u00e4\u00e4kirjoitus: Arkistojen aarteita 1970-luvulta \u2013 Media &#038; viestint\u00e4 t\u00e4ytt\u00e4\u00e4 40 vuotta\"}]},{\"@type\":\"WebSite\",\"@id\":\"https:\\\/\\\/mediaviestinta.fi\\\/#website\",\"url\":\"https:\\\/\\\/mediaviestinta.fi\\\/\",\"name\":\"Mevi\",\"description\":\"Media- ja viestint\u00e4tieteellinen seura Mevi\",\"publisher\":{\"@id\":\"https:\\\/\\\/mediaviestinta.fi\\\/#organization\"},\"potentialAction\":[{\"@type\":\"SearchAction\",\"target\":{\"@type\":\"EntryPoint\",\"urlTemplate\":\"https:\\\/\\\/mediaviestinta.fi\\\/?s={search_term_string}\"},\"query-input\":{\"@type\":\"PropertyValueSpecification\",\"valueRequired\":true,\"valueName\":\"search_term_string\"}}],\"inLanguage\":\"fi\"},{\"@type\":\"Organization\",\"@id\":\"https:\\\/\\\/mediaviestinta.fi\\\/#organization\",\"name\":\"Media- ja viestint\u00e4tieteellinen seura Mevi\",\"url\":\"https:\\\/\\\/mediaviestinta.fi\\\/\",\"logo\":{\"@type\":\"ImageObject\",\"inLanguage\":\"fi\",\"@id\":\"https:\\\/\\\/mediaviestinta.fi\\\/#\\\/schema\\\/logo\\\/image\\\/\",\"url\":\"https:\\\/\\\/mediaviestinta.fi\\\/mevi2020\\\/wp-content\\\/uploads\\\/2020\\\/03\\\/mevi-logo-RGB-Transparent.png\",\"contentUrl\":\"https:\\\/\\\/mediaviestinta.fi\\\/mevi2020\\\/wp-content\\\/uploads\\\/2020\\\/03\\\/mevi-logo-RGB-Transparent.png\",\"width\":910,\"height\":464,\"caption\":\"Media- ja viestint\u00e4tieteellinen seura Mevi\"},\"image\":{\"@id\":\"https:\\\/\\\/mediaviestinta.fi\\\/#\\\/schema\\\/logo\\\/image\\\/\"},\"sameAs\":[\"https:\\\/\\\/www.facebook.com\\\/MediaViestinta\\\/\",\"https:\\\/\\\/x.com\\\/mediaviestinta\"]},{\"@type\":\"Person\",\"@id\":\"https:\\\/\\\/mediaviestinta.fi\\\/#\\\/schema\\\/person\\\/b2da34ab24cfcd17dbdd6c7cfb173257\",\"name\":\"Mevi\",\"image\":{\"@type\":\"ImageObject\",\"inLanguage\":\"fi\",\"@id\":\"https:\\\/\\\/secure.gravatar.com\\\/avatar\\\/3305b76d1667dc119a18808ed03d6a1fc2dfa8b6a1cddecb8c4d27ef14ec32ca?s=96&d=mm&r=g\",\"url\":\"https:\\\/\\\/secure.gravatar.com\\\/avatar\\\/3305b76d1667dc119a18808ed03d6a1fc2dfa8b6a1cddecb8c4d27ef14ec32ca?s=96&d=mm&r=g\",\"contentUrl\":\"https:\\\/\\\/secure.gravatar.com\\\/avatar\\\/3305b76d1667dc119a18808ed03d6a1fc2dfa8b6a1cddecb8c4d27ef14ec32ca?s=96&d=mm&r=g\",\"caption\":\"Mevi\"},\"url\":\"https:\\\/\\\/mediaviestinta.fi\\\/mevi2020\\\/author\\\/mediavie\\\/\"}]}<\/script>\n<!-- \/ Yoast SEO plugin. -->","yoast_head_json":{"title":"P\u00e4\u00e4kirjoitus: Arkistojen aarteita 1970-luvulta \u2013 Media & viestint\u00e4 t\u00e4ytt\u00e4\u00e4 40 vuotta &#8211; Mevi","robots":{"index":"index","follow":"follow","max-snippet":"max-snippet:-1","max-image-preview":"max-image-preview:large","max-video-preview":"max-video-preview:-1"},"canonical":"https:\/\/mediaviestinta.fi\/mevi2020\/2018\/03\/paakirjoitus-arkistojen-aarteita-1970-luvulta-media-viestinta-tayttaa-40-vuotta\/","og_locale":"fi_FI","og_type":"article","og_title":"P\u00e4\u00e4kirjoitus: Arkistojen aarteita 1970-luvulta \u2013 Media & viestint\u00e4 t\u00e4ytt\u00e4\u00e4 40 vuotta &#8211; Mevi","og_description":"Vuosi 1978 oli merkitt\u00e4v\u00e4 suomalaiselle median ja viestinn\u00e4n tutkimukselle, sill\u00e4 silloin aloitti ilmestymisens\u00e4 Media ja viestint\u00e4 -lehden edelt\u00e4j\u00e4, alan ensimm\u00e4inen tutkimuksellinen julkaisu Tiedotustutkimus. Lehden syntyyn johtanutta pohdiskelua kuvataan&hellip;","og_url":"https:\/\/mediaviestinta.fi\/mevi2020\/2018\/03\/paakirjoitus-arkistojen-aarteita-1970-luvulta-media-viestinta-tayttaa-40-vuotta\/","og_site_name":"Mevi","article_publisher":"https:\/\/www.facebook.com\/MediaViestinta\/","article_published_time":"2018-03-26T12:42:36+00:00","article_modified_time":"2020-05-08T07:39:18+00:00","author":"Mevi","twitter_card":"summary_large_image","twitter_creator":"@mediaviestinta","twitter_site":"@mediaviestinta","twitter_misc":{"Kirjoittanut":"Mevi","Arvioitu lukuaika":"3 minuuttia"},"schema":{"@context":"https:\/\/schema.org","@graph":[{"@type":"Article","@id":"https:\/\/mediaviestinta.fi\/mevi2020\/2018\/03\/paakirjoitus-arkistojen-aarteita-1970-luvulta-media-viestinta-tayttaa-40-vuotta\/#article","isPartOf":{"@id":"https:\/\/mediaviestinta.fi\/mevi2020\/2018\/03\/paakirjoitus-arkistojen-aarteita-1970-luvulta-media-viestinta-tayttaa-40-vuotta\/"},"author":{"name":"Mevi","@id":"https:\/\/mediaviestinta.fi\/#\/schema\/person\/b2da34ab24cfcd17dbdd6c7cfb173257"},"headline":"P\u00e4\u00e4kirjoitus: Arkistojen aarteita 1970-luvulta \u2013 Media &#038; viestint\u00e4 t\u00e4ytt\u00e4\u00e4 40 vuotta","datePublished":"2018-03-26T12:42:36+00:00","dateModified":"2020-05-08T07:39:18+00:00","mainEntityOfPage":{"@id":"https:\/\/mediaviestinta.fi\/mevi2020\/2018\/03\/paakirjoitus-arkistojen-aarteita-1970-luvulta-media-viestinta-tayttaa-40-vuotta\/"},"wordCount":660,"publisher":{"@id":"https:\/\/mediaviestinta.fi\/#organization"},"articleSection":["Ajankohtaista"],"inLanguage":"fi"},{"@type":"WebPage","@id":"https:\/\/mediaviestinta.fi\/mevi2020\/2018\/03\/paakirjoitus-arkistojen-aarteita-1970-luvulta-media-viestinta-tayttaa-40-vuotta\/","url":"https:\/\/mediaviestinta.fi\/mevi2020\/2018\/03\/paakirjoitus-arkistojen-aarteita-1970-luvulta-media-viestinta-tayttaa-40-vuotta\/","name":"P\u00e4\u00e4kirjoitus: Arkistojen aarteita 1970-luvulta \u2013 Media & viestint\u00e4 t\u00e4ytt\u00e4\u00e4 40 vuotta &#8211; Mevi","isPartOf":{"@id":"https:\/\/mediaviestinta.fi\/#website"},"datePublished":"2018-03-26T12:42:36+00:00","dateModified":"2020-05-08T07:39:18+00:00","breadcrumb":{"@id":"https:\/\/mediaviestinta.fi\/mevi2020\/2018\/03\/paakirjoitus-arkistojen-aarteita-1970-luvulta-media-viestinta-tayttaa-40-vuotta\/#breadcrumb"},"inLanguage":"fi","potentialAction":[{"@type":"ReadAction","target":["https:\/\/mediaviestinta.fi\/mevi2020\/2018\/03\/paakirjoitus-arkistojen-aarteita-1970-luvulta-media-viestinta-tayttaa-40-vuotta\/"]}]},{"@type":"BreadcrumbList","@id":"https:\/\/mediaviestinta.fi\/mevi2020\/2018\/03\/paakirjoitus-arkistojen-aarteita-1970-luvulta-media-viestinta-tayttaa-40-vuotta\/#breadcrumb","itemListElement":[{"@type":"ListItem","position":1,"name":"Home","item":"https:\/\/mediaviestinta.fi\/"},{"@type":"ListItem","position":2,"name":"P\u00e4\u00e4kirjoitus: Arkistojen aarteita 1970-luvulta \u2013 Media &#038; viestint\u00e4 t\u00e4ytt\u00e4\u00e4 40 vuotta"}]},{"@type":"WebSite","@id":"https:\/\/mediaviestinta.fi\/#website","url":"https:\/\/mediaviestinta.fi\/","name":"Mevi","description":"Media- ja viestint\u00e4tieteellinen seura Mevi","publisher":{"@id":"https:\/\/mediaviestinta.fi\/#organization"},"potentialAction":[{"@type":"SearchAction","target":{"@type":"EntryPoint","urlTemplate":"https:\/\/mediaviestinta.fi\/?s={search_term_string}"},"query-input":{"@type":"PropertyValueSpecification","valueRequired":true,"valueName":"search_term_string"}}],"inLanguage":"fi"},{"@type":"Organization","@id":"https:\/\/mediaviestinta.fi\/#organization","name":"Media- ja viestint\u00e4tieteellinen seura Mevi","url":"https:\/\/mediaviestinta.fi\/","logo":{"@type":"ImageObject","inLanguage":"fi","@id":"https:\/\/mediaviestinta.fi\/#\/schema\/logo\/image\/","url":"https:\/\/mediaviestinta.fi\/mevi2020\/wp-content\/uploads\/2020\/03\/mevi-logo-RGB-Transparent.png","contentUrl":"https:\/\/mediaviestinta.fi\/mevi2020\/wp-content\/uploads\/2020\/03\/mevi-logo-RGB-Transparent.png","width":910,"height":464,"caption":"Media- ja viestint\u00e4tieteellinen seura Mevi"},"image":{"@id":"https:\/\/mediaviestinta.fi\/#\/schema\/logo\/image\/"},"sameAs":["https:\/\/www.facebook.com\/MediaViestinta\/","https:\/\/x.com\/mediaviestinta"]},{"@type":"Person","@id":"https:\/\/mediaviestinta.fi\/#\/schema\/person\/b2da34ab24cfcd17dbdd6c7cfb173257","name":"Mevi","image":{"@type":"ImageObject","inLanguage":"fi","@id":"https:\/\/secure.gravatar.com\/avatar\/3305b76d1667dc119a18808ed03d6a1fc2dfa8b6a1cddecb8c4d27ef14ec32ca?s=96&d=mm&r=g","url":"https:\/\/secure.gravatar.com\/avatar\/3305b76d1667dc119a18808ed03d6a1fc2dfa8b6a1cddecb8c4d27ef14ec32ca?s=96&d=mm&r=g","contentUrl":"https:\/\/secure.gravatar.com\/avatar\/3305b76d1667dc119a18808ed03d6a1fc2dfa8b6a1cddecb8c4d27ef14ec32ca?s=96&d=mm&r=g","caption":"Mevi"},"url":"https:\/\/mediaviestinta.fi\/mevi2020\/author\/mediavie\/"}]}},"_links":{"self":[{"href":"https:\/\/mediaviestinta.fi\/mevi2020\/wp-json\/wp\/v2\/posts\/3646","targetHints":{"allow":["GET"]}}],"collection":[{"href":"https:\/\/mediaviestinta.fi\/mevi2020\/wp-json\/wp\/v2\/posts"}],"about":[{"href":"https:\/\/mediaviestinta.fi\/mevi2020\/wp-json\/wp\/v2\/types\/post"}],"author":[{"embeddable":true,"href":"https:\/\/mediaviestinta.fi\/mevi2020\/wp-json\/wp\/v2\/users\/3"}],"replies":[{"embeddable":true,"href":"https:\/\/mediaviestinta.fi\/mevi2020\/wp-json\/wp\/v2\/comments?post=3646"}],"version-history":[{"count":1,"href":"https:\/\/mediaviestinta.fi\/mevi2020\/wp-json\/wp\/v2\/posts\/3646\/revisions"}],"predecessor-version":[{"id":4220,"href":"https:\/\/mediaviestinta.fi\/mevi2020\/wp-json\/wp\/v2\/posts\/3646\/revisions\/4220"}],"wp:attachment":[{"href":"https:\/\/mediaviestinta.fi\/mevi2020\/wp-json\/wp\/v2\/media?parent=3646"}],"wp:term":[{"taxonomy":"category","embeddable":true,"href":"https:\/\/mediaviestinta.fi\/mevi2020\/wp-json\/wp\/v2\/categories?post=3646"},{"taxonomy":"post_tag","embeddable":true,"href":"https:\/\/mediaviestinta.fi\/mevi2020\/wp-json\/wp\/v2\/tags?post=3646"}],"curies":[{"name":"wp","href":"https:\/\/api.w.org\/{rel}","templated":true}]}}