{"id":3648,"date":"2018-03-29T14:21:05","date_gmt":"2018-03-29T11:21:05","guid":{"rendered":"http:\/\/mediaviestinta.fi\/blogi\/?p=3648"},"modified":"2020-05-08T10:39:18","modified_gmt":"2020-05-08T07:39:18","slug":"lisaa-kohtaamisia-ja-monimuotoista-tiedonvaihtoa-professori-mikko-villista-mevi-ryn-puheenjohtaja","status":"publish","type":"post","link":"https:\/\/mediaviestinta.fi\/mevi2020\/2018\/03\/lisaa-kohtaamisia-ja-monimuotoista-tiedonvaihtoa-professori-mikko-villista-mevi-ryn-puheenjohtaja\/","title":{"rendered":"Lis\u00e4\u00e4 kohtaamisia ja monimuotoista tiedonvaihtoa \u2013 Professori Mikko Villist\u00e4 MEVIn puheenjohtaja"},"content":{"rendered":"<p>Media- ja viestint\u00e4tieteellinen seura MEVI. on j\u00e4lleen pit\u00e4nyt jokakev\u00e4isen vuosikokouksensa. Yhdistykselle valittiin uusi hallitus ja samalla my\u00f6s puheenjohtaja vaihtui: MEVIn puheenjohtaja on nyt journalistiikan professori <strong>Mikko Villi<\/strong> Jyv\u00e4skyl\u00e4n yliopistosta.<\/p>\n<p>Puheenjohtajana vuodesta 2016 toiminut <strong>Eliisa Vainikka<\/strong> kertoo j\u00e4tt\u00e4v\u00e4ns\u00e4 teht\u00e4v\u00e4n hyvill\u00e4 mielin seuraajalleen. \u201dN\u00e4iden kahden vuoden aikana hallitus on ollut aktiivinen ja olemme saaneet paljon aikaan. Esimerkiksi <em>Media &amp; viestint\u00e4<\/em> -lehden kehitt\u00e4misen ja avoimen saatavuuden eteen on tehty hyv\u00e4\u00e4 ty\u00f6t\u00e4 ja useita hienoja tapahtumia j\u00e4rjestetty. Nyt kun yliopistot tuntuvat olevan jatkuvassa muutoksessa ja resurssit kiristyv\u00e4t, niin tieteellisten seurojen rooli n\u00e4hd\u00e4kseni kasvaa. Toivoisin, ett\u00e4 yliopistot arvostaisivat seurojen tekem\u00e4\u00e4 ty\u00f6t\u00e4 enemm\u00e4n. My\u00f6s tutkijoiden olisi hyv\u00e4 tulla aktiivisesti mukaan toimintaan \u2013 yhteiseksi hyv\u00e4ksih\u00e4n t\u00e4ss\u00e4 tehd\u00e4\u00e4n hommia\u201d, Vainikka muistuttaa.<\/p>\n<p>My\u00f6s uusi puheenjohtaja n\u00e4kee MEVI:n merkityksen tulevaisuudessa yh\u00e4 t\u00e4rke\u00e4mp\u00e4n\u00e4. \u201dViestinn\u00e4n monimuotoistuessa my\u00f6s alan tutkimus laajenee ja monipuolistuu, ja uskonkin, ett\u00e4 jatkossa yh\u00e4 useampi tieteentekij\u00e4 kokee itsens\u00e4 median ja viestinn\u00e4n tutkijaksi. T\u00e4ss\u00e4 tilanteessa MEVI pystyy tarjoamaan sateenvarjon, jonka alla he voivat kokea yhteenkuuluvuutta ja toimia yhdess\u00e4\u201d, Villi sanoo.<\/p>\n<figure id=\"attachment_3649\" aria-describedby=\"caption-attachment-3649\" style=\"width: 150px\" class=\"wp-caption alignright\"><a href=\"https:\/\/mediaviestinta.fi\/mevi2020\/blogi\/wp-content\/uploads\/2018\/03\/Villi.jpg\" rel=\"attachment wp-att-3649\"><img decoding=\"async\" class=\"wp-image-3649 size-thumbnail\" src=\"https:\/\/mediaviestinta.fi\/mevi2020\/blogi\/wp-content\/uploads\/2018\/03\/Villi-150x150.jpg\" alt=\"Villi\" width=\"150\" height=\"150\" \/><\/a><figcaption id=\"caption-attachment-3649\" class=\"wp-caption-text\">MEVI ry:n puheenjohtaja Mikko Villi.<\/figcaption><\/figure>\n<p>\u201dT\u00e4rke\u00e4\u00e4 on lis\u00e4ksi, ett\u00e4 media- ja viestint\u00e4alan toimijat ovat tietoisia tekem\u00e4st\u00e4mme tutkimuksesta ja ymm\u00e4rt\u00e4v\u00e4t paremmin, miten se voi auttaa heit\u00e4 selvi\u00e4m\u00e4\u00e4n alaa koettelevista erilaisista murroksista. MEVI:ll\u00e4 voi siten olla tutkijoita yhdist\u00e4v\u00e4n roolin lis\u00e4ksi mahdollisuus lis\u00e4t\u00e4 kohtaamisia ja tiedonvaihtoa tutkijoiden ja kaupallisten sek\u00e4 yhteiskunnallisten toimijoiden v\u00e4lill\u00e4\u201d, Villi jatkaa.<\/p>\n<p>&nbsp;<\/p>\n<p>Mevin sihteerin\u00e4 jatkaa <strong>Anna Rantasila<\/strong> (Tampereen yliopisto). Muut uuden hallituksen j\u00e4senet ovat:<\/p>\n<p><strong>Lauri Haapanen<\/strong> (Helsingin yliopisto\/Jyv\u00e4skyl\u00e4n yliopisto)<br \/>\n<strong>Camilla Haavisto<\/strong> (HY\/Svenska social- och kommunalh\u00f6gskola)<br \/>\n<strong>Mikko Hautakangas<\/strong> (TaY)<br \/>\n<strong>Kari Karppinen<\/strong> (HY)<br \/>\n<strong>Anne Laajalahti<\/strong> (Infor)<br \/>\n<strong>Reeta P\u00f6yht\u00e4ri<\/strong> (TaY)<br \/>\n<strong>Niina Uusitalo<\/strong> (TaY\/Media &amp; viestinn\u00e4n toimitussihteeri)<br \/>\n<strong>Eliisa Vainikka<\/strong> (TaY)<\/p>\n<p>Varaj\u00e4senet: <strong>Veera Kangaspunta<\/strong> (TaY) ja <strong>Sinikka Torkkola<\/strong> (TaY)<\/p>\n","protected":false},"excerpt":{"rendered":"<p>Media- ja viestint\u00e4tieteellinen seura MEVI ry. on j\u00e4lleen pit\u00e4nyt jokakev\u00e4isen vuosikokouksensa. Yhdistykselle valittiin uusi hallitus ja samalla my\u00f6s puheenjohtaja vaihtui: MEVI ry:n puheenjohtaja on nyt journalistiikan professori Mikko Villi Jyv\u00e4skyl\u00e4n yliopistosta.<\/p>\n","protected":false},"author":3,"featured_media":3649,"comment_status":"closed","ping_status":"closed","sticky":false,"template":"","format":"standard","meta":{"_monsterinsights_skip_tracking":false,"_monsterinsights_sitenote_active":false,"_monsterinsights_sitenote_note":"","_monsterinsights_sitenote_category":0,"footnotes":""},"categories":[76,1],"tags":[],"class_list":["post-3648","post","type-post","status-publish","format-standard","has-post-thumbnail","hentry","category-ajankohtaista","category-yleinen"],"yoast_head":"<!-- This site is optimized with the Yoast SEO plugin v27.5 - https:\/\/yoast.com\/product\/yoast-seo-wordpress\/ -->\n<title>Lis\u00e4\u00e4 kohtaamisia ja monimuotoista tiedonvaihtoa \u2013 Professori Mikko Villist\u00e4 MEVIn puheenjohtaja &#8211; Mevi<\/title>\n<meta name=\"robots\" content=\"index, follow, max-snippet:-1, max-image-preview:large, max-video-preview:-1\" \/>\n<link rel=\"canonical\" href=\"https:\/\/mediaviestinta.fi\/mevi2020\/2018\/03\/lisaa-kohtaamisia-ja-monimuotoista-tiedonvaihtoa-professori-mikko-villista-mevi-ryn-puheenjohtaja\/\" \/>\n<meta property=\"og:locale\" content=\"fi_FI\" \/>\n<meta property=\"og:type\" content=\"article\" \/>\n<meta property=\"og:title\" content=\"Lis\u00e4\u00e4 kohtaamisia ja monimuotoista tiedonvaihtoa \u2013 Professori Mikko Villist\u00e4 MEVIn puheenjohtaja &#8211; Mevi\" \/>\n<meta property=\"og:description\" content=\"Media- ja viestint\u00e4tieteellinen seura MEVI ry. on j\u00e4lleen pit\u00e4nyt jokakev\u00e4isen vuosikokouksensa. Yhdistykselle valittiin uusi hallitus ja samalla my\u00f6s puheenjohtaja vaihtui: MEVI ry:n puheenjohtaja on nyt journalistiikan professori Mikko Villi Jyv\u00e4skyl\u00e4n yliopistosta.\" \/>\n<meta property=\"og:url\" content=\"https:\/\/mediaviestinta.fi\/mevi2020\/2018\/03\/lisaa-kohtaamisia-ja-monimuotoista-tiedonvaihtoa-professori-mikko-villista-mevi-ryn-puheenjohtaja\/\" \/>\n<meta property=\"og:site_name\" content=\"Mevi\" \/>\n<meta property=\"article:publisher\" content=\"https:\/\/www.facebook.com\/MediaViestinta\/\" \/>\n<meta property=\"article:published_time\" content=\"2018-03-29T11:21:05+00:00\" \/>\n<meta property=\"article:modified_time\" content=\"2020-05-08T07:39:18+00:00\" \/>\n<meta property=\"og:image\" content=\"https:\/\/mediaviestinta.fi\/mevi2020\/wp-content\/uploads\/2020\/04\/tapio-haaja-helsinki-02.jpg\" \/>\n\t<meta property=\"og:image:width\" content=\"1080\" \/>\n\t<meta property=\"og:image:height\" content=\"393\" \/>\n\t<meta property=\"og:image:type\" content=\"image\/jpeg\" \/>\n<meta name=\"author\" content=\"Mevi\" \/>\n<meta name=\"twitter:card\" content=\"summary_large_image\" \/>\n<meta name=\"twitter:creator\" content=\"@mediaviestinta\" \/>\n<meta name=\"twitter:site\" content=\"@mediaviestinta\" \/>\n<meta name=\"twitter:label1\" content=\"Kirjoittanut\" \/>\n\t<meta name=\"twitter:data1\" content=\"Mevi\" \/>\n\t<meta name=\"twitter:label2\" content=\"Arvioitu lukuaika\" \/>\n\t<meta name=\"twitter:data2\" content=\"2 minuuttia\" \/>\n<script type=\"application\/ld+json\" class=\"yoast-schema-graph\">{\"@context\":\"https:\\\/\\\/schema.org\",\"@graph\":[{\"@type\":\"Article\",\"@id\":\"https:\\\/\\\/mediaviestinta.fi\\\/mevi2020\\\/2018\\\/03\\\/lisaa-kohtaamisia-ja-monimuotoista-tiedonvaihtoa-professori-mikko-villista-mevi-ryn-puheenjohtaja\\\/#article\",\"isPartOf\":{\"@id\":\"https:\\\/\\\/mediaviestinta.fi\\\/mevi2020\\\/2018\\\/03\\\/lisaa-kohtaamisia-ja-monimuotoista-tiedonvaihtoa-professori-mikko-villista-mevi-ryn-puheenjohtaja\\\/\"},\"author\":{\"name\":\"Mevi\",\"@id\":\"https:\\\/\\\/mediaviestinta.fi\\\/#\\\/schema\\\/person\\\/b2da34ab24cfcd17dbdd6c7cfb173257\"},\"headline\":\"Lis\u00e4\u00e4 kohtaamisia ja monimuotoista tiedonvaihtoa \u2013 Professori Mikko Villist\u00e4 MEVIn puheenjohtaja\",\"datePublished\":\"2018-03-29T11:21:05+00:00\",\"dateModified\":\"2020-05-08T07:39:18+00:00\",\"mainEntityOfPage\":{\"@id\":\"https:\\\/\\\/mediaviestinta.fi\\\/mevi2020\\\/2018\\\/03\\\/lisaa-kohtaamisia-ja-monimuotoista-tiedonvaihtoa-professori-mikko-villista-mevi-ryn-puheenjohtaja\\\/\"},\"wordCount\":344,\"publisher\":{\"@id\":\"https:\\\/\\\/mediaviestinta.fi\\\/#organization\"},\"image\":{\"@id\":\"https:\\\/\\\/mediaviestinta.fi\\\/mevi2020\\\/2018\\\/03\\\/lisaa-kohtaamisia-ja-monimuotoista-tiedonvaihtoa-professori-mikko-villista-mevi-ryn-puheenjohtaja\\\/#primaryimage\"},\"thumbnailUrl\":\"https:\\\/\\\/mediaviestinta.fi\\\/mevi2020\\\/wp-content\\\/uploads\\\/2020\\\/04\\\/tapio-haaja-helsinki-02.jpg\",\"articleSection\":[\"Ajankohtaista\"],\"inLanguage\":\"fi\"},{\"@type\":\"WebPage\",\"@id\":\"https:\\\/\\\/mediaviestinta.fi\\\/mevi2020\\\/2018\\\/03\\\/lisaa-kohtaamisia-ja-monimuotoista-tiedonvaihtoa-professori-mikko-villista-mevi-ryn-puheenjohtaja\\\/\",\"url\":\"https:\\\/\\\/mediaviestinta.fi\\\/mevi2020\\\/2018\\\/03\\\/lisaa-kohtaamisia-ja-monimuotoista-tiedonvaihtoa-professori-mikko-villista-mevi-ryn-puheenjohtaja\\\/\",\"name\":\"Lis\u00e4\u00e4 kohtaamisia ja monimuotoista tiedonvaihtoa \u2013 Professori Mikko Villist\u00e4 MEVIn puheenjohtaja &#8211; Mevi\",\"isPartOf\":{\"@id\":\"https:\\\/\\\/mediaviestinta.fi\\\/#website\"},\"primaryImageOfPage\":{\"@id\":\"https:\\\/\\\/mediaviestinta.fi\\\/mevi2020\\\/2018\\\/03\\\/lisaa-kohtaamisia-ja-monimuotoista-tiedonvaihtoa-professori-mikko-villista-mevi-ryn-puheenjohtaja\\\/#primaryimage\"},\"image\":{\"@id\":\"https:\\\/\\\/mediaviestinta.fi\\\/mevi2020\\\/2018\\\/03\\\/lisaa-kohtaamisia-ja-monimuotoista-tiedonvaihtoa-professori-mikko-villista-mevi-ryn-puheenjohtaja\\\/#primaryimage\"},\"thumbnailUrl\":\"https:\\\/\\\/mediaviestinta.fi\\\/mevi2020\\\/wp-content\\\/uploads\\\/2020\\\/04\\\/tapio-haaja-helsinki-02.jpg\",\"datePublished\":\"2018-03-29T11:21:05+00:00\",\"dateModified\":\"2020-05-08T07:39:18+00:00\",\"breadcrumb\":{\"@id\":\"https:\\\/\\\/mediaviestinta.fi\\\/mevi2020\\\/2018\\\/03\\\/lisaa-kohtaamisia-ja-monimuotoista-tiedonvaihtoa-professori-mikko-villista-mevi-ryn-puheenjohtaja\\\/#breadcrumb\"},\"inLanguage\":\"fi\",\"potentialAction\":[{\"@type\":\"ReadAction\",\"target\":[\"https:\\\/\\\/mediaviestinta.fi\\\/mevi2020\\\/2018\\\/03\\\/lisaa-kohtaamisia-ja-monimuotoista-tiedonvaihtoa-professori-mikko-villista-mevi-ryn-puheenjohtaja\\\/\"]}]},{\"@type\":\"ImageObject\",\"inLanguage\":\"fi\",\"@id\":\"https:\\\/\\\/mediaviestinta.fi\\\/mevi2020\\\/2018\\\/03\\\/lisaa-kohtaamisia-ja-monimuotoista-tiedonvaihtoa-professori-mikko-villista-mevi-ryn-puheenjohtaja\\\/#primaryimage\",\"url\":\"https:\\\/\\\/mediaviestinta.fi\\\/mevi2020\\\/wp-content\\\/uploads\\\/2020\\\/04\\\/tapio-haaja-helsinki-02.jpg\",\"contentUrl\":\"https:\\\/\\\/mediaviestinta.fi\\\/mevi2020\\\/wp-content\\\/uploads\\\/2020\\\/04\\\/tapio-haaja-helsinki-02.jpg\",\"width\":1080,\"height\":393},{\"@type\":\"BreadcrumbList\",\"@id\":\"https:\\\/\\\/mediaviestinta.fi\\\/mevi2020\\\/2018\\\/03\\\/lisaa-kohtaamisia-ja-monimuotoista-tiedonvaihtoa-professori-mikko-villista-mevi-ryn-puheenjohtaja\\\/#breadcrumb\",\"itemListElement\":[{\"@type\":\"ListItem\",\"position\":1,\"name\":\"Home\",\"item\":\"https:\\\/\\\/mediaviestinta.fi\\\/\"},{\"@type\":\"ListItem\",\"position\":2,\"name\":\"Lis\u00e4\u00e4 kohtaamisia ja monimuotoista tiedonvaihtoa \u2013 Professori Mikko Villist\u00e4 MEVIn puheenjohtaja\"}]},{\"@type\":\"WebSite\",\"@id\":\"https:\\\/\\\/mediaviestinta.fi\\\/#website\",\"url\":\"https:\\\/\\\/mediaviestinta.fi\\\/\",\"name\":\"Mevi\",\"description\":\"Media- ja viestint\u00e4tieteellinen seura Mevi\",\"publisher\":{\"@id\":\"https:\\\/\\\/mediaviestinta.fi\\\/#organization\"},\"potentialAction\":[{\"@type\":\"SearchAction\",\"target\":{\"@type\":\"EntryPoint\",\"urlTemplate\":\"https:\\\/\\\/mediaviestinta.fi\\\/?s={search_term_string}\"},\"query-input\":{\"@type\":\"PropertyValueSpecification\",\"valueRequired\":true,\"valueName\":\"search_term_string\"}}],\"inLanguage\":\"fi\"},{\"@type\":\"Organization\",\"@id\":\"https:\\\/\\\/mediaviestinta.fi\\\/#organization\",\"name\":\"Media- ja viestint\u00e4tieteellinen seura Mevi\",\"url\":\"https:\\\/\\\/mediaviestinta.fi\\\/\",\"logo\":{\"@type\":\"ImageObject\",\"inLanguage\":\"fi\",\"@id\":\"https:\\\/\\\/mediaviestinta.fi\\\/#\\\/schema\\\/logo\\\/image\\\/\",\"url\":\"https:\\\/\\\/mediaviestinta.fi\\\/mevi2020\\\/wp-content\\\/uploads\\\/2020\\\/03\\\/mevi-logo-RGB-Transparent.png\",\"contentUrl\":\"https:\\\/\\\/mediaviestinta.fi\\\/mevi2020\\\/wp-content\\\/uploads\\\/2020\\\/03\\\/mevi-logo-RGB-Transparent.png\",\"width\":910,\"height\":464,\"caption\":\"Media- ja viestint\u00e4tieteellinen seura Mevi\"},\"image\":{\"@id\":\"https:\\\/\\\/mediaviestinta.fi\\\/#\\\/schema\\\/logo\\\/image\\\/\"},\"sameAs\":[\"https:\\\/\\\/www.facebook.com\\\/MediaViestinta\\\/\",\"https:\\\/\\\/x.com\\\/mediaviestinta\"]},{\"@type\":\"Person\",\"@id\":\"https:\\\/\\\/mediaviestinta.fi\\\/#\\\/schema\\\/person\\\/b2da34ab24cfcd17dbdd6c7cfb173257\",\"name\":\"Mevi\",\"image\":{\"@type\":\"ImageObject\",\"inLanguage\":\"fi\",\"@id\":\"https:\\\/\\\/secure.gravatar.com\\\/avatar\\\/3305b76d1667dc119a18808ed03d6a1fc2dfa8b6a1cddecb8c4d27ef14ec32ca?s=96&d=mm&r=g\",\"url\":\"https:\\\/\\\/secure.gravatar.com\\\/avatar\\\/3305b76d1667dc119a18808ed03d6a1fc2dfa8b6a1cddecb8c4d27ef14ec32ca?s=96&d=mm&r=g\",\"contentUrl\":\"https:\\\/\\\/secure.gravatar.com\\\/avatar\\\/3305b76d1667dc119a18808ed03d6a1fc2dfa8b6a1cddecb8c4d27ef14ec32ca?s=96&d=mm&r=g\",\"caption\":\"Mevi\"},\"url\":\"https:\\\/\\\/mediaviestinta.fi\\\/mevi2020\\\/author\\\/mediavie\\\/\"}]}<\/script>\n<!-- \/ Yoast SEO plugin. -->","yoast_head_json":{"title":"Lis\u00e4\u00e4 kohtaamisia ja monimuotoista tiedonvaihtoa \u2013 Professori Mikko Villist\u00e4 MEVIn puheenjohtaja &#8211; Mevi","robots":{"index":"index","follow":"follow","max-snippet":"max-snippet:-1","max-image-preview":"max-image-preview:large","max-video-preview":"max-video-preview:-1"},"canonical":"https:\/\/mediaviestinta.fi\/mevi2020\/2018\/03\/lisaa-kohtaamisia-ja-monimuotoista-tiedonvaihtoa-professori-mikko-villista-mevi-ryn-puheenjohtaja\/","og_locale":"fi_FI","og_type":"article","og_title":"Lis\u00e4\u00e4 kohtaamisia ja monimuotoista tiedonvaihtoa \u2013 Professori Mikko Villist\u00e4 MEVIn puheenjohtaja &#8211; Mevi","og_description":"Media- ja viestint\u00e4tieteellinen seura MEVI ry. on j\u00e4lleen pit\u00e4nyt jokakev\u00e4isen vuosikokouksensa. Yhdistykselle valittiin uusi hallitus ja samalla my\u00f6s puheenjohtaja vaihtui: MEVI ry:n puheenjohtaja on nyt journalistiikan professori Mikko Villi Jyv\u00e4skyl\u00e4n yliopistosta.","og_url":"https:\/\/mediaviestinta.fi\/mevi2020\/2018\/03\/lisaa-kohtaamisia-ja-monimuotoista-tiedonvaihtoa-professori-mikko-villista-mevi-ryn-puheenjohtaja\/","og_site_name":"Mevi","article_publisher":"https:\/\/www.facebook.com\/MediaViestinta\/","article_published_time":"2018-03-29T11:21:05+00:00","article_modified_time":"2020-05-08T07:39:18+00:00","og_image":[{"width":1080,"height":393,"url":"https:\/\/mediaviestinta.fi\/mevi2020\/wp-content\/uploads\/2020\/04\/tapio-haaja-helsinki-02.jpg","type":"image\/jpeg"}],"author":"Mevi","twitter_card":"summary_large_image","twitter_creator":"@mediaviestinta","twitter_site":"@mediaviestinta","twitter_misc":{"Kirjoittanut":"Mevi","Arvioitu lukuaika":"2 minuuttia"},"schema":{"@context":"https:\/\/schema.org","@graph":[{"@type":"Article","@id":"https:\/\/mediaviestinta.fi\/mevi2020\/2018\/03\/lisaa-kohtaamisia-ja-monimuotoista-tiedonvaihtoa-professori-mikko-villista-mevi-ryn-puheenjohtaja\/#article","isPartOf":{"@id":"https:\/\/mediaviestinta.fi\/mevi2020\/2018\/03\/lisaa-kohtaamisia-ja-monimuotoista-tiedonvaihtoa-professori-mikko-villista-mevi-ryn-puheenjohtaja\/"},"author":{"name":"Mevi","@id":"https:\/\/mediaviestinta.fi\/#\/schema\/person\/b2da34ab24cfcd17dbdd6c7cfb173257"},"headline":"Lis\u00e4\u00e4 kohtaamisia ja monimuotoista tiedonvaihtoa \u2013 Professori Mikko Villist\u00e4 MEVIn puheenjohtaja","datePublished":"2018-03-29T11:21:05+00:00","dateModified":"2020-05-08T07:39:18+00:00","mainEntityOfPage":{"@id":"https:\/\/mediaviestinta.fi\/mevi2020\/2018\/03\/lisaa-kohtaamisia-ja-monimuotoista-tiedonvaihtoa-professori-mikko-villista-mevi-ryn-puheenjohtaja\/"},"wordCount":344,"publisher":{"@id":"https:\/\/mediaviestinta.fi\/#organization"},"image":{"@id":"https:\/\/mediaviestinta.fi\/mevi2020\/2018\/03\/lisaa-kohtaamisia-ja-monimuotoista-tiedonvaihtoa-professori-mikko-villista-mevi-ryn-puheenjohtaja\/#primaryimage"},"thumbnailUrl":"https:\/\/mediaviestinta.fi\/mevi2020\/wp-content\/uploads\/2020\/04\/tapio-haaja-helsinki-02.jpg","articleSection":["Ajankohtaista"],"inLanguage":"fi"},{"@type":"WebPage","@id":"https:\/\/mediaviestinta.fi\/mevi2020\/2018\/03\/lisaa-kohtaamisia-ja-monimuotoista-tiedonvaihtoa-professori-mikko-villista-mevi-ryn-puheenjohtaja\/","url":"https:\/\/mediaviestinta.fi\/mevi2020\/2018\/03\/lisaa-kohtaamisia-ja-monimuotoista-tiedonvaihtoa-professori-mikko-villista-mevi-ryn-puheenjohtaja\/","name":"Lis\u00e4\u00e4 kohtaamisia ja monimuotoista tiedonvaihtoa \u2013 Professori Mikko Villist\u00e4 MEVIn puheenjohtaja &#8211; Mevi","isPartOf":{"@id":"https:\/\/mediaviestinta.fi\/#website"},"primaryImageOfPage":{"@id":"https:\/\/mediaviestinta.fi\/mevi2020\/2018\/03\/lisaa-kohtaamisia-ja-monimuotoista-tiedonvaihtoa-professori-mikko-villista-mevi-ryn-puheenjohtaja\/#primaryimage"},"image":{"@id":"https:\/\/mediaviestinta.fi\/mevi2020\/2018\/03\/lisaa-kohtaamisia-ja-monimuotoista-tiedonvaihtoa-professori-mikko-villista-mevi-ryn-puheenjohtaja\/#primaryimage"},"thumbnailUrl":"https:\/\/mediaviestinta.fi\/mevi2020\/wp-content\/uploads\/2020\/04\/tapio-haaja-helsinki-02.jpg","datePublished":"2018-03-29T11:21:05+00:00","dateModified":"2020-05-08T07:39:18+00:00","breadcrumb":{"@id":"https:\/\/mediaviestinta.fi\/mevi2020\/2018\/03\/lisaa-kohtaamisia-ja-monimuotoista-tiedonvaihtoa-professori-mikko-villista-mevi-ryn-puheenjohtaja\/#breadcrumb"},"inLanguage":"fi","potentialAction":[{"@type":"ReadAction","target":["https:\/\/mediaviestinta.fi\/mevi2020\/2018\/03\/lisaa-kohtaamisia-ja-monimuotoista-tiedonvaihtoa-professori-mikko-villista-mevi-ryn-puheenjohtaja\/"]}]},{"@type":"ImageObject","inLanguage":"fi","@id":"https:\/\/mediaviestinta.fi\/mevi2020\/2018\/03\/lisaa-kohtaamisia-ja-monimuotoista-tiedonvaihtoa-professori-mikko-villista-mevi-ryn-puheenjohtaja\/#primaryimage","url":"https:\/\/mediaviestinta.fi\/mevi2020\/wp-content\/uploads\/2020\/04\/tapio-haaja-helsinki-02.jpg","contentUrl":"https:\/\/mediaviestinta.fi\/mevi2020\/wp-content\/uploads\/2020\/04\/tapio-haaja-helsinki-02.jpg","width":1080,"height":393},{"@type":"BreadcrumbList","@id":"https:\/\/mediaviestinta.fi\/mevi2020\/2018\/03\/lisaa-kohtaamisia-ja-monimuotoista-tiedonvaihtoa-professori-mikko-villista-mevi-ryn-puheenjohtaja\/#breadcrumb","itemListElement":[{"@type":"ListItem","position":1,"name":"Home","item":"https:\/\/mediaviestinta.fi\/"},{"@type":"ListItem","position":2,"name":"Lis\u00e4\u00e4 kohtaamisia ja monimuotoista tiedonvaihtoa \u2013 Professori Mikko Villist\u00e4 MEVIn puheenjohtaja"}]},{"@type":"WebSite","@id":"https:\/\/mediaviestinta.fi\/#website","url":"https:\/\/mediaviestinta.fi\/","name":"Mevi","description":"Media- ja viestint\u00e4tieteellinen seura Mevi","publisher":{"@id":"https:\/\/mediaviestinta.fi\/#organization"},"potentialAction":[{"@type":"SearchAction","target":{"@type":"EntryPoint","urlTemplate":"https:\/\/mediaviestinta.fi\/?s={search_term_string}"},"query-input":{"@type":"PropertyValueSpecification","valueRequired":true,"valueName":"search_term_string"}}],"inLanguage":"fi"},{"@type":"Organization","@id":"https:\/\/mediaviestinta.fi\/#organization","name":"Media- ja viestint\u00e4tieteellinen seura Mevi","url":"https:\/\/mediaviestinta.fi\/","logo":{"@type":"ImageObject","inLanguage":"fi","@id":"https:\/\/mediaviestinta.fi\/#\/schema\/logo\/image\/","url":"https:\/\/mediaviestinta.fi\/mevi2020\/wp-content\/uploads\/2020\/03\/mevi-logo-RGB-Transparent.png","contentUrl":"https:\/\/mediaviestinta.fi\/mevi2020\/wp-content\/uploads\/2020\/03\/mevi-logo-RGB-Transparent.png","width":910,"height":464,"caption":"Media- ja viestint\u00e4tieteellinen seura Mevi"},"image":{"@id":"https:\/\/mediaviestinta.fi\/#\/schema\/logo\/image\/"},"sameAs":["https:\/\/www.facebook.com\/MediaViestinta\/","https:\/\/x.com\/mediaviestinta"]},{"@type":"Person","@id":"https:\/\/mediaviestinta.fi\/#\/schema\/person\/b2da34ab24cfcd17dbdd6c7cfb173257","name":"Mevi","image":{"@type":"ImageObject","inLanguage":"fi","@id":"https:\/\/secure.gravatar.com\/avatar\/3305b76d1667dc119a18808ed03d6a1fc2dfa8b6a1cddecb8c4d27ef14ec32ca?s=96&d=mm&r=g","url":"https:\/\/secure.gravatar.com\/avatar\/3305b76d1667dc119a18808ed03d6a1fc2dfa8b6a1cddecb8c4d27ef14ec32ca?s=96&d=mm&r=g","contentUrl":"https:\/\/secure.gravatar.com\/avatar\/3305b76d1667dc119a18808ed03d6a1fc2dfa8b6a1cddecb8c4d27ef14ec32ca?s=96&d=mm&r=g","caption":"Mevi"},"url":"https:\/\/mediaviestinta.fi\/mevi2020\/author\/mediavie\/"}]}},"_links":{"self":[{"href":"https:\/\/mediaviestinta.fi\/mevi2020\/wp-json\/wp\/v2\/posts\/3648","targetHints":{"allow":["GET"]}}],"collection":[{"href":"https:\/\/mediaviestinta.fi\/mevi2020\/wp-json\/wp\/v2\/posts"}],"about":[{"href":"https:\/\/mediaviestinta.fi\/mevi2020\/wp-json\/wp\/v2\/types\/post"}],"author":[{"embeddable":true,"href":"https:\/\/mediaviestinta.fi\/mevi2020\/wp-json\/wp\/v2\/users\/3"}],"replies":[{"embeddable":true,"href":"https:\/\/mediaviestinta.fi\/mevi2020\/wp-json\/wp\/v2\/comments?post=3648"}],"version-history":[{"count":1,"href":"https:\/\/mediaviestinta.fi\/mevi2020\/wp-json\/wp\/v2\/posts\/3648\/revisions"}],"predecessor-version":[{"id":4244,"href":"https:\/\/mediaviestinta.fi\/mevi2020\/wp-json\/wp\/v2\/posts\/3648\/revisions\/4244"}],"wp:featuredmedia":[{"embeddable":true,"href":"https:\/\/mediaviestinta.fi\/mevi2020\/wp-json\/wp\/v2\/media\/3649"}],"wp:attachment":[{"href":"https:\/\/mediaviestinta.fi\/mevi2020\/wp-json\/wp\/v2\/media?parent=3648"}],"wp:term":[{"taxonomy":"category","embeddable":true,"href":"https:\/\/mediaviestinta.fi\/mevi2020\/wp-json\/wp\/v2\/categories?post=3648"},{"taxonomy":"post_tag","embeddable":true,"href":"https:\/\/mediaviestinta.fi\/mevi2020\/wp-json\/wp\/v2\/tags?post=3648"}],"curies":[{"name":"wp","href":"https:\/\/api.w.org\/{rel}","templated":true}]}}