{"id":3659,"date":"2020-04-06T15:56:56","date_gmt":"2020-04-06T12:56:56","guid":{"rendered":"http:\/\/mediaviestinta.fi\/mevi2020\/?p=3659"},"modified":"2020-05-08T10:41:14","modified_gmt":"2020-05-08T07:41:14","slug":"media-ja-viestintatieteellinen-seura-mevi-ryn-verkkovuosikokous-ma-30-3-2020-klo-15","status":"publish","type":"post","link":"https:\/\/mediaviestinta.fi\/mevi2020\/2020\/04\/media-ja-viestintatieteellinen-seura-mevi-ryn-verkkovuosikokous-ma-30-3-2020-klo-15\/","title":{"rendered":"Media- ja viestint\u00e4tieteellinen seura Mevi ry:n verkkovuosikokous ma 30.3.2020 klo 15"},"content":{"rendered":"\n<p>Koronavirukseen liittyvien toimenpiteiden&nbsp;takia&nbsp;t\u00e4m\u00e4nkertainen vuosikokous j\u00e4rjestet\u00e4\u00e4n yksinomaan verkossa. Kokoukseen osallistuvia pyydet\u00e4\u00e4n ilmoittautumaan&nbsp;s\u00e4hk\u00f6postilla osoitteeseen mevi.sihteeri@gmail.comperjantaihin 27.3. menness\u00e4. Ilmoittautuneille l\u00e4hetet\u00e4\u00e4n kutsu et\u00e4kokoukseen noin tunti ennen kokouksen alkua.<\/p>\n\n\n\n<p>Kokousmateriaalit jaetaan yhdistyksen verkkosivujen (www.mediaviestinta.fi) kautta viikkoa ennen kokousp\u00e4iv\u00e4\u00e4. T\u00e4st\u00e4 l\u00e4hetet\u00e4\u00e4n erikseen viesti yhdistyksen j\u00e4senille.<\/p>\n\n\n\n<p>Vuosikokouksessa k\u00e4sitell\u00e4\u00e4n seuraavat asiat:<\/p>\n\n\n\n<p>\u2013 valitaan seuran puheenjohtaja toimikaudelle 2020<\/p>\n\n\n\n<p>\u2013 valitaan seuran hallituksen muut j\u00e4senet, v\u00e4hint\u00e4\u00e4n 6 ja enint\u00e4\u00e4n 15<\/p>\n\n\n\n<p>\u2013 valitaan kaksi toiminnantarkastajaa ja heille kaksi varahenkil\u00f6\u00e4 seuraavan toimikauden tilej\u00e4 ja hallintoa tarkastamaan<\/p>\n\n\n\n<p>\u2013 p\u00e4\u00e4tet\u00e4\u00e4n henkil\u00f6-ja yhteis\u00f6j\u00e4senten j\u00e4senmaksujen suuruudesta<\/p>\n\n\n\n<p>\u2013 vahvistetaan seuran toimintasuunnitelma seuraavalle toimikaudelle<\/p>\n\n\n\n<p>\u2013 vahvistetaan seuran talousarvio seuraavalle toimikaudelle<\/p>\n\n\n\n<p>\u2013 k\u00e4sitell\u00e4\u00e4n hallituksen toiminta-ja tilikertomus edelliselt\u00e4 toimikaudelta<\/p>\n\n\n\n<p>\u2013 p\u00e4\u00e4tet\u00e4\u00e4n tili-ja vastuuvapauden my\u00f6nt\u00e4misest\u00e4<\/p>\n\n\n\n<p>\u2013 k\u00e4sitell\u00e4\u00e4n muut hallituksen tai j\u00e4senten vuosikokoukselle esitt\u00e4m\u00e4t asiat<\/p>\n\n\n\n<p>Lis\u00e4ksi kokouksessa on tarkoitus keskustellamuun muassayhdistyksen kustantaman Media &amp; viestint\u00e4 -lehden painetun vuosikirjan tulevaisuudesta, Median ja viestinn\u00e4n tutkimuksen p\u00e4ivist\u00e4 24.4. -25.4.2020 Turussa ja IAMCR-konferenssin siirtymisest\u00e4 12.7. -16.7.2020 Tampereelle.<\/p>\n\n\n\n<p>Media-ja viestint\u00e4tieteellinen seura Mevi ry:n hallitus<\/p>\n","protected":false},"excerpt":{"rendered":"<p>Koronavirukseen liittyvien toimenpiteiden&nbsp;takia&nbsp;t\u00e4m\u00e4nkertainen vuosikokous j\u00e4rjestet\u00e4\u00e4n yksinomaan verkossa. Kokoukseen osallistuvia pyydet\u00e4\u00e4n ilmoittautumaan&nbsp;s\u00e4hk\u00f6postilla osoitteeseen mevi.sihteeri@gmail.comperjantaihin 27.3. menness\u00e4. Ilmoittautuneille l\u00e4hetet\u00e4\u00e4n kutsu et\u00e4kokoukseen noin tunti ennen kokouksen alkua. Kokousmateriaalit jaetaan yhdistyksen verkkosivujen&hellip;<\/p>\n","protected":false},"author":3,"featured_media":3660,"comment_status":"open","ping_status":"closed","sticky":false,"template":"","format":"standard","meta":{"_monsterinsights_skip_tracking":false,"_monsterinsights_sitenote_active":false,"_monsterinsights_sitenote_note":"","_monsterinsights_sitenote_category":0,"footnotes":""},"categories":[76,1],"tags":[],"class_list":["post-3659","post","type-post","status-publish","format-standard","has-post-thumbnail","hentry","category-ajankohtaista","category-yleinen"],"yoast_head":"<!-- This site is optimized with the Yoast SEO plugin v27.5 - https:\/\/yoast.com\/product\/yoast-seo-wordpress\/ -->\n<title>Media- ja viestint\u00e4tieteellinen seura Mevi ry:n verkkovuosikokous ma 30.3.2020 klo 15 &#8211; Mevi<\/title>\n<meta name=\"robots\" content=\"index, follow, max-snippet:-1, max-image-preview:large, max-video-preview:-1\" \/>\n<link rel=\"canonical\" href=\"https:\/\/mediaviestinta.fi\/mevi2020\/2020\/04\/media-ja-viestintatieteellinen-seura-mevi-ryn-verkkovuosikokous-ma-30-3-2020-klo-15\/\" \/>\n<meta property=\"og:locale\" content=\"fi_FI\" \/>\n<meta property=\"og:type\" content=\"article\" \/>\n<meta property=\"og:title\" content=\"Media- ja viestint\u00e4tieteellinen seura Mevi ry:n verkkovuosikokous ma 30.3.2020 klo 15 &#8211; Mevi\" \/>\n<meta property=\"og:description\" content=\"Koronavirukseen liittyvien toimenpiteiden&nbsp;takia&nbsp;t\u00e4m\u00e4nkertainen vuosikokous j\u00e4rjestet\u00e4\u00e4n yksinomaan verkossa. Kokoukseen osallistuvia pyydet\u00e4\u00e4n ilmoittautumaan&nbsp;s\u00e4hk\u00f6postilla osoitteeseen mevi.sihteeri@gmail.comperjantaihin 27.3. menness\u00e4. Ilmoittautuneille l\u00e4hetet\u00e4\u00e4n kutsu et\u00e4kokoukseen noin tunti ennen kokouksen alkua. Kokousmateriaalit jaetaan yhdistyksen verkkosivujen&hellip;\" \/>\n<meta property=\"og:url\" content=\"https:\/\/mediaviestinta.fi\/mevi2020\/2020\/04\/media-ja-viestintatieteellinen-seura-mevi-ryn-verkkovuosikokous-ma-30-3-2020-klo-15\/\" \/>\n<meta property=\"og:site_name\" content=\"Mevi\" \/>\n<meta property=\"article:publisher\" content=\"https:\/\/www.facebook.com\/MediaViestinta\/\" \/>\n<meta property=\"article:published_time\" content=\"2020-04-06T12:56:56+00:00\" \/>\n<meta property=\"article:modified_time\" content=\"2020-05-08T07:41:14+00:00\" \/>\n<meta property=\"og:image\" content=\"https:\/\/mediaviestinta.fi\/mevi2020\/wp-content\/uploads\/2020\/04\/mevi-artikkeli-placeholder-kuva-01.jpg\" \/>\n\t<meta property=\"og:image:width\" content=\"700\" \/>\n\t<meta property=\"og:image:height\" content=\"400\" \/>\n\t<meta property=\"og:image:type\" content=\"image\/jpeg\" \/>\n<meta name=\"author\" content=\"Mevi\" \/>\n<meta name=\"twitter:card\" content=\"summary_large_image\" \/>\n<meta name=\"twitter:creator\" content=\"@mediaviestinta\" \/>\n<meta name=\"twitter:site\" content=\"@mediaviestinta\" \/>\n<meta name=\"twitter:label1\" content=\"Kirjoittanut\" \/>\n\t<meta name=\"twitter:data1\" content=\"Mevi\" \/>\n\t<meta name=\"twitter:label2\" content=\"Arvioitu lukuaika\" \/>\n\t<meta name=\"twitter:data2\" content=\"1 minuutti\" \/>\n<script type=\"application\/ld+json\" class=\"yoast-schema-graph\">{\"@context\":\"https:\\\/\\\/schema.org\",\"@graph\":[{\"@type\":\"Article\",\"@id\":\"https:\\\/\\\/mediaviestinta.fi\\\/mevi2020\\\/2020\\\/04\\\/media-ja-viestintatieteellinen-seura-mevi-ryn-verkkovuosikokous-ma-30-3-2020-klo-15\\\/#article\",\"isPartOf\":{\"@id\":\"https:\\\/\\\/mediaviestinta.fi\\\/mevi2020\\\/2020\\\/04\\\/media-ja-viestintatieteellinen-seura-mevi-ryn-verkkovuosikokous-ma-30-3-2020-klo-15\\\/\"},\"author\":{\"name\":\"Mevi\",\"@id\":\"https:\\\/\\\/mediaviestinta.fi\\\/#\\\/schema\\\/person\\\/b2da34ab24cfcd17dbdd6c7cfb173257\"},\"headline\":\"Media- ja viestint\u00e4tieteellinen seura Mevi ry:n verkkovuosikokous ma 30.3.2020 klo 15\",\"datePublished\":\"2020-04-06T12:56:56+00:00\",\"dateModified\":\"2020-05-08T07:41:14+00:00\",\"mainEntityOfPage\":{\"@id\":\"https:\\\/\\\/mediaviestinta.fi\\\/mevi2020\\\/2020\\\/04\\\/media-ja-viestintatieteellinen-seura-mevi-ryn-verkkovuosikokous-ma-30-3-2020-klo-15\\\/\"},\"wordCount\":197,\"commentCount\":0,\"publisher\":{\"@id\":\"https:\\\/\\\/mediaviestinta.fi\\\/#organization\"},\"image\":{\"@id\":\"https:\\\/\\\/mediaviestinta.fi\\\/mevi2020\\\/2020\\\/04\\\/media-ja-viestintatieteellinen-seura-mevi-ryn-verkkovuosikokous-ma-30-3-2020-klo-15\\\/#primaryimage\"},\"thumbnailUrl\":\"https:\\\/\\\/mediaviestinta.fi\\\/mevi2020\\\/wp-content\\\/uploads\\\/2020\\\/04\\\/mevi-artikkeli-placeholder-kuva-01.jpg\",\"articleSection\":[\"Ajankohtaista\"],\"inLanguage\":\"fi\",\"potentialAction\":[{\"@type\":\"CommentAction\",\"name\":\"Comment\",\"target\":[\"https:\\\/\\\/mediaviestinta.fi\\\/mevi2020\\\/2020\\\/04\\\/media-ja-viestintatieteellinen-seura-mevi-ryn-verkkovuosikokous-ma-30-3-2020-klo-15\\\/#respond\"]}]},{\"@type\":\"WebPage\",\"@id\":\"https:\\\/\\\/mediaviestinta.fi\\\/mevi2020\\\/2020\\\/04\\\/media-ja-viestintatieteellinen-seura-mevi-ryn-verkkovuosikokous-ma-30-3-2020-klo-15\\\/\",\"url\":\"https:\\\/\\\/mediaviestinta.fi\\\/mevi2020\\\/2020\\\/04\\\/media-ja-viestintatieteellinen-seura-mevi-ryn-verkkovuosikokous-ma-30-3-2020-klo-15\\\/\",\"name\":\"Media- ja viestint\u00e4tieteellinen seura Mevi ry:n verkkovuosikokous ma 30.3.2020 klo 15 &#8211; Mevi\",\"isPartOf\":{\"@id\":\"https:\\\/\\\/mediaviestinta.fi\\\/#website\"},\"primaryImageOfPage\":{\"@id\":\"https:\\\/\\\/mediaviestinta.fi\\\/mevi2020\\\/2020\\\/04\\\/media-ja-viestintatieteellinen-seura-mevi-ryn-verkkovuosikokous-ma-30-3-2020-klo-15\\\/#primaryimage\"},\"image\":{\"@id\":\"https:\\\/\\\/mediaviestinta.fi\\\/mevi2020\\\/2020\\\/04\\\/media-ja-viestintatieteellinen-seura-mevi-ryn-verkkovuosikokous-ma-30-3-2020-klo-15\\\/#primaryimage\"},\"thumbnailUrl\":\"https:\\\/\\\/mediaviestinta.fi\\\/mevi2020\\\/wp-content\\\/uploads\\\/2020\\\/04\\\/mevi-artikkeli-placeholder-kuva-01.jpg\",\"datePublished\":\"2020-04-06T12:56:56+00:00\",\"dateModified\":\"2020-05-08T07:41:14+00:00\",\"breadcrumb\":{\"@id\":\"https:\\\/\\\/mediaviestinta.fi\\\/mevi2020\\\/2020\\\/04\\\/media-ja-viestintatieteellinen-seura-mevi-ryn-verkkovuosikokous-ma-30-3-2020-klo-15\\\/#breadcrumb\"},\"inLanguage\":\"fi\",\"potentialAction\":[{\"@type\":\"ReadAction\",\"target\":[\"https:\\\/\\\/mediaviestinta.fi\\\/mevi2020\\\/2020\\\/04\\\/media-ja-viestintatieteellinen-seura-mevi-ryn-verkkovuosikokous-ma-30-3-2020-klo-15\\\/\"]}]},{\"@type\":\"ImageObject\",\"inLanguage\":\"fi\",\"@id\":\"https:\\\/\\\/mediaviestinta.fi\\\/mevi2020\\\/2020\\\/04\\\/media-ja-viestintatieteellinen-seura-mevi-ryn-verkkovuosikokous-ma-30-3-2020-klo-15\\\/#primaryimage\",\"url\":\"https:\\\/\\\/mediaviestinta.fi\\\/mevi2020\\\/wp-content\\\/uploads\\\/2020\\\/04\\\/mevi-artikkeli-placeholder-kuva-01.jpg\",\"contentUrl\":\"https:\\\/\\\/mediaviestinta.fi\\\/mevi2020\\\/wp-content\\\/uploads\\\/2020\\\/04\\\/mevi-artikkeli-placeholder-kuva-01.jpg\",\"width\":700,\"height\":400},{\"@type\":\"BreadcrumbList\",\"@id\":\"https:\\\/\\\/mediaviestinta.fi\\\/mevi2020\\\/2020\\\/04\\\/media-ja-viestintatieteellinen-seura-mevi-ryn-verkkovuosikokous-ma-30-3-2020-klo-15\\\/#breadcrumb\",\"itemListElement\":[{\"@type\":\"ListItem\",\"position\":1,\"name\":\"Home\",\"item\":\"https:\\\/\\\/mediaviestinta.fi\\\/\"},{\"@type\":\"ListItem\",\"position\":2,\"name\":\"Media- ja viestint\u00e4tieteellinen seura Mevi ry:n verkkovuosikokous ma 30.3.2020 klo 15\"}]},{\"@type\":\"WebSite\",\"@id\":\"https:\\\/\\\/mediaviestinta.fi\\\/#website\",\"url\":\"https:\\\/\\\/mediaviestinta.fi\\\/\",\"name\":\"Mevi\",\"description\":\"Media- ja viestint\u00e4tieteellinen seura Mevi\",\"publisher\":{\"@id\":\"https:\\\/\\\/mediaviestinta.fi\\\/#organization\"},\"potentialAction\":[{\"@type\":\"SearchAction\",\"target\":{\"@type\":\"EntryPoint\",\"urlTemplate\":\"https:\\\/\\\/mediaviestinta.fi\\\/?s={search_term_string}\"},\"query-input\":{\"@type\":\"PropertyValueSpecification\",\"valueRequired\":true,\"valueName\":\"search_term_string\"}}],\"inLanguage\":\"fi\"},{\"@type\":\"Organization\",\"@id\":\"https:\\\/\\\/mediaviestinta.fi\\\/#organization\",\"name\":\"Media- ja viestint\u00e4tieteellinen seura Mevi\",\"url\":\"https:\\\/\\\/mediaviestinta.fi\\\/\",\"logo\":{\"@type\":\"ImageObject\",\"inLanguage\":\"fi\",\"@id\":\"https:\\\/\\\/mediaviestinta.fi\\\/#\\\/schema\\\/logo\\\/image\\\/\",\"url\":\"https:\\\/\\\/mediaviestinta.fi\\\/mevi2020\\\/wp-content\\\/uploads\\\/2020\\\/03\\\/mevi-logo-RGB-Transparent.png\",\"contentUrl\":\"https:\\\/\\\/mediaviestinta.fi\\\/mevi2020\\\/wp-content\\\/uploads\\\/2020\\\/03\\\/mevi-logo-RGB-Transparent.png\",\"width\":910,\"height\":464,\"caption\":\"Media- ja viestint\u00e4tieteellinen seura Mevi\"},\"image\":{\"@id\":\"https:\\\/\\\/mediaviestinta.fi\\\/#\\\/schema\\\/logo\\\/image\\\/\"},\"sameAs\":[\"https:\\\/\\\/www.facebook.com\\\/MediaViestinta\\\/\",\"https:\\\/\\\/x.com\\\/mediaviestinta\"]},{\"@type\":\"Person\",\"@id\":\"https:\\\/\\\/mediaviestinta.fi\\\/#\\\/schema\\\/person\\\/b2da34ab24cfcd17dbdd6c7cfb173257\",\"name\":\"Mevi\",\"image\":{\"@type\":\"ImageObject\",\"inLanguage\":\"fi\",\"@id\":\"https:\\\/\\\/secure.gravatar.com\\\/avatar\\\/3305b76d1667dc119a18808ed03d6a1fc2dfa8b6a1cddecb8c4d27ef14ec32ca?s=96&d=mm&r=g\",\"url\":\"https:\\\/\\\/secure.gravatar.com\\\/avatar\\\/3305b76d1667dc119a18808ed03d6a1fc2dfa8b6a1cddecb8c4d27ef14ec32ca?s=96&d=mm&r=g\",\"contentUrl\":\"https:\\\/\\\/secure.gravatar.com\\\/avatar\\\/3305b76d1667dc119a18808ed03d6a1fc2dfa8b6a1cddecb8c4d27ef14ec32ca?s=96&d=mm&r=g\",\"caption\":\"Mevi\"},\"url\":\"https:\\\/\\\/mediaviestinta.fi\\\/mevi2020\\\/author\\\/mediavie\\\/\"}]}<\/script>\n<!-- \/ Yoast SEO plugin. -->","yoast_head_json":{"title":"Media- ja viestint\u00e4tieteellinen seura Mevi ry:n verkkovuosikokous ma 30.3.2020 klo 15 &#8211; Mevi","robots":{"index":"index","follow":"follow","max-snippet":"max-snippet:-1","max-image-preview":"max-image-preview:large","max-video-preview":"max-video-preview:-1"},"canonical":"https:\/\/mediaviestinta.fi\/mevi2020\/2020\/04\/media-ja-viestintatieteellinen-seura-mevi-ryn-verkkovuosikokous-ma-30-3-2020-klo-15\/","og_locale":"fi_FI","og_type":"article","og_title":"Media- ja viestint\u00e4tieteellinen seura Mevi ry:n verkkovuosikokous ma 30.3.2020 klo 15 &#8211; Mevi","og_description":"Koronavirukseen liittyvien toimenpiteiden&nbsp;takia&nbsp;t\u00e4m\u00e4nkertainen vuosikokous j\u00e4rjestet\u00e4\u00e4n yksinomaan verkossa. Kokoukseen osallistuvia pyydet\u00e4\u00e4n ilmoittautumaan&nbsp;s\u00e4hk\u00f6postilla osoitteeseen mevi.sihteeri@gmail.comperjantaihin 27.3. menness\u00e4. Ilmoittautuneille l\u00e4hetet\u00e4\u00e4n kutsu et\u00e4kokoukseen noin tunti ennen kokouksen alkua. Kokousmateriaalit jaetaan yhdistyksen verkkosivujen&hellip;","og_url":"https:\/\/mediaviestinta.fi\/mevi2020\/2020\/04\/media-ja-viestintatieteellinen-seura-mevi-ryn-verkkovuosikokous-ma-30-3-2020-klo-15\/","og_site_name":"Mevi","article_publisher":"https:\/\/www.facebook.com\/MediaViestinta\/","article_published_time":"2020-04-06T12:56:56+00:00","article_modified_time":"2020-05-08T07:41:14+00:00","og_image":[{"width":700,"height":400,"url":"https:\/\/mediaviestinta.fi\/mevi2020\/wp-content\/uploads\/2020\/04\/mevi-artikkeli-placeholder-kuva-01.jpg","type":"image\/jpeg"}],"author":"Mevi","twitter_card":"summary_large_image","twitter_creator":"@mediaviestinta","twitter_site":"@mediaviestinta","twitter_misc":{"Kirjoittanut":"Mevi","Arvioitu lukuaika":"1 minuutti"},"schema":{"@context":"https:\/\/schema.org","@graph":[{"@type":"Article","@id":"https:\/\/mediaviestinta.fi\/mevi2020\/2020\/04\/media-ja-viestintatieteellinen-seura-mevi-ryn-verkkovuosikokous-ma-30-3-2020-klo-15\/#article","isPartOf":{"@id":"https:\/\/mediaviestinta.fi\/mevi2020\/2020\/04\/media-ja-viestintatieteellinen-seura-mevi-ryn-verkkovuosikokous-ma-30-3-2020-klo-15\/"},"author":{"name":"Mevi","@id":"https:\/\/mediaviestinta.fi\/#\/schema\/person\/b2da34ab24cfcd17dbdd6c7cfb173257"},"headline":"Media- ja viestint\u00e4tieteellinen seura Mevi ry:n verkkovuosikokous ma 30.3.2020 klo 15","datePublished":"2020-04-06T12:56:56+00:00","dateModified":"2020-05-08T07:41:14+00:00","mainEntityOfPage":{"@id":"https:\/\/mediaviestinta.fi\/mevi2020\/2020\/04\/media-ja-viestintatieteellinen-seura-mevi-ryn-verkkovuosikokous-ma-30-3-2020-klo-15\/"},"wordCount":197,"commentCount":0,"publisher":{"@id":"https:\/\/mediaviestinta.fi\/#organization"},"image":{"@id":"https:\/\/mediaviestinta.fi\/mevi2020\/2020\/04\/media-ja-viestintatieteellinen-seura-mevi-ryn-verkkovuosikokous-ma-30-3-2020-klo-15\/#primaryimage"},"thumbnailUrl":"https:\/\/mediaviestinta.fi\/mevi2020\/wp-content\/uploads\/2020\/04\/mevi-artikkeli-placeholder-kuva-01.jpg","articleSection":["Ajankohtaista"],"inLanguage":"fi","potentialAction":[{"@type":"CommentAction","name":"Comment","target":["https:\/\/mediaviestinta.fi\/mevi2020\/2020\/04\/media-ja-viestintatieteellinen-seura-mevi-ryn-verkkovuosikokous-ma-30-3-2020-klo-15\/#respond"]}]},{"@type":"WebPage","@id":"https:\/\/mediaviestinta.fi\/mevi2020\/2020\/04\/media-ja-viestintatieteellinen-seura-mevi-ryn-verkkovuosikokous-ma-30-3-2020-klo-15\/","url":"https:\/\/mediaviestinta.fi\/mevi2020\/2020\/04\/media-ja-viestintatieteellinen-seura-mevi-ryn-verkkovuosikokous-ma-30-3-2020-klo-15\/","name":"Media- ja viestint\u00e4tieteellinen seura Mevi ry:n verkkovuosikokous ma 30.3.2020 klo 15 &#8211; Mevi","isPartOf":{"@id":"https:\/\/mediaviestinta.fi\/#website"},"primaryImageOfPage":{"@id":"https:\/\/mediaviestinta.fi\/mevi2020\/2020\/04\/media-ja-viestintatieteellinen-seura-mevi-ryn-verkkovuosikokous-ma-30-3-2020-klo-15\/#primaryimage"},"image":{"@id":"https:\/\/mediaviestinta.fi\/mevi2020\/2020\/04\/media-ja-viestintatieteellinen-seura-mevi-ryn-verkkovuosikokous-ma-30-3-2020-klo-15\/#primaryimage"},"thumbnailUrl":"https:\/\/mediaviestinta.fi\/mevi2020\/wp-content\/uploads\/2020\/04\/mevi-artikkeli-placeholder-kuva-01.jpg","datePublished":"2020-04-06T12:56:56+00:00","dateModified":"2020-05-08T07:41:14+00:00","breadcrumb":{"@id":"https:\/\/mediaviestinta.fi\/mevi2020\/2020\/04\/media-ja-viestintatieteellinen-seura-mevi-ryn-verkkovuosikokous-ma-30-3-2020-klo-15\/#breadcrumb"},"inLanguage":"fi","potentialAction":[{"@type":"ReadAction","target":["https:\/\/mediaviestinta.fi\/mevi2020\/2020\/04\/media-ja-viestintatieteellinen-seura-mevi-ryn-verkkovuosikokous-ma-30-3-2020-klo-15\/"]}]},{"@type":"ImageObject","inLanguage":"fi","@id":"https:\/\/mediaviestinta.fi\/mevi2020\/2020\/04\/media-ja-viestintatieteellinen-seura-mevi-ryn-verkkovuosikokous-ma-30-3-2020-klo-15\/#primaryimage","url":"https:\/\/mediaviestinta.fi\/mevi2020\/wp-content\/uploads\/2020\/04\/mevi-artikkeli-placeholder-kuva-01.jpg","contentUrl":"https:\/\/mediaviestinta.fi\/mevi2020\/wp-content\/uploads\/2020\/04\/mevi-artikkeli-placeholder-kuva-01.jpg","width":700,"height":400},{"@type":"BreadcrumbList","@id":"https:\/\/mediaviestinta.fi\/mevi2020\/2020\/04\/media-ja-viestintatieteellinen-seura-mevi-ryn-verkkovuosikokous-ma-30-3-2020-klo-15\/#breadcrumb","itemListElement":[{"@type":"ListItem","position":1,"name":"Home","item":"https:\/\/mediaviestinta.fi\/"},{"@type":"ListItem","position":2,"name":"Media- ja viestint\u00e4tieteellinen seura Mevi ry:n verkkovuosikokous ma 30.3.2020 klo 15"}]},{"@type":"WebSite","@id":"https:\/\/mediaviestinta.fi\/#website","url":"https:\/\/mediaviestinta.fi\/","name":"Mevi","description":"Media- ja viestint\u00e4tieteellinen seura Mevi","publisher":{"@id":"https:\/\/mediaviestinta.fi\/#organization"},"potentialAction":[{"@type":"SearchAction","target":{"@type":"EntryPoint","urlTemplate":"https:\/\/mediaviestinta.fi\/?s={search_term_string}"},"query-input":{"@type":"PropertyValueSpecification","valueRequired":true,"valueName":"search_term_string"}}],"inLanguage":"fi"},{"@type":"Organization","@id":"https:\/\/mediaviestinta.fi\/#organization","name":"Media- ja viestint\u00e4tieteellinen seura Mevi","url":"https:\/\/mediaviestinta.fi\/","logo":{"@type":"ImageObject","inLanguage":"fi","@id":"https:\/\/mediaviestinta.fi\/#\/schema\/logo\/image\/","url":"https:\/\/mediaviestinta.fi\/mevi2020\/wp-content\/uploads\/2020\/03\/mevi-logo-RGB-Transparent.png","contentUrl":"https:\/\/mediaviestinta.fi\/mevi2020\/wp-content\/uploads\/2020\/03\/mevi-logo-RGB-Transparent.png","width":910,"height":464,"caption":"Media- ja viestint\u00e4tieteellinen seura Mevi"},"image":{"@id":"https:\/\/mediaviestinta.fi\/#\/schema\/logo\/image\/"},"sameAs":["https:\/\/www.facebook.com\/MediaViestinta\/","https:\/\/x.com\/mediaviestinta"]},{"@type":"Person","@id":"https:\/\/mediaviestinta.fi\/#\/schema\/person\/b2da34ab24cfcd17dbdd6c7cfb173257","name":"Mevi","image":{"@type":"ImageObject","inLanguage":"fi","@id":"https:\/\/secure.gravatar.com\/avatar\/3305b76d1667dc119a18808ed03d6a1fc2dfa8b6a1cddecb8c4d27ef14ec32ca?s=96&d=mm&r=g","url":"https:\/\/secure.gravatar.com\/avatar\/3305b76d1667dc119a18808ed03d6a1fc2dfa8b6a1cddecb8c4d27ef14ec32ca?s=96&d=mm&r=g","contentUrl":"https:\/\/secure.gravatar.com\/avatar\/3305b76d1667dc119a18808ed03d6a1fc2dfa8b6a1cddecb8c4d27ef14ec32ca?s=96&d=mm&r=g","caption":"Mevi"},"url":"https:\/\/mediaviestinta.fi\/mevi2020\/author\/mediavie\/"}]}},"_links":{"self":[{"href":"https:\/\/mediaviestinta.fi\/mevi2020\/wp-json\/wp\/v2\/posts\/3659","targetHints":{"allow":["GET"]}}],"collection":[{"href":"https:\/\/mediaviestinta.fi\/mevi2020\/wp-json\/wp\/v2\/posts"}],"about":[{"href":"https:\/\/mediaviestinta.fi\/mevi2020\/wp-json\/wp\/v2\/types\/post"}],"author":[{"embeddable":true,"href":"https:\/\/mediaviestinta.fi\/mevi2020\/wp-json\/wp\/v2\/users\/3"}],"replies":[{"embeddable":true,"href":"https:\/\/mediaviestinta.fi\/mevi2020\/wp-json\/wp\/v2\/comments?post=3659"}],"version-history":[{"count":1,"href":"https:\/\/mediaviestinta.fi\/mevi2020\/wp-json\/wp\/v2\/posts\/3659\/revisions"}],"predecessor-version":[{"id":3661,"href":"https:\/\/mediaviestinta.fi\/mevi2020\/wp-json\/wp\/v2\/posts\/3659\/revisions\/3661"}],"wp:featuredmedia":[{"embeddable":true,"href":"https:\/\/mediaviestinta.fi\/mevi2020\/wp-json\/wp\/v2\/media\/3660"}],"wp:attachment":[{"href":"https:\/\/mediaviestinta.fi\/mevi2020\/wp-json\/wp\/v2\/media?parent=3659"}],"wp:term":[{"taxonomy":"category","embeddable":true,"href":"https:\/\/mediaviestinta.fi\/mevi2020\/wp-json\/wp\/v2\/categories?post=3659"},{"taxonomy":"post_tag","embeddable":true,"href":"https:\/\/mediaviestinta.fi\/mevi2020\/wp-json\/wp\/v2\/tags?post=3659"}],"curies":[{"name":"wp","href":"https:\/\/api.w.org\/{rel}","templated":true}]}}