{"id":3831,"date":"2020-04-27T13:14:00","date_gmt":"2020-04-27T10:14:00","guid":{"rendered":"http:\/\/mediaviestinta.fi\/mevi2020\/?p=3831"},"modified":"2020-05-08T10:41:14","modified_gmt":"2020-05-08T07:41:14","slug":"puheenjohtajalta-jasenten-tuki-on-ensiarvoisen-tarkea","status":"publish","type":"post","link":"https:\/\/mediaviestinta.fi\/mevi2020\/2020\/04\/puheenjohtajalta-jasenten-tuki-on-ensiarvoisen-tarkea\/","title":{"rendered":"Puheenjohtajalta: \u201cJ\u00e4senten tuki on ensiarvoisen t\u00e4rke\u00e4\u201d"},"content":{"rendered":"\n<p>Hyv\u00e4t Mevin j\u00e4senet,<a href=\"https:\/\/mediaviestinta.fi\/mevi2020\/blogi\/wp-content\/uploads\/2020\/04\/Mikko-Villi.jpg\"><\/a><\/p>\n\n\n\n<div class=\"wp-block-image\"><figure class=\"alignright size-large is-resized\"><img fetchpriority=\"high\" decoding=\"async\" src=\"https:\/\/mediaviestinta.fi\/mevi2020\/wp-content\/uploads\/2020\/05\/Mikko-Villi.jpg\" alt=\"\" class=\"wp-image-3832\" width=\"235\" height=\"308\" srcset=\"https:\/\/mediaviestinta.fi\/mevi2020\/wp-content\/uploads\/2020\/05\/Mikko-Villi.jpg 661w, https:\/\/mediaviestinta.fi\/mevi2020\/wp-content\/uploads\/2020\/05\/Mikko-Villi-228x300.jpg 228w, https:\/\/mediaviestinta.fi\/mevi2020\/wp-content\/uploads\/2020\/05\/Mikko-Villi-540x710.jpg 540w\" sizes=\"(max-width: 235px) 100vw, 235px\" \/><figcaption>Mevin puheenjohtaja Mikko Villi<\/figcaption><\/figure><\/div>\n\n\n\n<p>Toivottavasti voitte hyvin ja et\u00e4ty\u00f6arki alkaa asettua uomiinsa n\u00e4iden poikkeusaikojen keskell\u00e4.<\/p>\n\n\n\n<p>L\u00e4hestymme nyt teit\u00e4 j\u00e4senmaksuasioissa. Media- ja viestint\u00e4tieteellinen seura Mevi ry yhdist\u00e4\u00e4 mediaa ja viestint\u00e4\u00e4 tutkivia ja opettavia ihmisi\u00e4. Toimintamme kantavana voimana ovat j\u00e4senmaksut. Ilman niit\u00e4 esimerkiksi Media &amp; viestint\u00e4 -lehden julkaiseminen ei olisi mahdollista. Mevin resursseja vaatii my\u00f6s Median ja viestinn\u00e4n tutkimuksen p\u00e4ivien j\u00e4rjest\u00e4minen sek\u00e4 muiden tapahtumien organisointi. Mevi on aktiivisesti mukana laajemminkin median ja viestinn\u00e4n tutkimusta ja opetusta tukevassa toiminnassa.<\/p>\n\n\n\n<p>Huolta Mevin hallituksessa aiheuttaa se, ett\u00e4 hyvin moni Mevin j\u00e4sen ei ole maksanut j\u00e4senmaksuaan. T\u00e4m\u00e4 aiheuttaa ison loven resursseihimme ja vaikeuttaa toimintaamme merkitt\u00e4v\u00e4sti. J\u00e4senten tuki on ensiarvoisen t\u00e4rke\u00e4\u00e4 suomalaisen median ja viestinn\u00e4n tutkimuksen hyv\u00e4ksi tehdylle ty\u00f6lle ja tutkimustiedon v\u00e4litt\u00e4miselle.<\/p>\n\n\n\n<p>Ty\u00f6n laadusta kertoo muun muassa se, ett\u00e4 Media &amp; viestint\u00e4 -lehti on korotettu Jufo-luokituksessa tasolle 2. Avoimeen julkaisemiseen siirtymisen my\u00f6t\u00e4 lehdess\u00e4 ilmestyneiden artikkelien latausm\u00e4\u00e4r\u00e4t ovat kasvaneet merkitt\u00e4v\u00e4sti. Samalla lehteen tulevien artikkelik\u00e4sikirjoitusten m\u00e4\u00e4r\u00e4 on ilahduttavasti lis\u00e4\u00e4ntynyt, mink\u00e4 takia niiden k\u00e4sittelemiseen tarvittava ty\u00f6m\u00e4\u00e4r\u00e4 on my\u00f6s kasvanut. T\u00e4n\u00e4 vuonna Meville lis\u00e4kustannuksia aiheuttaa my\u00f6s Mevi-p\u00e4ivien siirto koronaviruksen takia.<\/p>\n\n\n\n<p>Monista muista open access -journaaleista poiketen Media &amp; viestint\u00e4 ei ker\u00e4\u00e4 rahaa lehdess\u00e4 julkaisevilta, vaan&nbsp;<strong>toiminta perustuu Mevi ry:n tukeen<\/strong>. Ja t\u00e4m\u00e4 tuki taas on riippuvainen Mevin j\u00e4senten j\u00e4senmaksuista. Vaikka lehte\u00e4 voikin lukea ilmaiseksi, se ei synny ilmaiseksi.<\/p>\n\n\n\n<p>Toivomme syd\u00e4mest\u00e4mme, ett\u00e4 kaikki Mevin j\u00e4senet voisivat maksaa j\u00e4senmaksunsa. Olemme kiitollisia jo vuoden 2020 j\u00e4senmaksunsa maksaneille \u2013 ilman teit\u00e4 toimintamme ei olisi mahdollista.<\/p>\n\n\n\n<p>Jos et ole varma, oletko maksanut vuoden 2020 j\u00e4senmaksuasi tai ep\u00e4ilet laskun h\u00e4vinneen, ota yhteytt\u00e4 yhdistyksen sihteeriin Anna Rantasilaan, mevi.sihteeri@gmail.com. H\u00e4nelt\u00e4 saat laskun j\u00e4senmaksun maksamista varten. Muistathan k\u00e4ytt\u00e4\u00e4 maksaessasi tilinumeroa. Samalla voit p\u00e4ivitt\u00e4\u00e4 yhdistykselle ajantasaiset yhteystietosi.<\/p>\n\n\n\n<p>Mevin hallituksen puolesta,<\/p>\n\n\n\n<p>Mikko Villi<br>Mevin puheenjohtaja<\/p>\n","protected":false},"excerpt":{"rendered":"<p>Hyv\u00e4t Mevin j\u00e4senet, Toivottavasti voitte hyvin ja et\u00e4ty\u00f6arki alkaa asettua uomiinsa n\u00e4iden poikkeusaikojen keskell\u00e4. L\u00e4hestymme nyt teit\u00e4 j\u00e4senmaksuasioissa. Media- ja viestint\u00e4tieteellinen seura Mevi ry yhdist\u00e4\u00e4 mediaa ja viestint\u00e4\u00e4&hellip;<\/p>\n","protected":false},"author":3,"featured_media":3832,"comment_status":"open","ping_status":"closed","sticky":false,"template":"","format":"standard","meta":{"_monsterinsights_skip_tracking":false,"_monsterinsights_sitenote_active":false,"_monsterinsights_sitenote_note":"","_monsterinsights_sitenote_category":0,"footnotes":""},"categories":[76,1],"tags":[46,48,47],"class_list":["post-3831","post","type-post","status-publish","format-standard","has-post-thumbnail","hentry","category-ajankohtaista","category-yleinen","tag-jasenmaksu","tag-mevi","tag-puheenjohtaja"],"yoast_head":"<!-- This site is optimized with the Yoast SEO plugin v27.5 - https:\/\/yoast.com\/product\/yoast-seo-wordpress\/ -->\n<title>Puheenjohtajalta: \u201cJ\u00e4senten tuki on ensiarvoisen t\u00e4rke\u00e4\u201d &#8211; Mevi<\/title>\n<meta name=\"robots\" content=\"index, follow, max-snippet:-1, max-image-preview:large, max-video-preview:-1\" \/>\n<link rel=\"canonical\" href=\"https:\/\/mediaviestinta.fi\/mevi2020\/2020\/04\/puheenjohtajalta-jasenten-tuki-on-ensiarvoisen-tarkea\/\" \/>\n<meta property=\"og:locale\" content=\"fi_FI\" \/>\n<meta property=\"og:type\" content=\"article\" \/>\n<meta property=\"og:title\" content=\"Puheenjohtajalta: \u201cJ\u00e4senten tuki on ensiarvoisen t\u00e4rke\u00e4\u201d &#8211; Mevi\" \/>\n<meta property=\"og:description\" content=\"Hyv\u00e4t Mevin j\u00e4senet, Toivottavasti voitte hyvin ja et\u00e4ty\u00f6arki alkaa asettua uomiinsa n\u00e4iden poikkeusaikojen keskell\u00e4. L\u00e4hestymme nyt teit\u00e4 j\u00e4senmaksuasioissa. Media- ja viestint\u00e4tieteellinen seura Mevi ry yhdist\u00e4\u00e4 mediaa ja viestint\u00e4\u00e4&hellip;\" \/>\n<meta property=\"og:url\" content=\"https:\/\/mediaviestinta.fi\/mevi2020\/2020\/04\/puheenjohtajalta-jasenten-tuki-on-ensiarvoisen-tarkea\/\" \/>\n<meta property=\"og:site_name\" content=\"Mevi\" \/>\n<meta property=\"article:publisher\" content=\"https:\/\/www.facebook.com\/MediaViestinta\/\" \/>\n<meta property=\"article:published_time\" content=\"2020-04-27T10:14:00+00:00\" \/>\n<meta property=\"article:modified_time\" content=\"2020-05-08T07:41:14+00:00\" \/>\n<meta property=\"og:image\" content=\"https:\/\/mediaviestinta.fi\/mevi2020\/wp-content\/uploads\/2020\/05\/Mikko-Villi.jpg\" \/>\n\t<meta property=\"og:image:width\" content=\"661\" \/>\n\t<meta property=\"og:image:height\" content=\"869\" \/>\n\t<meta property=\"og:image:type\" content=\"image\/jpeg\" \/>\n<meta name=\"author\" content=\"Mevi\" \/>\n<meta name=\"twitter:card\" content=\"summary_large_image\" \/>\n<meta name=\"twitter:creator\" content=\"@mediaviestinta\" \/>\n<meta name=\"twitter:site\" content=\"@mediaviestinta\" \/>\n<meta name=\"twitter:label1\" content=\"Kirjoittanut\" \/>\n\t<meta name=\"twitter:data1\" content=\"Mevi\" \/>\n\t<meta name=\"twitter:label2\" content=\"Arvioitu lukuaika\" \/>\n\t<meta name=\"twitter:data2\" content=\"2 minuuttia\" \/>\n<script type=\"application\/ld+json\" class=\"yoast-schema-graph\">{\"@context\":\"https:\\\/\\\/schema.org\",\"@graph\":[{\"@type\":\"Article\",\"@id\":\"https:\\\/\\\/mediaviestinta.fi\\\/mevi2020\\\/2020\\\/04\\\/puheenjohtajalta-jasenten-tuki-on-ensiarvoisen-tarkea\\\/#article\",\"isPartOf\":{\"@id\":\"https:\\\/\\\/mediaviestinta.fi\\\/mevi2020\\\/2020\\\/04\\\/puheenjohtajalta-jasenten-tuki-on-ensiarvoisen-tarkea\\\/\"},\"author\":{\"name\":\"Mevi\",\"@id\":\"https:\\\/\\\/mediaviestinta.fi\\\/#\\\/schema\\\/person\\\/b2da34ab24cfcd17dbdd6c7cfb173257\"},\"headline\":\"Puheenjohtajalta: \u201cJ\u00e4senten tuki on ensiarvoisen t\u00e4rke\u00e4\u201d\",\"datePublished\":\"2020-04-27T10:14:00+00:00\",\"dateModified\":\"2020-05-08T07:41:14+00:00\",\"mainEntityOfPage\":{\"@id\":\"https:\\\/\\\/mediaviestinta.fi\\\/mevi2020\\\/2020\\\/04\\\/puheenjohtajalta-jasenten-tuki-on-ensiarvoisen-tarkea\\\/\"},\"wordCount\":343,\"commentCount\":0,\"publisher\":{\"@id\":\"https:\\\/\\\/mediaviestinta.fi\\\/#organization\"},\"image\":{\"@id\":\"https:\\\/\\\/mediaviestinta.fi\\\/mevi2020\\\/2020\\\/04\\\/puheenjohtajalta-jasenten-tuki-on-ensiarvoisen-tarkea\\\/#primaryimage\"},\"thumbnailUrl\":\"https:\\\/\\\/mediaviestinta.fi\\\/mevi2020\\\/wp-content\\\/uploads\\\/2020\\\/05\\\/Mikko-Villi.jpg\",\"keywords\":[\"j\u00e4senmaksu\",\"mevi\",\"puheenjohtaja\"],\"articleSection\":[\"Ajankohtaista\"],\"inLanguage\":\"fi\",\"potentialAction\":[{\"@type\":\"CommentAction\",\"name\":\"Comment\",\"target\":[\"https:\\\/\\\/mediaviestinta.fi\\\/mevi2020\\\/2020\\\/04\\\/puheenjohtajalta-jasenten-tuki-on-ensiarvoisen-tarkea\\\/#respond\"]}]},{\"@type\":\"WebPage\",\"@id\":\"https:\\\/\\\/mediaviestinta.fi\\\/mevi2020\\\/2020\\\/04\\\/puheenjohtajalta-jasenten-tuki-on-ensiarvoisen-tarkea\\\/\",\"url\":\"https:\\\/\\\/mediaviestinta.fi\\\/mevi2020\\\/2020\\\/04\\\/puheenjohtajalta-jasenten-tuki-on-ensiarvoisen-tarkea\\\/\",\"name\":\"Puheenjohtajalta: \u201cJ\u00e4senten tuki on ensiarvoisen t\u00e4rke\u00e4\u201d &#8211; Mevi\",\"isPartOf\":{\"@id\":\"https:\\\/\\\/mediaviestinta.fi\\\/#website\"},\"primaryImageOfPage\":{\"@id\":\"https:\\\/\\\/mediaviestinta.fi\\\/mevi2020\\\/2020\\\/04\\\/puheenjohtajalta-jasenten-tuki-on-ensiarvoisen-tarkea\\\/#primaryimage\"},\"image\":{\"@id\":\"https:\\\/\\\/mediaviestinta.fi\\\/mevi2020\\\/2020\\\/04\\\/puheenjohtajalta-jasenten-tuki-on-ensiarvoisen-tarkea\\\/#primaryimage\"},\"thumbnailUrl\":\"https:\\\/\\\/mediaviestinta.fi\\\/mevi2020\\\/wp-content\\\/uploads\\\/2020\\\/05\\\/Mikko-Villi.jpg\",\"datePublished\":\"2020-04-27T10:14:00+00:00\",\"dateModified\":\"2020-05-08T07:41:14+00:00\",\"breadcrumb\":{\"@id\":\"https:\\\/\\\/mediaviestinta.fi\\\/mevi2020\\\/2020\\\/04\\\/puheenjohtajalta-jasenten-tuki-on-ensiarvoisen-tarkea\\\/#breadcrumb\"},\"inLanguage\":\"fi\",\"potentialAction\":[{\"@type\":\"ReadAction\",\"target\":[\"https:\\\/\\\/mediaviestinta.fi\\\/mevi2020\\\/2020\\\/04\\\/puheenjohtajalta-jasenten-tuki-on-ensiarvoisen-tarkea\\\/\"]}]},{\"@type\":\"ImageObject\",\"inLanguage\":\"fi\",\"@id\":\"https:\\\/\\\/mediaviestinta.fi\\\/mevi2020\\\/2020\\\/04\\\/puheenjohtajalta-jasenten-tuki-on-ensiarvoisen-tarkea\\\/#primaryimage\",\"url\":\"https:\\\/\\\/mediaviestinta.fi\\\/mevi2020\\\/wp-content\\\/uploads\\\/2020\\\/05\\\/Mikko-Villi.jpg\",\"contentUrl\":\"https:\\\/\\\/mediaviestinta.fi\\\/mevi2020\\\/wp-content\\\/uploads\\\/2020\\\/05\\\/Mikko-Villi.jpg\",\"width\":661,\"height\":869},{\"@type\":\"BreadcrumbList\",\"@id\":\"https:\\\/\\\/mediaviestinta.fi\\\/mevi2020\\\/2020\\\/04\\\/puheenjohtajalta-jasenten-tuki-on-ensiarvoisen-tarkea\\\/#breadcrumb\",\"itemListElement\":[{\"@type\":\"ListItem\",\"position\":1,\"name\":\"Home\",\"item\":\"https:\\\/\\\/mediaviestinta.fi\\\/\"},{\"@type\":\"ListItem\",\"position\":2,\"name\":\"Puheenjohtajalta: \u201cJ\u00e4senten tuki on ensiarvoisen t\u00e4rke\u00e4\u201d\"}]},{\"@type\":\"WebSite\",\"@id\":\"https:\\\/\\\/mediaviestinta.fi\\\/#website\",\"url\":\"https:\\\/\\\/mediaviestinta.fi\\\/\",\"name\":\"Mevi\",\"description\":\"Media- ja viestint\u00e4tieteellinen seura Mevi\",\"publisher\":{\"@id\":\"https:\\\/\\\/mediaviestinta.fi\\\/#organization\"},\"potentialAction\":[{\"@type\":\"SearchAction\",\"target\":{\"@type\":\"EntryPoint\",\"urlTemplate\":\"https:\\\/\\\/mediaviestinta.fi\\\/?s={search_term_string}\"},\"query-input\":{\"@type\":\"PropertyValueSpecification\",\"valueRequired\":true,\"valueName\":\"search_term_string\"}}],\"inLanguage\":\"fi\"},{\"@type\":\"Organization\",\"@id\":\"https:\\\/\\\/mediaviestinta.fi\\\/#organization\",\"name\":\"Media- ja viestint\u00e4tieteellinen seura Mevi\",\"url\":\"https:\\\/\\\/mediaviestinta.fi\\\/\",\"logo\":{\"@type\":\"ImageObject\",\"inLanguage\":\"fi\",\"@id\":\"https:\\\/\\\/mediaviestinta.fi\\\/#\\\/schema\\\/logo\\\/image\\\/\",\"url\":\"https:\\\/\\\/mediaviestinta.fi\\\/mevi2020\\\/wp-content\\\/uploads\\\/2020\\\/03\\\/mevi-logo-RGB-Transparent.png\",\"contentUrl\":\"https:\\\/\\\/mediaviestinta.fi\\\/mevi2020\\\/wp-content\\\/uploads\\\/2020\\\/03\\\/mevi-logo-RGB-Transparent.png\",\"width\":910,\"height\":464,\"caption\":\"Media- ja viestint\u00e4tieteellinen seura Mevi\"},\"image\":{\"@id\":\"https:\\\/\\\/mediaviestinta.fi\\\/#\\\/schema\\\/logo\\\/image\\\/\"},\"sameAs\":[\"https:\\\/\\\/www.facebook.com\\\/MediaViestinta\\\/\",\"https:\\\/\\\/x.com\\\/mediaviestinta\"]},{\"@type\":\"Person\",\"@id\":\"https:\\\/\\\/mediaviestinta.fi\\\/#\\\/schema\\\/person\\\/b2da34ab24cfcd17dbdd6c7cfb173257\",\"name\":\"Mevi\",\"image\":{\"@type\":\"ImageObject\",\"inLanguage\":\"fi\",\"@id\":\"https:\\\/\\\/secure.gravatar.com\\\/avatar\\\/3305b76d1667dc119a18808ed03d6a1fc2dfa8b6a1cddecb8c4d27ef14ec32ca?s=96&d=mm&r=g\",\"url\":\"https:\\\/\\\/secure.gravatar.com\\\/avatar\\\/3305b76d1667dc119a18808ed03d6a1fc2dfa8b6a1cddecb8c4d27ef14ec32ca?s=96&d=mm&r=g\",\"contentUrl\":\"https:\\\/\\\/secure.gravatar.com\\\/avatar\\\/3305b76d1667dc119a18808ed03d6a1fc2dfa8b6a1cddecb8c4d27ef14ec32ca?s=96&d=mm&r=g\",\"caption\":\"Mevi\"},\"url\":\"https:\\\/\\\/mediaviestinta.fi\\\/mevi2020\\\/author\\\/mediavie\\\/\"}]}<\/script>\n<!-- \/ Yoast SEO plugin. -->","yoast_head_json":{"title":"Puheenjohtajalta: \u201cJ\u00e4senten tuki on ensiarvoisen t\u00e4rke\u00e4\u201d &#8211; Mevi","robots":{"index":"index","follow":"follow","max-snippet":"max-snippet:-1","max-image-preview":"max-image-preview:large","max-video-preview":"max-video-preview:-1"},"canonical":"https:\/\/mediaviestinta.fi\/mevi2020\/2020\/04\/puheenjohtajalta-jasenten-tuki-on-ensiarvoisen-tarkea\/","og_locale":"fi_FI","og_type":"article","og_title":"Puheenjohtajalta: \u201cJ\u00e4senten tuki on ensiarvoisen t\u00e4rke\u00e4\u201d &#8211; Mevi","og_description":"Hyv\u00e4t Mevin j\u00e4senet, Toivottavasti voitte hyvin ja et\u00e4ty\u00f6arki alkaa asettua uomiinsa n\u00e4iden poikkeusaikojen keskell\u00e4. L\u00e4hestymme nyt teit\u00e4 j\u00e4senmaksuasioissa. Media- ja viestint\u00e4tieteellinen seura Mevi ry yhdist\u00e4\u00e4 mediaa ja viestint\u00e4\u00e4&hellip;","og_url":"https:\/\/mediaviestinta.fi\/mevi2020\/2020\/04\/puheenjohtajalta-jasenten-tuki-on-ensiarvoisen-tarkea\/","og_site_name":"Mevi","article_publisher":"https:\/\/www.facebook.com\/MediaViestinta\/","article_published_time":"2020-04-27T10:14:00+00:00","article_modified_time":"2020-05-08T07:41:14+00:00","og_image":[{"width":661,"height":869,"url":"https:\/\/mediaviestinta.fi\/mevi2020\/wp-content\/uploads\/2020\/05\/Mikko-Villi.jpg","type":"image\/jpeg"}],"author":"Mevi","twitter_card":"summary_large_image","twitter_creator":"@mediaviestinta","twitter_site":"@mediaviestinta","twitter_misc":{"Kirjoittanut":"Mevi","Arvioitu lukuaika":"2 minuuttia"},"schema":{"@context":"https:\/\/schema.org","@graph":[{"@type":"Article","@id":"https:\/\/mediaviestinta.fi\/mevi2020\/2020\/04\/puheenjohtajalta-jasenten-tuki-on-ensiarvoisen-tarkea\/#article","isPartOf":{"@id":"https:\/\/mediaviestinta.fi\/mevi2020\/2020\/04\/puheenjohtajalta-jasenten-tuki-on-ensiarvoisen-tarkea\/"},"author":{"name":"Mevi","@id":"https:\/\/mediaviestinta.fi\/#\/schema\/person\/b2da34ab24cfcd17dbdd6c7cfb173257"},"headline":"Puheenjohtajalta: \u201cJ\u00e4senten tuki on ensiarvoisen t\u00e4rke\u00e4\u201d","datePublished":"2020-04-27T10:14:00+00:00","dateModified":"2020-05-08T07:41:14+00:00","mainEntityOfPage":{"@id":"https:\/\/mediaviestinta.fi\/mevi2020\/2020\/04\/puheenjohtajalta-jasenten-tuki-on-ensiarvoisen-tarkea\/"},"wordCount":343,"commentCount":0,"publisher":{"@id":"https:\/\/mediaviestinta.fi\/#organization"},"image":{"@id":"https:\/\/mediaviestinta.fi\/mevi2020\/2020\/04\/puheenjohtajalta-jasenten-tuki-on-ensiarvoisen-tarkea\/#primaryimage"},"thumbnailUrl":"https:\/\/mediaviestinta.fi\/mevi2020\/wp-content\/uploads\/2020\/05\/Mikko-Villi.jpg","keywords":["j\u00e4senmaksu","mevi","puheenjohtaja"],"articleSection":["Ajankohtaista"],"inLanguage":"fi","potentialAction":[{"@type":"CommentAction","name":"Comment","target":["https:\/\/mediaviestinta.fi\/mevi2020\/2020\/04\/puheenjohtajalta-jasenten-tuki-on-ensiarvoisen-tarkea\/#respond"]}]},{"@type":"WebPage","@id":"https:\/\/mediaviestinta.fi\/mevi2020\/2020\/04\/puheenjohtajalta-jasenten-tuki-on-ensiarvoisen-tarkea\/","url":"https:\/\/mediaviestinta.fi\/mevi2020\/2020\/04\/puheenjohtajalta-jasenten-tuki-on-ensiarvoisen-tarkea\/","name":"Puheenjohtajalta: \u201cJ\u00e4senten tuki on ensiarvoisen t\u00e4rke\u00e4\u201d &#8211; Mevi","isPartOf":{"@id":"https:\/\/mediaviestinta.fi\/#website"},"primaryImageOfPage":{"@id":"https:\/\/mediaviestinta.fi\/mevi2020\/2020\/04\/puheenjohtajalta-jasenten-tuki-on-ensiarvoisen-tarkea\/#primaryimage"},"image":{"@id":"https:\/\/mediaviestinta.fi\/mevi2020\/2020\/04\/puheenjohtajalta-jasenten-tuki-on-ensiarvoisen-tarkea\/#primaryimage"},"thumbnailUrl":"https:\/\/mediaviestinta.fi\/mevi2020\/wp-content\/uploads\/2020\/05\/Mikko-Villi.jpg","datePublished":"2020-04-27T10:14:00+00:00","dateModified":"2020-05-08T07:41:14+00:00","breadcrumb":{"@id":"https:\/\/mediaviestinta.fi\/mevi2020\/2020\/04\/puheenjohtajalta-jasenten-tuki-on-ensiarvoisen-tarkea\/#breadcrumb"},"inLanguage":"fi","potentialAction":[{"@type":"ReadAction","target":["https:\/\/mediaviestinta.fi\/mevi2020\/2020\/04\/puheenjohtajalta-jasenten-tuki-on-ensiarvoisen-tarkea\/"]}]},{"@type":"ImageObject","inLanguage":"fi","@id":"https:\/\/mediaviestinta.fi\/mevi2020\/2020\/04\/puheenjohtajalta-jasenten-tuki-on-ensiarvoisen-tarkea\/#primaryimage","url":"https:\/\/mediaviestinta.fi\/mevi2020\/wp-content\/uploads\/2020\/05\/Mikko-Villi.jpg","contentUrl":"https:\/\/mediaviestinta.fi\/mevi2020\/wp-content\/uploads\/2020\/05\/Mikko-Villi.jpg","width":661,"height":869},{"@type":"BreadcrumbList","@id":"https:\/\/mediaviestinta.fi\/mevi2020\/2020\/04\/puheenjohtajalta-jasenten-tuki-on-ensiarvoisen-tarkea\/#breadcrumb","itemListElement":[{"@type":"ListItem","position":1,"name":"Home","item":"https:\/\/mediaviestinta.fi\/"},{"@type":"ListItem","position":2,"name":"Puheenjohtajalta: \u201cJ\u00e4senten tuki on ensiarvoisen t\u00e4rke\u00e4\u201d"}]},{"@type":"WebSite","@id":"https:\/\/mediaviestinta.fi\/#website","url":"https:\/\/mediaviestinta.fi\/","name":"Mevi","description":"Media- ja viestint\u00e4tieteellinen seura Mevi","publisher":{"@id":"https:\/\/mediaviestinta.fi\/#organization"},"potentialAction":[{"@type":"SearchAction","target":{"@type":"EntryPoint","urlTemplate":"https:\/\/mediaviestinta.fi\/?s={search_term_string}"},"query-input":{"@type":"PropertyValueSpecification","valueRequired":true,"valueName":"search_term_string"}}],"inLanguage":"fi"},{"@type":"Organization","@id":"https:\/\/mediaviestinta.fi\/#organization","name":"Media- ja viestint\u00e4tieteellinen seura Mevi","url":"https:\/\/mediaviestinta.fi\/","logo":{"@type":"ImageObject","inLanguage":"fi","@id":"https:\/\/mediaviestinta.fi\/#\/schema\/logo\/image\/","url":"https:\/\/mediaviestinta.fi\/mevi2020\/wp-content\/uploads\/2020\/03\/mevi-logo-RGB-Transparent.png","contentUrl":"https:\/\/mediaviestinta.fi\/mevi2020\/wp-content\/uploads\/2020\/03\/mevi-logo-RGB-Transparent.png","width":910,"height":464,"caption":"Media- ja viestint\u00e4tieteellinen seura Mevi"},"image":{"@id":"https:\/\/mediaviestinta.fi\/#\/schema\/logo\/image\/"},"sameAs":["https:\/\/www.facebook.com\/MediaViestinta\/","https:\/\/x.com\/mediaviestinta"]},{"@type":"Person","@id":"https:\/\/mediaviestinta.fi\/#\/schema\/person\/b2da34ab24cfcd17dbdd6c7cfb173257","name":"Mevi","image":{"@type":"ImageObject","inLanguage":"fi","@id":"https:\/\/secure.gravatar.com\/avatar\/3305b76d1667dc119a18808ed03d6a1fc2dfa8b6a1cddecb8c4d27ef14ec32ca?s=96&d=mm&r=g","url":"https:\/\/secure.gravatar.com\/avatar\/3305b76d1667dc119a18808ed03d6a1fc2dfa8b6a1cddecb8c4d27ef14ec32ca?s=96&d=mm&r=g","contentUrl":"https:\/\/secure.gravatar.com\/avatar\/3305b76d1667dc119a18808ed03d6a1fc2dfa8b6a1cddecb8c4d27ef14ec32ca?s=96&d=mm&r=g","caption":"Mevi"},"url":"https:\/\/mediaviestinta.fi\/mevi2020\/author\/mediavie\/"}]}},"_links":{"self":[{"href":"https:\/\/mediaviestinta.fi\/mevi2020\/wp-json\/wp\/v2\/posts\/3831","targetHints":{"allow":["GET"]}}],"collection":[{"href":"https:\/\/mediaviestinta.fi\/mevi2020\/wp-json\/wp\/v2\/posts"}],"about":[{"href":"https:\/\/mediaviestinta.fi\/mevi2020\/wp-json\/wp\/v2\/types\/post"}],"author":[{"embeddable":true,"href":"https:\/\/mediaviestinta.fi\/mevi2020\/wp-json\/wp\/v2\/users\/3"}],"replies":[{"embeddable":true,"href":"https:\/\/mediaviestinta.fi\/mevi2020\/wp-json\/wp\/v2\/comments?post=3831"}],"version-history":[{"count":1,"href":"https:\/\/mediaviestinta.fi\/mevi2020\/wp-json\/wp\/v2\/posts\/3831\/revisions"}],"predecessor-version":[{"id":3833,"href":"https:\/\/mediaviestinta.fi\/mevi2020\/wp-json\/wp\/v2\/posts\/3831\/revisions\/3833"}],"wp:featuredmedia":[{"embeddable":true,"href":"https:\/\/mediaviestinta.fi\/mevi2020\/wp-json\/wp\/v2\/media\/3832"}],"wp:attachment":[{"href":"https:\/\/mediaviestinta.fi\/mevi2020\/wp-json\/wp\/v2\/media?parent=3831"}],"wp:term":[{"taxonomy":"category","embeddable":true,"href":"https:\/\/mediaviestinta.fi\/mevi2020\/wp-json\/wp\/v2\/categories?post=3831"},{"taxonomy":"post_tag","embeddable":true,"href":"https:\/\/mediaviestinta.fi\/mevi2020\/wp-json\/wp\/v2\/tags?post=3831"}],"curies":[{"name":"wp","href":"https:\/\/api.w.org\/{rel}","templated":true}]}}