{"id":3842,"date":"2020-02-15T13:36:00","date_gmt":"2020-02-15T11:36:00","guid":{"rendered":"http:\/\/mediaviestinta.fi\/mevi2020\/?p=3842"},"modified":"2020-05-08T10:41:14","modified_gmt":"2020-05-08T07:41:14","slug":"mediakritiikin-iltapaiva-11-2-2020-tampereella","status":"publish","type":"post","link":"https:\/\/mediaviestinta.fi\/mevi2020\/2020\/02\/mediakritiikin-iltapaiva-11-2-2020-tampereella\/","title":{"rendered":"Mediakritiikin iltap\u00e4iv\u00e4 11.2.2020 Tampereella"},"content":{"rendered":"\n<h3 class=\"wp-block-heading\"><strong>Media ja sukupolvien moninaisuus<\/strong><\/h3>\n\n\n\n<div class=\"wp-block-image\"><figure class=\"alignright size-large is-resized\"><img fetchpriority=\"high\" decoding=\"async\" src=\"https:\/\/mediaviestinta.fi\/mevi2020\/wp-content\/uploads\/2020\/05\/mkipjuliste2020-730x1024.jpg\" alt=\"\" class=\"wp-image-3843\" width=\"298\" height=\"417\" srcset=\"https:\/\/mediaviestinta.fi\/mevi2020\/wp-content\/uploads\/2020\/05\/mkipjuliste2020-730x1024.jpg 730w, https:\/\/mediaviestinta.fi\/mevi2020\/wp-content\/uploads\/2020\/05\/mkipjuliste2020-214x300.jpg 214w, https:\/\/mediaviestinta.fi\/mevi2020\/wp-content\/uploads\/2020\/05\/mkipjuliste2020-540x757.jpg 540w, https:\/\/mediaviestinta.fi\/mevi2020\/wp-content\/uploads\/2020\/05\/mkipjuliste2020.jpg 733w\" sizes=\"(max-width: 298px) 100vw, 298px\" \/><\/figure><\/div>\n\n\n\n<p><strong>Mediakritiikin iltap\u00e4iv\u00e4 kirjastotalo Metsossa (Lehmus-sali) tiistaina 11. helmikuuta kello 17.00\u201319.00<\/strong><\/p>\n\n\n\n<p>Milloin ja miksi ihmisen i\u00e4st\u00e4 tulee mediassa puheenaihe? Keskustelemassa ik\u00e4\u00e4ntyneiden mediasuhteita tutkinut<strong>&nbsp;Sanna Kivim\u00e4ki<\/strong>&nbsp;COMETista, toimittaja&nbsp;<strong>Orna Ben Lulu<\/strong>&nbsp;nuorten media RAREsta,&nbsp;sukupolvien v\u00e4lisest\u00e4 oikeudenmukaisuudesta tietokirjaileva&nbsp;vapaa toimittaja&nbsp;<strong>Tuija Siltam\u00e4ki<\/strong>, opiskelija&nbsp;<strong>Tuomas Marenk<\/strong>&nbsp;Tampereen klassillisen lukion mediakritiikin iltap\u00e4iv\u00e4 -ty\u00f6ryhm\u00e4st\u00e4 sek\u00e4&nbsp;<strong>Iita Kettunen<\/strong>&nbsp;Tampereen Entiset Nuoret -verkostosta. Keskusteluttajina toimivat tutkijat&nbsp;<strong>Mikko Hautakangas<\/strong>&nbsp;COMETista ja&nbsp;<strong>Auli Harju<\/strong>&nbsp;Tampereen yliopiston yhteiskuntatieteiden tiedekunnasta.<\/p>\n\n\n\n<p><strong>Tilaisuus on kaikille avoin ja maksuton, tervetuloa!<\/strong><\/p>\n\n\n\n<p>Mediakritiikin iltap\u00e4iv\u00e4&nbsp;on osa valtakunnallista&nbsp;<strong><a href=\"http:\/\/www.mediataitokoulu.fi\/index.php?option=com_content&amp;view=article&amp;id=1&amp;Itemid=401&amp;lang=fi\">Mediataitoviikkoa<\/a><\/strong>, jota koordinoi Kansallinen audiovisuaalinen instituutti (KAVI). Viikon tavoitteena on kehitt\u00e4\u00e4 lasten, nuorten ja aikuisten mediataitoja sek\u00e4 vahvistaa aikuisten valmiuksia mediakasvatukseen.&nbsp;Toteutamme tapahtuman yhteisty\u00f6ss\u00e4 Mevi ry:n,&nbsp;<a href=\"https:\/\/journal.fi\/mediaviestinta\/index\">Media &amp; Viestint\u00e4<\/a>&nbsp;-lehden sek\u00e4&nbsp;<a href=\"https:\/\/www.tampere.fi\/kulttuuri-ja-vapaa-aika\/kirjastot.html\">Tampereen kaupunginkirjaston<\/a>&nbsp;kanssa. Vuoden 2020 tapahtuma j\u00e4rjestet\u00e4\u00e4n osana lukioyhteisty\u00f6hanketta&nbsp;<a href=\"https:\/\/research.uta.fi\/comet\/toisenasteenyhteys\/\">Viestint\u00e4- ja mediatutkimuksen toisen asteen yhteys<\/a>, jota rahoittaa C.V. \u00c5kerlundin medias\u00e4\u00e4ti\u00f6.<\/p>\n\n\n\n<p>Ensimm\u00e4inen Mediakritiikin iltap\u00e4iv\u00e4&nbsp;<strong>2018<\/strong>&nbsp;pidettiin otsikolla&nbsp;<a href=\"https:\/\/mediaviestinta.fi\/mevi2020\/blogi\/mediakritiikin-iltapaiva-tampereen-paakirjasto-metsossa-perjantaina-9-2-klo-16-alkaen\/\">Media ja vaikuttaminen.&nbsp;<\/a>Vuonna&nbsp;<strong>2019<\/strong>&nbsp;keskusteltiin otsikolla&nbsp;<a href=\"https:\/\/mediaviestinta.fi\/mevi2020\/blogi\/wp-content\/uploads\/2019\/01\/MKIP_juliste_2019.jpg\">Media ja tulevaisuus<\/a>. Yhteenveto vuoden 2019 Mediakritiikin iltap\u00e4iv\u00e4n keskusteluista on luettavissa&nbsp;<a href=\"https:\/\/mediaviestinta.fi\/mevi2020\/blogi\/tulevaisuuden-kuvitteleminen-ja-tekeminen-puhuttivat-mediakritiikin-iltapaivassa\/\">Media &amp; Viestint\u00e4 -blogissa<\/a>.<\/p>\n\n\n\n<p><strong>Lis\u00e4tietoja<\/strong>:<br>Satu Sepp\u00e4, satu.seppa at tuni.fi, 040 190 4131<br>Mikko Hautakangas, mikko.hautakangas at tuni.fi,&nbsp;040 190 1363<\/p>\n","protected":false},"excerpt":{"rendered":"<p>Media ja sukupolvien moninaisuus Mediakritiikin iltap\u00e4iv\u00e4 kirjastotalo Metsossa (Lehmus-sali) tiistaina 11. helmikuuta kello 17.00\u201319.00 Milloin ja miksi ihmisen i\u00e4st\u00e4 tulee mediassa puheenaihe? Keskustelemassa ik\u00e4\u00e4ntyneiden mediasuhteita tutkinut&nbsp;Sanna Kivim\u00e4ki&nbsp;COMETista, toimittaja&nbsp;Orna&hellip;<\/p>\n","protected":false},"author":3,"featured_media":3843,"comment_status":"open","ping_status":"closed","sticky":false,"template":"","format":"standard","meta":{"_monsterinsights_skip_tracking":false,"_monsterinsights_sitenote_active":false,"_monsterinsights_sitenote_note":"","_monsterinsights_sitenote_category":0,"footnotes":""},"categories":[76,1],"tags":[],"class_list":["post-3842","post","type-post","status-publish","format-standard","has-post-thumbnail","hentry","category-ajankohtaista","category-yleinen"],"yoast_head":"<!-- This site is optimized with the Yoast SEO plugin v27.5 - https:\/\/yoast.com\/product\/yoast-seo-wordpress\/ -->\n<title>Mediakritiikin iltap\u00e4iv\u00e4 11.2.2020 Tampereella &#8211; Mevi<\/title>\n<meta name=\"robots\" content=\"index, follow, max-snippet:-1, max-image-preview:large, max-video-preview:-1\" \/>\n<link rel=\"canonical\" href=\"https:\/\/mediaviestinta.fi\/mevi2020\/2020\/02\/mediakritiikin-iltapaiva-11-2-2020-tampereella\/\" \/>\n<meta property=\"og:locale\" content=\"fi_FI\" \/>\n<meta property=\"og:type\" content=\"article\" \/>\n<meta property=\"og:title\" content=\"Mediakritiikin iltap\u00e4iv\u00e4 11.2.2020 Tampereella &#8211; Mevi\" \/>\n<meta property=\"og:description\" content=\"Media ja sukupolvien moninaisuus Mediakritiikin iltap\u00e4iv\u00e4 kirjastotalo Metsossa (Lehmus-sali) tiistaina 11. helmikuuta kello 17.00\u201319.00 Milloin ja miksi ihmisen i\u00e4st\u00e4 tulee mediassa puheenaihe? Keskustelemassa ik\u00e4\u00e4ntyneiden mediasuhteita tutkinut&nbsp;Sanna Kivim\u00e4ki&nbsp;COMETista, toimittaja&nbsp;Orna&hellip;\" \/>\n<meta property=\"og:url\" content=\"https:\/\/mediaviestinta.fi\/mevi2020\/2020\/02\/mediakritiikin-iltapaiva-11-2-2020-tampereella\/\" \/>\n<meta property=\"og:site_name\" content=\"Mevi\" \/>\n<meta property=\"article:publisher\" content=\"https:\/\/www.facebook.com\/MediaViestinta\/\" \/>\n<meta property=\"article:published_time\" content=\"2020-02-15T11:36:00+00:00\" \/>\n<meta property=\"article:modified_time\" content=\"2020-05-08T07:41:14+00:00\" \/>\n<meta property=\"og:image\" content=\"https:\/\/mediaviestinta.fi\/mevi2020\/wp-content\/uploads\/2020\/05\/mkipjuliste2020.jpg\" \/>\n\t<meta property=\"og:image:width\" content=\"733\" \/>\n\t<meta property=\"og:image:height\" content=\"1028\" \/>\n\t<meta property=\"og:image:type\" content=\"image\/jpeg\" \/>\n<meta name=\"author\" content=\"Mevi\" \/>\n<meta name=\"twitter:card\" content=\"summary_large_image\" \/>\n<meta name=\"twitter:creator\" content=\"@mediaviestinta\" \/>\n<meta name=\"twitter:site\" content=\"@mediaviestinta\" \/>\n<meta name=\"twitter:label1\" content=\"Kirjoittanut\" \/>\n\t<meta name=\"twitter:data1\" content=\"Mevi\" \/>\n\t<meta name=\"twitter:label2\" content=\"Arvioitu lukuaika\" \/>\n\t<meta name=\"twitter:data2\" content=\"1 minuutti\" \/>\n<script type=\"application\/ld+json\" class=\"yoast-schema-graph\">{\"@context\":\"https:\\\/\\\/schema.org\",\"@graph\":[{\"@type\":\"Article\",\"@id\":\"https:\\\/\\\/mediaviestinta.fi\\\/mevi2020\\\/2020\\\/02\\\/mediakritiikin-iltapaiva-11-2-2020-tampereella\\\/#article\",\"isPartOf\":{\"@id\":\"https:\\\/\\\/mediaviestinta.fi\\\/mevi2020\\\/2020\\\/02\\\/mediakritiikin-iltapaiva-11-2-2020-tampereella\\\/\"},\"author\":{\"name\":\"Mevi\",\"@id\":\"https:\\\/\\\/mediaviestinta.fi\\\/#\\\/schema\\\/person\\\/b2da34ab24cfcd17dbdd6c7cfb173257\"},\"headline\":\"Mediakritiikin iltap\u00e4iv\u00e4 11.2.2020 Tampereella\",\"datePublished\":\"2020-02-15T11:36:00+00:00\",\"dateModified\":\"2020-05-08T07:41:14+00:00\",\"mainEntityOfPage\":{\"@id\":\"https:\\\/\\\/mediaviestinta.fi\\\/mevi2020\\\/2020\\\/02\\\/mediakritiikin-iltapaiva-11-2-2020-tampereella\\\/\"},\"wordCount\":232,\"commentCount\":0,\"publisher\":{\"@id\":\"https:\\\/\\\/mediaviestinta.fi\\\/#organization\"},\"image\":{\"@id\":\"https:\\\/\\\/mediaviestinta.fi\\\/mevi2020\\\/2020\\\/02\\\/mediakritiikin-iltapaiva-11-2-2020-tampereella\\\/#primaryimage\"},\"thumbnailUrl\":\"https:\\\/\\\/mediaviestinta.fi\\\/mevi2020\\\/wp-content\\\/uploads\\\/2020\\\/05\\\/mkipjuliste2020.jpg\",\"articleSection\":[\"Ajankohtaista\"],\"inLanguage\":\"fi\",\"potentialAction\":[{\"@type\":\"CommentAction\",\"name\":\"Comment\",\"target\":[\"https:\\\/\\\/mediaviestinta.fi\\\/mevi2020\\\/2020\\\/02\\\/mediakritiikin-iltapaiva-11-2-2020-tampereella\\\/#respond\"]}]},{\"@type\":\"WebPage\",\"@id\":\"https:\\\/\\\/mediaviestinta.fi\\\/mevi2020\\\/2020\\\/02\\\/mediakritiikin-iltapaiva-11-2-2020-tampereella\\\/\",\"url\":\"https:\\\/\\\/mediaviestinta.fi\\\/mevi2020\\\/2020\\\/02\\\/mediakritiikin-iltapaiva-11-2-2020-tampereella\\\/\",\"name\":\"Mediakritiikin iltap\u00e4iv\u00e4 11.2.2020 Tampereella &#8211; Mevi\",\"isPartOf\":{\"@id\":\"https:\\\/\\\/mediaviestinta.fi\\\/#website\"},\"primaryImageOfPage\":{\"@id\":\"https:\\\/\\\/mediaviestinta.fi\\\/mevi2020\\\/2020\\\/02\\\/mediakritiikin-iltapaiva-11-2-2020-tampereella\\\/#primaryimage\"},\"image\":{\"@id\":\"https:\\\/\\\/mediaviestinta.fi\\\/mevi2020\\\/2020\\\/02\\\/mediakritiikin-iltapaiva-11-2-2020-tampereella\\\/#primaryimage\"},\"thumbnailUrl\":\"https:\\\/\\\/mediaviestinta.fi\\\/mevi2020\\\/wp-content\\\/uploads\\\/2020\\\/05\\\/mkipjuliste2020.jpg\",\"datePublished\":\"2020-02-15T11:36:00+00:00\",\"dateModified\":\"2020-05-08T07:41:14+00:00\",\"breadcrumb\":{\"@id\":\"https:\\\/\\\/mediaviestinta.fi\\\/mevi2020\\\/2020\\\/02\\\/mediakritiikin-iltapaiva-11-2-2020-tampereella\\\/#breadcrumb\"},\"inLanguage\":\"fi\",\"potentialAction\":[{\"@type\":\"ReadAction\",\"target\":[\"https:\\\/\\\/mediaviestinta.fi\\\/mevi2020\\\/2020\\\/02\\\/mediakritiikin-iltapaiva-11-2-2020-tampereella\\\/\"]}]},{\"@type\":\"ImageObject\",\"inLanguage\":\"fi\",\"@id\":\"https:\\\/\\\/mediaviestinta.fi\\\/mevi2020\\\/2020\\\/02\\\/mediakritiikin-iltapaiva-11-2-2020-tampereella\\\/#primaryimage\",\"url\":\"https:\\\/\\\/mediaviestinta.fi\\\/mevi2020\\\/wp-content\\\/uploads\\\/2020\\\/05\\\/mkipjuliste2020.jpg\",\"contentUrl\":\"https:\\\/\\\/mediaviestinta.fi\\\/mevi2020\\\/wp-content\\\/uploads\\\/2020\\\/05\\\/mkipjuliste2020.jpg\",\"width\":733,\"height\":1028},{\"@type\":\"BreadcrumbList\",\"@id\":\"https:\\\/\\\/mediaviestinta.fi\\\/mevi2020\\\/2020\\\/02\\\/mediakritiikin-iltapaiva-11-2-2020-tampereella\\\/#breadcrumb\",\"itemListElement\":[{\"@type\":\"ListItem\",\"position\":1,\"name\":\"Home\",\"item\":\"https:\\\/\\\/mediaviestinta.fi\\\/\"},{\"@type\":\"ListItem\",\"position\":2,\"name\":\"Mediakritiikin iltap\u00e4iv\u00e4 11.2.2020 Tampereella\"}]},{\"@type\":\"WebSite\",\"@id\":\"https:\\\/\\\/mediaviestinta.fi\\\/#website\",\"url\":\"https:\\\/\\\/mediaviestinta.fi\\\/\",\"name\":\"Mevi\",\"description\":\"Media- ja viestint\u00e4tieteellinen seura Mevi\",\"publisher\":{\"@id\":\"https:\\\/\\\/mediaviestinta.fi\\\/#organization\"},\"potentialAction\":[{\"@type\":\"SearchAction\",\"target\":{\"@type\":\"EntryPoint\",\"urlTemplate\":\"https:\\\/\\\/mediaviestinta.fi\\\/?s={search_term_string}\"},\"query-input\":{\"@type\":\"PropertyValueSpecification\",\"valueRequired\":true,\"valueName\":\"search_term_string\"}}],\"inLanguage\":\"fi\"},{\"@type\":\"Organization\",\"@id\":\"https:\\\/\\\/mediaviestinta.fi\\\/#organization\",\"name\":\"Media- ja viestint\u00e4tieteellinen seura Mevi\",\"url\":\"https:\\\/\\\/mediaviestinta.fi\\\/\",\"logo\":{\"@type\":\"ImageObject\",\"inLanguage\":\"fi\",\"@id\":\"https:\\\/\\\/mediaviestinta.fi\\\/#\\\/schema\\\/logo\\\/image\\\/\",\"url\":\"https:\\\/\\\/mediaviestinta.fi\\\/mevi2020\\\/wp-content\\\/uploads\\\/2020\\\/03\\\/mevi-logo-RGB-Transparent.png\",\"contentUrl\":\"https:\\\/\\\/mediaviestinta.fi\\\/mevi2020\\\/wp-content\\\/uploads\\\/2020\\\/03\\\/mevi-logo-RGB-Transparent.png\",\"width\":910,\"height\":464,\"caption\":\"Media- ja viestint\u00e4tieteellinen seura Mevi\"},\"image\":{\"@id\":\"https:\\\/\\\/mediaviestinta.fi\\\/#\\\/schema\\\/logo\\\/image\\\/\"},\"sameAs\":[\"https:\\\/\\\/www.facebook.com\\\/MediaViestinta\\\/\",\"https:\\\/\\\/x.com\\\/mediaviestinta\"]},{\"@type\":\"Person\",\"@id\":\"https:\\\/\\\/mediaviestinta.fi\\\/#\\\/schema\\\/person\\\/b2da34ab24cfcd17dbdd6c7cfb173257\",\"name\":\"Mevi\",\"image\":{\"@type\":\"ImageObject\",\"inLanguage\":\"fi\",\"@id\":\"https:\\\/\\\/secure.gravatar.com\\\/avatar\\\/3305b76d1667dc119a18808ed03d6a1fc2dfa8b6a1cddecb8c4d27ef14ec32ca?s=96&d=mm&r=g\",\"url\":\"https:\\\/\\\/secure.gravatar.com\\\/avatar\\\/3305b76d1667dc119a18808ed03d6a1fc2dfa8b6a1cddecb8c4d27ef14ec32ca?s=96&d=mm&r=g\",\"contentUrl\":\"https:\\\/\\\/secure.gravatar.com\\\/avatar\\\/3305b76d1667dc119a18808ed03d6a1fc2dfa8b6a1cddecb8c4d27ef14ec32ca?s=96&d=mm&r=g\",\"caption\":\"Mevi\"},\"url\":\"https:\\\/\\\/mediaviestinta.fi\\\/mevi2020\\\/author\\\/mediavie\\\/\"}]}<\/script>\n<!-- \/ Yoast SEO plugin. -->","yoast_head_json":{"title":"Mediakritiikin iltap\u00e4iv\u00e4 11.2.2020 Tampereella &#8211; Mevi","robots":{"index":"index","follow":"follow","max-snippet":"max-snippet:-1","max-image-preview":"max-image-preview:large","max-video-preview":"max-video-preview:-1"},"canonical":"https:\/\/mediaviestinta.fi\/mevi2020\/2020\/02\/mediakritiikin-iltapaiva-11-2-2020-tampereella\/","og_locale":"fi_FI","og_type":"article","og_title":"Mediakritiikin iltap\u00e4iv\u00e4 11.2.2020 Tampereella &#8211; Mevi","og_description":"Media ja sukupolvien moninaisuus Mediakritiikin iltap\u00e4iv\u00e4 kirjastotalo Metsossa (Lehmus-sali) tiistaina 11. helmikuuta kello 17.00\u201319.00 Milloin ja miksi ihmisen i\u00e4st\u00e4 tulee mediassa puheenaihe? Keskustelemassa ik\u00e4\u00e4ntyneiden mediasuhteita tutkinut&nbsp;Sanna Kivim\u00e4ki&nbsp;COMETista, toimittaja&nbsp;Orna&hellip;","og_url":"https:\/\/mediaviestinta.fi\/mevi2020\/2020\/02\/mediakritiikin-iltapaiva-11-2-2020-tampereella\/","og_site_name":"Mevi","article_publisher":"https:\/\/www.facebook.com\/MediaViestinta\/","article_published_time":"2020-02-15T11:36:00+00:00","article_modified_time":"2020-05-08T07:41:14+00:00","og_image":[{"width":733,"height":1028,"url":"https:\/\/mediaviestinta.fi\/mevi2020\/wp-content\/uploads\/2020\/05\/mkipjuliste2020.jpg","type":"image\/jpeg"}],"author":"Mevi","twitter_card":"summary_large_image","twitter_creator":"@mediaviestinta","twitter_site":"@mediaviestinta","twitter_misc":{"Kirjoittanut":"Mevi","Arvioitu lukuaika":"1 minuutti"},"schema":{"@context":"https:\/\/schema.org","@graph":[{"@type":"Article","@id":"https:\/\/mediaviestinta.fi\/mevi2020\/2020\/02\/mediakritiikin-iltapaiva-11-2-2020-tampereella\/#article","isPartOf":{"@id":"https:\/\/mediaviestinta.fi\/mevi2020\/2020\/02\/mediakritiikin-iltapaiva-11-2-2020-tampereella\/"},"author":{"name":"Mevi","@id":"https:\/\/mediaviestinta.fi\/#\/schema\/person\/b2da34ab24cfcd17dbdd6c7cfb173257"},"headline":"Mediakritiikin iltap\u00e4iv\u00e4 11.2.2020 Tampereella","datePublished":"2020-02-15T11:36:00+00:00","dateModified":"2020-05-08T07:41:14+00:00","mainEntityOfPage":{"@id":"https:\/\/mediaviestinta.fi\/mevi2020\/2020\/02\/mediakritiikin-iltapaiva-11-2-2020-tampereella\/"},"wordCount":232,"commentCount":0,"publisher":{"@id":"https:\/\/mediaviestinta.fi\/#organization"},"image":{"@id":"https:\/\/mediaviestinta.fi\/mevi2020\/2020\/02\/mediakritiikin-iltapaiva-11-2-2020-tampereella\/#primaryimage"},"thumbnailUrl":"https:\/\/mediaviestinta.fi\/mevi2020\/wp-content\/uploads\/2020\/05\/mkipjuliste2020.jpg","articleSection":["Ajankohtaista"],"inLanguage":"fi","potentialAction":[{"@type":"CommentAction","name":"Comment","target":["https:\/\/mediaviestinta.fi\/mevi2020\/2020\/02\/mediakritiikin-iltapaiva-11-2-2020-tampereella\/#respond"]}]},{"@type":"WebPage","@id":"https:\/\/mediaviestinta.fi\/mevi2020\/2020\/02\/mediakritiikin-iltapaiva-11-2-2020-tampereella\/","url":"https:\/\/mediaviestinta.fi\/mevi2020\/2020\/02\/mediakritiikin-iltapaiva-11-2-2020-tampereella\/","name":"Mediakritiikin iltap\u00e4iv\u00e4 11.2.2020 Tampereella &#8211; Mevi","isPartOf":{"@id":"https:\/\/mediaviestinta.fi\/#website"},"primaryImageOfPage":{"@id":"https:\/\/mediaviestinta.fi\/mevi2020\/2020\/02\/mediakritiikin-iltapaiva-11-2-2020-tampereella\/#primaryimage"},"image":{"@id":"https:\/\/mediaviestinta.fi\/mevi2020\/2020\/02\/mediakritiikin-iltapaiva-11-2-2020-tampereella\/#primaryimage"},"thumbnailUrl":"https:\/\/mediaviestinta.fi\/mevi2020\/wp-content\/uploads\/2020\/05\/mkipjuliste2020.jpg","datePublished":"2020-02-15T11:36:00+00:00","dateModified":"2020-05-08T07:41:14+00:00","breadcrumb":{"@id":"https:\/\/mediaviestinta.fi\/mevi2020\/2020\/02\/mediakritiikin-iltapaiva-11-2-2020-tampereella\/#breadcrumb"},"inLanguage":"fi","potentialAction":[{"@type":"ReadAction","target":["https:\/\/mediaviestinta.fi\/mevi2020\/2020\/02\/mediakritiikin-iltapaiva-11-2-2020-tampereella\/"]}]},{"@type":"ImageObject","inLanguage":"fi","@id":"https:\/\/mediaviestinta.fi\/mevi2020\/2020\/02\/mediakritiikin-iltapaiva-11-2-2020-tampereella\/#primaryimage","url":"https:\/\/mediaviestinta.fi\/mevi2020\/wp-content\/uploads\/2020\/05\/mkipjuliste2020.jpg","contentUrl":"https:\/\/mediaviestinta.fi\/mevi2020\/wp-content\/uploads\/2020\/05\/mkipjuliste2020.jpg","width":733,"height":1028},{"@type":"BreadcrumbList","@id":"https:\/\/mediaviestinta.fi\/mevi2020\/2020\/02\/mediakritiikin-iltapaiva-11-2-2020-tampereella\/#breadcrumb","itemListElement":[{"@type":"ListItem","position":1,"name":"Home","item":"https:\/\/mediaviestinta.fi\/"},{"@type":"ListItem","position":2,"name":"Mediakritiikin iltap\u00e4iv\u00e4 11.2.2020 Tampereella"}]},{"@type":"WebSite","@id":"https:\/\/mediaviestinta.fi\/#website","url":"https:\/\/mediaviestinta.fi\/","name":"Mevi","description":"Media- ja viestint\u00e4tieteellinen seura Mevi","publisher":{"@id":"https:\/\/mediaviestinta.fi\/#organization"},"potentialAction":[{"@type":"SearchAction","target":{"@type":"EntryPoint","urlTemplate":"https:\/\/mediaviestinta.fi\/?s={search_term_string}"},"query-input":{"@type":"PropertyValueSpecification","valueRequired":true,"valueName":"search_term_string"}}],"inLanguage":"fi"},{"@type":"Organization","@id":"https:\/\/mediaviestinta.fi\/#organization","name":"Media- ja viestint\u00e4tieteellinen seura Mevi","url":"https:\/\/mediaviestinta.fi\/","logo":{"@type":"ImageObject","inLanguage":"fi","@id":"https:\/\/mediaviestinta.fi\/#\/schema\/logo\/image\/","url":"https:\/\/mediaviestinta.fi\/mevi2020\/wp-content\/uploads\/2020\/03\/mevi-logo-RGB-Transparent.png","contentUrl":"https:\/\/mediaviestinta.fi\/mevi2020\/wp-content\/uploads\/2020\/03\/mevi-logo-RGB-Transparent.png","width":910,"height":464,"caption":"Media- ja viestint\u00e4tieteellinen seura Mevi"},"image":{"@id":"https:\/\/mediaviestinta.fi\/#\/schema\/logo\/image\/"},"sameAs":["https:\/\/www.facebook.com\/MediaViestinta\/","https:\/\/x.com\/mediaviestinta"]},{"@type":"Person","@id":"https:\/\/mediaviestinta.fi\/#\/schema\/person\/b2da34ab24cfcd17dbdd6c7cfb173257","name":"Mevi","image":{"@type":"ImageObject","inLanguage":"fi","@id":"https:\/\/secure.gravatar.com\/avatar\/3305b76d1667dc119a18808ed03d6a1fc2dfa8b6a1cddecb8c4d27ef14ec32ca?s=96&d=mm&r=g","url":"https:\/\/secure.gravatar.com\/avatar\/3305b76d1667dc119a18808ed03d6a1fc2dfa8b6a1cddecb8c4d27ef14ec32ca?s=96&d=mm&r=g","contentUrl":"https:\/\/secure.gravatar.com\/avatar\/3305b76d1667dc119a18808ed03d6a1fc2dfa8b6a1cddecb8c4d27ef14ec32ca?s=96&d=mm&r=g","caption":"Mevi"},"url":"https:\/\/mediaviestinta.fi\/mevi2020\/author\/mediavie\/"}]}},"_links":{"self":[{"href":"https:\/\/mediaviestinta.fi\/mevi2020\/wp-json\/wp\/v2\/posts\/3842","targetHints":{"allow":["GET"]}}],"collection":[{"href":"https:\/\/mediaviestinta.fi\/mevi2020\/wp-json\/wp\/v2\/posts"}],"about":[{"href":"https:\/\/mediaviestinta.fi\/mevi2020\/wp-json\/wp\/v2\/types\/post"}],"author":[{"embeddable":true,"href":"https:\/\/mediaviestinta.fi\/mevi2020\/wp-json\/wp\/v2\/users\/3"}],"replies":[{"embeddable":true,"href":"https:\/\/mediaviestinta.fi\/mevi2020\/wp-json\/wp\/v2\/comments?post=3842"}],"version-history":[{"count":1,"href":"https:\/\/mediaviestinta.fi\/mevi2020\/wp-json\/wp\/v2\/posts\/3842\/revisions"}],"predecessor-version":[{"id":3844,"href":"https:\/\/mediaviestinta.fi\/mevi2020\/wp-json\/wp\/v2\/posts\/3842\/revisions\/3844"}],"wp:featuredmedia":[{"embeddable":true,"href":"https:\/\/mediaviestinta.fi\/mevi2020\/wp-json\/wp\/v2\/media\/3843"}],"wp:attachment":[{"href":"https:\/\/mediaviestinta.fi\/mevi2020\/wp-json\/wp\/v2\/media?parent=3842"}],"wp:term":[{"taxonomy":"category","embeddable":true,"href":"https:\/\/mediaviestinta.fi\/mevi2020\/wp-json\/wp\/v2\/categories?post=3842"},{"taxonomy":"post_tag","embeddable":true,"href":"https:\/\/mediaviestinta.fi\/mevi2020\/wp-json\/wp\/v2\/tags?post=3842"}],"curies":[{"name":"wp","href":"https:\/\/api.w.org\/{rel}","templated":true}]}}