{"id":3848,"date":"2019-11-25T13:41:48","date_gmt":"2019-11-25T11:41:48","guid":{"rendered":"http:\/\/mediaviestinta.fi\/mevi2020\/?p=3848"},"modified":"2020-05-08T10:41:14","modified_gmt":"2020-05-08T07:41:14","slug":"mevi-ryn-jasenkirje-11-2019-vuosikirjan-2019-tilaaminen-ja-yhteystietojen-paivitys","status":"publish","type":"post","link":"https:\/\/mediaviestinta.fi\/mevi2020\/2019\/11\/mevi-ryn-jasenkirje-11-2019-vuosikirjan-2019-tilaaminen-ja-yhteystietojen-paivitys\/","title":{"rendered":"Mevi ry:n j\u00e4senkirje 11\/2019 &#8211; vuosikirjan 2019 tilaaminen ja yhteystietojen p\u00e4ivitys"},"content":{"rendered":"\n<p>Media- ja viestint\u00e4tieteellinen seura Mevin kustantamalla Media &amp; viestint\u00e4 -lehdell\u00e4 kulkee lujaa! 40-vuotisjuhlavuottaan viett\u00e4nyt lehti saavutti vuonna 2018 pitk\u00e4aikaisen tavoitteensa, kun lehden JUFO-tasoluokitus nostettiin tasolle II. My\u00f6s lehden lukijam\u00e4\u00e4r\u00e4t ovat rivakassa kasvussa: lehdess\u00e4 julkaistuja artikkeleita ladattiin Journal.fi-palvelusta vuonna 2018 l\u00e4hes 70 000 kertaa. N\u00e4m\u00e4 artikkelilataukset eiv\u00e4t oletettavasti ole pelk\u00e4st\u00e4\u00e4n akateemisen v\u00e4en tekemi\u00e4, vaan lehden sis\u00e4ll\u00f6ll\u00e4 on selke\u00e4sti relevanssia my\u00f6s tutkimus- ja koulutusmaailman ulkopuolella. Kiitokset uusille p\u00e4\u00e4toimittajille Laura Ahvalle ja Jenni M\u00e4enp\u00e4\u00e4lle, toimitussihteeri Auli Harjulle, lehden toimituskunnalle sek\u00e4 tietenkin my\u00f6s heid\u00e4n edelt\u00e4jilleen. Kiitokset my\u00f6s koko Mevin j\u00e4senist\u00f6lle heid\u00e4n j\u00e4senmaksunsa kautta antamastaan tuesta Media &amp; viestint\u00e4 -lehdelle.<\/p>\n\n\n\n<p>Digitaalinen siirtym\u00e4 Journal.fi-palveluun on siis ollut onnistunut, ja jatkona sille Mevin vuosikokous p\u00e4\u00e4tti maaliskuussa 2019 kokeilusta, jossa Media &amp; viestinn\u00e4n painettu vuosikirja l\u00e4hetet\u00e4\u00e4n automaattisesti en\u00e4\u00e4 kestotilaajille sek\u00e4 kirjakauppa- ja irtomyyntiin. Kokeilulle on sek\u00e4 taloudellisia ett\u00e4 kest\u00e4v\u00e4\u00e4n kehitykseen liittyvi\u00e4 motiiveja. Yhdistyksen j\u00e4senille automaattisesti postitettava vuosikirja ei my\u00f6sk\u00e4\u00e4n vastaa en\u00e4\u00e4 kaikkien j\u00e4senten tarpeisiin, kun lehden artikkelit ja muu sis\u00e4lt\u00f6 ovat jo saatavilla avoimesti verkossa. J\u00e4senille painettu vuosikirja toimitetaan vain, jos he ilmoittavat haluavansa sellaisen erikseen. Toivommekin, ett\u00e4 kaikki t\u00e4m\u00e4n viestin saavat Mevin j\u00e4senet t\u00e4ytt\u00e4v\u00e4t kyselyn, jossa t\u00e4t\u00e4 asiaa tiedustellaan.<strong>&nbsp;Kyselyyn p\u00e4\u00e4see vastaamaan&nbsp;<\/strong><strong><a href=\"https:\/\/forms.gle\/ZV7vzNyKX4DeZfWs8\">t\u00e4st\u00e4 linkist\u00e4<\/a>:<\/strong><\/p>\n\n\n\n<p>Vuonna 2020 Mevin muu toiminta tiivistyy Median ja viestinn\u00e4n tutkimuksen p\u00e4iviin, jotka j\u00e4rjestet\u00e4\u00e4n Turussa 24.\u201325.4. P\u00e4ivien teema on \u201dTiedon politiikat\u201d. Konferenssin j\u00e4rjest\u00e4v\u00e4t yhteisty\u00f6ss\u00e4 Mevi, Turun yliopiston Eduskuntatutkimuksen keskus sek\u00e4 mediatutkimuksen oppiaine. Mevi osallistuu my\u00f6s seuraavan NordMedia-konferenssin (Islannissa kes\u00e4ll\u00e4 2021) suunnitteluun, kuten olemme tehneet aiempienkin konferenssien kohdalla, joista viimeisin j\u00e4rjestettiin Malm\u00f6ss\u00e4 elokuussa 2019.&nbsp;<\/p>\n\n\n\n<p>Mevi on lis\u00e4ksi mukana Tieteiden y\u00f6ss\u00e4 Helsingiss\u00e4 16.1.2020 Tieteiden talolla ja Mediakritiikin iltap\u00e4iv\u00e4ss\u00e4 Tampereella 11.2.2020 p\u00e4\u00e4kirjasto Metsossa. N\u00e4m\u00e4 ovat esimerkkej\u00e4 tavoista pyrki\u00e4 popularisoimaan alamme tutkimusta ja lis\u00e4\u00e4m\u00e4\u00e4n sen n\u00e4kyvyytt\u00e4.<\/p>\n\n\n\n<p>Meviss\u00e4 on meneill\u00e4\u00e4n verkkosivuston uudistushanke, jossa sivujen rakennetta selkeytet\u00e4\u00e4n ja niist\u00e4 tehd\u00e4\u00e4n my\u00f6s aiempaa sopivammat mobiililaitteille.&nbsp;www.mediaviestinta.fi-sivustoa kehitet\u00e4\u00e4n lehden tiedotuskanavasta yleisemm\u00e4ksi alustaksi, joka rakentuu kolmen tukijalan varaan: Mevi yhdistyksen\u00e4,&nbsp;&nbsp;<a href=\"https:\/\/journal.fi\/mediaviestinta\">Media &amp; viestint\u00e4<\/a>&nbsp;-lehti ja Mevi-p\u00e4iv\u00e4t. Hankkeen vet\u00e4j\u00e4n\u00e4 toimii Mevin tuore viestint\u00e4vastaava Lauri Haapanen. Lis\u00e4ksi Mevi on ottanut hoitaakseen median ja viestinn\u00e4n tutkijoille suunnatun&nbsp;<a href=\"https:\/\/lists.tuni.fi\/mailman\/listinfo\/viestsuomi\">Viestsuomi-<\/a>s\u00e4hk\u00f6postilistan yll\u00e4pidon ja luonut&nbsp;<a href=\"https:\/\/www.facebook.com\/groups\/234023280529784\/\">Median- ja viestinn\u00e4ntutkimus -nimisen Facebook-ryhm\u00e4n<\/a>&nbsp;aiheesta k\u00e4yt\u00e4v\u00e4lle yleiselle keskustelulle.<\/p>\n\n\n\n<p>Mevin hallituksen puolesta,<\/p>\n\n\n\n<p><strong>Mikko Villi<br><\/strong>Mevin puheenjohtaja<\/p>\n\n\n\n<p><a href=\"https:\/\/mediaviestinta.us9.list-manage.com\/subscribe\/post?u=ec6c02b84e1a84b58de09bc11&amp;amp;id=2553a31d5a\">T\u00e4st\u00e4 p\u00e4\u00e4set tilaamaan Media &amp; viestinn\u00e4n uutiskirjeen<\/a><\/p>\n","protected":false},"excerpt":{"rendered":"<p>Media- ja viestint\u00e4tieteellinen seura Mevin kustantamalla Media &amp; viestint\u00e4 -lehdell\u00e4 kulkee lujaa! 40-vuotisjuhlavuottaan viett\u00e4nyt lehti saavutti vuonna 2018 pitk\u00e4aikaisen tavoitteensa, kun lehden JUFO-tasoluokitus nostettiin tasolle II. My\u00f6s lehden&hellip;<\/p>\n","protected":false},"author":3,"featured_media":3660,"comment_status":"open","ping_status":"closed","sticky":false,"template":"","format":"standard","meta":{"_monsterinsights_skip_tracking":false,"_monsterinsights_sitenote_active":false,"_monsterinsights_sitenote_note":"","_monsterinsights_sitenote_category":0,"footnotes":""},"categories":[76,1],"tags":[54,53],"class_list":["post-3848","post","type-post","status-publish","format-standard","has-post-thumbnail","hentry","category-ajankohtaista","category-yleinen","tag-jasenkysely","tag-vuosikirja"],"yoast_head":"<!-- This site is optimized with the Yoast SEO plugin v27.5 - https:\/\/yoast.com\/product\/yoast-seo-wordpress\/ -->\n<title>Mevi ry:n j\u00e4senkirje 11\/2019 - vuosikirjan 2019 tilaaminen ja yhteystietojen p\u00e4ivitys &#8211; Mevi<\/title>\n<meta name=\"robots\" content=\"index, follow, max-snippet:-1, max-image-preview:large, max-video-preview:-1\" \/>\n<link rel=\"canonical\" href=\"https:\/\/mediaviestinta.fi\/mevi2020\/2019\/11\/mevi-ryn-jasenkirje-11-2019-vuosikirjan-2019-tilaaminen-ja-yhteystietojen-paivitys\/\" \/>\n<meta property=\"og:locale\" content=\"fi_FI\" \/>\n<meta property=\"og:type\" content=\"article\" \/>\n<meta property=\"og:title\" content=\"Mevi ry:n j\u00e4senkirje 11\/2019 - vuosikirjan 2019 tilaaminen ja yhteystietojen p\u00e4ivitys &#8211; Mevi\" \/>\n<meta property=\"og:description\" content=\"Media- ja viestint\u00e4tieteellinen seura Mevin kustantamalla Media &amp; viestint\u00e4 -lehdell\u00e4 kulkee lujaa! 40-vuotisjuhlavuottaan viett\u00e4nyt lehti saavutti vuonna 2018 pitk\u00e4aikaisen tavoitteensa, kun lehden JUFO-tasoluokitus nostettiin tasolle II. My\u00f6s lehden&hellip;\" \/>\n<meta property=\"og:url\" content=\"https:\/\/mediaviestinta.fi\/mevi2020\/2019\/11\/mevi-ryn-jasenkirje-11-2019-vuosikirjan-2019-tilaaminen-ja-yhteystietojen-paivitys\/\" \/>\n<meta property=\"og:site_name\" content=\"Mevi\" \/>\n<meta property=\"article:publisher\" content=\"https:\/\/www.facebook.com\/MediaViestinta\/\" \/>\n<meta property=\"article:published_time\" content=\"2019-11-25T11:41:48+00:00\" \/>\n<meta property=\"article:modified_time\" content=\"2020-05-08T07:41:14+00:00\" \/>\n<meta property=\"og:image\" content=\"https:\/\/mediaviestinta.fi\/mevi2020\/wp-content\/uploads\/2020\/04\/mevi-artikkeli-placeholder-kuva-01.jpg\" \/>\n\t<meta property=\"og:image:width\" content=\"700\" \/>\n\t<meta property=\"og:image:height\" content=\"400\" \/>\n\t<meta property=\"og:image:type\" content=\"image\/jpeg\" \/>\n<meta name=\"author\" content=\"Mevi\" \/>\n<meta name=\"twitter:card\" content=\"summary_large_image\" \/>\n<meta name=\"twitter:creator\" content=\"@mediaviestinta\" \/>\n<meta name=\"twitter:site\" content=\"@mediaviestinta\" \/>\n<meta name=\"twitter:label1\" content=\"Kirjoittanut\" \/>\n\t<meta name=\"twitter:data1\" content=\"Mevi\" \/>\n\t<meta name=\"twitter:label2\" content=\"Arvioitu lukuaika\" \/>\n\t<meta name=\"twitter:data2\" content=\"2 minuuttia\" \/>\n<script type=\"application\/ld+json\" class=\"yoast-schema-graph\">{\"@context\":\"https:\\\/\\\/schema.org\",\"@graph\":[{\"@type\":\"Article\",\"@id\":\"https:\\\/\\\/mediaviestinta.fi\\\/mevi2020\\\/2019\\\/11\\\/mevi-ryn-jasenkirje-11-2019-vuosikirjan-2019-tilaaminen-ja-yhteystietojen-paivitys\\\/#article\",\"isPartOf\":{\"@id\":\"https:\\\/\\\/mediaviestinta.fi\\\/mevi2020\\\/2019\\\/11\\\/mevi-ryn-jasenkirje-11-2019-vuosikirjan-2019-tilaaminen-ja-yhteystietojen-paivitys\\\/\"},\"author\":{\"name\":\"Mevi\",\"@id\":\"https:\\\/\\\/mediaviestinta.fi\\\/#\\\/schema\\\/person\\\/b2da34ab24cfcd17dbdd6c7cfb173257\"},\"headline\":\"Mevi ry:n j\u00e4senkirje 11\\\/2019 &#8211; vuosikirjan 2019 tilaaminen ja yhteystietojen p\u00e4ivitys\",\"datePublished\":\"2019-11-25T11:41:48+00:00\",\"dateModified\":\"2020-05-08T07:41:14+00:00\",\"mainEntityOfPage\":{\"@id\":\"https:\\\/\\\/mediaviestinta.fi\\\/mevi2020\\\/2019\\\/11\\\/mevi-ryn-jasenkirje-11-2019-vuosikirjan-2019-tilaaminen-ja-yhteystietojen-paivitys\\\/\"},\"wordCount\":457,\"commentCount\":0,\"publisher\":{\"@id\":\"https:\\\/\\\/mediaviestinta.fi\\\/#organization\"},\"image\":{\"@id\":\"https:\\\/\\\/mediaviestinta.fi\\\/mevi2020\\\/2019\\\/11\\\/mevi-ryn-jasenkirje-11-2019-vuosikirjan-2019-tilaaminen-ja-yhteystietojen-paivitys\\\/#primaryimage\"},\"thumbnailUrl\":\"https:\\\/\\\/mediaviestinta.fi\\\/mevi2020\\\/wp-content\\\/uploads\\\/2020\\\/04\\\/mevi-artikkeli-placeholder-kuva-01.jpg\",\"keywords\":[\"j\u00e4senkysely\",\"vuosikirja\"],\"articleSection\":[\"Ajankohtaista\"],\"inLanguage\":\"fi\",\"potentialAction\":[{\"@type\":\"CommentAction\",\"name\":\"Comment\",\"target\":[\"https:\\\/\\\/mediaviestinta.fi\\\/mevi2020\\\/2019\\\/11\\\/mevi-ryn-jasenkirje-11-2019-vuosikirjan-2019-tilaaminen-ja-yhteystietojen-paivitys\\\/#respond\"]}]},{\"@type\":\"WebPage\",\"@id\":\"https:\\\/\\\/mediaviestinta.fi\\\/mevi2020\\\/2019\\\/11\\\/mevi-ryn-jasenkirje-11-2019-vuosikirjan-2019-tilaaminen-ja-yhteystietojen-paivitys\\\/\",\"url\":\"https:\\\/\\\/mediaviestinta.fi\\\/mevi2020\\\/2019\\\/11\\\/mevi-ryn-jasenkirje-11-2019-vuosikirjan-2019-tilaaminen-ja-yhteystietojen-paivitys\\\/\",\"name\":\"Mevi ry:n j\u00e4senkirje 11\\\/2019 - vuosikirjan 2019 tilaaminen ja yhteystietojen p\u00e4ivitys &#8211; Mevi\",\"isPartOf\":{\"@id\":\"https:\\\/\\\/mediaviestinta.fi\\\/#website\"},\"primaryImageOfPage\":{\"@id\":\"https:\\\/\\\/mediaviestinta.fi\\\/mevi2020\\\/2019\\\/11\\\/mevi-ryn-jasenkirje-11-2019-vuosikirjan-2019-tilaaminen-ja-yhteystietojen-paivitys\\\/#primaryimage\"},\"image\":{\"@id\":\"https:\\\/\\\/mediaviestinta.fi\\\/mevi2020\\\/2019\\\/11\\\/mevi-ryn-jasenkirje-11-2019-vuosikirjan-2019-tilaaminen-ja-yhteystietojen-paivitys\\\/#primaryimage\"},\"thumbnailUrl\":\"https:\\\/\\\/mediaviestinta.fi\\\/mevi2020\\\/wp-content\\\/uploads\\\/2020\\\/04\\\/mevi-artikkeli-placeholder-kuva-01.jpg\",\"datePublished\":\"2019-11-25T11:41:48+00:00\",\"dateModified\":\"2020-05-08T07:41:14+00:00\",\"breadcrumb\":{\"@id\":\"https:\\\/\\\/mediaviestinta.fi\\\/mevi2020\\\/2019\\\/11\\\/mevi-ryn-jasenkirje-11-2019-vuosikirjan-2019-tilaaminen-ja-yhteystietojen-paivitys\\\/#breadcrumb\"},\"inLanguage\":\"fi\",\"potentialAction\":[{\"@type\":\"ReadAction\",\"target\":[\"https:\\\/\\\/mediaviestinta.fi\\\/mevi2020\\\/2019\\\/11\\\/mevi-ryn-jasenkirje-11-2019-vuosikirjan-2019-tilaaminen-ja-yhteystietojen-paivitys\\\/\"]}]},{\"@type\":\"ImageObject\",\"inLanguage\":\"fi\",\"@id\":\"https:\\\/\\\/mediaviestinta.fi\\\/mevi2020\\\/2019\\\/11\\\/mevi-ryn-jasenkirje-11-2019-vuosikirjan-2019-tilaaminen-ja-yhteystietojen-paivitys\\\/#primaryimage\",\"url\":\"https:\\\/\\\/mediaviestinta.fi\\\/mevi2020\\\/wp-content\\\/uploads\\\/2020\\\/04\\\/mevi-artikkeli-placeholder-kuva-01.jpg\",\"contentUrl\":\"https:\\\/\\\/mediaviestinta.fi\\\/mevi2020\\\/wp-content\\\/uploads\\\/2020\\\/04\\\/mevi-artikkeli-placeholder-kuva-01.jpg\",\"width\":700,\"height\":400},{\"@type\":\"BreadcrumbList\",\"@id\":\"https:\\\/\\\/mediaviestinta.fi\\\/mevi2020\\\/2019\\\/11\\\/mevi-ryn-jasenkirje-11-2019-vuosikirjan-2019-tilaaminen-ja-yhteystietojen-paivitys\\\/#breadcrumb\",\"itemListElement\":[{\"@type\":\"ListItem\",\"position\":1,\"name\":\"Home\",\"item\":\"https:\\\/\\\/mediaviestinta.fi\\\/\"},{\"@type\":\"ListItem\",\"position\":2,\"name\":\"Mevi ry:n j\u00e4senkirje 11\\\/2019 &#8211; vuosikirjan 2019 tilaaminen ja yhteystietojen p\u00e4ivitys\"}]},{\"@type\":\"WebSite\",\"@id\":\"https:\\\/\\\/mediaviestinta.fi\\\/#website\",\"url\":\"https:\\\/\\\/mediaviestinta.fi\\\/\",\"name\":\"Mevi\",\"description\":\"Media- ja viestint\u00e4tieteellinen seura Mevi\",\"publisher\":{\"@id\":\"https:\\\/\\\/mediaviestinta.fi\\\/#organization\"},\"potentialAction\":[{\"@type\":\"SearchAction\",\"target\":{\"@type\":\"EntryPoint\",\"urlTemplate\":\"https:\\\/\\\/mediaviestinta.fi\\\/?s={search_term_string}\"},\"query-input\":{\"@type\":\"PropertyValueSpecification\",\"valueRequired\":true,\"valueName\":\"search_term_string\"}}],\"inLanguage\":\"fi\"},{\"@type\":\"Organization\",\"@id\":\"https:\\\/\\\/mediaviestinta.fi\\\/#organization\",\"name\":\"Media- ja viestint\u00e4tieteellinen seura Mevi\",\"url\":\"https:\\\/\\\/mediaviestinta.fi\\\/\",\"logo\":{\"@type\":\"ImageObject\",\"inLanguage\":\"fi\",\"@id\":\"https:\\\/\\\/mediaviestinta.fi\\\/#\\\/schema\\\/logo\\\/image\\\/\",\"url\":\"https:\\\/\\\/mediaviestinta.fi\\\/mevi2020\\\/wp-content\\\/uploads\\\/2020\\\/03\\\/mevi-logo-RGB-Transparent.png\",\"contentUrl\":\"https:\\\/\\\/mediaviestinta.fi\\\/mevi2020\\\/wp-content\\\/uploads\\\/2020\\\/03\\\/mevi-logo-RGB-Transparent.png\",\"width\":910,\"height\":464,\"caption\":\"Media- ja viestint\u00e4tieteellinen seura Mevi\"},\"image\":{\"@id\":\"https:\\\/\\\/mediaviestinta.fi\\\/#\\\/schema\\\/logo\\\/image\\\/\"},\"sameAs\":[\"https:\\\/\\\/www.facebook.com\\\/MediaViestinta\\\/\",\"https:\\\/\\\/x.com\\\/mediaviestinta\"]},{\"@type\":\"Person\",\"@id\":\"https:\\\/\\\/mediaviestinta.fi\\\/#\\\/schema\\\/person\\\/b2da34ab24cfcd17dbdd6c7cfb173257\",\"name\":\"Mevi\",\"image\":{\"@type\":\"ImageObject\",\"inLanguage\":\"fi\",\"@id\":\"https:\\\/\\\/secure.gravatar.com\\\/avatar\\\/3305b76d1667dc119a18808ed03d6a1fc2dfa8b6a1cddecb8c4d27ef14ec32ca?s=96&d=mm&r=g\",\"url\":\"https:\\\/\\\/secure.gravatar.com\\\/avatar\\\/3305b76d1667dc119a18808ed03d6a1fc2dfa8b6a1cddecb8c4d27ef14ec32ca?s=96&d=mm&r=g\",\"contentUrl\":\"https:\\\/\\\/secure.gravatar.com\\\/avatar\\\/3305b76d1667dc119a18808ed03d6a1fc2dfa8b6a1cddecb8c4d27ef14ec32ca?s=96&d=mm&r=g\",\"caption\":\"Mevi\"},\"url\":\"https:\\\/\\\/mediaviestinta.fi\\\/mevi2020\\\/author\\\/mediavie\\\/\"}]}<\/script>\n<!-- \/ Yoast SEO plugin. -->","yoast_head_json":{"title":"Mevi ry:n j\u00e4senkirje 11\/2019 - vuosikirjan 2019 tilaaminen ja yhteystietojen p\u00e4ivitys &#8211; Mevi","robots":{"index":"index","follow":"follow","max-snippet":"max-snippet:-1","max-image-preview":"max-image-preview:large","max-video-preview":"max-video-preview:-1"},"canonical":"https:\/\/mediaviestinta.fi\/mevi2020\/2019\/11\/mevi-ryn-jasenkirje-11-2019-vuosikirjan-2019-tilaaminen-ja-yhteystietojen-paivitys\/","og_locale":"fi_FI","og_type":"article","og_title":"Mevi ry:n j\u00e4senkirje 11\/2019 - vuosikirjan 2019 tilaaminen ja yhteystietojen p\u00e4ivitys &#8211; Mevi","og_description":"Media- ja viestint\u00e4tieteellinen seura Mevin kustantamalla Media &amp; viestint\u00e4 -lehdell\u00e4 kulkee lujaa! 40-vuotisjuhlavuottaan viett\u00e4nyt lehti saavutti vuonna 2018 pitk\u00e4aikaisen tavoitteensa, kun lehden JUFO-tasoluokitus nostettiin tasolle II. My\u00f6s lehden&hellip;","og_url":"https:\/\/mediaviestinta.fi\/mevi2020\/2019\/11\/mevi-ryn-jasenkirje-11-2019-vuosikirjan-2019-tilaaminen-ja-yhteystietojen-paivitys\/","og_site_name":"Mevi","article_publisher":"https:\/\/www.facebook.com\/MediaViestinta\/","article_published_time":"2019-11-25T11:41:48+00:00","article_modified_time":"2020-05-08T07:41:14+00:00","og_image":[{"width":700,"height":400,"url":"https:\/\/mediaviestinta.fi\/mevi2020\/wp-content\/uploads\/2020\/04\/mevi-artikkeli-placeholder-kuva-01.jpg","type":"image\/jpeg"}],"author":"Mevi","twitter_card":"summary_large_image","twitter_creator":"@mediaviestinta","twitter_site":"@mediaviestinta","twitter_misc":{"Kirjoittanut":"Mevi","Arvioitu lukuaika":"2 minuuttia"},"schema":{"@context":"https:\/\/schema.org","@graph":[{"@type":"Article","@id":"https:\/\/mediaviestinta.fi\/mevi2020\/2019\/11\/mevi-ryn-jasenkirje-11-2019-vuosikirjan-2019-tilaaminen-ja-yhteystietojen-paivitys\/#article","isPartOf":{"@id":"https:\/\/mediaviestinta.fi\/mevi2020\/2019\/11\/mevi-ryn-jasenkirje-11-2019-vuosikirjan-2019-tilaaminen-ja-yhteystietojen-paivitys\/"},"author":{"name":"Mevi","@id":"https:\/\/mediaviestinta.fi\/#\/schema\/person\/b2da34ab24cfcd17dbdd6c7cfb173257"},"headline":"Mevi ry:n j\u00e4senkirje 11\/2019 &#8211; vuosikirjan 2019 tilaaminen ja yhteystietojen p\u00e4ivitys","datePublished":"2019-11-25T11:41:48+00:00","dateModified":"2020-05-08T07:41:14+00:00","mainEntityOfPage":{"@id":"https:\/\/mediaviestinta.fi\/mevi2020\/2019\/11\/mevi-ryn-jasenkirje-11-2019-vuosikirjan-2019-tilaaminen-ja-yhteystietojen-paivitys\/"},"wordCount":457,"commentCount":0,"publisher":{"@id":"https:\/\/mediaviestinta.fi\/#organization"},"image":{"@id":"https:\/\/mediaviestinta.fi\/mevi2020\/2019\/11\/mevi-ryn-jasenkirje-11-2019-vuosikirjan-2019-tilaaminen-ja-yhteystietojen-paivitys\/#primaryimage"},"thumbnailUrl":"https:\/\/mediaviestinta.fi\/mevi2020\/wp-content\/uploads\/2020\/04\/mevi-artikkeli-placeholder-kuva-01.jpg","keywords":["j\u00e4senkysely","vuosikirja"],"articleSection":["Ajankohtaista"],"inLanguage":"fi","potentialAction":[{"@type":"CommentAction","name":"Comment","target":["https:\/\/mediaviestinta.fi\/mevi2020\/2019\/11\/mevi-ryn-jasenkirje-11-2019-vuosikirjan-2019-tilaaminen-ja-yhteystietojen-paivitys\/#respond"]}]},{"@type":"WebPage","@id":"https:\/\/mediaviestinta.fi\/mevi2020\/2019\/11\/mevi-ryn-jasenkirje-11-2019-vuosikirjan-2019-tilaaminen-ja-yhteystietojen-paivitys\/","url":"https:\/\/mediaviestinta.fi\/mevi2020\/2019\/11\/mevi-ryn-jasenkirje-11-2019-vuosikirjan-2019-tilaaminen-ja-yhteystietojen-paivitys\/","name":"Mevi ry:n j\u00e4senkirje 11\/2019 - vuosikirjan 2019 tilaaminen ja yhteystietojen p\u00e4ivitys &#8211; Mevi","isPartOf":{"@id":"https:\/\/mediaviestinta.fi\/#website"},"primaryImageOfPage":{"@id":"https:\/\/mediaviestinta.fi\/mevi2020\/2019\/11\/mevi-ryn-jasenkirje-11-2019-vuosikirjan-2019-tilaaminen-ja-yhteystietojen-paivitys\/#primaryimage"},"image":{"@id":"https:\/\/mediaviestinta.fi\/mevi2020\/2019\/11\/mevi-ryn-jasenkirje-11-2019-vuosikirjan-2019-tilaaminen-ja-yhteystietojen-paivitys\/#primaryimage"},"thumbnailUrl":"https:\/\/mediaviestinta.fi\/mevi2020\/wp-content\/uploads\/2020\/04\/mevi-artikkeli-placeholder-kuva-01.jpg","datePublished":"2019-11-25T11:41:48+00:00","dateModified":"2020-05-08T07:41:14+00:00","breadcrumb":{"@id":"https:\/\/mediaviestinta.fi\/mevi2020\/2019\/11\/mevi-ryn-jasenkirje-11-2019-vuosikirjan-2019-tilaaminen-ja-yhteystietojen-paivitys\/#breadcrumb"},"inLanguage":"fi","potentialAction":[{"@type":"ReadAction","target":["https:\/\/mediaviestinta.fi\/mevi2020\/2019\/11\/mevi-ryn-jasenkirje-11-2019-vuosikirjan-2019-tilaaminen-ja-yhteystietojen-paivitys\/"]}]},{"@type":"ImageObject","inLanguage":"fi","@id":"https:\/\/mediaviestinta.fi\/mevi2020\/2019\/11\/mevi-ryn-jasenkirje-11-2019-vuosikirjan-2019-tilaaminen-ja-yhteystietojen-paivitys\/#primaryimage","url":"https:\/\/mediaviestinta.fi\/mevi2020\/wp-content\/uploads\/2020\/04\/mevi-artikkeli-placeholder-kuva-01.jpg","contentUrl":"https:\/\/mediaviestinta.fi\/mevi2020\/wp-content\/uploads\/2020\/04\/mevi-artikkeli-placeholder-kuva-01.jpg","width":700,"height":400},{"@type":"BreadcrumbList","@id":"https:\/\/mediaviestinta.fi\/mevi2020\/2019\/11\/mevi-ryn-jasenkirje-11-2019-vuosikirjan-2019-tilaaminen-ja-yhteystietojen-paivitys\/#breadcrumb","itemListElement":[{"@type":"ListItem","position":1,"name":"Home","item":"https:\/\/mediaviestinta.fi\/"},{"@type":"ListItem","position":2,"name":"Mevi ry:n j\u00e4senkirje 11\/2019 &#8211; vuosikirjan 2019 tilaaminen ja yhteystietojen p\u00e4ivitys"}]},{"@type":"WebSite","@id":"https:\/\/mediaviestinta.fi\/#website","url":"https:\/\/mediaviestinta.fi\/","name":"Mevi","description":"Media- ja viestint\u00e4tieteellinen seura Mevi","publisher":{"@id":"https:\/\/mediaviestinta.fi\/#organization"},"potentialAction":[{"@type":"SearchAction","target":{"@type":"EntryPoint","urlTemplate":"https:\/\/mediaviestinta.fi\/?s={search_term_string}"},"query-input":{"@type":"PropertyValueSpecification","valueRequired":true,"valueName":"search_term_string"}}],"inLanguage":"fi"},{"@type":"Organization","@id":"https:\/\/mediaviestinta.fi\/#organization","name":"Media- ja viestint\u00e4tieteellinen seura Mevi","url":"https:\/\/mediaviestinta.fi\/","logo":{"@type":"ImageObject","inLanguage":"fi","@id":"https:\/\/mediaviestinta.fi\/#\/schema\/logo\/image\/","url":"https:\/\/mediaviestinta.fi\/mevi2020\/wp-content\/uploads\/2020\/03\/mevi-logo-RGB-Transparent.png","contentUrl":"https:\/\/mediaviestinta.fi\/mevi2020\/wp-content\/uploads\/2020\/03\/mevi-logo-RGB-Transparent.png","width":910,"height":464,"caption":"Media- ja viestint\u00e4tieteellinen seura Mevi"},"image":{"@id":"https:\/\/mediaviestinta.fi\/#\/schema\/logo\/image\/"},"sameAs":["https:\/\/www.facebook.com\/MediaViestinta\/","https:\/\/x.com\/mediaviestinta"]},{"@type":"Person","@id":"https:\/\/mediaviestinta.fi\/#\/schema\/person\/b2da34ab24cfcd17dbdd6c7cfb173257","name":"Mevi","image":{"@type":"ImageObject","inLanguage":"fi","@id":"https:\/\/secure.gravatar.com\/avatar\/3305b76d1667dc119a18808ed03d6a1fc2dfa8b6a1cddecb8c4d27ef14ec32ca?s=96&d=mm&r=g","url":"https:\/\/secure.gravatar.com\/avatar\/3305b76d1667dc119a18808ed03d6a1fc2dfa8b6a1cddecb8c4d27ef14ec32ca?s=96&d=mm&r=g","contentUrl":"https:\/\/secure.gravatar.com\/avatar\/3305b76d1667dc119a18808ed03d6a1fc2dfa8b6a1cddecb8c4d27ef14ec32ca?s=96&d=mm&r=g","caption":"Mevi"},"url":"https:\/\/mediaviestinta.fi\/mevi2020\/author\/mediavie\/"}]}},"_links":{"self":[{"href":"https:\/\/mediaviestinta.fi\/mevi2020\/wp-json\/wp\/v2\/posts\/3848","targetHints":{"allow":["GET"]}}],"collection":[{"href":"https:\/\/mediaviestinta.fi\/mevi2020\/wp-json\/wp\/v2\/posts"}],"about":[{"href":"https:\/\/mediaviestinta.fi\/mevi2020\/wp-json\/wp\/v2\/types\/post"}],"author":[{"embeddable":true,"href":"https:\/\/mediaviestinta.fi\/mevi2020\/wp-json\/wp\/v2\/users\/3"}],"replies":[{"embeddable":true,"href":"https:\/\/mediaviestinta.fi\/mevi2020\/wp-json\/wp\/v2\/comments?post=3848"}],"version-history":[{"count":1,"href":"https:\/\/mediaviestinta.fi\/mevi2020\/wp-json\/wp\/v2\/posts\/3848\/revisions"}],"predecessor-version":[{"id":3849,"href":"https:\/\/mediaviestinta.fi\/mevi2020\/wp-json\/wp\/v2\/posts\/3848\/revisions\/3849"}],"wp:featuredmedia":[{"embeddable":true,"href":"https:\/\/mediaviestinta.fi\/mevi2020\/wp-json\/wp\/v2\/media\/3660"}],"wp:attachment":[{"href":"https:\/\/mediaviestinta.fi\/mevi2020\/wp-json\/wp\/v2\/media?parent=3848"}],"wp:term":[{"taxonomy":"category","embeddable":true,"href":"https:\/\/mediaviestinta.fi\/mevi2020\/wp-json\/wp\/v2\/categories?post=3848"},{"taxonomy":"post_tag","embeddable":true,"href":"https:\/\/mediaviestinta.fi\/mevi2020\/wp-json\/wp\/v2\/tags?post=3848"}],"curies":[{"name":"wp","href":"https:\/\/api.w.org\/{rel}","templated":true}]}}