{"id":3850,"date":"2019-08-12T13:43:40","date_gmt":"2019-08-12T10:43:40","guid":{"rendered":"http:\/\/mediaviestinta.fi\/mevi2020\/?p=3850"},"modified":"2020-05-08T10:41:14","modified_gmt":"2020-05-08T07:41:14","slug":"median-ja-viestinnan-tutkimuksen-paivat-2020-turussa","status":"publish","type":"post","link":"https:\/\/mediaviestinta.fi\/mevi2020\/2019\/08\/median-ja-viestinnan-tutkimuksen-paivat-2020-turussa\/","title":{"rendered":"Median ja viestinn\u00e4n tutkimuksen p\u00e4iv\u00e4t 2020 Turussa"},"content":{"rendered":"\n<p>Median ja viestinn\u00e4n tutkimuksen p\u00e4iv\u00e4t j\u00e4rjestet\u00e4\u00e4n 24.-25.4.2020 Turussa. Konferenssin teema on \u201dTiedon politiikat\u201d. Tapahtuman j\u00e4rjest\u00e4v\u00e4t yhteisty\u00f6ss\u00e4 Mevi ry, Turun yliopiston Eduskuntatutkimuksen keskus sek\u00e4 mediatutkimuksen oppiaine. Konferenssin p\u00e4\u00e4puhujat sek\u00e4 ty\u00f6ryhm\u00e4kutsu julkistetaan syksyn 2019 aikana.<\/p>\n\n\n\n<p><strong>Lis\u00e4tietoja:<\/strong><br>J\u00e4rjestelytoimikunnan puheenjohtaja Kimmo Elo kimmo.elo@utu.fi<\/p>\n\n\n\n<p>Mevi ry:n sihteeri Anna Rantasila mevi.sihteeri@gmail.com<\/p>\n\n\n\n<p>#MEVI2020<\/p>\n","protected":false},"excerpt":{"rendered":"<p>Median ja viestinn\u00e4n tutkimuksen p\u00e4iv\u00e4t j\u00e4rjestet\u00e4\u00e4n 24.-25.4.2020 Turussa. Konferenssin teema on \u201dTiedon politiikat\u201d. Tapahtuman j\u00e4rjest\u00e4v\u00e4t yhteisty\u00f6ss\u00e4 Mevi ry, Turun yliopiston Eduskuntatutkimuksen keskus sek\u00e4 mediatutkimuksen oppiaine. Konferenssin p\u00e4\u00e4puhujat sek\u00e4&hellip;<\/p>\n","protected":false},"author":3,"featured_media":3660,"comment_status":"open","ping_status":"closed","sticky":false,"template":"","format":"standard","meta":{"_monsterinsights_skip_tracking":false,"_monsterinsights_sitenote_active":false,"_monsterinsights_sitenote_note":"","_monsterinsights_sitenote_category":0,"footnotes":""},"categories":[76,1],"tags":[56,55,58,57],"class_list":["post-3850","post","type-post","status-publish","format-standard","has-post-thumbnail","hentry","category-ajankohtaista","category-yleinen","tag-konferenssi","tag-mevi-paivat","tag-mevi2020","tag-turku"],"yoast_head":"<!-- This site is optimized with the Yoast SEO plugin v27.5 - https:\/\/yoast.com\/product\/yoast-seo-wordpress\/ -->\n<title>Median ja viestinn\u00e4n tutkimuksen p\u00e4iv\u00e4t 2020 Turussa &#8211; Mevi<\/title>\n<meta name=\"robots\" content=\"index, follow, max-snippet:-1, max-image-preview:large, max-video-preview:-1\" \/>\n<link rel=\"canonical\" href=\"https:\/\/mediaviestinta.fi\/mevi2020\/2019\/08\/median-ja-viestinnan-tutkimuksen-paivat-2020-turussa\/\" \/>\n<meta property=\"og:locale\" content=\"fi_FI\" \/>\n<meta property=\"og:type\" content=\"article\" \/>\n<meta property=\"og:title\" content=\"Median ja viestinn\u00e4n tutkimuksen p\u00e4iv\u00e4t 2020 Turussa &#8211; Mevi\" \/>\n<meta property=\"og:description\" content=\"Median ja viestinn\u00e4n tutkimuksen p\u00e4iv\u00e4t j\u00e4rjestet\u00e4\u00e4n 24.-25.4.2020 Turussa. Konferenssin teema on \u201dTiedon politiikat\u201d. Tapahtuman j\u00e4rjest\u00e4v\u00e4t yhteisty\u00f6ss\u00e4 Mevi ry, Turun yliopiston Eduskuntatutkimuksen keskus sek\u00e4 mediatutkimuksen oppiaine. Konferenssin p\u00e4\u00e4puhujat sek\u00e4&hellip;\" \/>\n<meta property=\"og:url\" content=\"https:\/\/mediaviestinta.fi\/mevi2020\/2019\/08\/median-ja-viestinnan-tutkimuksen-paivat-2020-turussa\/\" \/>\n<meta property=\"og:site_name\" content=\"Mevi\" \/>\n<meta property=\"article:publisher\" content=\"https:\/\/www.facebook.com\/MediaViestinta\/\" \/>\n<meta property=\"article:published_time\" content=\"2019-08-12T10:43:40+00:00\" \/>\n<meta property=\"article:modified_time\" content=\"2020-05-08T07:41:14+00:00\" \/>\n<meta property=\"og:image\" content=\"https:\/\/mediaviestinta.fi\/mevi2020\/wp-content\/uploads\/2020\/04\/mevi-artikkeli-placeholder-kuva-01.jpg\" \/>\n\t<meta property=\"og:image:width\" content=\"700\" \/>\n\t<meta property=\"og:image:height\" content=\"400\" \/>\n\t<meta property=\"og:image:type\" content=\"image\/jpeg\" \/>\n<meta name=\"author\" content=\"Mevi\" \/>\n<meta name=\"twitter:card\" content=\"summary_large_image\" \/>\n<meta name=\"twitter:creator\" content=\"@mediaviestinta\" \/>\n<meta name=\"twitter:site\" content=\"@mediaviestinta\" \/>\n<meta name=\"twitter:label1\" content=\"Kirjoittanut\" \/>\n\t<meta name=\"twitter:data1\" content=\"Mevi\" \/>\n<script type=\"application\/ld+json\" class=\"yoast-schema-graph\">{\"@context\":\"https:\\\/\\\/schema.org\",\"@graph\":[{\"@type\":\"Article\",\"@id\":\"https:\\\/\\\/mediaviestinta.fi\\\/mevi2020\\\/2019\\\/08\\\/median-ja-viestinnan-tutkimuksen-paivat-2020-turussa\\\/#article\",\"isPartOf\":{\"@id\":\"https:\\\/\\\/mediaviestinta.fi\\\/mevi2020\\\/2019\\\/08\\\/median-ja-viestinnan-tutkimuksen-paivat-2020-turussa\\\/\"},\"author\":{\"name\":\"Mevi\",\"@id\":\"https:\\\/\\\/mediaviestinta.fi\\\/#\\\/schema\\\/person\\\/b2da34ab24cfcd17dbdd6c7cfb173257\"},\"headline\":\"Median ja viestinn\u00e4n tutkimuksen p\u00e4iv\u00e4t 2020 Turussa\",\"datePublished\":\"2019-08-12T10:43:40+00:00\",\"dateModified\":\"2020-05-08T07:41:14+00:00\",\"mainEntityOfPage\":{\"@id\":\"https:\\\/\\\/mediaviestinta.fi\\\/mevi2020\\\/2019\\\/08\\\/median-ja-viestinnan-tutkimuksen-paivat-2020-turussa\\\/\"},\"wordCount\":75,\"commentCount\":0,\"publisher\":{\"@id\":\"https:\\\/\\\/mediaviestinta.fi\\\/#organization\"},\"image\":{\"@id\":\"https:\\\/\\\/mediaviestinta.fi\\\/mevi2020\\\/2019\\\/08\\\/median-ja-viestinnan-tutkimuksen-paivat-2020-turussa\\\/#primaryimage\"},\"thumbnailUrl\":\"https:\\\/\\\/mediaviestinta.fi\\\/mevi2020\\\/wp-content\\\/uploads\\\/2020\\\/04\\\/mevi-artikkeli-placeholder-kuva-01.jpg\",\"keywords\":[\"konferenssi\",\"mevi-p\u00e4iv\u00e4t\",\"mevi2020\",\"turku\"],\"articleSection\":[\"Ajankohtaista\"],\"inLanguage\":\"fi\",\"potentialAction\":[{\"@type\":\"CommentAction\",\"name\":\"Comment\",\"target\":[\"https:\\\/\\\/mediaviestinta.fi\\\/mevi2020\\\/2019\\\/08\\\/median-ja-viestinnan-tutkimuksen-paivat-2020-turussa\\\/#respond\"]}]},{\"@type\":\"WebPage\",\"@id\":\"https:\\\/\\\/mediaviestinta.fi\\\/mevi2020\\\/2019\\\/08\\\/median-ja-viestinnan-tutkimuksen-paivat-2020-turussa\\\/\",\"url\":\"https:\\\/\\\/mediaviestinta.fi\\\/mevi2020\\\/2019\\\/08\\\/median-ja-viestinnan-tutkimuksen-paivat-2020-turussa\\\/\",\"name\":\"Median ja viestinn\u00e4n tutkimuksen p\u00e4iv\u00e4t 2020 Turussa &#8211; Mevi\",\"isPartOf\":{\"@id\":\"https:\\\/\\\/mediaviestinta.fi\\\/#website\"},\"primaryImageOfPage\":{\"@id\":\"https:\\\/\\\/mediaviestinta.fi\\\/mevi2020\\\/2019\\\/08\\\/median-ja-viestinnan-tutkimuksen-paivat-2020-turussa\\\/#primaryimage\"},\"image\":{\"@id\":\"https:\\\/\\\/mediaviestinta.fi\\\/mevi2020\\\/2019\\\/08\\\/median-ja-viestinnan-tutkimuksen-paivat-2020-turussa\\\/#primaryimage\"},\"thumbnailUrl\":\"https:\\\/\\\/mediaviestinta.fi\\\/mevi2020\\\/wp-content\\\/uploads\\\/2020\\\/04\\\/mevi-artikkeli-placeholder-kuva-01.jpg\",\"datePublished\":\"2019-08-12T10:43:40+00:00\",\"dateModified\":\"2020-05-08T07:41:14+00:00\",\"breadcrumb\":{\"@id\":\"https:\\\/\\\/mediaviestinta.fi\\\/mevi2020\\\/2019\\\/08\\\/median-ja-viestinnan-tutkimuksen-paivat-2020-turussa\\\/#breadcrumb\"},\"inLanguage\":\"fi\",\"potentialAction\":[{\"@type\":\"ReadAction\",\"target\":[\"https:\\\/\\\/mediaviestinta.fi\\\/mevi2020\\\/2019\\\/08\\\/median-ja-viestinnan-tutkimuksen-paivat-2020-turussa\\\/\"]}]},{\"@type\":\"ImageObject\",\"inLanguage\":\"fi\",\"@id\":\"https:\\\/\\\/mediaviestinta.fi\\\/mevi2020\\\/2019\\\/08\\\/median-ja-viestinnan-tutkimuksen-paivat-2020-turussa\\\/#primaryimage\",\"url\":\"https:\\\/\\\/mediaviestinta.fi\\\/mevi2020\\\/wp-content\\\/uploads\\\/2020\\\/04\\\/mevi-artikkeli-placeholder-kuva-01.jpg\",\"contentUrl\":\"https:\\\/\\\/mediaviestinta.fi\\\/mevi2020\\\/wp-content\\\/uploads\\\/2020\\\/04\\\/mevi-artikkeli-placeholder-kuva-01.jpg\",\"width\":700,\"height\":400},{\"@type\":\"BreadcrumbList\",\"@id\":\"https:\\\/\\\/mediaviestinta.fi\\\/mevi2020\\\/2019\\\/08\\\/median-ja-viestinnan-tutkimuksen-paivat-2020-turussa\\\/#breadcrumb\",\"itemListElement\":[{\"@type\":\"ListItem\",\"position\":1,\"name\":\"Home\",\"item\":\"https:\\\/\\\/mediaviestinta.fi\\\/\"},{\"@type\":\"ListItem\",\"position\":2,\"name\":\"Median ja viestinn\u00e4n tutkimuksen p\u00e4iv\u00e4t 2020 Turussa\"}]},{\"@type\":\"WebSite\",\"@id\":\"https:\\\/\\\/mediaviestinta.fi\\\/#website\",\"url\":\"https:\\\/\\\/mediaviestinta.fi\\\/\",\"name\":\"Mevi\",\"description\":\"Media- ja viestint\u00e4tieteellinen seura Mevi\",\"publisher\":{\"@id\":\"https:\\\/\\\/mediaviestinta.fi\\\/#organization\"},\"potentialAction\":[{\"@type\":\"SearchAction\",\"target\":{\"@type\":\"EntryPoint\",\"urlTemplate\":\"https:\\\/\\\/mediaviestinta.fi\\\/?s={search_term_string}\"},\"query-input\":{\"@type\":\"PropertyValueSpecification\",\"valueRequired\":true,\"valueName\":\"search_term_string\"}}],\"inLanguage\":\"fi\"},{\"@type\":\"Organization\",\"@id\":\"https:\\\/\\\/mediaviestinta.fi\\\/#organization\",\"name\":\"Media- ja viestint\u00e4tieteellinen seura Mevi\",\"url\":\"https:\\\/\\\/mediaviestinta.fi\\\/\",\"logo\":{\"@type\":\"ImageObject\",\"inLanguage\":\"fi\",\"@id\":\"https:\\\/\\\/mediaviestinta.fi\\\/#\\\/schema\\\/logo\\\/image\\\/\",\"url\":\"https:\\\/\\\/mediaviestinta.fi\\\/mevi2020\\\/wp-content\\\/uploads\\\/2020\\\/03\\\/mevi-logo-RGB-Transparent.png\",\"contentUrl\":\"https:\\\/\\\/mediaviestinta.fi\\\/mevi2020\\\/wp-content\\\/uploads\\\/2020\\\/03\\\/mevi-logo-RGB-Transparent.png\",\"width\":910,\"height\":464,\"caption\":\"Media- ja viestint\u00e4tieteellinen seura Mevi\"},\"image\":{\"@id\":\"https:\\\/\\\/mediaviestinta.fi\\\/#\\\/schema\\\/logo\\\/image\\\/\"},\"sameAs\":[\"https:\\\/\\\/www.facebook.com\\\/MediaViestinta\\\/\",\"https:\\\/\\\/x.com\\\/mediaviestinta\"]},{\"@type\":\"Person\",\"@id\":\"https:\\\/\\\/mediaviestinta.fi\\\/#\\\/schema\\\/person\\\/b2da34ab24cfcd17dbdd6c7cfb173257\",\"name\":\"Mevi\",\"image\":{\"@type\":\"ImageObject\",\"inLanguage\":\"fi\",\"@id\":\"https:\\\/\\\/secure.gravatar.com\\\/avatar\\\/3305b76d1667dc119a18808ed03d6a1fc2dfa8b6a1cddecb8c4d27ef14ec32ca?s=96&d=mm&r=g\",\"url\":\"https:\\\/\\\/secure.gravatar.com\\\/avatar\\\/3305b76d1667dc119a18808ed03d6a1fc2dfa8b6a1cddecb8c4d27ef14ec32ca?s=96&d=mm&r=g\",\"contentUrl\":\"https:\\\/\\\/secure.gravatar.com\\\/avatar\\\/3305b76d1667dc119a18808ed03d6a1fc2dfa8b6a1cddecb8c4d27ef14ec32ca?s=96&d=mm&r=g\",\"caption\":\"Mevi\"},\"url\":\"https:\\\/\\\/mediaviestinta.fi\\\/mevi2020\\\/author\\\/mediavie\\\/\"}]}<\/script>\n<!-- \/ Yoast SEO plugin. -->","yoast_head_json":{"title":"Median ja viestinn\u00e4n tutkimuksen p\u00e4iv\u00e4t 2020 Turussa &#8211; Mevi","robots":{"index":"index","follow":"follow","max-snippet":"max-snippet:-1","max-image-preview":"max-image-preview:large","max-video-preview":"max-video-preview:-1"},"canonical":"https:\/\/mediaviestinta.fi\/mevi2020\/2019\/08\/median-ja-viestinnan-tutkimuksen-paivat-2020-turussa\/","og_locale":"fi_FI","og_type":"article","og_title":"Median ja viestinn\u00e4n tutkimuksen p\u00e4iv\u00e4t 2020 Turussa &#8211; Mevi","og_description":"Median ja viestinn\u00e4n tutkimuksen p\u00e4iv\u00e4t j\u00e4rjestet\u00e4\u00e4n 24.-25.4.2020 Turussa. Konferenssin teema on \u201dTiedon politiikat\u201d. Tapahtuman j\u00e4rjest\u00e4v\u00e4t yhteisty\u00f6ss\u00e4 Mevi ry, Turun yliopiston Eduskuntatutkimuksen keskus sek\u00e4 mediatutkimuksen oppiaine. Konferenssin p\u00e4\u00e4puhujat sek\u00e4&hellip;","og_url":"https:\/\/mediaviestinta.fi\/mevi2020\/2019\/08\/median-ja-viestinnan-tutkimuksen-paivat-2020-turussa\/","og_site_name":"Mevi","article_publisher":"https:\/\/www.facebook.com\/MediaViestinta\/","article_published_time":"2019-08-12T10:43:40+00:00","article_modified_time":"2020-05-08T07:41:14+00:00","og_image":[{"width":700,"height":400,"url":"https:\/\/mediaviestinta.fi\/mevi2020\/wp-content\/uploads\/2020\/04\/mevi-artikkeli-placeholder-kuva-01.jpg","type":"image\/jpeg"}],"author":"Mevi","twitter_card":"summary_large_image","twitter_creator":"@mediaviestinta","twitter_site":"@mediaviestinta","twitter_misc":{"Kirjoittanut":"Mevi"},"schema":{"@context":"https:\/\/schema.org","@graph":[{"@type":"Article","@id":"https:\/\/mediaviestinta.fi\/mevi2020\/2019\/08\/median-ja-viestinnan-tutkimuksen-paivat-2020-turussa\/#article","isPartOf":{"@id":"https:\/\/mediaviestinta.fi\/mevi2020\/2019\/08\/median-ja-viestinnan-tutkimuksen-paivat-2020-turussa\/"},"author":{"name":"Mevi","@id":"https:\/\/mediaviestinta.fi\/#\/schema\/person\/b2da34ab24cfcd17dbdd6c7cfb173257"},"headline":"Median ja viestinn\u00e4n tutkimuksen p\u00e4iv\u00e4t 2020 Turussa","datePublished":"2019-08-12T10:43:40+00:00","dateModified":"2020-05-08T07:41:14+00:00","mainEntityOfPage":{"@id":"https:\/\/mediaviestinta.fi\/mevi2020\/2019\/08\/median-ja-viestinnan-tutkimuksen-paivat-2020-turussa\/"},"wordCount":75,"commentCount":0,"publisher":{"@id":"https:\/\/mediaviestinta.fi\/#organization"},"image":{"@id":"https:\/\/mediaviestinta.fi\/mevi2020\/2019\/08\/median-ja-viestinnan-tutkimuksen-paivat-2020-turussa\/#primaryimage"},"thumbnailUrl":"https:\/\/mediaviestinta.fi\/mevi2020\/wp-content\/uploads\/2020\/04\/mevi-artikkeli-placeholder-kuva-01.jpg","keywords":["konferenssi","mevi-p\u00e4iv\u00e4t","mevi2020","turku"],"articleSection":["Ajankohtaista"],"inLanguage":"fi","potentialAction":[{"@type":"CommentAction","name":"Comment","target":["https:\/\/mediaviestinta.fi\/mevi2020\/2019\/08\/median-ja-viestinnan-tutkimuksen-paivat-2020-turussa\/#respond"]}]},{"@type":"WebPage","@id":"https:\/\/mediaviestinta.fi\/mevi2020\/2019\/08\/median-ja-viestinnan-tutkimuksen-paivat-2020-turussa\/","url":"https:\/\/mediaviestinta.fi\/mevi2020\/2019\/08\/median-ja-viestinnan-tutkimuksen-paivat-2020-turussa\/","name":"Median ja viestinn\u00e4n tutkimuksen p\u00e4iv\u00e4t 2020 Turussa &#8211; Mevi","isPartOf":{"@id":"https:\/\/mediaviestinta.fi\/#website"},"primaryImageOfPage":{"@id":"https:\/\/mediaviestinta.fi\/mevi2020\/2019\/08\/median-ja-viestinnan-tutkimuksen-paivat-2020-turussa\/#primaryimage"},"image":{"@id":"https:\/\/mediaviestinta.fi\/mevi2020\/2019\/08\/median-ja-viestinnan-tutkimuksen-paivat-2020-turussa\/#primaryimage"},"thumbnailUrl":"https:\/\/mediaviestinta.fi\/mevi2020\/wp-content\/uploads\/2020\/04\/mevi-artikkeli-placeholder-kuva-01.jpg","datePublished":"2019-08-12T10:43:40+00:00","dateModified":"2020-05-08T07:41:14+00:00","breadcrumb":{"@id":"https:\/\/mediaviestinta.fi\/mevi2020\/2019\/08\/median-ja-viestinnan-tutkimuksen-paivat-2020-turussa\/#breadcrumb"},"inLanguage":"fi","potentialAction":[{"@type":"ReadAction","target":["https:\/\/mediaviestinta.fi\/mevi2020\/2019\/08\/median-ja-viestinnan-tutkimuksen-paivat-2020-turussa\/"]}]},{"@type":"ImageObject","inLanguage":"fi","@id":"https:\/\/mediaviestinta.fi\/mevi2020\/2019\/08\/median-ja-viestinnan-tutkimuksen-paivat-2020-turussa\/#primaryimage","url":"https:\/\/mediaviestinta.fi\/mevi2020\/wp-content\/uploads\/2020\/04\/mevi-artikkeli-placeholder-kuva-01.jpg","contentUrl":"https:\/\/mediaviestinta.fi\/mevi2020\/wp-content\/uploads\/2020\/04\/mevi-artikkeli-placeholder-kuva-01.jpg","width":700,"height":400},{"@type":"BreadcrumbList","@id":"https:\/\/mediaviestinta.fi\/mevi2020\/2019\/08\/median-ja-viestinnan-tutkimuksen-paivat-2020-turussa\/#breadcrumb","itemListElement":[{"@type":"ListItem","position":1,"name":"Home","item":"https:\/\/mediaviestinta.fi\/"},{"@type":"ListItem","position":2,"name":"Median ja viestinn\u00e4n tutkimuksen p\u00e4iv\u00e4t 2020 Turussa"}]},{"@type":"WebSite","@id":"https:\/\/mediaviestinta.fi\/#website","url":"https:\/\/mediaviestinta.fi\/","name":"Mevi","description":"Media- ja viestint\u00e4tieteellinen seura Mevi","publisher":{"@id":"https:\/\/mediaviestinta.fi\/#organization"},"potentialAction":[{"@type":"SearchAction","target":{"@type":"EntryPoint","urlTemplate":"https:\/\/mediaviestinta.fi\/?s={search_term_string}"},"query-input":{"@type":"PropertyValueSpecification","valueRequired":true,"valueName":"search_term_string"}}],"inLanguage":"fi"},{"@type":"Organization","@id":"https:\/\/mediaviestinta.fi\/#organization","name":"Media- ja viestint\u00e4tieteellinen seura Mevi","url":"https:\/\/mediaviestinta.fi\/","logo":{"@type":"ImageObject","inLanguage":"fi","@id":"https:\/\/mediaviestinta.fi\/#\/schema\/logo\/image\/","url":"https:\/\/mediaviestinta.fi\/mevi2020\/wp-content\/uploads\/2020\/03\/mevi-logo-RGB-Transparent.png","contentUrl":"https:\/\/mediaviestinta.fi\/mevi2020\/wp-content\/uploads\/2020\/03\/mevi-logo-RGB-Transparent.png","width":910,"height":464,"caption":"Media- ja viestint\u00e4tieteellinen seura Mevi"},"image":{"@id":"https:\/\/mediaviestinta.fi\/#\/schema\/logo\/image\/"},"sameAs":["https:\/\/www.facebook.com\/MediaViestinta\/","https:\/\/x.com\/mediaviestinta"]},{"@type":"Person","@id":"https:\/\/mediaviestinta.fi\/#\/schema\/person\/b2da34ab24cfcd17dbdd6c7cfb173257","name":"Mevi","image":{"@type":"ImageObject","inLanguage":"fi","@id":"https:\/\/secure.gravatar.com\/avatar\/3305b76d1667dc119a18808ed03d6a1fc2dfa8b6a1cddecb8c4d27ef14ec32ca?s=96&d=mm&r=g","url":"https:\/\/secure.gravatar.com\/avatar\/3305b76d1667dc119a18808ed03d6a1fc2dfa8b6a1cddecb8c4d27ef14ec32ca?s=96&d=mm&r=g","contentUrl":"https:\/\/secure.gravatar.com\/avatar\/3305b76d1667dc119a18808ed03d6a1fc2dfa8b6a1cddecb8c4d27ef14ec32ca?s=96&d=mm&r=g","caption":"Mevi"},"url":"https:\/\/mediaviestinta.fi\/mevi2020\/author\/mediavie\/"}]}},"_links":{"self":[{"href":"https:\/\/mediaviestinta.fi\/mevi2020\/wp-json\/wp\/v2\/posts\/3850","targetHints":{"allow":["GET"]}}],"collection":[{"href":"https:\/\/mediaviestinta.fi\/mevi2020\/wp-json\/wp\/v2\/posts"}],"about":[{"href":"https:\/\/mediaviestinta.fi\/mevi2020\/wp-json\/wp\/v2\/types\/post"}],"author":[{"embeddable":true,"href":"https:\/\/mediaviestinta.fi\/mevi2020\/wp-json\/wp\/v2\/users\/3"}],"replies":[{"embeddable":true,"href":"https:\/\/mediaviestinta.fi\/mevi2020\/wp-json\/wp\/v2\/comments?post=3850"}],"version-history":[{"count":1,"href":"https:\/\/mediaviestinta.fi\/mevi2020\/wp-json\/wp\/v2\/posts\/3850\/revisions"}],"predecessor-version":[{"id":3851,"href":"https:\/\/mediaviestinta.fi\/mevi2020\/wp-json\/wp\/v2\/posts\/3850\/revisions\/3851"}],"wp:featuredmedia":[{"embeddable":true,"href":"https:\/\/mediaviestinta.fi\/mevi2020\/wp-json\/wp\/v2\/media\/3660"}],"wp:attachment":[{"href":"https:\/\/mediaviestinta.fi\/mevi2020\/wp-json\/wp\/v2\/media?parent=3850"}],"wp:term":[{"taxonomy":"category","embeddable":true,"href":"https:\/\/mediaviestinta.fi\/mevi2020\/wp-json\/wp\/v2\/categories?post=3850"},{"taxonomy":"post_tag","embeddable":true,"href":"https:\/\/mediaviestinta.fi\/mevi2020\/wp-json\/wp\/v2\/tags?post=3850"}],"curies":[{"name":"wp","href":"https:\/\/api.w.org\/{rel}","templated":true}]}}