{"id":3869,"date":"2018-12-17T13:54:30","date_gmt":"2018-12-17T11:54:30","guid":{"rendered":"http:\/\/mediaviestinta.fi\/mevi2020\/?p=3869"},"modified":"2020-05-08T10:39:17","modified_gmt":"2020-05-08T07:39:17","slug":"media-viestinta-nousee-julkaisufoorumin-luokkaan-2","status":"publish","type":"post","link":"https:\/\/mediaviestinta.fi\/mevi2020\/2018\/12\/media-viestinta-nousee-julkaisufoorumin-luokkaan-2\/","title":{"rendered":"Media &#038; viestint\u00e4 nousee Julkaisufoorumin luokkaan 2"},"content":{"rendered":"\n<p>Julkaisufoorumin asiantuntijapaneelien&nbsp;<a href=\"http:\/\/www.julkaisufoorumi.fi\/fi\/arkisto\/tiedotteet\/julkaisufoorumin-p%C3%A4ivitysarviointi-valmistunut\" target=\"_blank\" rel=\"noreferrer noopener\">uusimmassa p\u00e4ivitysarvioinnissa<\/a>&nbsp;<em>Media &amp; viestint\u00e4<\/em>&nbsp;-lehti on nostettu luokkaan 2. Toimituskunnan pitk\u00e4j\u00e4nteinen ty\u00f6 lehden kehitt\u00e4miseksi saa n\u00e4in ansaitsemansa tunnustuksen ja&nbsp;<em>Media &amp; viestinn\u00e4ss\u00e4<\/em>&nbsp;julkaiseminen on jatkossa entist\u00e4kin houkuttelevampaa.<\/p>\n\n\n\n<p>Onnittelut ovat siis paikallaan &#8211; t\u00e4m\u00e4 iloinen joululahja palkitsee niin lehden tekij\u00e4t kuin kirjoittajatkin!<\/p>\n","protected":false},"excerpt":{"rendered":"<p>Julkaisufoorumin asiantuntijapaneelien&nbsp;uusimmassa p\u00e4ivitysarvioinnissa&nbsp;Media &amp; viestint\u00e4&nbsp;-lehti on nostettu luokkaan 2. Toimituskunnan pitk\u00e4j\u00e4nteinen ty\u00f6 lehden kehitt\u00e4miseksi saa n\u00e4in ansaitsemansa tunnustuksen ja&nbsp;Media &amp; viestinn\u00e4ss\u00e4&nbsp;julkaiseminen on jatkossa entist\u00e4kin houkuttelevampaa. Onnittelut ovat siis&hellip;<\/p>\n","protected":false},"author":3,"featured_media":3870,"comment_status":"open","ping_status":"closed","sticky":false,"template":"","format":"standard","meta":{"_monsterinsights_skip_tracking":false,"_monsterinsights_sitenote_active":false,"_monsterinsights_sitenote_note":"","_monsterinsights_sitenote_category":0,"footnotes":""},"categories":[76,1],"tags":[],"class_list":["post-3869","post","type-post","status-publish","format-standard","has-post-thumbnail","hentry","category-ajankohtaista","category-yleinen"],"yoast_head":"<!-- This site is optimized with the Yoast SEO plugin v27.5 - https:\/\/yoast.com\/product\/yoast-seo-wordpress\/ -->\n<title>Media &amp; viestint\u00e4 nousee Julkaisufoorumin luokkaan 2 &#8211; Mevi<\/title>\n<meta name=\"robots\" content=\"index, follow, max-snippet:-1, max-image-preview:large, max-video-preview:-1\" \/>\n<link rel=\"canonical\" href=\"https:\/\/mediaviestinta.fi\/mevi2020\/2018\/12\/media-viestinta-nousee-julkaisufoorumin-luokkaan-2\/\" \/>\n<meta property=\"og:locale\" content=\"fi_FI\" \/>\n<meta property=\"og:type\" content=\"article\" \/>\n<meta property=\"og:title\" content=\"Media &amp; viestint\u00e4 nousee Julkaisufoorumin luokkaan 2 &#8211; Mevi\" \/>\n<meta property=\"og:description\" content=\"Julkaisufoorumin asiantuntijapaneelien&nbsp;uusimmassa p\u00e4ivitysarvioinnissa&nbsp;Media &amp; viestint\u00e4&nbsp;-lehti on nostettu luokkaan 2. Toimituskunnan pitk\u00e4j\u00e4nteinen ty\u00f6 lehden kehitt\u00e4miseksi saa n\u00e4in ansaitsemansa tunnustuksen ja&nbsp;Media &amp; viestinn\u00e4ss\u00e4&nbsp;julkaiseminen on jatkossa entist\u00e4kin houkuttelevampaa. Onnittelut ovat siis&hellip;\" \/>\n<meta property=\"og:url\" content=\"https:\/\/mediaviestinta.fi\/mevi2020\/2018\/12\/media-viestinta-nousee-julkaisufoorumin-luokkaan-2\/\" \/>\n<meta property=\"og:site_name\" content=\"Mevi\" \/>\n<meta property=\"article:publisher\" content=\"https:\/\/www.facebook.com\/MediaViestinta\/\" \/>\n<meta property=\"article:published_time\" content=\"2018-12-17T11:54:30+00:00\" \/>\n<meta property=\"article:modified_time\" content=\"2020-05-08T07:39:17+00:00\" \/>\n<meta property=\"og:image\" content=\"https:\/\/mediaviestinta.fi\/mevi2020\/wp-content\/uploads\/2020\/05\/MEVIpukki-scaled-e1588589733615.jpg\" \/>\n\t<meta property=\"og:image:width\" content=\"525\" \/>\n\t<meta property=\"og:image:height\" content=\"700\" \/>\n\t<meta property=\"og:image:type\" content=\"image\/jpeg\" \/>\n<meta name=\"author\" content=\"Mevi\" \/>\n<meta name=\"twitter:card\" content=\"summary_large_image\" \/>\n<meta name=\"twitter:creator\" content=\"@mediaviestinta\" \/>\n<meta name=\"twitter:site\" content=\"@mediaviestinta\" \/>\n<meta name=\"twitter:label1\" content=\"Kirjoittanut\" \/>\n\t<meta name=\"twitter:data1\" content=\"Mevi\" \/>\n<script type=\"application\/ld+json\" class=\"yoast-schema-graph\">{\"@context\":\"https:\\\/\\\/schema.org\",\"@graph\":[{\"@type\":\"Article\",\"@id\":\"https:\\\/\\\/mediaviestinta.fi\\\/mevi2020\\\/2018\\\/12\\\/media-viestinta-nousee-julkaisufoorumin-luokkaan-2\\\/#article\",\"isPartOf\":{\"@id\":\"https:\\\/\\\/mediaviestinta.fi\\\/mevi2020\\\/2018\\\/12\\\/media-viestinta-nousee-julkaisufoorumin-luokkaan-2\\\/\"},\"author\":{\"name\":\"Mevi\",\"@id\":\"https:\\\/\\\/mediaviestinta.fi\\\/#\\\/schema\\\/person\\\/b2da34ab24cfcd17dbdd6c7cfb173257\"},\"headline\":\"Media &#038; viestint\u00e4 nousee Julkaisufoorumin luokkaan 2\",\"datePublished\":\"2018-12-17T11:54:30+00:00\",\"dateModified\":\"2020-05-08T07:39:17+00:00\",\"mainEntityOfPage\":{\"@id\":\"https:\\\/\\\/mediaviestinta.fi\\\/mevi2020\\\/2018\\\/12\\\/media-viestinta-nousee-julkaisufoorumin-luokkaan-2\\\/\"},\"wordCount\":62,\"commentCount\":0,\"publisher\":{\"@id\":\"https:\\\/\\\/mediaviestinta.fi\\\/#organization\"},\"image\":{\"@id\":\"https:\\\/\\\/mediaviestinta.fi\\\/mevi2020\\\/2018\\\/12\\\/media-viestinta-nousee-julkaisufoorumin-luokkaan-2\\\/#primaryimage\"},\"thumbnailUrl\":\"https:\\\/\\\/mediaviestinta.fi\\\/mevi2020\\\/wp-content\\\/uploads\\\/2020\\\/05\\\/MEVIpukki-scaled-e1588589733615.jpg\",\"articleSection\":[\"Ajankohtaista\"],\"inLanguage\":\"fi\",\"potentialAction\":[{\"@type\":\"CommentAction\",\"name\":\"Comment\",\"target\":[\"https:\\\/\\\/mediaviestinta.fi\\\/mevi2020\\\/2018\\\/12\\\/media-viestinta-nousee-julkaisufoorumin-luokkaan-2\\\/#respond\"]}]},{\"@type\":\"WebPage\",\"@id\":\"https:\\\/\\\/mediaviestinta.fi\\\/mevi2020\\\/2018\\\/12\\\/media-viestinta-nousee-julkaisufoorumin-luokkaan-2\\\/\",\"url\":\"https:\\\/\\\/mediaviestinta.fi\\\/mevi2020\\\/2018\\\/12\\\/media-viestinta-nousee-julkaisufoorumin-luokkaan-2\\\/\",\"name\":\"Media & viestint\u00e4 nousee Julkaisufoorumin luokkaan 2 &#8211; Mevi\",\"isPartOf\":{\"@id\":\"https:\\\/\\\/mediaviestinta.fi\\\/#website\"},\"primaryImageOfPage\":{\"@id\":\"https:\\\/\\\/mediaviestinta.fi\\\/mevi2020\\\/2018\\\/12\\\/media-viestinta-nousee-julkaisufoorumin-luokkaan-2\\\/#primaryimage\"},\"image\":{\"@id\":\"https:\\\/\\\/mediaviestinta.fi\\\/mevi2020\\\/2018\\\/12\\\/media-viestinta-nousee-julkaisufoorumin-luokkaan-2\\\/#primaryimage\"},\"thumbnailUrl\":\"https:\\\/\\\/mediaviestinta.fi\\\/mevi2020\\\/wp-content\\\/uploads\\\/2020\\\/05\\\/MEVIpukki-scaled-e1588589733615.jpg\",\"datePublished\":\"2018-12-17T11:54:30+00:00\",\"dateModified\":\"2020-05-08T07:39:17+00:00\",\"breadcrumb\":{\"@id\":\"https:\\\/\\\/mediaviestinta.fi\\\/mevi2020\\\/2018\\\/12\\\/media-viestinta-nousee-julkaisufoorumin-luokkaan-2\\\/#breadcrumb\"},\"inLanguage\":\"fi\",\"potentialAction\":[{\"@type\":\"ReadAction\",\"target\":[\"https:\\\/\\\/mediaviestinta.fi\\\/mevi2020\\\/2018\\\/12\\\/media-viestinta-nousee-julkaisufoorumin-luokkaan-2\\\/\"]}]},{\"@type\":\"ImageObject\",\"inLanguage\":\"fi\",\"@id\":\"https:\\\/\\\/mediaviestinta.fi\\\/mevi2020\\\/2018\\\/12\\\/media-viestinta-nousee-julkaisufoorumin-luokkaan-2\\\/#primaryimage\",\"url\":\"https:\\\/\\\/mediaviestinta.fi\\\/mevi2020\\\/wp-content\\\/uploads\\\/2020\\\/05\\\/MEVIpukki-scaled-e1588589733615.jpg\",\"contentUrl\":\"https:\\\/\\\/mediaviestinta.fi\\\/mevi2020\\\/wp-content\\\/uploads\\\/2020\\\/05\\\/MEVIpukki-scaled-e1588589733615.jpg\",\"width\":525,\"height\":700},{\"@type\":\"BreadcrumbList\",\"@id\":\"https:\\\/\\\/mediaviestinta.fi\\\/mevi2020\\\/2018\\\/12\\\/media-viestinta-nousee-julkaisufoorumin-luokkaan-2\\\/#breadcrumb\",\"itemListElement\":[{\"@type\":\"ListItem\",\"position\":1,\"name\":\"Home\",\"item\":\"https:\\\/\\\/mediaviestinta.fi\\\/\"},{\"@type\":\"ListItem\",\"position\":2,\"name\":\"Media &#038; viestint\u00e4 nousee Julkaisufoorumin luokkaan 2\"}]},{\"@type\":\"WebSite\",\"@id\":\"https:\\\/\\\/mediaviestinta.fi\\\/#website\",\"url\":\"https:\\\/\\\/mediaviestinta.fi\\\/\",\"name\":\"Mevi\",\"description\":\"Media- ja viestint\u00e4tieteellinen seura Mevi\",\"publisher\":{\"@id\":\"https:\\\/\\\/mediaviestinta.fi\\\/#organization\"},\"potentialAction\":[{\"@type\":\"SearchAction\",\"target\":{\"@type\":\"EntryPoint\",\"urlTemplate\":\"https:\\\/\\\/mediaviestinta.fi\\\/?s={search_term_string}\"},\"query-input\":{\"@type\":\"PropertyValueSpecification\",\"valueRequired\":true,\"valueName\":\"search_term_string\"}}],\"inLanguage\":\"fi\"},{\"@type\":\"Organization\",\"@id\":\"https:\\\/\\\/mediaviestinta.fi\\\/#organization\",\"name\":\"Media- ja viestint\u00e4tieteellinen seura Mevi\",\"url\":\"https:\\\/\\\/mediaviestinta.fi\\\/\",\"logo\":{\"@type\":\"ImageObject\",\"inLanguage\":\"fi\",\"@id\":\"https:\\\/\\\/mediaviestinta.fi\\\/#\\\/schema\\\/logo\\\/image\\\/\",\"url\":\"https:\\\/\\\/mediaviestinta.fi\\\/mevi2020\\\/wp-content\\\/uploads\\\/2020\\\/03\\\/mevi-logo-RGB-Transparent.png\",\"contentUrl\":\"https:\\\/\\\/mediaviestinta.fi\\\/mevi2020\\\/wp-content\\\/uploads\\\/2020\\\/03\\\/mevi-logo-RGB-Transparent.png\",\"width\":910,\"height\":464,\"caption\":\"Media- ja viestint\u00e4tieteellinen seura Mevi\"},\"image\":{\"@id\":\"https:\\\/\\\/mediaviestinta.fi\\\/#\\\/schema\\\/logo\\\/image\\\/\"},\"sameAs\":[\"https:\\\/\\\/www.facebook.com\\\/MediaViestinta\\\/\",\"https:\\\/\\\/x.com\\\/mediaviestinta\"]},{\"@type\":\"Person\",\"@id\":\"https:\\\/\\\/mediaviestinta.fi\\\/#\\\/schema\\\/person\\\/b2da34ab24cfcd17dbdd6c7cfb173257\",\"name\":\"Mevi\",\"image\":{\"@type\":\"ImageObject\",\"inLanguage\":\"fi\",\"@id\":\"https:\\\/\\\/secure.gravatar.com\\\/avatar\\\/3305b76d1667dc119a18808ed03d6a1fc2dfa8b6a1cddecb8c4d27ef14ec32ca?s=96&d=mm&r=g\",\"url\":\"https:\\\/\\\/secure.gravatar.com\\\/avatar\\\/3305b76d1667dc119a18808ed03d6a1fc2dfa8b6a1cddecb8c4d27ef14ec32ca?s=96&d=mm&r=g\",\"contentUrl\":\"https:\\\/\\\/secure.gravatar.com\\\/avatar\\\/3305b76d1667dc119a18808ed03d6a1fc2dfa8b6a1cddecb8c4d27ef14ec32ca?s=96&d=mm&r=g\",\"caption\":\"Mevi\"},\"url\":\"https:\\\/\\\/mediaviestinta.fi\\\/mevi2020\\\/author\\\/mediavie\\\/\"}]}<\/script>\n<!-- \/ Yoast SEO plugin. -->","yoast_head_json":{"title":"Media & viestint\u00e4 nousee Julkaisufoorumin luokkaan 2 &#8211; Mevi","robots":{"index":"index","follow":"follow","max-snippet":"max-snippet:-1","max-image-preview":"max-image-preview:large","max-video-preview":"max-video-preview:-1"},"canonical":"https:\/\/mediaviestinta.fi\/mevi2020\/2018\/12\/media-viestinta-nousee-julkaisufoorumin-luokkaan-2\/","og_locale":"fi_FI","og_type":"article","og_title":"Media & viestint\u00e4 nousee Julkaisufoorumin luokkaan 2 &#8211; Mevi","og_description":"Julkaisufoorumin asiantuntijapaneelien&nbsp;uusimmassa p\u00e4ivitysarvioinnissa&nbsp;Media &amp; viestint\u00e4&nbsp;-lehti on nostettu luokkaan 2. Toimituskunnan pitk\u00e4j\u00e4nteinen ty\u00f6 lehden kehitt\u00e4miseksi saa n\u00e4in ansaitsemansa tunnustuksen ja&nbsp;Media &amp; viestinn\u00e4ss\u00e4&nbsp;julkaiseminen on jatkossa entist\u00e4kin houkuttelevampaa. Onnittelut ovat siis&hellip;","og_url":"https:\/\/mediaviestinta.fi\/mevi2020\/2018\/12\/media-viestinta-nousee-julkaisufoorumin-luokkaan-2\/","og_site_name":"Mevi","article_publisher":"https:\/\/www.facebook.com\/MediaViestinta\/","article_published_time":"2018-12-17T11:54:30+00:00","article_modified_time":"2020-05-08T07:39:17+00:00","og_image":[{"width":525,"height":700,"url":"https:\/\/mediaviestinta.fi\/mevi2020\/wp-content\/uploads\/2020\/05\/MEVIpukki-scaled-e1588589733615.jpg","type":"image\/jpeg"}],"author":"Mevi","twitter_card":"summary_large_image","twitter_creator":"@mediaviestinta","twitter_site":"@mediaviestinta","twitter_misc":{"Kirjoittanut":"Mevi"},"schema":{"@context":"https:\/\/schema.org","@graph":[{"@type":"Article","@id":"https:\/\/mediaviestinta.fi\/mevi2020\/2018\/12\/media-viestinta-nousee-julkaisufoorumin-luokkaan-2\/#article","isPartOf":{"@id":"https:\/\/mediaviestinta.fi\/mevi2020\/2018\/12\/media-viestinta-nousee-julkaisufoorumin-luokkaan-2\/"},"author":{"name":"Mevi","@id":"https:\/\/mediaviestinta.fi\/#\/schema\/person\/b2da34ab24cfcd17dbdd6c7cfb173257"},"headline":"Media &#038; viestint\u00e4 nousee Julkaisufoorumin luokkaan 2","datePublished":"2018-12-17T11:54:30+00:00","dateModified":"2020-05-08T07:39:17+00:00","mainEntityOfPage":{"@id":"https:\/\/mediaviestinta.fi\/mevi2020\/2018\/12\/media-viestinta-nousee-julkaisufoorumin-luokkaan-2\/"},"wordCount":62,"commentCount":0,"publisher":{"@id":"https:\/\/mediaviestinta.fi\/#organization"},"image":{"@id":"https:\/\/mediaviestinta.fi\/mevi2020\/2018\/12\/media-viestinta-nousee-julkaisufoorumin-luokkaan-2\/#primaryimage"},"thumbnailUrl":"https:\/\/mediaviestinta.fi\/mevi2020\/wp-content\/uploads\/2020\/05\/MEVIpukki-scaled-e1588589733615.jpg","articleSection":["Ajankohtaista"],"inLanguage":"fi","potentialAction":[{"@type":"CommentAction","name":"Comment","target":["https:\/\/mediaviestinta.fi\/mevi2020\/2018\/12\/media-viestinta-nousee-julkaisufoorumin-luokkaan-2\/#respond"]}]},{"@type":"WebPage","@id":"https:\/\/mediaviestinta.fi\/mevi2020\/2018\/12\/media-viestinta-nousee-julkaisufoorumin-luokkaan-2\/","url":"https:\/\/mediaviestinta.fi\/mevi2020\/2018\/12\/media-viestinta-nousee-julkaisufoorumin-luokkaan-2\/","name":"Media & viestint\u00e4 nousee Julkaisufoorumin luokkaan 2 &#8211; Mevi","isPartOf":{"@id":"https:\/\/mediaviestinta.fi\/#website"},"primaryImageOfPage":{"@id":"https:\/\/mediaviestinta.fi\/mevi2020\/2018\/12\/media-viestinta-nousee-julkaisufoorumin-luokkaan-2\/#primaryimage"},"image":{"@id":"https:\/\/mediaviestinta.fi\/mevi2020\/2018\/12\/media-viestinta-nousee-julkaisufoorumin-luokkaan-2\/#primaryimage"},"thumbnailUrl":"https:\/\/mediaviestinta.fi\/mevi2020\/wp-content\/uploads\/2020\/05\/MEVIpukki-scaled-e1588589733615.jpg","datePublished":"2018-12-17T11:54:30+00:00","dateModified":"2020-05-08T07:39:17+00:00","breadcrumb":{"@id":"https:\/\/mediaviestinta.fi\/mevi2020\/2018\/12\/media-viestinta-nousee-julkaisufoorumin-luokkaan-2\/#breadcrumb"},"inLanguage":"fi","potentialAction":[{"@type":"ReadAction","target":["https:\/\/mediaviestinta.fi\/mevi2020\/2018\/12\/media-viestinta-nousee-julkaisufoorumin-luokkaan-2\/"]}]},{"@type":"ImageObject","inLanguage":"fi","@id":"https:\/\/mediaviestinta.fi\/mevi2020\/2018\/12\/media-viestinta-nousee-julkaisufoorumin-luokkaan-2\/#primaryimage","url":"https:\/\/mediaviestinta.fi\/mevi2020\/wp-content\/uploads\/2020\/05\/MEVIpukki-scaled-e1588589733615.jpg","contentUrl":"https:\/\/mediaviestinta.fi\/mevi2020\/wp-content\/uploads\/2020\/05\/MEVIpukki-scaled-e1588589733615.jpg","width":525,"height":700},{"@type":"BreadcrumbList","@id":"https:\/\/mediaviestinta.fi\/mevi2020\/2018\/12\/media-viestinta-nousee-julkaisufoorumin-luokkaan-2\/#breadcrumb","itemListElement":[{"@type":"ListItem","position":1,"name":"Home","item":"https:\/\/mediaviestinta.fi\/"},{"@type":"ListItem","position":2,"name":"Media &#038; viestint\u00e4 nousee Julkaisufoorumin luokkaan 2"}]},{"@type":"WebSite","@id":"https:\/\/mediaviestinta.fi\/#website","url":"https:\/\/mediaviestinta.fi\/","name":"Mevi","description":"Media- ja viestint\u00e4tieteellinen seura Mevi","publisher":{"@id":"https:\/\/mediaviestinta.fi\/#organization"},"potentialAction":[{"@type":"SearchAction","target":{"@type":"EntryPoint","urlTemplate":"https:\/\/mediaviestinta.fi\/?s={search_term_string}"},"query-input":{"@type":"PropertyValueSpecification","valueRequired":true,"valueName":"search_term_string"}}],"inLanguage":"fi"},{"@type":"Organization","@id":"https:\/\/mediaviestinta.fi\/#organization","name":"Media- ja viestint\u00e4tieteellinen seura Mevi","url":"https:\/\/mediaviestinta.fi\/","logo":{"@type":"ImageObject","inLanguage":"fi","@id":"https:\/\/mediaviestinta.fi\/#\/schema\/logo\/image\/","url":"https:\/\/mediaviestinta.fi\/mevi2020\/wp-content\/uploads\/2020\/03\/mevi-logo-RGB-Transparent.png","contentUrl":"https:\/\/mediaviestinta.fi\/mevi2020\/wp-content\/uploads\/2020\/03\/mevi-logo-RGB-Transparent.png","width":910,"height":464,"caption":"Media- ja viestint\u00e4tieteellinen seura Mevi"},"image":{"@id":"https:\/\/mediaviestinta.fi\/#\/schema\/logo\/image\/"},"sameAs":["https:\/\/www.facebook.com\/MediaViestinta\/","https:\/\/x.com\/mediaviestinta"]},{"@type":"Person","@id":"https:\/\/mediaviestinta.fi\/#\/schema\/person\/b2da34ab24cfcd17dbdd6c7cfb173257","name":"Mevi","image":{"@type":"ImageObject","inLanguage":"fi","@id":"https:\/\/secure.gravatar.com\/avatar\/3305b76d1667dc119a18808ed03d6a1fc2dfa8b6a1cddecb8c4d27ef14ec32ca?s=96&d=mm&r=g","url":"https:\/\/secure.gravatar.com\/avatar\/3305b76d1667dc119a18808ed03d6a1fc2dfa8b6a1cddecb8c4d27ef14ec32ca?s=96&d=mm&r=g","contentUrl":"https:\/\/secure.gravatar.com\/avatar\/3305b76d1667dc119a18808ed03d6a1fc2dfa8b6a1cddecb8c4d27ef14ec32ca?s=96&d=mm&r=g","caption":"Mevi"},"url":"https:\/\/mediaviestinta.fi\/mevi2020\/author\/mediavie\/"}]}},"_links":{"self":[{"href":"https:\/\/mediaviestinta.fi\/mevi2020\/wp-json\/wp\/v2\/posts\/3869","targetHints":{"allow":["GET"]}}],"collection":[{"href":"https:\/\/mediaviestinta.fi\/mevi2020\/wp-json\/wp\/v2\/posts"}],"about":[{"href":"https:\/\/mediaviestinta.fi\/mevi2020\/wp-json\/wp\/v2\/types\/post"}],"author":[{"embeddable":true,"href":"https:\/\/mediaviestinta.fi\/mevi2020\/wp-json\/wp\/v2\/users\/3"}],"replies":[{"embeddable":true,"href":"https:\/\/mediaviestinta.fi\/mevi2020\/wp-json\/wp\/v2\/comments?post=3869"}],"version-history":[{"count":1,"href":"https:\/\/mediaviestinta.fi\/mevi2020\/wp-json\/wp\/v2\/posts\/3869\/revisions"}],"predecessor-version":[{"id":3871,"href":"https:\/\/mediaviestinta.fi\/mevi2020\/wp-json\/wp\/v2\/posts\/3869\/revisions\/3871"}],"wp:featuredmedia":[{"embeddable":true,"href":"https:\/\/mediaviestinta.fi\/mevi2020\/wp-json\/wp\/v2\/media\/3870"}],"wp:attachment":[{"href":"https:\/\/mediaviestinta.fi\/mevi2020\/wp-json\/wp\/v2\/media?parent=3869"}],"wp:term":[{"taxonomy":"category","embeddable":true,"href":"https:\/\/mediaviestinta.fi\/mevi2020\/wp-json\/wp\/v2\/categories?post=3869"},{"taxonomy":"post_tag","embeddable":true,"href":"https:\/\/mediaviestinta.fi\/mevi2020\/wp-json\/wp\/v2\/tags?post=3869"}],"curies":[{"name":"wp","href":"https:\/\/api.w.org\/{rel}","templated":true}]}}