{"id":3879,"date":"2018-08-10T14:06:05","date_gmt":"2018-08-10T11:06:05","guid":{"rendered":"http:\/\/mediaviestinta.fi\/mevi2020\/?p=3879"},"modified":"2020-05-08T10:39:18","modified_gmt":"2020-05-08T07:39:18","slug":"media-viestinnan-arkistot-taydentyivat","status":"publish","type":"post","link":"https:\/\/mediaviestinta.fi\/mevi2020\/2018\/08\/media-viestinnan-arkistot-taydentyivat\/","title":{"rendered":"Media &#038; viestinn\u00e4n arkistot t\u00e4ydentyiv\u00e4t"},"content":{"rendered":"\n<p>Media &amp; viestinn\u00e4n 40-juhlavuoden kunniaksi olemme t\u00e4ydent\u00e4neet lehden s\u00e4hk\u00f6isi\u00e4 arkistoja. Tiedotustutkimuksen ja Media &amp; viestinn\u00e4n kaikki aineistot l\u00f6ytyv\u00e4t nyt verkosta osoitteesta journal.fi\/mediaviestinta.&nbsp;Lis\u00e4tietoa digitoinnista l\u00f6yd\u00e4t&nbsp;<strong><a href=\"https:\/\/mediaviestinta.fi\/mevi2020\/blogi\/media-viestinnan-arkistot-taydentyivat\/?preview_id=3732&amp;preview_nonce=c0fd219a9c&amp;preview=true\">t\u00e4\u00e4lt\u00e4<\/a><\/strong>.<\/p>\n\n\n\n<p>Uutta arkistossa:<br>a) Tiedotustutkimukset vuosilta 1978-1989<br>b) Media &amp; viestinn\u00e4n arkistojen t\u00e4ydennys vuosilta 1990-2014<\/p>\n","protected":false},"excerpt":{"rendered":"<p>Media &amp; viestinn\u00e4n 40-juhlavuoden kunniaksi olemme t\u00e4ydent\u00e4neet lehden s\u00e4hk\u00f6isi\u00e4 arkistoja. Tiedotustutkimuksen ja Media &amp; viestinn\u00e4n kaikki aineistot l\u00f6ytyv\u00e4t nyt verkosta osoitteesta journal.fi\/mediaviestinta.&nbsp;Lis\u00e4tietoa digitoinnista l\u00f6yd\u00e4t&nbsp;t\u00e4\u00e4lt\u00e4. Uutta arkistossa:a) Tiedotustutkimukset vuosilta&hellip;<\/p>\n","protected":false},"author":3,"featured_media":3880,"comment_status":"open","ping_status":"closed","sticky":false,"template":"","format":"standard","meta":{"_monsterinsights_skip_tracking":false,"_monsterinsights_sitenote_active":false,"_monsterinsights_sitenote_note":"","_monsterinsights_sitenote_category":0,"footnotes":""},"categories":[76,1],"tags":[64,62],"class_list":["post-3879","post","type-post","status-publish","format-standard","has-post-thumbnail","hentry","category-ajankohtaista","category-yleinen","tag-journal-fi","tag-media-viestinta"],"yoast_head":"<!-- This site is optimized with the Yoast SEO plugin v27.5 - https:\/\/yoast.com\/product\/yoast-seo-wordpress\/ -->\n<title>Media &amp; viestinn\u00e4n arkistot t\u00e4ydentyiv\u00e4t &#8211; Mevi<\/title>\n<meta name=\"robots\" content=\"index, follow, max-snippet:-1, max-image-preview:large, max-video-preview:-1\" \/>\n<link rel=\"canonical\" href=\"https:\/\/mediaviestinta.fi\/mevi2020\/2018\/08\/media-viestinnan-arkistot-taydentyivat\/\" \/>\n<meta property=\"og:locale\" content=\"fi_FI\" \/>\n<meta property=\"og:type\" content=\"article\" \/>\n<meta property=\"og:title\" content=\"Media &amp; viestinn\u00e4n arkistot t\u00e4ydentyiv\u00e4t &#8211; Mevi\" \/>\n<meta property=\"og:description\" content=\"Media &amp; viestinn\u00e4n 40-juhlavuoden kunniaksi olemme t\u00e4ydent\u00e4neet lehden s\u00e4hk\u00f6isi\u00e4 arkistoja. Tiedotustutkimuksen ja Media &amp; viestinn\u00e4n kaikki aineistot l\u00f6ytyv\u00e4t nyt verkosta osoitteesta journal.fi\/mediaviestinta.&nbsp;Lis\u00e4tietoa digitoinnista l\u00f6yd\u00e4t&nbsp;t\u00e4\u00e4lt\u00e4. Uutta arkistossa:a) Tiedotustutkimukset vuosilta&hellip;\" \/>\n<meta property=\"og:url\" content=\"https:\/\/mediaviestinta.fi\/mevi2020\/2018\/08\/media-viestinnan-arkistot-taydentyivat\/\" \/>\n<meta property=\"og:site_name\" content=\"Mevi\" \/>\n<meta property=\"article:publisher\" content=\"https:\/\/www.facebook.com\/MediaViestinta\/\" \/>\n<meta property=\"article:published_time\" content=\"2018-08-10T11:06:05+00:00\" \/>\n<meta property=\"article:modified_time\" content=\"2020-05-08T07:39:18+00:00\" \/>\n<meta property=\"og:image\" content=\"https:\/\/mediaviestinta.fi\/mevi2020\/wp-content\/uploads\/2020\/05\/Digitointi-TT-kannet.png\" \/>\n\t<meta property=\"og:image:width\" content=\"680\" \/>\n\t<meta property=\"og:image:height\" content=\"327\" \/>\n\t<meta property=\"og:image:type\" content=\"image\/png\" \/>\n<meta name=\"author\" content=\"Mevi\" \/>\n<meta name=\"twitter:card\" content=\"summary_large_image\" \/>\n<meta name=\"twitter:creator\" content=\"@mediaviestinta\" \/>\n<meta name=\"twitter:site\" content=\"@mediaviestinta\" \/>\n<meta name=\"twitter:label1\" content=\"Kirjoittanut\" \/>\n\t<meta name=\"twitter:data1\" content=\"Mevi\" \/>\n<script type=\"application\/ld+json\" class=\"yoast-schema-graph\">{\"@context\":\"https:\\\/\\\/schema.org\",\"@graph\":[{\"@type\":\"Article\",\"@id\":\"https:\\\/\\\/mediaviestinta.fi\\\/mevi2020\\\/2018\\\/08\\\/media-viestinnan-arkistot-taydentyivat\\\/#article\",\"isPartOf\":{\"@id\":\"https:\\\/\\\/mediaviestinta.fi\\\/mevi2020\\\/2018\\\/08\\\/media-viestinnan-arkistot-taydentyivat\\\/\"},\"author\":{\"name\":\"Mevi\",\"@id\":\"https:\\\/\\\/mediaviestinta.fi\\\/#\\\/schema\\\/person\\\/b2da34ab24cfcd17dbdd6c7cfb173257\"},\"headline\":\"Media &#038; viestinn\u00e4n arkistot t\u00e4ydentyiv\u00e4t\",\"datePublished\":\"2018-08-10T11:06:05+00:00\",\"dateModified\":\"2020-05-08T07:39:18+00:00\",\"mainEntityOfPage\":{\"@id\":\"https:\\\/\\\/mediaviestinta.fi\\\/mevi2020\\\/2018\\\/08\\\/media-viestinnan-arkistot-taydentyivat\\\/\"},\"wordCount\":65,\"commentCount\":0,\"publisher\":{\"@id\":\"https:\\\/\\\/mediaviestinta.fi\\\/#organization\"},\"image\":{\"@id\":\"https:\\\/\\\/mediaviestinta.fi\\\/mevi2020\\\/2018\\\/08\\\/media-viestinnan-arkistot-taydentyivat\\\/#primaryimage\"},\"thumbnailUrl\":\"https:\\\/\\\/mediaviestinta.fi\\\/mevi2020\\\/wp-content\\\/uploads\\\/2020\\\/05\\\/Digitointi-TT-kannet.png\",\"keywords\":[\"journal.fi\",\"media &amp; viestint\u00e4\"],\"articleSection\":[\"Ajankohtaista\"],\"inLanguage\":\"fi\",\"potentialAction\":[{\"@type\":\"CommentAction\",\"name\":\"Comment\",\"target\":[\"https:\\\/\\\/mediaviestinta.fi\\\/mevi2020\\\/2018\\\/08\\\/media-viestinnan-arkistot-taydentyivat\\\/#respond\"]}]},{\"@type\":\"WebPage\",\"@id\":\"https:\\\/\\\/mediaviestinta.fi\\\/mevi2020\\\/2018\\\/08\\\/media-viestinnan-arkistot-taydentyivat\\\/\",\"url\":\"https:\\\/\\\/mediaviestinta.fi\\\/mevi2020\\\/2018\\\/08\\\/media-viestinnan-arkistot-taydentyivat\\\/\",\"name\":\"Media & viestinn\u00e4n arkistot t\u00e4ydentyiv\u00e4t &#8211; Mevi\",\"isPartOf\":{\"@id\":\"https:\\\/\\\/mediaviestinta.fi\\\/#website\"},\"primaryImageOfPage\":{\"@id\":\"https:\\\/\\\/mediaviestinta.fi\\\/mevi2020\\\/2018\\\/08\\\/media-viestinnan-arkistot-taydentyivat\\\/#primaryimage\"},\"image\":{\"@id\":\"https:\\\/\\\/mediaviestinta.fi\\\/mevi2020\\\/2018\\\/08\\\/media-viestinnan-arkistot-taydentyivat\\\/#primaryimage\"},\"thumbnailUrl\":\"https:\\\/\\\/mediaviestinta.fi\\\/mevi2020\\\/wp-content\\\/uploads\\\/2020\\\/05\\\/Digitointi-TT-kannet.png\",\"datePublished\":\"2018-08-10T11:06:05+00:00\",\"dateModified\":\"2020-05-08T07:39:18+00:00\",\"breadcrumb\":{\"@id\":\"https:\\\/\\\/mediaviestinta.fi\\\/mevi2020\\\/2018\\\/08\\\/media-viestinnan-arkistot-taydentyivat\\\/#breadcrumb\"},\"inLanguage\":\"fi\",\"potentialAction\":[{\"@type\":\"ReadAction\",\"target\":[\"https:\\\/\\\/mediaviestinta.fi\\\/mevi2020\\\/2018\\\/08\\\/media-viestinnan-arkistot-taydentyivat\\\/\"]}]},{\"@type\":\"ImageObject\",\"inLanguage\":\"fi\",\"@id\":\"https:\\\/\\\/mediaviestinta.fi\\\/mevi2020\\\/2018\\\/08\\\/media-viestinnan-arkistot-taydentyivat\\\/#primaryimage\",\"url\":\"https:\\\/\\\/mediaviestinta.fi\\\/mevi2020\\\/wp-content\\\/uploads\\\/2020\\\/05\\\/Digitointi-TT-kannet.png\",\"contentUrl\":\"https:\\\/\\\/mediaviestinta.fi\\\/mevi2020\\\/wp-content\\\/uploads\\\/2020\\\/05\\\/Digitointi-TT-kannet.png\",\"width\":680,\"height\":327},{\"@type\":\"BreadcrumbList\",\"@id\":\"https:\\\/\\\/mediaviestinta.fi\\\/mevi2020\\\/2018\\\/08\\\/media-viestinnan-arkistot-taydentyivat\\\/#breadcrumb\",\"itemListElement\":[{\"@type\":\"ListItem\",\"position\":1,\"name\":\"Home\",\"item\":\"https:\\\/\\\/mediaviestinta.fi\\\/\"},{\"@type\":\"ListItem\",\"position\":2,\"name\":\"Media &#038; viestinn\u00e4n arkistot t\u00e4ydentyiv\u00e4t\"}]},{\"@type\":\"WebSite\",\"@id\":\"https:\\\/\\\/mediaviestinta.fi\\\/#website\",\"url\":\"https:\\\/\\\/mediaviestinta.fi\\\/\",\"name\":\"Mevi\",\"description\":\"Media- ja viestint\u00e4tieteellinen seura Mevi\",\"publisher\":{\"@id\":\"https:\\\/\\\/mediaviestinta.fi\\\/#organization\"},\"potentialAction\":[{\"@type\":\"SearchAction\",\"target\":{\"@type\":\"EntryPoint\",\"urlTemplate\":\"https:\\\/\\\/mediaviestinta.fi\\\/?s={search_term_string}\"},\"query-input\":{\"@type\":\"PropertyValueSpecification\",\"valueRequired\":true,\"valueName\":\"search_term_string\"}}],\"inLanguage\":\"fi\"},{\"@type\":\"Organization\",\"@id\":\"https:\\\/\\\/mediaviestinta.fi\\\/#organization\",\"name\":\"Media- ja viestint\u00e4tieteellinen seura Mevi\",\"url\":\"https:\\\/\\\/mediaviestinta.fi\\\/\",\"logo\":{\"@type\":\"ImageObject\",\"inLanguage\":\"fi\",\"@id\":\"https:\\\/\\\/mediaviestinta.fi\\\/#\\\/schema\\\/logo\\\/image\\\/\",\"url\":\"https:\\\/\\\/mediaviestinta.fi\\\/mevi2020\\\/wp-content\\\/uploads\\\/2020\\\/03\\\/mevi-logo-RGB-Transparent.png\",\"contentUrl\":\"https:\\\/\\\/mediaviestinta.fi\\\/mevi2020\\\/wp-content\\\/uploads\\\/2020\\\/03\\\/mevi-logo-RGB-Transparent.png\",\"width\":910,\"height\":464,\"caption\":\"Media- ja viestint\u00e4tieteellinen seura Mevi\"},\"image\":{\"@id\":\"https:\\\/\\\/mediaviestinta.fi\\\/#\\\/schema\\\/logo\\\/image\\\/\"},\"sameAs\":[\"https:\\\/\\\/www.facebook.com\\\/MediaViestinta\\\/\",\"https:\\\/\\\/x.com\\\/mediaviestinta\"]},{\"@type\":\"Person\",\"@id\":\"https:\\\/\\\/mediaviestinta.fi\\\/#\\\/schema\\\/person\\\/b2da34ab24cfcd17dbdd6c7cfb173257\",\"name\":\"Mevi\",\"image\":{\"@type\":\"ImageObject\",\"inLanguage\":\"fi\",\"@id\":\"https:\\\/\\\/secure.gravatar.com\\\/avatar\\\/3305b76d1667dc119a18808ed03d6a1fc2dfa8b6a1cddecb8c4d27ef14ec32ca?s=96&d=mm&r=g\",\"url\":\"https:\\\/\\\/secure.gravatar.com\\\/avatar\\\/3305b76d1667dc119a18808ed03d6a1fc2dfa8b6a1cddecb8c4d27ef14ec32ca?s=96&d=mm&r=g\",\"contentUrl\":\"https:\\\/\\\/secure.gravatar.com\\\/avatar\\\/3305b76d1667dc119a18808ed03d6a1fc2dfa8b6a1cddecb8c4d27ef14ec32ca?s=96&d=mm&r=g\",\"caption\":\"Mevi\"},\"url\":\"https:\\\/\\\/mediaviestinta.fi\\\/mevi2020\\\/author\\\/mediavie\\\/\"}]}<\/script>\n<!-- \/ Yoast SEO plugin. -->","yoast_head_json":{"title":"Media & viestinn\u00e4n arkistot t\u00e4ydentyiv\u00e4t &#8211; Mevi","robots":{"index":"index","follow":"follow","max-snippet":"max-snippet:-1","max-image-preview":"max-image-preview:large","max-video-preview":"max-video-preview:-1"},"canonical":"https:\/\/mediaviestinta.fi\/mevi2020\/2018\/08\/media-viestinnan-arkistot-taydentyivat\/","og_locale":"fi_FI","og_type":"article","og_title":"Media & viestinn\u00e4n arkistot t\u00e4ydentyiv\u00e4t &#8211; Mevi","og_description":"Media &amp; viestinn\u00e4n 40-juhlavuoden kunniaksi olemme t\u00e4ydent\u00e4neet lehden s\u00e4hk\u00f6isi\u00e4 arkistoja. Tiedotustutkimuksen ja Media &amp; viestinn\u00e4n kaikki aineistot l\u00f6ytyv\u00e4t nyt verkosta osoitteesta journal.fi\/mediaviestinta.&nbsp;Lis\u00e4tietoa digitoinnista l\u00f6yd\u00e4t&nbsp;t\u00e4\u00e4lt\u00e4. Uutta arkistossa:a) Tiedotustutkimukset vuosilta&hellip;","og_url":"https:\/\/mediaviestinta.fi\/mevi2020\/2018\/08\/media-viestinnan-arkistot-taydentyivat\/","og_site_name":"Mevi","article_publisher":"https:\/\/www.facebook.com\/MediaViestinta\/","article_published_time":"2018-08-10T11:06:05+00:00","article_modified_time":"2020-05-08T07:39:18+00:00","og_image":[{"width":680,"height":327,"url":"https:\/\/mediaviestinta.fi\/mevi2020\/wp-content\/uploads\/2020\/05\/Digitointi-TT-kannet.png","type":"image\/png"}],"author":"Mevi","twitter_card":"summary_large_image","twitter_creator":"@mediaviestinta","twitter_site":"@mediaviestinta","twitter_misc":{"Kirjoittanut":"Mevi"},"schema":{"@context":"https:\/\/schema.org","@graph":[{"@type":"Article","@id":"https:\/\/mediaviestinta.fi\/mevi2020\/2018\/08\/media-viestinnan-arkistot-taydentyivat\/#article","isPartOf":{"@id":"https:\/\/mediaviestinta.fi\/mevi2020\/2018\/08\/media-viestinnan-arkistot-taydentyivat\/"},"author":{"name":"Mevi","@id":"https:\/\/mediaviestinta.fi\/#\/schema\/person\/b2da34ab24cfcd17dbdd6c7cfb173257"},"headline":"Media &#038; viestinn\u00e4n arkistot t\u00e4ydentyiv\u00e4t","datePublished":"2018-08-10T11:06:05+00:00","dateModified":"2020-05-08T07:39:18+00:00","mainEntityOfPage":{"@id":"https:\/\/mediaviestinta.fi\/mevi2020\/2018\/08\/media-viestinnan-arkistot-taydentyivat\/"},"wordCount":65,"commentCount":0,"publisher":{"@id":"https:\/\/mediaviestinta.fi\/#organization"},"image":{"@id":"https:\/\/mediaviestinta.fi\/mevi2020\/2018\/08\/media-viestinnan-arkistot-taydentyivat\/#primaryimage"},"thumbnailUrl":"https:\/\/mediaviestinta.fi\/mevi2020\/wp-content\/uploads\/2020\/05\/Digitointi-TT-kannet.png","keywords":["journal.fi","media &amp; viestint\u00e4"],"articleSection":["Ajankohtaista"],"inLanguage":"fi","potentialAction":[{"@type":"CommentAction","name":"Comment","target":["https:\/\/mediaviestinta.fi\/mevi2020\/2018\/08\/media-viestinnan-arkistot-taydentyivat\/#respond"]}]},{"@type":"WebPage","@id":"https:\/\/mediaviestinta.fi\/mevi2020\/2018\/08\/media-viestinnan-arkistot-taydentyivat\/","url":"https:\/\/mediaviestinta.fi\/mevi2020\/2018\/08\/media-viestinnan-arkistot-taydentyivat\/","name":"Media & viestinn\u00e4n arkistot t\u00e4ydentyiv\u00e4t &#8211; Mevi","isPartOf":{"@id":"https:\/\/mediaviestinta.fi\/#website"},"primaryImageOfPage":{"@id":"https:\/\/mediaviestinta.fi\/mevi2020\/2018\/08\/media-viestinnan-arkistot-taydentyivat\/#primaryimage"},"image":{"@id":"https:\/\/mediaviestinta.fi\/mevi2020\/2018\/08\/media-viestinnan-arkistot-taydentyivat\/#primaryimage"},"thumbnailUrl":"https:\/\/mediaviestinta.fi\/mevi2020\/wp-content\/uploads\/2020\/05\/Digitointi-TT-kannet.png","datePublished":"2018-08-10T11:06:05+00:00","dateModified":"2020-05-08T07:39:18+00:00","breadcrumb":{"@id":"https:\/\/mediaviestinta.fi\/mevi2020\/2018\/08\/media-viestinnan-arkistot-taydentyivat\/#breadcrumb"},"inLanguage":"fi","potentialAction":[{"@type":"ReadAction","target":["https:\/\/mediaviestinta.fi\/mevi2020\/2018\/08\/media-viestinnan-arkistot-taydentyivat\/"]}]},{"@type":"ImageObject","inLanguage":"fi","@id":"https:\/\/mediaviestinta.fi\/mevi2020\/2018\/08\/media-viestinnan-arkistot-taydentyivat\/#primaryimage","url":"https:\/\/mediaviestinta.fi\/mevi2020\/wp-content\/uploads\/2020\/05\/Digitointi-TT-kannet.png","contentUrl":"https:\/\/mediaviestinta.fi\/mevi2020\/wp-content\/uploads\/2020\/05\/Digitointi-TT-kannet.png","width":680,"height":327},{"@type":"BreadcrumbList","@id":"https:\/\/mediaviestinta.fi\/mevi2020\/2018\/08\/media-viestinnan-arkistot-taydentyivat\/#breadcrumb","itemListElement":[{"@type":"ListItem","position":1,"name":"Home","item":"https:\/\/mediaviestinta.fi\/"},{"@type":"ListItem","position":2,"name":"Media &#038; viestinn\u00e4n arkistot t\u00e4ydentyiv\u00e4t"}]},{"@type":"WebSite","@id":"https:\/\/mediaviestinta.fi\/#website","url":"https:\/\/mediaviestinta.fi\/","name":"Mevi","description":"Media- ja viestint\u00e4tieteellinen seura Mevi","publisher":{"@id":"https:\/\/mediaviestinta.fi\/#organization"},"potentialAction":[{"@type":"SearchAction","target":{"@type":"EntryPoint","urlTemplate":"https:\/\/mediaviestinta.fi\/?s={search_term_string}"},"query-input":{"@type":"PropertyValueSpecification","valueRequired":true,"valueName":"search_term_string"}}],"inLanguage":"fi"},{"@type":"Organization","@id":"https:\/\/mediaviestinta.fi\/#organization","name":"Media- ja viestint\u00e4tieteellinen seura Mevi","url":"https:\/\/mediaviestinta.fi\/","logo":{"@type":"ImageObject","inLanguage":"fi","@id":"https:\/\/mediaviestinta.fi\/#\/schema\/logo\/image\/","url":"https:\/\/mediaviestinta.fi\/mevi2020\/wp-content\/uploads\/2020\/03\/mevi-logo-RGB-Transparent.png","contentUrl":"https:\/\/mediaviestinta.fi\/mevi2020\/wp-content\/uploads\/2020\/03\/mevi-logo-RGB-Transparent.png","width":910,"height":464,"caption":"Media- ja viestint\u00e4tieteellinen seura Mevi"},"image":{"@id":"https:\/\/mediaviestinta.fi\/#\/schema\/logo\/image\/"},"sameAs":["https:\/\/www.facebook.com\/MediaViestinta\/","https:\/\/x.com\/mediaviestinta"]},{"@type":"Person","@id":"https:\/\/mediaviestinta.fi\/#\/schema\/person\/b2da34ab24cfcd17dbdd6c7cfb173257","name":"Mevi","image":{"@type":"ImageObject","inLanguage":"fi","@id":"https:\/\/secure.gravatar.com\/avatar\/3305b76d1667dc119a18808ed03d6a1fc2dfa8b6a1cddecb8c4d27ef14ec32ca?s=96&d=mm&r=g","url":"https:\/\/secure.gravatar.com\/avatar\/3305b76d1667dc119a18808ed03d6a1fc2dfa8b6a1cddecb8c4d27ef14ec32ca?s=96&d=mm&r=g","contentUrl":"https:\/\/secure.gravatar.com\/avatar\/3305b76d1667dc119a18808ed03d6a1fc2dfa8b6a1cddecb8c4d27ef14ec32ca?s=96&d=mm&r=g","caption":"Mevi"},"url":"https:\/\/mediaviestinta.fi\/mevi2020\/author\/mediavie\/"}]}},"_links":{"self":[{"href":"https:\/\/mediaviestinta.fi\/mevi2020\/wp-json\/wp\/v2\/posts\/3879","targetHints":{"allow":["GET"]}}],"collection":[{"href":"https:\/\/mediaviestinta.fi\/mevi2020\/wp-json\/wp\/v2\/posts"}],"about":[{"href":"https:\/\/mediaviestinta.fi\/mevi2020\/wp-json\/wp\/v2\/types\/post"}],"author":[{"embeddable":true,"href":"https:\/\/mediaviestinta.fi\/mevi2020\/wp-json\/wp\/v2\/users\/3"}],"replies":[{"embeddable":true,"href":"https:\/\/mediaviestinta.fi\/mevi2020\/wp-json\/wp\/v2\/comments?post=3879"}],"version-history":[{"count":1,"href":"https:\/\/mediaviestinta.fi\/mevi2020\/wp-json\/wp\/v2\/posts\/3879\/revisions"}],"predecessor-version":[{"id":3881,"href":"https:\/\/mediaviestinta.fi\/mevi2020\/wp-json\/wp\/v2\/posts\/3879\/revisions\/3881"}],"wp:featuredmedia":[{"embeddable":true,"href":"https:\/\/mediaviestinta.fi\/mevi2020\/wp-json\/wp\/v2\/media\/3880"}],"wp:attachment":[{"href":"https:\/\/mediaviestinta.fi\/mevi2020\/wp-json\/wp\/v2\/media?parent=3879"}],"wp:term":[{"taxonomy":"category","embeddable":true,"href":"https:\/\/mediaviestinta.fi\/mevi2020\/wp-json\/wp\/v2\/categories?post=3879"},{"taxonomy":"post_tag","embeddable":true,"href":"https:\/\/mediaviestinta.fi\/mevi2020\/wp-json\/wp\/v2\/tags?post=3879"}],"curies":[{"name":"wp","href":"https:\/\/api.w.org\/{rel}","templated":true}]}}