{"id":3906,"date":"2016-03-22T14:31:17","date_gmt":"2016-03-22T12:31:17","guid":{"rendered":"http:\/\/mediaviestinta.fi\/mevi2020\/?p=3906"},"modified":"2020-05-08T10:40:35","modified_gmt":"2020-05-08T07:40:35","slug":"media-viestinta-1-2016","status":"publish","type":"post","link":"https:\/\/mediaviestinta.fi\/mevi2020\/2016\/03\/media-viestinta-1-2016\/","title":{"rendered":"Media &#038; viestint\u00e4 1\/2016"},"content":{"rendered":"\n<p>Lehden artikkeleissa k\u00e4sitell\u00e4\u00e4n journalistien itseymm\u00e4rryst\u00e4, verkon kommentointikulttuurin analyysia sek\u00e4 tilannetajun ja tahdikkuuden merkityst\u00e4 nuorten digitaalisissa ty\u00f6pajoissa. Lis\u00e4ksi aiheina ovat suomalainen viestint\u00e4politiikka sek\u00e4 viestinn\u00e4ntutkimuksen klassikot.<\/p>\n\n\n\n<p><a href=\"https:\/\/journal.fi\/mediaviestinta\/issue\/view\/4312\">&gt;&gt; Verkkolehteen<\/a><\/p>\n","protected":false},"excerpt":{"rendered":"<p>Lehden artikkeleissa k\u00e4sitell\u00e4\u00e4n journalistien itseymm\u00e4rryst\u00e4, verkon kommentointikulttuurin analyysia sek\u00e4 tilannetajun ja tahdikkuuden merkityst\u00e4 nuorten digitaalisissa ty\u00f6pajoissa. Lis\u00e4ksi aiheina ovat suomalainen viestint\u00e4politiikka sek\u00e4 viestinn\u00e4ntutkimuksen klassikot. &gt;&gt; Verkkolehteen<\/p>\n","protected":false},"author":3,"featured_media":3907,"comment_status":"open","ping_status":"closed","sticky":false,"template":"","format":"standard","meta":{"_monsterinsights_skip_tracking":false,"_monsterinsights_sitenote_active":false,"_monsterinsights_sitenote_note":"","_monsterinsights_sitenote_category":0,"footnotes":""},"categories":[76,1],"tags":[62],"class_list":["post-3906","post","type-post","status-publish","format-standard","has-post-thumbnail","hentry","category-ajankohtaista","category-yleinen","tag-media-viestinta"],"yoast_head":"<!-- This site is optimized with the Yoast SEO plugin v27.5 - https:\/\/yoast.com\/product\/yoast-seo-wordpress\/ -->\n<title>Media &amp; viestint\u00e4 1\/2016 &#8211; Mevi<\/title>\n<meta name=\"robots\" content=\"index, follow, max-snippet:-1, max-image-preview:large, max-video-preview:-1\" \/>\n<link rel=\"canonical\" href=\"https:\/\/mediaviestinta.fi\/2016\/03\/media-viestinta-1-2016\/\" \/>\n<meta property=\"og:locale\" content=\"fi_FI\" \/>\n<meta property=\"og:type\" content=\"article\" \/>\n<meta property=\"og:title\" content=\"Media &amp; viestint\u00e4 1\/2016 &#8211; Mevi\" \/>\n<meta property=\"og:description\" content=\"Lehden artikkeleissa k\u00e4sitell\u00e4\u00e4n journalistien itseymm\u00e4rryst\u00e4, verkon kommentointikulttuurin analyysia sek\u00e4 tilannetajun ja tahdikkuuden merkityst\u00e4 nuorten digitaalisissa ty\u00f6pajoissa. Lis\u00e4ksi aiheina ovat suomalainen viestint\u00e4politiikka sek\u00e4 viestinn\u00e4ntutkimuksen klassikot. &gt;&gt; Verkkolehteen\" \/>\n<meta property=\"og:url\" content=\"https:\/\/mediaviestinta.fi\/2016\/03\/media-viestinta-1-2016\/\" \/>\n<meta property=\"og:site_name\" content=\"Mevi\" \/>\n<meta property=\"article:publisher\" content=\"https:\/\/www.facebook.com\/MediaViestinta\/\" \/>\n<meta property=\"article:published_time\" content=\"2016-03-22T12:31:17+00:00\" \/>\n<meta property=\"article:modified_time\" content=\"2020-05-08T07:40:35+00:00\" \/>\n<meta property=\"og:image\" content=\"https:\/\/mediaviestinta.fi\/mevi2020\/wp-content\/uploads\/2020\/05\/Kansi-kertaa-3-1.jpg\" \/>\n\t<meta property=\"og:image:width\" content=\"740\" \/>\n\t<meta property=\"og:image:height\" content=\"354\" \/>\n\t<meta property=\"og:image:type\" content=\"image\/jpeg\" \/>\n<meta name=\"author\" content=\"Mevi\" \/>\n<meta name=\"twitter:card\" content=\"summary_large_image\" \/>\n<meta name=\"twitter:creator\" content=\"@mediaviestinta\" \/>\n<meta name=\"twitter:site\" content=\"@mediaviestinta\" \/>\n<meta name=\"twitter:label1\" content=\"Kirjoittanut\" \/>\n\t<meta name=\"twitter:data1\" content=\"Mevi\" \/>\n<script type=\"application\/ld+json\" class=\"yoast-schema-graph\">{\"@context\":\"https:\\\/\\\/schema.org\",\"@graph\":[{\"@type\":\"Article\",\"@id\":\"https:\\\/\\\/mediaviestinta.fi\\\/2016\\\/03\\\/media-viestinta-1-2016\\\/#article\",\"isPartOf\":{\"@id\":\"https:\\\/\\\/mediaviestinta.fi\\\/2016\\\/03\\\/media-viestinta-1-2016\\\/\"},\"author\":{\"name\":\"Mevi\",\"@id\":\"https:\\\/\\\/mediaviestinta.fi\\\/#\\\/schema\\\/person\\\/b2da34ab24cfcd17dbdd6c7cfb173257\"},\"headline\":\"Media &#038; viestint\u00e4 1\\\/2016\",\"datePublished\":\"2016-03-22T12:31:17+00:00\",\"dateModified\":\"2020-05-08T07:40:35+00:00\",\"mainEntityOfPage\":{\"@id\":\"https:\\\/\\\/mediaviestinta.fi\\\/2016\\\/03\\\/media-viestinta-1-2016\\\/\"},\"wordCount\":36,\"commentCount\":0,\"publisher\":{\"@id\":\"https:\\\/\\\/mediaviestinta.fi\\\/#organization\"},\"image\":{\"@id\":\"https:\\\/\\\/mediaviestinta.fi\\\/2016\\\/03\\\/media-viestinta-1-2016\\\/#primaryimage\"},\"thumbnailUrl\":\"https:\\\/\\\/mediaviestinta.fi\\\/mevi2020\\\/wp-content\\\/uploads\\\/2020\\\/05\\\/Kansi-kertaa-3-1.jpg\",\"keywords\":[\"media &amp; viestint\u00e4\"],\"articleSection\":[\"Ajankohtaista\"],\"inLanguage\":\"fi\",\"potentialAction\":[{\"@type\":\"CommentAction\",\"name\":\"Comment\",\"target\":[\"https:\\\/\\\/mediaviestinta.fi\\\/2016\\\/03\\\/media-viestinta-1-2016\\\/#respond\"]}]},{\"@type\":\"WebPage\",\"@id\":\"https:\\\/\\\/mediaviestinta.fi\\\/2016\\\/03\\\/media-viestinta-1-2016\\\/\",\"url\":\"https:\\\/\\\/mediaviestinta.fi\\\/2016\\\/03\\\/media-viestinta-1-2016\\\/\",\"name\":\"Media & viestint\u00e4 1\\\/2016 &#8211; Mevi\",\"isPartOf\":{\"@id\":\"https:\\\/\\\/mediaviestinta.fi\\\/#website\"},\"primaryImageOfPage\":{\"@id\":\"https:\\\/\\\/mediaviestinta.fi\\\/2016\\\/03\\\/media-viestinta-1-2016\\\/#primaryimage\"},\"image\":{\"@id\":\"https:\\\/\\\/mediaviestinta.fi\\\/2016\\\/03\\\/media-viestinta-1-2016\\\/#primaryimage\"},\"thumbnailUrl\":\"https:\\\/\\\/mediaviestinta.fi\\\/mevi2020\\\/wp-content\\\/uploads\\\/2020\\\/05\\\/Kansi-kertaa-3-1.jpg\",\"datePublished\":\"2016-03-22T12:31:17+00:00\",\"dateModified\":\"2020-05-08T07:40:35+00:00\",\"breadcrumb\":{\"@id\":\"https:\\\/\\\/mediaviestinta.fi\\\/2016\\\/03\\\/media-viestinta-1-2016\\\/#breadcrumb\"},\"inLanguage\":\"fi\",\"potentialAction\":[{\"@type\":\"ReadAction\",\"target\":[\"https:\\\/\\\/mediaviestinta.fi\\\/2016\\\/03\\\/media-viestinta-1-2016\\\/\"]}]},{\"@type\":\"ImageObject\",\"inLanguage\":\"fi\",\"@id\":\"https:\\\/\\\/mediaviestinta.fi\\\/2016\\\/03\\\/media-viestinta-1-2016\\\/#primaryimage\",\"url\":\"https:\\\/\\\/mediaviestinta.fi\\\/mevi2020\\\/wp-content\\\/uploads\\\/2020\\\/05\\\/Kansi-kertaa-3-1.jpg\",\"contentUrl\":\"https:\\\/\\\/mediaviestinta.fi\\\/mevi2020\\\/wp-content\\\/uploads\\\/2020\\\/05\\\/Kansi-kertaa-3-1.jpg\",\"width\":740,\"height\":354},{\"@type\":\"BreadcrumbList\",\"@id\":\"https:\\\/\\\/mediaviestinta.fi\\\/2016\\\/03\\\/media-viestinta-1-2016\\\/#breadcrumb\",\"itemListElement\":[{\"@type\":\"ListItem\",\"position\":1,\"name\":\"Home\",\"item\":\"https:\\\/\\\/mediaviestinta.fi\\\/\"},{\"@type\":\"ListItem\",\"position\":2,\"name\":\"Media &#038; viestint\u00e4 1\\\/2016\"}]},{\"@type\":\"WebSite\",\"@id\":\"https:\\\/\\\/mediaviestinta.fi\\\/#website\",\"url\":\"https:\\\/\\\/mediaviestinta.fi\\\/\",\"name\":\"Mevi\",\"description\":\"Media- ja viestint\u00e4tieteellinen seura Mevi\",\"publisher\":{\"@id\":\"https:\\\/\\\/mediaviestinta.fi\\\/#organization\"},\"potentialAction\":[{\"@type\":\"SearchAction\",\"target\":{\"@type\":\"EntryPoint\",\"urlTemplate\":\"https:\\\/\\\/mediaviestinta.fi\\\/?s={search_term_string}\"},\"query-input\":{\"@type\":\"PropertyValueSpecification\",\"valueRequired\":true,\"valueName\":\"search_term_string\"}}],\"inLanguage\":\"fi\"},{\"@type\":\"Organization\",\"@id\":\"https:\\\/\\\/mediaviestinta.fi\\\/#organization\",\"name\":\"Media- ja viestint\u00e4tieteellinen seura Mevi\",\"url\":\"https:\\\/\\\/mediaviestinta.fi\\\/\",\"logo\":{\"@type\":\"ImageObject\",\"inLanguage\":\"fi\",\"@id\":\"https:\\\/\\\/mediaviestinta.fi\\\/#\\\/schema\\\/logo\\\/image\\\/\",\"url\":\"https:\\\/\\\/mediaviestinta.fi\\\/mevi2020\\\/wp-content\\\/uploads\\\/2020\\\/03\\\/mevi-logo-RGB-Transparent.png\",\"contentUrl\":\"https:\\\/\\\/mediaviestinta.fi\\\/mevi2020\\\/wp-content\\\/uploads\\\/2020\\\/03\\\/mevi-logo-RGB-Transparent.png\",\"width\":910,\"height\":464,\"caption\":\"Media- ja viestint\u00e4tieteellinen seura Mevi\"},\"image\":{\"@id\":\"https:\\\/\\\/mediaviestinta.fi\\\/#\\\/schema\\\/logo\\\/image\\\/\"},\"sameAs\":[\"https:\\\/\\\/www.facebook.com\\\/MediaViestinta\\\/\",\"https:\\\/\\\/x.com\\\/mediaviestinta\"]},{\"@type\":\"Person\",\"@id\":\"https:\\\/\\\/mediaviestinta.fi\\\/#\\\/schema\\\/person\\\/b2da34ab24cfcd17dbdd6c7cfb173257\",\"name\":\"Mevi\",\"image\":{\"@type\":\"ImageObject\",\"inLanguage\":\"fi\",\"@id\":\"https:\\\/\\\/secure.gravatar.com\\\/avatar\\\/3305b76d1667dc119a18808ed03d6a1fc2dfa8b6a1cddecb8c4d27ef14ec32ca?s=96&d=mm&r=g\",\"url\":\"https:\\\/\\\/secure.gravatar.com\\\/avatar\\\/3305b76d1667dc119a18808ed03d6a1fc2dfa8b6a1cddecb8c4d27ef14ec32ca?s=96&d=mm&r=g\",\"contentUrl\":\"https:\\\/\\\/secure.gravatar.com\\\/avatar\\\/3305b76d1667dc119a18808ed03d6a1fc2dfa8b6a1cddecb8c4d27ef14ec32ca?s=96&d=mm&r=g\",\"caption\":\"Mevi\"},\"url\":\"https:\\\/\\\/mediaviestinta.fi\\\/mevi2020\\\/author\\\/mediavie\\\/\"}]}<\/script>\n<!-- \/ Yoast SEO plugin. -->","yoast_head_json":{"title":"Media & viestint\u00e4 1\/2016 &#8211; Mevi","robots":{"index":"index","follow":"follow","max-snippet":"max-snippet:-1","max-image-preview":"max-image-preview:large","max-video-preview":"max-video-preview:-1"},"canonical":"https:\/\/mediaviestinta.fi\/2016\/03\/media-viestinta-1-2016\/","og_locale":"fi_FI","og_type":"article","og_title":"Media & viestint\u00e4 1\/2016 &#8211; Mevi","og_description":"Lehden artikkeleissa k\u00e4sitell\u00e4\u00e4n journalistien itseymm\u00e4rryst\u00e4, verkon kommentointikulttuurin analyysia sek\u00e4 tilannetajun ja tahdikkuuden merkityst\u00e4 nuorten digitaalisissa ty\u00f6pajoissa. Lis\u00e4ksi aiheina ovat suomalainen viestint\u00e4politiikka sek\u00e4 viestinn\u00e4ntutkimuksen klassikot. &gt;&gt; Verkkolehteen","og_url":"https:\/\/mediaviestinta.fi\/2016\/03\/media-viestinta-1-2016\/","og_site_name":"Mevi","article_publisher":"https:\/\/www.facebook.com\/MediaViestinta\/","article_published_time":"2016-03-22T12:31:17+00:00","article_modified_time":"2020-05-08T07:40:35+00:00","og_image":[{"width":740,"height":354,"url":"https:\/\/mediaviestinta.fi\/mevi2020\/wp-content\/uploads\/2020\/05\/Kansi-kertaa-3-1.jpg","type":"image\/jpeg"}],"author":"Mevi","twitter_card":"summary_large_image","twitter_creator":"@mediaviestinta","twitter_site":"@mediaviestinta","twitter_misc":{"Kirjoittanut":"Mevi"},"schema":{"@context":"https:\/\/schema.org","@graph":[{"@type":"Article","@id":"https:\/\/mediaviestinta.fi\/2016\/03\/media-viestinta-1-2016\/#article","isPartOf":{"@id":"https:\/\/mediaviestinta.fi\/2016\/03\/media-viestinta-1-2016\/"},"author":{"name":"Mevi","@id":"https:\/\/mediaviestinta.fi\/#\/schema\/person\/b2da34ab24cfcd17dbdd6c7cfb173257"},"headline":"Media &#038; viestint\u00e4 1\/2016","datePublished":"2016-03-22T12:31:17+00:00","dateModified":"2020-05-08T07:40:35+00:00","mainEntityOfPage":{"@id":"https:\/\/mediaviestinta.fi\/2016\/03\/media-viestinta-1-2016\/"},"wordCount":36,"commentCount":0,"publisher":{"@id":"https:\/\/mediaviestinta.fi\/#organization"},"image":{"@id":"https:\/\/mediaviestinta.fi\/2016\/03\/media-viestinta-1-2016\/#primaryimage"},"thumbnailUrl":"https:\/\/mediaviestinta.fi\/mevi2020\/wp-content\/uploads\/2020\/05\/Kansi-kertaa-3-1.jpg","keywords":["media &amp; viestint\u00e4"],"articleSection":["Ajankohtaista"],"inLanguage":"fi","potentialAction":[{"@type":"CommentAction","name":"Comment","target":["https:\/\/mediaviestinta.fi\/2016\/03\/media-viestinta-1-2016\/#respond"]}]},{"@type":"WebPage","@id":"https:\/\/mediaviestinta.fi\/2016\/03\/media-viestinta-1-2016\/","url":"https:\/\/mediaviestinta.fi\/2016\/03\/media-viestinta-1-2016\/","name":"Media & viestint\u00e4 1\/2016 &#8211; Mevi","isPartOf":{"@id":"https:\/\/mediaviestinta.fi\/#website"},"primaryImageOfPage":{"@id":"https:\/\/mediaviestinta.fi\/2016\/03\/media-viestinta-1-2016\/#primaryimage"},"image":{"@id":"https:\/\/mediaviestinta.fi\/2016\/03\/media-viestinta-1-2016\/#primaryimage"},"thumbnailUrl":"https:\/\/mediaviestinta.fi\/mevi2020\/wp-content\/uploads\/2020\/05\/Kansi-kertaa-3-1.jpg","datePublished":"2016-03-22T12:31:17+00:00","dateModified":"2020-05-08T07:40:35+00:00","breadcrumb":{"@id":"https:\/\/mediaviestinta.fi\/2016\/03\/media-viestinta-1-2016\/#breadcrumb"},"inLanguage":"fi","potentialAction":[{"@type":"ReadAction","target":["https:\/\/mediaviestinta.fi\/2016\/03\/media-viestinta-1-2016\/"]}]},{"@type":"ImageObject","inLanguage":"fi","@id":"https:\/\/mediaviestinta.fi\/2016\/03\/media-viestinta-1-2016\/#primaryimage","url":"https:\/\/mediaviestinta.fi\/mevi2020\/wp-content\/uploads\/2020\/05\/Kansi-kertaa-3-1.jpg","contentUrl":"https:\/\/mediaviestinta.fi\/mevi2020\/wp-content\/uploads\/2020\/05\/Kansi-kertaa-3-1.jpg","width":740,"height":354},{"@type":"BreadcrumbList","@id":"https:\/\/mediaviestinta.fi\/2016\/03\/media-viestinta-1-2016\/#breadcrumb","itemListElement":[{"@type":"ListItem","position":1,"name":"Home","item":"https:\/\/mediaviestinta.fi\/"},{"@type":"ListItem","position":2,"name":"Media &#038; viestint\u00e4 1\/2016"}]},{"@type":"WebSite","@id":"https:\/\/mediaviestinta.fi\/#website","url":"https:\/\/mediaviestinta.fi\/","name":"Mevi","description":"Media- ja viestint\u00e4tieteellinen seura Mevi","publisher":{"@id":"https:\/\/mediaviestinta.fi\/#organization"},"potentialAction":[{"@type":"SearchAction","target":{"@type":"EntryPoint","urlTemplate":"https:\/\/mediaviestinta.fi\/?s={search_term_string}"},"query-input":{"@type":"PropertyValueSpecification","valueRequired":true,"valueName":"search_term_string"}}],"inLanguage":"fi"},{"@type":"Organization","@id":"https:\/\/mediaviestinta.fi\/#organization","name":"Media- ja viestint\u00e4tieteellinen seura Mevi","url":"https:\/\/mediaviestinta.fi\/","logo":{"@type":"ImageObject","inLanguage":"fi","@id":"https:\/\/mediaviestinta.fi\/#\/schema\/logo\/image\/","url":"https:\/\/mediaviestinta.fi\/mevi2020\/wp-content\/uploads\/2020\/03\/mevi-logo-RGB-Transparent.png","contentUrl":"https:\/\/mediaviestinta.fi\/mevi2020\/wp-content\/uploads\/2020\/03\/mevi-logo-RGB-Transparent.png","width":910,"height":464,"caption":"Media- ja viestint\u00e4tieteellinen seura Mevi"},"image":{"@id":"https:\/\/mediaviestinta.fi\/#\/schema\/logo\/image\/"},"sameAs":["https:\/\/www.facebook.com\/MediaViestinta\/","https:\/\/x.com\/mediaviestinta"]},{"@type":"Person","@id":"https:\/\/mediaviestinta.fi\/#\/schema\/person\/b2da34ab24cfcd17dbdd6c7cfb173257","name":"Mevi","image":{"@type":"ImageObject","inLanguage":"fi","@id":"https:\/\/secure.gravatar.com\/avatar\/3305b76d1667dc119a18808ed03d6a1fc2dfa8b6a1cddecb8c4d27ef14ec32ca?s=96&d=mm&r=g","url":"https:\/\/secure.gravatar.com\/avatar\/3305b76d1667dc119a18808ed03d6a1fc2dfa8b6a1cddecb8c4d27ef14ec32ca?s=96&d=mm&r=g","contentUrl":"https:\/\/secure.gravatar.com\/avatar\/3305b76d1667dc119a18808ed03d6a1fc2dfa8b6a1cddecb8c4d27ef14ec32ca?s=96&d=mm&r=g","caption":"Mevi"},"url":"https:\/\/mediaviestinta.fi\/mevi2020\/author\/mediavie\/"}]}},"_links":{"self":[{"href":"https:\/\/mediaviestinta.fi\/mevi2020\/wp-json\/wp\/v2\/posts\/3906","targetHints":{"allow":["GET"]}}],"collection":[{"href":"https:\/\/mediaviestinta.fi\/mevi2020\/wp-json\/wp\/v2\/posts"}],"about":[{"href":"https:\/\/mediaviestinta.fi\/mevi2020\/wp-json\/wp\/v2\/types\/post"}],"author":[{"embeddable":true,"href":"https:\/\/mediaviestinta.fi\/mevi2020\/wp-json\/wp\/v2\/users\/3"}],"replies":[{"embeddable":true,"href":"https:\/\/mediaviestinta.fi\/mevi2020\/wp-json\/wp\/v2\/comments?post=3906"}],"version-history":[{"count":1,"href":"https:\/\/mediaviestinta.fi\/mevi2020\/wp-json\/wp\/v2\/posts\/3906\/revisions"}],"predecessor-version":[{"id":3908,"href":"https:\/\/mediaviestinta.fi\/mevi2020\/wp-json\/wp\/v2\/posts\/3906\/revisions\/3908"}],"wp:featuredmedia":[{"embeddable":true,"href":"https:\/\/mediaviestinta.fi\/mevi2020\/wp-json\/wp\/v2\/media\/3907"}],"wp:attachment":[{"href":"https:\/\/mediaviestinta.fi\/mevi2020\/wp-json\/wp\/v2\/media?parent=3906"}],"wp:term":[{"taxonomy":"category","embeddable":true,"href":"https:\/\/mediaviestinta.fi\/mevi2020\/wp-json\/wp\/v2\/categories?post=3906"},{"taxonomy":"post_tag","embeddable":true,"href":"https:\/\/mediaviestinta.fi\/mevi2020\/wp-json\/wp\/v2\/tags?post=3906"}],"curies":[{"name":"wp","href":"https:\/\/api.w.org\/{rel}","templated":true}]}}