{"id":3910,"date":"2018-02-01T15:58:22","date_gmt":"2018-02-01T12:58:22","guid":{"rendered":"http:\/\/mediaviestinta.fi\/blogi\/?p=3586"},"modified":"2020-05-08T10:40:35","modified_gmt":"2020-05-08T07:40:35","slug":"some-mahdollisti-marginaalimedioiden-nousun-mutta-pian-ne-saattavat-olla-pulassa","status":"publish","type":"post","link":"https:\/\/mediaviestinta.fi\/mevi2020\/2018\/02\/some-mahdollisti-marginaalimedioiden-nousun-mutta-pian-ne-saattavat-olla-pulassa\/","title":{"rendered":"Some mahdollisti marginaalimedioiden nousun, mutta pian ne saattavat olla pulassa"},"content":{"rendered":"<h3>Verkon vaihtoehtojulkaisut valjastivat sosiaalisen median onnistuneesti ilmaiseksi jakelukanavaksi. Facebookin suunnanmuutos voi kuitenkin enteill\u00e4 niille yhden aikakauden loppua. Mutta onko se hyv\u00e4 asia, ja kenelle?<\/h3>\n<p>Mediatuotantoon voi yksinkertaistettuna n\u00e4hd\u00e4 tarvittavan kolme peruselementti\u00e4: tuotantov\u00e4lineet, julkaisualustan ja jakelukanavan. Esimerkiksi paperisten sanomalehtien tapauksessa n\u00e4m\u00e4 osat ovat hyvin konkreettisia. Uutiset kirjoitetaan toimituksessa, monistetaan fyysisesti paperille suuressa painotalossa ja toimitetaan aamuh\u00e4m\u00e4riss\u00e4 lukijan postiluukkuun pakettiautolla. Toimiakseen tehokkaasti t\u00e4llainen mediatuotanto vaatii valtavasti teknist\u00e4 erikoistumista ja p\u00e4\u00e4omaa, mik\u00e4 aikaisemmin tuomitsi vaihtoehtoisen mediatuotannon julkisuuden marginaaleihin, kuten pienlehtiin ja omakustanteisiin.<\/p>\n<p>Internet ja digitalisaatio alkoivat kuitenkin 1990-luvulta l\u00e4htien nopeasti mullistaa tuotantoa ja julkaisua. <strong>Mediatuotantoon<\/strong> tarvittavat laitteet ja ohjelmat ovat yleistyneet ja muuttuneet helppok\u00e4ytt\u00f6isemmiksi, ja edullisimmallakin \u00e4lypuhelimella tuottaa ja editoi sujuvasti niin kuva-, video- kuin tekstimateriaalia. K\u00e4ytt\u00e4m\u00e4ll\u00e4 verkkoa <strong>julkaisualustana<\/strong> materiaalin voi jakaa k\u00e4yt\u00e4nn\u00f6ss\u00e4 ilmaiseksi globaalille yleis\u00f6lle ja valmiit julkaisuymp\u00e4rist\u00f6t (esimerkiksi YouTube) ovat v\u00e4hent\u00e4neet julkaisemiseen vaadittavaa teknist\u00e4 osaamista entisest\u00e4\u00e4n. Mediamateriaalin tuottamisesta on siis tullut jatkuvasti helpompaa ja halvempaa.<\/p>\n<p>Ongelmaksi suurempaa yleis\u00f6\u00e4 tavoitteleville verkkojulkaisuille muodostui kuitenkin puuttuvan kolmannen tekij\u00e4n eli toimivan <strong>jakelukanavan<\/strong> rakentaminen. Viel\u00e4 2000-luvulla verkkok\u00e4ytt\u00e4jien m\u00e4\u00e4r\u00e4 ja verkossa vietetty aika oli muihin mediamuotoihin verrattuna varsin v\u00e4h\u00e4ist\u00e4, eik\u00e4 k\u00e4ytt\u00e4jien houkutteleminen sivustoille ollut helppoa. Pienill\u00e4 julkaisuilla ei ollut varaa mainostaa, mik\u00e4 pakotti sivustot luomaan tiiviin yleis\u00f6suhteen ja toisaalta kehittym\u00e4\u00e4n kekseli\u00e4iksi sissimarkkinoijiksi.<\/p>\n<p>Tilanteen muutti kaksi toisiaan ruokkivaa tekij\u00e4\u00e4. Ensin \u00e4lypuhelinten ja mobiililaitteiden yleistyminen sek\u00e4 langattomat yhteydet irrottivat verkkok\u00e4yt\u00f6n p\u00f6yt\u00e4koneista jokaisen kuluttajan taskussa kulkeviin p\u00e4\u00e4telaitteisiin. Samanaikaisesti sosiaalinen media Facebookin johdolla onnistui luomaan laajasti tavoittavia yhteisi\u00e4 verkkotiloja, joissa jakamisesta ja huomiosta palkitaan. Yhdess\u00e4 n\u00e4m\u00e4 tekij\u00e4t kasvattivat sek\u00e4 verkkok\u00e4ytt\u00e4jien m\u00e4\u00e4r\u00e4\u00e4 ett\u00e4 siell\u00e4 p\u00e4ivitt\u00e4in vietetty\u00e4 aikaa. Verkkojulkaisut onnistuivat hy\u00f6dynt\u00e4m\u00e4\u00e4n t\u00e4m\u00e4n kehityskulun erityisen tehokkaasti toiminnassaan. Ne rakensivat ymp\u00e4rilleen tiiviit\u00e4 lukijaverkostoja ja saivat nopeasti aktiivisen yleis\u00f6ns\u00e4 jakamaan sis\u00e4lt\u00f6j\u00e4 eteenp\u00e4in, muuttaen sosiaalisen median onnistuneesti yhdistelm\u00e4ksi ilmaista jakelu- ja mainoskanavaa.<\/p>\n<p>Verkossa syntyneet ja sen logiikkaan kasvaneet julkaisut olivat t\u00e4ss\u00e4 ymp\u00e4rist\u00f6ss\u00e4 kuin kotonaan ja p\u00e4ihittiv\u00e4t usein ketteryydess\u00e4 perinteiset mediatalot, jotka vasta opettelivat verkon huomiotalouden lainalaisuuksia. Yksi esimerkki t\u00e4st\u00e4 on jo vuonna 1999 aloittanut <em>Infowars<\/em>-salaliittosivusto, joka on onnistunut kasvattamaan itsens\u00e4 marginaalisesta pikkutekij\u00e4st\u00e4 arviolta kymmenen miljoonaa kuukausik\u00e4vij\u00e4\u00e4 houkuttelevaksi portaaliksi ja nostamaan agendaansa erityisesti somea hy\u00f6dynt\u00e4m\u00e4ll\u00e4 my\u00f6s valtavirran poliittiseen julkisuuteen<a href=\"#_ftn1\" name=\"_ftnref1\">[1]<\/a>. T\u00e4llaista kehityskaarta ei voisi kuvitella mahdolliseksi perinteisten paperilehtien ja television hallitsemassa vanhassa mediaymp\u00e4rist\u00f6ss\u00e4.<\/p>\n<h3><strong>Mahdollisuuksien ihastelusta seurausten kauhisteluun<\/strong><\/h3>\n<p>Muutokseen her\u00e4ttiin hitaasti. Vasta valeuutisiin, informaatiovaikuttamiseen ja \u201dtotuuden j\u00e4lkeiseen aikaan\u201d liittyv\u00e4 moraalipaniikki her\u00e4tti laajaa keskustelua uuden viestint\u00e4ymp\u00e4rist\u00f6n yhteiskunnallisista seurauksista. Esimerkiksi Yhdysvaltain vuoden 2016 presidentinvaalikamppailusta tehdyiss\u00e4 analyyseiss\u00e4 todettiin faktasis\u00e4ll\u00f6lt\u00e4\u00e4n sepitteellisten uutisten levinneen journalistisia sis\u00e4lt\u00f6j\u00e4 tehokkaammin<a href=\"#_ftn2\" name=\"_ftnref2\">[2]<\/a> ja Breitbartin kaltaisten uusien verkkomedioiden hallinneen tehokkaasti verkkojulkisuutta ja sen agendaa erityisesti Trumpin kannattajien keskuudessa<a href=\"#_ftn3\" name=\"_ftnref3\">[3]<\/a>. Aikaisemmin verkkojulkaisemista ymp\u00e4r\u00f6ineist\u00e4 demokratiautopioista ja kansalaisjournalismin mahdollisuuksien ihastelusta hyp\u00e4ttiin suoraan yhteiskunnallisen polarisoitumisen, radikalismin ja vihan kauhisteluun. Rajoittamattoman vapauden eetoksen korvasi vaatimus siit\u00e4, miten vastenmielisen\u00e4 koettujen mediasis\u00e4lt\u00f6jen ja valheiden levitt\u00e4misen voi tehokkaimmin est\u00e4\u00e4. T\u00e4m\u00e4 n\u00e4kyy niin Ranskan presidentin Emmanuel Macronin vaatimuksessa rajoittaa valeuutisia lains\u00e4\u00e4d\u00e4nn\u00f6n keinoin<a href=\"#_ftn4\" name=\"_ftnref4\">[4]<\/a> kuin Saksassa \u00e4skett\u00e4in voimaan tulleessa, tiukasti sanktioidussa verkon vihapuhelaissa<a href=\"#_ftn5\" name=\"_ftnref5\">[5]<\/a>.<\/p>\n<p>Pallo on kuitenkin lopulta somealustojen omistajien hallussa. Facebookin tammikuun alussa tekem\u00e4 ilmoitus kavereiden tuottaman sis\u00e4ll\u00f6n suosimisesta mediasis\u00e4lt\u00f6jen kustannuksella<a href=\"#_ftn6\" name=\"_ftnref6\">[6]<\/a> voikin olla enne perustavanlaatuisesta muutoksesta. Taustalla vaikuttavat yhteiskunnallisen keskustelun tuottaman paineen lis\u00e4ksi some-yhti\u00f6iden liiketaloudelliset intressit. Ne eiv\u00e4t tahdo en\u00e4\u00e4 toimia verkkojulkaisujen ilmaisena jakelukanavana, vaan haluavat alkaa peri\u00e4 osuuttaan jakelu- ja mainoskustannuksista. P\u00e4\u00e4t\u00f6s sattuu todenn\u00e4k\u00f6isesti enemm\u00e4n tai v\u00e4hemm\u00e4n kaikkiin p\u00e4\u00e4asiallisesti maksuttomaan verkkon\u00e4kyvyyteen nojaaviin medioihin, mutta tuntuu erityisesti l\u00e4hes t\u00e4ysin some-jakelun varassa olevissa vaihtoehtojulkaisuissa. Jos sosiaalisen median tuottamien verkkotilojen merkitys s\u00e4ilyy samanlaisena tulevaisuudessa, verkon pienjulkaisuilla voi olla edess\u00e4 paluu takaisin erikoisyleis\u00f6jen marginaaliseen periferiaan tai \u201dradikaaliin ghettoon\u201d pois valtavirtayleis\u00f6n silmist\u00e4.<\/p>\n<p>T\u00e4m\u00e4 ei v\u00e4ltt\u00e4m\u00e4tt\u00e4 ole vain positiivinen asia. Kansalaistoiminnan mahdollistava verkkojulkaisemisen radikaali potentiaali, joka vauhditti esimerkiksi arabikev\u00e4tt\u00e4, on nimitt\u00e4in edelleen olemassa, mutta sen elintila saattaa kaventua nopeasti eri l\u00e4hteist\u00e4 tulevien rajoituspyrkimysten sek\u00e4 kaupallisten paineiden seurauksena. J\u00e4lkik\u00e4teen tarkastellen 2000-luvun alkuvuosikymmenet voivatkin n\u00e4ytt\u00e4yty\u00e4 verkkomedian tuotannossa poikkeuksellisena ja kokeellisena vapauden aikana, joka hiljalleen v\u00e4istyy reaalimaailman rakenteiden ja valtasuhteiden siirtyess\u00e4 yh\u00e4 kiinte\u00e4mmin my\u00f6s interneti\u00e4 m\u00e4\u00e4ritt\u00e4v\u00e4ksi ja ohjaaviksi tekij\u00f6iksi.<a href=\"#_ftn7\" name=\"_ftnref7\">[7]<\/a><\/p>\n<p><a href=\"#_ftnref1\" name=\"_ftn1\">[1]<\/a> Katso esimerkiksi: <a href=\"https:\/\/www.vox.com\/policy-and-politics\/2016\/10\/28\/13424848\/alex-jones-infowars-prisonplanet\" target=\"_blank\" rel=\"noopener noreferrer\"><strong>Beuchamp, Zack (2016). <em>Alex Jones, Pizzagate booster and America\u2019s most famous conspiracy theorist, explained<\/em><\/strong><em>.<\/em><\/a><\/p>\n<p><a href=\"#_ftnref2\" name=\"_ftn2\">[2]<\/a> <a href=\"https:\/\/www.buzzfeed.com\/craigsilverman\/viral-fake-election-news-outperformed-real-news-on-facebook?utm_term=.jsP2aaQOol#.kjjBRR6vKl\" target=\"_blank\" rel=\"noopener noreferrer\"><strong>Silverman, Craig (2016). <em>This Analysis Shows How Viral Fake Election News Stories Outperformed Real News On Facebook<\/em><\/strong><em>. <\/em><\/a><\/p>\n<p><a href=\"#_ftnref3\" name=\"_ftn3\">[3]<\/a> <a href=\"https:\/\/cyber.harvard.edu\/publications\/2017\/08\/mediacloud\" target=\"_blank\" rel=\"noopener noreferrer\"><strong>Faris, Robert; Roberts, Hal; Etling, Bruce; Bourassa, Nikki, Zuckerman, Ethan &amp; Bencler, Yochai (2017<em>). Partisanship, Propaganda, and Disinformation: Online Media and the 2016 U.S. Presidential Election<\/em>.<\/strong><\/a><\/p>\n<p><a href=\"#_ftnref4\" name=\"_ftn4\">[4]<\/a> <a href=\"http:\/\/www.kaleva.fi\/uutiset\/ulkomaat\/ranskan-macron-lupaa-lainsaadantoa-valeuutisia-vastaan\/780831\/\" target=\"_blank\" rel=\"noopener noreferrer\"><strong>STT (2018). <em>Ranskan Macron lupaa lains\u00e4\u00e4d\u00e4nt\u00f6\u00e4 valeuutisia vastaan.<\/em><\/strong><\/a><\/p>\n<p><a href=\"#_ftnref5\" name=\"_ftn5\">[5]<\/a> <a href=\"https:\/\/www.hs.fi\/ulkomaat\/art-2000005512342.html\" target=\"_blank\" rel=\"noopener noreferrer\"><strong>Huusko, Jukka (2018). <em>Saksan uusi vihapuhelaki heti koetuksella \u2013 journalistiliitto syytt\u00e4\u00e4 Twitteri\u00e4 satiirilehden sensuroimisesta<\/em>.<\/strong><\/a><\/p>\n<p><a href=\"#_ftnref6\" name=\"_ftn6\">[6]<\/a> <a href=\"https:\/\/www.hs.fi\/kulttuuri\/art-2000005544335.html?ref=rss\" target=\"_blank\" rel=\"noopener noreferrer\"><strong>Lehmusvesi, Jussi (2018). <em>Mark Zuckerberg rys\u00e4ytti maailmaan uuden algoritmin, joka ajaa ahtaalle juuri sellaiset ihmiset, jollainen h\u00e4n itsekin on ollut.<\/em><\/strong><\/a><\/p>\n<p><a href=\"#_ftnref7\" name=\"_ftn7\">[7]<\/a> Tekstin taustal\u00e4hteen\u00e4 on k\u00e4ytetty my\u00f6s artikkelia: <strong>Leung, Dennis &amp; Lee, Francis (2014) Cultivating an Active Online Counterpublic: Examining Usage and Political Impact of Internet Alternative Media.<\/strong> <em>The International Journal of Press\/Politics 19(3)<\/em>.<\/p>\n<p>&nbsp;<\/p>\n<p><a href=\"https:\/\/mediaviestinta.fi\/mevi2020\/blogi\/wp-content\/uploads\/2018\/02\/ilmari.jpg\" rel=\"attachment wp-att-3587\"><img fetchpriority=\"high\" decoding=\"async\" class=\"alignleft wp-image-3587 size-medium\" src=\"https:\/\/mediaviestinta.fi\/mevi2020\/blogi\/wp-content\/uploads\/2018\/02\/ilmari-300x300.jpg\" alt=\"ilmari\" width=\"300\" height=\"300\"><\/a><em>Teksti: tutkija Ilmari Hiltunen, tutkimuskeskus Comet, Tampereen yliopisto<\/em><\/p>\n","protected":false},"excerpt":{"rendered":"<p>Verkon vaihtoehtojulkaisut valjastivat sosiaalisen median onnistuneesti ilmaiseksi jakelukanavaksi. Facebookin suunnanmuutos voi kuitenkin enteill\u00e4 niille yhden aikakauden loppua. Mutta onko se hyv\u00e4 asia, ja kenelle? Mediatuotantoon voi yksinkertaistettuna n\u00e4hd\u00e4&hellip;<\/p>\n","protected":false},"author":3,"featured_media":0,"comment_status":"closed","ping_status":"closed","sticky":false,"template":"","format":"standard","meta":{"_monsterinsights_skip_tracking":false,"_monsterinsights_sitenote_active":false,"_monsterinsights_sitenote_note":"","_monsterinsights_sitenote_category":0,"footnotes":""},"categories":[76,1],"tags":[],"class_list":["post-3910","post","type-post","status-publish","format-standard","has-post-thumbnail","hentry","category-ajankohtaista","category-yleinen"],"yoast_head":"<!-- This site is optimized with the Yoast SEO plugin v27.5 - https:\/\/yoast.com\/product\/yoast-seo-wordpress\/ -->\n<title>Some mahdollisti marginaalimedioiden nousun, mutta pian ne saattavat olla pulassa &#8211; Mevi<\/title>\n<meta name=\"robots\" content=\"index, follow, max-snippet:-1, max-image-preview:large, max-video-preview:-1\" \/>\n<link rel=\"canonical\" href=\"https:\/\/mediaviestinta.fi\/2018\/02\/some-mahdollisti-marginaalimedioiden-nousun-mutta-pian-ne-saattavat-olla-pulassa\/\" \/>\n<meta property=\"og:locale\" content=\"fi_FI\" \/>\n<meta property=\"og:type\" content=\"article\" \/>\n<meta property=\"og:title\" content=\"Some mahdollisti marginaalimedioiden nousun, mutta pian ne saattavat olla pulassa &#8211; Mevi\" \/>\n<meta property=\"og:description\" content=\"Verkon vaihtoehtojulkaisut valjastivat sosiaalisen median onnistuneesti ilmaiseksi jakelukanavaksi. Facebookin suunnanmuutos voi kuitenkin enteill\u00e4 niille yhden aikakauden loppua. Mutta onko se hyv\u00e4 asia, ja kenelle? Mediatuotantoon voi yksinkertaistettuna n\u00e4hd\u00e4&hellip;\" \/>\n<meta property=\"og:url\" content=\"https:\/\/mediaviestinta.fi\/2018\/02\/some-mahdollisti-marginaalimedioiden-nousun-mutta-pian-ne-saattavat-olla-pulassa\/\" \/>\n<meta property=\"og:site_name\" content=\"Mevi\" \/>\n<meta property=\"article:publisher\" content=\"https:\/\/www.facebook.com\/MediaViestinta\/\" \/>\n<meta property=\"article:published_time\" content=\"2018-02-01T12:58:22+00:00\" \/>\n<meta property=\"article:modified_time\" content=\"2020-05-08T07:40:35+00:00\" \/>\n<meta property=\"og:image\" content=\"https:\/\/mediaviestinta.fi\/mevi2020\/blogi\/wp-content\/uploads\/2018\/02\/ilmari-300x300.jpg\" \/>\n<meta name=\"author\" content=\"Mevi\" \/>\n<meta name=\"twitter:card\" content=\"summary_large_image\" \/>\n<meta name=\"twitter:creator\" content=\"@mediaviestinta\" \/>\n<meta name=\"twitter:site\" content=\"@mediaviestinta\" \/>\n<meta name=\"twitter:label1\" content=\"Kirjoittanut\" \/>\n\t<meta name=\"twitter:data1\" content=\"Mevi\" \/>\n\t<meta name=\"twitter:label2\" content=\"Arvioitu lukuaika\" \/>\n\t<meta name=\"twitter:data2\" content=\"4 minuuttia\" \/>\n<script type=\"application\/ld+json\" class=\"yoast-schema-graph\">{\"@context\":\"https:\\\/\\\/schema.org\",\"@graph\":[{\"@type\":\"Article\",\"@id\":\"https:\\\/\\\/mediaviestinta.fi\\\/2018\\\/02\\\/some-mahdollisti-marginaalimedioiden-nousun-mutta-pian-ne-saattavat-olla-pulassa\\\/#article\",\"isPartOf\":{\"@id\":\"https:\\\/\\\/mediaviestinta.fi\\\/2018\\\/02\\\/some-mahdollisti-marginaalimedioiden-nousun-mutta-pian-ne-saattavat-olla-pulassa\\\/\"},\"author\":{\"name\":\"Mevi\",\"@id\":\"https:\\\/\\\/mediaviestinta.fi\\\/#\\\/schema\\\/person\\\/b2da34ab24cfcd17dbdd6c7cfb173257\"},\"headline\":\"Some mahdollisti marginaalimedioiden nousun, mutta pian ne saattavat olla pulassa\",\"datePublished\":\"2018-02-01T12:58:22+00:00\",\"dateModified\":\"2020-05-08T07:40:35+00:00\",\"mainEntityOfPage\":{\"@id\":\"https:\\\/\\\/mediaviestinta.fi\\\/2018\\\/02\\\/some-mahdollisti-marginaalimedioiden-nousun-mutta-pian-ne-saattavat-olla-pulassa\\\/\"},\"wordCount\":891,\"publisher\":{\"@id\":\"https:\\\/\\\/mediaviestinta.fi\\\/#organization\"},\"image\":{\"@id\":\"https:\\\/\\\/mediaviestinta.fi\\\/2018\\\/02\\\/some-mahdollisti-marginaalimedioiden-nousun-mutta-pian-ne-saattavat-olla-pulassa\\\/#primaryimage\"},\"thumbnailUrl\":\"https:\\\/\\\/mediaviestinta.fi\\\/mevi2020\\\/blogi\\\/wp-content\\\/uploads\\\/2018\\\/02\\\/ilmari-300x300.jpg\",\"articleSection\":[\"Ajankohtaista\"],\"inLanguage\":\"fi\"},{\"@type\":\"WebPage\",\"@id\":\"https:\\\/\\\/mediaviestinta.fi\\\/2018\\\/02\\\/some-mahdollisti-marginaalimedioiden-nousun-mutta-pian-ne-saattavat-olla-pulassa\\\/\",\"url\":\"https:\\\/\\\/mediaviestinta.fi\\\/2018\\\/02\\\/some-mahdollisti-marginaalimedioiden-nousun-mutta-pian-ne-saattavat-olla-pulassa\\\/\",\"name\":\"Some mahdollisti marginaalimedioiden nousun, mutta pian ne saattavat olla pulassa &#8211; Mevi\",\"isPartOf\":{\"@id\":\"https:\\\/\\\/mediaviestinta.fi\\\/#website\"},\"primaryImageOfPage\":{\"@id\":\"https:\\\/\\\/mediaviestinta.fi\\\/2018\\\/02\\\/some-mahdollisti-marginaalimedioiden-nousun-mutta-pian-ne-saattavat-olla-pulassa\\\/#primaryimage\"},\"image\":{\"@id\":\"https:\\\/\\\/mediaviestinta.fi\\\/2018\\\/02\\\/some-mahdollisti-marginaalimedioiden-nousun-mutta-pian-ne-saattavat-olla-pulassa\\\/#primaryimage\"},\"thumbnailUrl\":\"https:\\\/\\\/mediaviestinta.fi\\\/mevi2020\\\/blogi\\\/wp-content\\\/uploads\\\/2018\\\/02\\\/ilmari-300x300.jpg\",\"datePublished\":\"2018-02-01T12:58:22+00:00\",\"dateModified\":\"2020-05-08T07:40:35+00:00\",\"breadcrumb\":{\"@id\":\"https:\\\/\\\/mediaviestinta.fi\\\/2018\\\/02\\\/some-mahdollisti-marginaalimedioiden-nousun-mutta-pian-ne-saattavat-olla-pulassa\\\/#breadcrumb\"},\"inLanguage\":\"fi\",\"potentialAction\":[{\"@type\":\"ReadAction\",\"target\":[\"https:\\\/\\\/mediaviestinta.fi\\\/2018\\\/02\\\/some-mahdollisti-marginaalimedioiden-nousun-mutta-pian-ne-saattavat-olla-pulassa\\\/\"]}]},{\"@type\":\"ImageObject\",\"inLanguage\":\"fi\",\"@id\":\"https:\\\/\\\/mediaviestinta.fi\\\/2018\\\/02\\\/some-mahdollisti-marginaalimedioiden-nousun-mutta-pian-ne-saattavat-olla-pulassa\\\/#primaryimage\",\"url\":\"https:\\\/\\\/mediaviestinta.fi\\\/mevi2020\\\/blogi\\\/wp-content\\\/uploads\\\/2018\\\/02\\\/ilmari-300x300.jpg\",\"contentUrl\":\"https:\\\/\\\/mediaviestinta.fi\\\/mevi2020\\\/blogi\\\/wp-content\\\/uploads\\\/2018\\\/02\\\/ilmari-300x300.jpg\"},{\"@type\":\"BreadcrumbList\",\"@id\":\"https:\\\/\\\/mediaviestinta.fi\\\/2018\\\/02\\\/some-mahdollisti-marginaalimedioiden-nousun-mutta-pian-ne-saattavat-olla-pulassa\\\/#breadcrumb\",\"itemListElement\":[{\"@type\":\"ListItem\",\"position\":1,\"name\":\"Home\",\"item\":\"https:\\\/\\\/mediaviestinta.fi\\\/\"},{\"@type\":\"ListItem\",\"position\":2,\"name\":\"Some mahdollisti marginaalimedioiden nousun, mutta pian ne saattavat olla pulassa\"}]},{\"@type\":\"WebSite\",\"@id\":\"https:\\\/\\\/mediaviestinta.fi\\\/#website\",\"url\":\"https:\\\/\\\/mediaviestinta.fi\\\/\",\"name\":\"Mevi\",\"description\":\"Media- ja viestint\u00e4tieteellinen seura Mevi\",\"publisher\":{\"@id\":\"https:\\\/\\\/mediaviestinta.fi\\\/#organization\"},\"potentialAction\":[{\"@type\":\"SearchAction\",\"target\":{\"@type\":\"EntryPoint\",\"urlTemplate\":\"https:\\\/\\\/mediaviestinta.fi\\\/?s={search_term_string}\"},\"query-input\":{\"@type\":\"PropertyValueSpecification\",\"valueRequired\":true,\"valueName\":\"search_term_string\"}}],\"inLanguage\":\"fi\"},{\"@type\":\"Organization\",\"@id\":\"https:\\\/\\\/mediaviestinta.fi\\\/#organization\",\"name\":\"Media- ja viestint\u00e4tieteellinen seura Mevi\",\"url\":\"https:\\\/\\\/mediaviestinta.fi\\\/\",\"logo\":{\"@type\":\"ImageObject\",\"inLanguage\":\"fi\",\"@id\":\"https:\\\/\\\/mediaviestinta.fi\\\/#\\\/schema\\\/logo\\\/image\\\/\",\"url\":\"https:\\\/\\\/mediaviestinta.fi\\\/mevi2020\\\/wp-content\\\/uploads\\\/2020\\\/03\\\/mevi-logo-RGB-Transparent.png\",\"contentUrl\":\"https:\\\/\\\/mediaviestinta.fi\\\/mevi2020\\\/wp-content\\\/uploads\\\/2020\\\/03\\\/mevi-logo-RGB-Transparent.png\",\"width\":910,\"height\":464,\"caption\":\"Media- ja viestint\u00e4tieteellinen seura Mevi\"},\"image\":{\"@id\":\"https:\\\/\\\/mediaviestinta.fi\\\/#\\\/schema\\\/logo\\\/image\\\/\"},\"sameAs\":[\"https:\\\/\\\/www.facebook.com\\\/MediaViestinta\\\/\",\"https:\\\/\\\/x.com\\\/mediaviestinta\"]},{\"@type\":\"Person\",\"@id\":\"https:\\\/\\\/mediaviestinta.fi\\\/#\\\/schema\\\/person\\\/b2da34ab24cfcd17dbdd6c7cfb173257\",\"name\":\"Mevi\",\"image\":{\"@type\":\"ImageObject\",\"inLanguage\":\"fi\",\"@id\":\"https:\\\/\\\/secure.gravatar.com\\\/avatar\\\/3305b76d1667dc119a18808ed03d6a1fc2dfa8b6a1cddecb8c4d27ef14ec32ca?s=96&d=mm&r=g\",\"url\":\"https:\\\/\\\/secure.gravatar.com\\\/avatar\\\/3305b76d1667dc119a18808ed03d6a1fc2dfa8b6a1cddecb8c4d27ef14ec32ca?s=96&d=mm&r=g\",\"contentUrl\":\"https:\\\/\\\/secure.gravatar.com\\\/avatar\\\/3305b76d1667dc119a18808ed03d6a1fc2dfa8b6a1cddecb8c4d27ef14ec32ca?s=96&d=mm&r=g\",\"caption\":\"Mevi\"},\"url\":\"https:\\\/\\\/mediaviestinta.fi\\\/mevi2020\\\/author\\\/mediavie\\\/\"}]}<\/script>\n<!-- \/ Yoast SEO plugin. -->","yoast_head_json":{"title":"Some mahdollisti marginaalimedioiden nousun, mutta pian ne saattavat olla pulassa &#8211; Mevi","robots":{"index":"index","follow":"follow","max-snippet":"max-snippet:-1","max-image-preview":"max-image-preview:large","max-video-preview":"max-video-preview:-1"},"canonical":"https:\/\/mediaviestinta.fi\/2018\/02\/some-mahdollisti-marginaalimedioiden-nousun-mutta-pian-ne-saattavat-olla-pulassa\/","og_locale":"fi_FI","og_type":"article","og_title":"Some mahdollisti marginaalimedioiden nousun, mutta pian ne saattavat olla pulassa &#8211; Mevi","og_description":"Verkon vaihtoehtojulkaisut valjastivat sosiaalisen median onnistuneesti ilmaiseksi jakelukanavaksi. Facebookin suunnanmuutos voi kuitenkin enteill\u00e4 niille yhden aikakauden loppua. Mutta onko se hyv\u00e4 asia, ja kenelle? Mediatuotantoon voi yksinkertaistettuna n\u00e4hd\u00e4&hellip;","og_url":"https:\/\/mediaviestinta.fi\/2018\/02\/some-mahdollisti-marginaalimedioiden-nousun-mutta-pian-ne-saattavat-olla-pulassa\/","og_site_name":"Mevi","article_publisher":"https:\/\/www.facebook.com\/MediaViestinta\/","article_published_time":"2018-02-01T12:58:22+00:00","article_modified_time":"2020-05-08T07:40:35+00:00","og_image":[{"url":"https:\/\/mediaviestinta.fi\/mevi2020\/blogi\/wp-content\/uploads\/2018\/02\/ilmari-300x300.jpg","type":"","width":"","height":""}],"author":"Mevi","twitter_card":"summary_large_image","twitter_creator":"@mediaviestinta","twitter_site":"@mediaviestinta","twitter_misc":{"Kirjoittanut":"Mevi","Arvioitu lukuaika":"4 minuuttia"},"schema":{"@context":"https:\/\/schema.org","@graph":[{"@type":"Article","@id":"https:\/\/mediaviestinta.fi\/2018\/02\/some-mahdollisti-marginaalimedioiden-nousun-mutta-pian-ne-saattavat-olla-pulassa\/#article","isPartOf":{"@id":"https:\/\/mediaviestinta.fi\/2018\/02\/some-mahdollisti-marginaalimedioiden-nousun-mutta-pian-ne-saattavat-olla-pulassa\/"},"author":{"name":"Mevi","@id":"https:\/\/mediaviestinta.fi\/#\/schema\/person\/b2da34ab24cfcd17dbdd6c7cfb173257"},"headline":"Some mahdollisti marginaalimedioiden nousun, mutta pian ne saattavat olla pulassa","datePublished":"2018-02-01T12:58:22+00:00","dateModified":"2020-05-08T07:40:35+00:00","mainEntityOfPage":{"@id":"https:\/\/mediaviestinta.fi\/2018\/02\/some-mahdollisti-marginaalimedioiden-nousun-mutta-pian-ne-saattavat-olla-pulassa\/"},"wordCount":891,"publisher":{"@id":"https:\/\/mediaviestinta.fi\/#organization"},"image":{"@id":"https:\/\/mediaviestinta.fi\/2018\/02\/some-mahdollisti-marginaalimedioiden-nousun-mutta-pian-ne-saattavat-olla-pulassa\/#primaryimage"},"thumbnailUrl":"https:\/\/mediaviestinta.fi\/mevi2020\/blogi\/wp-content\/uploads\/2018\/02\/ilmari-300x300.jpg","articleSection":["Ajankohtaista"],"inLanguage":"fi"},{"@type":"WebPage","@id":"https:\/\/mediaviestinta.fi\/2018\/02\/some-mahdollisti-marginaalimedioiden-nousun-mutta-pian-ne-saattavat-olla-pulassa\/","url":"https:\/\/mediaviestinta.fi\/2018\/02\/some-mahdollisti-marginaalimedioiden-nousun-mutta-pian-ne-saattavat-olla-pulassa\/","name":"Some mahdollisti marginaalimedioiden nousun, mutta pian ne saattavat olla pulassa &#8211; Mevi","isPartOf":{"@id":"https:\/\/mediaviestinta.fi\/#website"},"primaryImageOfPage":{"@id":"https:\/\/mediaviestinta.fi\/2018\/02\/some-mahdollisti-marginaalimedioiden-nousun-mutta-pian-ne-saattavat-olla-pulassa\/#primaryimage"},"image":{"@id":"https:\/\/mediaviestinta.fi\/2018\/02\/some-mahdollisti-marginaalimedioiden-nousun-mutta-pian-ne-saattavat-olla-pulassa\/#primaryimage"},"thumbnailUrl":"https:\/\/mediaviestinta.fi\/mevi2020\/blogi\/wp-content\/uploads\/2018\/02\/ilmari-300x300.jpg","datePublished":"2018-02-01T12:58:22+00:00","dateModified":"2020-05-08T07:40:35+00:00","breadcrumb":{"@id":"https:\/\/mediaviestinta.fi\/2018\/02\/some-mahdollisti-marginaalimedioiden-nousun-mutta-pian-ne-saattavat-olla-pulassa\/#breadcrumb"},"inLanguage":"fi","potentialAction":[{"@type":"ReadAction","target":["https:\/\/mediaviestinta.fi\/2018\/02\/some-mahdollisti-marginaalimedioiden-nousun-mutta-pian-ne-saattavat-olla-pulassa\/"]}]},{"@type":"ImageObject","inLanguage":"fi","@id":"https:\/\/mediaviestinta.fi\/2018\/02\/some-mahdollisti-marginaalimedioiden-nousun-mutta-pian-ne-saattavat-olla-pulassa\/#primaryimage","url":"https:\/\/mediaviestinta.fi\/mevi2020\/blogi\/wp-content\/uploads\/2018\/02\/ilmari-300x300.jpg","contentUrl":"https:\/\/mediaviestinta.fi\/mevi2020\/blogi\/wp-content\/uploads\/2018\/02\/ilmari-300x300.jpg"},{"@type":"BreadcrumbList","@id":"https:\/\/mediaviestinta.fi\/2018\/02\/some-mahdollisti-marginaalimedioiden-nousun-mutta-pian-ne-saattavat-olla-pulassa\/#breadcrumb","itemListElement":[{"@type":"ListItem","position":1,"name":"Home","item":"https:\/\/mediaviestinta.fi\/"},{"@type":"ListItem","position":2,"name":"Some mahdollisti marginaalimedioiden nousun, mutta pian ne saattavat olla pulassa"}]},{"@type":"WebSite","@id":"https:\/\/mediaviestinta.fi\/#website","url":"https:\/\/mediaviestinta.fi\/","name":"Mevi","description":"Media- ja viestint\u00e4tieteellinen seura Mevi","publisher":{"@id":"https:\/\/mediaviestinta.fi\/#organization"},"potentialAction":[{"@type":"SearchAction","target":{"@type":"EntryPoint","urlTemplate":"https:\/\/mediaviestinta.fi\/?s={search_term_string}"},"query-input":{"@type":"PropertyValueSpecification","valueRequired":true,"valueName":"search_term_string"}}],"inLanguage":"fi"},{"@type":"Organization","@id":"https:\/\/mediaviestinta.fi\/#organization","name":"Media- ja viestint\u00e4tieteellinen seura Mevi","url":"https:\/\/mediaviestinta.fi\/","logo":{"@type":"ImageObject","inLanguage":"fi","@id":"https:\/\/mediaviestinta.fi\/#\/schema\/logo\/image\/","url":"https:\/\/mediaviestinta.fi\/mevi2020\/wp-content\/uploads\/2020\/03\/mevi-logo-RGB-Transparent.png","contentUrl":"https:\/\/mediaviestinta.fi\/mevi2020\/wp-content\/uploads\/2020\/03\/mevi-logo-RGB-Transparent.png","width":910,"height":464,"caption":"Media- ja viestint\u00e4tieteellinen seura Mevi"},"image":{"@id":"https:\/\/mediaviestinta.fi\/#\/schema\/logo\/image\/"},"sameAs":["https:\/\/www.facebook.com\/MediaViestinta\/","https:\/\/x.com\/mediaviestinta"]},{"@type":"Person","@id":"https:\/\/mediaviestinta.fi\/#\/schema\/person\/b2da34ab24cfcd17dbdd6c7cfb173257","name":"Mevi","image":{"@type":"ImageObject","inLanguage":"fi","@id":"https:\/\/secure.gravatar.com\/avatar\/3305b76d1667dc119a18808ed03d6a1fc2dfa8b6a1cddecb8c4d27ef14ec32ca?s=96&d=mm&r=g","url":"https:\/\/secure.gravatar.com\/avatar\/3305b76d1667dc119a18808ed03d6a1fc2dfa8b6a1cddecb8c4d27ef14ec32ca?s=96&d=mm&r=g","contentUrl":"https:\/\/secure.gravatar.com\/avatar\/3305b76d1667dc119a18808ed03d6a1fc2dfa8b6a1cddecb8c4d27ef14ec32ca?s=96&d=mm&r=g","caption":"Mevi"},"url":"https:\/\/mediaviestinta.fi\/mevi2020\/author\/mediavie\/"}]}},"_links":{"self":[{"href":"https:\/\/mediaviestinta.fi\/mevi2020\/wp-json\/wp\/v2\/posts\/3910","targetHints":{"allow":["GET"]}}],"collection":[{"href":"https:\/\/mediaviestinta.fi\/mevi2020\/wp-json\/wp\/v2\/posts"}],"about":[{"href":"https:\/\/mediaviestinta.fi\/mevi2020\/wp-json\/wp\/v2\/types\/post"}],"author":[{"embeddable":true,"href":"https:\/\/mediaviestinta.fi\/mevi2020\/wp-json\/wp\/v2\/users\/3"}],"replies":[{"embeddable":true,"href":"https:\/\/mediaviestinta.fi\/mevi2020\/wp-json\/wp\/v2\/comments?post=3910"}],"version-history":[{"count":1,"href":"https:\/\/mediaviestinta.fi\/mevi2020\/wp-json\/wp\/v2\/posts\/3910\/revisions"}],"predecessor-version":[{"id":4222,"href":"https:\/\/mediaviestinta.fi\/mevi2020\/wp-json\/wp\/v2\/posts\/3910\/revisions\/4222"}],"wp:attachment":[{"href":"https:\/\/mediaviestinta.fi\/mevi2020\/wp-json\/wp\/v2\/media?parent=3910"}],"wp:term":[{"taxonomy":"category","embeddable":true,"href":"https:\/\/mediaviestinta.fi\/mevi2020\/wp-json\/wp\/v2\/categories?post=3910"},{"taxonomy":"post_tag","embeddable":true,"href":"https:\/\/mediaviestinta.fi\/mevi2020\/wp-json\/wp\/v2\/tags?post=3910"}],"curies":[{"name":"wp","href":"https:\/\/api.w.org\/{rel}","templated":true}]}}