{"id":3912,"date":"2018-03-26T09:46:35","date_gmt":"2018-03-26T06:46:35","guid":{"rendered":"http:\/\/mediaviestinta.fi\/blogi\/?p=3642"},"modified":"2020-05-08T10:39:18","modified_gmt":"2020-05-08T07:39:18","slug":"esittelyssa-saara-jansson-tanja-sihvonen","status":"publish","type":"post","link":"https:\/\/mediaviestinta.fi\/mevi2020\/2018\/03\/esittelyssa-saara-jansson-tanja-sihvonen\/","title":{"rendered":"Esittelyss\u00e4 Saara Jansson &#038; Tanja Sihvonen"},"content":{"rendered":"<p><em>Media &amp; viestint\u00e4<\/em> 1\/2018 pit\u00e4\u00e4 sis\u00e4ll\u00e4\u00e4n my\u00f6s Saara Janssonin ja Tanja Sihvosen artikkelin &#8221;<a href=\"https:\/\/journal.fi\/mediaviestinta\/article\/view\/69950\" target=\"_blank\" rel=\"noopener noreferrer\">Kyberturvallisuus valtiollisena toimintaymp\u00e4rist\u00f6n\u00e4 ja siihen kohdistuvat uhkat<\/a>&#8221;.<\/p>\n<figure id=\"attachment_3643\" aria-describedby=\"caption-attachment-3643\" style=\"width: 200px\" class=\"wp-caption alignright\"><a href=\"https:\/\/mediaviestinta.fi\/mevi2020\/blogi\/wp-content\/uploads\/2018\/03\/saarajansson.jpg\" rel=\"attachment wp-att-3643\"><img fetchpriority=\"high\" decoding=\"async\" class=\"wp-image-3643 size-medium\" src=\"https:\/\/mediaviestinta.fi\/mevi2020\/blogi\/wp-content\/uploads\/2018\/03\/saarajansson-200x300.jpg\" alt=\"saarajansson\" width=\"200\" height=\"300\" \/><\/a><figcaption id=\"caption-attachment-3643\" class=\"wp-caption-text\">Saara Jansson<\/figcaption><\/figure>\n<p><strong>Mihin laajempaan ilmi\u00f6\u00f6n ja keskusteluun artikkelinne liittyy?<\/strong><\/p>\n<p>Osallistumme artikkelillamme juuri nyt ajankohtaiseen keskusteluun kyberturvallisuudesta, uhkista, kybersodasta ja valtion asemasta kybermaailman muutoksessa. Sivuamme v\u00e4h\u00e4n my\u00f6s informaatiovaikuttamista, joka saattaa kiinnostaa erityisesti viestinn\u00e4n tutkijoita.<\/p>\n<p><strong>Mik\u00e4 on artikkelinne keskeinen argumentti?<\/strong><\/p>\n<p>Tavoitteenamme on luoda aiheesta \u201cisoa kuvaa\u201d ja tarjota pohjaa jatkokeskustelulle. Kybermaailmaan liittyv\u00e4t k\u00e4sitteet ja ilmi\u00f6t ovat vasta rakentumassa suomalaisessa keskustelussa, ja siin\u00e4kin valtio pyrkii ottamaan johtavaa asemaa \u2013 onhan se vastuussa lains\u00e4\u00e4d\u00e4nn\u00f6st\u00e4 ja Suomen kokonaisturvallisuudesta. My\u00f6s median rooli on t\u00e4ss\u00e4 keskustelussa merkitt\u00e4v\u00e4, koska sen teht\u00e4v\u00e4 on v\u00e4litt\u00e4\u00e4 ymm\u00e4rryst\u00e4 kybermaailmaan liittyvist\u00e4 p\u00e4\u00e4t\u00f6ksist\u00e4 suomalaiselle netink\u00e4ytt\u00e4j\u00e4lle.<\/p>\n<p><strong>Kenen kannattaa lukea artikkelinne?<\/strong><\/p>\n<p>Jokaisen, joka k\u00e4ytt\u00e4\u00e4 interneti\u00e4! Ja jokaisen, joka haluaa ymm\u00e4rt\u00e4\u00e4, miten tietoverkoista (tai yleisemmin internetist\u00e4) on muotoutunut sellainen kokonaisuus, mik\u00e4 se nykyisin on; mit\u00e4 uhkia, mahdollisuuksia ja seurauksia tietoverkkojen k\u00e4ytt\u00e4miseen liittyy. Tutkijoille artikkelimme on kattava pohjustus aiheeseen, kun taas yksitt\u00e4inen netink\u00e4ytt\u00e4j\u00e4 voi oppia ymm\u00e4rt\u00e4m\u00e4\u00e4n oman toimintansa merkityst\u00e4 kybermaailmassa.<\/p>\n<p>Jos olet joskus miettinyt, miksi kyber-sanat her\u00e4tt\u00e4v\u00e4t sinussa pelon v\u00e4ristyksi\u00e4, vaikkapa lukiessasi Ven\u00e4j\u00e4n kyberhy\u00f6kk\u00e4yksist\u00e4 sanomalehdest\u00e4, viittaamme jutussamme my\u00f6s ns. uhan diskurssiin, joka n\u00e4ihin k\u00e4sitteisiin usein liittyy.<\/p>\n<figure id=\"attachment_3644\" aria-describedby=\"caption-attachment-3644\" style=\"width: 240px\" class=\"wp-caption alignright\"><a href=\"https:\/\/mediaviestinta.fi\/mevi2020\/blogi\/wp-content\/uploads\/2018\/03\/tanjasihvonen.jpg\" rel=\"attachment wp-att-3644\"><img decoding=\"async\" class=\"size-medium wp-image-3644\" src=\"https:\/\/mediaviestinta.fi\/mevi2020\/blogi\/wp-content\/uploads\/2018\/03\/tanjasihvonen-240x300.jpg\" alt=\"Tanja Sihvonen\" width=\"240\" height=\"300\" \/><\/a><figcaption id=\"caption-attachment-3644\" class=\"wp-caption-text\">Tanja Sihvonen<\/figcaption><\/figure>\n","protected":false},"excerpt":{"rendered":"<p>Media &amp; viestint\u00e4 1\/2018 pit\u00e4\u00e4 sis\u00e4ll\u00e4\u00e4n my\u00f6s Saara Janssonin ja Tanja Sihvosen artikkelin &#8221;Kyberturvallisuus valtiollisena toimintaymp\u00e4rist\u00f6n\u00e4 ja siihen kohdistuvat uhkat&#8221;. Mihin laajempaan ilmi\u00f6\u00f6n ja keskusteluun artikkelinne liittyy? Osallistumme&hellip;<\/p>\n","protected":false},"author":3,"featured_media":3660,"comment_status":"closed","ping_status":"closed","sticky":false,"template":"","format":"standard","meta":{"_monsterinsights_skip_tracking":false,"_monsterinsights_sitenote_active":false,"_monsterinsights_sitenote_note":"","_monsterinsights_sitenote_category":0,"footnotes":""},"categories":[76,1],"tags":[75],"class_list":["post-3912","post","type-post","status-publish","format-standard","has-post-thumbnail","hentry","category-ajankohtaista","category-yleinen","tag-tutkija"],"yoast_head":"<!-- This site is optimized with the Yoast SEO plugin v27.5 - https:\/\/yoast.com\/product\/yoast-seo-wordpress\/ -->\n<title>Esittelyss\u00e4 Saara Jansson &amp; Tanja Sihvonen &#8211; Mevi<\/title>\n<meta name=\"robots\" content=\"index, follow, max-snippet:-1, max-image-preview:large, max-video-preview:-1\" \/>\n<link rel=\"canonical\" href=\"https:\/\/mediaviestinta.fi\/mevi2020\/2018\/03\/esittelyssa-saara-jansson-tanja-sihvonen\/\" \/>\n<meta property=\"og:locale\" content=\"fi_FI\" \/>\n<meta property=\"og:type\" content=\"article\" \/>\n<meta property=\"og:title\" content=\"Esittelyss\u00e4 Saara Jansson &amp; Tanja Sihvonen &#8211; Mevi\" \/>\n<meta property=\"og:description\" content=\"Media &amp; viestint\u00e4 1\/2018 pit\u00e4\u00e4 sis\u00e4ll\u00e4\u00e4n my\u00f6s Saara Janssonin ja Tanja Sihvosen artikkelin &#8221;Kyberturvallisuus valtiollisena toimintaymp\u00e4rist\u00f6n\u00e4 ja siihen kohdistuvat uhkat&#8221;. Mihin laajempaan ilmi\u00f6\u00f6n ja keskusteluun artikkelinne liittyy? Osallistumme&hellip;\" \/>\n<meta property=\"og:url\" content=\"https:\/\/mediaviestinta.fi\/mevi2020\/2018\/03\/esittelyssa-saara-jansson-tanja-sihvonen\/\" \/>\n<meta property=\"og:site_name\" content=\"Mevi\" \/>\n<meta property=\"article:publisher\" content=\"https:\/\/www.facebook.com\/MediaViestinta\/\" \/>\n<meta property=\"article:published_time\" content=\"2018-03-26T06:46:35+00:00\" \/>\n<meta property=\"article:modified_time\" content=\"2020-05-08T07:39:18+00:00\" \/>\n<meta property=\"og:image\" content=\"https:\/\/mediaviestinta.fi\/mevi2020\/wp-content\/uploads\/2020\/04\/mevi-artikkeli-placeholder-kuva-01.jpg\" \/>\n\t<meta property=\"og:image:width\" content=\"700\" \/>\n\t<meta property=\"og:image:height\" content=\"400\" \/>\n\t<meta property=\"og:image:type\" content=\"image\/jpeg\" \/>\n<meta name=\"author\" content=\"Mevi\" \/>\n<meta name=\"twitter:card\" content=\"summary_large_image\" \/>\n<meta name=\"twitter:creator\" content=\"@mediaviestinta\" \/>\n<meta name=\"twitter:site\" content=\"@mediaviestinta\" \/>\n<meta name=\"twitter:label1\" content=\"Kirjoittanut\" \/>\n\t<meta name=\"twitter:data1\" content=\"Mevi\" \/>\n\t<meta name=\"twitter:label2\" content=\"Arvioitu lukuaika\" \/>\n\t<meta name=\"twitter:data2\" content=\"1 minuutti\" \/>\n<script type=\"application\/ld+json\" class=\"yoast-schema-graph\">{\"@context\":\"https:\\\/\\\/schema.org\",\"@graph\":[{\"@type\":\"Article\",\"@id\":\"https:\\\/\\\/mediaviestinta.fi\\\/mevi2020\\\/2018\\\/03\\\/esittelyssa-saara-jansson-tanja-sihvonen\\\/#article\",\"isPartOf\":{\"@id\":\"https:\\\/\\\/mediaviestinta.fi\\\/mevi2020\\\/2018\\\/03\\\/esittelyssa-saara-jansson-tanja-sihvonen\\\/\"},\"author\":{\"name\":\"Mevi\",\"@id\":\"https:\\\/\\\/mediaviestinta.fi\\\/#\\\/schema\\\/person\\\/b2da34ab24cfcd17dbdd6c7cfb173257\"},\"headline\":\"Esittelyss\u00e4 Saara Jansson &#038; Tanja Sihvonen\",\"datePublished\":\"2018-03-26T06:46:35+00:00\",\"dateModified\":\"2020-05-08T07:39:18+00:00\",\"mainEntityOfPage\":{\"@id\":\"https:\\\/\\\/mediaviestinta.fi\\\/mevi2020\\\/2018\\\/03\\\/esittelyssa-saara-jansson-tanja-sihvonen\\\/\"},\"wordCount\":256,\"publisher\":{\"@id\":\"https:\\\/\\\/mediaviestinta.fi\\\/#organization\"},\"image\":{\"@id\":\"https:\\\/\\\/mediaviestinta.fi\\\/mevi2020\\\/2018\\\/03\\\/esittelyssa-saara-jansson-tanja-sihvonen\\\/#primaryimage\"},\"thumbnailUrl\":\"https:\\\/\\\/mediaviestinta.fi\\\/mevi2020\\\/wp-content\\\/uploads\\\/2020\\\/04\\\/mevi-artikkeli-placeholder-kuva-01.jpg\",\"keywords\":[\"tutkija\"],\"articleSection\":[\"Ajankohtaista\"],\"inLanguage\":\"fi\"},{\"@type\":\"WebPage\",\"@id\":\"https:\\\/\\\/mediaviestinta.fi\\\/mevi2020\\\/2018\\\/03\\\/esittelyssa-saara-jansson-tanja-sihvonen\\\/\",\"url\":\"https:\\\/\\\/mediaviestinta.fi\\\/mevi2020\\\/2018\\\/03\\\/esittelyssa-saara-jansson-tanja-sihvonen\\\/\",\"name\":\"Esittelyss\u00e4 Saara Jansson & Tanja Sihvonen &#8211; Mevi\",\"isPartOf\":{\"@id\":\"https:\\\/\\\/mediaviestinta.fi\\\/#website\"},\"primaryImageOfPage\":{\"@id\":\"https:\\\/\\\/mediaviestinta.fi\\\/mevi2020\\\/2018\\\/03\\\/esittelyssa-saara-jansson-tanja-sihvonen\\\/#primaryimage\"},\"image\":{\"@id\":\"https:\\\/\\\/mediaviestinta.fi\\\/mevi2020\\\/2018\\\/03\\\/esittelyssa-saara-jansson-tanja-sihvonen\\\/#primaryimage\"},\"thumbnailUrl\":\"https:\\\/\\\/mediaviestinta.fi\\\/mevi2020\\\/wp-content\\\/uploads\\\/2020\\\/04\\\/mevi-artikkeli-placeholder-kuva-01.jpg\",\"datePublished\":\"2018-03-26T06:46:35+00:00\",\"dateModified\":\"2020-05-08T07:39:18+00:00\",\"breadcrumb\":{\"@id\":\"https:\\\/\\\/mediaviestinta.fi\\\/mevi2020\\\/2018\\\/03\\\/esittelyssa-saara-jansson-tanja-sihvonen\\\/#breadcrumb\"},\"inLanguage\":\"fi\",\"potentialAction\":[{\"@type\":\"ReadAction\",\"target\":[\"https:\\\/\\\/mediaviestinta.fi\\\/mevi2020\\\/2018\\\/03\\\/esittelyssa-saara-jansson-tanja-sihvonen\\\/\"]}]},{\"@type\":\"ImageObject\",\"inLanguage\":\"fi\",\"@id\":\"https:\\\/\\\/mediaviestinta.fi\\\/mevi2020\\\/2018\\\/03\\\/esittelyssa-saara-jansson-tanja-sihvonen\\\/#primaryimage\",\"url\":\"https:\\\/\\\/mediaviestinta.fi\\\/mevi2020\\\/wp-content\\\/uploads\\\/2020\\\/04\\\/mevi-artikkeli-placeholder-kuva-01.jpg\",\"contentUrl\":\"https:\\\/\\\/mediaviestinta.fi\\\/mevi2020\\\/wp-content\\\/uploads\\\/2020\\\/04\\\/mevi-artikkeli-placeholder-kuva-01.jpg\",\"width\":700,\"height\":400},{\"@type\":\"BreadcrumbList\",\"@id\":\"https:\\\/\\\/mediaviestinta.fi\\\/mevi2020\\\/2018\\\/03\\\/esittelyssa-saara-jansson-tanja-sihvonen\\\/#breadcrumb\",\"itemListElement\":[{\"@type\":\"ListItem\",\"position\":1,\"name\":\"Home\",\"item\":\"https:\\\/\\\/mediaviestinta.fi\\\/\"},{\"@type\":\"ListItem\",\"position\":2,\"name\":\"Esittelyss\u00e4 Saara Jansson &#038; Tanja Sihvonen\"}]},{\"@type\":\"WebSite\",\"@id\":\"https:\\\/\\\/mediaviestinta.fi\\\/#website\",\"url\":\"https:\\\/\\\/mediaviestinta.fi\\\/\",\"name\":\"Mevi\",\"description\":\"Media- ja viestint\u00e4tieteellinen seura Mevi\",\"publisher\":{\"@id\":\"https:\\\/\\\/mediaviestinta.fi\\\/#organization\"},\"potentialAction\":[{\"@type\":\"SearchAction\",\"target\":{\"@type\":\"EntryPoint\",\"urlTemplate\":\"https:\\\/\\\/mediaviestinta.fi\\\/?s={search_term_string}\"},\"query-input\":{\"@type\":\"PropertyValueSpecification\",\"valueRequired\":true,\"valueName\":\"search_term_string\"}}],\"inLanguage\":\"fi\"},{\"@type\":\"Organization\",\"@id\":\"https:\\\/\\\/mediaviestinta.fi\\\/#organization\",\"name\":\"Media- ja viestint\u00e4tieteellinen seura Mevi\",\"url\":\"https:\\\/\\\/mediaviestinta.fi\\\/\",\"logo\":{\"@type\":\"ImageObject\",\"inLanguage\":\"fi\",\"@id\":\"https:\\\/\\\/mediaviestinta.fi\\\/#\\\/schema\\\/logo\\\/image\\\/\",\"url\":\"https:\\\/\\\/mediaviestinta.fi\\\/mevi2020\\\/wp-content\\\/uploads\\\/2020\\\/03\\\/mevi-logo-RGB-Transparent.png\",\"contentUrl\":\"https:\\\/\\\/mediaviestinta.fi\\\/mevi2020\\\/wp-content\\\/uploads\\\/2020\\\/03\\\/mevi-logo-RGB-Transparent.png\",\"width\":910,\"height\":464,\"caption\":\"Media- ja viestint\u00e4tieteellinen seura Mevi\"},\"image\":{\"@id\":\"https:\\\/\\\/mediaviestinta.fi\\\/#\\\/schema\\\/logo\\\/image\\\/\"},\"sameAs\":[\"https:\\\/\\\/www.facebook.com\\\/MediaViestinta\\\/\",\"https:\\\/\\\/x.com\\\/mediaviestinta\"]},{\"@type\":\"Person\",\"@id\":\"https:\\\/\\\/mediaviestinta.fi\\\/#\\\/schema\\\/person\\\/b2da34ab24cfcd17dbdd6c7cfb173257\",\"name\":\"Mevi\",\"image\":{\"@type\":\"ImageObject\",\"inLanguage\":\"fi\",\"@id\":\"https:\\\/\\\/secure.gravatar.com\\\/avatar\\\/3305b76d1667dc119a18808ed03d6a1fc2dfa8b6a1cddecb8c4d27ef14ec32ca?s=96&d=mm&r=g\",\"url\":\"https:\\\/\\\/secure.gravatar.com\\\/avatar\\\/3305b76d1667dc119a18808ed03d6a1fc2dfa8b6a1cddecb8c4d27ef14ec32ca?s=96&d=mm&r=g\",\"contentUrl\":\"https:\\\/\\\/secure.gravatar.com\\\/avatar\\\/3305b76d1667dc119a18808ed03d6a1fc2dfa8b6a1cddecb8c4d27ef14ec32ca?s=96&d=mm&r=g\",\"caption\":\"Mevi\"},\"url\":\"https:\\\/\\\/mediaviestinta.fi\\\/mevi2020\\\/author\\\/mediavie\\\/\"}]}<\/script>\n<!-- \/ Yoast SEO plugin. -->","yoast_head_json":{"title":"Esittelyss\u00e4 Saara Jansson & Tanja Sihvonen &#8211; Mevi","robots":{"index":"index","follow":"follow","max-snippet":"max-snippet:-1","max-image-preview":"max-image-preview:large","max-video-preview":"max-video-preview:-1"},"canonical":"https:\/\/mediaviestinta.fi\/mevi2020\/2018\/03\/esittelyssa-saara-jansson-tanja-sihvonen\/","og_locale":"fi_FI","og_type":"article","og_title":"Esittelyss\u00e4 Saara Jansson & Tanja Sihvonen &#8211; Mevi","og_description":"Media &amp; viestint\u00e4 1\/2018 pit\u00e4\u00e4 sis\u00e4ll\u00e4\u00e4n my\u00f6s Saara Janssonin ja Tanja Sihvosen artikkelin &#8221;Kyberturvallisuus valtiollisena toimintaymp\u00e4rist\u00f6n\u00e4 ja siihen kohdistuvat uhkat&#8221;. Mihin laajempaan ilmi\u00f6\u00f6n ja keskusteluun artikkelinne liittyy? Osallistumme&hellip;","og_url":"https:\/\/mediaviestinta.fi\/mevi2020\/2018\/03\/esittelyssa-saara-jansson-tanja-sihvonen\/","og_site_name":"Mevi","article_publisher":"https:\/\/www.facebook.com\/MediaViestinta\/","article_published_time":"2018-03-26T06:46:35+00:00","article_modified_time":"2020-05-08T07:39:18+00:00","og_image":[{"width":700,"height":400,"url":"https:\/\/mediaviestinta.fi\/mevi2020\/wp-content\/uploads\/2020\/04\/mevi-artikkeli-placeholder-kuva-01.jpg","type":"image\/jpeg"}],"author":"Mevi","twitter_card":"summary_large_image","twitter_creator":"@mediaviestinta","twitter_site":"@mediaviestinta","twitter_misc":{"Kirjoittanut":"Mevi","Arvioitu lukuaika":"1 minuutti"},"schema":{"@context":"https:\/\/schema.org","@graph":[{"@type":"Article","@id":"https:\/\/mediaviestinta.fi\/mevi2020\/2018\/03\/esittelyssa-saara-jansson-tanja-sihvonen\/#article","isPartOf":{"@id":"https:\/\/mediaviestinta.fi\/mevi2020\/2018\/03\/esittelyssa-saara-jansson-tanja-sihvonen\/"},"author":{"name":"Mevi","@id":"https:\/\/mediaviestinta.fi\/#\/schema\/person\/b2da34ab24cfcd17dbdd6c7cfb173257"},"headline":"Esittelyss\u00e4 Saara Jansson &#038; Tanja Sihvonen","datePublished":"2018-03-26T06:46:35+00:00","dateModified":"2020-05-08T07:39:18+00:00","mainEntityOfPage":{"@id":"https:\/\/mediaviestinta.fi\/mevi2020\/2018\/03\/esittelyssa-saara-jansson-tanja-sihvonen\/"},"wordCount":256,"publisher":{"@id":"https:\/\/mediaviestinta.fi\/#organization"},"image":{"@id":"https:\/\/mediaviestinta.fi\/mevi2020\/2018\/03\/esittelyssa-saara-jansson-tanja-sihvonen\/#primaryimage"},"thumbnailUrl":"https:\/\/mediaviestinta.fi\/mevi2020\/wp-content\/uploads\/2020\/04\/mevi-artikkeli-placeholder-kuva-01.jpg","keywords":["tutkija"],"articleSection":["Ajankohtaista"],"inLanguage":"fi"},{"@type":"WebPage","@id":"https:\/\/mediaviestinta.fi\/mevi2020\/2018\/03\/esittelyssa-saara-jansson-tanja-sihvonen\/","url":"https:\/\/mediaviestinta.fi\/mevi2020\/2018\/03\/esittelyssa-saara-jansson-tanja-sihvonen\/","name":"Esittelyss\u00e4 Saara Jansson & Tanja Sihvonen &#8211; Mevi","isPartOf":{"@id":"https:\/\/mediaviestinta.fi\/#website"},"primaryImageOfPage":{"@id":"https:\/\/mediaviestinta.fi\/mevi2020\/2018\/03\/esittelyssa-saara-jansson-tanja-sihvonen\/#primaryimage"},"image":{"@id":"https:\/\/mediaviestinta.fi\/mevi2020\/2018\/03\/esittelyssa-saara-jansson-tanja-sihvonen\/#primaryimage"},"thumbnailUrl":"https:\/\/mediaviestinta.fi\/mevi2020\/wp-content\/uploads\/2020\/04\/mevi-artikkeli-placeholder-kuva-01.jpg","datePublished":"2018-03-26T06:46:35+00:00","dateModified":"2020-05-08T07:39:18+00:00","breadcrumb":{"@id":"https:\/\/mediaviestinta.fi\/mevi2020\/2018\/03\/esittelyssa-saara-jansson-tanja-sihvonen\/#breadcrumb"},"inLanguage":"fi","potentialAction":[{"@type":"ReadAction","target":["https:\/\/mediaviestinta.fi\/mevi2020\/2018\/03\/esittelyssa-saara-jansson-tanja-sihvonen\/"]}]},{"@type":"ImageObject","inLanguage":"fi","@id":"https:\/\/mediaviestinta.fi\/mevi2020\/2018\/03\/esittelyssa-saara-jansson-tanja-sihvonen\/#primaryimage","url":"https:\/\/mediaviestinta.fi\/mevi2020\/wp-content\/uploads\/2020\/04\/mevi-artikkeli-placeholder-kuva-01.jpg","contentUrl":"https:\/\/mediaviestinta.fi\/mevi2020\/wp-content\/uploads\/2020\/04\/mevi-artikkeli-placeholder-kuva-01.jpg","width":700,"height":400},{"@type":"BreadcrumbList","@id":"https:\/\/mediaviestinta.fi\/mevi2020\/2018\/03\/esittelyssa-saara-jansson-tanja-sihvonen\/#breadcrumb","itemListElement":[{"@type":"ListItem","position":1,"name":"Home","item":"https:\/\/mediaviestinta.fi\/"},{"@type":"ListItem","position":2,"name":"Esittelyss\u00e4 Saara Jansson &#038; Tanja Sihvonen"}]},{"@type":"WebSite","@id":"https:\/\/mediaviestinta.fi\/#website","url":"https:\/\/mediaviestinta.fi\/","name":"Mevi","description":"Media- ja viestint\u00e4tieteellinen seura Mevi","publisher":{"@id":"https:\/\/mediaviestinta.fi\/#organization"},"potentialAction":[{"@type":"SearchAction","target":{"@type":"EntryPoint","urlTemplate":"https:\/\/mediaviestinta.fi\/?s={search_term_string}"},"query-input":{"@type":"PropertyValueSpecification","valueRequired":true,"valueName":"search_term_string"}}],"inLanguage":"fi"},{"@type":"Organization","@id":"https:\/\/mediaviestinta.fi\/#organization","name":"Media- ja viestint\u00e4tieteellinen seura Mevi","url":"https:\/\/mediaviestinta.fi\/","logo":{"@type":"ImageObject","inLanguage":"fi","@id":"https:\/\/mediaviestinta.fi\/#\/schema\/logo\/image\/","url":"https:\/\/mediaviestinta.fi\/mevi2020\/wp-content\/uploads\/2020\/03\/mevi-logo-RGB-Transparent.png","contentUrl":"https:\/\/mediaviestinta.fi\/mevi2020\/wp-content\/uploads\/2020\/03\/mevi-logo-RGB-Transparent.png","width":910,"height":464,"caption":"Media- ja viestint\u00e4tieteellinen seura Mevi"},"image":{"@id":"https:\/\/mediaviestinta.fi\/#\/schema\/logo\/image\/"},"sameAs":["https:\/\/www.facebook.com\/MediaViestinta\/","https:\/\/x.com\/mediaviestinta"]},{"@type":"Person","@id":"https:\/\/mediaviestinta.fi\/#\/schema\/person\/b2da34ab24cfcd17dbdd6c7cfb173257","name":"Mevi","image":{"@type":"ImageObject","inLanguage":"fi","@id":"https:\/\/secure.gravatar.com\/avatar\/3305b76d1667dc119a18808ed03d6a1fc2dfa8b6a1cddecb8c4d27ef14ec32ca?s=96&d=mm&r=g","url":"https:\/\/secure.gravatar.com\/avatar\/3305b76d1667dc119a18808ed03d6a1fc2dfa8b6a1cddecb8c4d27ef14ec32ca?s=96&d=mm&r=g","contentUrl":"https:\/\/secure.gravatar.com\/avatar\/3305b76d1667dc119a18808ed03d6a1fc2dfa8b6a1cddecb8c4d27ef14ec32ca?s=96&d=mm&r=g","caption":"Mevi"},"url":"https:\/\/mediaviestinta.fi\/mevi2020\/author\/mediavie\/"}]}},"_links":{"self":[{"href":"https:\/\/mediaviestinta.fi\/mevi2020\/wp-json\/wp\/v2\/posts\/3912","targetHints":{"allow":["GET"]}}],"collection":[{"href":"https:\/\/mediaviestinta.fi\/mevi2020\/wp-json\/wp\/v2\/posts"}],"about":[{"href":"https:\/\/mediaviestinta.fi\/mevi2020\/wp-json\/wp\/v2\/types\/post"}],"author":[{"embeddable":true,"href":"https:\/\/mediaviestinta.fi\/mevi2020\/wp-json\/wp\/v2\/users\/3"}],"replies":[{"embeddable":true,"href":"https:\/\/mediaviestinta.fi\/mevi2020\/wp-json\/wp\/v2\/comments?post=3912"}],"version-history":[{"count":2,"href":"https:\/\/mediaviestinta.fi\/mevi2020\/wp-json\/wp\/v2\/posts\/3912\/revisions"}],"predecessor-version":[{"id":4201,"href":"https:\/\/mediaviestinta.fi\/mevi2020\/wp-json\/wp\/v2\/posts\/3912\/revisions\/4201"}],"wp:featuredmedia":[{"embeddable":true,"href":"https:\/\/mediaviestinta.fi\/mevi2020\/wp-json\/wp\/v2\/media\/3660"}],"wp:attachment":[{"href":"https:\/\/mediaviestinta.fi\/mevi2020\/wp-json\/wp\/v2\/media?parent=3912"}],"wp:term":[{"taxonomy":"category","embeddable":true,"href":"https:\/\/mediaviestinta.fi\/mevi2020\/wp-json\/wp\/v2\/categories?post=3912"},{"taxonomy":"post_tag","embeddable":true,"href":"https:\/\/mediaviestinta.fi\/mevi2020\/wp-json\/wp\/v2\/tags?post=3912"}],"curies":[{"name":"wp","href":"https:\/\/api.w.org\/{rel}","templated":true}]}}