{"id":3914,"date":"2018-07-02T11:59:44","date_gmt":"2018-07-02T08:59:44","guid":{"rendered":"http:\/\/mediaviestinta.fi\/blogi\/?p=3718"},"modified":"2020-05-08T10:39:18","modified_gmt":"2020-05-08T07:39:18","slug":"esittelyssa-heikki-hellman-paula-haara","status":"publish","type":"post","link":"https:\/\/mediaviestinta.fi\/mevi2020\/2018\/07\/esittelyssa-heikki-hellman-paula-haara\/","title":{"rendered":"Esittelyss\u00e4 Heikki Hellman &#038; Paula Haara"},"content":{"rendered":"<p>Media &amp; viestinn\u00e4n numerosta 2\/2018 l\u00f6ytyy Heikki Hellmanin ja Paula Haaran artikkeli &#8221;<a href=\"https:\/\/journal.fi\/mediaviestinta\/article\/view\/73064\" target=\"_blank\" rel=\"noopener noreferrer\">Journalistit kulttuurisina v\u00e4litt\u00e4jin\u00e4: Mad Men -tv-sarjan legitimointi laatusarjana suomalaisessa lehdist\u00f6ss\u00e4 2008-2015<\/a>&#8221;.<\/p>\n<figure id=\"attachment_3719\" aria-describedby=\"caption-attachment-3719\" style=\"width: 300px\" class=\"wp-caption alignright\"><a href=\"https:\/\/mediaviestinta.fi\/mevi2020\/blogi\/wp-content\/uploads\/2018\/07\/Hellman.jpg\" rel=\"attachment wp-att-3719\"><img fetchpriority=\"high\" decoding=\"async\" class=\"wp-image-3719 size-medium\" src=\"https:\/\/mediaviestinta.fi\/mevi2020\/blogi\/wp-content\/uploads\/2018\/07\/Hellman-300x225.jpg\" alt=\"Heikki Hellman\" width=\"300\" height=\"225\" \/><\/a><figcaption id=\"caption-attachment-3719\" class=\"wp-caption-text\">Heikki Hellman<\/figcaption><\/figure>\n<p><strong>Mihin laajempaan ilmi\u00f6\u00f6n ja keskusteluun artikkelinne liittyy?\u00a0<\/strong><\/p>\n<p>Journalismin tutkimus on pitk\u00e4\u00e4n kohdistunut l\u00e4hinn\u00e4 kovaan uutisjournalismiin. Onneksi nyttemmin kiinnostus on kohdentunut enenev\u00e4sti my\u00f6s journalismin pehme\u00e4mpiin alueisiin, muun muassa kulttuurijournalismiin. T\u00e4ss\u00e4 me yrit\u00e4mme tuoda kulttuurijournalismin tutkimusta l\u00e4hemm\u00e4s kulttuurisosiologian yht\u00e4 keskeist\u00e4 lohkoa, jossa tarkastellaan kulttuurisen arvon tuotantoa &#8211; sit\u00e4 miten kulttuurin kent\u00e4ll\u00e4 luodaan k\u00e4sitys jonkin tuotteen, t\u00e4ss\u00e4 tapauksessa <i>Mad Men<\/i> -sarjan, laadusta ja kulttuurisesta legitimiteetist\u00e4.<\/p>\n<p><strong>Mik\u00e4 on artikkelinne keskeinen argumentti?\u00a0<\/strong><\/p>\n<p class=\"x_MsoNormal\">Vaikka kulttuurijournalistien ja kriitikoiden rooli legitiimin kulttuurin m\u00e4\u00e4rittelyss\u00e4 ei ehk\u00e4 en\u00e4\u00e4 olekaan yht\u00e4 merkitt\u00e4v\u00e4 kuin viel\u00e4 pari vuosikymment\u00e4 sitten, ovat he yh\u00e4 kulttuurituotteiden keskeisi\u00e4 portinvartijoita ja arvottajia yhteiskunnassa. Usein toimittajat ottavat &#8211; tahtoen tai tahtomattaan &#8211; osaa my\u00f6s niiden markkinointiin.<\/p>\n<p class=\"x_MsoNormal\">T\u00e4h\u00e4nastinen tutkimus on korostanut nimenomaan kritiikkien merkityst\u00e4. Hyvien kritiikkien on\u00a0 havaittu vaikuttavan paitsi esimerkiksi kirjojen ja elokuvien menekkiin my\u00f6s niiden kulttuuriseen arvostukseen. Me emme kuitenkaan tutki pelkki\u00e4 kritiikkej\u00e4, vaan meist\u00e4 my\u00f6s uutiset, haastattelut, kolumnit, jopa pinnalliset suositukset ja ohimennen tehdyt viittaukset voivat luoda k\u00e4sityst\u00e4 laadusta.<\/p>\n<p class=\"x_MsoNormal\">Kun nimek\u00e4s kriitikko esimerkiksi sanoo <i>Mad Menin<\/i> olevan liian &#8217;ylellinen ja fiksu ollakseen todellinenmassojen suosikki&#8217;, luodaan aika vahvaa kuvaa eksklusiivisesta laatusarjasta. Artikkelissa on paljon konkreettisia esimerkkej\u00e4 siit\u00e4, millaisin keinoin journalistit loivat laadun s\u00e4dekeh\u00e4\u00e4 sarjan ymp\u00e4rille.<\/p>\n<p class=\"x_MsoNormal\"><strong>Miksi tartuitte juuri Mad Meniin?\u00a0<\/strong><\/p>\n<figure id=\"attachment_3720\" aria-describedby=\"caption-attachment-3720\" style=\"width: 200px\" class=\"wp-caption alignright\"><a href=\"https:\/\/mediaviestinta.fi\/mevi2020\/blogi\/wp-content\/uploads\/2018\/07\/paula-haara-kuva.jpg\" rel=\"attachment wp-att-3720\"><img decoding=\"async\" class=\"wp-image-3720 size-medium\" src=\"https:\/\/mediaviestinta.fi\/mevi2020\/blogi\/wp-content\/uploads\/2018\/07\/paula-haara-kuva-200x300.jpg\" alt=\"Paula Haara\" width=\"200\" height=\"300\" \/><\/a><figcaption id=\"caption-attachment-3720\" class=\"wp-caption-text\">Paula Haara<\/figcaption><\/figure>\n<p class=\"x_MsoNormal\">No, se ei ollut yksin oma ideamme. Hanke oli osa <a id=\"LPlnk147967\" class=\"OWAAutoLink\" href=\"http:\/\/www.uta.fi\/cmt\/tutkimus\/comet\/tutkimus\/laadunrajat.html\">Norjan kulttuurineuvoston rahoittamaa ohjelmaa, jossa tutkittiin taiteellisen laadun rajoja ja m\u00e4\u00e4r\u00e4ytymist\u00e4<\/a>. Me olimme mukana ohjelmaan valitussa hankkeessa, jossa tutkittiin sarjan vastaanottoa ja saamaa arvostusta paitsi Suomessa my\u00f6s Ruotsissa, Norjassa ja Tanskassa. <i>Mad Men<\/i> ei ollut ainoa tutkimuskohde, mutta se valittiin mukaan,\u00a0 koska se on poikkeuksellisen pitk\u00e4\u00e4n jatkunut, palkittu ja kriitikkojen arvostama. Halusimme selvitt\u00e4\u00e4, miten populaarikulttuuria edustava televisiosarja muuttuu legitiimiksi kulttuuriksi ja samalla valottaa my\u00f6s television laatusarjoja ilmi\u00f6n\u00e4.<\/p>\n<p class=\"x_MsoNormal\">\n<p class=\"x_MsoNormal\"><strong>Kenen kannattaa lukea artikkelinne?<\/strong><\/p>\n<p class=\"x_MsoNormal\">Ainakin <i>Mad Meni\u00e4 <\/i>fanittaneita artikkeli saattaa kiinnostaa. Valitettavasti heit\u00e4 ei taida olla kovin paljon, sill\u00e4 kahdeksan esitysvuoden aikana sarjan katsojaluvut laskivat kuin lehm\u00e4n h\u00e4nt\u00e4, mik\u00e4 artikkelista my\u00f6s k\u00e4y ilmi. Journalismin argumentointitavoista kiinnostuneille artikkeli toivottavasti antaa avaimia hahmottaa journalistien usein huomaamatta j\u00e4\u00e4vi\u00e4 keinoja esitt\u00e4\u00e4 arvostuksia n\u00e4enn\u00e4isen neutraaleissakin teksteiss\u00e4.<\/p>\n","protected":false},"excerpt":{"rendered":"<p>Media &#038; viestinn\u00e4n numerosta 2\/2018 l\u00f6ytyy Heikki Hellmanin ja Paula Haaran artikkeli &#8221;Journalistit kulttuurisina v\u00e4litt\u00e4jin\u00e4: Mad Men -tv-sarjan legitimointi laatusarjana suomalaisessa lehdist\u00f6ss\u00e4 2008-2015&#8221;. Miksi juuri Mad Men, ja mit\u00e4 siit\u00e4 saatiin selville? Lue kirjoittajien kommentit! <\/p>\n","protected":false},"author":3,"featured_media":0,"comment_status":"closed","ping_status":"closed","sticky":false,"template":"","format":"standard","meta":{"_monsterinsights_skip_tracking":false,"_monsterinsights_sitenote_active":false,"_monsterinsights_sitenote_note":"","_monsterinsights_sitenote_category":0,"footnotes":""},"categories":[76,1],"tags":[],"class_list":["post-3914","post","type-post","status-publish","format-standard","has-post-thumbnail","hentry","category-ajankohtaista","category-yleinen"],"yoast_head":"<!-- This site is optimized with the Yoast SEO plugin v27.5 - https:\/\/yoast.com\/product\/yoast-seo-wordpress\/ -->\n<title>Esittelyss\u00e4 Heikki Hellman &amp; Paula Haara &#8211; Mevi<\/title>\n<meta name=\"robots\" content=\"index, follow, max-snippet:-1, max-image-preview:large, max-video-preview:-1\" \/>\n<link rel=\"canonical\" href=\"https:\/\/mediaviestinta.fi\/mevi2020\/2018\/07\/esittelyssa-heikki-hellman-paula-haara\/\" \/>\n<meta property=\"og:locale\" content=\"fi_FI\" \/>\n<meta property=\"og:type\" content=\"article\" \/>\n<meta property=\"og:title\" content=\"Esittelyss\u00e4 Heikki Hellman &amp; Paula Haara &#8211; Mevi\" \/>\n<meta property=\"og:description\" content=\"Media &amp; viestinn\u00e4n numerosta 2\/2018 l\u00f6ytyy Heikki Hellmanin ja Paula Haaran artikkeli &quot;Journalistit kulttuurisina v\u00e4litt\u00e4jin\u00e4: Mad Men -tv-sarjan legitimointi laatusarjana suomalaisessa lehdist\u00f6ss\u00e4 2008-2015&quot;. Miksi juuri Mad Men, ja mit\u00e4 siit\u00e4 saatiin selville? Lue kirjoittajien kommentit!\" \/>\n<meta property=\"og:url\" content=\"https:\/\/mediaviestinta.fi\/mevi2020\/2018\/07\/esittelyssa-heikki-hellman-paula-haara\/\" \/>\n<meta property=\"og:site_name\" content=\"Mevi\" \/>\n<meta property=\"article:publisher\" content=\"https:\/\/www.facebook.com\/MediaViestinta\/\" \/>\n<meta property=\"article:published_time\" content=\"2018-07-02T08:59:44+00:00\" \/>\n<meta property=\"article:modified_time\" content=\"2020-05-08T07:39:18+00:00\" \/>\n<meta property=\"og:image\" content=\"https:\/\/mediaviestinta.fi\/mevi2020\/blogi\/wp-content\/uploads\/2018\/07\/Hellman-300x225.jpg\" \/>\n<meta name=\"author\" content=\"Mevi\" \/>\n<meta name=\"twitter:card\" content=\"summary_large_image\" \/>\n<meta name=\"twitter:creator\" content=\"@mediaviestinta\" \/>\n<meta name=\"twitter:site\" content=\"@mediaviestinta\" \/>\n<meta name=\"twitter:label1\" content=\"Kirjoittanut\" \/>\n\t<meta name=\"twitter:data1\" content=\"Mevi\" \/>\n\t<meta name=\"twitter:label2\" content=\"Arvioitu lukuaika\" \/>\n\t<meta name=\"twitter:data2\" content=\"2 minuuttia\" \/>\n<script type=\"application\/ld+json\" class=\"yoast-schema-graph\">{\"@context\":\"https:\\\/\\\/schema.org\",\"@graph\":[{\"@type\":\"Article\",\"@id\":\"https:\\\/\\\/mediaviestinta.fi\\\/mevi2020\\\/2018\\\/07\\\/esittelyssa-heikki-hellman-paula-haara\\\/#article\",\"isPartOf\":{\"@id\":\"https:\\\/\\\/mediaviestinta.fi\\\/mevi2020\\\/2018\\\/07\\\/esittelyssa-heikki-hellman-paula-haara\\\/\"},\"author\":{\"name\":\"Mevi\",\"@id\":\"https:\\\/\\\/mediaviestinta.fi\\\/#\\\/schema\\\/person\\\/b2da34ab24cfcd17dbdd6c7cfb173257\"},\"headline\":\"Esittelyss\u00e4 Heikki Hellman &#038; Paula Haara\",\"datePublished\":\"2018-07-02T08:59:44+00:00\",\"dateModified\":\"2020-05-08T07:39:18+00:00\",\"mainEntityOfPage\":{\"@id\":\"https:\\\/\\\/mediaviestinta.fi\\\/mevi2020\\\/2018\\\/07\\\/esittelyssa-heikki-hellman-paula-haara\\\/\"},\"wordCount\":407,\"publisher\":{\"@id\":\"https:\\\/\\\/mediaviestinta.fi\\\/#organization\"},\"image\":{\"@id\":\"https:\\\/\\\/mediaviestinta.fi\\\/mevi2020\\\/2018\\\/07\\\/esittelyssa-heikki-hellman-paula-haara\\\/#primaryimage\"},\"thumbnailUrl\":\"https:\\\/\\\/mediaviestinta.fi\\\/mevi2020\\\/blogi\\\/wp-content\\\/uploads\\\/2018\\\/07\\\/Hellman-300x225.jpg\",\"articleSection\":[\"Ajankohtaista\"],\"inLanguage\":\"fi\"},{\"@type\":\"WebPage\",\"@id\":\"https:\\\/\\\/mediaviestinta.fi\\\/mevi2020\\\/2018\\\/07\\\/esittelyssa-heikki-hellman-paula-haara\\\/\",\"url\":\"https:\\\/\\\/mediaviestinta.fi\\\/mevi2020\\\/2018\\\/07\\\/esittelyssa-heikki-hellman-paula-haara\\\/\",\"name\":\"Esittelyss\u00e4 Heikki Hellman & Paula Haara &#8211; Mevi\",\"isPartOf\":{\"@id\":\"https:\\\/\\\/mediaviestinta.fi\\\/#website\"},\"primaryImageOfPage\":{\"@id\":\"https:\\\/\\\/mediaviestinta.fi\\\/mevi2020\\\/2018\\\/07\\\/esittelyssa-heikki-hellman-paula-haara\\\/#primaryimage\"},\"image\":{\"@id\":\"https:\\\/\\\/mediaviestinta.fi\\\/mevi2020\\\/2018\\\/07\\\/esittelyssa-heikki-hellman-paula-haara\\\/#primaryimage\"},\"thumbnailUrl\":\"https:\\\/\\\/mediaviestinta.fi\\\/mevi2020\\\/blogi\\\/wp-content\\\/uploads\\\/2018\\\/07\\\/Hellman-300x225.jpg\",\"datePublished\":\"2018-07-02T08:59:44+00:00\",\"dateModified\":\"2020-05-08T07:39:18+00:00\",\"breadcrumb\":{\"@id\":\"https:\\\/\\\/mediaviestinta.fi\\\/mevi2020\\\/2018\\\/07\\\/esittelyssa-heikki-hellman-paula-haara\\\/#breadcrumb\"},\"inLanguage\":\"fi\",\"potentialAction\":[{\"@type\":\"ReadAction\",\"target\":[\"https:\\\/\\\/mediaviestinta.fi\\\/mevi2020\\\/2018\\\/07\\\/esittelyssa-heikki-hellman-paula-haara\\\/\"]}]},{\"@type\":\"ImageObject\",\"inLanguage\":\"fi\",\"@id\":\"https:\\\/\\\/mediaviestinta.fi\\\/mevi2020\\\/2018\\\/07\\\/esittelyssa-heikki-hellman-paula-haara\\\/#primaryimage\",\"url\":\"https:\\\/\\\/mediaviestinta.fi\\\/mevi2020\\\/blogi\\\/wp-content\\\/uploads\\\/2018\\\/07\\\/Hellman-300x225.jpg\",\"contentUrl\":\"https:\\\/\\\/mediaviestinta.fi\\\/mevi2020\\\/blogi\\\/wp-content\\\/uploads\\\/2018\\\/07\\\/Hellman-300x225.jpg\"},{\"@type\":\"BreadcrumbList\",\"@id\":\"https:\\\/\\\/mediaviestinta.fi\\\/mevi2020\\\/2018\\\/07\\\/esittelyssa-heikki-hellman-paula-haara\\\/#breadcrumb\",\"itemListElement\":[{\"@type\":\"ListItem\",\"position\":1,\"name\":\"Home\",\"item\":\"https:\\\/\\\/mediaviestinta.fi\\\/\"},{\"@type\":\"ListItem\",\"position\":2,\"name\":\"Esittelyss\u00e4 Heikki Hellman &#038; Paula Haara\"}]},{\"@type\":\"WebSite\",\"@id\":\"https:\\\/\\\/mediaviestinta.fi\\\/#website\",\"url\":\"https:\\\/\\\/mediaviestinta.fi\\\/\",\"name\":\"Mevi\",\"description\":\"Media- ja viestint\u00e4tieteellinen seura Mevi\",\"publisher\":{\"@id\":\"https:\\\/\\\/mediaviestinta.fi\\\/#organization\"},\"potentialAction\":[{\"@type\":\"SearchAction\",\"target\":{\"@type\":\"EntryPoint\",\"urlTemplate\":\"https:\\\/\\\/mediaviestinta.fi\\\/?s={search_term_string}\"},\"query-input\":{\"@type\":\"PropertyValueSpecification\",\"valueRequired\":true,\"valueName\":\"search_term_string\"}}],\"inLanguage\":\"fi\"},{\"@type\":\"Organization\",\"@id\":\"https:\\\/\\\/mediaviestinta.fi\\\/#organization\",\"name\":\"Media- ja viestint\u00e4tieteellinen seura Mevi\",\"url\":\"https:\\\/\\\/mediaviestinta.fi\\\/\",\"logo\":{\"@type\":\"ImageObject\",\"inLanguage\":\"fi\",\"@id\":\"https:\\\/\\\/mediaviestinta.fi\\\/#\\\/schema\\\/logo\\\/image\\\/\",\"url\":\"https:\\\/\\\/mediaviestinta.fi\\\/mevi2020\\\/wp-content\\\/uploads\\\/2020\\\/03\\\/mevi-logo-RGB-Transparent.png\",\"contentUrl\":\"https:\\\/\\\/mediaviestinta.fi\\\/mevi2020\\\/wp-content\\\/uploads\\\/2020\\\/03\\\/mevi-logo-RGB-Transparent.png\",\"width\":910,\"height\":464,\"caption\":\"Media- ja viestint\u00e4tieteellinen seura Mevi\"},\"image\":{\"@id\":\"https:\\\/\\\/mediaviestinta.fi\\\/#\\\/schema\\\/logo\\\/image\\\/\"},\"sameAs\":[\"https:\\\/\\\/www.facebook.com\\\/MediaViestinta\\\/\",\"https:\\\/\\\/x.com\\\/mediaviestinta\"]},{\"@type\":\"Person\",\"@id\":\"https:\\\/\\\/mediaviestinta.fi\\\/#\\\/schema\\\/person\\\/b2da34ab24cfcd17dbdd6c7cfb173257\",\"name\":\"Mevi\",\"image\":{\"@type\":\"ImageObject\",\"inLanguage\":\"fi\",\"@id\":\"https:\\\/\\\/secure.gravatar.com\\\/avatar\\\/3305b76d1667dc119a18808ed03d6a1fc2dfa8b6a1cddecb8c4d27ef14ec32ca?s=96&d=mm&r=g\",\"url\":\"https:\\\/\\\/secure.gravatar.com\\\/avatar\\\/3305b76d1667dc119a18808ed03d6a1fc2dfa8b6a1cddecb8c4d27ef14ec32ca?s=96&d=mm&r=g\",\"contentUrl\":\"https:\\\/\\\/secure.gravatar.com\\\/avatar\\\/3305b76d1667dc119a18808ed03d6a1fc2dfa8b6a1cddecb8c4d27ef14ec32ca?s=96&d=mm&r=g\",\"caption\":\"Mevi\"},\"url\":\"https:\\\/\\\/mediaviestinta.fi\\\/mevi2020\\\/author\\\/mediavie\\\/\"}]}<\/script>\n<!-- \/ Yoast SEO plugin. -->","yoast_head_json":{"title":"Esittelyss\u00e4 Heikki Hellman & Paula Haara &#8211; Mevi","robots":{"index":"index","follow":"follow","max-snippet":"max-snippet:-1","max-image-preview":"max-image-preview:large","max-video-preview":"max-video-preview:-1"},"canonical":"https:\/\/mediaviestinta.fi\/mevi2020\/2018\/07\/esittelyssa-heikki-hellman-paula-haara\/","og_locale":"fi_FI","og_type":"article","og_title":"Esittelyss\u00e4 Heikki Hellman & Paula Haara &#8211; Mevi","og_description":"Media & viestinn\u00e4n numerosta 2\/2018 l\u00f6ytyy Heikki Hellmanin ja Paula Haaran artikkeli \"Journalistit kulttuurisina v\u00e4litt\u00e4jin\u00e4: Mad Men -tv-sarjan legitimointi laatusarjana suomalaisessa lehdist\u00f6ss\u00e4 2008-2015\". Miksi juuri Mad Men, ja mit\u00e4 siit\u00e4 saatiin selville? Lue kirjoittajien kommentit!","og_url":"https:\/\/mediaviestinta.fi\/mevi2020\/2018\/07\/esittelyssa-heikki-hellman-paula-haara\/","og_site_name":"Mevi","article_publisher":"https:\/\/www.facebook.com\/MediaViestinta\/","article_published_time":"2018-07-02T08:59:44+00:00","article_modified_time":"2020-05-08T07:39:18+00:00","og_image":[{"url":"https:\/\/mediaviestinta.fi\/mevi2020\/blogi\/wp-content\/uploads\/2018\/07\/Hellman-300x225.jpg","type":"","width":"","height":""}],"author":"Mevi","twitter_card":"summary_large_image","twitter_creator":"@mediaviestinta","twitter_site":"@mediaviestinta","twitter_misc":{"Kirjoittanut":"Mevi","Arvioitu lukuaika":"2 minuuttia"},"schema":{"@context":"https:\/\/schema.org","@graph":[{"@type":"Article","@id":"https:\/\/mediaviestinta.fi\/mevi2020\/2018\/07\/esittelyssa-heikki-hellman-paula-haara\/#article","isPartOf":{"@id":"https:\/\/mediaviestinta.fi\/mevi2020\/2018\/07\/esittelyssa-heikki-hellman-paula-haara\/"},"author":{"name":"Mevi","@id":"https:\/\/mediaviestinta.fi\/#\/schema\/person\/b2da34ab24cfcd17dbdd6c7cfb173257"},"headline":"Esittelyss\u00e4 Heikki Hellman &#038; Paula Haara","datePublished":"2018-07-02T08:59:44+00:00","dateModified":"2020-05-08T07:39:18+00:00","mainEntityOfPage":{"@id":"https:\/\/mediaviestinta.fi\/mevi2020\/2018\/07\/esittelyssa-heikki-hellman-paula-haara\/"},"wordCount":407,"publisher":{"@id":"https:\/\/mediaviestinta.fi\/#organization"},"image":{"@id":"https:\/\/mediaviestinta.fi\/mevi2020\/2018\/07\/esittelyssa-heikki-hellman-paula-haara\/#primaryimage"},"thumbnailUrl":"https:\/\/mediaviestinta.fi\/mevi2020\/blogi\/wp-content\/uploads\/2018\/07\/Hellman-300x225.jpg","articleSection":["Ajankohtaista"],"inLanguage":"fi"},{"@type":"WebPage","@id":"https:\/\/mediaviestinta.fi\/mevi2020\/2018\/07\/esittelyssa-heikki-hellman-paula-haara\/","url":"https:\/\/mediaviestinta.fi\/mevi2020\/2018\/07\/esittelyssa-heikki-hellman-paula-haara\/","name":"Esittelyss\u00e4 Heikki Hellman & Paula Haara &#8211; Mevi","isPartOf":{"@id":"https:\/\/mediaviestinta.fi\/#website"},"primaryImageOfPage":{"@id":"https:\/\/mediaviestinta.fi\/mevi2020\/2018\/07\/esittelyssa-heikki-hellman-paula-haara\/#primaryimage"},"image":{"@id":"https:\/\/mediaviestinta.fi\/mevi2020\/2018\/07\/esittelyssa-heikki-hellman-paula-haara\/#primaryimage"},"thumbnailUrl":"https:\/\/mediaviestinta.fi\/mevi2020\/blogi\/wp-content\/uploads\/2018\/07\/Hellman-300x225.jpg","datePublished":"2018-07-02T08:59:44+00:00","dateModified":"2020-05-08T07:39:18+00:00","breadcrumb":{"@id":"https:\/\/mediaviestinta.fi\/mevi2020\/2018\/07\/esittelyssa-heikki-hellman-paula-haara\/#breadcrumb"},"inLanguage":"fi","potentialAction":[{"@type":"ReadAction","target":["https:\/\/mediaviestinta.fi\/mevi2020\/2018\/07\/esittelyssa-heikki-hellman-paula-haara\/"]}]},{"@type":"ImageObject","inLanguage":"fi","@id":"https:\/\/mediaviestinta.fi\/mevi2020\/2018\/07\/esittelyssa-heikki-hellman-paula-haara\/#primaryimage","url":"https:\/\/mediaviestinta.fi\/mevi2020\/blogi\/wp-content\/uploads\/2018\/07\/Hellman-300x225.jpg","contentUrl":"https:\/\/mediaviestinta.fi\/mevi2020\/blogi\/wp-content\/uploads\/2018\/07\/Hellman-300x225.jpg"},{"@type":"BreadcrumbList","@id":"https:\/\/mediaviestinta.fi\/mevi2020\/2018\/07\/esittelyssa-heikki-hellman-paula-haara\/#breadcrumb","itemListElement":[{"@type":"ListItem","position":1,"name":"Home","item":"https:\/\/mediaviestinta.fi\/"},{"@type":"ListItem","position":2,"name":"Esittelyss\u00e4 Heikki Hellman &#038; Paula Haara"}]},{"@type":"WebSite","@id":"https:\/\/mediaviestinta.fi\/#website","url":"https:\/\/mediaviestinta.fi\/","name":"Mevi","description":"Media- ja viestint\u00e4tieteellinen seura Mevi","publisher":{"@id":"https:\/\/mediaviestinta.fi\/#organization"},"potentialAction":[{"@type":"SearchAction","target":{"@type":"EntryPoint","urlTemplate":"https:\/\/mediaviestinta.fi\/?s={search_term_string}"},"query-input":{"@type":"PropertyValueSpecification","valueRequired":true,"valueName":"search_term_string"}}],"inLanguage":"fi"},{"@type":"Organization","@id":"https:\/\/mediaviestinta.fi\/#organization","name":"Media- ja viestint\u00e4tieteellinen seura Mevi","url":"https:\/\/mediaviestinta.fi\/","logo":{"@type":"ImageObject","inLanguage":"fi","@id":"https:\/\/mediaviestinta.fi\/#\/schema\/logo\/image\/","url":"https:\/\/mediaviestinta.fi\/mevi2020\/wp-content\/uploads\/2020\/03\/mevi-logo-RGB-Transparent.png","contentUrl":"https:\/\/mediaviestinta.fi\/mevi2020\/wp-content\/uploads\/2020\/03\/mevi-logo-RGB-Transparent.png","width":910,"height":464,"caption":"Media- ja viestint\u00e4tieteellinen seura Mevi"},"image":{"@id":"https:\/\/mediaviestinta.fi\/#\/schema\/logo\/image\/"},"sameAs":["https:\/\/www.facebook.com\/MediaViestinta\/","https:\/\/x.com\/mediaviestinta"]},{"@type":"Person","@id":"https:\/\/mediaviestinta.fi\/#\/schema\/person\/b2da34ab24cfcd17dbdd6c7cfb173257","name":"Mevi","image":{"@type":"ImageObject","inLanguage":"fi","@id":"https:\/\/secure.gravatar.com\/avatar\/3305b76d1667dc119a18808ed03d6a1fc2dfa8b6a1cddecb8c4d27ef14ec32ca?s=96&d=mm&r=g","url":"https:\/\/secure.gravatar.com\/avatar\/3305b76d1667dc119a18808ed03d6a1fc2dfa8b6a1cddecb8c4d27ef14ec32ca?s=96&d=mm&r=g","contentUrl":"https:\/\/secure.gravatar.com\/avatar\/3305b76d1667dc119a18808ed03d6a1fc2dfa8b6a1cddecb8c4d27ef14ec32ca?s=96&d=mm&r=g","caption":"Mevi"},"url":"https:\/\/mediaviestinta.fi\/mevi2020\/author\/mediavie\/"}]}},"_links":{"self":[{"href":"https:\/\/mediaviestinta.fi\/mevi2020\/wp-json\/wp\/v2\/posts\/3914","targetHints":{"allow":["GET"]}}],"collection":[{"href":"https:\/\/mediaviestinta.fi\/mevi2020\/wp-json\/wp\/v2\/posts"}],"about":[{"href":"https:\/\/mediaviestinta.fi\/mevi2020\/wp-json\/wp\/v2\/types\/post"}],"author":[{"embeddable":true,"href":"https:\/\/mediaviestinta.fi\/mevi2020\/wp-json\/wp\/v2\/users\/3"}],"replies":[{"embeddable":true,"href":"https:\/\/mediaviestinta.fi\/mevi2020\/wp-json\/wp\/v2\/comments?post=3914"}],"version-history":[{"count":2,"href":"https:\/\/mediaviestinta.fi\/mevi2020\/wp-json\/wp\/v2\/posts\/3914\/revisions"}],"predecessor-version":[{"id":4219,"href":"https:\/\/mediaviestinta.fi\/mevi2020\/wp-json\/wp\/v2\/posts\/3914\/revisions\/4219"}],"wp:attachment":[{"href":"https:\/\/mediaviestinta.fi\/mevi2020\/wp-json\/wp\/v2\/media?parent=3914"}],"wp:term":[{"taxonomy":"category","embeddable":true,"href":"https:\/\/mediaviestinta.fi\/mevi2020\/wp-json\/wp\/v2\/categories?post=3914"},{"taxonomy":"post_tag","embeddable":true,"href":"https:\/\/mediaviestinta.fi\/mevi2020\/wp-json\/wp\/v2\/tags?post=3914"}],"curies":[{"name":"wp","href":"https:\/\/api.w.org\/{rel}","templated":true}]}}