{"id":3915,"date":"2018-07-04T09:38:06","date_gmt":"2018-07-04T06:38:06","guid":{"rendered":"http:\/\/mediaviestinta.fi\/blogi\/?p=3729"},"modified":"2020-05-08T10:39:18","modified_gmt":"2020-05-08T07:39:18","slug":"video-jukka-pekka-puro","status":"publish","type":"post","link":"https:\/\/mediaviestinta.fi\/mevi2020\/2018\/07\/video-jukka-pekka-puro\/","title":{"rendered":"Video: Jukka-Pekka Puro"},"content":{"rendered":"<p><a href=\"https:\/\/journal.fi\/mediaviestinta\/issue\/view\/5192\" target=\"_blank\" rel=\"noopener noreferrer\">Media &amp; viestinn\u00e4n numerossa&nbsp;2\/2018<\/a> Jukka-Pekka Puro kirjoittaa poliitikkojen tavasta blokata eli est\u00e4\u00e4 seuraajiaan&nbsp;Twitteriss\u00e4 artikkelissa &#8221;<a href=\"https:\/\/journal.fi\/mediaviestinta\/article\/view\/73065\" target=\"_blank\" rel=\"noopener noreferrer\">&#8217;Ei meid\u00e4n tarvitse huutaa toisillemme p\u00e4in naamaa&#8217;: Blokkaaminen poliittisen ja yhteiskunnallisen keskustelun j\u00e4nnitteen\u00e4<\/a>&#8221;. Puron aineisto liittyy vuoden 2017 kunnallisvaaleihin, ja h\u00e4nen mielest\u00e4\u00e4n poliitikkojen ja puolueiden olisi syyt\u00e4 k\u00e4yd\u00e4 keskustelua somen pelis\u00e4\u00e4nn\u00f6ist\u00e4 ennen seuraavia vaaleja &#8211; erilaisia &#8221;someoperaatioita&#8221; kun on odotettavissa jatkossakin.&nbsp;Katso videolta, mit\u00e4 JiiPee itse kertoo tutkimuksestaan ja lue koko artikkeli&nbsp;verkkolehdest\u00e4mme!<\/p>\n<p><iframe title=\"Media &amp; viestint\u00e4 2\/2018: Jukka-Pekka Puro\" width=\"580\" height=\"326\" src=\"https:\/\/www.youtube.com\/embed\/AC60zuf8gQs?feature=oembed\" frameborder=\"0\" allow=\"accelerometer; autoplay; clipboard-write; encrypted-media; gyroscope; picture-in-picture; web-share\" referrerpolicy=\"strict-origin-when-cross-origin\" allowfullscreen><\/iframe><\/p>\n","protected":false},"excerpt":{"rendered":"<p>Media &#038; viestinn\u00e4n numerossa 2\/2018 Jukka-Pekka Puro kirjoittaa poliitikkojen tavasta blokata eli est\u00e4\u00e4 seuraajiaan Twitteriss\u00e4 artikkelissa &#8221;&#8217;Ei meid\u00e4n tarvitse huutaa toisillemme p\u00e4in naamaa&#8217;: Blokkaaminen poliittisen ja yhteiskunnallisen keskustelun j\u00e4nnitteen\u00e4&#8221;. Puron aineisto liittyy vuoden 2017 kunnallisvaaleihin, ja h\u00e4nen mielest\u00e4\u00e4n poliitikkojen ja puolueiden olisi syyt\u00e4 k\u00e4yd\u00e4 keskustelua somen pelis\u00e4\u00e4nn\u00f6ist\u00e4 ennen seuraavia vaaleja &#8211; erilaisia &#8221;someoperaatioita&#8221; kun on odotettavissa jatkossakin. Katso videolta, mit\u00e4 JiiPee itse kertoo tutkimuksestaan ja lue koko artikkeli verkkolehdest\u00e4mme! <\/p>\n","protected":false},"author":3,"featured_media":0,"comment_status":"closed","ping_status":"closed","sticky":false,"template":"","format":"standard","meta":{"_monsterinsights_skip_tracking":false,"_monsterinsights_sitenote_active":false,"_monsterinsights_sitenote_note":"","_monsterinsights_sitenote_category":0,"footnotes":""},"categories":[76,1],"tags":[],"class_list":["post-3915","post","type-post","status-publish","format-standard","has-post-thumbnail","hentry","category-ajankohtaista","category-yleinen"],"yoast_head":"<!-- This site is optimized with the Yoast SEO plugin v27.5 - https:\/\/yoast.com\/product\/yoast-seo-wordpress\/ -->\n<title>Video: Jukka-Pekka Puro &#8211; Mevi<\/title>\n<meta name=\"robots\" content=\"index, follow, max-snippet:-1, max-image-preview:large, max-video-preview:-1\" \/>\n<link rel=\"canonical\" href=\"https:\/\/mediaviestinta.fi\/mevi2020\/2018\/07\/video-jukka-pekka-puro\/\" \/>\n<meta property=\"og:locale\" content=\"fi_FI\" \/>\n<meta property=\"og:type\" content=\"article\" \/>\n<meta property=\"og:title\" content=\"Video: Jukka-Pekka Puro &#8211; Mevi\" \/>\n<meta property=\"og:description\" content=\"Media &amp; viestinn\u00e4n numerossa 2\/2018 Jukka-Pekka Puro kirjoittaa poliitikkojen tavasta blokata eli est\u00e4\u00e4 seuraajiaan Twitteriss\u00e4 artikkelissa &quot;&#039;Ei meid\u00e4n tarvitse huutaa toisillemme p\u00e4in naamaa&#039;: Blokkaaminen poliittisen ja yhteiskunnallisen keskustelun j\u00e4nnitteen\u00e4&quot;. Puron aineisto liittyy vuoden 2017 kunnallisvaaleihin, ja h\u00e4nen mielest\u00e4\u00e4n poliitikkojen ja puolueiden olisi syyt\u00e4 k\u00e4yd\u00e4 keskustelua somen pelis\u00e4\u00e4nn\u00f6ist\u00e4 ennen seuraavia vaaleja - erilaisia &quot;someoperaatioita&quot; kun on odotettavissa jatkossakin. Katso videolta, mit\u00e4 JiiPee itse kertoo tutkimuksestaan ja lue koko artikkeli verkkolehdest\u00e4mme!\" \/>\n<meta property=\"og:url\" content=\"https:\/\/mediaviestinta.fi\/mevi2020\/2018\/07\/video-jukka-pekka-puro\/\" \/>\n<meta property=\"og:site_name\" content=\"Mevi\" \/>\n<meta property=\"article:publisher\" content=\"https:\/\/www.facebook.com\/MediaViestinta\/\" \/>\n<meta property=\"article:published_time\" content=\"2018-07-04T06:38:06+00:00\" \/>\n<meta property=\"article:modified_time\" content=\"2020-05-08T07:39:18+00:00\" \/>\n<meta name=\"author\" content=\"Mevi\" \/>\n<meta name=\"twitter:card\" content=\"summary_large_image\" \/>\n<meta name=\"twitter:creator\" content=\"@mediaviestinta\" \/>\n<meta name=\"twitter:site\" content=\"@mediaviestinta\" \/>\n<meta name=\"twitter:label1\" content=\"Kirjoittanut\" \/>\n\t<meta name=\"twitter:data1\" content=\"Mevi\" \/>\n<script type=\"application\/ld+json\" class=\"yoast-schema-graph\">{\"@context\":\"https:\\\/\\\/schema.org\",\"@graph\":[{\"@type\":\"Article\",\"@id\":\"https:\\\/\\\/mediaviestinta.fi\\\/mevi2020\\\/2018\\\/07\\\/video-jukka-pekka-puro\\\/#article\",\"isPartOf\":{\"@id\":\"https:\\\/\\\/mediaviestinta.fi\\\/mevi2020\\\/2018\\\/07\\\/video-jukka-pekka-puro\\\/\"},\"author\":{\"name\":\"Mevi\",\"@id\":\"https:\\\/\\\/mediaviestinta.fi\\\/#\\\/schema\\\/person\\\/b2da34ab24cfcd17dbdd6c7cfb173257\"},\"headline\":\"Video: Jukka-Pekka Puro\",\"datePublished\":\"2018-07-04T06:38:06+00:00\",\"dateModified\":\"2020-05-08T07:39:18+00:00\",\"mainEntityOfPage\":{\"@id\":\"https:\\\/\\\/mediaviestinta.fi\\\/mevi2020\\\/2018\\\/07\\\/video-jukka-pekka-puro\\\/\"},\"wordCount\":93,\"publisher\":{\"@id\":\"https:\\\/\\\/mediaviestinta.fi\\\/#organization\"},\"articleSection\":[\"Ajankohtaista\"],\"inLanguage\":\"fi\"},{\"@type\":\"WebPage\",\"@id\":\"https:\\\/\\\/mediaviestinta.fi\\\/mevi2020\\\/2018\\\/07\\\/video-jukka-pekka-puro\\\/\",\"url\":\"https:\\\/\\\/mediaviestinta.fi\\\/mevi2020\\\/2018\\\/07\\\/video-jukka-pekka-puro\\\/\",\"name\":\"Video: Jukka-Pekka Puro &#8211; Mevi\",\"isPartOf\":{\"@id\":\"https:\\\/\\\/mediaviestinta.fi\\\/#website\"},\"datePublished\":\"2018-07-04T06:38:06+00:00\",\"dateModified\":\"2020-05-08T07:39:18+00:00\",\"breadcrumb\":{\"@id\":\"https:\\\/\\\/mediaviestinta.fi\\\/mevi2020\\\/2018\\\/07\\\/video-jukka-pekka-puro\\\/#breadcrumb\"},\"inLanguage\":\"fi\",\"potentialAction\":[{\"@type\":\"ReadAction\",\"target\":[\"https:\\\/\\\/mediaviestinta.fi\\\/mevi2020\\\/2018\\\/07\\\/video-jukka-pekka-puro\\\/\"]}]},{\"@type\":\"BreadcrumbList\",\"@id\":\"https:\\\/\\\/mediaviestinta.fi\\\/mevi2020\\\/2018\\\/07\\\/video-jukka-pekka-puro\\\/#breadcrumb\",\"itemListElement\":[{\"@type\":\"ListItem\",\"position\":1,\"name\":\"Home\",\"item\":\"https:\\\/\\\/mediaviestinta.fi\\\/\"},{\"@type\":\"ListItem\",\"position\":2,\"name\":\"Video: Jukka-Pekka Puro\"}]},{\"@type\":\"WebSite\",\"@id\":\"https:\\\/\\\/mediaviestinta.fi\\\/#website\",\"url\":\"https:\\\/\\\/mediaviestinta.fi\\\/\",\"name\":\"Mevi\",\"description\":\"Media- ja viestint\u00e4tieteellinen seura Mevi\",\"publisher\":{\"@id\":\"https:\\\/\\\/mediaviestinta.fi\\\/#organization\"},\"potentialAction\":[{\"@type\":\"SearchAction\",\"target\":{\"@type\":\"EntryPoint\",\"urlTemplate\":\"https:\\\/\\\/mediaviestinta.fi\\\/?s={search_term_string}\"},\"query-input\":{\"@type\":\"PropertyValueSpecification\",\"valueRequired\":true,\"valueName\":\"search_term_string\"}}],\"inLanguage\":\"fi\"},{\"@type\":\"Organization\",\"@id\":\"https:\\\/\\\/mediaviestinta.fi\\\/#organization\",\"name\":\"Media- ja viestint\u00e4tieteellinen seura Mevi\",\"url\":\"https:\\\/\\\/mediaviestinta.fi\\\/\",\"logo\":{\"@type\":\"ImageObject\",\"inLanguage\":\"fi\",\"@id\":\"https:\\\/\\\/mediaviestinta.fi\\\/#\\\/schema\\\/logo\\\/image\\\/\",\"url\":\"https:\\\/\\\/mediaviestinta.fi\\\/mevi2020\\\/wp-content\\\/uploads\\\/2020\\\/03\\\/mevi-logo-RGB-Transparent.png\",\"contentUrl\":\"https:\\\/\\\/mediaviestinta.fi\\\/mevi2020\\\/wp-content\\\/uploads\\\/2020\\\/03\\\/mevi-logo-RGB-Transparent.png\",\"width\":910,\"height\":464,\"caption\":\"Media- ja viestint\u00e4tieteellinen seura Mevi\"},\"image\":{\"@id\":\"https:\\\/\\\/mediaviestinta.fi\\\/#\\\/schema\\\/logo\\\/image\\\/\"},\"sameAs\":[\"https:\\\/\\\/www.facebook.com\\\/MediaViestinta\\\/\",\"https:\\\/\\\/x.com\\\/mediaviestinta\"]},{\"@type\":\"Person\",\"@id\":\"https:\\\/\\\/mediaviestinta.fi\\\/#\\\/schema\\\/person\\\/b2da34ab24cfcd17dbdd6c7cfb173257\",\"name\":\"Mevi\",\"image\":{\"@type\":\"ImageObject\",\"inLanguage\":\"fi\",\"@id\":\"https:\\\/\\\/secure.gravatar.com\\\/avatar\\\/3305b76d1667dc119a18808ed03d6a1fc2dfa8b6a1cddecb8c4d27ef14ec32ca?s=96&d=mm&r=g\",\"url\":\"https:\\\/\\\/secure.gravatar.com\\\/avatar\\\/3305b76d1667dc119a18808ed03d6a1fc2dfa8b6a1cddecb8c4d27ef14ec32ca?s=96&d=mm&r=g\",\"contentUrl\":\"https:\\\/\\\/secure.gravatar.com\\\/avatar\\\/3305b76d1667dc119a18808ed03d6a1fc2dfa8b6a1cddecb8c4d27ef14ec32ca?s=96&d=mm&r=g\",\"caption\":\"Mevi\"},\"url\":\"https:\\\/\\\/mediaviestinta.fi\\\/mevi2020\\\/author\\\/mediavie\\\/\"}]}<\/script>\n<!-- \/ Yoast SEO plugin. -->","yoast_head_json":{"title":"Video: Jukka-Pekka Puro &#8211; Mevi","robots":{"index":"index","follow":"follow","max-snippet":"max-snippet:-1","max-image-preview":"max-image-preview:large","max-video-preview":"max-video-preview:-1"},"canonical":"https:\/\/mediaviestinta.fi\/mevi2020\/2018\/07\/video-jukka-pekka-puro\/","og_locale":"fi_FI","og_type":"article","og_title":"Video: Jukka-Pekka Puro &#8211; Mevi","og_description":"Media & viestinn\u00e4n numerossa 2\/2018 Jukka-Pekka Puro kirjoittaa poliitikkojen tavasta blokata eli est\u00e4\u00e4 seuraajiaan Twitteriss\u00e4 artikkelissa \"'Ei meid\u00e4n tarvitse huutaa toisillemme p\u00e4in naamaa': Blokkaaminen poliittisen ja yhteiskunnallisen keskustelun j\u00e4nnitteen\u00e4\". Puron aineisto liittyy vuoden 2017 kunnallisvaaleihin, ja h\u00e4nen mielest\u00e4\u00e4n poliitikkojen ja puolueiden olisi syyt\u00e4 k\u00e4yd\u00e4 keskustelua somen pelis\u00e4\u00e4nn\u00f6ist\u00e4 ennen seuraavia vaaleja - erilaisia \"someoperaatioita\" kun on odotettavissa jatkossakin. Katso videolta, mit\u00e4 JiiPee itse kertoo tutkimuksestaan ja lue koko artikkeli verkkolehdest\u00e4mme!","og_url":"https:\/\/mediaviestinta.fi\/mevi2020\/2018\/07\/video-jukka-pekka-puro\/","og_site_name":"Mevi","article_publisher":"https:\/\/www.facebook.com\/MediaViestinta\/","article_published_time":"2018-07-04T06:38:06+00:00","article_modified_time":"2020-05-08T07:39:18+00:00","author":"Mevi","twitter_card":"summary_large_image","twitter_creator":"@mediaviestinta","twitter_site":"@mediaviestinta","twitter_misc":{"Kirjoittanut":"Mevi"},"schema":{"@context":"https:\/\/schema.org","@graph":[{"@type":"Article","@id":"https:\/\/mediaviestinta.fi\/mevi2020\/2018\/07\/video-jukka-pekka-puro\/#article","isPartOf":{"@id":"https:\/\/mediaviestinta.fi\/mevi2020\/2018\/07\/video-jukka-pekka-puro\/"},"author":{"name":"Mevi","@id":"https:\/\/mediaviestinta.fi\/#\/schema\/person\/b2da34ab24cfcd17dbdd6c7cfb173257"},"headline":"Video: Jukka-Pekka Puro","datePublished":"2018-07-04T06:38:06+00:00","dateModified":"2020-05-08T07:39:18+00:00","mainEntityOfPage":{"@id":"https:\/\/mediaviestinta.fi\/mevi2020\/2018\/07\/video-jukka-pekka-puro\/"},"wordCount":93,"publisher":{"@id":"https:\/\/mediaviestinta.fi\/#organization"},"articleSection":["Ajankohtaista"],"inLanguage":"fi"},{"@type":"WebPage","@id":"https:\/\/mediaviestinta.fi\/mevi2020\/2018\/07\/video-jukka-pekka-puro\/","url":"https:\/\/mediaviestinta.fi\/mevi2020\/2018\/07\/video-jukka-pekka-puro\/","name":"Video: Jukka-Pekka Puro &#8211; Mevi","isPartOf":{"@id":"https:\/\/mediaviestinta.fi\/#website"},"datePublished":"2018-07-04T06:38:06+00:00","dateModified":"2020-05-08T07:39:18+00:00","breadcrumb":{"@id":"https:\/\/mediaviestinta.fi\/mevi2020\/2018\/07\/video-jukka-pekka-puro\/#breadcrumb"},"inLanguage":"fi","potentialAction":[{"@type":"ReadAction","target":["https:\/\/mediaviestinta.fi\/mevi2020\/2018\/07\/video-jukka-pekka-puro\/"]}]},{"@type":"BreadcrumbList","@id":"https:\/\/mediaviestinta.fi\/mevi2020\/2018\/07\/video-jukka-pekka-puro\/#breadcrumb","itemListElement":[{"@type":"ListItem","position":1,"name":"Home","item":"https:\/\/mediaviestinta.fi\/"},{"@type":"ListItem","position":2,"name":"Video: Jukka-Pekka Puro"}]},{"@type":"WebSite","@id":"https:\/\/mediaviestinta.fi\/#website","url":"https:\/\/mediaviestinta.fi\/","name":"Mevi","description":"Media- ja viestint\u00e4tieteellinen seura Mevi","publisher":{"@id":"https:\/\/mediaviestinta.fi\/#organization"},"potentialAction":[{"@type":"SearchAction","target":{"@type":"EntryPoint","urlTemplate":"https:\/\/mediaviestinta.fi\/?s={search_term_string}"},"query-input":{"@type":"PropertyValueSpecification","valueRequired":true,"valueName":"search_term_string"}}],"inLanguage":"fi"},{"@type":"Organization","@id":"https:\/\/mediaviestinta.fi\/#organization","name":"Media- ja viestint\u00e4tieteellinen seura Mevi","url":"https:\/\/mediaviestinta.fi\/","logo":{"@type":"ImageObject","inLanguage":"fi","@id":"https:\/\/mediaviestinta.fi\/#\/schema\/logo\/image\/","url":"https:\/\/mediaviestinta.fi\/mevi2020\/wp-content\/uploads\/2020\/03\/mevi-logo-RGB-Transparent.png","contentUrl":"https:\/\/mediaviestinta.fi\/mevi2020\/wp-content\/uploads\/2020\/03\/mevi-logo-RGB-Transparent.png","width":910,"height":464,"caption":"Media- ja viestint\u00e4tieteellinen seura Mevi"},"image":{"@id":"https:\/\/mediaviestinta.fi\/#\/schema\/logo\/image\/"},"sameAs":["https:\/\/www.facebook.com\/MediaViestinta\/","https:\/\/x.com\/mediaviestinta"]},{"@type":"Person","@id":"https:\/\/mediaviestinta.fi\/#\/schema\/person\/b2da34ab24cfcd17dbdd6c7cfb173257","name":"Mevi","image":{"@type":"ImageObject","inLanguage":"fi","@id":"https:\/\/secure.gravatar.com\/avatar\/3305b76d1667dc119a18808ed03d6a1fc2dfa8b6a1cddecb8c4d27ef14ec32ca?s=96&d=mm&r=g","url":"https:\/\/secure.gravatar.com\/avatar\/3305b76d1667dc119a18808ed03d6a1fc2dfa8b6a1cddecb8c4d27ef14ec32ca?s=96&d=mm&r=g","contentUrl":"https:\/\/secure.gravatar.com\/avatar\/3305b76d1667dc119a18808ed03d6a1fc2dfa8b6a1cddecb8c4d27ef14ec32ca?s=96&d=mm&r=g","caption":"Mevi"},"url":"https:\/\/mediaviestinta.fi\/mevi2020\/author\/mediavie\/"}]}},"_links":{"self":[{"href":"https:\/\/mediaviestinta.fi\/mevi2020\/wp-json\/wp\/v2\/posts\/3915","targetHints":{"allow":["GET"]}}],"collection":[{"href":"https:\/\/mediaviestinta.fi\/mevi2020\/wp-json\/wp\/v2\/posts"}],"about":[{"href":"https:\/\/mediaviestinta.fi\/mevi2020\/wp-json\/wp\/v2\/types\/post"}],"author":[{"embeddable":true,"href":"https:\/\/mediaviestinta.fi\/mevi2020\/wp-json\/wp\/v2\/users\/3"}],"replies":[{"embeddable":true,"href":"https:\/\/mediaviestinta.fi\/mevi2020\/wp-json\/wp\/v2\/comments?post=3915"}],"version-history":[{"count":1,"href":"https:\/\/mediaviestinta.fi\/mevi2020\/wp-json\/wp\/v2\/posts\/3915\/revisions"}],"predecessor-version":[{"id":4217,"href":"https:\/\/mediaviestinta.fi\/mevi2020\/wp-json\/wp\/v2\/posts\/3915\/revisions\/4217"}],"wp:attachment":[{"href":"https:\/\/mediaviestinta.fi\/mevi2020\/wp-json\/wp\/v2\/media?parent=3915"}],"wp:term":[{"taxonomy":"category","embeddable":true,"href":"https:\/\/mediaviestinta.fi\/mevi2020\/wp-json\/wp\/v2\/categories?post=3915"},{"taxonomy":"post_tag","embeddable":true,"href":"https:\/\/mediaviestinta.fi\/mevi2020\/wp-json\/wp\/v2\/tags?post=3915"}],"curies":[{"name":"wp","href":"https:\/\/api.w.org\/{rel}","templated":true}]}}