{"id":3916,"date":"2018-08-10T10:43:26","date_gmt":"2018-08-10T07:43:26","guid":{"rendered":"http:\/\/mediaviestinta.fi\/blogi\/?p=3732"},"modified":"2020-05-08T10:39:18","modified_gmt":"2020-05-08T07:39:18","slug":"media-viestinnan-arkistot-taydentyivat-2","status":"publish","type":"post","link":"https:\/\/mediaviestinta.fi\/mevi2020\/2018\/08\/media-viestinnan-arkistot-taydentyivat-2\/","title":{"rendered":"Uutta vanhaa Media &#038; viestinn\u00e4n arkistossa"},"content":{"rendered":"<div data-block=\"true\" data-editor=\"c944t\" data-offset-key=\"elqen-0-0\">\n<div data-offset-key=\"elqen-0-0\">\n<div data-block=\"true\" data-editor=\"c944t\" data-offset-key=\"elqen-0-0\">\n<div data-offset-key=\"elqen-0-0\"><a href=\"https:\/\/mediaviestinta.fi\/mevi2020\/blogi\/wp-content\/uploads\/2018\/08\/Digitointi-TT-kannet.png\" rel=\"attachment wp-att-3736\"><img fetchpriority=\"high\" decoding=\"async\" class=\"aligncenter size-full wp-image-3736\" src=\"https:\/\/mediaviestinta.fi\/mevi2020\/blogi\/wp-content\/uploads\/2018\/08\/Digitointi-TT-kannet.png\" alt=\"Digitointi TT kannet\" width=\"680\" height=\"327\" \/><\/a><\/div>\n<div data-offset-key=\"elqen-0-0\"><\/div>\n<\/div>\n<\/div>\n<\/div>\n<div data-block=\"true\" data-editor=\"c944t\" data-offset-key=\"elqen-0-0\">\n<div data-offset-key=\"elqen-0-0\">\n<p>Media &amp; viestinn\u00e4n 40-juhlavuoden kunniaksi olemme t\u00e4ydent\u00e4neet lehden s\u00e4hk\u00f6isi\u00e4 arkistoja. Tiedotustutkimuksen ja Media &amp; viestinn\u00e4n kaikki aineistot l\u00f6ytyv\u00e4t nyt verkosta osoitteesta journal.fi\/mediaviestinta. Tiedekustantajien liitto on tukenut Media- ja viestint\u00e4tieteellisen seuran toteuttamaa digitointia apurahalla.<\/p>\n<p>Uutta arkistossa ovat:<br \/>\na) Tiedotustutkimukset vuosilta 1978-1989<br \/>\nb) Media &amp; viestinn\u00e4n arkistojen t\u00e4ydennys vuosilta 1990-2014<\/p>\n<p><strong>Kirjoittajille<\/strong><\/p>\n<p>Jos hyv\u00e4ksyt digitoinnin omien tekstiesi osalta, digitointi ei edellyt\u00e4 sinulta toimenpiteit\u00e4. Mik\u00e4li sinulla on kysytt\u00e4v\u00e4\u00e4 digitoinnista tai haluat kielt\u00e4\u00e4 omien tekstiesi julkaisun digitoidussa muodossa, ota yhteytt\u00e4: <a href=\"mailto:toimitussihteeri@mediaviestinta.fi\">toimitussihteeri@mediaviestinta.fi<\/a>.<\/p>\n<p>Halutessasi voit allekirjoittaa digitoiduista artikkeleista ja analyyseista Media &amp; viestinn\u00e4n kanssa kustannussopimuksen. Kustannussopimus l\u00f6ytyy osoitteesta <a href=\"https:\/\/mediaviestinta.fi\/mevi2020\/blogi\/asiakirjat\/\">https:\/\/mediaviestinta.fi\/mevi2020\/blogi\/asiakirjat\/<\/a> Sopimuksesta selvi\u00e4v\u00e4t kirjoittajan oikeudet ja velvollisuudet \u2013 voit muun muassa rinnakkaistallentaa omat tekstisi julkaisun j\u00e4lkeen. Kaikkia tekstej\u00e4 rinnakkaistallentaessa tulee noudattaa kustannussopimuksen ohjeistusta, eli linkitt\u00e4\u00e4 alkuper\u00e4iseen julkaisuun. Allekirjoitetun sopimuksen voi toimittaa skannattuna s\u00e4hk\u00f6postilla osoitteeseen <a href=\"mailto:toimitussihteeri@mediaviestinta.fi\">toimitussihteeri[at]mediaviestinta.fi<\/a> tai printattuna (2 kpl) osoitteeseen: Niina Uusitalo, Media &amp; viestint\u00e4, COMET\/Viestint\u00e4tieteiden tiedekunta, E313, 33014 Tampereen yliopisto.<\/p>\n<p><strong>Avoimen julkaisemisen lisenssi<\/strong><\/p>\n<p>Media &amp; viestinn\u00e4n aineistoja koskee avoimen julkaisemisen lisenssi tiedelehdille, eli CC-BY-NC (Nime\u00e4-EiKaupallinen). T\u00e4m\u00e4 tarkoittaa, ett\u00e4 digitoituja aineistoja saa levitt\u00e4\u00e4 sek\u00e4 k\u00e4ytt\u00e4\u00e4 ei-kaupalliseen tarkoitukseen, jos nime\u00e4\u00e4 alkuper\u00e4isen l\u00e4hteen.\u00a0 Tieteellisi\u00e4 tekstej\u00e4 koskevat lis\u00e4ksi normaalit tieteellisen lainaamisen k\u00e4yt\u00e4nn\u00f6t. Metadataa koskee journal.fi-palvelussa lisenssi CC0. Lis\u00e4tietoa avoimen julkaisemisen lisensseist\u00e4: \u00a0<a href=\"http:\/\/creativecommons.fi\/lisenssit\/\">http:\/\/creativecommons.fi\/lisenssit\/<\/a><\/p>\n<\/div>\n<\/div>\n","protected":false},"excerpt":{"rendered":"<p>Media &amp; viestinn\u00e4n 40-juhlavuoden kunniaksi olemme t\u00e4ydent\u00e4neet lehden s\u00e4hk\u00f6isi\u00e4 arkistoja. Tiedotustutkimuksen ja Media &amp; viestinn\u00e4n kaikki aineistot l\u00f6ytyv\u00e4t nyt verkosta osoitteesta journal.fi\/mediaviestinta. Tiedekustantajien liitto on tukenut Media- ja&hellip;<\/p>\n","protected":false},"author":3,"featured_media":3880,"comment_status":"closed","ping_status":"closed","sticky":false,"template":"","format":"standard","meta":{"_monsterinsights_skip_tracking":false,"_monsterinsights_sitenote_active":false,"_monsterinsights_sitenote_note":"","_monsterinsights_sitenote_category":0,"footnotes":""},"categories":[76,1],"tags":[],"class_list":["post-3916","post","type-post","status-publish","format-standard","has-post-thumbnail","hentry","category-ajankohtaista","category-yleinen"],"yoast_head":"<!-- This site is optimized with the Yoast SEO plugin v27.5 - https:\/\/yoast.com\/product\/yoast-seo-wordpress\/ -->\n<title>Uutta vanhaa Media &amp; viestinn\u00e4n arkistossa &#8211; Mevi<\/title>\n<meta name=\"robots\" content=\"index, follow, max-snippet:-1, max-image-preview:large, max-video-preview:-1\" \/>\n<link rel=\"canonical\" href=\"https:\/\/mediaviestinta.fi\/mevi2020\/2018\/08\/media-viestinnan-arkistot-taydentyivat-2\/\" \/>\n<meta property=\"og:locale\" content=\"fi_FI\" \/>\n<meta property=\"og:type\" content=\"article\" \/>\n<meta property=\"og:title\" content=\"Uutta vanhaa Media &amp; viestinn\u00e4n arkistossa &#8211; Mevi\" \/>\n<meta property=\"og:description\" content=\"Media &amp; viestinn\u00e4n 40-juhlavuoden kunniaksi olemme t\u00e4ydent\u00e4neet lehden s\u00e4hk\u00f6isi\u00e4 arkistoja. Tiedotustutkimuksen ja Media &amp; viestinn\u00e4n kaikki aineistot l\u00f6ytyv\u00e4t nyt verkosta osoitteesta journal.fi\/mediaviestinta. Tiedekustantajien liitto on tukenut Media- ja&hellip;\" \/>\n<meta property=\"og:url\" content=\"https:\/\/mediaviestinta.fi\/mevi2020\/2018\/08\/media-viestinnan-arkistot-taydentyivat-2\/\" \/>\n<meta property=\"og:site_name\" content=\"Mevi\" \/>\n<meta property=\"article:publisher\" content=\"https:\/\/www.facebook.com\/MediaViestinta\/\" \/>\n<meta property=\"article:published_time\" content=\"2018-08-10T07:43:26+00:00\" \/>\n<meta property=\"article:modified_time\" content=\"2020-05-08T07:39:18+00:00\" \/>\n<meta property=\"og:image\" content=\"https:\/\/mediaviestinta.fi\/mevi2020\/wp-content\/uploads\/2020\/05\/Digitointi-TT-kannet.png\" \/>\n\t<meta property=\"og:image:width\" content=\"680\" \/>\n\t<meta property=\"og:image:height\" content=\"327\" \/>\n\t<meta property=\"og:image:type\" content=\"image\/png\" \/>\n<meta name=\"author\" content=\"Mevi\" \/>\n<meta name=\"twitter:card\" content=\"summary_large_image\" \/>\n<meta name=\"twitter:creator\" content=\"@mediaviestinta\" \/>\n<meta name=\"twitter:site\" content=\"@mediaviestinta\" \/>\n<meta name=\"twitter:label1\" content=\"Kirjoittanut\" \/>\n\t<meta name=\"twitter:data1\" content=\"Mevi\" \/>\n\t<meta name=\"twitter:label2\" content=\"Arvioitu lukuaika\" \/>\n\t<meta name=\"twitter:data2\" content=\"1 minuutti\" \/>\n<script type=\"application\/ld+json\" class=\"yoast-schema-graph\">{\"@context\":\"https:\\\/\\\/schema.org\",\"@graph\":[{\"@type\":\"Article\",\"@id\":\"https:\\\/\\\/mediaviestinta.fi\\\/mevi2020\\\/2018\\\/08\\\/media-viestinnan-arkistot-taydentyivat-2\\\/#article\",\"isPartOf\":{\"@id\":\"https:\\\/\\\/mediaviestinta.fi\\\/mevi2020\\\/2018\\\/08\\\/media-viestinnan-arkistot-taydentyivat-2\\\/\"},\"author\":{\"name\":\"Mevi\",\"@id\":\"https:\\\/\\\/mediaviestinta.fi\\\/#\\\/schema\\\/person\\\/b2da34ab24cfcd17dbdd6c7cfb173257\"},\"headline\":\"Uutta vanhaa Media &#038; viestinn\u00e4n arkistossa\",\"datePublished\":\"2018-08-10T07:43:26+00:00\",\"dateModified\":\"2020-05-08T07:39:18+00:00\",\"mainEntityOfPage\":{\"@id\":\"https:\\\/\\\/mediaviestinta.fi\\\/mevi2020\\\/2018\\\/08\\\/media-viestinnan-arkistot-taydentyivat-2\\\/\"},\"wordCount\":244,\"publisher\":{\"@id\":\"https:\\\/\\\/mediaviestinta.fi\\\/#organization\"},\"image\":{\"@id\":\"https:\\\/\\\/mediaviestinta.fi\\\/mevi2020\\\/2018\\\/08\\\/media-viestinnan-arkistot-taydentyivat-2\\\/#primaryimage\"},\"thumbnailUrl\":\"https:\\\/\\\/mediaviestinta.fi\\\/mevi2020\\\/wp-content\\\/uploads\\\/2020\\\/05\\\/Digitointi-TT-kannet.png\",\"articleSection\":[\"Ajankohtaista\"],\"inLanguage\":\"fi\"},{\"@type\":\"WebPage\",\"@id\":\"https:\\\/\\\/mediaviestinta.fi\\\/mevi2020\\\/2018\\\/08\\\/media-viestinnan-arkistot-taydentyivat-2\\\/\",\"url\":\"https:\\\/\\\/mediaviestinta.fi\\\/mevi2020\\\/2018\\\/08\\\/media-viestinnan-arkistot-taydentyivat-2\\\/\",\"name\":\"Uutta vanhaa Media & viestinn\u00e4n arkistossa &#8211; Mevi\",\"isPartOf\":{\"@id\":\"https:\\\/\\\/mediaviestinta.fi\\\/#website\"},\"primaryImageOfPage\":{\"@id\":\"https:\\\/\\\/mediaviestinta.fi\\\/mevi2020\\\/2018\\\/08\\\/media-viestinnan-arkistot-taydentyivat-2\\\/#primaryimage\"},\"image\":{\"@id\":\"https:\\\/\\\/mediaviestinta.fi\\\/mevi2020\\\/2018\\\/08\\\/media-viestinnan-arkistot-taydentyivat-2\\\/#primaryimage\"},\"thumbnailUrl\":\"https:\\\/\\\/mediaviestinta.fi\\\/mevi2020\\\/wp-content\\\/uploads\\\/2020\\\/05\\\/Digitointi-TT-kannet.png\",\"datePublished\":\"2018-08-10T07:43:26+00:00\",\"dateModified\":\"2020-05-08T07:39:18+00:00\",\"breadcrumb\":{\"@id\":\"https:\\\/\\\/mediaviestinta.fi\\\/mevi2020\\\/2018\\\/08\\\/media-viestinnan-arkistot-taydentyivat-2\\\/#breadcrumb\"},\"inLanguage\":\"fi\",\"potentialAction\":[{\"@type\":\"ReadAction\",\"target\":[\"https:\\\/\\\/mediaviestinta.fi\\\/mevi2020\\\/2018\\\/08\\\/media-viestinnan-arkistot-taydentyivat-2\\\/\"]}]},{\"@type\":\"ImageObject\",\"inLanguage\":\"fi\",\"@id\":\"https:\\\/\\\/mediaviestinta.fi\\\/mevi2020\\\/2018\\\/08\\\/media-viestinnan-arkistot-taydentyivat-2\\\/#primaryimage\",\"url\":\"https:\\\/\\\/mediaviestinta.fi\\\/mevi2020\\\/wp-content\\\/uploads\\\/2020\\\/05\\\/Digitointi-TT-kannet.png\",\"contentUrl\":\"https:\\\/\\\/mediaviestinta.fi\\\/mevi2020\\\/wp-content\\\/uploads\\\/2020\\\/05\\\/Digitointi-TT-kannet.png\",\"width\":680,\"height\":327},{\"@type\":\"BreadcrumbList\",\"@id\":\"https:\\\/\\\/mediaviestinta.fi\\\/mevi2020\\\/2018\\\/08\\\/media-viestinnan-arkistot-taydentyivat-2\\\/#breadcrumb\",\"itemListElement\":[{\"@type\":\"ListItem\",\"position\":1,\"name\":\"Home\",\"item\":\"https:\\\/\\\/mediaviestinta.fi\\\/\"},{\"@type\":\"ListItem\",\"position\":2,\"name\":\"Uutta vanhaa Media &#038; viestinn\u00e4n arkistossa\"}]},{\"@type\":\"WebSite\",\"@id\":\"https:\\\/\\\/mediaviestinta.fi\\\/#website\",\"url\":\"https:\\\/\\\/mediaviestinta.fi\\\/\",\"name\":\"Mevi\",\"description\":\"Media- ja viestint\u00e4tieteellinen seura Mevi\",\"publisher\":{\"@id\":\"https:\\\/\\\/mediaviestinta.fi\\\/#organization\"},\"potentialAction\":[{\"@type\":\"SearchAction\",\"target\":{\"@type\":\"EntryPoint\",\"urlTemplate\":\"https:\\\/\\\/mediaviestinta.fi\\\/?s={search_term_string}\"},\"query-input\":{\"@type\":\"PropertyValueSpecification\",\"valueRequired\":true,\"valueName\":\"search_term_string\"}}],\"inLanguage\":\"fi\"},{\"@type\":\"Organization\",\"@id\":\"https:\\\/\\\/mediaviestinta.fi\\\/#organization\",\"name\":\"Media- ja viestint\u00e4tieteellinen seura Mevi\",\"url\":\"https:\\\/\\\/mediaviestinta.fi\\\/\",\"logo\":{\"@type\":\"ImageObject\",\"inLanguage\":\"fi\",\"@id\":\"https:\\\/\\\/mediaviestinta.fi\\\/#\\\/schema\\\/logo\\\/image\\\/\",\"url\":\"https:\\\/\\\/mediaviestinta.fi\\\/mevi2020\\\/wp-content\\\/uploads\\\/2020\\\/03\\\/mevi-logo-RGB-Transparent.png\",\"contentUrl\":\"https:\\\/\\\/mediaviestinta.fi\\\/mevi2020\\\/wp-content\\\/uploads\\\/2020\\\/03\\\/mevi-logo-RGB-Transparent.png\",\"width\":910,\"height\":464,\"caption\":\"Media- ja viestint\u00e4tieteellinen seura Mevi\"},\"image\":{\"@id\":\"https:\\\/\\\/mediaviestinta.fi\\\/#\\\/schema\\\/logo\\\/image\\\/\"},\"sameAs\":[\"https:\\\/\\\/www.facebook.com\\\/MediaViestinta\\\/\",\"https:\\\/\\\/x.com\\\/mediaviestinta\"]},{\"@type\":\"Person\",\"@id\":\"https:\\\/\\\/mediaviestinta.fi\\\/#\\\/schema\\\/person\\\/b2da34ab24cfcd17dbdd6c7cfb173257\",\"name\":\"Mevi\",\"image\":{\"@type\":\"ImageObject\",\"inLanguage\":\"fi\",\"@id\":\"https:\\\/\\\/secure.gravatar.com\\\/avatar\\\/3305b76d1667dc119a18808ed03d6a1fc2dfa8b6a1cddecb8c4d27ef14ec32ca?s=96&d=mm&r=g\",\"url\":\"https:\\\/\\\/secure.gravatar.com\\\/avatar\\\/3305b76d1667dc119a18808ed03d6a1fc2dfa8b6a1cddecb8c4d27ef14ec32ca?s=96&d=mm&r=g\",\"contentUrl\":\"https:\\\/\\\/secure.gravatar.com\\\/avatar\\\/3305b76d1667dc119a18808ed03d6a1fc2dfa8b6a1cddecb8c4d27ef14ec32ca?s=96&d=mm&r=g\",\"caption\":\"Mevi\"},\"url\":\"https:\\\/\\\/mediaviestinta.fi\\\/mevi2020\\\/author\\\/mediavie\\\/\"}]}<\/script>\n<!-- \/ Yoast SEO plugin. -->","yoast_head_json":{"title":"Uutta vanhaa Media & viestinn\u00e4n arkistossa &#8211; Mevi","robots":{"index":"index","follow":"follow","max-snippet":"max-snippet:-1","max-image-preview":"max-image-preview:large","max-video-preview":"max-video-preview:-1"},"canonical":"https:\/\/mediaviestinta.fi\/mevi2020\/2018\/08\/media-viestinnan-arkistot-taydentyivat-2\/","og_locale":"fi_FI","og_type":"article","og_title":"Uutta vanhaa Media & viestinn\u00e4n arkistossa &#8211; Mevi","og_description":"Media &amp; viestinn\u00e4n 40-juhlavuoden kunniaksi olemme t\u00e4ydent\u00e4neet lehden s\u00e4hk\u00f6isi\u00e4 arkistoja. Tiedotustutkimuksen ja Media &amp; viestinn\u00e4n kaikki aineistot l\u00f6ytyv\u00e4t nyt verkosta osoitteesta journal.fi\/mediaviestinta. Tiedekustantajien liitto on tukenut Media- ja&hellip;","og_url":"https:\/\/mediaviestinta.fi\/mevi2020\/2018\/08\/media-viestinnan-arkistot-taydentyivat-2\/","og_site_name":"Mevi","article_publisher":"https:\/\/www.facebook.com\/MediaViestinta\/","article_published_time":"2018-08-10T07:43:26+00:00","article_modified_time":"2020-05-08T07:39:18+00:00","og_image":[{"width":680,"height":327,"url":"https:\/\/mediaviestinta.fi\/mevi2020\/wp-content\/uploads\/2020\/05\/Digitointi-TT-kannet.png","type":"image\/png"}],"author":"Mevi","twitter_card":"summary_large_image","twitter_creator":"@mediaviestinta","twitter_site":"@mediaviestinta","twitter_misc":{"Kirjoittanut":"Mevi","Arvioitu lukuaika":"1 minuutti"},"schema":{"@context":"https:\/\/schema.org","@graph":[{"@type":"Article","@id":"https:\/\/mediaviestinta.fi\/mevi2020\/2018\/08\/media-viestinnan-arkistot-taydentyivat-2\/#article","isPartOf":{"@id":"https:\/\/mediaviestinta.fi\/mevi2020\/2018\/08\/media-viestinnan-arkistot-taydentyivat-2\/"},"author":{"name":"Mevi","@id":"https:\/\/mediaviestinta.fi\/#\/schema\/person\/b2da34ab24cfcd17dbdd6c7cfb173257"},"headline":"Uutta vanhaa Media &#038; viestinn\u00e4n arkistossa","datePublished":"2018-08-10T07:43:26+00:00","dateModified":"2020-05-08T07:39:18+00:00","mainEntityOfPage":{"@id":"https:\/\/mediaviestinta.fi\/mevi2020\/2018\/08\/media-viestinnan-arkistot-taydentyivat-2\/"},"wordCount":244,"publisher":{"@id":"https:\/\/mediaviestinta.fi\/#organization"},"image":{"@id":"https:\/\/mediaviestinta.fi\/mevi2020\/2018\/08\/media-viestinnan-arkistot-taydentyivat-2\/#primaryimage"},"thumbnailUrl":"https:\/\/mediaviestinta.fi\/mevi2020\/wp-content\/uploads\/2020\/05\/Digitointi-TT-kannet.png","articleSection":["Ajankohtaista"],"inLanguage":"fi"},{"@type":"WebPage","@id":"https:\/\/mediaviestinta.fi\/mevi2020\/2018\/08\/media-viestinnan-arkistot-taydentyivat-2\/","url":"https:\/\/mediaviestinta.fi\/mevi2020\/2018\/08\/media-viestinnan-arkistot-taydentyivat-2\/","name":"Uutta vanhaa Media & viestinn\u00e4n arkistossa &#8211; Mevi","isPartOf":{"@id":"https:\/\/mediaviestinta.fi\/#website"},"primaryImageOfPage":{"@id":"https:\/\/mediaviestinta.fi\/mevi2020\/2018\/08\/media-viestinnan-arkistot-taydentyivat-2\/#primaryimage"},"image":{"@id":"https:\/\/mediaviestinta.fi\/mevi2020\/2018\/08\/media-viestinnan-arkistot-taydentyivat-2\/#primaryimage"},"thumbnailUrl":"https:\/\/mediaviestinta.fi\/mevi2020\/wp-content\/uploads\/2020\/05\/Digitointi-TT-kannet.png","datePublished":"2018-08-10T07:43:26+00:00","dateModified":"2020-05-08T07:39:18+00:00","breadcrumb":{"@id":"https:\/\/mediaviestinta.fi\/mevi2020\/2018\/08\/media-viestinnan-arkistot-taydentyivat-2\/#breadcrumb"},"inLanguage":"fi","potentialAction":[{"@type":"ReadAction","target":["https:\/\/mediaviestinta.fi\/mevi2020\/2018\/08\/media-viestinnan-arkistot-taydentyivat-2\/"]}]},{"@type":"ImageObject","inLanguage":"fi","@id":"https:\/\/mediaviestinta.fi\/mevi2020\/2018\/08\/media-viestinnan-arkistot-taydentyivat-2\/#primaryimage","url":"https:\/\/mediaviestinta.fi\/mevi2020\/wp-content\/uploads\/2020\/05\/Digitointi-TT-kannet.png","contentUrl":"https:\/\/mediaviestinta.fi\/mevi2020\/wp-content\/uploads\/2020\/05\/Digitointi-TT-kannet.png","width":680,"height":327},{"@type":"BreadcrumbList","@id":"https:\/\/mediaviestinta.fi\/mevi2020\/2018\/08\/media-viestinnan-arkistot-taydentyivat-2\/#breadcrumb","itemListElement":[{"@type":"ListItem","position":1,"name":"Home","item":"https:\/\/mediaviestinta.fi\/"},{"@type":"ListItem","position":2,"name":"Uutta vanhaa Media &#038; viestinn\u00e4n arkistossa"}]},{"@type":"WebSite","@id":"https:\/\/mediaviestinta.fi\/#website","url":"https:\/\/mediaviestinta.fi\/","name":"Mevi","description":"Media- ja viestint\u00e4tieteellinen seura Mevi","publisher":{"@id":"https:\/\/mediaviestinta.fi\/#organization"},"potentialAction":[{"@type":"SearchAction","target":{"@type":"EntryPoint","urlTemplate":"https:\/\/mediaviestinta.fi\/?s={search_term_string}"},"query-input":{"@type":"PropertyValueSpecification","valueRequired":true,"valueName":"search_term_string"}}],"inLanguage":"fi"},{"@type":"Organization","@id":"https:\/\/mediaviestinta.fi\/#organization","name":"Media- ja viestint\u00e4tieteellinen seura Mevi","url":"https:\/\/mediaviestinta.fi\/","logo":{"@type":"ImageObject","inLanguage":"fi","@id":"https:\/\/mediaviestinta.fi\/#\/schema\/logo\/image\/","url":"https:\/\/mediaviestinta.fi\/mevi2020\/wp-content\/uploads\/2020\/03\/mevi-logo-RGB-Transparent.png","contentUrl":"https:\/\/mediaviestinta.fi\/mevi2020\/wp-content\/uploads\/2020\/03\/mevi-logo-RGB-Transparent.png","width":910,"height":464,"caption":"Media- ja viestint\u00e4tieteellinen seura Mevi"},"image":{"@id":"https:\/\/mediaviestinta.fi\/#\/schema\/logo\/image\/"},"sameAs":["https:\/\/www.facebook.com\/MediaViestinta\/","https:\/\/x.com\/mediaviestinta"]},{"@type":"Person","@id":"https:\/\/mediaviestinta.fi\/#\/schema\/person\/b2da34ab24cfcd17dbdd6c7cfb173257","name":"Mevi","image":{"@type":"ImageObject","inLanguage":"fi","@id":"https:\/\/secure.gravatar.com\/avatar\/3305b76d1667dc119a18808ed03d6a1fc2dfa8b6a1cddecb8c4d27ef14ec32ca?s=96&d=mm&r=g","url":"https:\/\/secure.gravatar.com\/avatar\/3305b76d1667dc119a18808ed03d6a1fc2dfa8b6a1cddecb8c4d27ef14ec32ca?s=96&d=mm&r=g","contentUrl":"https:\/\/secure.gravatar.com\/avatar\/3305b76d1667dc119a18808ed03d6a1fc2dfa8b6a1cddecb8c4d27ef14ec32ca?s=96&d=mm&r=g","caption":"Mevi"},"url":"https:\/\/mediaviestinta.fi\/mevi2020\/author\/mediavie\/"}]}},"_links":{"self":[{"href":"https:\/\/mediaviestinta.fi\/mevi2020\/wp-json\/wp\/v2\/posts\/3916","targetHints":{"allow":["GET"]}}],"collection":[{"href":"https:\/\/mediaviestinta.fi\/mevi2020\/wp-json\/wp\/v2\/posts"}],"about":[{"href":"https:\/\/mediaviestinta.fi\/mevi2020\/wp-json\/wp\/v2\/types\/post"}],"author":[{"embeddable":true,"href":"https:\/\/mediaviestinta.fi\/mevi2020\/wp-json\/wp\/v2\/users\/3"}],"replies":[{"embeddable":true,"href":"https:\/\/mediaviestinta.fi\/mevi2020\/wp-json\/wp\/v2\/comments?post=3916"}],"version-history":[{"count":2,"href":"https:\/\/mediaviestinta.fi\/mevi2020\/wp-json\/wp\/v2\/posts\/3916\/revisions"}],"predecessor-version":[{"id":4195,"href":"https:\/\/mediaviestinta.fi\/mevi2020\/wp-json\/wp\/v2\/posts\/3916\/revisions\/4195"}],"wp:featuredmedia":[{"embeddable":true,"href":"https:\/\/mediaviestinta.fi\/mevi2020\/wp-json\/wp\/v2\/media\/3880"}],"wp:attachment":[{"href":"https:\/\/mediaviestinta.fi\/mevi2020\/wp-json\/wp\/v2\/media?parent=3916"}],"wp:term":[{"taxonomy":"category","embeddable":true,"href":"https:\/\/mediaviestinta.fi\/mevi2020\/wp-json\/wp\/v2\/categories?post=3916"},{"taxonomy":"post_tag","embeddable":true,"href":"https:\/\/mediaviestinta.fi\/mevi2020\/wp-json\/wp\/v2\/tags?post=3916"}],"curies":[{"name":"wp","href":"https:\/\/api.w.org\/{rel}","templated":true}]}}