{"id":3919,"date":"2018-11-12T09:18:17","date_gmt":"2018-11-12T06:18:17","guid":{"rendered":"http:\/\/mediaviestinta.fi\/blogi\/?p=3776"},"modified":"2020-05-08T10:39:17","modified_gmt":"2020-05-08T07:39:17","slug":"media-viestinta-lehdelle-uudet-paatoimittajat-ja-toimitussihteeri-2","status":"publish","type":"post","link":"https:\/\/mediaviestinta.fi\/mevi2020\/2018\/11\/media-viestinta-lehdelle-uudet-paatoimittajat-ja-toimitussihteeri-2\/","title":{"rendered":"Media &#038; viestint\u00e4 -lehdelle uudet p\u00e4\u00e4toimittajat ja toimitussihteeri"},"content":{"rendered":"<p>Kulttuurin ja yhteiskunnan tutkimuksen lehti <em>Media &amp; viestint\u00e4<\/em> saa ensimm\u00e4isen kerran lehden historiassa kaksi p\u00e4\u00e4toimittajaa. YTT <strong>Laura Ahva<\/strong> ja YTT <strong>Jenni M\u00e4enp\u00e4\u00e4<\/strong> aloittavat teht\u00e4v\u00e4ss\u00e4 vuoden vaihteessa.<\/p>\n<figure id=\"attachment_3873\" aria-describedby=\"caption-attachment-3873\" style=\"width: 192px\" class=\"wp-caption alignright\"><img decoding=\"async\" class=\" wp-image-3873\" src=\"https:\/\/mediaviestinta.fi\/mevi2020\/wp-content\/uploads\/2020\/05\/Jenni-Maenpaa2-e1588590171218-235x300.jpg\" alt=\"\" width=\"192\" height=\"245\" srcset=\"https:\/\/mediaviestinta.fi\/mevi2020\/wp-content\/uploads\/2020\/05\/Jenni-Maenpaa2-e1588590171218-235x300.jpg 235w, https:\/\/mediaviestinta.fi\/mevi2020\/wp-content\/uploads\/2020\/05\/Jenni-Maenpaa2-e1588590171218-540x690.jpg 540w, https:\/\/mediaviestinta.fi\/mevi2020\/wp-content\/uploads\/2020\/05\/Jenni-Maenpaa2-e1588590171218.jpg 549w\" sizes=\"(max-width: 192px) 100vw, 192px\" \/><figcaption id=\"caption-attachment-3873\" class=\"wp-caption-text\">Jenni M\u00e4enp\u00e4\u00e4. Kuva: Mari Pienim\u00e4ki.<\/figcaption><\/figure>\n<p>&#8211; K\u00e4yt\u00e4nn\u00f6ss\u00e4 otamme todenn\u00e4k\u00f6isesti vuorotellen vetovastuun kunkin lehden numeron toimittamisesta. N\u00e4emme kahden p\u00e4\u00e4toimittajan mallissa paljon mahdollisuuksia, sill\u00e4 voimme koko ajan toimia tiimin\u00e4 eli pallotella ratkaisuja sek\u00e4 kesken\u00e4mme ett\u00e4 toimitussihteerin kanssa, M\u00e4enp\u00e4\u00e4 kertoo.<\/p>\n<p>Molemmat uudet p\u00e4\u00e4toimittajat ovat kokeneita tutkijoita Tampereen yliopiston viestint\u00e4tieteiden tiedekunnasta. M\u00e4enp\u00e4\u00e4n tutkimusalaa on erityisesti kuvajournalismi ja visuaalinen kulttuuri, Ahva on tutkinut mm. kansalaisjournalismia ja toimittajien ammatillisia k\u00e4yt\u00e4nt\u00f6j\u00e4. Vastik\u00e4\u00e4n artikkelistaan <a href=\"http:\/\/explore.tandfonline.com\/page\/ah\/bob-franklin-journal-article-award-winner\">Bob Franklin -palkinnon<\/a> saanut Ahva on aiemmin toiminut <em>Media &amp; viestint\u00e4<\/em> -lehden toimitussihteerin\u00e4 vuonna 2009 ja M\u00e4enp\u00e4\u00e4 toimi lehden toimituskunnassa kuluneen kaksivuotiskauden.<\/p>\n<p>Uudet p\u00e4\u00e4toimittajat pit\u00e4v\u00e4t t\u00e4rke\u00e4n\u00e4, ett\u00e4 suomenkielinen julkaiseminen s\u00e4ilyy houkuttelevana. Laadukkaat suomenkieliset tutkimusartikkelit ovat erityisen kaivattuja etenkin opetuksessa.<\/p>\n<figure id=\"attachment_3874\" aria-describedby=\"caption-attachment-3874\" style=\"width: 165px\" class=\"wp-caption alignright\"><img decoding=\"async\" class=\"wp-image-3874 \" src=\"https:\/\/mediaviestinta.fi\/mevi2020\/wp-content\/uploads\/2020\/05\/ahva-laura-311017-JR-02-200x300.jpg\" alt=\"Laura Ahva. Kuva: Jonne Renvall.\" width=\"165\" height=\"248\" \/><figcaption id=\"caption-attachment-3874\" class=\"wp-caption-text\">Laura Ahva. Kuva: Jonne Renvall.<\/figcaption><\/figure>\n<p>&#8211; Edellinen toimituskunta teki loistavia linjauksia, joista on hyv\u00e4 jatkaa. Etenkin verkkojulkaiseminen ja avoin saatavuus ovat lis\u00e4nneet lehden k\u00e4ytett\u00e4vyytt\u00e4. Toivomme my\u00f6s, ett\u00e4 ehdotettu julkaisuluokituksen nosto toteutuu. Se on olennainen kysymys suomenkielisen julkaisemisen houkuttelevuuden n\u00e4k\u00f6kulmasta ja aiomme ty\u00f6skennell\u00e4 t\u00e4m\u00e4n tavoitteen eteen, Ahva summaa.<\/p>\n<p>Toimitussihteerin\u00e4 aloittaa YTM <strong>Auli Harju<\/strong>, niin ik\u00e4\u00e4n Tampereen yliopistosta. Harju on tutkinut erityisesti sosiaalista mediaa, kansalaisosallistumista ja verkkojulkisuutta lukuisissa tutkimusprojekteissa. H\u00e4n on my\u00f6s kouluttanut toimittajia ja opettajia sosiaalisen median k\u00e4ytt\u00f6\u00f6n.<\/p>\n<p>&#8211; Nyt p\u00e4\u00e4sen toteuttamaan oppejani <em>Media ja viestinn\u00e4n<\/em> someviestinn\u00e4n parissa! Harju sanoo.<\/p>\n<p>Lehden uudet vet\u00e4j\u00e4t odottavat laadukkaita artikkelik\u00e4sikirjoituksianne ja my\u00f6s muita tekstej\u00e4 &#8211; katso kirjoittajaohjeet <a href=\"https:\/\/journal.fi\/mediaviestinta\/about\/submissions\" target=\"_blank\" rel=\"noopener noreferrer\">t\u00e4\u00e4lt\u00e4<\/a> ja kirjoita <em>Media &amp; viestint\u00e4\u00e4n<\/em>!<\/p>\n","protected":false},"excerpt":{"rendered":"<p>Kulttuurin ja yhteiskunnan tutkimuksen lehti Media &amp; viestint\u00e4 saa ensimm\u00e4isen kerran lehden historiassa kaksi p\u00e4\u00e4toimittajaa. YTT Laura Ahva ja YTT Jenni M\u00e4enp\u00e4\u00e4 aloittavat teht\u00e4v\u00e4ss\u00e4 vuoden vaihteessa. &#8211; K\u00e4yt\u00e4nn\u00f6ss\u00e4&hellip;<\/p>\n","protected":false},"author":3,"featured_media":647,"comment_status":"closed","ping_status":"closed","sticky":false,"template":"","format":"standard","meta":{"_monsterinsights_skip_tracking":false,"_monsterinsights_sitenote_active":false,"_monsterinsights_sitenote_note":"","_monsterinsights_sitenote_category":0,"footnotes":""},"categories":[76,1],"tags":[],"class_list":["post-3919","post","type-post","status-publish","format-standard","has-post-thumbnail","hentry","category-ajankohtaista","category-yleinen"],"yoast_head":"<!-- This site is optimized with the Yoast SEO plugin v27.5 - https:\/\/yoast.com\/product\/yoast-seo-wordpress\/ -->\n<title>Media &amp; viestint\u00e4 -lehdelle uudet p\u00e4\u00e4toimittajat ja toimitussihteeri &#8211; Mevi<\/title>\n<meta name=\"robots\" content=\"index, follow, max-snippet:-1, max-image-preview:large, max-video-preview:-1\" \/>\n<link rel=\"canonical\" href=\"https:\/\/mediaviestinta.fi\/mevi2020\/2018\/11\/media-viestinta-lehdelle-uudet-paatoimittajat-ja-toimitussihteeri-2\/\" \/>\n<meta property=\"og:locale\" content=\"fi_FI\" \/>\n<meta property=\"og:type\" content=\"article\" \/>\n<meta property=\"og:title\" content=\"Media &amp; viestint\u00e4 -lehdelle uudet p\u00e4\u00e4toimittajat ja toimitussihteeri &#8211; Mevi\" \/>\n<meta property=\"og:description\" content=\"Kulttuurin ja yhteiskunnan tutkimuksen lehti Media &amp; viestint\u00e4 saa ensimm\u00e4isen kerran lehden historiassa kaksi p\u00e4\u00e4toimittajaa. YTT Laura Ahva ja YTT Jenni M\u00e4enp\u00e4\u00e4 aloittavat teht\u00e4v\u00e4ss\u00e4 vuoden vaihteessa. &#8211; K\u00e4yt\u00e4nn\u00f6ss\u00e4&hellip;\" \/>\n<meta property=\"og:url\" content=\"https:\/\/mediaviestinta.fi\/mevi2020\/2018\/11\/media-viestinta-lehdelle-uudet-paatoimittajat-ja-toimitussihteeri-2\/\" \/>\n<meta property=\"og:site_name\" content=\"Mevi\" \/>\n<meta property=\"article:publisher\" content=\"https:\/\/www.facebook.com\/MediaViestinta\/\" \/>\n<meta property=\"article:published_time\" content=\"2018-11-12T06:18:17+00:00\" \/>\n<meta property=\"article:modified_time\" content=\"2020-05-08T07:39:17+00:00\" \/>\n<meta property=\"og:image\" content=\"https:\/\/mediaviestinta.fi\/mevi2020\/wp-content\/uploads\/2014\/06\/mvlogo2.jpg\" \/>\n\t<meta property=\"og:image:width\" content=\"600\" \/>\n\t<meta property=\"og:image:height\" content=\"204\" \/>\n\t<meta property=\"og:image:type\" content=\"image\/jpeg\" \/>\n<meta name=\"author\" content=\"Mevi\" \/>\n<meta name=\"twitter:card\" content=\"summary_large_image\" \/>\n<meta name=\"twitter:creator\" content=\"@mediaviestinta\" \/>\n<meta name=\"twitter:site\" content=\"@mediaviestinta\" \/>\n<meta name=\"twitter:label1\" content=\"Kirjoittanut\" \/>\n\t<meta name=\"twitter:data1\" content=\"Mevi\" \/>\n\t<meta name=\"twitter:label2\" content=\"Arvioitu lukuaika\" \/>\n\t<meta name=\"twitter:data2\" content=\"2 minuuttia\" \/>\n<script type=\"application\/ld+json\" class=\"yoast-schema-graph\">{\"@context\":\"https:\\\/\\\/schema.org\",\"@graph\":[{\"@type\":\"Article\",\"@id\":\"https:\\\/\\\/mediaviestinta.fi\\\/mevi2020\\\/2018\\\/11\\\/media-viestinta-lehdelle-uudet-paatoimittajat-ja-toimitussihteeri-2\\\/#article\",\"isPartOf\":{\"@id\":\"https:\\\/\\\/mediaviestinta.fi\\\/mevi2020\\\/2018\\\/11\\\/media-viestinta-lehdelle-uudet-paatoimittajat-ja-toimitussihteeri-2\\\/\"},\"author\":{\"name\":\"Mevi\",\"@id\":\"https:\\\/\\\/mediaviestinta.fi\\\/#\\\/schema\\\/person\\\/b2da34ab24cfcd17dbdd6c7cfb173257\"},\"headline\":\"Media &#038; viestint\u00e4 -lehdelle uudet p\u00e4\u00e4toimittajat ja toimitussihteeri\",\"datePublished\":\"2018-11-12T06:18:17+00:00\",\"dateModified\":\"2020-05-08T07:39:17+00:00\",\"mainEntityOfPage\":{\"@id\":\"https:\\\/\\\/mediaviestinta.fi\\\/mevi2020\\\/2018\\\/11\\\/media-viestinta-lehdelle-uudet-paatoimittajat-ja-toimitussihteeri-2\\\/\"},\"wordCount\":314,\"publisher\":{\"@id\":\"https:\\\/\\\/mediaviestinta.fi\\\/#organization\"},\"image\":{\"@id\":\"https:\\\/\\\/mediaviestinta.fi\\\/mevi2020\\\/2018\\\/11\\\/media-viestinta-lehdelle-uudet-paatoimittajat-ja-toimitussihteeri-2\\\/#primaryimage\"},\"thumbnailUrl\":\"https:\\\/\\\/mediaviestinta.fi\\\/mevi2020\\\/wp-content\\\/uploads\\\/2014\\\/06\\\/mvlogo2.jpg\",\"articleSection\":[\"Ajankohtaista\"],\"inLanguage\":\"fi\"},{\"@type\":\"WebPage\",\"@id\":\"https:\\\/\\\/mediaviestinta.fi\\\/mevi2020\\\/2018\\\/11\\\/media-viestinta-lehdelle-uudet-paatoimittajat-ja-toimitussihteeri-2\\\/\",\"url\":\"https:\\\/\\\/mediaviestinta.fi\\\/mevi2020\\\/2018\\\/11\\\/media-viestinta-lehdelle-uudet-paatoimittajat-ja-toimitussihteeri-2\\\/\",\"name\":\"Media & viestint\u00e4 -lehdelle uudet p\u00e4\u00e4toimittajat ja toimitussihteeri &#8211; Mevi\",\"isPartOf\":{\"@id\":\"https:\\\/\\\/mediaviestinta.fi\\\/#website\"},\"primaryImageOfPage\":{\"@id\":\"https:\\\/\\\/mediaviestinta.fi\\\/mevi2020\\\/2018\\\/11\\\/media-viestinta-lehdelle-uudet-paatoimittajat-ja-toimitussihteeri-2\\\/#primaryimage\"},\"image\":{\"@id\":\"https:\\\/\\\/mediaviestinta.fi\\\/mevi2020\\\/2018\\\/11\\\/media-viestinta-lehdelle-uudet-paatoimittajat-ja-toimitussihteeri-2\\\/#primaryimage\"},\"thumbnailUrl\":\"https:\\\/\\\/mediaviestinta.fi\\\/mevi2020\\\/wp-content\\\/uploads\\\/2014\\\/06\\\/mvlogo2.jpg\",\"datePublished\":\"2018-11-12T06:18:17+00:00\",\"dateModified\":\"2020-05-08T07:39:17+00:00\",\"breadcrumb\":{\"@id\":\"https:\\\/\\\/mediaviestinta.fi\\\/mevi2020\\\/2018\\\/11\\\/media-viestinta-lehdelle-uudet-paatoimittajat-ja-toimitussihteeri-2\\\/#breadcrumb\"},\"inLanguage\":\"fi\",\"potentialAction\":[{\"@type\":\"ReadAction\",\"target\":[\"https:\\\/\\\/mediaviestinta.fi\\\/mevi2020\\\/2018\\\/11\\\/media-viestinta-lehdelle-uudet-paatoimittajat-ja-toimitussihteeri-2\\\/\"]}]},{\"@type\":\"ImageObject\",\"inLanguage\":\"fi\",\"@id\":\"https:\\\/\\\/mediaviestinta.fi\\\/mevi2020\\\/2018\\\/11\\\/media-viestinta-lehdelle-uudet-paatoimittajat-ja-toimitussihteeri-2\\\/#primaryimage\",\"url\":\"https:\\\/\\\/mediaviestinta.fi\\\/mevi2020\\\/wp-content\\\/uploads\\\/2014\\\/06\\\/mvlogo2.jpg\",\"contentUrl\":\"https:\\\/\\\/mediaviestinta.fi\\\/mevi2020\\\/wp-content\\\/uploads\\\/2014\\\/06\\\/mvlogo2.jpg\",\"width\":600,\"height\":204},{\"@type\":\"BreadcrumbList\",\"@id\":\"https:\\\/\\\/mediaviestinta.fi\\\/mevi2020\\\/2018\\\/11\\\/media-viestinta-lehdelle-uudet-paatoimittajat-ja-toimitussihteeri-2\\\/#breadcrumb\",\"itemListElement\":[{\"@type\":\"ListItem\",\"position\":1,\"name\":\"Home\",\"item\":\"https:\\\/\\\/mediaviestinta.fi\\\/\"},{\"@type\":\"ListItem\",\"position\":2,\"name\":\"Media &#038; viestint\u00e4 -lehdelle uudet p\u00e4\u00e4toimittajat ja toimitussihteeri\"}]},{\"@type\":\"WebSite\",\"@id\":\"https:\\\/\\\/mediaviestinta.fi\\\/#website\",\"url\":\"https:\\\/\\\/mediaviestinta.fi\\\/\",\"name\":\"Mevi\",\"description\":\"Media- ja viestint\u00e4tieteellinen seura Mevi\",\"publisher\":{\"@id\":\"https:\\\/\\\/mediaviestinta.fi\\\/#organization\"},\"potentialAction\":[{\"@type\":\"SearchAction\",\"target\":{\"@type\":\"EntryPoint\",\"urlTemplate\":\"https:\\\/\\\/mediaviestinta.fi\\\/?s={search_term_string}\"},\"query-input\":{\"@type\":\"PropertyValueSpecification\",\"valueRequired\":true,\"valueName\":\"search_term_string\"}}],\"inLanguage\":\"fi\"},{\"@type\":\"Organization\",\"@id\":\"https:\\\/\\\/mediaviestinta.fi\\\/#organization\",\"name\":\"Media- ja viestint\u00e4tieteellinen seura Mevi\",\"url\":\"https:\\\/\\\/mediaviestinta.fi\\\/\",\"logo\":{\"@type\":\"ImageObject\",\"inLanguage\":\"fi\",\"@id\":\"https:\\\/\\\/mediaviestinta.fi\\\/#\\\/schema\\\/logo\\\/image\\\/\",\"url\":\"https:\\\/\\\/mediaviestinta.fi\\\/mevi2020\\\/wp-content\\\/uploads\\\/2020\\\/03\\\/mevi-logo-RGB-Transparent.png\",\"contentUrl\":\"https:\\\/\\\/mediaviestinta.fi\\\/mevi2020\\\/wp-content\\\/uploads\\\/2020\\\/03\\\/mevi-logo-RGB-Transparent.png\",\"width\":910,\"height\":464,\"caption\":\"Media- ja viestint\u00e4tieteellinen seura Mevi\"},\"image\":{\"@id\":\"https:\\\/\\\/mediaviestinta.fi\\\/#\\\/schema\\\/logo\\\/image\\\/\"},\"sameAs\":[\"https:\\\/\\\/www.facebook.com\\\/MediaViestinta\\\/\",\"https:\\\/\\\/x.com\\\/mediaviestinta\"]},{\"@type\":\"Person\",\"@id\":\"https:\\\/\\\/mediaviestinta.fi\\\/#\\\/schema\\\/person\\\/b2da34ab24cfcd17dbdd6c7cfb173257\",\"name\":\"Mevi\",\"image\":{\"@type\":\"ImageObject\",\"inLanguage\":\"fi\",\"@id\":\"https:\\\/\\\/secure.gravatar.com\\\/avatar\\\/3305b76d1667dc119a18808ed03d6a1fc2dfa8b6a1cddecb8c4d27ef14ec32ca?s=96&d=mm&r=g\",\"url\":\"https:\\\/\\\/secure.gravatar.com\\\/avatar\\\/3305b76d1667dc119a18808ed03d6a1fc2dfa8b6a1cddecb8c4d27ef14ec32ca?s=96&d=mm&r=g\",\"contentUrl\":\"https:\\\/\\\/secure.gravatar.com\\\/avatar\\\/3305b76d1667dc119a18808ed03d6a1fc2dfa8b6a1cddecb8c4d27ef14ec32ca?s=96&d=mm&r=g\",\"caption\":\"Mevi\"},\"url\":\"https:\\\/\\\/mediaviestinta.fi\\\/mevi2020\\\/author\\\/mediavie\\\/\"}]}<\/script>\n<!-- \/ Yoast SEO plugin. -->","yoast_head_json":{"title":"Media & viestint\u00e4 -lehdelle uudet p\u00e4\u00e4toimittajat ja toimitussihteeri &#8211; Mevi","robots":{"index":"index","follow":"follow","max-snippet":"max-snippet:-1","max-image-preview":"max-image-preview:large","max-video-preview":"max-video-preview:-1"},"canonical":"https:\/\/mediaviestinta.fi\/mevi2020\/2018\/11\/media-viestinta-lehdelle-uudet-paatoimittajat-ja-toimitussihteeri-2\/","og_locale":"fi_FI","og_type":"article","og_title":"Media & viestint\u00e4 -lehdelle uudet p\u00e4\u00e4toimittajat ja toimitussihteeri &#8211; Mevi","og_description":"Kulttuurin ja yhteiskunnan tutkimuksen lehti Media &amp; viestint\u00e4 saa ensimm\u00e4isen kerran lehden historiassa kaksi p\u00e4\u00e4toimittajaa. YTT Laura Ahva ja YTT Jenni M\u00e4enp\u00e4\u00e4 aloittavat teht\u00e4v\u00e4ss\u00e4 vuoden vaihteessa. &#8211; K\u00e4yt\u00e4nn\u00f6ss\u00e4&hellip;","og_url":"https:\/\/mediaviestinta.fi\/mevi2020\/2018\/11\/media-viestinta-lehdelle-uudet-paatoimittajat-ja-toimitussihteeri-2\/","og_site_name":"Mevi","article_publisher":"https:\/\/www.facebook.com\/MediaViestinta\/","article_published_time":"2018-11-12T06:18:17+00:00","article_modified_time":"2020-05-08T07:39:17+00:00","og_image":[{"width":600,"height":204,"url":"https:\/\/mediaviestinta.fi\/mevi2020\/wp-content\/uploads\/2014\/06\/mvlogo2.jpg","type":"image\/jpeg"}],"author":"Mevi","twitter_card":"summary_large_image","twitter_creator":"@mediaviestinta","twitter_site":"@mediaviestinta","twitter_misc":{"Kirjoittanut":"Mevi","Arvioitu lukuaika":"2 minuuttia"},"schema":{"@context":"https:\/\/schema.org","@graph":[{"@type":"Article","@id":"https:\/\/mediaviestinta.fi\/mevi2020\/2018\/11\/media-viestinta-lehdelle-uudet-paatoimittajat-ja-toimitussihteeri-2\/#article","isPartOf":{"@id":"https:\/\/mediaviestinta.fi\/mevi2020\/2018\/11\/media-viestinta-lehdelle-uudet-paatoimittajat-ja-toimitussihteeri-2\/"},"author":{"name":"Mevi","@id":"https:\/\/mediaviestinta.fi\/#\/schema\/person\/b2da34ab24cfcd17dbdd6c7cfb173257"},"headline":"Media &#038; viestint\u00e4 -lehdelle uudet p\u00e4\u00e4toimittajat ja toimitussihteeri","datePublished":"2018-11-12T06:18:17+00:00","dateModified":"2020-05-08T07:39:17+00:00","mainEntityOfPage":{"@id":"https:\/\/mediaviestinta.fi\/mevi2020\/2018\/11\/media-viestinta-lehdelle-uudet-paatoimittajat-ja-toimitussihteeri-2\/"},"wordCount":314,"publisher":{"@id":"https:\/\/mediaviestinta.fi\/#organization"},"image":{"@id":"https:\/\/mediaviestinta.fi\/mevi2020\/2018\/11\/media-viestinta-lehdelle-uudet-paatoimittajat-ja-toimitussihteeri-2\/#primaryimage"},"thumbnailUrl":"https:\/\/mediaviestinta.fi\/mevi2020\/wp-content\/uploads\/2014\/06\/mvlogo2.jpg","articleSection":["Ajankohtaista"],"inLanguage":"fi"},{"@type":"WebPage","@id":"https:\/\/mediaviestinta.fi\/mevi2020\/2018\/11\/media-viestinta-lehdelle-uudet-paatoimittajat-ja-toimitussihteeri-2\/","url":"https:\/\/mediaviestinta.fi\/mevi2020\/2018\/11\/media-viestinta-lehdelle-uudet-paatoimittajat-ja-toimitussihteeri-2\/","name":"Media & viestint\u00e4 -lehdelle uudet p\u00e4\u00e4toimittajat ja toimitussihteeri &#8211; Mevi","isPartOf":{"@id":"https:\/\/mediaviestinta.fi\/#website"},"primaryImageOfPage":{"@id":"https:\/\/mediaviestinta.fi\/mevi2020\/2018\/11\/media-viestinta-lehdelle-uudet-paatoimittajat-ja-toimitussihteeri-2\/#primaryimage"},"image":{"@id":"https:\/\/mediaviestinta.fi\/mevi2020\/2018\/11\/media-viestinta-lehdelle-uudet-paatoimittajat-ja-toimitussihteeri-2\/#primaryimage"},"thumbnailUrl":"https:\/\/mediaviestinta.fi\/mevi2020\/wp-content\/uploads\/2014\/06\/mvlogo2.jpg","datePublished":"2018-11-12T06:18:17+00:00","dateModified":"2020-05-08T07:39:17+00:00","breadcrumb":{"@id":"https:\/\/mediaviestinta.fi\/mevi2020\/2018\/11\/media-viestinta-lehdelle-uudet-paatoimittajat-ja-toimitussihteeri-2\/#breadcrumb"},"inLanguage":"fi","potentialAction":[{"@type":"ReadAction","target":["https:\/\/mediaviestinta.fi\/mevi2020\/2018\/11\/media-viestinta-lehdelle-uudet-paatoimittajat-ja-toimitussihteeri-2\/"]}]},{"@type":"ImageObject","inLanguage":"fi","@id":"https:\/\/mediaviestinta.fi\/mevi2020\/2018\/11\/media-viestinta-lehdelle-uudet-paatoimittajat-ja-toimitussihteeri-2\/#primaryimage","url":"https:\/\/mediaviestinta.fi\/mevi2020\/wp-content\/uploads\/2014\/06\/mvlogo2.jpg","contentUrl":"https:\/\/mediaviestinta.fi\/mevi2020\/wp-content\/uploads\/2014\/06\/mvlogo2.jpg","width":600,"height":204},{"@type":"BreadcrumbList","@id":"https:\/\/mediaviestinta.fi\/mevi2020\/2018\/11\/media-viestinta-lehdelle-uudet-paatoimittajat-ja-toimitussihteeri-2\/#breadcrumb","itemListElement":[{"@type":"ListItem","position":1,"name":"Home","item":"https:\/\/mediaviestinta.fi\/"},{"@type":"ListItem","position":2,"name":"Media &#038; viestint\u00e4 -lehdelle uudet p\u00e4\u00e4toimittajat ja toimitussihteeri"}]},{"@type":"WebSite","@id":"https:\/\/mediaviestinta.fi\/#website","url":"https:\/\/mediaviestinta.fi\/","name":"Mevi","description":"Media- ja viestint\u00e4tieteellinen seura Mevi","publisher":{"@id":"https:\/\/mediaviestinta.fi\/#organization"},"potentialAction":[{"@type":"SearchAction","target":{"@type":"EntryPoint","urlTemplate":"https:\/\/mediaviestinta.fi\/?s={search_term_string}"},"query-input":{"@type":"PropertyValueSpecification","valueRequired":true,"valueName":"search_term_string"}}],"inLanguage":"fi"},{"@type":"Organization","@id":"https:\/\/mediaviestinta.fi\/#organization","name":"Media- ja viestint\u00e4tieteellinen seura Mevi","url":"https:\/\/mediaviestinta.fi\/","logo":{"@type":"ImageObject","inLanguage":"fi","@id":"https:\/\/mediaviestinta.fi\/#\/schema\/logo\/image\/","url":"https:\/\/mediaviestinta.fi\/mevi2020\/wp-content\/uploads\/2020\/03\/mevi-logo-RGB-Transparent.png","contentUrl":"https:\/\/mediaviestinta.fi\/mevi2020\/wp-content\/uploads\/2020\/03\/mevi-logo-RGB-Transparent.png","width":910,"height":464,"caption":"Media- ja viestint\u00e4tieteellinen seura Mevi"},"image":{"@id":"https:\/\/mediaviestinta.fi\/#\/schema\/logo\/image\/"},"sameAs":["https:\/\/www.facebook.com\/MediaViestinta\/","https:\/\/x.com\/mediaviestinta"]},{"@type":"Person","@id":"https:\/\/mediaviestinta.fi\/#\/schema\/person\/b2da34ab24cfcd17dbdd6c7cfb173257","name":"Mevi","image":{"@type":"ImageObject","inLanguage":"fi","@id":"https:\/\/secure.gravatar.com\/avatar\/3305b76d1667dc119a18808ed03d6a1fc2dfa8b6a1cddecb8c4d27ef14ec32ca?s=96&d=mm&r=g","url":"https:\/\/secure.gravatar.com\/avatar\/3305b76d1667dc119a18808ed03d6a1fc2dfa8b6a1cddecb8c4d27ef14ec32ca?s=96&d=mm&r=g","contentUrl":"https:\/\/secure.gravatar.com\/avatar\/3305b76d1667dc119a18808ed03d6a1fc2dfa8b6a1cddecb8c4d27ef14ec32ca?s=96&d=mm&r=g","caption":"Mevi"},"url":"https:\/\/mediaviestinta.fi\/mevi2020\/author\/mediavie\/"}]}},"_links":{"self":[{"href":"https:\/\/mediaviestinta.fi\/mevi2020\/wp-json\/wp\/v2\/posts\/3919","targetHints":{"allow":["GET"]}}],"collection":[{"href":"https:\/\/mediaviestinta.fi\/mevi2020\/wp-json\/wp\/v2\/posts"}],"about":[{"href":"https:\/\/mediaviestinta.fi\/mevi2020\/wp-json\/wp\/v2\/types\/post"}],"author":[{"embeddable":true,"href":"https:\/\/mediaviestinta.fi\/mevi2020\/wp-json\/wp\/v2\/users\/3"}],"replies":[{"embeddable":true,"href":"https:\/\/mediaviestinta.fi\/mevi2020\/wp-json\/wp\/v2\/comments?post=3919"}],"version-history":[{"count":1,"href":"https:\/\/mediaviestinta.fi\/mevi2020\/wp-json\/wp\/v2\/posts\/3919\/revisions"}],"predecessor-version":[{"id":4239,"href":"https:\/\/mediaviestinta.fi\/mevi2020\/wp-json\/wp\/v2\/posts\/3919\/revisions\/4239"}],"wp:featuredmedia":[{"embeddable":true,"href":"https:\/\/mediaviestinta.fi\/mevi2020\/wp-json\/wp\/v2\/media\/647"}],"wp:attachment":[{"href":"https:\/\/mediaviestinta.fi\/mevi2020\/wp-json\/wp\/v2\/media?parent=3919"}],"wp:term":[{"taxonomy":"category","embeddable":true,"href":"https:\/\/mediaviestinta.fi\/mevi2020\/wp-json\/wp\/v2\/categories?post=3919"},{"taxonomy":"post_tag","embeddable":true,"href":"https:\/\/mediaviestinta.fi\/mevi2020\/wp-json\/wp\/v2\/tags?post=3919"}],"curies":[{"name":"wp","href":"https:\/\/api.w.org\/{rel}","templated":true}]}}