{"id":3921,"date":"2019-02-12T08:47:55","date_gmt":"2019-02-12T05:47:55","guid":{"rendered":"http:\/\/mediaviestinta.fi\/blogi\/?p=3852"},"modified":"2020-05-08T10:41:14","modified_gmt":"2020-05-08T07:41:14","slug":"tulevaisuuden-kuvitteleminen-ja-tekeminen-puhuttivat-mediakritiikin-iltapaivassa","status":"publish","type":"post","link":"https:\/\/mediaviestinta.fi\/mevi2020\/2019\/02\/tulevaisuuden-kuvitteleminen-ja-tekeminen-puhuttivat-mediakritiikin-iltapaivassa\/","title":{"rendered":"Tulevaisuuden kuvitteleminen ja tekeminen puhuttivat Mediakritiikin iltap\u00e4iv\u00e4ss\u00e4"},"content":{"rendered":"<h4>Lukutaito&nbsp;ja medialukutaito ovat edellytyksi\u00e4 kansalaisena toimimiselle. Someprofiilien kautta kertyv\u00e4 tieto huolestuttaa monia, mutta&nbsp;parjatuista algoritmeist\u00e4 on my\u00f6s iloa, jos haluaa luoda uraa&nbsp;somen avulla. Toimittajat tunnistavat oman valtansa ja vastuunsa puheenaiheiden ohjautumisessa, mutta usein kiire &#8221;tyhment\u00e4\u00e4&#8221;. Empatia on&nbsp;radikaalia.<\/h4>\n<p>Muun muassa t\u00e4llaisia ajatuksia syntyi pirte\u00e4ss\u00e4&nbsp;keskustelussa Tampereen p\u00e4\u00e4kirjasto <a href=\"https:\/\/www.tampere.fi\/kulttuuri-ja-vapaa-aika\/kirjastot\/aukiolot-ja-yhteystiedot\/paakirjasto-metso.html\" target=\"_blank\" rel=\"noopener noreferrer\">Metsossa<\/a> helmikuisena tiistai-iltana.&nbsp;Tutkijoita, opiskelijoita ja muita kiinnostuneita kansalaisia yhteen tuova Mediakritiikin iltap\u00e4iv\u00e4 j\u00e4rjestettiin nyt <a href=\"https:\/\/mediaviestinta.fi\/mevi2020\/blogi\/mediakritiikin-iltapaivassa-keskusteltiin-luotettavuudesta-lapinakyvyydesta-tarinoista-ja-mikromuoveista\/\" target=\"_blank\" rel=\"noopener noreferrer\">toista kertaa<\/a>.&nbsp;<a href=\"https:\/\/www.mediataitokoulu.fi\/index.php?option=com_content&amp;view=article&amp;id=1&amp;Itemid=401&amp;lang=fi\" target=\"_blank\" rel=\"noopener noreferrer\">Mediataitoviikon<\/a> ohjelmaan kuuluvan tapahtuman teemana oli t\u00e4ll\u00e4 kertaa \u201dMedia ja tulevaisuus\u201d.<span class=\"Apple-converted-space\">&nbsp;<\/span><\/p>\n<h3>Some hirvitt\u00e4\u00e4, mutta ilman on hankala el\u00e4\u00e4<\/h3>\n<figure id=\"attachment_3854\" aria-describedby=\"caption-attachment-3854\" style=\"width: 300px\" class=\"wp-caption alignleft\"><a href=\"https:\/\/mediaviestinta.fi\/mevi2020\/blogi\/wp-content\/uploads\/2019\/02\/paneeli1.jpg\" rel=\"attachment wp-att-3854\"><img fetchpriority=\"high\" decoding=\"async\" class=\"size-medium wp-image-3854\" src=\"https:\/\/mediaviestinta.fi\/mevi2020\/blogi\/wp-content\/uploads\/2019\/02\/paneeli1-300x217.jpg\" alt=\"Aleksis Salusj\u00e4rvi, VIlle Syrj\u00e4koski ja Minna Saariketo keskustelivat mm. medialukutaidosta, somealustoista ja k\u00e4ytt\u00e4j\u00e4datasta. Kuva: Satu Sepp\u00e4.\" width=\"300\" height=\"217\"><\/a><figcaption id=\"caption-attachment-3854\" class=\"wp-caption-text\">Aleksis Salusj\u00e4rvi, Ville Syrj\u00e4koski ja Minna Saariketo keskustelivat mm. medialukutaidosta, somealustoista ja k\u00e4ytt\u00e4j\u00e4datasta. Kuva: Satu Sepp\u00e4.<\/figcaption><\/figure>\n<p>Ensimm\u00e4isen puolitoistatuntisen aikana pohdittiin mukana olemista ja k\u00e4rryilt\u00e4 tippumista erityisesti teknologian n\u00e4k\u00f6kulmasta.<span class=\"Apple-converted-space\">&nbsp;<\/span>Sosiaalisen median palveluiden k\u00e4ytt\u00f6&nbsp;kerrytt\u00e4\u00e4 meist\u00e4 k\u00e4ytt\u00e4jist\u00e4 monenlaista tietoa ylikansallisten j\u00e4ttiyritysten tarpeisiin, ja t\u00e4h\u00e4n liittyv\u00e4 kritiikki tuntui olevan jo monille tuttua: aika monta k\u00e4tt\u00e4 nousi,&nbsp;kun puheenjohtajina toimineet <strong>Eliisa Vainikka<\/strong> ja&nbsp;<strong>Jenni M\u00e4enp\u00e4\u00e4<\/strong> kysyiv\u00e4t kokemuksia&nbsp;somepaastosta.<\/p>\n<p>Paastoaminen ei kuitenkaan ole aivan yksinkertaista.&nbsp;Digitaalisia mediateknologioita&nbsp;vallan n\u00e4k\u00f6kulmasta tutkinut <strong>Minna Saariketo<\/strong> kertoi, ett\u00e4&nbsp;vaikka h\u00e4n suhtautuu somepalveluihin kriittisesti ja k\u00e4ytt\u00e4\u00e4 niit\u00e4 hyvin rajatusti,&nbsp;h\u00e4nkin tunnistaa&nbsp;niiden&nbsp;vetovoiman ja etenkin ulos j\u00e4\u00e4misen pelon. Etenkin asiantuntija-ammateissa voi&nbsp;nyky\u00e4\u00e4n olla jopa&nbsp;ongelma, jos ihmisest\u00e4 l\u00f6ytyy vain v\u00e4h\u00e4n tietoja verkosta.<\/p>\n<p>Kulttuurijournalisti <strong>Aleksis Salusj\u00e4rvi<\/strong> kertoikin suhtautuvansa omaan&nbsp;somen\u00e4kyvyyteens\u00e4 jo melko rennosti, my\u00f6s saamansa kritiikin osalta. Julkisessa&nbsp;ammatissa yksityisyytt\u00e4 ei voi varjella t\u00e4ysin, vaan lopulta joutuu vain hyv\u00e4ksym\u00e4\u00e4n sen, ett\u00e4 &#8221;naama palaa&#8221;.<\/p>\n<p>Sammon keskuslukion viestint\u00e4linjalla opiskeleva <strong>Ville Syrj\u00e4koski<\/strong> oli samoilla linjoilla.&nbsp;H\u00e4n kertoi omista kokemuksistaan tubettajana&nbsp;ja&nbsp;toi esiin, ett\u00e4 somen&nbsp;lieveilmi\u00f6ihin ja riskeihin suhtautuu&nbsp;osana sit\u00e4 toimintaymp\u00e4rist\u00f6\u00e4 jossa on p\u00e4rj\u00e4tt\u00e4v\u00e4, jos haluaa luoda uraa somen avulla.&nbsp;\u201dEi mun auta valittaa, koska ilman YouTubea en sais mit\u00e4\u00e4n aikaan\u201d.<\/p>\n<h3>Huolten vastal\u00e4\u00e4kkeeksi luottamusta ja empatiaa<\/h3>\n<p>Monille k\u00e4rryilt\u00e4 tippuminen tarkoittaa kuitenkin paljon enemm\u00e4n kuin uusimman kirahvivideon missaamista.&nbsp;Salusj\u00e4rvi, joka on opettanut lukutaitoa erilaisille syrj\u00e4ytymisriskiss\u00e4 oleville ryhmille muun muassa&nbsp;rap-ty\u00f6pajojen avulla, muistutti, ett\u00e4 osattomuutta ja n\u00e4k\u00f6alattomuutta kokevilla on riskin\u00e4 ajautua verkossa vihan kierteeseen, jossa jaetut ep\u00e4reiluuden kokemukset ruokkivat toisiaan.&nbsp;Lukutaitoa ja mediataitoja tarvitaan t\u00e4ll\u00f6in positiivisten mahdollisuuksien avaamiseen ja toimijuuden vahvistamiseen. Aivan kuten liikennes\u00e4\u00e4nt\u00f6jen lukutaito mahdollistaa hengiss\u00e4 selvi\u00e4misen liikenteess\u00e4, lukutaito mahdollistaa luovimisen yhteiskunnassa. Ihmisten valmiudet ja elinpiirit ovat kuitenkin radikaalisti erilaiset, ja siksi&nbsp;lukutaitoa on&nbsp;opetettava sellaisten asioiden kautta, jotka koskettavat ihmisten arkea.<\/p>\n<p>Cometin tutkija <strong>Paula Haara<\/strong> nosti esiin vastik\u00e4\u00e4n julkaistun &#8221;<a href=\"https:\/\/sisaltosekaannus.fi\" target=\"_blank\" rel=\"noopener noreferrer\">Sis\u00e4lt\u00f6sekaannuksen selviytymisoppaan<\/a>&#8221;, jossa tutkimuksen kerrytt\u00e4m\u00e4\u00e4 tietoa erin\u00e4isist\u00e4 h\u00e4mment\u00e4vist\u00e4 mediasis\u00e4ll\u00f6ist\u00e4&nbsp;on paketoitu helposti l\u00e4hestytt\u00e4v\u00e4\u00e4n muotoon. T\u00e4m\u00e4 opas tarjoaa kenelle tahansa ty\u00f6kaluja erilaisten mediavaikuttamisen muotojen tunnistamiseen.<\/p>\n<p>Pitkin iltaa huolten vastal\u00e4\u00e4kkeeksi nousikin paitsi&nbsp;tiedon ja taitojen lis\u00e4\u00e4minen, my\u00f6s erilaisten \u00e4\u00e4nten kuunteleminen ja empatia: parempaa tulevaisuutta ei kuvitella yksin.<\/p>\n<figure id=\"attachment_3853\" aria-describedby=\"caption-attachment-3853\" style=\"width: 300px\" class=\"wp-caption alignright\"><a href=\"https:\/\/mediaviestinta.fi\/mevi2020\/blogi\/wp-content\/uploads\/2019\/02\/paneeli2.jpg\" rel=\"attachment wp-att-3853\"><img decoding=\"async\" class=\"size-medium wp-image-3853\" src=\"https:\/\/mediaviestinta.fi\/mevi2020\/blogi\/wp-content\/uploads\/2019\/02\/paneeli2-300x225.jpg\" alt=\"Pontus Purokuru, Jari V\u00e4liverronen ja Anna Sir\u00e9n saivat keskustelulleen inspiraatiota Sammon keskuslukion opiskelijoiden tekem\u00e4st\u00e4 videoinsertist\u00e4. Kuva: Satu Sepp\u00e4. \" width=\"300\" height=\"225\"><\/a><figcaption id=\"caption-attachment-3853\" class=\"wp-caption-text\">Pontus Purokuru, Jari V\u00e4liverronen ja Anna Sir\u00e9n saivat keskustelulleen inspiraatiota Sammon keskuslukion opiskelijoiden tekem\u00e4st\u00e4 videoinsertist\u00e4. Kuva: Satu Sepp\u00e4.<\/figcaption><\/figure>\n<h3>Politiikka on muutakin kuin vaalit<\/h3>\n<p>Mediakritiikin iltap\u00e4iv\u00e4n&nbsp;suunnittelussa olivat t\u00e4n\u00e4 vuonna mukana my\u00f6s Sammon keskuslukion viestint\u00e4linjan opiskelijat, jotka muun muassa tuottivat keskustelua viritt\u00e4vi\u00e4 videoinserttej\u00e4. Illan j\u00e4lkimm\u00e4isen puoliskon&nbsp;aluksi n\u00e4hdyss\u00e4 videossa kysyttiin, onko somevaikuttaminen oikeaa&nbsp;vaikuttamista vai pelkk\u00e4\u00e4 kohujen kierr\u00e4tt\u00e4mist\u00e4.<\/p>\n<p>&#8221;Pop-filosofi&#8221;&nbsp;<strong>Pontus Purokuru<\/strong> piti harmillisena, ett\u00e4&nbsp;somevaikuttamisesta puhutaan usein v\u00e4h\u00e4ttelev\u00e4\u00e4n s\u00e4vyyn klikkiaktivismina, hyvesignalointina tai identiteettipolitiikkana. Vaikka nettiosallistuminen ei ole johtanut kansanvallan radikaaliin levi\u00e4miseen,&nbsp;kuitenkin tarjolla&nbsp;on esimerkkej\u00e4 somevaikuttamisesta&nbsp;kummunneista todella isoista yhteiskunnallisista&nbsp;vaikutuksista. Tuoreen esimerkin tarjoaa&nbsp;#metoo ja sen her\u00e4tt\u00e4m\u00e4 havahtuminen seksuaaliseen ep\u00e4tasa-arvoon ja h\u00e4irint\u00e4\u00e4n, mutta toisaalta my\u00f6s esimerkiksi perussuomalaisten &#8221;jytkyn&#8221; taustalla 2011 oli laajamittainen nettiorganisoituminen.<\/p>\n<p>Purokurun esseekokoelman nimi &#8221;<a href=\"https:\/\/www.hs.fi\/nyt\/art-2000005874941.html\" target=\"_blank\" rel=\"noopener noreferrer\">T\u00e4ysin automatisoitu avaruushomoluksuskommunismi<\/a>&#8221; her\u00e4tti salissa hilpeytt\u00e4, mutta sen kautta p\u00e4\u00e4stiin&nbsp;pohtimaan yht\u00e4 illan keskeist\u00e4 teemaa: miksi&nbsp;tulevaisuutta kuvitellaan niin helposti kyynisten uhkakuvien kautta?&nbsp;Miksi toivoa on vaikea politisoida? J\u00e4lleen syytt\u00e4v\u00e4 sormi kohdistui osin nopean ja k\u00e4rjekk\u00e4\u00e4n somehuomion&nbsp;valtaan julkisessa keskustelussa, mutta samalla kyseltiin my\u00f6s toimittajien vallan ja&nbsp;vastuun per\u00e4\u00e4n.<\/p>\n<p>Toimittaja <strong>Anna Sir\u00e9n<\/strong> kertoi, ett\u00e4 toimittajat kyll\u00e4 k\u00e4yv\u00e4t itsekriittist\u00e4 keskustelua siit\u00e4, kuinka&nbsp;medialla on valtaa ohjata keskustelua,&nbsp;etenkin n\u00e4in vaalien alla aihe puhuttaa tavallista enemm\u00e4n.&nbsp;Toimituksissa k\u00e4ytet\u00e4\u00e4n paljon energiaa sen miettimiseen, keit\u00e4 haastatellaan ja pyrit\u00e4\u00e4n tasapuolisuuteen siin\u00e4 m\u00e4\u00e4rin kuin se on mahdollista. &#8221;Usein toimittajia syytet\u00e4\u00e4n siit\u00e4, ett\u00e4 tietoisesti manipuloidaan valinnoilla, mutta useammin tosiasiassa vain kiire &#8221;tyhment\u00e4\u00e4&#8221; eli ohjaa toistamaan vanhoja tuttuja asetelmia&#8221;, Sir\u00e9n pohti.<\/p>\n<p>Suomalaista politiikan&nbsp;journalismia tutkinut <strong>Jari V\u00e4liverronen<\/strong> tarjosi keskusteluun&nbsp;niin historiallista kuin kansainv\u00e4list\u00e4 perspektiivi\u00e4 ja totesi, ett\u00e4 vaikka suomalaiset politiikan toimittajat ovat keskim\u00e4\u00e4rin muuta toimittajakuntaa i\u00e4kk\u00e4\u00e4mpi\u00e4, korkeammin koulutettuja ja enimm\u00e4kseen miehi\u00e4, n\u00e4ytt\u00e4\u00e4 kuitenkin silt\u00e4, ett\u00e4&nbsp;muutos on tulossa.<\/p>\n<p>Ilmastoaiheista kirjoittanut toimittaja <strong>Alma Onali<\/strong>&nbsp;pohti ristiriitaa, joka syntyy positiivisten&nbsp;tulevaisuuden visioiden tarpeen ja faktatiedon synkkyyden v\u00e4lille: kuinka olla empaattinen ja toiveikas vaikuttamatta naiivilta ja kritiikitt\u00f6m\u00e4lt\u00e4?<\/p>\n<p>Ainakin mediakritiikin iltap\u00e4iv\u00e4n moniulotteisen ja hyv\u00e4henkisen keskustelun perusteella voi todeta, ett\u00e4 kriittisyys ei tarkoita toivottomuutta eik\u00e4 my\u00f6nteisyys tiet\u00e4m\u00e4tt\u00f6myytt\u00e4!<\/p>\n<p>&nbsp;<\/p>\n<figure id=\"attachment_3855\" aria-describedby=\"caption-attachment-3855\" style=\"width: 300px\" class=\"wp-caption aligncenter\"><a href=\"https:\/\/mediaviestinta.fi\/mevi2020\/blogi\/wp-content\/uploads\/2019\/02\/standi.jpg\" rel=\"attachment wp-att-3855\"><img decoding=\"async\" class=\"size-medium wp-image-3855\" src=\"https:\/\/mediaviestinta.fi\/mevi2020\/blogi\/wp-content\/uploads\/2019\/02\/standi-300x225.jpg\" alt=\"Anna Rantasila ja Auli Harju esitteliv\u00e4t Mevi ry:n ja Media &amp; viestint\u00e4 -lehden toimintaa kirjaston k\u00e4vij\u00f6ille. Kuva: Satu Sepp\u00e4.\" width=\"300\" height=\"225\"><\/a><figcaption id=\"caption-attachment-3855\" class=\"wp-caption-text\">Anna Rantasila ja Auli Harju esitteliv\u00e4t Mevi ry:n ja Media &amp; viestint\u00e4 -lehden toimintaa kirjaston k\u00e4vij\u00f6ille. Kuva: Satu Sepp\u00e4.<\/figcaption><\/figure>\n","protected":false},"excerpt":{"rendered":"<p>Lukutaito&nbsp;ja medialukutaito ovat edellytyksi\u00e4 kansalaisena toimimiselle. Someprofiilien kautta kertyv\u00e4 tieto huolestuttaa monia, mutta&nbsp;parjatuista algoritmeist\u00e4 on my\u00f6s iloa, jos haluaa luoda uraa&nbsp;somen avulla. Toimittajat tunnistavat oman valtansa ja vastuunsa&hellip;<\/p>\n","protected":false},"author":3,"featured_media":4191,"comment_status":"closed","ping_status":"closed","sticky":false,"template":"","format":"standard","meta":{"_monsterinsights_skip_tracking":false,"_monsterinsights_sitenote_active":false,"_monsterinsights_sitenote_note":"","_monsterinsights_sitenote_category":0,"footnotes":""},"categories":[76,1],"tags":[59],"class_list":["post-3921","post","type-post","status-publish","format-standard","has-post-thumbnail","hentry","category-ajankohtaista","category-yleinen","tag-mediakritiikin-iltapaiva"],"yoast_head":"<!-- This site is optimized with the Yoast SEO plugin v27.5 - https:\/\/yoast.com\/product\/yoast-seo-wordpress\/ -->\n<title>Tulevaisuuden kuvitteleminen ja tekeminen puhuttivat Mediakritiikin iltap\u00e4iv\u00e4ss\u00e4 &#8211; Mevi<\/title>\n<meta name=\"robots\" content=\"index, follow, max-snippet:-1, max-image-preview:large, max-video-preview:-1\" \/>\n<link rel=\"canonical\" href=\"https:\/\/mediaviestinta.fi\/mevi2020\/2019\/02\/tulevaisuuden-kuvitteleminen-ja-tekeminen-puhuttivat-mediakritiikin-iltapaivassa\/\" \/>\n<meta property=\"og:locale\" content=\"fi_FI\" \/>\n<meta property=\"og:type\" content=\"article\" \/>\n<meta property=\"og:title\" content=\"Tulevaisuuden kuvitteleminen ja tekeminen puhuttivat Mediakritiikin iltap\u00e4iv\u00e4ss\u00e4 &#8211; Mevi\" \/>\n<meta property=\"og:description\" content=\"Lukutaito&nbsp;ja medialukutaito ovat edellytyksi\u00e4 kansalaisena toimimiselle. Someprofiilien kautta kertyv\u00e4 tieto huolestuttaa monia, mutta&nbsp;parjatuista algoritmeist\u00e4 on my\u00f6s iloa, jos haluaa luoda uraa&nbsp;somen avulla. Toimittajat tunnistavat oman valtansa ja vastuunsa&hellip;\" \/>\n<meta property=\"og:url\" content=\"https:\/\/mediaviestinta.fi\/mevi2020\/2019\/02\/tulevaisuuden-kuvitteleminen-ja-tekeminen-puhuttivat-mediakritiikin-iltapaivassa\/\" \/>\n<meta property=\"og:site_name\" content=\"Mevi\" \/>\n<meta property=\"article:publisher\" content=\"https:\/\/www.facebook.com\/MediaViestinta\/\" \/>\n<meta property=\"article:published_time\" content=\"2019-02-12T05:47:55+00:00\" \/>\n<meta property=\"article:modified_time\" content=\"2020-05-08T07:41:14+00:00\" \/>\n<meta property=\"og:image\" content=\"https:\/\/mediaviestinta.fi\/mevi2020\/wp-content\/uploads\/2019\/02\/paneeli1-e1588685066611.jpg\" \/>\n\t<meta property=\"og:image:width\" content=\"700\" \/>\n\t<meta property=\"og:image:height\" content=\"506\" \/>\n\t<meta property=\"og:image:type\" content=\"image\/jpeg\" \/>\n<meta name=\"author\" content=\"Mevi\" \/>\n<meta name=\"twitter:card\" content=\"summary_large_image\" \/>\n<meta name=\"twitter:creator\" content=\"@mediaviestinta\" \/>\n<meta name=\"twitter:site\" content=\"@mediaviestinta\" \/>\n<meta name=\"twitter:label1\" content=\"Kirjoittanut\" \/>\n\t<meta name=\"twitter:data1\" content=\"Mevi\" \/>\n\t<meta name=\"twitter:label2\" content=\"Arvioitu lukuaika\" \/>\n\t<meta name=\"twitter:data2\" content=\"5 minuuttia\" \/>\n<script type=\"application\/ld+json\" class=\"yoast-schema-graph\">{\"@context\":\"https:\\\/\\\/schema.org\",\"@graph\":[{\"@type\":\"Article\",\"@id\":\"https:\\\/\\\/mediaviestinta.fi\\\/mevi2020\\\/2019\\\/02\\\/tulevaisuuden-kuvitteleminen-ja-tekeminen-puhuttivat-mediakritiikin-iltapaivassa\\\/#article\",\"isPartOf\":{\"@id\":\"https:\\\/\\\/mediaviestinta.fi\\\/mevi2020\\\/2019\\\/02\\\/tulevaisuuden-kuvitteleminen-ja-tekeminen-puhuttivat-mediakritiikin-iltapaivassa\\\/\"},\"author\":{\"name\":\"Mevi\",\"@id\":\"https:\\\/\\\/mediaviestinta.fi\\\/#\\\/schema\\\/person\\\/b2da34ab24cfcd17dbdd6c7cfb173257\"},\"headline\":\"Tulevaisuuden kuvitteleminen ja tekeminen puhuttivat Mediakritiikin iltap\u00e4iv\u00e4ss\u00e4\",\"datePublished\":\"2019-02-12T05:47:55+00:00\",\"dateModified\":\"2020-05-08T07:41:14+00:00\",\"mainEntityOfPage\":{\"@id\":\"https:\\\/\\\/mediaviestinta.fi\\\/mevi2020\\\/2019\\\/02\\\/tulevaisuuden-kuvitteleminen-ja-tekeminen-puhuttivat-mediakritiikin-iltapaivassa\\\/\"},\"wordCount\":980,\"publisher\":{\"@id\":\"https:\\\/\\\/mediaviestinta.fi\\\/#organization\"},\"image\":{\"@id\":\"https:\\\/\\\/mediaviestinta.fi\\\/mevi2020\\\/2019\\\/02\\\/tulevaisuuden-kuvitteleminen-ja-tekeminen-puhuttivat-mediakritiikin-iltapaivassa\\\/#primaryimage\"},\"thumbnailUrl\":\"https:\\\/\\\/mediaviestinta.fi\\\/mevi2020\\\/wp-content\\\/uploads\\\/2019\\\/02\\\/paneeli1-e1588685066611.jpg\",\"keywords\":[\"mediakritiikin iltap\u00e4iv\u00e4\"],\"articleSection\":[\"Ajankohtaista\"],\"inLanguage\":\"fi\"},{\"@type\":\"WebPage\",\"@id\":\"https:\\\/\\\/mediaviestinta.fi\\\/mevi2020\\\/2019\\\/02\\\/tulevaisuuden-kuvitteleminen-ja-tekeminen-puhuttivat-mediakritiikin-iltapaivassa\\\/\",\"url\":\"https:\\\/\\\/mediaviestinta.fi\\\/mevi2020\\\/2019\\\/02\\\/tulevaisuuden-kuvitteleminen-ja-tekeminen-puhuttivat-mediakritiikin-iltapaivassa\\\/\",\"name\":\"Tulevaisuuden kuvitteleminen ja tekeminen puhuttivat Mediakritiikin iltap\u00e4iv\u00e4ss\u00e4 &#8211; Mevi\",\"isPartOf\":{\"@id\":\"https:\\\/\\\/mediaviestinta.fi\\\/#website\"},\"primaryImageOfPage\":{\"@id\":\"https:\\\/\\\/mediaviestinta.fi\\\/mevi2020\\\/2019\\\/02\\\/tulevaisuuden-kuvitteleminen-ja-tekeminen-puhuttivat-mediakritiikin-iltapaivassa\\\/#primaryimage\"},\"image\":{\"@id\":\"https:\\\/\\\/mediaviestinta.fi\\\/mevi2020\\\/2019\\\/02\\\/tulevaisuuden-kuvitteleminen-ja-tekeminen-puhuttivat-mediakritiikin-iltapaivassa\\\/#primaryimage\"},\"thumbnailUrl\":\"https:\\\/\\\/mediaviestinta.fi\\\/mevi2020\\\/wp-content\\\/uploads\\\/2019\\\/02\\\/paneeli1-e1588685066611.jpg\",\"datePublished\":\"2019-02-12T05:47:55+00:00\",\"dateModified\":\"2020-05-08T07:41:14+00:00\",\"breadcrumb\":{\"@id\":\"https:\\\/\\\/mediaviestinta.fi\\\/mevi2020\\\/2019\\\/02\\\/tulevaisuuden-kuvitteleminen-ja-tekeminen-puhuttivat-mediakritiikin-iltapaivassa\\\/#breadcrumb\"},\"inLanguage\":\"fi\",\"potentialAction\":[{\"@type\":\"ReadAction\",\"target\":[\"https:\\\/\\\/mediaviestinta.fi\\\/mevi2020\\\/2019\\\/02\\\/tulevaisuuden-kuvitteleminen-ja-tekeminen-puhuttivat-mediakritiikin-iltapaivassa\\\/\"]}]},{\"@type\":\"ImageObject\",\"inLanguage\":\"fi\",\"@id\":\"https:\\\/\\\/mediaviestinta.fi\\\/mevi2020\\\/2019\\\/02\\\/tulevaisuuden-kuvitteleminen-ja-tekeminen-puhuttivat-mediakritiikin-iltapaivassa\\\/#primaryimage\",\"url\":\"https:\\\/\\\/mediaviestinta.fi\\\/mevi2020\\\/wp-content\\\/uploads\\\/2019\\\/02\\\/paneeli1-e1588685066611.jpg\",\"contentUrl\":\"https:\\\/\\\/mediaviestinta.fi\\\/mevi2020\\\/wp-content\\\/uploads\\\/2019\\\/02\\\/paneeli1-e1588685066611.jpg\",\"width\":700,\"height\":506},{\"@type\":\"BreadcrumbList\",\"@id\":\"https:\\\/\\\/mediaviestinta.fi\\\/mevi2020\\\/2019\\\/02\\\/tulevaisuuden-kuvitteleminen-ja-tekeminen-puhuttivat-mediakritiikin-iltapaivassa\\\/#breadcrumb\",\"itemListElement\":[{\"@type\":\"ListItem\",\"position\":1,\"name\":\"Home\",\"item\":\"https:\\\/\\\/mediaviestinta.fi\\\/\"},{\"@type\":\"ListItem\",\"position\":2,\"name\":\"Tulevaisuuden kuvitteleminen ja tekeminen puhuttivat Mediakritiikin iltap\u00e4iv\u00e4ss\u00e4\"}]},{\"@type\":\"WebSite\",\"@id\":\"https:\\\/\\\/mediaviestinta.fi\\\/#website\",\"url\":\"https:\\\/\\\/mediaviestinta.fi\\\/\",\"name\":\"Mevi\",\"description\":\"Media- ja viestint\u00e4tieteellinen seura Mevi\",\"publisher\":{\"@id\":\"https:\\\/\\\/mediaviestinta.fi\\\/#organization\"},\"potentialAction\":[{\"@type\":\"SearchAction\",\"target\":{\"@type\":\"EntryPoint\",\"urlTemplate\":\"https:\\\/\\\/mediaviestinta.fi\\\/?s={search_term_string}\"},\"query-input\":{\"@type\":\"PropertyValueSpecification\",\"valueRequired\":true,\"valueName\":\"search_term_string\"}}],\"inLanguage\":\"fi\"},{\"@type\":\"Organization\",\"@id\":\"https:\\\/\\\/mediaviestinta.fi\\\/#organization\",\"name\":\"Media- ja viestint\u00e4tieteellinen seura Mevi\",\"url\":\"https:\\\/\\\/mediaviestinta.fi\\\/\",\"logo\":{\"@type\":\"ImageObject\",\"inLanguage\":\"fi\",\"@id\":\"https:\\\/\\\/mediaviestinta.fi\\\/#\\\/schema\\\/logo\\\/image\\\/\",\"url\":\"https:\\\/\\\/mediaviestinta.fi\\\/mevi2020\\\/wp-content\\\/uploads\\\/2020\\\/03\\\/mevi-logo-RGB-Transparent.png\",\"contentUrl\":\"https:\\\/\\\/mediaviestinta.fi\\\/mevi2020\\\/wp-content\\\/uploads\\\/2020\\\/03\\\/mevi-logo-RGB-Transparent.png\",\"width\":910,\"height\":464,\"caption\":\"Media- ja viestint\u00e4tieteellinen seura Mevi\"},\"image\":{\"@id\":\"https:\\\/\\\/mediaviestinta.fi\\\/#\\\/schema\\\/logo\\\/image\\\/\"},\"sameAs\":[\"https:\\\/\\\/www.facebook.com\\\/MediaViestinta\\\/\",\"https:\\\/\\\/x.com\\\/mediaviestinta\"]},{\"@type\":\"Person\",\"@id\":\"https:\\\/\\\/mediaviestinta.fi\\\/#\\\/schema\\\/person\\\/b2da34ab24cfcd17dbdd6c7cfb173257\",\"name\":\"Mevi\",\"image\":{\"@type\":\"ImageObject\",\"inLanguage\":\"fi\",\"@id\":\"https:\\\/\\\/secure.gravatar.com\\\/avatar\\\/3305b76d1667dc119a18808ed03d6a1fc2dfa8b6a1cddecb8c4d27ef14ec32ca?s=96&d=mm&r=g\",\"url\":\"https:\\\/\\\/secure.gravatar.com\\\/avatar\\\/3305b76d1667dc119a18808ed03d6a1fc2dfa8b6a1cddecb8c4d27ef14ec32ca?s=96&d=mm&r=g\",\"contentUrl\":\"https:\\\/\\\/secure.gravatar.com\\\/avatar\\\/3305b76d1667dc119a18808ed03d6a1fc2dfa8b6a1cddecb8c4d27ef14ec32ca?s=96&d=mm&r=g\",\"caption\":\"Mevi\"},\"url\":\"https:\\\/\\\/mediaviestinta.fi\\\/mevi2020\\\/author\\\/mediavie\\\/\"}]}<\/script>\n<!-- \/ Yoast SEO plugin. -->","yoast_head_json":{"title":"Tulevaisuuden kuvitteleminen ja tekeminen puhuttivat Mediakritiikin iltap\u00e4iv\u00e4ss\u00e4 &#8211; Mevi","robots":{"index":"index","follow":"follow","max-snippet":"max-snippet:-1","max-image-preview":"max-image-preview:large","max-video-preview":"max-video-preview:-1"},"canonical":"https:\/\/mediaviestinta.fi\/mevi2020\/2019\/02\/tulevaisuuden-kuvitteleminen-ja-tekeminen-puhuttivat-mediakritiikin-iltapaivassa\/","og_locale":"fi_FI","og_type":"article","og_title":"Tulevaisuuden kuvitteleminen ja tekeminen puhuttivat Mediakritiikin iltap\u00e4iv\u00e4ss\u00e4 &#8211; Mevi","og_description":"Lukutaito&nbsp;ja medialukutaito ovat edellytyksi\u00e4 kansalaisena toimimiselle. Someprofiilien kautta kertyv\u00e4 tieto huolestuttaa monia, mutta&nbsp;parjatuista algoritmeist\u00e4 on my\u00f6s iloa, jos haluaa luoda uraa&nbsp;somen avulla. Toimittajat tunnistavat oman valtansa ja vastuunsa&hellip;","og_url":"https:\/\/mediaviestinta.fi\/mevi2020\/2019\/02\/tulevaisuuden-kuvitteleminen-ja-tekeminen-puhuttivat-mediakritiikin-iltapaivassa\/","og_site_name":"Mevi","article_publisher":"https:\/\/www.facebook.com\/MediaViestinta\/","article_published_time":"2019-02-12T05:47:55+00:00","article_modified_time":"2020-05-08T07:41:14+00:00","og_image":[{"width":700,"height":506,"url":"https:\/\/mediaviestinta.fi\/mevi2020\/wp-content\/uploads\/2019\/02\/paneeli1-e1588685066611.jpg","type":"image\/jpeg"}],"author":"Mevi","twitter_card":"summary_large_image","twitter_creator":"@mediaviestinta","twitter_site":"@mediaviestinta","twitter_misc":{"Kirjoittanut":"Mevi","Arvioitu lukuaika":"5 minuuttia"},"schema":{"@context":"https:\/\/schema.org","@graph":[{"@type":"Article","@id":"https:\/\/mediaviestinta.fi\/mevi2020\/2019\/02\/tulevaisuuden-kuvitteleminen-ja-tekeminen-puhuttivat-mediakritiikin-iltapaivassa\/#article","isPartOf":{"@id":"https:\/\/mediaviestinta.fi\/mevi2020\/2019\/02\/tulevaisuuden-kuvitteleminen-ja-tekeminen-puhuttivat-mediakritiikin-iltapaivassa\/"},"author":{"name":"Mevi","@id":"https:\/\/mediaviestinta.fi\/#\/schema\/person\/b2da34ab24cfcd17dbdd6c7cfb173257"},"headline":"Tulevaisuuden kuvitteleminen ja tekeminen puhuttivat Mediakritiikin iltap\u00e4iv\u00e4ss\u00e4","datePublished":"2019-02-12T05:47:55+00:00","dateModified":"2020-05-08T07:41:14+00:00","mainEntityOfPage":{"@id":"https:\/\/mediaviestinta.fi\/mevi2020\/2019\/02\/tulevaisuuden-kuvitteleminen-ja-tekeminen-puhuttivat-mediakritiikin-iltapaivassa\/"},"wordCount":980,"publisher":{"@id":"https:\/\/mediaviestinta.fi\/#organization"},"image":{"@id":"https:\/\/mediaviestinta.fi\/mevi2020\/2019\/02\/tulevaisuuden-kuvitteleminen-ja-tekeminen-puhuttivat-mediakritiikin-iltapaivassa\/#primaryimage"},"thumbnailUrl":"https:\/\/mediaviestinta.fi\/mevi2020\/wp-content\/uploads\/2019\/02\/paneeli1-e1588685066611.jpg","keywords":["mediakritiikin iltap\u00e4iv\u00e4"],"articleSection":["Ajankohtaista"],"inLanguage":"fi"},{"@type":"WebPage","@id":"https:\/\/mediaviestinta.fi\/mevi2020\/2019\/02\/tulevaisuuden-kuvitteleminen-ja-tekeminen-puhuttivat-mediakritiikin-iltapaivassa\/","url":"https:\/\/mediaviestinta.fi\/mevi2020\/2019\/02\/tulevaisuuden-kuvitteleminen-ja-tekeminen-puhuttivat-mediakritiikin-iltapaivassa\/","name":"Tulevaisuuden kuvitteleminen ja tekeminen puhuttivat Mediakritiikin iltap\u00e4iv\u00e4ss\u00e4 &#8211; Mevi","isPartOf":{"@id":"https:\/\/mediaviestinta.fi\/#website"},"primaryImageOfPage":{"@id":"https:\/\/mediaviestinta.fi\/mevi2020\/2019\/02\/tulevaisuuden-kuvitteleminen-ja-tekeminen-puhuttivat-mediakritiikin-iltapaivassa\/#primaryimage"},"image":{"@id":"https:\/\/mediaviestinta.fi\/mevi2020\/2019\/02\/tulevaisuuden-kuvitteleminen-ja-tekeminen-puhuttivat-mediakritiikin-iltapaivassa\/#primaryimage"},"thumbnailUrl":"https:\/\/mediaviestinta.fi\/mevi2020\/wp-content\/uploads\/2019\/02\/paneeli1-e1588685066611.jpg","datePublished":"2019-02-12T05:47:55+00:00","dateModified":"2020-05-08T07:41:14+00:00","breadcrumb":{"@id":"https:\/\/mediaviestinta.fi\/mevi2020\/2019\/02\/tulevaisuuden-kuvitteleminen-ja-tekeminen-puhuttivat-mediakritiikin-iltapaivassa\/#breadcrumb"},"inLanguage":"fi","potentialAction":[{"@type":"ReadAction","target":["https:\/\/mediaviestinta.fi\/mevi2020\/2019\/02\/tulevaisuuden-kuvitteleminen-ja-tekeminen-puhuttivat-mediakritiikin-iltapaivassa\/"]}]},{"@type":"ImageObject","inLanguage":"fi","@id":"https:\/\/mediaviestinta.fi\/mevi2020\/2019\/02\/tulevaisuuden-kuvitteleminen-ja-tekeminen-puhuttivat-mediakritiikin-iltapaivassa\/#primaryimage","url":"https:\/\/mediaviestinta.fi\/mevi2020\/wp-content\/uploads\/2019\/02\/paneeli1-e1588685066611.jpg","contentUrl":"https:\/\/mediaviestinta.fi\/mevi2020\/wp-content\/uploads\/2019\/02\/paneeli1-e1588685066611.jpg","width":700,"height":506},{"@type":"BreadcrumbList","@id":"https:\/\/mediaviestinta.fi\/mevi2020\/2019\/02\/tulevaisuuden-kuvitteleminen-ja-tekeminen-puhuttivat-mediakritiikin-iltapaivassa\/#breadcrumb","itemListElement":[{"@type":"ListItem","position":1,"name":"Home","item":"https:\/\/mediaviestinta.fi\/"},{"@type":"ListItem","position":2,"name":"Tulevaisuuden kuvitteleminen ja tekeminen puhuttivat Mediakritiikin iltap\u00e4iv\u00e4ss\u00e4"}]},{"@type":"WebSite","@id":"https:\/\/mediaviestinta.fi\/#website","url":"https:\/\/mediaviestinta.fi\/","name":"Mevi","description":"Media- ja viestint\u00e4tieteellinen seura Mevi","publisher":{"@id":"https:\/\/mediaviestinta.fi\/#organization"},"potentialAction":[{"@type":"SearchAction","target":{"@type":"EntryPoint","urlTemplate":"https:\/\/mediaviestinta.fi\/?s={search_term_string}"},"query-input":{"@type":"PropertyValueSpecification","valueRequired":true,"valueName":"search_term_string"}}],"inLanguage":"fi"},{"@type":"Organization","@id":"https:\/\/mediaviestinta.fi\/#organization","name":"Media- ja viestint\u00e4tieteellinen seura Mevi","url":"https:\/\/mediaviestinta.fi\/","logo":{"@type":"ImageObject","inLanguage":"fi","@id":"https:\/\/mediaviestinta.fi\/#\/schema\/logo\/image\/","url":"https:\/\/mediaviestinta.fi\/mevi2020\/wp-content\/uploads\/2020\/03\/mevi-logo-RGB-Transparent.png","contentUrl":"https:\/\/mediaviestinta.fi\/mevi2020\/wp-content\/uploads\/2020\/03\/mevi-logo-RGB-Transparent.png","width":910,"height":464,"caption":"Media- ja viestint\u00e4tieteellinen seura Mevi"},"image":{"@id":"https:\/\/mediaviestinta.fi\/#\/schema\/logo\/image\/"},"sameAs":["https:\/\/www.facebook.com\/MediaViestinta\/","https:\/\/x.com\/mediaviestinta"]},{"@type":"Person","@id":"https:\/\/mediaviestinta.fi\/#\/schema\/person\/b2da34ab24cfcd17dbdd6c7cfb173257","name":"Mevi","image":{"@type":"ImageObject","inLanguage":"fi","@id":"https:\/\/secure.gravatar.com\/avatar\/3305b76d1667dc119a18808ed03d6a1fc2dfa8b6a1cddecb8c4d27ef14ec32ca?s=96&d=mm&r=g","url":"https:\/\/secure.gravatar.com\/avatar\/3305b76d1667dc119a18808ed03d6a1fc2dfa8b6a1cddecb8c4d27ef14ec32ca?s=96&d=mm&r=g","contentUrl":"https:\/\/secure.gravatar.com\/avatar\/3305b76d1667dc119a18808ed03d6a1fc2dfa8b6a1cddecb8c4d27ef14ec32ca?s=96&d=mm&r=g","caption":"Mevi"},"url":"https:\/\/mediaviestinta.fi\/mevi2020\/author\/mediavie\/"}]}},"_links":{"self":[{"href":"https:\/\/mediaviestinta.fi\/mevi2020\/wp-json\/wp\/v2\/posts\/3921","targetHints":{"allow":["GET"]}}],"collection":[{"href":"https:\/\/mediaviestinta.fi\/mevi2020\/wp-json\/wp\/v2\/posts"}],"about":[{"href":"https:\/\/mediaviestinta.fi\/mevi2020\/wp-json\/wp\/v2\/types\/post"}],"author":[{"embeddable":true,"href":"https:\/\/mediaviestinta.fi\/mevi2020\/wp-json\/wp\/v2\/users\/3"}],"replies":[{"embeddable":true,"href":"https:\/\/mediaviestinta.fi\/mevi2020\/wp-json\/wp\/v2\/comments?post=3921"}],"version-history":[{"count":1,"href":"https:\/\/mediaviestinta.fi\/mevi2020\/wp-json\/wp\/v2\/posts\/3921\/revisions"}],"predecessor-version":[{"id":4193,"href":"https:\/\/mediaviestinta.fi\/mevi2020\/wp-json\/wp\/v2\/posts\/3921\/revisions\/4193"}],"wp:featuredmedia":[{"embeddable":true,"href":"https:\/\/mediaviestinta.fi\/mevi2020\/wp-json\/wp\/v2\/media\/4191"}],"wp:attachment":[{"href":"https:\/\/mediaviestinta.fi\/mevi2020\/wp-json\/wp\/v2\/media?parent=3921"}],"wp:term":[{"taxonomy":"category","embeddable":true,"href":"https:\/\/mediaviestinta.fi\/mevi2020\/wp-json\/wp\/v2\/categories?post=3921"},{"taxonomy":"post_tag","embeddable":true,"href":"https:\/\/mediaviestinta.fi\/mevi2020\/wp-json\/wp\/v2\/tags?post=3921"}],"curies":[{"name":"wp","href":"https:\/\/api.w.org\/{rel}","templated":true}]}}