{"id":3922,"date":"2019-05-28T14:07:00","date_gmt":"2019-05-28T11:07:00","guid":{"rendered":"http:\/\/mediaviestinta.fi\/blogi\/?p=3888"},"modified":"2020-05-08T10:41:14","modified_gmt":"2020-05-08T07:41:14","slug":"tulossa-toukokuussa-seminaari-suomalaisten-journalistien-kansainvalisista-suhteista","status":"publish","type":"post","link":"https:\/\/mediaviestinta.fi\/mevi2020\/2019\/05\/tulossa-toukokuussa-seminaari-suomalaisten-journalistien-kansainvalisista-suhteista\/","title":{"rendered":"Seminaari suomalaisten journalistien kansainv\u00e4lisist\u00e4 suhteista"},"content":{"rendered":"<p>Mevi ry ja Suomen Journalistiliitto j\u00e4rjestiv\u00e4t toukokuussa seminaarin otsikolla Suomen journalistien kansainv\u00e4lisisisit\u00e4 suhteista: historiakirjojen ja aikalaistodistajien kertomaa. Teemansa mukaisesti seminaari kartoitti suomalaisten journalistien kansainv\u00e4lisi\u00e4 yhteyksi\u00e4 vuosien saatossa. Seminaari pidettiin Helsingiss\u00e4, Keskuskirjasto Oodin (T\u00f6\u00f6l\u00f6nlahdenkatu 4) Kuutio-salissa 27.5.2019.<\/p>\n<p>Seminaarin tarkempi ohjelma oli seuraavanlainen:<\/p>\n<p><strong>Ohjelma<\/strong><br \/>\n13.00&nbsp;&nbsp;&nbsp; Avaus: Juha Rekola (SJL)<br \/>\n13.10&nbsp;&nbsp;&nbsp; Suomalaisen journalistikunnan kansainv\u00e4listen yhteyksien pitk\u00e4 linja 1800-luvun lopulta 2000-luvun alkuun: Pirjo Munck<br \/>\n13.30&nbsp;&nbsp;&nbsp; IOJ suomalaisten areenana 1946, 1950, 1973-91: Kaarle Nordenstreng<br \/>\n13.45&nbsp;&nbsp;&nbsp; Kokemuksia IOJ:sta: RTTL &#8211; Seppo Heikki Salonen, YLL &#8211; Markku Vainio, SSL &#8211; Leena Paukku<br \/>\n14.15&nbsp;&nbsp;&nbsp; Kahvitauko<br \/>\n14.45&nbsp;&nbsp;&nbsp; SJL:n kansainv\u00e4lisyys t\u00e4n\u00e4\u00e4n: Juha Rekola, SJL<br \/>\n15.00&nbsp;&nbsp;&nbsp; Loppukeskustelu<br \/>\n16.00&nbsp;&nbsp;&nbsp; P\u00e4\u00e4t\u00f6s<\/p>\n","protected":false},"excerpt":{"rendered":"<p>Mevi ry ja Suomen Journalistiliitto j\u00e4rjestiv\u00e4t toukokuussa seminaarin otsikolla Suomen journalistien kansainv\u00e4lisisisit\u00e4 suhteista: historiakirjojen ja aikalaistodistajien kertomaa. Teemansa mukaisesti seminaari kartoitti suomalaisten journalistien kansainv\u00e4lisi\u00e4 yhteyksi\u00e4 vuosien saatossa. Seminaari&hellip;<\/p>\n","protected":false},"author":3,"featured_media":3660,"comment_status":"closed","ping_status":"closed","sticky":false,"template":"","format":"standard","meta":{"_monsterinsights_skip_tracking":false,"_monsterinsights_sitenote_active":false,"_monsterinsights_sitenote_note":"","_monsterinsights_sitenote_category":0,"footnotes":""},"categories":[76,1],"tags":[],"class_list":["post-3922","post","type-post","status-publish","format-standard","has-post-thumbnail","hentry","category-ajankohtaista","category-yleinen"],"yoast_head":"<!-- This site is optimized with the Yoast SEO plugin v27.5 - https:\/\/yoast.com\/product\/yoast-seo-wordpress\/ -->\n<title>Seminaari suomalaisten journalistien kansainv\u00e4lisist\u00e4 suhteista &#8211; Mevi<\/title>\n<meta name=\"robots\" content=\"index, follow, max-snippet:-1, max-image-preview:large, max-video-preview:-1\" \/>\n<link rel=\"canonical\" href=\"https:\/\/mediaviestinta.fi\/2019\/05\/tulossa-toukokuussa-seminaari-suomalaisten-journalistien-kansainvalisista-suhteista\/\" \/>\n<meta property=\"og:locale\" content=\"fi_FI\" \/>\n<meta property=\"og:type\" content=\"article\" \/>\n<meta property=\"og:title\" content=\"Seminaari suomalaisten journalistien kansainv\u00e4lisist\u00e4 suhteista &#8211; Mevi\" \/>\n<meta property=\"og:description\" content=\"Mevi ry ja Suomen Journalistiliitto j\u00e4rjestiv\u00e4t toukokuussa seminaarin otsikolla Suomen journalistien kansainv\u00e4lisisisit\u00e4 suhteista: historiakirjojen ja aikalaistodistajien kertomaa. Teemansa mukaisesti seminaari kartoitti suomalaisten journalistien kansainv\u00e4lisi\u00e4 yhteyksi\u00e4 vuosien saatossa. Seminaari&hellip;\" \/>\n<meta property=\"og:url\" content=\"https:\/\/mediaviestinta.fi\/2019\/05\/tulossa-toukokuussa-seminaari-suomalaisten-journalistien-kansainvalisista-suhteista\/\" \/>\n<meta property=\"og:site_name\" content=\"Mevi\" \/>\n<meta property=\"article:publisher\" content=\"https:\/\/www.facebook.com\/MediaViestinta\/\" \/>\n<meta property=\"article:published_time\" content=\"2019-05-28T11:07:00+00:00\" \/>\n<meta property=\"article:modified_time\" content=\"2020-05-08T07:41:14+00:00\" \/>\n<meta property=\"og:image\" content=\"https:\/\/mediaviestinta.fi\/mevi2020\/wp-content\/uploads\/2020\/04\/mevi-artikkeli-placeholder-kuva-01.jpg\" \/>\n\t<meta property=\"og:image:width\" content=\"700\" \/>\n\t<meta property=\"og:image:height\" content=\"400\" \/>\n\t<meta property=\"og:image:type\" content=\"image\/jpeg\" \/>\n<meta name=\"author\" content=\"Mevi\" \/>\n<meta name=\"twitter:card\" content=\"summary_large_image\" \/>\n<meta name=\"twitter:creator\" content=\"@mediaviestinta\" \/>\n<meta name=\"twitter:site\" content=\"@mediaviestinta\" \/>\n<meta name=\"twitter:label1\" content=\"Kirjoittanut\" \/>\n\t<meta name=\"twitter:data1\" content=\"Mevi\" \/>\n\t<meta name=\"twitter:label2\" content=\"Arvioitu lukuaika\" \/>\n\t<meta name=\"twitter:data2\" content=\"1 minuutti\" \/>\n<script type=\"application\/ld+json\" class=\"yoast-schema-graph\">{\"@context\":\"https:\\\/\\\/schema.org\",\"@graph\":[{\"@type\":\"Article\",\"@id\":\"https:\\\/\\\/mediaviestinta.fi\\\/2019\\\/05\\\/tulossa-toukokuussa-seminaari-suomalaisten-journalistien-kansainvalisista-suhteista\\\/#article\",\"isPartOf\":{\"@id\":\"https:\\\/\\\/mediaviestinta.fi\\\/2019\\\/05\\\/tulossa-toukokuussa-seminaari-suomalaisten-journalistien-kansainvalisista-suhteista\\\/\"},\"author\":{\"name\":\"Mevi\",\"@id\":\"https:\\\/\\\/mediaviestinta.fi\\\/#\\\/schema\\\/person\\\/b2da34ab24cfcd17dbdd6c7cfb173257\"},\"headline\":\"Seminaari suomalaisten journalistien kansainv\u00e4lisist\u00e4 suhteista\",\"datePublished\":\"2019-05-28T11:07:00+00:00\",\"dateModified\":\"2020-05-08T07:41:14+00:00\",\"mainEntityOfPage\":{\"@id\":\"https:\\\/\\\/mediaviestinta.fi\\\/2019\\\/05\\\/tulossa-toukokuussa-seminaari-suomalaisten-journalistien-kansainvalisista-suhteista\\\/\"},\"wordCount\":130,\"publisher\":{\"@id\":\"https:\\\/\\\/mediaviestinta.fi\\\/#organization\"},\"image\":{\"@id\":\"https:\\\/\\\/mediaviestinta.fi\\\/2019\\\/05\\\/tulossa-toukokuussa-seminaari-suomalaisten-journalistien-kansainvalisista-suhteista\\\/#primaryimage\"},\"thumbnailUrl\":\"https:\\\/\\\/mediaviestinta.fi\\\/mevi2020\\\/wp-content\\\/uploads\\\/2020\\\/04\\\/mevi-artikkeli-placeholder-kuva-01.jpg\",\"articleSection\":[\"Ajankohtaista\"],\"inLanguage\":\"fi\"},{\"@type\":\"WebPage\",\"@id\":\"https:\\\/\\\/mediaviestinta.fi\\\/2019\\\/05\\\/tulossa-toukokuussa-seminaari-suomalaisten-journalistien-kansainvalisista-suhteista\\\/\",\"url\":\"https:\\\/\\\/mediaviestinta.fi\\\/2019\\\/05\\\/tulossa-toukokuussa-seminaari-suomalaisten-journalistien-kansainvalisista-suhteista\\\/\",\"name\":\"Seminaari suomalaisten journalistien kansainv\u00e4lisist\u00e4 suhteista &#8211; Mevi\",\"isPartOf\":{\"@id\":\"https:\\\/\\\/mediaviestinta.fi\\\/#website\"},\"primaryImageOfPage\":{\"@id\":\"https:\\\/\\\/mediaviestinta.fi\\\/2019\\\/05\\\/tulossa-toukokuussa-seminaari-suomalaisten-journalistien-kansainvalisista-suhteista\\\/#primaryimage\"},\"image\":{\"@id\":\"https:\\\/\\\/mediaviestinta.fi\\\/2019\\\/05\\\/tulossa-toukokuussa-seminaari-suomalaisten-journalistien-kansainvalisista-suhteista\\\/#primaryimage\"},\"thumbnailUrl\":\"https:\\\/\\\/mediaviestinta.fi\\\/mevi2020\\\/wp-content\\\/uploads\\\/2020\\\/04\\\/mevi-artikkeli-placeholder-kuva-01.jpg\",\"datePublished\":\"2019-05-28T11:07:00+00:00\",\"dateModified\":\"2020-05-08T07:41:14+00:00\",\"breadcrumb\":{\"@id\":\"https:\\\/\\\/mediaviestinta.fi\\\/2019\\\/05\\\/tulossa-toukokuussa-seminaari-suomalaisten-journalistien-kansainvalisista-suhteista\\\/#breadcrumb\"},\"inLanguage\":\"fi\",\"potentialAction\":[{\"@type\":\"ReadAction\",\"target\":[\"https:\\\/\\\/mediaviestinta.fi\\\/2019\\\/05\\\/tulossa-toukokuussa-seminaari-suomalaisten-journalistien-kansainvalisista-suhteista\\\/\"]}]},{\"@type\":\"ImageObject\",\"inLanguage\":\"fi\",\"@id\":\"https:\\\/\\\/mediaviestinta.fi\\\/2019\\\/05\\\/tulossa-toukokuussa-seminaari-suomalaisten-journalistien-kansainvalisista-suhteista\\\/#primaryimage\",\"url\":\"https:\\\/\\\/mediaviestinta.fi\\\/mevi2020\\\/wp-content\\\/uploads\\\/2020\\\/04\\\/mevi-artikkeli-placeholder-kuva-01.jpg\",\"contentUrl\":\"https:\\\/\\\/mediaviestinta.fi\\\/mevi2020\\\/wp-content\\\/uploads\\\/2020\\\/04\\\/mevi-artikkeli-placeholder-kuva-01.jpg\",\"width\":700,\"height\":400},{\"@type\":\"BreadcrumbList\",\"@id\":\"https:\\\/\\\/mediaviestinta.fi\\\/2019\\\/05\\\/tulossa-toukokuussa-seminaari-suomalaisten-journalistien-kansainvalisista-suhteista\\\/#breadcrumb\",\"itemListElement\":[{\"@type\":\"ListItem\",\"position\":1,\"name\":\"Home\",\"item\":\"https:\\\/\\\/mediaviestinta.fi\\\/\"},{\"@type\":\"ListItem\",\"position\":2,\"name\":\"Seminaari suomalaisten journalistien kansainv\u00e4lisist\u00e4 suhteista\"}]},{\"@type\":\"WebSite\",\"@id\":\"https:\\\/\\\/mediaviestinta.fi\\\/#website\",\"url\":\"https:\\\/\\\/mediaviestinta.fi\\\/\",\"name\":\"Mevi\",\"description\":\"Media- ja viestint\u00e4tieteellinen seura Mevi\",\"publisher\":{\"@id\":\"https:\\\/\\\/mediaviestinta.fi\\\/#organization\"},\"potentialAction\":[{\"@type\":\"SearchAction\",\"target\":{\"@type\":\"EntryPoint\",\"urlTemplate\":\"https:\\\/\\\/mediaviestinta.fi\\\/?s={search_term_string}\"},\"query-input\":{\"@type\":\"PropertyValueSpecification\",\"valueRequired\":true,\"valueName\":\"search_term_string\"}}],\"inLanguage\":\"fi\"},{\"@type\":\"Organization\",\"@id\":\"https:\\\/\\\/mediaviestinta.fi\\\/#organization\",\"name\":\"Media- ja viestint\u00e4tieteellinen seura Mevi\",\"url\":\"https:\\\/\\\/mediaviestinta.fi\\\/\",\"logo\":{\"@type\":\"ImageObject\",\"inLanguage\":\"fi\",\"@id\":\"https:\\\/\\\/mediaviestinta.fi\\\/#\\\/schema\\\/logo\\\/image\\\/\",\"url\":\"https:\\\/\\\/mediaviestinta.fi\\\/mevi2020\\\/wp-content\\\/uploads\\\/2020\\\/03\\\/mevi-logo-RGB-Transparent.png\",\"contentUrl\":\"https:\\\/\\\/mediaviestinta.fi\\\/mevi2020\\\/wp-content\\\/uploads\\\/2020\\\/03\\\/mevi-logo-RGB-Transparent.png\",\"width\":910,\"height\":464,\"caption\":\"Media- ja viestint\u00e4tieteellinen seura Mevi\"},\"image\":{\"@id\":\"https:\\\/\\\/mediaviestinta.fi\\\/#\\\/schema\\\/logo\\\/image\\\/\"},\"sameAs\":[\"https:\\\/\\\/www.facebook.com\\\/MediaViestinta\\\/\",\"https:\\\/\\\/x.com\\\/mediaviestinta\"]},{\"@type\":\"Person\",\"@id\":\"https:\\\/\\\/mediaviestinta.fi\\\/#\\\/schema\\\/person\\\/b2da34ab24cfcd17dbdd6c7cfb173257\",\"name\":\"Mevi\",\"image\":{\"@type\":\"ImageObject\",\"inLanguage\":\"fi\",\"@id\":\"https:\\\/\\\/secure.gravatar.com\\\/avatar\\\/3305b76d1667dc119a18808ed03d6a1fc2dfa8b6a1cddecb8c4d27ef14ec32ca?s=96&d=mm&r=g\",\"url\":\"https:\\\/\\\/secure.gravatar.com\\\/avatar\\\/3305b76d1667dc119a18808ed03d6a1fc2dfa8b6a1cddecb8c4d27ef14ec32ca?s=96&d=mm&r=g\",\"contentUrl\":\"https:\\\/\\\/secure.gravatar.com\\\/avatar\\\/3305b76d1667dc119a18808ed03d6a1fc2dfa8b6a1cddecb8c4d27ef14ec32ca?s=96&d=mm&r=g\",\"caption\":\"Mevi\"},\"url\":\"https:\\\/\\\/mediaviestinta.fi\\\/mevi2020\\\/author\\\/mediavie\\\/\"}]}<\/script>\n<!-- \/ Yoast SEO plugin. -->","yoast_head_json":{"title":"Seminaari suomalaisten journalistien kansainv\u00e4lisist\u00e4 suhteista &#8211; Mevi","robots":{"index":"index","follow":"follow","max-snippet":"max-snippet:-1","max-image-preview":"max-image-preview:large","max-video-preview":"max-video-preview:-1"},"canonical":"https:\/\/mediaviestinta.fi\/2019\/05\/tulossa-toukokuussa-seminaari-suomalaisten-journalistien-kansainvalisista-suhteista\/","og_locale":"fi_FI","og_type":"article","og_title":"Seminaari suomalaisten journalistien kansainv\u00e4lisist\u00e4 suhteista &#8211; Mevi","og_description":"Mevi ry ja Suomen Journalistiliitto j\u00e4rjestiv\u00e4t toukokuussa seminaarin otsikolla Suomen journalistien kansainv\u00e4lisisisit\u00e4 suhteista: historiakirjojen ja aikalaistodistajien kertomaa. Teemansa mukaisesti seminaari kartoitti suomalaisten journalistien kansainv\u00e4lisi\u00e4 yhteyksi\u00e4 vuosien saatossa. Seminaari&hellip;","og_url":"https:\/\/mediaviestinta.fi\/2019\/05\/tulossa-toukokuussa-seminaari-suomalaisten-journalistien-kansainvalisista-suhteista\/","og_site_name":"Mevi","article_publisher":"https:\/\/www.facebook.com\/MediaViestinta\/","article_published_time":"2019-05-28T11:07:00+00:00","article_modified_time":"2020-05-08T07:41:14+00:00","og_image":[{"width":700,"height":400,"url":"https:\/\/mediaviestinta.fi\/mevi2020\/wp-content\/uploads\/2020\/04\/mevi-artikkeli-placeholder-kuva-01.jpg","type":"image\/jpeg"}],"author":"Mevi","twitter_card":"summary_large_image","twitter_creator":"@mediaviestinta","twitter_site":"@mediaviestinta","twitter_misc":{"Kirjoittanut":"Mevi","Arvioitu lukuaika":"1 minuutti"},"schema":{"@context":"https:\/\/schema.org","@graph":[{"@type":"Article","@id":"https:\/\/mediaviestinta.fi\/2019\/05\/tulossa-toukokuussa-seminaari-suomalaisten-journalistien-kansainvalisista-suhteista\/#article","isPartOf":{"@id":"https:\/\/mediaviestinta.fi\/2019\/05\/tulossa-toukokuussa-seminaari-suomalaisten-journalistien-kansainvalisista-suhteista\/"},"author":{"name":"Mevi","@id":"https:\/\/mediaviestinta.fi\/#\/schema\/person\/b2da34ab24cfcd17dbdd6c7cfb173257"},"headline":"Seminaari suomalaisten journalistien kansainv\u00e4lisist\u00e4 suhteista","datePublished":"2019-05-28T11:07:00+00:00","dateModified":"2020-05-08T07:41:14+00:00","mainEntityOfPage":{"@id":"https:\/\/mediaviestinta.fi\/2019\/05\/tulossa-toukokuussa-seminaari-suomalaisten-journalistien-kansainvalisista-suhteista\/"},"wordCount":130,"publisher":{"@id":"https:\/\/mediaviestinta.fi\/#organization"},"image":{"@id":"https:\/\/mediaviestinta.fi\/2019\/05\/tulossa-toukokuussa-seminaari-suomalaisten-journalistien-kansainvalisista-suhteista\/#primaryimage"},"thumbnailUrl":"https:\/\/mediaviestinta.fi\/mevi2020\/wp-content\/uploads\/2020\/04\/mevi-artikkeli-placeholder-kuva-01.jpg","articleSection":["Ajankohtaista"],"inLanguage":"fi"},{"@type":"WebPage","@id":"https:\/\/mediaviestinta.fi\/2019\/05\/tulossa-toukokuussa-seminaari-suomalaisten-journalistien-kansainvalisista-suhteista\/","url":"https:\/\/mediaviestinta.fi\/2019\/05\/tulossa-toukokuussa-seminaari-suomalaisten-journalistien-kansainvalisista-suhteista\/","name":"Seminaari suomalaisten journalistien kansainv\u00e4lisist\u00e4 suhteista &#8211; Mevi","isPartOf":{"@id":"https:\/\/mediaviestinta.fi\/#website"},"primaryImageOfPage":{"@id":"https:\/\/mediaviestinta.fi\/2019\/05\/tulossa-toukokuussa-seminaari-suomalaisten-journalistien-kansainvalisista-suhteista\/#primaryimage"},"image":{"@id":"https:\/\/mediaviestinta.fi\/2019\/05\/tulossa-toukokuussa-seminaari-suomalaisten-journalistien-kansainvalisista-suhteista\/#primaryimage"},"thumbnailUrl":"https:\/\/mediaviestinta.fi\/mevi2020\/wp-content\/uploads\/2020\/04\/mevi-artikkeli-placeholder-kuva-01.jpg","datePublished":"2019-05-28T11:07:00+00:00","dateModified":"2020-05-08T07:41:14+00:00","breadcrumb":{"@id":"https:\/\/mediaviestinta.fi\/2019\/05\/tulossa-toukokuussa-seminaari-suomalaisten-journalistien-kansainvalisista-suhteista\/#breadcrumb"},"inLanguage":"fi","potentialAction":[{"@type":"ReadAction","target":["https:\/\/mediaviestinta.fi\/2019\/05\/tulossa-toukokuussa-seminaari-suomalaisten-journalistien-kansainvalisista-suhteista\/"]}]},{"@type":"ImageObject","inLanguage":"fi","@id":"https:\/\/mediaviestinta.fi\/2019\/05\/tulossa-toukokuussa-seminaari-suomalaisten-journalistien-kansainvalisista-suhteista\/#primaryimage","url":"https:\/\/mediaviestinta.fi\/mevi2020\/wp-content\/uploads\/2020\/04\/mevi-artikkeli-placeholder-kuva-01.jpg","contentUrl":"https:\/\/mediaviestinta.fi\/mevi2020\/wp-content\/uploads\/2020\/04\/mevi-artikkeli-placeholder-kuva-01.jpg","width":700,"height":400},{"@type":"BreadcrumbList","@id":"https:\/\/mediaviestinta.fi\/2019\/05\/tulossa-toukokuussa-seminaari-suomalaisten-journalistien-kansainvalisista-suhteista\/#breadcrumb","itemListElement":[{"@type":"ListItem","position":1,"name":"Home","item":"https:\/\/mediaviestinta.fi\/"},{"@type":"ListItem","position":2,"name":"Seminaari suomalaisten journalistien kansainv\u00e4lisist\u00e4 suhteista"}]},{"@type":"WebSite","@id":"https:\/\/mediaviestinta.fi\/#website","url":"https:\/\/mediaviestinta.fi\/","name":"Mevi","description":"Media- ja viestint\u00e4tieteellinen seura Mevi","publisher":{"@id":"https:\/\/mediaviestinta.fi\/#organization"},"potentialAction":[{"@type":"SearchAction","target":{"@type":"EntryPoint","urlTemplate":"https:\/\/mediaviestinta.fi\/?s={search_term_string}"},"query-input":{"@type":"PropertyValueSpecification","valueRequired":true,"valueName":"search_term_string"}}],"inLanguage":"fi"},{"@type":"Organization","@id":"https:\/\/mediaviestinta.fi\/#organization","name":"Media- ja viestint\u00e4tieteellinen seura Mevi","url":"https:\/\/mediaviestinta.fi\/","logo":{"@type":"ImageObject","inLanguage":"fi","@id":"https:\/\/mediaviestinta.fi\/#\/schema\/logo\/image\/","url":"https:\/\/mediaviestinta.fi\/mevi2020\/wp-content\/uploads\/2020\/03\/mevi-logo-RGB-Transparent.png","contentUrl":"https:\/\/mediaviestinta.fi\/mevi2020\/wp-content\/uploads\/2020\/03\/mevi-logo-RGB-Transparent.png","width":910,"height":464,"caption":"Media- ja viestint\u00e4tieteellinen seura Mevi"},"image":{"@id":"https:\/\/mediaviestinta.fi\/#\/schema\/logo\/image\/"},"sameAs":["https:\/\/www.facebook.com\/MediaViestinta\/","https:\/\/x.com\/mediaviestinta"]},{"@type":"Person","@id":"https:\/\/mediaviestinta.fi\/#\/schema\/person\/b2da34ab24cfcd17dbdd6c7cfb173257","name":"Mevi","image":{"@type":"ImageObject","inLanguage":"fi","@id":"https:\/\/secure.gravatar.com\/avatar\/3305b76d1667dc119a18808ed03d6a1fc2dfa8b6a1cddecb8c4d27ef14ec32ca?s=96&d=mm&r=g","url":"https:\/\/secure.gravatar.com\/avatar\/3305b76d1667dc119a18808ed03d6a1fc2dfa8b6a1cddecb8c4d27ef14ec32ca?s=96&d=mm&r=g","contentUrl":"https:\/\/secure.gravatar.com\/avatar\/3305b76d1667dc119a18808ed03d6a1fc2dfa8b6a1cddecb8c4d27ef14ec32ca?s=96&d=mm&r=g","caption":"Mevi"},"url":"https:\/\/mediaviestinta.fi\/mevi2020\/author\/mediavie\/"}]}},"_links":{"self":[{"href":"https:\/\/mediaviestinta.fi\/mevi2020\/wp-json\/wp\/v2\/posts\/3922","targetHints":{"allow":["GET"]}}],"collection":[{"href":"https:\/\/mediaviestinta.fi\/mevi2020\/wp-json\/wp\/v2\/posts"}],"about":[{"href":"https:\/\/mediaviestinta.fi\/mevi2020\/wp-json\/wp\/v2\/types\/post"}],"author":[{"embeddable":true,"href":"https:\/\/mediaviestinta.fi\/mevi2020\/wp-json\/wp\/v2\/users\/3"}],"replies":[{"embeddable":true,"href":"https:\/\/mediaviestinta.fi\/mevi2020\/wp-json\/wp\/v2\/comments?post=3922"}],"version-history":[{"count":1,"href":"https:\/\/mediaviestinta.fi\/mevi2020\/wp-json\/wp\/v2\/posts\/3922\/revisions"}],"predecessor-version":[{"id":4140,"href":"https:\/\/mediaviestinta.fi\/mevi2020\/wp-json\/wp\/v2\/posts\/3922\/revisions\/4140"}],"wp:featuredmedia":[{"embeddable":true,"href":"https:\/\/mediaviestinta.fi\/mevi2020\/wp-json\/wp\/v2\/media\/3660"}],"wp:attachment":[{"href":"https:\/\/mediaviestinta.fi\/mevi2020\/wp-json\/wp\/v2\/media?parent=3922"}],"wp:term":[{"taxonomy":"category","embeddable":true,"href":"https:\/\/mediaviestinta.fi\/mevi2020\/wp-json\/wp\/v2\/categories?post=3922"},{"taxonomy":"post_tag","embeddable":true,"href":"https:\/\/mediaviestinta.fi\/mevi2020\/wp-json\/wp\/v2\/tags?post=3922"}],"curies":[{"name":"wp","href":"https:\/\/api.w.org\/{rel}","templated":true}]}}