{"id":3950,"date":"2019-12-19T10:34:30","date_gmt":"2019-12-19T07:34:30","guid":{"rendered":"http:\/\/mediaviestinta.fi\/blogi\/?p=3950"},"modified":"2020-05-08T10:41:14","modified_gmt":"2020-05-08T07:41:14","slug":"media-viestinta-42019-on-ilmestynyt","status":"publish","type":"post","link":"https:\/\/mediaviestinta.fi\/mevi2020\/2019\/12\/media-viestinta-42019-on-ilmestynyt\/","title":{"rendered":"Media &#038; viestint\u00e4 4\/2019 on ilmestynyt"},"content":{"rendered":"<p><a href=\"https:\/\/mediaviestinta.fi\/mevi2020\/blogi\/wp-content\/uploads\/2019\/12\/kansi-4-2019.jpg\" rel=\"attachment wp-att-3951\"><img fetchpriority=\"high\" decoding=\"async\" class=\"alignleft size-medium wp-image-3951\" src=\"https:\/\/mediaviestinta.fi\/mevi2020\/blogi\/wp-content\/uploads\/2019\/12\/kansi-4-2019-206x300.jpg\" alt=\"kansi 4-2019\" width=\"206\" height=\"300\"><\/a>Media &amp; viestint\u00e4 4\/2019 on nyt avoimesti luettavissa:&nbsp;<a href=\"https:\/\/journal.fi\/mediaviestinta\/issue\/view\/6068?fbclid=IwAR07ZVH4V0J-brrR1fIQcinSaVFK54pRFDnsbeg9Vv70wsxloRMB1_hQ0so\" target=\"_blank\" rel=\"noopener nofollow noreferrer\" data-ft=\"{&quot;tn&quot;:&quot;-U&quot;}\" data-lynx-mode=\"async\" data-lynx-uri=\"https:\/\/l.facebook.com\/l.php?u=https%3A%2F%2Fjournal.fi%2Fmediaviestinta%2Fissue%2Fview%2F6068%3Ffbclid%3DIwAR07ZVH4V0J-brrR1fIQcinSaVFK54pRFDnsbeg9Vv70wsxloRMB1_hQ0so&amp;h=AT3BJi5dn6A19GKFkZigyw8VagLI2RlCpQ-5QTMy2hTbQjJ4PAYWRJrwvUl9rW_286GkBjeqiIbFf1P9SnHin_HS0O6rl4KRaaNtWZkQLaqiTG7frX3DVo1jKtSdg0XZVvI-CGr2JBTurDy_rEwYHXYgAs5SwUAhAWgEhfiyNR_O_dK2uKXj8zFNzoURR8s6XAuJjCZ7dxDC9n1kF_rLmZJEdH87ws-eUkiIZk0WChMRCRXU91kLauCGp6uIUp_qxaUlpAntG4J3G_3QemzP80TYstt1phaj7h_ieORJc9vmHowTcgJOFhoM0hnzCr5EKGdr1TmVas8K1bb0_BWMjvYRgOco-9qM5HayoWf15OCDit7K5pBw6VHxSog7C4yOKWW_EpskeNL337RS5RgH95kWviMspPoiV06M0Vh2uQj0JC18fqBygnlgvn10DjjRbQANnNf2dDpPFcbEBST1LfzU3SSmyYn7tH4sVc0t8_JT0ZZr2Wp3Y4F8tZDfp9D6v19XDXt8-S094_aOms5Zy37Wc4poAKrruMBPDU_Csc7pWD97EbR9wI1UrfLZbLEHdD7qr2tQEHx5UpogEUeORVdnKttxGTVjYqzjv6N8eUDfULliJZacTPLZ5HcuXAVc3Nb7Iw\">https:\/\/journal.fi\/mediaviestinta\/issue\/view\/6068<\/a><\/p>\n<p>Vuoden viimeisess\u00e4 numerossa tarkastelun kohteena ovat Helsingin Sanomien kulttuurijournalismin muutos ja Ylen faktantarkistustoiminta. P\u00e4\u00e4toimittaja Laura Ahva pohtii p\u00e4\u00e4kirjoituksessaan viestint\u00e4tieteiden olemusta ja rajoja. Lis\u00e4ksi esill\u00e4 ovat Julkisen sanan neuvoston lausuma algoritmien k\u00e4yt\u00f6st\u00e4 journalismissa ja uusi pohjoismainen tutkijaverkosto NordMedia Network (<a href=\"https:\/\/nordmedianetwork.org\" target=\"_blank\" rel=\"noopener noreferrer\">https:\/\/nordmedianetwork.org<\/a>).<\/p>\n<p>Suomalaisen mediatutkimuksen historia -sarjassa ollaan mediatutkimuksen yhteiskuntatieteellistymisen \u00e4\u00e4rell\u00e4: Tarmo Malmberg tarkastelee Allardtin ja kumppaneiden Nuorison harrastukset ja yhteis\u00f6n rakenne -tutkimusta vuodelta 1958. Numerossa julkaistiin my\u00f6s marraskuussa Jyv\u00e4skyl\u00e4n yliopistossa v\u00e4itelleen Ville Mannisen lektio journalismin luotettavuudesta. Kirja-arvioissa esitell\u00e4\u00e4n syksyn uutuuskirjoja.<\/p>\n","protected":false},"excerpt":{"rendered":"<p>Media &amp; viestint\u00e4 4\/2019 on nyt avoimesti luettavissa:&nbsp;https:\/\/journal.fi\/mediaviestinta\/issue\/view\/6068 Vuoden viimeisess\u00e4 numerossa tarkastelun kohteena ovat Helsingin Sanomien kulttuurijournalismin muutos ja Ylen faktantarkistustoiminta. P\u00e4\u00e4toimittaja Laura Ahva pohtii p\u00e4\u00e4kirjoituksessaan viestint\u00e4tieteiden olemusta&hellip;<\/p>\n","protected":false},"author":3,"featured_media":3669,"comment_status":"closed","ping_status":"closed","sticky":false,"template":"","format":"standard","meta":{"_monsterinsights_skip_tracking":false,"_monsterinsights_sitenote_active":false,"_monsterinsights_sitenote_note":"","_monsterinsights_sitenote_category":0,"footnotes":""},"categories":[76,1],"tags":[],"class_list":["post-3950","post","type-post","status-publish","format-standard","has-post-thumbnail","hentry","category-ajankohtaista","category-yleinen"],"yoast_head":"<!-- This site is optimized with the Yoast SEO plugin v27.5 - https:\/\/yoast.com\/product\/yoast-seo-wordpress\/ -->\n<title>Media &amp; viestint\u00e4 4\/2019 on ilmestynyt &#8211; Mevi<\/title>\n<meta name=\"robots\" content=\"index, follow, max-snippet:-1, max-image-preview:large, max-video-preview:-1\" \/>\n<link rel=\"canonical\" href=\"https:\/\/mediaviestinta.fi\/mevi2020\/2019\/12\/media-viestinta-42019-on-ilmestynyt\/\" \/>\n<meta property=\"og:locale\" content=\"fi_FI\" \/>\n<meta property=\"og:type\" content=\"article\" \/>\n<meta property=\"og:title\" content=\"Media &amp; viestint\u00e4 4\/2019 on ilmestynyt &#8211; Mevi\" \/>\n<meta property=\"og:description\" content=\"Media &amp; viestint\u00e4 4\/2019 on nyt avoimesti luettavissa:&nbsp;https:\/\/journal.fi\/mediaviestinta\/issue\/view\/6068 Vuoden viimeisess\u00e4 numerossa tarkastelun kohteena ovat Helsingin Sanomien kulttuurijournalismin muutos ja Ylen faktantarkistustoiminta. P\u00e4\u00e4toimittaja Laura Ahva pohtii p\u00e4\u00e4kirjoituksessaan viestint\u00e4tieteiden olemusta&hellip;\" \/>\n<meta property=\"og:url\" content=\"https:\/\/mediaviestinta.fi\/mevi2020\/2019\/12\/media-viestinta-42019-on-ilmestynyt\/\" \/>\n<meta property=\"og:site_name\" content=\"Mevi\" \/>\n<meta property=\"article:publisher\" content=\"https:\/\/www.facebook.com\/MediaViestinta\/\" \/>\n<meta property=\"article:published_time\" content=\"2019-12-19T07:34:30+00:00\" \/>\n<meta property=\"article:modified_time\" content=\"2020-05-08T07:41:14+00:00\" \/>\n<meta property=\"og:image\" content=\"https:\/\/mediaviestinta.fi\/mevi2020\/wp-content\/uploads\/2020\/04\/3-osioita-journaali-01.jpg\" \/>\n\t<meta property=\"og:image:width\" content=\"400\" \/>\n\t<meta property=\"og:image:height\" content=\"400\" \/>\n\t<meta property=\"og:image:type\" content=\"image\/jpeg\" \/>\n<meta name=\"author\" content=\"Mevi\" \/>\n<meta name=\"twitter:card\" content=\"summary_large_image\" \/>\n<meta name=\"twitter:creator\" content=\"@mediaviestinta\" \/>\n<meta name=\"twitter:site\" content=\"@mediaviestinta\" \/>\n<meta name=\"twitter:label1\" content=\"Kirjoittanut\" \/>\n\t<meta name=\"twitter:data1\" content=\"Mevi\" \/>\n\t<meta name=\"twitter:label2\" content=\"Arvioitu lukuaika\" \/>\n\t<meta name=\"twitter:data2\" content=\"1 minuutti\" \/>\n<script type=\"application\/ld+json\" class=\"yoast-schema-graph\">{\"@context\":\"https:\\\/\\\/schema.org\",\"@graph\":[{\"@type\":\"Article\",\"@id\":\"https:\\\/\\\/mediaviestinta.fi\\\/mevi2020\\\/2019\\\/12\\\/media-viestinta-42019-on-ilmestynyt\\\/#article\",\"isPartOf\":{\"@id\":\"https:\\\/\\\/mediaviestinta.fi\\\/mevi2020\\\/2019\\\/12\\\/media-viestinta-42019-on-ilmestynyt\\\/\"},\"author\":{\"name\":\"Mevi\",\"@id\":\"https:\\\/\\\/mediaviestinta.fi\\\/#\\\/schema\\\/person\\\/b2da34ab24cfcd17dbdd6c7cfb173257\"},\"headline\":\"Media &#038; viestint\u00e4 4\\\/2019 on ilmestynyt\",\"datePublished\":\"2019-12-19T07:34:30+00:00\",\"dateModified\":\"2020-05-08T07:41:14+00:00\",\"mainEntityOfPage\":{\"@id\":\"https:\\\/\\\/mediaviestinta.fi\\\/mevi2020\\\/2019\\\/12\\\/media-viestinta-42019-on-ilmestynyt\\\/\"},\"wordCount\":108,\"publisher\":{\"@id\":\"https:\\\/\\\/mediaviestinta.fi\\\/#organization\"},\"image\":{\"@id\":\"https:\\\/\\\/mediaviestinta.fi\\\/mevi2020\\\/2019\\\/12\\\/media-viestinta-42019-on-ilmestynyt\\\/#primaryimage\"},\"thumbnailUrl\":\"https:\\\/\\\/mediaviestinta.fi\\\/mevi2020\\\/wp-content\\\/uploads\\\/2020\\\/04\\\/3-osioita-journaali-01.jpg\",\"articleSection\":[\"Ajankohtaista\"],\"inLanguage\":\"fi\"},{\"@type\":\"WebPage\",\"@id\":\"https:\\\/\\\/mediaviestinta.fi\\\/mevi2020\\\/2019\\\/12\\\/media-viestinta-42019-on-ilmestynyt\\\/\",\"url\":\"https:\\\/\\\/mediaviestinta.fi\\\/mevi2020\\\/2019\\\/12\\\/media-viestinta-42019-on-ilmestynyt\\\/\",\"name\":\"Media & viestint\u00e4 4\\\/2019 on ilmestynyt &#8211; Mevi\",\"isPartOf\":{\"@id\":\"https:\\\/\\\/mediaviestinta.fi\\\/#website\"},\"primaryImageOfPage\":{\"@id\":\"https:\\\/\\\/mediaviestinta.fi\\\/mevi2020\\\/2019\\\/12\\\/media-viestinta-42019-on-ilmestynyt\\\/#primaryimage\"},\"image\":{\"@id\":\"https:\\\/\\\/mediaviestinta.fi\\\/mevi2020\\\/2019\\\/12\\\/media-viestinta-42019-on-ilmestynyt\\\/#primaryimage\"},\"thumbnailUrl\":\"https:\\\/\\\/mediaviestinta.fi\\\/mevi2020\\\/wp-content\\\/uploads\\\/2020\\\/04\\\/3-osioita-journaali-01.jpg\",\"datePublished\":\"2019-12-19T07:34:30+00:00\",\"dateModified\":\"2020-05-08T07:41:14+00:00\",\"breadcrumb\":{\"@id\":\"https:\\\/\\\/mediaviestinta.fi\\\/mevi2020\\\/2019\\\/12\\\/media-viestinta-42019-on-ilmestynyt\\\/#breadcrumb\"},\"inLanguage\":\"fi\",\"potentialAction\":[{\"@type\":\"ReadAction\",\"target\":[\"https:\\\/\\\/mediaviestinta.fi\\\/mevi2020\\\/2019\\\/12\\\/media-viestinta-42019-on-ilmestynyt\\\/\"]}]},{\"@type\":\"ImageObject\",\"inLanguage\":\"fi\",\"@id\":\"https:\\\/\\\/mediaviestinta.fi\\\/mevi2020\\\/2019\\\/12\\\/media-viestinta-42019-on-ilmestynyt\\\/#primaryimage\",\"url\":\"https:\\\/\\\/mediaviestinta.fi\\\/mevi2020\\\/wp-content\\\/uploads\\\/2020\\\/04\\\/3-osioita-journaali-01.jpg\",\"contentUrl\":\"https:\\\/\\\/mediaviestinta.fi\\\/mevi2020\\\/wp-content\\\/uploads\\\/2020\\\/04\\\/3-osioita-journaali-01.jpg\",\"width\":400,\"height\":400},{\"@type\":\"BreadcrumbList\",\"@id\":\"https:\\\/\\\/mediaviestinta.fi\\\/mevi2020\\\/2019\\\/12\\\/media-viestinta-42019-on-ilmestynyt\\\/#breadcrumb\",\"itemListElement\":[{\"@type\":\"ListItem\",\"position\":1,\"name\":\"Home\",\"item\":\"https:\\\/\\\/mediaviestinta.fi\\\/\"},{\"@type\":\"ListItem\",\"position\":2,\"name\":\"Media &#038; viestint\u00e4 4\\\/2019 on ilmestynyt\"}]},{\"@type\":\"WebSite\",\"@id\":\"https:\\\/\\\/mediaviestinta.fi\\\/#website\",\"url\":\"https:\\\/\\\/mediaviestinta.fi\\\/\",\"name\":\"Mevi\",\"description\":\"Media- ja viestint\u00e4tieteellinen seura Mevi\",\"publisher\":{\"@id\":\"https:\\\/\\\/mediaviestinta.fi\\\/#organization\"},\"potentialAction\":[{\"@type\":\"SearchAction\",\"target\":{\"@type\":\"EntryPoint\",\"urlTemplate\":\"https:\\\/\\\/mediaviestinta.fi\\\/?s={search_term_string}\"},\"query-input\":{\"@type\":\"PropertyValueSpecification\",\"valueRequired\":true,\"valueName\":\"search_term_string\"}}],\"inLanguage\":\"fi\"},{\"@type\":\"Organization\",\"@id\":\"https:\\\/\\\/mediaviestinta.fi\\\/#organization\",\"name\":\"Media- ja viestint\u00e4tieteellinen seura Mevi\",\"url\":\"https:\\\/\\\/mediaviestinta.fi\\\/\",\"logo\":{\"@type\":\"ImageObject\",\"inLanguage\":\"fi\",\"@id\":\"https:\\\/\\\/mediaviestinta.fi\\\/#\\\/schema\\\/logo\\\/image\\\/\",\"url\":\"https:\\\/\\\/mediaviestinta.fi\\\/mevi2020\\\/wp-content\\\/uploads\\\/2020\\\/03\\\/mevi-logo-RGB-Transparent.png\",\"contentUrl\":\"https:\\\/\\\/mediaviestinta.fi\\\/mevi2020\\\/wp-content\\\/uploads\\\/2020\\\/03\\\/mevi-logo-RGB-Transparent.png\",\"width\":910,\"height\":464,\"caption\":\"Media- ja viestint\u00e4tieteellinen seura Mevi\"},\"image\":{\"@id\":\"https:\\\/\\\/mediaviestinta.fi\\\/#\\\/schema\\\/logo\\\/image\\\/\"},\"sameAs\":[\"https:\\\/\\\/www.facebook.com\\\/MediaViestinta\\\/\",\"https:\\\/\\\/x.com\\\/mediaviestinta\"]},{\"@type\":\"Person\",\"@id\":\"https:\\\/\\\/mediaviestinta.fi\\\/#\\\/schema\\\/person\\\/b2da34ab24cfcd17dbdd6c7cfb173257\",\"name\":\"Mevi\",\"image\":{\"@type\":\"ImageObject\",\"inLanguage\":\"fi\",\"@id\":\"https:\\\/\\\/secure.gravatar.com\\\/avatar\\\/3305b76d1667dc119a18808ed03d6a1fc2dfa8b6a1cddecb8c4d27ef14ec32ca?s=96&d=mm&r=g\",\"url\":\"https:\\\/\\\/secure.gravatar.com\\\/avatar\\\/3305b76d1667dc119a18808ed03d6a1fc2dfa8b6a1cddecb8c4d27ef14ec32ca?s=96&d=mm&r=g\",\"contentUrl\":\"https:\\\/\\\/secure.gravatar.com\\\/avatar\\\/3305b76d1667dc119a18808ed03d6a1fc2dfa8b6a1cddecb8c4d27ef14ec32ca?s=96&d=mm&r=g\",\"caption\":\"Mevi\"},\"url\":\"https:\\\/\\\/mediaviestinta.fi\\\/mevi2020\\\/author\\\/mediavie\\\/\"}]}<\/script>\n<!-- \/ Yoast SEO plugin. -->","yoast_head_json":{"title":"Media & viestint\u00e4 4\/2019 on ilmestynyt &#8211; Mevi","robots":{"index":"index","follow":"follow","max-snippet":"max-snippet:-1","max-image-preview":"max-image-preview:large","max-video-preview":"max-video-preview:-1"},"canonical":"https:\/\/mediaviestinta.fi\/mevi2020\/2019\/12\/media-viestinta-42019-on-ilmestynyt\/","og_locale":"fi_FI","og_type":"article","og_title":"Media & viestint\u00e4 4\/2019 on ilmestynyt &#8211; Mevi","og_description":"Media &amp; viestint\u00e4 4\/2019 on nyt avoimesti luettavissa:&nbsp;https:\/\/journal.fi\/mediaviestinta\/issue\/view\/6068 Vuoden viimeisess\u00e4 numerossa tarkastelun kohteena ovat Helsingin Sanomien kulttuurijournalismin muutos ja Ylen faktantarkistustoiminta. P\u00e4\u00e4toimittaja Laura Ahva pohtii p\u00e4\u00e4kirjoituksessaan viestint\u00e4tieteiden olemusta&hellip;","og_url":"https:\/\/mediaviestinta.fi\/mevi2020\/2019\/12\/media-viestinta-42019-on-ilmestynyt\/","og_site_name":"Mevi","article_publisher":"https:\/\/www.facebook.com\/MediaViestinta\/","article_published_time":"2019-12-19T07:34:30+00:00","article_modified_time":"2020-05-08T07:41:14+00:00","og_image":[{"width":400,"height":400,"url":"https:\/\/mediaviestinta.fi\/mevi2020\/wp-content\/uploads\/2020\/04\/3-osioita-journaali-01.jpg","type":"image\/jpeg"}],"author":"Mevi","twitter_card":"summary_large_image","twitter_creator":"@mediaviestinta","twitter_site":"@mediaviestinta","twitter_misc":{"Kirjoittanut":"Mevi","Arvioitu lukuaika":"1 minuutti"},"schema":{"@context":"https:\/\/schema.org","@graph":[{"@type":"Article","@id":"https:\/\/mediaviestinta.fi\/mevi2020\/2019\/12\/media-viestinta-42019-on-ilmestynyt\/#article","isPartOf":{"@id":"https:\/\/mediaviestinta.fi\/mevi2020\/2019\/12\/media-viestinta-42019-on-ilmestynyt\/"},"author":{"name":"Mevi","@id":"https:\/\/mediaviestinta.fi\/#\/schema\/person\/b2da34ab24cfcd17dbdd6c7cfb173257"},"headline":"Media &#038; viestint\u00e4 4\/2019 on ilmestynyt","datePublished":"2019-12-19T07:34:30+00:00","dateModified":"2020-05-08T07:41:14+00:00","mainEntityOfPage":{"@id":"https:\/\/mediaviestinta.fi\/mevi2020\/2019\/12\/media-viestinta-42019-on-ilmestynyt\/"},"wordCount":108,"publisher":{"@id":"https:\/\/mediaviestinta.fi\/#organization"},"image":{"@id":"https:\/\/mediaviestinta.fi\/mevi2020\/2019\/12\/media-viestinta-42019-on-ilmestynyt\/#primaryimage"},"thumbnailUrl":"https:\/\/mediaviestinta.fi\/mevi2020\/wp-content\/uploads\/2020\/04\/3-osioita-journaali-01.jpg","articleSection":["Ajankohtaista"],"inLanguage":"fi"},{"@type":"WebPage","@id":"https:\/\/mediaviestinta.fi\/mevi2020\/2019\/12\/media-viestinta-42019-on-ilmestynyt\/","url":"https:\/\/mediaviestinta.fi\/mevi2020\/2019\/12\/media-viestinta-42019-on-ilmestynyt\/","name":"Media & viestint\u00e4 4\/2019 on ilmestynyt &#8211; Mevi","isPartOf":{"@id":"https:\/\/mediaviestinta.fi\/#website"},"primaryImageOfPage":{"@id":"https:\/\/mediaviestinta.fi\/mevi2020\/2019\/12\/media-viestinta-42019-on-ilmestynyt\/#primaryimage"},"image":{"@id":"https:\/\/mediaviestinta.fi\/mevi2020\/2019\/12\/media-viestinta-42019-on-ilmestynyt\/#primaryimage"},"thumbnailUrl":"https:\/\/mediaviestinta.fi\/mevi2020\/wp-content\/uploads\/2020\/04\/3-osioita-journaali-01.jpg","datePublished":"2019-12-19T07:34:30+00:00","dateModified":"2020-05-08T07:41:14+00:00","breadcrumb":{"@id":"https:\/\/mediaviestinta.fi\/mevi2020\/2019\/12\/media-viestinta-42019-on-ilmestynyt\/#breadcrumb"},"inLanguage":"fi","potentialAction":[{"@type":"ReadAction","target":["https:\/\/mediaviestinta.fi\/mevi2020\/2019\/12\/media-viestinta-42019-on-ilmestynyt\/"]}]},{"@type":"ImageObject","inLanguage":"fi","@id":"https:\/\/mediaviestinta.fi\/mevi2020\/2019\/12\/media-viestinta-42019-on-ilmestynyt\/#primaryimage","url":"https:\/\/mediaviestinta.fi\/mevi2020\/wp-content\/uploads\/2020\/04\/3-osioita-journaali-01.jpg","contentUrl":"https:\/\/mediaviestinta.fi\/mevi2020\/wp-content\/uploads\/2020\/04\/3-osioita-journaali-01.jpg","width":400,"height":400},{"@type":"BreadcrumbList","@id":"https:\/\/mediaviestinta.fi\/mevi2020\/2019\/12\/media-viestinta-42019-on-ilmestynyt\/#breadcrumb","itemListElement":[{"@type":"ListItem","position":1,"name":"Home","item":"https:\/\/mediaviestinta.fi\/"},{"@type":"ListItem","position":2,"name":"Media &#038; viestint\u00e4 4\/2019 on ilmestynyt"}]},{"@type":"WebSite","@id":"https:\/\/mediaviestinta.fi\/#website","url":"https:\/\/mediaviestinta.fi\/","name":"Mevi","description":"Media- ja viestint\u00e4tieteellinen seura Mevi","publisher":{"@id":"https:\/\/mediaviestinta.fi\/#organization"},"potentialAction":[{"@type":"SearchAction","target":{"@type":"EntryPoint","urlTemplate":"https:\/\/mediaviestinta.fi\/?s={search_term_string}"},"query-input":{"@type":"PropertyValueSpecification","valueRequired":true,"valueName":"search_term_string"}}],"inLanguage":"fi"},{"@type":"Organization","@id":"https:\/\/mediaviestinta.fi\/#organization","name":"Media- ja viestint\u00e4tieteellinen seura Mevi","url":"https:\/\/mediaviestinta.fi\/","logo":{"@type":"ImageObject","inLanguage":"fi","@id":"https:\/\/mediaviestinta.fi\/#\/schema\/logo\/image\/","url":"https:\/\/mediaviestinta.fi\/mevi2020\/wp-content\/uploads\/2020\/03\/mevi-logo-RGB-Transparent.png","contentUrl":"https:\/\/mediaviestinta.fi\/mevi2020\/wp-content\/uploads\/2020\/03\/mevi-logo-RGB-Transparent.png","width":910,"height":464,"caption":"Media- ja viestint\u00e4tieteellinen seura Mevi"},"image":{"@id":"https:\/\/mediaviestinta.fi\/#\/schema\/logo\/image\/"},"sameAs":["https:\/\/www.facebook.com\/MediaViestinta\/","https:\/\/x.com\/mediaviestinta"]},{"@type":"Person","@id":"https:\/\/mediaviestinta.fi\/#\/schema\/person\/b2da34ab24cfcd17dbdd6c7cfb173257","name":"Mevi","image":{"@type":"ImageObject","inLanguage":"fi","@id":"https:\/\/secure.gravatar.com\/avatar\/3305b76d1667dc119a18808ed03d6a1fc2dfa8b6a1cddecb8c4d27ef14ec32ca?s=96&d=mm&r=g","url":"https:\/\/secure.gravatar.com\/avatar\/3305b76d1667dc119a18808ed03d6a1fc2dfa8b6a1cddecb8c4d27ef14ec32ca?s=96&d=mm&r=g","contentUrl":"https:\/\/secure.gravatar.com\/avatar\/3305b76d1667dc119a18808ed03d6a1fc2dfa8b6a1cddecb8c4d27ef14ec32ca?s=96&d=mm&r=g","caption":"Mevi"},"url":"https:\/\/mediaviestinta.fi\/mevi2020\/author\/mediavie\/"}]}},"_links":{"self":[{"href":"https:\/\/mediaviestinta.fi\/mevi2020\/wp-json\/wp\/v2\/posts\/3950","targetHints":{"allow":["GET"]}}],"collection":[{"href":"https:\/\/mediaviestinta.fi\/mevi2020\/wp-json\/wp\/v2\/posts"}],"about":[{"href":"https:\/\/mediaviestinta.fi\/mevi2020\/wp-json\/wp\/v2\/types\/post"}],"author":[{"embeddable":true,"href":"https:\/\/mediaviestinta.fi\/mevi2020\/wp-json\/wp\/v2\/users\/3"}],"replies":[{"embeddable":true,"href":"https:\/\/mediaviestinta.fi\/mevi2020\/wp-json\/wp\/v2\/comments?post=3950"}],"version-history":[{"count":1,"href":"https:\/\/mediaviestinta.fi\/mevi2020\/wp-json\/wp\/v2\/posts\/3950\/revisions"}],"predecessor-version":[{"id":4143,"href":"https:\/\/mediaviestinta.fi\/mevi2020\/wp-json\/wp\/v2\/posts\/3950\/revisions\/4143"}],"wp:featuredmedia":[{"embeddable":true,"href":"https:\/\/mediaviestinta.fi\/mevi2020\/wp-json\/wp\/v2\/media\/3669"}],"wp:attachment":[{"href":"https:\/\/mediaviestinta.fi\/mevi2020\/wp-json\/wp\/v2\/media?parent=3950"}],"wp:term":[{"taxonomy":"category","embeddable":true,"href":"https:\/\/mediaviestinta.fi\/mevi2020\/wp-json\/wp\/v2\/categories?post=3950"},{"taxonomy":"post_tag","embeddable":true,"href":"https:\/\/mediaviestinta.fi\/mevi2020\/wp-json\/wp\/v2\/tags?post=3950"}],"curies":[{"name":"wp","href":"https:\/\/api.w.org\/{rel}","templated":true}]}}