{"id":3985,"date":"2020-02-20T18:14:33","date_gmt":"2020-02-20T15:14:33","guid":{"rendered":"http:\/\/mediaviestinta.fi\/blogi\/?p=3985"},"modified":"2020-05-08T10:41:14","modified_gmt":"2020-05-08T07:41:14","slug":"sukupolvien-moninaisuus-nakyi-ja-kuului-mediakritiikin-iltapaivassa","status":"publish","type":"post","link":"https:\/\/mediaviestinta.fi\/mevi2020\/2020\/02\/sukupolvien-moninaisuus-nakyi-ja-kuului-mediakritiikin-iltapaivassa\/","title":{"rendered":"Sukupolvien moninaisuus n\u00e4kyi ja kuului Mediakritiikin iltap\u00e4iv\u00e4ss\u00e4"},"content":{"rendered":"<p><strong>Nuoret ja ik\u00e4\u00e4ntyneet el\u00e4v\u00e4t osin eri mediamaailmoissa, sill\u00e4 he hankkivat tietoa ja viihdett\u00e4 eri v\u00e4lineiden kautta ja erilaisista l\u00e4hteist\u00e4. Heid\u00e4n kokemuksensa median tarjoamasta maailmankuvasta on kuitenkin usein samankaltainen: sis\u00e4lt\u00f6j\u00e4 tekev\u00e4t toisen ik\u00e4luokan edustajat, jotka tuntuvat toisinaan puhuttelevan niin nuoria kuin vanhojakin arvailujen varassa ja ulkoa p\u00e4in. Onko todella n\u00e4in ja mit\u00e4 asialle voisi tehd\u00e4? Muun muassa t\u00e4llaisista asioista keskusteltiin Mediakritiikin iltap\u00e4iv\u00e4ss\u00e4 tiistaina 11.2. Tampereen p\u00e4\u00e4kirjasto Metsossa, kun teemana oli \u201dMedia ja sukupolvien moninaisuus\u201d.<\/strong><\/p>\n<p>Vaikka media erottelisi eri-ik\u00e4iset omiksi kohderyhmikseen, kirjaston Lehmus-salissa rakennettiin sukupolvien yhteist\u00e4 kokemusmaailmaa moni\u00e4\u00e4nisen keskustelun voimin. Kysymyst\u00e4 mediasta ja i\u00e4st\u00e4 l\u00e4hestyttiin yht\u00e4\u00e4lt\u00e4 mediak\u00e4ytt\u00f6tapojen, toisaalta mediasis\u00e4lt\u00f6jen puhuttelevuuden kautta.<\/p>\n<p>Aluksi pohdittiin, mist\u00e4 medioista eri ik\u00e4iset etsiv\u00e4t uutisia ja tietoa. Tampereen klassillisen lukion opiskelijat <strong>Lotta Sainio<\/strong>, <strong>Tam\u00e1s Martinec,<\/strong> <strong>Tuomas Marenk<\/strong> ja <strong>Nea<\/strong> <strong>Toropainen<\/strong> olivat tutkineet asiaa verkkokyselyn avulla, ja kolme ensiksi mainittua esitteliv\u00e4t tuloksia keskustelun virikkeeksi. Kyselyn tulokset vahvistivat pitk\u00e4lti niit\u00e4 havaintoja, mit\u00e4 on saatu aiemmissakin mediank\u00e4ytt\u00f6tutkimuksissa, ja joita illan keskustelukin tuntui tukevan: mit\u00e4 nuorempia ik\u00e4luokkia tarkastellaan, sit\u00e4 enemm\u00e4n mediak\u00e4ytt\u00f6 painottuu mobiililaitteisiin, internetiin ja sosiaaliseen mediaan. Vanhemmissa ik\u00e4luokissa ruutuaika on v\u00e4h\u00e4isemp\u00e4\u00e4 ja painottuu television katseluun, ja painettujen lehtien asema on viel\u00e4 vahva.<\/p>\n<p>Yhteisess\u00e4 keskustelussa pohdittiinkin, miten eri tavalla luottamus ja tieto rakentuvat eri sukupolvien silmiss\u00e4. Vanhemmat polvet ovat tottuneet luottamaan Yleisradion kaltaisiin instituutioihin ja toisaalta tunnistamaan n\u00e4iden taustalla vaikuttavia erilaisia kytk\u00f6ksi\u00e4 ja ideologisia painotuksia. Nuorille tieto puolestaan v\u00e4littyy usein erilaisten \u201cinfluenssereiden\u201d eli yksitt\u00e4isten vaikuttajien ja asiantuntijoiden kautta, tai luotettavuutta saatetaan hakea joukkovoimaan nojautumalla, esimerkiksi erilaisten verkkoyhteis\u00f6jen ja keskustelupalstojen kautta.<\/p>\n<h3>Kuuluuko nuorten \u00e4\u00e4ni &#8211; tai vanhojen?<\/h3>\n<p>Keskustelun moottorina toimi viiden loistavan keskustelijan paneeli. Tuomas Marenk edusti lukio-opiskelijoiden ik\u00e4luokkaa ja muistutti, ett\u00e4 vaikka nuorten mediak\u00e4ytt\u00f6 ei ehk\u00e4 aina n\u00e4yt\u00e4 vanhempien silm\u00e4\u00e4n kovin \u00e4lykk\u00e4\u00e4lt\u00e4, usein my\u00f6s meemien ja giffien takana on kuitenkin syv\u00e4 kiinnostus globaaliin maailmaan ja kansalaisuuteen.<\/p>\n<figure id=\"attachment_4002\" aria-describedby=\"caption-attachment-4002\" style=\"width: 300px\" class=\"wp-caption alignright\"><a href=\"https:\/\/mediaviestinta.fi\/mevi2020\/blogi\/wp-content\/uploads\/2020\/02\/mekriip_paneeli_M\u00e4nnist\u00f6.jpg\" rel=\"attachment wp-att-4002\"><img fetchpriority=\"high\" decoding=\"async\" class=\"wp-image-4002 size-medium\" src=\"https:\/\/mediaviestinta.fi\/mevi2020\/blogi\/wp-content\/uploads\/2020\/02\/mekriip_paneeli_M\u00e4nnist\u00f6-300x202.jpg\" alt=\"mekriip_paneeli_M\u00e4nnist\u00f6\" width=\"300\" height=\"202\" \/><\/a><figcaption id=\"caption-attachment-4002\" class=\"wp-caption-text\">Panelisteina loistivat tutkija Sanna Kivim\u00e4ki, toimittaja Tuija Siltam\u00e4ki, Iita Kettunen Tampereen Entiset Nuoret -verkostosta, RARE-median p\u00e4\u00e4toimittaja Orna Ben Lulu sek\u00e4 lukiolainen Tuomas Marenk. Kuva: Anssi M\u00e4nnist\u00f6<\/figcaption><\/figure>\n<p>Nuorille suunnatun Rare-median p\u00e4\u00e4toimittaja <strong>Orna Ben Lulu<\/strong> kertoikin, kuinka Rare pyrkii menem\u00e4\u00e4n niihin kanaviin, joita nuoret luontevasti k\u00e4ytt\u00e4v\u00e4t, ja mahdollistamaan sen, ett\u00e4 nuoret itse voivat tuottaa sis\u00e4lt\u00f6j\u00e4 kaikille yhteisist\u00e4 isoista kysymyksist\u00e4. Rare ei siis kerro vain \u201cnuorten maailmasta\u201d, vaan yhteisest\u00e4 maailmasta, mutta nuorten \u00e4\u00e4nell\u00e4.<\/p>\n<p>Tampereen Entisten Nuorten verkostoa edustanut <strong>Iita Kettunen<\/strong> nosti esiin hyvi\u00e4 kysymyksi\u00e4 medialukutaitoon liittyen. H\u00e4n muistutti, ett\u00e4 vaikka monet seniori-ik\u00e4iset kaipaisivat tukea uusien mediateknologioiden kanssa, heid\u00e4n joukossaan on toisaalta monia, joille laitteet eiv\u00e4t niink\u00e4\u00e4n tuota ongelmia, vaan sivuun j\u00e4\u00e4misen tunne voi liitty\u00e4 enemm\u00e4nkin sis\u00e4lt\u00f6ihin ja \u00e4\u00e4nen kuulumiseen yhteiskunnallisessa keskustelussa. Yleis\u00f6st\u00e4 kompattiin t\u00e4t\u00e4 ja todettiin, ett\u00e4 el\u00e4keik\u00e4iset n\u00e4kyv\u00e4t lehtien palstoilla usein ryppyisin\u00e4 k\u00e4sin\u00e4, hoivan ja sosiaalipolitiikan kohteena. Toisaalta aktiivinen vanhuus voi n\u00e4ytt\u00e4yty\u00e4 sankaritarinana \u2013 \u201dtoisessa p\u00e4\u00e4ss\u00e4 on Esperi Care ja toisessa Ter\u00e4sleidit\u201d, kuten yleis\u00f6st\u00e4 todettiin.<\/p>\n<p>Tutkija <strong>Sanna Kivim\u00e4ki<\/strong> t\u00e4ydensi puolestaan kuvaa alustavilla havainnoilla omasta tutkimushankkeestaan ja kertoi, ett\u00e4 h\u00e4n oli suorastaan yll\u00e4ttynyt siit\u00e4, miten paljon ik\u00e4\u00e4ntyneille suunnattuja mediasis\u00e4lt\u00f6j\u00e4 lopulta on tarjolla. Kohderyhm\u00e4n\u00e4 seniorit siis kyll\u00e4 tunnistetaan, mutta ehk\u00e4 heit\u00e4 puhutellaan l\u00e4hinn\u00e4 ulkoa p\u00e4in?<\/p>\n<figure id=\"attachment_4005\" aria-describedby=\"caption-attachment-4005\" style=\"width: 300px\" class=\"wp-caption alignleft\"><a href=\"https:\/\/mediaviestinta.fi\/mevi2020\/blogi\/wp-content\/uploads\/2020\/02\/mekriip_yleiskuva_juontajineen_M\u00e4nnist\u00f6.jpg\" rel=\"attachment wp-att-4005\"><img decoding=\"async\" class=\"wp-image-4005 size-medium\" src=\"https:\/\/mediaviestinta.fi\/mevi2020\/blogi\/wp-content\/uploads\/2020\/02\/mekriip_yleiskuva_juontajineen_M\u00e4nnist\u00f6-300x199.jpg\" alt=\"mekriip_yleiskuva_juontajineen_M\u00e4nnist\u00f6\" width=\"300\" height=\"199\" \/><\/a><figcaption id=\"caption-attachment-4005\" class=\"wp-caption-text\">Puheenjohtajina toimineet tutkijat Harju ja Hautakangas tiivistiv\u00e4t keskustelun t\u00e4rkeimm\u00e4n annin ajatukseen siit\u00e4, ett\u00e4 julkiseen keskusteluun tarvitaan kaikenik\u00e4isten omia \u00e4\u00e4ni\u00e4. Kuva: Anssi M\u00e4nnist\u00f6<\/figcaption><\/figure>\n<p>Toimittaja <strong>Tuija Siltam\u00e4ki<\/strong> toi keskusteluun muun muassa median tuotannon ja talouden n\u00e4k\u00f6kulmaa. Jos sanomalehdill\u00e4 ja etenkin maakuntalehdill\u00e4 on vaikeuksia puhutella edes kolmikymppist\u00e4 yleis\u00f6\u00e4, miksi sit\u00e4 nuoremmat koskaan p\u00e4\u00e4tyiv\u00e4t tilaamaan ja rahoittamaan paikallisesti tuotettua journalismia? Siltam\u00e4ki muistutti, ett\u00e4 samoin kuin h\u00e4nt\u00e4 nuoremmat ja vanhemmat, my\u00f6s h\u00e4nen ik\u00e4luokkansa kokee usein, ett\u00e4 heid\u00e4n puolestaan puhuu joku muu ja arvuuttelee ulkoa p\u00e4in, miksi nuoret aikuiset tuntuvat k\u00e4ytt\u00e4ytyv\u00e4n \u201congelmallisesti\u201d &#8211; miksi ei he eiv\u00e4t tee lapsia ja osta omistusasuntoja, kuten kunnon kansalaisen oletetaan tekev\u00e4n\u2026? Tilastojen tutkimisen ja tutkijoiden haastattelemisen sijaan vastaukset voisivat usein l\u00f6yty\u00e4 ihan vaan kysym\u00e4ll\u00e4.<\/p>\n<p>Illan puheenjohtajina toimineet tutkijat <strong>Auli Harju<\/strong> ja <strong>Mikko Hautakangas<\/strong> totesivatkin, ett\u00e4 rikkaan keskustelun t\u00e4rkeimm\u00e4n annin voisi tiivist\u00e4\u00e4 siihen ajatukseen, ett\u00e4 julkiseen keskusteluun tarvitaan kaikenik\u00e4isten omia \u00e4\u00e4ni\u00e4. Kaikilla sukupolvilla on mielenkiintoa ja halua kehitt\u00e4\u00e4 yhteist\u00e4 maailmaa, ja ainakin t\u00e4m\u00e4n illan perusteella l\u00f6ytyy my\u00f6s valmiutta kuunnella toisia ja ottaa oppia heid\u00e4n n\u00e4k\u00f6kulmistaan.<\/p>\n<h3>Jo kolmas mediakritiikin iltap\u00e4iv\u00e4<\/h3>\n<p>Mediakritiikin iltap\u00e4iv\u00e4 -keskustelutilaisuus j\u00e4rjestettiin nyt kolmannen kerran. Kansallisen Mediataitoviikon ohjelmaan kuuluvan tapahtuman j\u00e4rjest\u00e4v\u00e4t Tampereen yliopiston Tutkimuskeskus Comet, tieteellinen lehti <a href=\"https:\/\/journal.fi\/mediaviestinta\" target=\"_blank\" rel=\"noopener noreferrer\">Media &amp; viestint\u00e4 <\/a>ja sit\u00e4 julkaiseva Media- ja viestint\u00e4tieteellinen seura MEVI ry. yhdess\u00e4 Tampereen kaupunginkirjaston kanssa. Mukana j\u00e4rjestelyiss\u00e4 on ollut my\u00f6s opiskelijoita eri oppilaitoksista. T\u00e4n\u00e4 vuonna yhteisty\u00f6t\u00e4 tehtiin Tampereen klassillisen lukion kanssa. Lukioyhteisty\u00f6 toteutettiin t\u00e4ll\u00e4 kertaa osana C.V. \u00c5kerlundin medias\u00e4\u00e4ti\u00f6n rahoittamaa <a href=\"https:\/\/research.tuni.fi\/comet\/toinenaste\/\" target=\"_blank\" rel=\"noopener noreferrer\">tiedekasvatus- ja medialukutaitohanketta<\/a>.<\/p>\n<figure id=\"attachment_4008\" aria-describedby=\"caption-attachment-4008\" style=\"width: 620px\" class=\"wp-caption aligncenter\"><a href=\"https:\/\/mediaviestinta.fi\/mevi2020\/blogi\/wp-content\/uploads\/2020\/02\/mekriip_yleiso_M\u00e4nnist\u00f6.jpg\" rel=\"attachment wp-att-4008\"><img decoding=\"async\" class=\"wp-image-4008 size-large\" src=\"https:\/\/mediaviestinta.fi\/mevi2020\/blogi\/wp-content\/uploads\/2020\/02\/mekriip_yleiso_M\u00e4nnist\u00f6-1024x550.jpg\" alt=\"mekriip_yleiso_M\u00e4nnist\u00f6\" width=\"620\" height=\"333\" \/><\/a><figcaption id=\"caption-attachment-4008\" class=\"wp-caption-text\">Mediakritiikin iltap\u00e4iv\u00e4 j\u00e4rjestettiin Tampereen p\u00e4\u00e4kirjasto Metsossa tiistaina 11. helmikuuta. Kuva: Anssi M\u00e4nnist\u00f6<\/figcaption><\/figure>\n<p>(Mikko Hautakangas)<\/p>\n","protected":false},"excerpt":{"rendered":"<p>Nuoret ja ik\u00e4\u00e4ntyneet el\u00e4v\u00e4t osin eri mediamaailmoissa, sill\u00e4 he hankkivat tietoa ja viihdett\u00e4 eri v\u00e4lineiden kautta ja erilaisista l\u00e4hteist\u00e4. Heid\u00e4n kokemuksensa median tarjoamasta maailmankuvasta on kuitenkin usein samankaltainen:&hellip;<\/p>\n","protected":false},"author":3,"featured_media":4126,"comment_status":"closed","ping_status":"closed","sticky":false,"template":"","format":"standard","meta":{"_monsterinsights_skip_tracking":false,"_monsterinsights_sitenote_active":false,"_monsterinsights_sitenote_note":"","_monsterinsights_sitenote_category":0,"footnotes":""},"categories":[76,1],"tags":[59],"class_list":["post-3985","post","type-post","status-publish","format-standard","has-post-thumbnail","hentry","category-ajankohtaista","category-yleinen","tag-mediakritiikin-iltapaiva"],"yoast_head":"<!-- This site is optimized with the Yoast SEO plugin v27.5 - https:\/\/yoast.com\/product\/yoast-seo-wordpress\/ -->\n<title>Sukupolvien moninaisuus n\u00e4kyi ja kuului Mediakritiikin iltap\u00e4iv\u00e4ss\u00e4 &#8211; Mevi<\/title>\n<meta name=\"robots\" content=\"index, follow, max-snippet:-1, max-image-preview:large, max-video-preview:-1\" \/>\n<link rel=\"canonical\" href=\"https:\/\/mediaviestinta.fi\/mevi2020\/2020\/02\/sukupolvien-moninaisuus-nakyi-ja-kuului-mediakritiikin-iltapaivassa\/\" \/>\n<meta property=\"og:locale\" content=\"fi_FI\" \/>\n<meta property=\"og:type\" content=\"article\" \/>\n<meta property=\"og:title\" content=\"Sukupolvien moninaisuus n\u00e4kyi ja kuului Mediakritiikin iltap\u00e4iv\u00e4ss\u00e4 &#8211; Mevi\" \/>\n<meta property=\"og:description\" content=\"Nuoret ja ik\u00e4\u00e4ntyneet el\u00e4v\u00e4t osin eri mediamaailmoissa, sill\u00e4 he hankkivat tietoa ja viihdett\u00e4 eri v\u00e4lineiden kautta ja erilaisista l\u00e4hteist\u00e4. Heid\u00e4n kokemuksensa median tarjoamasta maailmankuvasta on kuitenkin usein samankaltainen:&hellip;\" \/>\n<meta property=\"og:url\" content=\"https:\/\/mediaviestinta.fi\/mevi2020\/2020\/02\/sukupolvien-moninaisuus-nakyi-ja-kuului-mediakritiikin-iltapaivassa\/\" \/>\n<meta property=\"og:site_name\" content=\"Mevi\" \/>\n<meta property=\"article:publisher\" content=\"https:\/\/www.facebook.com\/MediaViestinta\/\" \/>\n<meta property=\"article:published_time\" content=\"2020-02-20T15:14:33+00:00\" \/>\n<meta property=\"article:modified_time\" content=\"2020-05-08T07:41:14+00:00\" \/>\n<meta property=\"og:image\" content=\"https:\/\/mediaviestinta.fi\/mevi2020\/wp-content\/uploads\/2020\/02\/mekriip_lukiolaiset_M\u00e4nnist\u00f6-768x511-1.jpg\" \/>\n\t<meta property=\"og:image:width\" content=\"768\" \/>\n\t<meta property=\"og:image:height\" content=\"511\" \/>\n\t<meta property=\"og:image:type\" content=\"image\/jpeg\" \/>\n<meta name=\"author\" content=\"Mevi\" \/>\n<meta name=\"twitter:card\" content=\"summary_large_image\" \/>\n<meta name=\"twitter:creator\" content=\"@mediaviestinta\" \/>\n<meta name=\"twitter:site\" content=\"@mediaviestinta\" \/>\n<meta name=\"twitter:label1\" content=\"Kirjoittanut\" \/>\n\t<meta name=\"twitter:data1\" content=\"Mevi\" \/>\n\t<meta name=\"twitter:label2\" content=\"Arvioitu lukuaika\" \/>\n\t<meta name=\"twitter:data2\" content=\"4 minuuttia\" \/>\n<script type=\"application\/ld+json\" class=\"yoast-schema-graph\">{\"@context\":\"https:\\\/\\\/schema.org\",\"@graph\":[{\"@type\":\"Article\",\"@id\":\"https:\\\/\\\/mediaviestinta.fi\\\/mevi2020\\\/2020\\\/02\\\/sukupolvien-moninaisuus-nakyi-ja-kuului-mediakritiikin-iltapaivassa\\\/#article\",\"isPartOf\":{\"@id\":\"https:\\\/\\\/mediaviestinta.fi\\\/mevi2020\\\/2020\\\/02\\\/sukupolvien-moninaisuus-nakyi-ja-kuului-mediakritiikin-iltapaivassa\\\/\"},\"author\":{\"name\":\"Mevi\",\"@id\":\"https:\\\/\\\/mediaviestinta.fi\\\/#\\\/schema\\\/person\\\/b2da34ab24cfcd17dbdd6c7cfb173257\"},\"headline\":\"Sukupolvien moninaisuus n\u00e4kyi ja kuului Mediakritiikin iltap\u00e4iv\u00e4ss\u00e4\",\"datePublished\":\"2020-02-20T15:14:33+00:00\",\"dateModified\":\"2020-05-08T07:41:14+00:00\",\"mainEntityOfPage\":{\"@id\":\"https:\\\/\\\/mediaviestinta.fi\\\/mevi2020\\\/2020\\\/02\\\/sukupolvien-moninaisuus-nakyi-ja-kuului-mediakritiikin-iltapaivassa\\\/\"},\"wordCount\":892,\"publisher\":{\"@id\":\"https:\\\/\\\/mediaviestinta.fi\\\/#organization\"},\"image\":{\"@id\":\"https:\\\/\\\/mediaviestinta.fi\\\/mevi2020\\\/2020\\\/02\\\/sukupolvien-moninaisuus-nakyi-ja-kuului-mediakritiikin-iltapaivassa\\\/#primaryimage\"},\"thumbnailUrl\":\"https:\\\/\\\/mediaviestinta.fi\\\/mevi2020\\\/wp-content\\\/uploads\\\/2020\\\/02\\\/mekriip_lukiolaiset_M\u00e4nnist\u00f6-768x511-1.jpg\",\"keywords\":[\"mediakritiikin iltap\u00e4iv\u00e4\"],\"articleSection\":[\"Ajankohtaista\"],\"inLanguage\":\"fi\"},{\"@type\":\"WebPage\",\"@id\":\"https:\\\/\\\/mediaviestinta.fi\\\/mevi2020\\\/2020\\\/02\\\/sukupolvien-moninaisuus-nakyi-ja-kuului-mediakritiikin-iltapaivassa\\\/\",\"url\":\"https:\\\/\\\/mediaviestinta.fi\\\/mevi2020\\\/2020\\\/02\\\/sukupolvien-moninaisuus-nakyi-ja-kuului-mediakritiikin-iltapaivassa\\\/\",\"name\":\"Sukupolvien moninaisuus n\u00e4kyi ja kuului Mediakritiikin iltap\u00e4iv\u00e4ss\u00e4 &#8211; Mevi\",\"isPartOf\":{\"@id\":\"https:\\\/\\\/mediaviestinta.fi\\\/#website\"},\"primaryImageOfPage\":{\"@id\":\"https:\\\/\\\/mediaviestinta.fi\\\/mevi2020\\\/2020\\\/02\\\/sukupolvien-moninaisuus-nakyi-ja-kuului-mediakritiikin-iltapaivassa\\\/#primaryimage\"},\"image\":{\"@id\":\"https:\\\/\\\/mediaviestinta.fi\\\/mevi2020\\\/2020\\\/02\\\/sukupolvien-moninaisuus-nakyi-ja-kuului-mediakritiikin-iltapaivassa\\\/#primaryimage\"},\"thumbnailUrl\":\"https:\\\/\\\/mediaviestinta.fi\\\/mevi2020\\\/wp-content\\\/uploads\\\/2020\\\/02\\\/mekriip_lukiolaiset_M\u00e4nnist\u00f6-768x511-1.jpg\",\"datePublished\":\"2020-02-20T15:14:33+00:00\",\"dateModified\":\"2020-05-08T07:41:14+00:00\",\"breadcrumb\":{\"@id\":\"https:\\\/\\\/mediaviestinta.fi\\\/mevi2020\\\/2020\\\/02\\\/sukupolvien-moninaisuus-nakyi-ja-kuului-mediakritiikin-iltapaivassa\\\/#breadcrumb\"},\"inLanguage\":\"fi\",\"potentialAction\":[{\"@type\":\"ReadAction\",\"target\":[\"https:\\\/\\\/mediaviestinta.fi\\\/mevi2020\\\/2020\\\/02\\\/sukupolvien-moninaisuus-nakyi-ja-kuului-mediakritiikin-iltapaivassa\\\/\"]}]},{\"@type\":\"ImageObject\",\"inLanguage\":\"fi\",\"@id\":\"https:\\\/\\\/mediaviestinta.fi\\\/mevi2020\\\/2020\\\/02\\\/sukupolvien-moninaisuus-nakyi-ja-kuului-mediakritiikin-iltapaivassa\\\/#primaryimage\",\"url\":\"https:\\\/\\\/mediaviestinta.fi\\\/mevi2020\\\/wp-content\\\/uploads\\\/2020\\\/02\\\/mekriip_lukiolaiset_M\u00e4nnist\u00f6-768x511-1.jpg\",\"contentUrl\":\"https:\\\/\\\/mediaviestinta.fi\\\/mevi2020\\\/wp-content\\\/uploads\\\/2020\\\/02\\\/mekriip_lukiolaiset_M\u00e4nnist\u00f6-768x511-1.jpg\",\"width\":768,\"height\":511,\"caption\":\"T\u00e4n\u00e4 vuonna Mediakritiikin iltap\u00e4iv\u00e4 toteutettiin yhdess\u00e4 Tampereen klassillisen lukion opiskelijoiden kanssa. Kuvassa (vas.) tutkija Auli Harju, lukiolainen Tuomas Marenk, tutkija Mikko Hautakangas, lukiolainen Lotta Sainio, \u00e4idinkielen ja kirjallisuuden opettaja Johanna Riponiemi sek\u00e4 lukiolainen Tam\u00e1s Martinec. Kuva: Anssi M\u00e4nnist\u00f6\"},{\"@type\":\"BreadcrumbList\",\"@id\":\"https:\\\/\\\/mediaviestinta.fi\\\/mevi2020\\\/2020\\\/02\\\/sukupolvien-moninaisuus-nakyi-ja-kuului-mediakritiikin-iltapaivassa\\\/#breadcrumb\",\"itemListElement\":[{\"@type\":\"ListItem\",\"position\":1,\"name\":\"Home\",\"item\":\"https:\\\/\\\/mediaviestinta.fi\\\/\"},{\"@type\":\"ListItem\",\"position\":2,\"name\":\"Sukupolvien moninaisuus n\u00e4kyi ja kuului Mediakritiikin iltap\u00e4iv\u00e4ss\u00e4\"}]},{\"@type\":\"WebSite\",\"@id\":\"https:\\\/\\\/mediaviestinta.fi\\\/#website\",\"url\":\"https:\\\/\\\/mediaviestinta.fi\\\/\",\"name\":\"Mevi\",\"description\":\"Media- ja viestint\u00e4tieteellinen seura Mevi\",\"publisher\":{\"@id\":\"https:\\\/\\\/mediaviestinta.fi\\\/#organization\"},\"potentialAction\":[{\"@type\":\"SearchAction\",\"target\":{\"@type\":\"EntryPoint\",\"urlTemplate\":\"https:\\\/\\\/mediaviestinta.fi\\\/?s={search_term_string}\"},\"query-input\":{\"@type\":\"PropertyValueSpecification\",\"valueRequired\":true,\"valueName\":\"search_term_string\"}}],\"inLanguage\":\"fi\"},{\"@type\":\"Organization\",\"@id\":\"https:\\\/\\\/mediaviestinta.fi\\\/#organization\",\"name\":\"Media- ja viestint\u00e4tieteellinen seura Mevi\",\"url\":\"https:\\\/\\\/mediaviestinta.fi\\\/\",\"logo\":{\"@type\":\"ImageObject\",\"inLanguage\":\"fi\",\"@id\":\"https:\\\/\\\/mediaviestinta.fi\\\/#\\\/schema\\\/logo\\\/image\\\/\",\"url\":\"https:\\\/\\\/mediaviestinta.fi\\\/mevi2020\\\/wp-content\\\/uploads\\\/2020\\\/03\\\/mevi-logo-RGB-Transparent.png\",\"contentUrl\":\"https:\\\/\\\/mediaviestinta.fi\\\/mevi2020\\\/wp-content\\\/uploads\\\/2020\\\/03\\\/mevi-logo-RGB-Transparent.png\",\"width\":910,\"height\":464,\"caption\":\"Media- ja viestint\u00e4tieteellinen seura Mevi\"},\"image\":{\"@id\":\"https:\\\/\\\/mediaviestinta.fi\\\/#\\\/schema\\\/logo\\\/image\\\/\"},\"sameAs\":[\"https:\\\/\\\/www.facebook.com\\\/MediaViestinta\\\/\",\"https:\\\/\\\/x.com\\\/mediaviestinta\"]},{\"@type\":\"Person\",\"@id\":\"https:\\\/\\\/mediaviestinta.fi\\\/#\\\/schema\\\/person\\\/b2da34ab24cfcd17dbdd6c7cfb173257\",\"name\":\"Mevi\",\"image\":{\"@type\":\"ImageObject\",\"inLanguage\":\"fi\",\"@id\":\"https:\\\/\\\/secure.gravatar.com\\\/avatar\\\/3305b76d1667dc119a18808ed03d6a1fc2dfa8b6a1cddecb8c4d27ef14ec32ca?s=96&d=mm&r=g\",\"url\":\"https:\\\/\\\/secure.gravatar.com\\\/avatar\\\/3305b76d1667dc119a18808ed03d6a1fc2dfa8b6a1cddecb8c4d27ef14ec32ca?s=96&d=mm&r=g\",\"contentUrl\":\"https:\\\/\\\/secure.gravatar.com\\\/avatar\\\/3305b76d1667dc119a18808ed03d6a1fc2dfa8b6a1cddecb8c4d27ef14ec32ca?s=96&d=mm&r=g\",\"caption\":\"Mevi\"},\"url\":\"https:\\\/\\\/mediaviestinta.fi\\\/mevi2020\\\/author\\\/mediavie\\\/\"}]}<\/script>\n<!-- \/ Yoast SEO plugin. -->","yoast_head_json":{"title":"Sukupolvien moninaisuus n\u00e4kyi ja kuului Mediakritiikin iltap\u00e4iv\u00e4ss\u00e4 &#8211; Mevi","robots":{"index":"index","follow":"follow","max-snippet":"max-snippet:-1","max-image-preview":"max-image-preview:large","max-video-preview":"max-video-preview:-1"},"canonical":"https:\/\/mediaviestinta.fi\/mevi2020\/2020\/02\/sukupolvien-moninaisuus-nakyi-ja-kuului-mediakritiikin-iltapaivassa\/","og_locale":"fi_FI","og_type":"article","og_title":"Sukupolvien moninaisuus n\u00e4kyi ja kuului Mediakritiikin iltap\u00e4iv\u00e4ss\u00e4 &#8211; Mevi","og_description":"Nuoret ja ik\u00e4\u00e4ntyneet el\u00e4v\u00e4t osin eri mediamaailmoissa, sill\u00e4 he hankkivat tietoa ja viihdett\u00e4 eri v\u00e4lineiden kautta ja erilaisista l\u00e4hteist\u00e4. Heid\u00e4n kokemuksensa median tarjoamasta maailmankuvasta on kuitenkin usein samankaltainen:&hellip;","og_url":"https:\/\/mediaviestinta.fi\/mevi2020\/2020\/02\/sukupolvien-moninaisuus-nakyi-ja-kuului-mediakritiikin-iltapaivassa\/","og_site_name":"Mevi","article_publisher":"https:\/\/www.facebook.com\/MediaViestinta\/","article_published_time":"2020-02-20T15:14:33+00:00","article_modified_time":"2020-05-08T07:41:14+00:00","og_image":[{"width":768,"height":511,"url":"https:\/\/mediaviestinta.fi\/mevi2020\/wp-content\/uploads\/2020\/02\/mekriip_lukiolaiset_M\u00e4nnist\u00f6-768x511-1.jpg","type":"image\/jpeg"}],"author":"Mevi","twitter_card":"summary_large_image","twitter_creator":"@mediaviestinta","twitter_site":"@mediaviestinta","twitter_misc":{"Kirjoittanut":"Mevi","Arvioitu lukuaika":"4 minuuttia"},"schema":{"@context":"https:\/\/schema.org","@graph":[{"@type":"Article","@id":"https:\/\/mediaviestinta.fi\/mevi2020\/2020\/02\/sukupolvien-moninaisuus-nakyi-ja-kuului-mediakritiikin-iltapaivassa\/#article","isPartOf":{"@id":"https:\/\/mediaviestinta.fi\/mevi2020\/2020\/02\/sukupolvien-moninaisuus-nakyi-ja-kuului-mediakritiikin-iltapaivassa\/"},"author":{"name":"Mevi","@id":"https:\/\/mediaviestinta.fi\/#\/schema\/person\/b2da34ab24cfcd17dbdd6c7cfb173257"},"headline":"Sukupolvien moninaisuus n\u00e4kyi ja kuului Mediakritiikin iltap\u00e4iv\u00e4ss\u00e4","datePublished":"2020-02-20T15:14:33+00:00","dateModified":"2020-05-08T07:41:14+00:00","mainEntityOfPage":{"@id":"https:\/\/mediaviestinta.fi\/mevi2020\/2020\/02\/sukupolvien-moninaisuus-nakyi-ja-kuului-mediakritiikin-iltapaivassa\/"},"wordCount":892,"publisher":{"@id":"https:\/\/mediaviestinta.fi\/#organization"},"image":{"@id":"https:\/\/mediaviestinta.fi\/mevi2020\/2020\/02\/sukupolvien-moninaisuus-nakyi-ja-kuului-mediakritiikin-iltapaivassa\/#primaryimage"},"thumbnailUrl":"https:\/\/mediaviestinta.fi\/mevi2020\/wp-content\/uploads\/2020\/02\/mekriip_lukiolaiset_M\u00e4nnist\u00f6-768x511-1.jpg","keywords":["mediakritiikin iltap\u00e4iv\u00e4"],"articleSection":["Ajankohtaista"],"inLanguage":"fi"},{"@type":"WebPage","@id":"https:\/\/mediaviestinta.fi\/mevi2020\/2020\/02\/sukupolvien-moninaisuus-nakyi-ja-kuului-mediakritiikin-iltapaivassa\/","url":"https:\/\/mediaviestinta.fi\/mevi2020\/2020\/02\/sukupolvien-moninaisuus-nakyi-ja-kuului-mediakritiikin-iltapaivassa\/","name":"Sukupolvien moninaisuus n\u00e4kyi ja kuului Mediakritiikin iltap\u00e4iv\u00e4ss\u00e4 &#8211; Mevi","isPartOf":{"@id":"https:\/\/mediaviestinta.fi\/#website"},"primaryImageOfPage":{"@id":"https:\/\/mediaviestinta.fi\/mevi2020\/2020\/02\/sukupolvien-moninaisuus-nakyi-ja-kuului-mediakritiikin-iltapaivassa\/#primaryimage"},"image":{"@id":"https:\/\/mediaviestinta.fi\/mevi2020\/2020\/02\/sukupolvien-moninaisuus-nakyi-ja-kuului-mediakritiikin-iltapaivassa\/#primaryimage"},"thumbnailUrl":"https:\/\/mediaviestinta.fi\/mevi2020\/wp-content\/uploads\/2020\/02\/mekriip_lukiolaiset_M\u00e4nnist\u00f6-768x511-1.jpg","datePublished":"2020-02-20T15:14:33+00:00","dateModified":"2020-05-08T07:41:14+00:00","breadcrumb":{"@id":"https:\/\/mediaviestinta.fi\/mevi2020\/2020\/02\/sukupolvien-moninaisuus-nakyi-ja-kuului-mediakritiikin-iltapaivassa\/#breadcrumb"},"inLanguage":"fi","potentialAction":[{"@type":"ReadAction","target":["https:\/\/mediaviestinta.fi\/mevi2020\/2020\/02\/sukupolvien-moninaisuus-nakyi-ja-kuului-mediakritiikin-iltapaivassa\/"]}]},{"@type":"ImageObject","inLanguage":"fi","@id":"https:\/\/mediaviestinta.fi\/mevi2020\/2020\/02\/sukupolvien-moninaisuus-nakyi-ja-kuului-mediakritiikin-iltapaivassa\/#primaryimage","url":"https:\/\/mediaviestinta.fi\/mevi2020\/wp-content\/uploads\/2020\/02\/mekriip_lukiolaiset_M\u00e4nnist\u00f6-768x511-1.jpg","contentUrl":"https:\/\/mediaviestinta.fi\/mevi2020\/wp-content\/uploads\/2020\/02\/mekriip_lukiolaiset_M\u00e4nnist\u00f6-768x511-1.jpg","width":768,"height":511,"caption":"T\u00e4n\u00e4 vuonna Mediakritiikin iltap\u00e4iv\u00e4 toteutettiin yhdess\u00e4 Tampereen klassillisen lukion opiskelijoiden kanssa. Kuvassa (vas.) tutkija Auli Harju, lukiolainen Tuomas Marenk, tutkija Mikko Hautakangas, lukiolainen Lotta Sainio, \u00e4idinkielen ja kirjallisuuden opettaja Johanna Riponiemi sek\u00e4 lukiolainen Tam\u00e1s Martinec. Kuva: Anssi M\u00e4nnist\u00f6"},{"@type":"BreadcrumbList","@id":"https:\/\/mediaviestinta.fi\/mevi2020\/2020\/02\/sukupolvien-moninaisuus-nakyi-ja-kuului-mediakritiikin-iltapaivassa\/#breadcrumb","itemListElement":[{"@type":"ListItem","position":1,"name":"Home","item":"https:\/\/mediaviestinta.fi\/"},{"@type":"ListItem","position":2,"name":"Sukupolvien moninaisuus n\u00e4kyi ja kuului Mediakritiikin iltap\u00e4iv\u00e4ss\u00e4"}]},{"@type":"WebSite","@id":"https:\/\/mediaviestinta.fi\/#website","url":"https:\/\/mediaviestinta.fi\/","name":"Mevi","description":"Media- ja viestint\u00e4tieteellinen seura Mevi","publisher":{"@id":"https:\/\/mediaviestinta.fi\/#organization"},"potentialAction":[{"@type":"SearchAction","target":{"@type":"EntryPoint","urlTemplate":"https:\/\/mediaviestinta.fi\/?s={search_term_string}"},"query-input":{"@type":"PropertyValueSpecification","valueRequired":true,"valueName":"search_term_string"}}],"inLanguage":"fi"},{"@type":"Organization","@id":"https:\/\/mediaviestinta.fi\/#organization","name":"Media- ja viestint\u00e4tieteellinen seura Mevi","url":"https:\/\/mediaviestinta.fi\/","logo":{"@type":"ImageObject","inLanguage":"fi","@id":"https:\/\/mediaviestinta.fi\/#\/schema\/logo\/image\/","url":"https:\/\/mediaviestinta.fi\/mevi2020\/wp-content\/uploads\/2020\/03\/mevi-logo-RGB-Transparent.png","contentUrl":"https:\/\/mediaviestinta.fi\/mevi2020\/wp-content\/uploads\/2020\/03\/mevi-logo-RGB-Transparent.png","width":910,"height":464,"caption":"Media- ja viestint\u00e4tieteellinen seura Mevi"},"image":{"@id":"https:\/\/mediaviestinta.fi\/#\/schema\/logo\/image\/"},"sameAs":["https:\/\/www.facebook.com\/MediaViestinta\/","https:\/\/x.com\/mediaviestinta"]},{"@type":"Person","@id":"https:\/\/mediaviestinta.fi\/#\/schema\/person\/b2da34ab24cfcd17dbdd6c7cfb173257","name":"Mevi","image":{"@type":"ImageObject","inLanguage":"fi","@id":"https:\/\/secure.gravatar.com\/avatar\/3305b76d1667dc119a18808ed03d6a1fc2dfa8b6a1cddecb8c4d27ef14ec32ca?s=96&d=mm&r=g","url":"https:\/\/secure.gravatar.com\/avatar\/3305b76d1667dc119a18808ed03d6a1fc2dfa8b6a1cddecb8c4d27ef14ec32ca?s=96&d=mm&r=g","contentUrl":"https:\/\/secure.gravatar.com\/avatar\/3305b76d1667dc119a18808ed03d6a1fc2dfa8b6a1cddecb8c4d27ef14ec32ca?s=96&d=mm&r=g","caption":"Mevi"},"url":"https:\/\/mediaviestinta.fi\/mevi2020\/author\/mediavie\/"}]}},"_links":{"self":[{"href":"https:\/\/mediaviestinta.fi\/mevi2020\/wp-json\/wp\/v2\/posts\/3985","targetHints":{"allow":["GET"]}}],"collection":[{"href":"https:\/\/mediaviestinta.fi\/mevi2020\/wp-json\/wp\/v2\/posts"}],"about":[{"href":"https:\/\/mediaviestinta.fi\/mevi2020\/wp-json\/wp\/v2\/types\/post"}],"author":[{"embeddable":true,"href":"https:\/\/mediaviestinta.fi\/mevi2020\/wp-json\/wp\/v2\/users\/3"}],"replies":[{"embeddable":true,"href":"https:\/\/mediaviestinta.fi\/mevi2020\/wp-json\/wp\/v2\/comments?post=3985"}],"version-history":[{"count":2,"href":"https:\/\/mediaviestinta.fi\/mevi2020\/wp-json\/wp\/v2\/posts\/3985\/revisions"}],"predecessor-version":[{"id":4128,"href":"https:\/\/mediaviestinta.fi\/mevi2020\/wp-json\/wp\/v2\/posts\/3985\/revisions\/4128"}],"wp:featuredmedia":[{"embeddable":true,"href":"https:\/\/mediaviestinta.fi\/mevi2020\/wp-json\/wp\/v2\/media\/4126"}],"wp:attachment":[{"href":"https:\/\/mediaviestinta.fi\/mevi2020\/wp-json\/wp\/v2\/media?parent=3985"}],"wp:term":[{"taxonomy":"category","embeddable":true,"href":"https:\/\/mediaviestinta.fi\/mevi2020\/wp-json\/wp\/v2\/categories?post=3985"},{"taxonomy":"post_tag","embeddable":true,"href":"https:\/\/mediaviestinta.fi\/mevi2020\/wp-json\/wp\/v2\/tags?post=3985"}],"curies":[{"name":"wp","href":"https:\/\/api.w.org\/{rel}","templated":true}]}}