{"id":4039,"date":"2020-04-21T09:36:00","date_gmt":"2020-04-21T06:36:00","guid":{"rendered":"http:\/\/mediaviestinta.fi\/blogi\/?p=4039"},"modified":"2020-05-08T10:41:14","modified_gmt":"2020-05-08T07:41:14","slug":"yksiulotteinen-kuva-strategisesta-viestinnasta-ei-enaa-pade","status":"publish","type":"post","link":"https:\/\/mediaviestinta.fi\/mevi2020\/2020\/04\/yksiulotteinen-kuva-strategisesta-viestinnasta-ei-enaa-pade\/","title":{"rendered":"Yksiulotteinen kuva strategisesta viestinn\u00e4st\u00e4 ei en\u00e4\u00e4 p\u00e4de"},"content":{"rendered":"<p><strong><span style=\"font-size: 14pt;\">\u201dStrategisen viestinn\u00e4n pohjavire on funktionalistinen, mutta se sis\u00e4lt\u00e4\u00e4 my\u00f6s elementtej\u00e4 uudemmasta strategia- ja viestint\u00e4ajattelusta \u2013 toisin kuin usein v\u00e4itet\u00e4\u00e4n\u201d, kertovat professori Elisa Juholin ja dosentti Henrik Rydenfelt artikkelistaan <a href=\"https:\/\/journal.fi\/mediaviestinta\/article\/view\/91081\" target=\"_blank\" rel=\"noopener noreferrer\">Strateginen viestint\u00e4 ja organisaation tavoitteet<\/a>. Artikkeli on julkaistu <em>Media &amp; viestint\u00e4<\/em> -lehdess\u00e4 <a href=\"http:\/\/KnE2mWTsP6NA7pV5gFLd\" target=\"_blank\" rel=\"noopener noreferrer\">1\/2020<\/a>.<br \/>\n<\/span><\/strong><\/p>\n<figure id=\"attachment_4045\" aria-describedby=\"caption-attachment-4045\" style=\"width: 627px\" class=\"wp-caption aligncenter\"><a href=\"https:\/\/mediaviestinta.fi\/mevi2020\/blogi\/wp-content\/uploads\/2020\/04\/you-x-ventures-unsplash_pieni.jpg\" rel=\"attachment wp-att-4045\"><img fetchpriority=\"high\" decoding=\"async\" class=\"wp-image-4045\" src=\"https:\/\/mediaviestinta.fi\/mevi2020\/blogi\/wp-content\/uploads\/2020\/04\/you-x-ventures-unsplash_pieni-300x146.jpg\" alt=\"you-x-ventures--unsplash_pieni\" width=\"627\" height=\"305\"><\/a><figcaption id=\"caption-attachment-4045\" class=\"wp-caption-text\">Photo by You X Ventures on Unsplash.<\/figcaption><\/figure>\n<p><strong>Mihin keskusteluun artikkelinne liittyy?<\/strong><\/p>\n<p>Artikkelimme liittyy keskusteluun viestinn\u00e4n strategisesta roolista erilaisten organisaatioiden johtamisessa ja viestinn\u00e4ss\u00e4. Organisaatioiden viestint\u00e4 k\u00e4sitet\u00e4\u00e4n usein instrumentaalisesti ja yksisuuntaisena oman asian edist\u00e4misen\u00e4, mihin on liittynyt my\u00f6s kritiikki viestinn\u00e4n salatuista tai ep\u00e4eettisist\u00e4 motiiveista. Toisaalta aiheemme liittyy viestint\u00e4alan muutokseen, jossa organisaatiot suuntaavat resursseja viestint\u00e4\u00e4n esimerkiksi mainonnan ja markkinointiviestinn\u00e4n sijaan, koska&nbsp;ne&nbsp;odottavat viestinn\u00e4lt\u00e4 vaikuttavuutta. Muutos on vaikuttanut my\u00f6s viestint\u00e4alan ammattien siirtymiseen media-alalta viestint\u00e4\u00e4n.<\/p>\n<p><strong>Mik\u00e4 on antinne t\u00e4h\u00e4n keskusteluun?<\/strong><\/p>\n<p>Haluamme avata <em>strategisen viestinn\u00e4n<\/em> k\u00e4sitett\u00e4 kirjallisuuden ja empiirisen aineiston kautta. K\u00e4sityst\u00e4 strategisesta viestinn\u00e4st\u00e4 on leimannut funktionalismi ja managerialismi. T\u00e4m\u00e4 on yh\u00e4 monesti totta. Viime vuosina strateginen viestint\u00e4 on kuitenkin omaksunut uudempia strategian ja viestinn\u00e4n teoreettisia ulottuvuuksia. Yksiulotteinen kuva viestinn\u00e4st\u00e4 ei en\u00e4\u00e4 p\u00e4de. Vaikka strategisuus omaksutaan kansalaisviestint\u00e4\u00e4n, voidaan sill\u00e4 tavoitella yhteist\u00e4 hyv\u00e4\u00e4, kuten esimerkiksi kansalaisten terveytt\u00e4 ja turvallisuutta. Strategisen viestinn\u00e4n oikeutus ja eettisyys perustuu siihen, mit\u00e4 tarkoitusta viestint\u00e4 palvelee ja mill\u00e4 keinoin viestint\u00e4\u00e4 tehd\u00e4\u00e4n.<\/p>\n<p><strong>Mik\u00e4 on artikkelinne keskeinen argumentti?<\/strong><\/p>\n<p>Strateginen viestint\u00e4 on 2000-luvun \u2019luomus\u2019, joka pyrkii monitieteisyyteen mutta jonka teoriapohja ja metodologia vaatii lis\u00e4\u00e4 ty\u00f6t\u00e4.&nbsp; Strategisen viestinn\u00e4n pohjavire on funktionalistinen, mutta se sis\u00e4lt\u00e4\u00e4 my\u00f6s elementtej\u00e4 uudemmasta strategia- ja viestint\u00e4ajattelusta \u2013 toisin kuin usein v\u00e4itet\u00e4\u00e4n. K\u00e4yt\u00e4nn\u00f6n viestint\u00e4ty\u00f6n ja johtamisen kannalta strategiseen viestint\u00e4\u00e4n esitt\u00e4m\u00e4mme jaottelu auttaa toivoaksemme organisaatioita ymm\u00e4rt\u00e4m\u00e4\u00e4n viestinn\u00e4n strategisuuden ja hy\u00f6dynt\u00e4m\u00e4\u00e4n sit\u00e4 eettisesti ja vastuullisesti.<\/p>\n<p><strong>Mit\u00e4 haluatte artikkelillanne sanoa?<\/strong><\/p>\n<p>Viestint\u00e4alan k\u00e4sitteist\u00f6 on laaja, ja strateginen viestint\u00e4 on uusimpien tulokkaiden joukossa. Se on k\u00e4sitteen\u00e4 monille joko tuntematon, tai k\u00e4sitykset siit\u00e4 ovat varsin yksipuolisia. Kritiikki strategista viestint\u00e4\u00e4 kohtaan ei ole kaikilta osin perusteltua. Haluamme avata strategisen viestinn\u00e4n k\u00e4sitett\u00e4, jotta sit\u00e4 koskeva tutkimus edistyisi.<\/p>\n<p><strong>Kenen kannattaa lukea artikkelinne?<\/strong><\/p>\n<p>Monien: viestinn\u00e4n tutkijoiden ja konsulttien, viestinn\u00e4n ammattilaisten ja asiantuntijoiden, johtajien, esimiesten, johdon konsulttien, journalistien ja media-alan asiantuntijoiden, poliitikkojen, viranomaisten.<\/p>\n<p><strong>Mik\u00e4 sai teid\u00e4t tarttumaan t\u00e4h\u00e4n aiheeseen?<\/strong><\/p>\n<p>Strateginen viestint\u00e4 on nykymuodossaan m\u00e4\u00e4ritelty 2000-luvulla, ja siit\u00e4 on k\u00e4yty kansainv\u00e4list\u00e4 keskustelua jo pitk\u00e4\u00e4n. Suomalaisen tiedeyhteis\u00f6n piiriss\u00e4 siit\u00e4 on toistaiseksi v\u00e4h\u00e4n keskustelua, jota haluamme artikkelillamme kirvoittaa.<\/p>\n<p>(Lauri Haapanen)<\/p>\n","protected":false},"excerpt":{"rendered":"<p>\u201dStrategisen viestinn\u00e4n pohjavire on funktionalistinen, mutta se sis\u00e4lt\u00e4\u00e4 my\u00f6s elementtej\u00e4 uudemmasta strategia- ja viestint\u00e4ajattelusta \u2013 toisin kuin usein v\u00e4itet\u00e4\u00e4n\u201d, kertovat professori Elisa Juholin ja dosentti Henrik Rydenfelt artikkelistaan&hellip;<\/p>\n","protected":false},"author":3,"featured_media":4121,"comment_status":"closed","ping_status":"closed","sticky":false,"template":"","format":"standard","meta":{"_monsterinsights_skip_tracking":false,"_monsterinsights_sitenote_active":false,"_monsterinsights_sitenote_note":"","_monsterinsights_sitenote_category":0,"footnotes":""},"categories":[76,1],"tags":[72,62],"class_list":["post-4039","post","type-post","status-publish","format-standard","has-post-thumbnail","hentry","category-ajankohtaista","category-yleinen","tag-blogi","tag-media-viestinta"],"yoast_head":"<!-- This site is optimized with the Yoast SEO plugin v27.5 - https:\/\/yoast.com\/product\/yoast-seo-wordpress\/ -->\n<title>Yksiulotteinen kuva strategisesta viestinn\u00e4st\u00e4 ei en\u00e4\u00e4 p\u00e4de &#8211; Mevi<\/title>\n<meta name=\"robots\" content=\"index, follow, max-snippet:-1, max-image-preview:large, max-video-preview:-1\" \/>\n<link rel=\"canonical\" href=\"https:\/\/mediaviestinta.fi\/mevi2020\/2020\/04\/yksiulotteinen-kuva-strategisesta-viestinnasta-ei-enaa-pade\/\" \/>\n<meta property=\"og:locale\" content=\"fi_FI\" \/>\n<meta property=\"og:type\" content=\"article\" \/>\n<meta property=\"og:title\" content=\"Yksiulotteinen kuva strategisesta viestinn\u00e4st\u00e4 ei en\u00e4\u00e4 p\u00e4de &#8211; Mevi\" \/>\n<meta property=\"og:description\" content=\"\u201dStrategisen viestinn\u00e4n pohjavire on funktionalistinen, mutta se sis\u00e4lt\u00e4\u00e4 my\u00f6s elementtej\u00e4 uudemmasta strategia- ja viestint\u00e4ajattelusta \u2013 toisin kuin usein v\u00e4itet\u00e4\u00e4n\u201d, kertovat professori Elisa Juholin ja dosentti Henrik Rydenfelt artikkelistaan&hellip;\" \/>\n<meta property=\"og:url\" content=\"https:\/\/mediaviestinta.fi\/mevi2020\/2020\/04\/yksiulotteinen-kuva-strategisesta-viestinnasta-ei-enaa-pade\/\" \/>\n<meta property=\"og:site_name\" content=\"Mevi\" \/>\n<meta property=\"article:publisher\" content=\"https:\/\/www.facebook.com\/MediaViestinta\/\" \/>\n<meta property=\"article:published_time\" content=\"2020-04-21T06:36:00+00:00\" \/>\n<meta property=\"article:modified_time\" content=\"2020-05-08T07:41:14+00:00\" \/>\n<meta property=\"og:image\" content=\"https:\/\/mediaviestinta.fi\/mevi2020\/wp-content\/uploads\/2020\/04\/you-x-ventures-unsplash_pieni-768x374-1.jpg\" \/>\n\t<meta property=\"og:image:width\" content=\"768\" \/>\n\t<meta property=\"og:image:height\" content=\"374\" \/>\n\t<meta property=\"og:image:type\" content=\"image\/jpeg\" \/>\n<meta name=\"author\" content=\"Mevi\" \/>\n<meta name=\"twitter:card\" content=\"summary_large_image\" \/>\n<meta name=\"twitter:creator\" content=\"@mediaviestinta\" \/>\n<meta name=\"twitter:site\" content=\"@mediaviestinta\" \/>\n<meta name=\"twitter:label1\" content=\"Kirjoittanut\" \/>\n\t<meta name=\"twitter:data1\" content=\"Mevi\" \/>\n\t<meta name=\"twitter:label2\" content=\"Arvioitu lukuaika\" \/>\n\t<meta name=\"twitter:data2\" content=\"2 minuuttia\" \/>\n<script type=\"application\/ld+json\" class=\"yoast-schema-graph\">{\"@context\":\"https:\\\/\\\/schema.org\",\"@graph\":[{\"@type\":\"Article\",\"@id\":\"https:\\\/\\\/mediaviestinta.fi\\\/mevi2020\\\/2020\\\/04\\\/yksiulotteinen-kuva-strategisesta-viestinnasta-ei-enaa-pade\\\/#article\",\"isPartOf\":{\"@id\":\"https:\\\/\\\/mediaviestinta.fi\\\/mevi2020\\\/2020\\\/04\\\/yksiulotteinen-kuva-strategisesta-viestinnasta-ei-enaa-pade\\\/\"},\"author\":{\"name\":\"Mevi\",\"@id\":\"https:\\\/\\\/mediaviestinta.fi\\\/#\\\/schema\\\/person\\\/b2da34ab24cfcd17dbdd6c7cfb173257\"},\"headline\":\"Yksiulotteinen kuva strategisesta viestinn\u00e4st\u00e4 ei en\u00e4\u00e4 p\u00e4de\",\"datePublished\":\"2020-04-21T06:36:00+00:00\",\"dateModified\":\"2020-05-08T07:41:14+00:00\",\"mainEntityOfPage\":{\"@id\":\"https:\\\/\\\/mediaviestinta.fi\\\/mevi2020\\\/2020\\\/04\\\/yksiulotteinen-kuva-strategisesta-viestinnasta-ei-enaa-pade\\\/\"},\"wordCount\":444,\"publisher\":{\"@id\":\"https:\\\/\\\/mediaviestinta.fi\\\/#organization\"},\"image\":{\"@id\":\"https:\\\/\\\/mediaviestinta.fi\\\/mevi2020\\\/2020\\\/04\\\/yksiulotteinen-kuva-strategisesta-viestinnasta-ei-enaa-pade\\\/#primaryimage\"},\"thumbnailUrl\":\"https:\\\/\\\/mediaviestinta.fi\\\/mevi2020\\\/wp-content\\\/uploads\\\/2020\\\/04\\\/you-x-ventures-unsplash_pieni-768x374-1.jpg\",\"keywords\":[\"blogi\",\"media &amp; viestint\u00e4\"],\"articleSection\":[\"Ajankohtaista\"],\"inLanguage\":\"fi\"},{\"@type\":\"WebPage\",\"@id\":\"https:\\\/\\\/mediaviestinta.fi\\\/mevi2020\\\/2020\\\/04\\\/yksiulotteinen-kuva-strategisesta-viestinnasta-ei-enaa-pade\\\/\",\"url\":\"https:\\\/\\\/mediaviestinta.fi\\\/mevi2020\\\/2020\\\/04\\\/yksiulotteinen-kuva-strategisesta-viestinnasta-ei-enaa-pade\\\/\",\"name\":\"Yksiulotteinen kuva strategisesta viestinn\u00e4st\u00e4 ei en\u00e4\u00e4 p\u00e4de &#8211; Mevi\",\"isPartOf\":{\"@id\":\"https:\\\/\\\/mediaviestinta.fi\\\/#website\"},\"primaryImageOfPage\":{\"@id\":\"https:\\\/\\\/mediaviestinta.fi\\\/mevi2020\\\/2020\\\/04\\\/yksiulotteinen-kuva-strategisesta-viestinnasta-ei-enaa-pade\\\/#primaryimage\"},\"image\":{\"@id\":\"https:\\\/\\\/mediaviestinta.fi\\\/mevi2020\\\/2020\\\/04\\\/yksiulotteinen-kuva-strategisesta-viestinnasta-ei-enaa-pade\\\/#primaryimage\"},\"thumbnailUrl\":\"https:\\\/\\\/mediaviestinta.fi\\\/mevi2020\\\/wp-content\\\/uploads\\\/2020\\\/04\\\/you-x-ventures-unsplash_pieni-768x374-1.jpg\",\"datePublished\":\"2020-04-21T06:36:00+00:00\",\"dateModified\":\"2020-05-08T07:41:14+00:00\",\"breadcrumb\":{\"@id\":\"https:\\\/\\\/mediaviestinta.fi\\\/mevi2020\\\/2020\\\/04\\\/yksiulotteinen-kuva-strategisesta-viestinnasta-ei-enaa-pade\\\/#breadcrumb\"},\"inLanguage\":\"fi\",\"potentialAction\":[{\"@type\":\"ReadAction\",\"target\":[\"https:\\\/\\\/mediaviestinta.fi\\\/mevi2020\\\/2020\\\/04\\\/yksiulotteinen-kuva-strategisesta-viestinnasta-ei-enaa-pade\\\/\"]}]},{\"@type\":\"ImageObject\",\"inLanguage\":\"fi\",\"@id\":\"https:\\\/\\\/mediaviestinta.fi\\\/mevi2020\\\/2020\\\/04\\\/yksiulotteinen-kuva-strategisesta-viestinnasta-ei-enaa-pade\\\/#primaryimage\",\"url\":\"https:\\\/\\\/mediaviestinta.fi\\\/mevi2020\\\/wp-content\\\/uploads\\\/2020\\\/04\\\/you-x-ventures-unsplash_pieni-768x374-1.jpg\",\"contentUrl\":\"https:\\\/\\\/mediaviestinta.fi\\\/mevi2020\\\/wp-content\\\/uploads\\\/2020\\\/04\\\/you-x-ventures-unsplash_pieni-768x374-1.jpg\",\"width\":768,\"height\":374},{\"@type\":\"BreadcrumbList\",\"@id\":\"https:\\\/\\\/mediaviestinta.fi\\\/mevi2020\\\/2020\\\/04\\\/yksiulotteinen-kuva-strategisesta-viestinnasta-ei-enaa-pade\\\/#breadcrumb\",\"itemListElement\":[{\"@type\":\"ListItem\",\"position\":1,\"name\":\"Home\",\"item\":\"https:\\\/\\\/mediaviestinta.fi\\\/\"},{\"@type\":\"ListItem\",\"position\":2,\"name\":\"Yksiulotteinen kuva strategisesta viestinn\u00e4st\u00e4 ei en\u00e4\u00e4 p\u00e4de\"}]},{\"@type\":\"WebSite\",\"@id\":\"https:\\\/\\\/mediaviestinta.fi\\\/#website\",\"url\":\"https:\\\/\\\/mediaviestinta.fi\\\/\",\"name\":\"Mevi\",\"description\":\"Media- ja viestint\u00e4tieteellinen seura Mevi\",\"publisher\":{\"@id\":\"https:\\\/\\\/mediaviestinta.fi\\\/#organization\"},\"potentialAction\":[{\"@type\":\"SearchAction\",\"target\":{\"@type\":\"EntryPoint\",\"urlTemplate\":\"https:\\\/\\\/mediaviestinta.fi\\\/?s={search_term_string}\"},\"query-input\":{\"@type\":\"PropertyValueSpecification\",\"valueRequired\":true,\"valueName\":\"search_term_string\"}}],\"inLanguage\":\"fi\"},{\"@type\":\"Organization\",\"@id\":\"https:\\\/\\\/mediaviestinta.fi\\\/#organization\",\"name\":\"Media- ja viestint\u00e4tieteellinen seura Mevi\",\"url\":\"https:\\\/\\\/mediaviestinta.fi\\\/\",\"logo\":{\"@type\":\"ImageObject\",\"inLanguage\":\"fi\",\"@id\":\"https:\\\/\\\/mediaviestinta.fi\\\/#\\\/schema\\\/logo\\\/image\\\/\",\"url\":\"https:\\\/\\\/mediaviestinta.fi\\\/mevi2020\\\/wp-content\\\/uploads\\\/2020\\\/03\\\/mevi-logo-RGB-Transparent.png\",\"contentUrl\":\"https:\\\/\\\/mediaviestinta.fi\\\/mevi2020\\\/wp-content\\\/uploads\\\/2020\\\/03\\\/mevi-logo-RGB-Transparent.png\",\"width\":910,\"height\":464,\"caption\":\"Media- ja viestint\u00e4tieteellinen seura Mevi\"},\"image\":{\"@id\":\"https:\\\/\\\/mediaviestinta.fi\\\/#\\\/schema\\\/logo\\\/image\\\/\"},\"sameAs\":[\"https:\\\/\\\/www.facebook.com\\\/MediaViestinta\\\/\",\"https:\\\/\\\/x.com\\\/mediaviestinta\"]},{\"@type\":\"Person\",\"@id\":\"https:\\\/\\\/mediaviestinta.fi\\\/#\\\/schema\\\/person\\\/b2da34ab24cfcd17dbdd6c7cfb173257\",\"name\":\"Mevi\",\"image\":{\"@type\":\"ImageObject\",\"inLanguage\":\"fi\",\"@id\":\"https:\\\/\\\/secure.gravatar.com\\\/avatar\\\/3305b76d1667dc119a18808ed03d6a1fc2dfa8b6a1cddecb8c4d27ef14ec32ca?s=96&d=mm&r=g\",\"url\":\"https:\\\/\\\/secure.gravatar.com\\\/avatar\\\/3305b76d1667dc119a18808ed03d6a1fc2dfa8b6a1cddecb8c4d27ef14ec32ca?s=96&d=mm&r=g\",\"contentUrl\":\"https:\\\/\\\/secure.gravatar.com\\\/avatar\\\/3305b76d1667dc119a18808ed03d6a1fc2dfa8b6a1cddecb8c4d27ef14ec32ca?s=96&d=mm&r=g\",\"caption\":\"Mevi\"},\"url\":\"https:\\\/\\\/mediaviestinta.fi\\\/mevi2020\\\/author\\\/mediavie\\\/\"}]}<\/script>\n<!-- \/ Yoast SEO plugin. -->","yoast_head_json":{"title":"Yksiulotteinen kuva strategisesta viestinn\u00e4st\u00e4 ei en\u00e4\u00e4 p\u00e4de &#8211; Mevi","robots":{"index":"index","follow":"follow","max-snippet":"max-snippet:-1","max-image-preview":"max-image-preview:large","max-video-preview":"max-video-preview:-1"},"canonical":"https:\/\/mediaviestinta.fi\/mevi2020\/2020\/04\/yksiulotteinen-kuva-strategisesta-viestinnasta-ei-enaa-pade\/","og_locale":"fi_FI","og_type":"article","og_title":"Yksiulotteinen kuva strategisesta viestinn\u00e4st\u00e4 ei en\u00e4\u00e4 p\u00e4de &#8211; Mevi","og_description":"\u201dStrategisen viestinn\u00e4n pohjavire on funktionalistinen, mutta se sis\u00e4lt\u00e4\u00e4 my\u00f6s elementtej\u00e4 uudemmasta strategia- ja viestint\u00e4ajattelusta \u2013 toisin kuin usein v\u00e4itet\u00e4\u00e4n\u201d, kertovat professori Elisa Juholin ja dosentti Henrik Rydenfelt artikkelistaan&hellip;","og_url":"https:\/\/mediaviestinta.fi\/mevi2020\/2020\/04\/yksiulotteinen-kuva-strategisesta-viestinnasta-ei-enaa-pade\/","og_site_name":"Mevi","article_publisher":"https:\/\/www.facebook.com\/MediaViestinta\/","article_published_time":"2020-04-21T06:36:00+00:00","article_modified_time":"2020-05-08T07:41:14+00:00","og_image":[{"width":768,"height":374,"url":"https:\/\/mediaviestinta.fi\/mevi2020\/wp-content\/uploads\/2020\/04\/you-x-ventures-unsplash_pieni-768x374-1.jpg","type":"image\/jpeg"}],"author":"Mevi","twitter_card":"summary_large_image","twitter_creator":"@mediaviestinta","twitter_site":"@mediaviestinta","twitter_misc":{"Kirjoittanut":"Mevi","Arvioitu lukuaika":"2 minuuttia"},"schema":{"@context":"https:\/\/schema.org","@graph":[{"@type":"Article","@id":"https:\/\/mediaviestinta.fi\/mevi2020\/2020\/04\/yksiulotteinen-kuva-strategisesta-viestinnasta-ei-enaa-pade\/#article","isPartOf":{"@id":"https:\/\/mediaviestinta.fi\/mevi2020\/2020\/04\/yksiulotteinen-kuva-strategisesta-viestinnasta-ei-enaa-pade\/"},"author":{"name":"Mevi","@id":"https:\/\/mediaviestinta.fi\/#\/schema\/person\/b2da34ab24cfcd17dbdd6c7cfb173257"},"headline":"Yksiulotteinen kuva strategisesta viestinn\u00e4st\u00e4 ei en\u00e4\u00e4 p\u00e4de","datePublished":"2020-04-21T06:36:00+00:00","dateModified":"2020-05-08T07:41:14+00:00","mainEntityOfPage":{"@id":"https:\/\/mediaviestinta.fi\/mevi2020\/2020\/04\/yksiulotteinen-kuva-strategisesta-viestinnasta-ei-enaa-pade\/"},"wordCount":444,"publisher":{"@id":"https:\/\/mediaviestinta.fi\/#organization"},"image":{"@id":"https:\/\/mediaviestinta.fi\/mevi2020\/2020\/04\/yksiulotteinen-kuva-strategisesta-viestinnasta-ei-enaa-pade\/#primaryimage"},"thumbnailUrl":"https:\/\/mediaviestinta.fi\/mevi2020\/wp-content\/uploads\/2020\/04\/you-x-ventures-unsplash_pieni-768x374-1.jpg","keywords":["blogi","media &amp; viestint\u00e4"],"articleSection":["Ajankohtaista"],"inLanguage":"fi"},{"@type":"WebPage","@id":"https:\/\/mediaviestinta.fi\/mevi2020\/2020\/04\/yksiulotteinen-kuva-strategisesta-viestinnasta-ei-enaa-pade\/","url":"https:\/\/mediaviestinta.fi\/mevi2020\/2020\/04\/yksiulotteinen-kuva-strategisesta-viestinnasta-ei-enaa-pade\/","name":"Yksiulotteinen kuva strategisesta viestinn\u00e4st\u00e4 ei en\u00e4\u00e4 p\u00e4de &#8211; Mevi","isPartOf":{"@id":"https:\/\/mediaviestinta.fi\/#website"},"primaryImageOfPage":{"@id":"https:\/\/mediaviestinta.fi\/mevi2020\/2020\/04\/yksiulotteinen-kuva-strategisesta-viestinnasta-ei-enaa-pade\/#primaryimage"},"image":{"@id":"https:\/\/mediaviestinta.fi\/mevi2020\/2020\/04\/yksiulotteinen-kuva-strategisesta-viestinnasta-ei-enaa-pade\/#primaryimage"},"thumbnailUrl":"https:\/\/mediaviestinta.fi\/mevi2020\/wp-content\/uploads\/2020\/04\/you-x-ventures-unsplash_pieni-768x374-1.jpg","datePublished":"2020-04-21T06:36:00+00:00","dateModified":"2020-05-08T07:41:14+00:00","breadcrumb":{"@id":"https:\/\/mediaviestinta.fi\/mevi2020\/2020\/04\/yksiulotteinen-kuva-strategisesta-viestinnasta-ei-enaa-pade\/#breadcrumb"},"inLanguage":"fi","potentialAction":[{"@type":"ReadAction","target":["https:\/\/mediaviestinta.fi\/mevi2020\/2020\/04\/yksiulotteinen-kuva-strategisesta-viestinnasta-ei-enaa-pade\/"]}]},{"@type":"ImageObject","inLanguage":"fi","@id":"https:\/\/mediaviestinta.fi\/mevi2020\/2020\/04\/yksiulotteinen-kuva-strategisesta-viestinnasta-ei-enaa-pade\/#primaryimage","url":"https:\/\/mediaviestinta.fi\/mevi2020\/wp-content\/uploads\/2020\/04\/you-x-ventures-unsplash_pieni-768x374-1.jpg","contentUrl":"https:\/\/mediaviestinta.fi\/mevi2020\/wp-content\/uploads\/2020\/04\/you-x-ventures-unsplash_pieni-768x374-1.jpg","width":768,"height":374},{"@type":"BreadcrumbList","@id":"https:\/\/mediaviestinta.fi\/mevi2020\/2020\/04\/yksiulotteinen-kuva-strategisesta-viestinnasta-ei-enaa-pade\/#breadcrumb","itemListElement":[{"@type":"ListItem","position":1,"name":"Home","item":"https:\/\/mediaviestinta.fi\/"},{"@type":"ListItem","position":2,"name":"Yksiulotteinen kuva strategisesta viestinn\u00e4st\u00e4 ei en\u00e4\u00e4 p\u00e4de"}]},{"@type":"WebSite","@id":"https:\/\/mediaviestinta.fi\/#website","url":"https:\/\/mediaviestinta.fi\/","name":"Mevi","description":"Media- ja viestint\u00e4tieteellinen seura Mevi","publisher":{"@id":"https:\/\/mediaviestinta.fi\/#organization"},"potentialAction":[{"@type":"SearchAction","target":{"@type":"EntryPoint","urlTemplate":"https:\/\/mediaviestinta.fi\/?s={search_term_string}"},"query-input":{"@type":"PropertyValueSpecification","valueRequired":true,"valueName":"search_term_string"}}],"inLanguage":"fi"},{"@type":"Organization","@id":"https:\/\/mediaviestinta.fi\/#organization","name":"Media- ja viestint\u00e4tieteellinen seura Mevi","url":"https:\/\/mediaviestinta.fi\/","logo":{"@type":"ImageObject","inLanguage":"fi","@id":"https:\/\/mediaviestinta.fi\/#\/schema\/logo\/image\/","url":"https:\/\/mediaviestinta.fi\/mevi2020\/wp-content\/uploads\/2020\/03\/mevi-logo-RGB-Transparent.png","contentUrl":"https:\/\/mediaviestinta.fi\/mevi2020\/wp-content\/uploads\/2020\/03\/mevi-logo-RGB-Transparent.png","width":910,"height":464,"caption":"Media- ja viestint\u00e4tieteellinen seura Mevi"},"image":{"@id":"https:\/\/mediaviestinta.fi\/#\/schema\/logo\/image\/"},"sameAs":["https:\/\/www.facebook.com\/MediaViestinta\/","https:\/\/x.com\/mediaviestinta"]},{"@type":"Person","@id":"https:\/\/mediaviestinta.fi\/#\/schema\/person\/b2da34ab24cfcd17dbdd6c7cfb173257","name":"Mevi","image":{"@type":"ImageObject","inLanguage":"fi","@id":"https:\/\/secure.gravatar.com\/avatar\/3305b76d1667dc119a18808ed03d6a1fc2dfa8b6a1cddecb8c4d27ef14ec32ca?s=96&d=mm&r=g","url":"https:\/\/secure.gravatar.com\/avatar\/3305b76d1667dc119a18808ed03d6a1fc2dfa8b6a1cddecb8c4d27ef14ec32ca?s=96&d=mm&r=g","contentUrl":"https:\/\/secure.gravatar.com\/avatar\/3305b76d1667dc119a18808ed03d6a1fc2dfa8b6a1cddecb8c4d27ef14ec32ca?s=96&d=mm&r=g","caption":"Mevi"},"url":"https:\/\/mediaviestinta.fi\/mevi2020\/author\/mediavie\/"}]}},"_links":{"self":[{"href":"https:\/\/mediaviestinta.fi\/mevi2020\/wp-json\/wp\/v2\/posts\/4039","targetHints":{"allow":["GET"]}}],"collection":[{"href":"https:\/\/mediaviestinta.fi\/mevi2020\/wp-json\/wp\/v2\/posts"}],"about":[{"href":"https:\/\/mediaviestinta.fi\/mevi2020\/wp-json\/wp\/v2\/types\/post"}],"author":[{"embeddable":true,"href":"https:\/\/mediaviestinta.fi\/mevi2020\/wp-json\/wp\/v2\/users\/3"}],"replies":[{"embeddable":true,"href":"https:\/\/mediaviestinta.fi\/mevi2020\/wp-json\/wp\/v2\/comments?post=4039"}],"version-history":[{"count":1,"href":"https:\/\/mediaviestinta.fi\/mevi2020\/wp-json\/wp\/v2\/posts\/4039\/revisions"}],"predecessor-version":[{"id":4122,"href":"https:\/\/mediaviestinta.fi\/mevi2020\/wp-json\/wp\/v2\/posts\/4039\/revisions\/4122"}],"wp:featuredmedia":[{"embeddable":true,"href":"https:\/\/mediaviestinta.fi\/mevi2020\/wp-json\/wp\/v2\/media\/4121"}],"wp:attachment":[{"href":"https:\/\/mediaviestinta.fi\/mevi2020\/wp-json\/wp\/v2\/media?parent=4039"}],"wp:term":[{"taxonomy":"category","embeddable":true,"href":"https:\/\/mediaviestinta.fi\/mevi2020\/wp-json\/wp\/v2\/categories?post=4039"},{"taxonomy":"post_tag","embeddable":true,"href":"https:\/\/mediaviestinta.fi\/mevi2020\/wp-json\/wp\/v2\/tags?post=4039"}],"curies":[{"name":"wp","href":"https:\/\/api.w.org\/{rel}","templated":true}]}}