{"id":4060,"date":"2020-04-23T14:21:00","date_gmt":"2020-04-23T11:21:00","guid":{"rendered":"http:\/\/mediaviestinta.fi\/blogi\/?p=4060"},"modified":"2020-05-08T10:41:14","modified_gmt":"2020-05-08T07:41:14","slug":"vahemmiston-kutsut-ovat-kuiskauksia","status":"publish","type":"post","link":"https:\/\/mediaviestinta.fi\/mevi2020\/2020\/04\/vahemmiston-kutsut-ovat-kuiskauksia\/","title":{"rendered":"V\u00e4hemmist\u00f6n kutsut ovat kuiskauksia"},"content":{"rendered":"<p><strong><span style=\"font-size: 14pt;\">\u201dL\u00e4hestyv\u00e4tk\u00f6 ruotsinkieliset aikakauslehdet lukijoitaan toisin kuin suomenkieliset\u201d, kysyy emeritaprofessori Ullamaija Kivikuru artikkelissaan&nbsp;<a href=\"https:\/\/journal.fi\/mediaviestinta\/article\/view\/91082\" target=\"_blank\" rel=\"noopener noreferrer\">L\u00e4heisyyden luomisen reittej\u00e4 suomen- ja ruotsinkielisess\u00e4 aikakausmediassa<\/a>. Artikkeli on julkaistu <em>Media &amp; viestint\u00e4<\/em> -lehdess\u00e4 <a href=\"https:\/\/journal.fi\/mediaviestinta\/issue\/view\/6247\" target=\"_blank\" rel=\"noopener noreferrer\">1\/2020<\/a>.<br \/>\n<\/span><\/strong><\/p>\n<p><a href=\"https:\/\/mediaviestinta.fi\/mevi2020\/blogi\/wp-content\/uploads\/2020\/04\/aikkarit-kuva-1.jpg\" rel=\"attachment wp-att-4073\"><img fetchpriority=\"high\" decoding=\"async\" class=\"aligncenter size-full wp-image-4073\" src=\"https:\/\/mediaviestinta.fi\/mevi2020\/blogi\/wp-content\/uploads\/2020\/04\/aikkarit-kuva-1.jpg\" alt=\"aikkarit kuva\" width=\"627\" height=\"366\"><\/a><\/p>\n<p><strong>Mihin laajempaan ilmi\u00f6\u00f6n ja keskusteluun artikkelisi liittyy?<\/strong><br \/>\nPariinkin. Aikakauslehden kuolemaa on taas kerran ounasteltu. Haluan pikkuisen \u2013 toki kapeaa osuutta raapaisten \u2013 pohtia identiteettiin ja kuulumiseen liittyvi\u00e4 seikkoja, jotka ovat vahvoja pienlehtien sf\u00e4\u00e4riss\u00e4. Ehk\u00e4 juuri t\u00e4llaisten piirteiden ansiota on, ett\u00e4 aikakauslehte\u00e4 ei saada hengilt\u00e4, vaikka yritetty on. Toinen yleisempi ilmi\u00f6 on enemmist\u00f6\/v\u00e4hemmist\u00f6-asetelman yliyksinkertaistaminen.<\/p>\n<p><strong>Mik\u00e4 on antisi t\u00e4h\u00e4n keskusteluun? <\/strong><br \/>\nKuulumisen k\u00e4sitett\u00e4 on taiteen, elokuvan ja kirjallisuuden tutkimuksessa k\u00e4ytetty paljonkin, mediapuolella ei niink\u00e4\u00e4n.<\/p>\n<p><strong>Mik\u00e4 on artikkelisi keskeinen argumentti?<\/strong><br \/>\nKotopes\u00e4\u00e4 luovaa ja sit\u00e4 yll\u00e4pit\u00e4v\u00e4\u00e4 kuulumista ei ole hankala rakentaa journalistisiin teksteihin muistumien, yhteisten kokemusten kuvausten, kuvien ja tuttujen nimien kautta. Sen sijaa kuulumisen politiikkaa, muutosta, on tuntuvasti vaikeampi saada teksteiss\u00e4 syntym\u00e4\u00e4n. Media ei v\u00e4ltt\u00e4m\u00e4tt\u00e4 ole tehokas v\u00e4line muutoksen rakentamiseen.<\/p>\n<p><strong>Mik\u00e4 sai sinut tarttumaan t\u00e4h\u00e4n aiheeseen?<\/strong><br \/>\nOlen vanha aikakauslehdentoimittaja ja aikakauslehtien rakastaja, ja pitk\u00e4aikainen ty\u00f6paikkani pisti pohtimaan kieleen pohjaavaa enemmist\u00f6\/v\u00e4hemmist\u00f6-asetelmaa.<\/p>\n<p>(Lauri Haapanen)<\/p>\n","protected":false},"excerpt":{"rendered":"<p>\u201dL\u00e4hestyv\u00e4tk\u00f6 ruotsinkieliset aikakauslehdet lukijoitaan toisin kuin suomenkieliset\u201d, kysyy emeritaprofessori Ullamaija Kivikuru artikkelissaan&nbsp;L\u00e4heisyyden luomisen reittej\u00e4 suomen- ja ruotsinkielisess\u00e4 aikakausmediassa. Artikkeli on julkaistu Media &amp; viestint\u00e4 -lehdess\u00e4 1\/2020. Mihin laajempaan&hellip;<\/p>\n","protected":false},"author":3,"featured_media":4109,"comment_status":"closed","ping_status":"closed","sticky":false,"template":"","format":"standard","meta":{"_monsterinsights_skip_tracking":false,"_monsterinsights_sitenote_active":false,"_monsterinsights_sitenote_note":"","_monsterinsights_sitenote_category":0,"footnotes":""},"categories":[76,1],"tags":[],"class_list":["post-4060","post","type-post","status-publish","format-standard","has-post-thumbnail","hentry","category-ajankohtaista","category-yleinen"],"yoast_head":"<!-- This site is optimized with the Yoast SEO plugin v27.5 - https:\/\/yoast.com\/product\/yoast-seo-wordpress\/ -->\n<title>V\u00e4hemmist\u00f6n kutsut ovat kuiskauksia &#8211; Mevi<\/title>\n<meta name=\"robots\" content=\"index, follow, max-snippet:-1, max-image-preview:large, max-video-preview:-1\" \/>\n<link rel=\"canonical\" href=\"https:\/\/mediaviestinta.fi\/mevi2020\/2020\/04\/vahemmiston-kutsut-ovat-kuiskauksia\/\" \/>\n<meta property=\"og:locale\" content=\"fi_FI\" \/>\n<meta property=\"og:type\" content=\"article\" \/>\n<meta property=\"og:title\" content=\"V\u00e4hemmist\u00f6n kutsut ovat kuiskauksia &#8211; Mevi\" \/>\n<meta property=\"og:description\" content=\"\u201dL\u00e4hestyv\u00e4tk\u00f6 ruotsinkieliset aikakauslehdet lukijoitaan toisin kuin suomenkieliset\u201d, kysyy emeritaprofessori Ullamaija Kivikuru artikkelissaan&nbsp;L\u00e4heisyyden luomisen reittej\u00e4 suomen- ja ruotsinkielisess\u00e4 aikakausmediassa. Artikkeli on julkaistu Media &amp; viestint\u00e4 -lehdess\u00e4 1\/2020. Mihin laajempaan&hellip;\" \/>\n<meta property=\"og:url\" content=\"https:\/\/mediaviestinta.fi\/mevi2020\/2020\/04\/vahemmiston-kutsut-ovat-kuiskauksia\/\" \/>\n<meta property=\"og:site_name\" content=\"Mevi\" \/>\n<meta property=\"article:publisher\" content=\"https:\/\/www.facebook.com\/MediaViestinta\/\" \/>\n<meta property=\"article:published_time\" content=\"2020-04-23T11:21:00+00:00\" \/>\n<meta property=\"article:modified_time\" content=\"2020-05-08T07:41:14+00:00\" \/>\n<meta property=\"og:image\" content=\"https:\/\/mediaviestinta.fi\/mevi2020\/wp-content\/uploads\/2020\/04\/aikkarit-kuva-1-e1588592749547.jpg\" \/>\n\t<meta property=\"og:image:width\" content=\"700\" \/>\n\t<meta property=\"og:image:height\" content=\"316\" \/>\n\t<meta property=\"og:image:type\" content=\"image\/jpeg\" \/>\n<meta name=\"author\" content=\"Mevi\" \/>\n<meta name=\"twitter:card\" content=\"summary_large_image\" \/>\n<meta name=\"twitter:creator\" content=\"@mediaviestinta\" \/>\n<meta name=\"twitter:site\" content=\"@mediaviestinta\" \/>\n<meta name=\"twitter:label1\" content=\"Kirjoittanut\" \/>\n\t<meta name=\"twitter:data1\" content=\"Mevi\" \/>\n\t<meta name=\"twitter:label2\" content=\"Arvioitu lukuaika\" \/>\n\t<meta name=\"twitter:data2\" content=\"1 minuutti\" \/>\n<script type=\"application\/ld+json\" class=\"yoast-schema-graph\">{\"@context\":\"https:\\\/\\\/schema.org\",\"@graph\":[{\"@type\":\"Article\",\"@id\":\"https:\\\/\\\/mediaviestinta.fi\\\/mevi2020\\\/2020\\\/04\\\/vahemmiston-kutsut-ovat-kuiskauksia\\\/#article\",\"isPartOf\":{\"@id\":\"https:\\\/\\\/mediaviestinta.fi\\\/mevi2020\\\/2020\\\/04\\\/vahemmiston-kutsut-ovat-kuiskauksia\\\/\"},\"author\":{\"name\":\"Mevi\",\"@id\":\"https:\\\/\\\/mediaviestinta.fi\\\/#\\\/schema\\\/person\\\/b2da34ab24cfcd17dbdd6c7cfb173257\"},\"headline\":\"V\u00e4hemmist\u00f6n kutsut ovat kuiskauksia\",\"datePublished\":\"2020-04-23T11:21:00+00:00\",\"dateModified\":\"2020-05-08T07:41:14+00:00\",\"mainEntityOfPage\":{\"@id\":\"https:\\\/\\\/mediaviestinta.fi\\\/mevi2020\\\/2020\\\/04\\\/vahemmiston-kutsut-ovat-kuiskauksia\\\/\"},\"wordCount\":197,\"publisher\":{\"@id\":\"https:\\\/\\\/mediaviestinta.fi\\\/#organization\"},\"image\":{\"@id\":\"https:\\\/\\\/mediaviestinta.fi\\\/mevi2020\\\/2020\\\/04\\\/vahemmiston-kutsut-ovat-kuiskauksia\\\/#primaryimage\"},\"thumbnailUrl\":\"https:\\\/\\\/mediaviestinta.fi\\\/mevi2020\\\/wp-content\\\/uploads\\\/2020\\\/04\\\/aikkarit-kuva-1-e1588592749547.jpg\",\"articleSection\":[\"Ajankohtaista\"],\"inLanguage\":\"fi\"},{\"@type\":\"WebPage\",\"@id\":\"https:\\\/\\\/mediaviestinta.fi\\\/mevi2020\\\/2020\\\/04\\\/vahemmiston-kutsut-ovat-kuiskauksia\\\/\",\"url\":\"https:\\\/\\\/mediaviestinta.fi\\\/mevi2020\\\/2020\\\/04\\\/vahemmiston-kutsut-ovat-kuiskauksia\\\/\",\"name\":\"V\u00e4hemmist\u00f6n kutsut ovat kuiskauksia &#8211; Mevi\",\"isPartOf\":{\"@id\":\"https:\\\/\\\/mediaviestinta.fi\\\/#website\"},\"primaryImageOfPage\":{\"@id\":\"https:\\\/\\\/mediaviestinta.fi\\\/mevi2020\\\/2020\\\/04\\\/vahemmiston-kutsut-ovat-kuiskauksia\\\/#primaryimage\"},\"image\":{\"@id\":\"https:\\\/\\\/mediaviestinta.fi\\\/mevi2020\\\/2020\\\/04\\\/vahemmiston-kutsut-ovat-kuiskauksia\\\/#primaryimage\"},\"thumbnailUrl\":\"https:\\\/\\\/mediaviestinta.fi\\\/mevi2020\\\/wp-content\\\/uploads\\\/2020\\\/04\\\/aikkarit-kuva-1-e1588592749547.jpg\",\"datePublished\":\"2020-04-23T11:21:00+00:00\",\"dateModified\":\"2020-05-08T07:41:14+00:00\",\"breadcrumb\":{\"@id\":\"https:\\\/\\\/mediaviestinta.fi\\\/mevi2020\\\/2020\\\/04\\\/vahemmiston-kutsut-ovat-kuiskauksia\\\/#breadcrumb\"},\"inLanguage\":\"fi\",\"potentialAction\":[{\"@type\":\"ReadAction\",\"target\":[\"https:\\\/\\\/mediaviestinta.fi\\\/mevi2020\\\/2020\\\/04\\\/vahemmiston-kutsut-ovat-kuiskauksia\\\/\"]}]},{\"@type\":\"ImageObject\",\"inLanguage\":\"fi\",\"@id\":\"https:\\\/\\\/mediaviestinta.fi\\\/mevi2020\\\/2020\\\/04\\\/vahemmiston-kutsut-ovat-kuiskauksia\\\/#primaryimage\",\"url\":\"https:\\\/\\\/mediaviestinta.fi\\\/mevi2020\\\/wp-content\\\/uploads\\\/2020\\\/04\\\/aikkarit-kuva-1-e1588592749547.jpg\",\"contentUrl\":\"https:\\\/\\\/mediaviestinta.fi\\\/mevi2020\\\/wp-content\\\/uploads\\\/2020\\\/04\\\/aikkarit-kuva-1-e1588592749547.jpg\",\"width\":700,\"height\":316},{\"@type\":\"BreadcrumbList\",\"@id\":\"https:\\\/\\\/mediaviestinta.fi\\\/mevi2020\\\/2020\\\/04\\\/vahemmiston-kutsut-ovat-kuiskauksia\\\/#breadcrumb\",\"itemListElement\":[{\"@type\":\"ListItem\",\"position\":1,\"name\":\"Home\",\"item\":\"https:\\\/\\\/mediaviestinta.fi\\\/\"},{\"@type\":\"ListItem\",\"position\":2,\"name\":\"V\u00e4hemmist\u00f6n kutsut ovat kuiskauksia\"}]},{\"@type\":\"WebSite\",\"@id\":\"https:\\\/\\\/mediaviestinta.fi\\\/#website\",\"url\":\"https:\\\/\\\/mediaviestinta.fi\\\/\",\"name\":\"Mevi\",\"description\":\"Media- ja viestint\u00e4tieteellinen seura Mevi\",\"publisher\":{\"@id\":\"https:\\\/\\\/mediaviestinta.fi\\\/#organization\"},\"potentialAction\":[{\"@type\":\"SearchAction\",\"target\":{\"@type\":\"EntryPoint\",\"urlTemplate\":\"https:\\\/\\\/mediaviestinta.fi\\\/?s={search_term_string}\"},\"query-input\":{\"@type\":\"PropertyValueSpecification\",\"valueRequired\":true,\"valueName\":\"search_term_string\"}}],\"inLanguage\":\"fi\"},{\"@type\":\"Organization\",\"@id\":\"https:\\\/\\\/mediaviestinta.fi\\\/#organization\",\"name\":\"Media- ja viestint\u00e4tieteellinen seura Mevi\",\"url\":\"https:\\\/\\\/mediaviestinta.fi\\\/\",\"logo\":{\"@type\":\"ImageObject\",\"inLanguage\":\"fi\",\"@id\":\"https:\\\/\\\/mediaviestinta.fi\\\/#\\\/schema\\\/logo\\\/image\\\/\",\"url\":\"https:\\\/\\\/mediaviestinta.fi\\\/mevi2020\\\/wp-content\\\/uploads\\\/2020\\\/03\\\/mevi-logo-RGB-Transparent.png\",\"contentUrl\":\"https:\\\/\\\/mediaviestinta.fi\\\/mevi2020\\\/wp-content\\\/uploads\\\/2020\\\/03\\\/mevi-logo-RGB-Transparent.png\",\"width\":910,\"height\":464,\"caption\":\"Media- ja viestint\u00e4tieteellinen seura Mevi\"},\"image\":{\"@id\":\"https:\\\/\\\/mediaviestinta.fi\\\/#\\\/schema\\\/logo\\\/image\\\/\"},\"sameAs\":[\"https:\\\/\\\/www.facebook.com\\\/MediaViestinta\\\/\",\"https:\\\/\\\/x.com\\\/mediaviestinta\"]},{\"@type\":\"Person\",\"@id\":\"https:\\\/\\\/mediaviestinta.fi\\\/#\\\/schema\\\/person\\\/b2da34ab24cfcd17dbdd6c7cfb173257\",\"name\":\"Mevi\",\"image\":{\"@type\":\"ImageObject\",\"inLanguage\":\"fi\",\"@id\":\"https:\\\/\\\/secure.gravatar.com\\\/avatar\\\/3305b76d1667dc119a18808ed03d6a1fc2dfa8b6a1cddecb8c4d27ef14ec32ca?s=96&d=mm&r=g\",\"url\":\"https:\\\/\\\/secure.gravatar.com\\\/avatar\\\/3305b76d1667dc119a18808ed03d6a1fc2dfa8b6a1cddecb8c4d27ef14ec32ca?s=96&d=mm&r=g\",\"contentUrl\":\"https:\\\/\\\/secure.gravatar.com\\\/avatar\\\/3305b76d1667dc119a18808ed03d6a1fc2dfa8b6a1cddecb8c4d27ef14ec32ca?s=96&d=mm&r=g\",\"caption\":\"Mevi\"},\"url\":\"https:\\\/\\\/mediaviestinta.fi\\\/mevi2020\\\/author\\\/mediavie\\\/\"}]}<\/script>\n<!-- \/ Yoast SEO plugin. -->","yoast_head_json":{"title":"V\u00e4hemmist\u00f6n kutsut ovat kuiskauksia &#8211; Mevi","robots":{"index":"index","follow":"follow","max-snippet":"max-snippet:-1","max-image-preview":"max-image-preview:large","max-video-preview":"max-video-preview:-1"},"canonical":"https:\/\/mediaviestinta.fi\/mevi2020\/2020\/04\/vahemmiston-kutsut-ovat-kuiskauksia\/","og_locale":"fi_FI","og_type":"article","og_title":"V\u00e4hemmist\u00f6n kutsut ovat kuiskauksia &#8211; Mevi","og_description":"\u201dL\u00e4hestyv\u00e4tk\u00f6 ruotsinkieliset aikakauslehdet lukijoitaan toisin kuin suomenkieliset\u201d, kysyy emeritaprofessori Ullamaija Kivikuru artikkelissaan&nbsp;L\u00e4heisyyden luomisen reittej\u00e4 suomen- ja ruotsinkielisess\u00e4 aikakausmediassa. Artikkeli on julkaistu Media &amp; viestint\u00e4 -lehdess\u00e4 1\/2020. Mihin laajempaan&hellip;","og_url":"https:\/\/mediaviestinta.fi\/mevi2020\/2020\/04\/vahemmiston-kutsut-ovat-kuiskauksia\/","og_site_name":"Mevi","article_publisher":"https:\/\/www.facebook.com\/MediaViestinta\/","article_published_time":"2020-04-23T11:21:00+00:00","article_modified_time":"2020-05-08T07:41:14+00:00","og_image":[{"width":700,"height":316,"url":"https:\/\/mediaviestinta.fi\/mevi2020\/wp-content\/uploads\/2020\/04\/aikkarit-kuva-1-e1588592749547.jpg","type":"image\/jpeg"}],"author":"Mevi","twitter_card":"summary_large_image","twitter_creator":"@mediaviestinta","twitter_site":"@mediaviestinta","twitter_misc":{"Kirjoittanut":"Mevi","Arvioitu lukuaika":"1 minuutti"},"schema":{"@context":"https:\/\/schema.org","@graph":[{"@type":"Article","@id":"https:\/\/mediaviestinta.fi\/mevi2020\/2020\/04\/vahemmiston-kutsut-ovat-kuiskauksia\/#article","isPartOf":{"@id":"https:\/\/mediaviestinta.fi\/mevi2020\/2020\/04\/vahemmiston-kutsut-ovat-kuiskauksia\/"},"author":{"name":"Mevi","@id":"https:\/\/mediaviestinta.fi\/#\/schema\/person\/b2da34ab24cfcd17dbdd6c7cfb173257"},"headline":"V\u00e4hemmist\u00f6n kutsut ovat kuiskauksia","datePublished":"2020-04-23T11:21:00+00:00","dateModified":"2020-05-08T07:41:14+00:00","mainEntityOfPage":{"@id":"https:\/\/mediaviestinta.fi\/mevi2020\/2020\/04\/vahemmiston-kutsut-ovat-kuiskauksia\/"},"wordCount":197,"publisher":{"@id":"https:\/\/mediaviestinta.fi\/#organization"},"image":{"@id":"https:\/\/mediaviestinta.fi\/mevi2020\/2020\/04\/vahemmiston-kutsut-ovat-kuiskauksia\/#primaryimage"},"thumbnailUrl":"https:\/\/mediaviestinta.fi\/mevi2020\/wp-content\/uploads\/2020\/04\/aikkarit-kuva-1-e1588592749547.jpg","articleSection":["Ajankohtaista"],"inLanguage":"fi"},{"@type":"WebPage","@id":"https:\/\/mediaviestinta.fi\/mevi2020\/2020\/04\/vahemmiston-kutsut-ovat-kuiskauksia\/","url":"https:\/\/mediaviestinta.fi\/mevi2020\/2020\/04\/vahemmiston-kutsut-ovat-kuiskauksia\/","name":"V\u00e4hemmist\u00f6n kutsut ovat kuiskauksia &#8211; Mevi","isPartOf":{"@id":"https:\/\/mediaviestinta.fi\/#website"},"primaryImageOfPage":{"@id":"https:\/\/mediaviestinta.fi\/mevi2020\/2020\/04\/vahemmiston-kutsut-ovat-kuiskauksia\/#primaryimage"},"image":{"@id":"https:\/\/mediaviestinta.fi\/mevi2020\/2020\/04\/vahemmiston-kutsut-ovat-kuiskauksia\/#primaryimage"},"thumbnailUrl":"https:\/\/mediaviestinta.fi\/mevi2020\/wp-content\/uploads\/2020\/04\/aikkarit-kuva-1-e1588592749547.jpg","datePublished":"2020-04-23T11:21:00+00:00","dateModified":"2020-05-08T07:41:14+00:00","breadcrumb":{"@id":"https:\/\/mediaviestinta.fi\/mevi2020\/2020\/04\/vahemmiston-kutsut-ovat-kuiskauksia\/#breadcrumb"},"inLanguage":"fi","potentialAction":[{"@type":"ReadAction","target":["https:\/\/mediaviestinta.fi\/mevi2020\/2020\/04\/vahemmiston-kutsut-ovat-kuiskauksia\/"]}]},{"@type":"ImageObject","inLanguage":"fi","@id":"https:\/\/mediaviestinta.fi\/mevi2020\/2020\/04\/vahemmiston-kutsut-ovat-kuiskauksia\/#primaryimage","url":"https:\/\/mediaviestinta.fi\/mevi2020\/wp-content\/uploads\/2020\/04\/aikkarit-kuva-1-e1588592749547.jpg","contentUrl":"https:\/\/mediaviestinta.fi\/mevi2020\/wp-content\/uploads\/2020\/04\/aikkarit-kuva-1-e1588592749547.jpg","width":700,"height":316},{"@type":"BreadcrumbList","@id":"https:\/\/mediaviestinta.fi\/mevi2020\/2020\/04\/vahemmiston-kutsut-ovat-kuiskauksia\/#breadcrumb","itemListElement":[{"@type":"ListItem","position":1,"name":"Home","item":"https:\/\/mediaviestinta.fi\/"},{"@type":"ListItem","position":2,"name":"V\u00e4hemmist\u00f6n kutsut ovat kuiskauksia"}]},{"@type":"WebSite","@id":"https:\/\/mediaviestinta.fi\/#website","url":"https:\/\/mediaviestinta.fi\/","name":"Mevi","description":"Media- ja viestint\u00e4tieteellinen seura Mevi","publisher":{"@id":"https:\/\/mediaviestinta.fi\/#organization"},"potentialAction":[{"@type":"SearchAction","target":{"@type":"EntryPoint","urlTemplate":"https:\/\/mediaviestinta.fi\/?s={search_term_string}"},"query-input":{"@type":"PropertyValueSpecification","valueRequired":true,"valueName":"search_term_string"}}],"inLanguage":"fi"},{"@type":"Organization","@id":"https:\/\/mediaviestinta.fi\/#organization","name":"Media- ja viestint\u00e4tieteellinen seura Mevi","url":"https:\/\/mediaviestinta.fi\/","logo":{"@type":"ImageObject","inLanguage":"fi","@id":"https:\/\/mediaviestinta.fi\/#\/schema\/logo\/image\/","url":"https:\/\/mediaviestinta.fi\/mevi2020\/wp-content\/uploads\/2020\/03\/mevi-logo-RGB-Transparent.png","contentUrl":"https:\/\/mediaviestinta.fi\/mevi2020\/wp-content\/uploads\/2020\/03\/mevi-logo-RGB-Transparent.png","width":910,"height":464,"caption":"Media- ja viestint\u00e4tieteellinen seura Mevi"},"image":{"@id":"https:\/\/mediaviestinta.fi\/#\/schema\/logo\/image\/"},"sameAs":["https:\/\/www.facebook.com\/MediaViestinta\/","https:\/\/x.com\/mediaviestinta"]},{"@type":"Person","@id":"https:\/\/mediaviestinta.fi\/#\/schema\/person\/b2da34ab24cfcd17dbdd6c7cfb173257","name":"Mevi","image":{"@type":"ImageObject","inLanguage":"fi","@id":"https:\/\/secure.gravatar.com\/avatar\/3305b76d1667dc119a18808ed03d6a1fc2dfa8b6a1cddecb8c4d27ef14ec32ca?s=96&d=mm&r=g","url":"https:\/\/secure.gravatar.com\/avatar\/3305b76d1667dc119a18808ed03d6a1fc2dfa8b6a1cddecb8c4d27ef14ec32ca?s=96&d=mm&r=g","contentUrl":"https:\/\/secure.gravatar.com\/avatar\/3305b76d1667dc119a18808ed03d6a1fc2dfa8b6a1cddecb8c4d27ef14ec32ca?s=96&d=mm&r=g","caption":"Mevi"},"url":"https:\/\/mediaviestinta.fi\/mevi2020\/author\/mediavie\/"}]}},"_links":{"self":[{"href":"https:\/\/mediaviestinta.fi\/mevi2020\/wp-json\/wp\/v2\/posts\/4060","targetHints":{"allow":["GET"]}}],"collection":[{"href":"https:\/\/mediaviestinta.fi\/mevi2020\/wp-json\/wp\/v2\/posts"}],"about":[{"href":"https:\/\/mediaviestinta.fi\/mevi2020\/wp-json\/wp\/v2\/types\/post"}],"author":[{"embeddable":true,"href":"https:\/\/mediaviestinta.fi\/mevi2020\/wp-json\/wp\/v2\/users\/3"}],"replies":[{"embeddable":true,"href":"https:\/\/mediaviestinta.fi\/mevi2020\/wp-json\/wp\/v2\/comments?post=4060"}],"version-history":[{"count":2,"href":"https:\/\/mediaviestinta.fi\/mevi2020\/wp-json\/wp\/v2\/posts\/4060\/revisions"}],"predecessor-version":[{"id":4131,"href":"https:\/\/mediaviestinta.fi\/mevi2020\/wp-json\/wp\/v2\/posts\/4060\/revisions\/4131"}],"wp:featuredmedia":[{"embeddable":true,"href":"https:\/\/mediaviestinta.fi\/mevi2020\/wp-json\/wp\/v2\/media\/4109"}],"wp:attachment":[{"href":"https:\/\/mediaviestinta.fi\/mevi2020\/wp-json\/wp\/v2\/media?parent=4060"}],"wp:term":[{"taxonomy":"category","embeddable":true,"href":"https:\/\/mediaviestinta.fi\/mevi2020\/wp-json\/wp\/v2\/categories?post=4060"},{"taxonomy":"post_tag","embeddable":true,"href":"https:\/\/mediaviestinta.fi\/mevi2020\/wp-json\/wp\/v2\/tags?post=4060"}],"curies":[{"name":"wp","href":"https:\/\/api.w.org\/{rel}","templated":true}]}}