{"id":4102,"date":"2020-04-26T12:40:00","date_gmt":"2020-04-26T09:40:00","guid":{"rendered":"http:\/\/mediaviestinta.fi\/blogi\/?p=4102"},"modified":"2020-05-08T10:41:14","modified_gmt":"2020-05-08T07:41:14","slug":"koneoppiminen-osaksi-mediatapahtumien-tutkimusta","status":"publish","type":"post","link":"https:\/\/mediaviestinta.fi\/mevi2020\/2020\/04\/koneoppiminen-osaksi-mediatapahtumien-tutkimusta\/","title":{"rendered":"Koneoppiminen osaksi mediatapahtumien tutkimusta"},"content":{"rendered":"\n<p>\u201dAvaamme artikkelissa koneoppimisen periaatteita metodiartikkelin hengess\u00e4 tukeaksemme eri tutkimusotteiden osaajien v\u00e4list\u00e4 vuoropuhelua\u201d, kertovat Pihla Toivanen, Jukka Huhtam\u00e4ki, Katja Valaskivi ja Minttu Tikka artikkelistaan <a href=\"https:\/\/journal.fi\/mediaviestinta\/article\/view\/91078\">Aihemallinnus hybridin mediatapahtuman ja merkitysten kierron tutkimuksessa<\/a>. Artikkeli on julkaistu Media &amp; viestint\u00e4 -lehdess\u00e4 <a href=\"https:\/\/journal.fi\/mediaviestinta\/issue\/view\/6247\">1\/2020<\/a>.<\/p>\n\n\n\n<p><strong>Mihin laajempaan ilmi\u00f6\u00f6n ja keskusteluun artikkelinne liittyy?<br><\/strong>Artikkelissa tutkimme koneoppimisen soveltamista hybridin mediatapahtuman tutkimuksessa. Laajemmin tutkimuksemme kiinnittyy laskennallisten menetelmien k\u00e4ytt\u00f6\u00f6n datan ker\u00e4\u00e4misess\u00e4 ja analyysiss\u00e4 mediatutkimuksen tukena.<\/p>\n\n\n\n<p>Hybridi mediaymp\u00e4rist\u00f6 tarkoittaa tilannetta, jossa sekoittuvat tuotannon ja vastaanoton k\u00e4yt\u00e4nn\u00f6t siten, ett\u00e4 sek\u00e4 ammattimaisesti vakiintuneiden mediaorganisaatioiden k\u00e4yt\u00e4nn\u00f6t ett\u00e4 sosiaalisen median k\u00e4yt\u00e4nn\u00f6t muokkaavat toisiaan ja syntyvi\u00e4 merkityksi\u00e4.<\/p>\n\n\n\n<p><strong>Mik\u00e4 on antinne t\u00e4h\u00e4n keskusteluun?<br><\/strong>Laskennallisten menetelmien soveltamiseen mediatutkimuksessa ei ole yleens\u00e4 vakiintuneita k\u00e4yt\u00e4nt\u00f6j\u00e4. Artikkelimme esitt\u00e4\u00e4 tapaustutkimuksen ohjaamattoman koneoppimismenetelm\u00e4n aihemallinnuksen k\u00e4yt\u00f6st\u00e4 hybridin mediatapahtuman tutkimuksessa. Keskeinen tutkimusongelmamme on se, miten voimme saada kokonaiskuvan suuresta mediatapahtuma-aineistosta ja ymm\u00e4rt\u00e4\u00e4 sen logiikkaa laskennallisten menetelmien avulla.<\/p>\n\n\n\n<p>Tapaustutkimuksenamme on maaliskuussa Uudessa-Seelannissa Christchurchissa kahteen moskeijaan suunnattu terrori-isku. Ker\u00e4simme Twitter-aineiston, jonka noin 150 000 twiitille toteutimme aihemallinnuksen. Artikkelimme keskeinen anti on johtop\u00e4\u00e4t\u00f6s siit\u00e4, ett\u00e4 parhaimmillaan aihemallinnus toimii hybridin mediatapahtuman tutkimuksessa er\u00e4\u00e4nlaisena alkupisteen\u00e4 laadullisten tutkimuskysymyksien muodostamiseen suuresta aineistosta. Lis\u00e4ksi totesimme voivamme hy\u00f6dynt\u00e4\u00e4 aihemallinnusta hybridin mediatapahtuman tutkimuksessa my\u00f6s muuten kuin perinteisesti aiheiden etsint\u00e4\u00e4n. Aihemallinnus esimerkiksi tunnisti twiittej\u00e4, joita k\u00e4ytt\u00e4j\u00e4t olivat ik\u00e4\u00e4n kuin rikkin\u00e4isen\u00e4 puhelimena kopioineet ja kierr\u00e4tt\u00e4neet toisiltaan (artikkelin taulukko 4).<\/p>\n\n\n\n<p><strong>Mik\u00e4 on artikkelinne keskeinen argumentti?<br><\/strong>Keskeinen argumenttimme on se, ett\u00e4 koneoppimista voidaan hy\u00f6dynt\u00e4\u00e4 hybridin mediatapahtuman tutkimuksessa, kunhan menetelmien rajoitteet ja toimintaperiaatteet ymm\u00e4rret\u00e4\u00e4n. Aihemallinnus tarjosi tapaustutkimukseemme monia tapoja saada selkoa suuresta aineistostamme ja tuki tarkempien tutkimuskysymyksien muodostamista jatkotutkimuksen ohjaamiseksi.<\/p>\n\n\n\n<p><strong>Mit\u00e4 haluatte artikkelillanne sanoa?<br><\/strong>Haluamme kannustaa mediatutkijoita ja laskennallisen analytiikan taitajia kehitt\u00e4m\u00e4\u00e4n yhteisty\u00f6ss\u00e4 monimenetelm\u00e4llist\u00e4 otetta mediatapahtumien ja muiden hybridin median ilmi\u00f6iden kartoittamiseksi ja ymm\u00e4rt\u00e4miseksi. Avaamme artikkelissa koneoppimisen periaatteita metodiartikkelin hengess\u00e4 tukeaksemme eri tutkimusotteiden osaajien v\u00e4list\u00e4 vuoropuhelua.<\/p>\n\n\n\n<p><strong>Kenen kannattaa lukea artikkelinne?<br><\/strong>Jos olet kiinnostunut mediatapahtumien tutkimuksesta tai laskennallisista menetelmist\u00e4, kannattaa tutustua artikkeliimme. Olemme yritt\u00e4neet k\u00e4ytt\u00e4\u00e4 mahdollisimman selke\u00e4\u00e4 kielt\u00e4 laskennallisiin menetelmiin liittyen, jotta tekstimme sopii my\u00f6s opiskelijoiden luettavaksi.<\/p>\n\n\n\n<p><strong>Mik\u00e4 sai teid\u00e4t tarttumaan t\u00e4h\u00e4n aiheeseen?<br><\/strong>Artikkelimme kirjoittajista erityisesti Katja Valaskivi ja Minttu Tikka ovat tutkineet jo vuosia mediatapahtumia. T\u00e4m\u00e4 tutkimus tehtiin osana Suomen Akatemian rahoittamaa Hybrid Terrorizing -tutkimushanketta, jossa tutkitaan terroristisia mediatapahtumia. Tartuimme aiheeseen, koska hybridien mediatapahtumien ymm\u00e4rt\u00e4minen vaatii sellaisten sosiaalisen median aineistojen ker\u00e4\u00e4mist\u00e4, joiden kokoluokka edellytt\u00e4\u00e4 monimenetelm\u00e4llist\u00e4 otetta.<\/p>\n\n\n\n<p>(Lauri Haapanen)<\/p>\n","protected":false},"excerpt":{"rendered":"<p>\u201dAvaamme artikkelissa koneoppimisen periaatteita metodiartikkelin hengess\u00e4 tukeaksemme eri tutkimusotteiden osaajien v\u00e4list\u00e4 vuoropuhelua\u201d, kertovat Pihla Toivanen, Jukka Huhtam\u00e4ki, Katja Valaskivi ja Minttu Tikka artikkelistaan Aihemallinnus hybridin mediatapahtuman ja merkitysten&hellip;<\/p>\n","protected":false},"author":3,"featured_media":4165,"comment_status":"closed","ping_status":"closed","sticky":false,"template":"","format":"standard","meta":{"_monsterinsights_skip_tracking":false,"_monsterinsights_sitenote_active":false,"_monsterinsights_sitenote_note":"","_monsterinsights_sitenote_category":0,"footnotes":""},"categories":[76,1],"tags":[62],"class_list":["post-4102","post","type-post","status-publish","format-standard","has-post-thumbnail","hentry","category-ajankohtaista","category-yleinen","tag-media-viestinta"],"yoast_head":"<!-- This site is optimized with the Yoast SEO plugin v27.5 - https:\/\/yoast.com\/product\/yoast-seo-wordpress\/ -->\n<title>Koneoppiminen osaksi mediatapahtumien tutkimusta &#8211; Mevi<\/title>\n<meta name=\"robots\" content=\"index, follow, max-snippet:-1, max-image-preview:large, max-video-preview:-1\" \/>\n<link rel=\"canonical\" href=\"https:\/\/mediaviestinta.fi\/2020\/04\/koneoppiminen-osaksi-mediatapahtumien-tutkimusta\/\" \/>\n<meta property=\"og:locale\" content=\"fi_FI\" \/>\n<meta property=\"og:type\" content=\"article\" \/>\n<meta property=\"og:title\" content=\"Koneoppiminen osaksi mediatapahtumien tutkimusta &#8211; Mevi\" \/>\n<meta property=\"og:description\" content=\"\u201dAvaamme artikkelissa koneoppimisen periaatteita metodiartikkelin hengess\u00e4 tukeaksemme eri tutkimusotteiden osaajien v\u00e4list\u00e4 vuoropuhelua\u201d, kertovat Pihla Toivanen, Jukka Huhtam\u00e4ki, Katja Valaskivi ja Minttu Tikka artikkelistaan Aihemallinnus hybridin mediatapahtuman ja merkitysten&hellip;\" \/>\n<meta property=\"og:url\" content=\"https:\/\/mediaviestinta.fi\/2020\/04\/koneoppiminen-osaksi-mediatapahtumien-tutkimusta\/\" \/>\n<meta property=\"og:site_name\" content=\"Mevi\" \/>\n<meta property=\"article:publisher\" content=\"https:\/\/www.facebook.com\/MediaViestinta\/\" \/>\n<meta property=\"article:published_time\" content=\"2020-04-26T09:40:00+00:00\" \/>\n<meta property=\"article:modified_time\" content=\"2020-05-08T07:41:14+00:00\" \/>\n<meta property=\"og:image\" content=\"https:\/\/mediaviestinta.fi\/mevi2020\/wp-content\/uploads\/2020\/04\/Photo-by-Gertr\u016bda-Valasevi\u010di\u016bt\u0117-on-Unsplash-e1588672379731.jpg\" \/>\n\t<meta property=\"og:image:width\" content=\"700\" \/>\n\t<meta property=\"og:image:height\" content=\"467\" \/>\n\t<meta property=\"og:image:type\" content=\"image\/jpeg\" \/>\n<meta name=\"author\" content=\"Mevi\" \/>\n<meta name=\"twitter:card\" content=\"summary_large_image\" \/>\n<meta name=\"twitter:creator\" content=\"@mediaviestinta\" \/>\n<meta name=\"twitter:site\" content=\"@mediaviestinta\" \/>\n<meta name=\"twitter:label1\" content=\"Kirjoittanut\" \/>\n\t<meta name=\"twitter:data1\" content=\"Mevi\" \/>\n\t<meta name=\"twitter:label2\" content=\"Arvioitu lukuaika\" \/>\n\t<meta name=\"twitter:data2\" content=\"2 minuuttia\" \/>\n<script type=\"application\/ld+json\" class=\"yoast-schema-graph\">{\"@context\":\"https:\\\/\\\/schema.org\",\"@graph\":[{\"@type\":\"Article\",\"@id\":\"https:\\\/\\\/mediaviestinta.fi\\\/2020\\\/04\\\/koneoppiminen-osaksi-mediatapahtumien-tutkimusta\\\/#article\",\"isPartOf\":{\"@id\":\"https:\\\/\\\/mediaviestinta.fi\\\/2020\\\/04\\\/koneoppiminen-osaksi-mediatapahtumien-tutkimusta\\\/\"},\"author\":{\"name\":\"Mevi\",\"@id\":\"https:\\\/\\\/mediaviestinta.fi\\\/#\\\/schema\\\/person\\\/b2da34ab24cfcd17dbdd6c7cfb173257\"},\"headline\":\"Koneoppiminen osaksi mediatapahtumien tutkimusta\",\"datePublished\":\"2020-04-26T09:40:00+00:00\",\"dateModified\":\"2020-05-08T07:41:14+00:00\",\"mainEntityOfPage\":{\"@id\":\"https:\\\/\\\/mediaviestinta.fi\\\/2020\\\/04\\\/koneoppiminen-osaksi-mediatapahtumien-tutkimusta\\\/\"},\"wordCount\":419,\"publisher\":{\"@id\":\"https:\\\/\\\/mediaviestinta.fi\\\/#organization\"},\"image\":{\"@id\":\"https:\\\/\\\/mediaviestinta.fi\\\/2020\\\/04\\\/koneoppiminen-osaksi-mediatapahtumien-tutkimusta\\\/#primaryimage\"},\"thumbnailUrl\":\"https:\\\/\\\/mediaviestinta.fi\\\/mevi2020\\\/wp-content\\\/uploads\\\/2020\\\/04\\\/Photo-by-Gertr\u016bda-Valasevi\u010di\u016bt\u0117-on-Unsplash-e1588672379731.jpg\",\"keywords\":[\"media &amp; viestint\u00e4\"],\"articleSection\":[\"Ajankohtaista\"],\"inLanguage\":\"fi\"},{\"@type\":\"WebPage\",\"@id\":\"https:\\\/\\\/mediaviestinta.fi\\\/2020\\\/04\\\/koneoppiminen-osaksi-mediatapahtumien-tutkimusta\\\/\",\"url\":\"https:\\\/\\\/mediaviestinta.fi\\\/2020\\\/04\\\/koneoppiminen-osaksi-mediatapahtumien-tutkimusta\\\/\",\"name\":\"Koneoppiminen osaksi mediatapahtumien tutkimusta &#8211; Mevi\",\"isPartOf\":{\"@id\":\"https:\\\/\\\/mediaviestinta.fi\\\/#website\"},\"primaryImageOfPage\":{\"@id\":\"https:\\\/\\\/mediaviestinta.fi\\\/2020\\\/04\\\/koneoppiminen-osaksi-mediatapahtumien-tutkimusta\\\/#primaryimage\"},\"image\":{\"@id\":\"https:\\\/\\\/mediaviestinta.fi\\\/2020\\\/04\\\/koneoppiminen-osaksi-mediatapahtumien-tutkimusta\\\/#primaryimage\"},\"thumbnailUrl\":\"https:\\\/\\\/mediaviestinta.fi\\\/mevi2020\\\/wp-content\\\/uploads\\\/2020\\\/04\\\/Photo-by-Gertr\u016bda-Valasevi\u010di\u016bt\u0117-on-Unsplash-e1588672379731.jpg\",\"datePublished\":\"2020-04-26T09:40:00+00:00\",\"dateModified\":\"2020-05-08T07:41:14+00:00\",\"breadcrumb\":{\"@id\":\"https:\\\/\\\/mediaviestinta.fi\\\/2020\\\/04\\\/koneoppiminen-osaksi-mediatapahtumien-tutkimusta\\\/#breadcrumb\"},\"inLanguage\":\"fi\",\"potentialAction\":[{\"@type\":\"ReadAction\",\"target\":[\"https:\\\/\\\/mediaviestinta.fi\\\/2020\\\/04\\\/koneoppiminen-osaksi-mediatapahtumien-tutkimusta\\\/\"]}]},{\"@type\":\"ImageObject\",\"inLanguage\":\"fi\",\"@id\":\"https:\\\/\\\/mediaviestinta.fi\\\/2020\\\/04\\\/koneoppiminen-osaksi-mediatapahtumien-tutkimusta\\\/#primaryimage\",\"url\":\"https:\\\/\\\/mediaviestinta.fi\\\/mevi2020\\\/wp-content\\\/uploads\\\/2020\\\/04\\\/Photo-by-Gertr\u016bda-Valasevi\u010di\u016bt\u0117-on-Unsplash-e1588672379731.jpg\",\"contentUrl\":\"https:\\\/\\\/mediaviestinta.fi\\\/mevi2020\\\/wp-content\\\/uploads\\\/2020\\\/04\\\/Photo-by-Gertr\u016bda-Valasevi\u010di\u016bt\u0117-on-Unsplash-e1588672379731.jpg\",\"width\":700,\"height\":467,\"caption\":\"Photo by Gertr\u016bda Valasevi\u010di\u016bt\u0117 on Unsplash\"},{\"@type\":\"BreadcrumbList\",\"@id\":\"https:\\\/\\\/mediaviestinta.fi\\\/2020\\\/04\\\/koneoppiminen-osaksi-mediatapahtumien-tutkimusta\\\/#breadcrumb\",\"itemListElement\":[{\"@type\":\"ListItem\",\"position\":1,\"name\":\"Home\",\"item\":\"https:\\\/\\\/mediaviestinta.fi\\\/\"},{\"@type\":\"ListItem\",\"position\":2,\"name\":\"Koneoppiminen osaksi mediatapahtumien tutkimusta\"}]},{\"@type\":\"WebSite\",\"@id\":\"https:\\\/\\\/mediaviestinta.fi\\\/#website\",\"url\":\"https:\\\/\\\/mediaviestinta.fi\\\/\",\"name\":\"Mevi\",\"description\":\"Media- ja viestint\u00e4tieteellinen seura Mevi\",\"publisher\":{\"@id\":\"https:\\\/\\\/mediaviestinta.fi\\\/#organization\"},\"potentialAction\":[{\"@type\":\"SearchAction\",\"target\":{\"@type\":\"EntryPoint\",\"urlTemplate\":\"https:\\\/\\\/mediaviestinta.fi\\\/?s={search_term_string}\"},\"query-input\":{\"@type\":\"PropertyValueSpecification\",\"valueRequired\":true,\"valueName\":\"search_term_string\"}}],\"inLanguage\":\"fi\"},{\"@type\":\"Organization\",\"@id\":\"https:\\\/\\\/mediaviestinta.fi\\\/#organization\",\"name\":\"Media- ja viestint\u00e4tieteellinen seura Mevi\",\"url\":\"https:\\\/\\\/mediaviestinta.fi\\\/\",\"logo\":{\"@type\":\"ImageObject\",\"inLanguage\":\"fi\",\"@id\":\"https:\\\/\\\/mediaviestinta.fi\\\/#\\\/schema\\\/logo\\\/image\\\/\",\"url\":\"https:\\\/\\\/mediaviestinta.fi\\\/mevi2020\\\/wp-content\\\/uploads\\\/2020\\\/03\\\/mevi-logo-RGB-Transparent.png\",\"contentUrl\":\"https:\\\/\\\/mediaviestinta.fi\\\/mevi2020\\\/wp-content\\\/uploads\\\/2020\\\/03\\\/mevi-logo-RGB-Transparent.png\",\"width\":910,\"height\":464,\"caption\":\"Media- ja viestint\u00e4tieteellinen seura Mevi\"},\"image\":{\"@id\":\"https:\\\/\\\/mediaviestinta.fi\\\/#\\\/schema\\\/logo\\\/image\\\/\"},\"sameAs\":[\"https:\\\/\\\/www.facebook.com\\\/MediaViestinta\\\/\",\"https:\\\/\\\/x.com\\\/mediaviestinta\"]},{\"@type\":\"Person\",\"@id\":\"https:\\\/\\\/mediaviestinta.fi\\\/#\\\/schema\\\/person\\\/b2da34ab24cfcd17dbdd6c7cfb173257\",\"name\":\"Mevi\",\"image\":{\"@type\":\"ImageObject\",\"inLanguage\":\"fi\",\"@id\":\"https:\\\/\\\/secure.gravatar.com\\\/avatar\\\/3305b76d1667dc119a18808ed03d6a1fc2dfa8b6a1cddecb8c4d27ef14ec32ca?s=96&d=mm&r=g\",\"url\":\"https:\\\/\\\/secure.gravatar.com\\\/avatar\\\/3305b76d1667dc119a18808ed03d6a1fc2dfa8b6a1cddecb8c4d27ef14ec32ca?s=96&d=mm&r=g\",\"contentUrl\":\"https:\\\/\\\/secure.gravatar.com\\\/avatar\\\/3305b76d1667dc119a18808ed03d6a1fc2dfa8b6a1cddecb8c4d27ef14ec32ca?s=96&d=mm&r=g\",\"caption\":\"Mevi\"},\"url\":\"https:\\\/\\\/mediaviestinta.fi\\\/mevi2020\\\/author\\\/mediavie\\\/\"}]}<\/script>\n<!-- \/ Yoast SEO plugin. -->","yoast_head_json":{"title":"Koneoppiminen osaksi mediatapahtumien tutkimusta &#8211; Mevi","robots":{"index":"index","follow":"follow","max-snippet":"max-snippet:-1","max-image-preview":"max-image-preview:large","max-video-preview":"max-video-preview:-1"},"canonical":"https:\/\/mediaviestinta.fi\/2020\/04\/koneoppiminen-osaksi-mediatapahtumien-tutkimusta\/","og_locale":"fi_FI","og_type":"article","og_title":"Koneoppiminen osaksi mediatapahtumien tutkimusta &#8211; Mevi","og_description":"\u201dAvaamme artikkelissa koneoppimisen periaatteita metodiartikkelin hengess\u00e4 tukeaksemme eri tutkimusotteiden osaajien v\u00e4list\u00e4 vuoropuhelua\u201d, kertovat Pihla Toivanen, Jukka Huhtam\u00e4ki, Katja Valaskivi ja Minttu Tikka artikkelistaan Aihemallinnus hybridin mediatapahtuman ja merkitysten&hellip;","og_url":"https:\/\/mediaviestinta.fi\/2020\/04\/koneoppiminen-osaksi-mediatapahtumien-tutkimusta\/","og_site_name":"Mevi","article_publisher":"https:\/\/www.facebook.com\/MediaViestinta\/","article_published_time":"2020-04-26T09:40:00+00:00","article_modified_time":"2020-05-08T07:41:14+00:00","og_image":[{"width":700,"height":467,"url":"https:\/\/mediaviestinta.fi\/mevi2020\/wp-content\/uploads\/2020\/04\/Photo-by-Gertr\u016bda-Valasevi\u010di\u016bt\u0117-on-Unsplash-e1588672379731.jpg","type":"image\/jpeg"}],"author":"Mevi","twitter_card":"summary_large_image","twitter_creator":"@mediaviestinta","twitter_site":"@mediaviestinta","twitter_misc":{"Kirjoittanut":"Mevi","Arvioitu lukuaika":"2 minuuttia"},"schema":{"@context":"https:\/\/schema.org","@graph":[{"@type":"Article","@id":"https:\/\/mediaviestinta.fi\/2020\/04\/koneoppiminen-osaksi-mediatapahtumien-tutkimusta\/#article","isPartOf":{"@id":"https:\/\/mediaviestinta.fi\/2020\/04\/koneoppiminen-osaksi-mediatapahtumien-tutkimusta\/"},"author":{"name":"Mevi","@id":"https:\/\/mediaviestinta.fi\/#\/schema\/person\/b2da34ab24cfcd17dbdd6c7cfb173257"},"headline":"Koneoppiminen osaksi mediatapahtumien tutkimusta","datePublished":"2020-04-26T09:40:00+00:00","dateModified":"2020-05-08T07:41:14+00:00","mainEntityOfPage":{"@id":"https:\/\/mediaviestinta.fi\/2020\/04\/koneoppiminen-osaksi-mediatapahtumien-tutkimusta\/"},"wordCount":419,"publisher":{"@id":"https:\/\/mediaviestinta.fi\/#organization"},"image":{"@id":"https:\/\/mediaviestinta.fi\/2020\/04\/koneoppiminen-osaksi-mediatapahtumien-tutkimusta\/#primaryimage"},"thumbnailUrl":"https:\/\/mediaviestinta.fi\/mevi2020\/wp-content\/uploads\/2020\/04\/Photo-by-Gertr\u016bda-Valasevi\u010di\u016bt\u0117-on-Unsplash-e1588672379731.jpg","keywords":["media &amp; viestint\u00e4"],"articleSection":["Ajankohtaista"],"inLanguage":"fi"},{"@type":"WebPage","@id":"https:\/\/mediaviestinta.fi\/2020\/04\/koneoppiminen-osaksi-mediatapahtumien-tutkimusta\/","url":"https:\/\/mediaviestinta.fi\/2020\/04\/koneoppiminen-osaksi-mediatapahtumien-tutkimusta\/","name":"Koneoppiminen osaksi mediatapahtumien tutkimusta &#8211; Mevi","isPartOf":{"@id":"https:\/\/mediaviestinta.fi\/#website"},"primaryImageOfPage":{"@id":"https:\/\/mediaviestinta.fi\/2020\/04\/koneoppiminen-osaksi-mediatapahtumien-tutkimusta\/#primaryimage"},"image":{"@id":"https:\/\/mediaviestinta.fi\/2020\/04\/koneoppiminen-osaksi-mediatapahtumien-tutkimusta\/#primaryimage"},"thumbnailUrl":"https:\/\/mediaviestinta.fi\/mevi2020\/wp-content\/uploads\/2020\/04\/Photo-by-Gertr\u016bda-Valasevi\u010di\u016bt\u0117-on-Unsplash-e1588672379731.jpg","datePublished":"2020-04-26T09:40:00+00:00","dateModified":"2020-05-08T07:41:14+00:00","breadcrumb":{"@id":"https:\/\/mediaviestinta.fi\/2020\/04\/koneoppiminen-osaksi-mediatapahtumien-tutkimusta\/#breadcrumb"},"inLanguage":"fi","potentialAction":[{"@type":"ReadAction","target":["https:\/\/mediaviestinta.fi\/2020\/04\/koneoppiminen-osaksi-mediatapahtumien-tutkimusta\/"]}]},{"@type":"ImageObject","inLanguage":"fi","@id":"https:\/\/mediaviestinta.fi\/2020\/04\/koneoppiminen-osaksi-mediatapahtumien-tutkimusta\/#primaryimage","url":"https:\/\/mediaviestinta.fi\/mevi2020\/wp-content\/uploads\/2020\/04\/Photo-by-Gertr\u016bda-Valasevi\u010di\u016bt\u0117-on-Unsplash-e1588672379731.jpg","contentUrl":"https:\/\/mediaviestinta.fi\/mevi2020\/wp-content\/uploads\/2020\/04\/Photo-by-Gertr\u016bda-Valasevi\u010di\u016bt\u0117-on-Unsplash-e1588672379731.jpg","width":700,"height":467,"caption":"Photo by Gertr\u016bda Valasevi\u010di\u016bt\u0117 on Unsplash"},{"@type":"BreadcrumbList","@id":"https:\/\/mediaviestinta.fi\/2020\/04\/koneoppiminen-osaksi-mediatapahtumien-tutkimusta\/#breadcrumb","itemListElement":[{"@type":"ListItem","position":1,"name":"Home","item":"https:\/\/mediaviestinta.fi\/"},{"@type":"ListItem","position":2,"name":"Koneoppiminen osaksi mediatapahtumien tutkimusta"}]},{"@type":"WebSite","@id":"https:\/\/mediaviestinta.fi\/#website","url":"https:\/\/mediaviestinta.fi\/","name":"Mevi","description":"Media- ja viestint\u00e4tieteellinen seura Mevi","publisher":{"@id":"https:\/\/mediaviestinta.fi\/#organization"},"potentialAction":[{"@type":"SearchAction","target":{"@type":"EntryPoint","urlTemplate":"https:\/\/mediaviestinta.fi\/?s={search_term_string}"},"query-input":{"@type":"PropertyValueSpecification","valueRequired":true,"valueName":"search_term_string"}}],"inLanguage":"fi"},{"@type":"Organization","@id":"https:\/\/mediaviestinta.fi\/#organization","name":"Media- ja viestint\u00e4tieteellinen seura Mevi","url":"https:\/\/mediaviestinta.fi\/","logo":{"@type":"ImageObject","inLanguage":"fi","@id":"https:\/\/mediaviestinta.fi\/#\/schema\/logo\/image\/","url":"https:\/\/mediaviestinta.fi\/mevi2020\/wp-content\/uploads\/2020\/03\/mevi-logo-RGB-Transparent.png","contentUrl":"https:\/\/mediaviestinta.fi\/mevi2020\/wp-content\/uploads\/2020\/03\/mevi-logo-RGB-Transparent.png","width":910,"height":464,"caption":"Media- ja viestint\u00e4tieteellinen seura Mevi"},"image":{"@id":"https:\/\/mediaviestinta.fi\/#\/schema\/logo\/image\/"},"sameAs":["https:\/\/www.facebook.com\/MediaViestinta\/","https:\/\/x.com\/mediaviestinta"]},{"@type":"Person","@id":"https:\/\/mediaviestinta.fi\/#\/schema\/person\/b2da34ab24cfcd17dbdd6c7cfb173257","name":"Mevi","image":{"@type":"ImageObject","inLanguage":"fi","@id":"https:\/\/secure.gravatar.com\/avatar\/3305b76d1667dc119a18808ed03d6a1fc2dfa8b6a1cddecb8c4d27ef14ec32ca?s=96&d=mm&r=g","url":"https:\/\/secure.gravatar.com\/avatar\/3305b76d1667dc119a18808ed03d6a1fc2dfa8b6a1cddecb8c4d27ef14ec32ca?s=96&d=mm&r=g","contentUrl":"https:\/\/secure.gravatar.com\/avatar\/3305b76d1667dc119a18808ed03d6a1fc2dfa8b6a1cddecb8c4d27ef14ec32ca?s=96&d=mm&r=g","caption":"Mevi"},"url":"https:\/\/mediaviestinta.fi\/mevi2020\/author\/mediavie\/"}]}},"_links":{"self":[{"href":"https:\/\/mediaviestinta.fi\/mevi2020\/wp-json\/wp\/v2\/posts\/4102","targetHints":{"allow":["GET"]}}],"collection":[{"href":"https:\/\/mediaviestinta.fi\/mevi2020\/wp-json\/wp\/v2\/posts"}],"about":[{"href":"https:\/\/mediaviestinta.fi\/mevi2020\/wp-json\/wp\/v2\/types\/post"}],"author":[{"embeddable":true,"href":"https:\/\/mediaviestinta.fi\/mevi2020\/wp-json\/wp\/v2\/users\/3"}],"replies":[{"embeddable":true,"href":"https:\/\/mediaviestinta.fi\/mevi2020\/wp-json\/wp\/v2\/comments?post=4102"}],"version-history":[{"count":5,"href":"https:\/\/mediaviestinta.fi\/mevi2020\/wp-json\/wp\/v2\/posts\/4102\/revisions"}],"predecessor-version":[{"id":4171,"href":"https:\/\/mediaviestinta.fi\/mevi2020\/wp-json\/wp\/v2\/posts\/4102\/revisions\/4171"}],"wp:featuredmedia":[{"embeddable":true,"href":"https:\/\/mediaviestinta.fi\/mevi2020\/wp-json\/wp\/v2\/media\/4165"}],"wp:attachment":[{"href":"https:\/\/mediaviestinta.fi\/mevi2020\/wp-json\/wp\/v2\/media?parent=4102"}],"wp:term":[{"taxonomy":"category","embeddable":true,"href":"https:\/\/mediaviestinta.fi\/mevi2020\/wp-json\/wp\/v2\/categories?post=4102"},{"taxonomy":"post_tag","embeddable":true,"href":"https:\/\/mediaviestinta.fi\/mevi2020\/wp-json\/wp\/v2\/tags?post=4102"}],"curies":[{"name":"wp","href":"https:\/\/api.w.org\/{rel}","templated":true}]}}