{"id":4292,"date":"2020-06-23T12:21:35","date_gmt":"2020-06-23T09:21:35","guid":{"rendered":"https:\/\/mediaviestinta.fi\/?p=4292"},"modified":"2020-06-29T10:52:58","modified_gmt":"2020-06-29T07:52:58","slug":"mika-on-taiteen-rooli-pakolaiskriisin-kasittelyssa","status":"publish","type":"post","link":"https:\/\/mediaviestinta.fi\/mevi2020\/2020\/06\/mika-on-taiteen-rooli-pakolaiskriisin-kasittelyssa\/","title":{"rendered":"Mik\u00e4 on taiteen rooli &#8221;pakolaiskriisin&#8221; k\u00e4sittelyss\u00e4?"},"content":{"rendered":"\n<p>\u201dPohdimme, mit\u00e4 erityist\u00e4 taide voi tuoda keskusteluun pakolaisuudesta ja rajoista ja miten taide poikkeaa esimerkiksi journalismin tavoista k\u00e4sitell\u00e4 <em>pakolaiskriisi\u00e4<\/em>\u201d, kertovat Kaisa Hiltunen, Tuija Saresma ja Nina S\u00e4\u00e4skilahti artikkelistaan <a href=\"https:\/\/journal.fi\/mediaviestinta\/article\/view\/95674\">Rajojen poetiikkaa ja politiikkaa<\/a>. Artikkeli on julkaistu Media &amp; viestint\u00e4 -lehdess\u00e4 <a href=\"https:\/\/journal.fi\/mediaviestinta\/issue\/view\/6585\">2\/2020<\/a>.<\/p>\n\n\n\n<p><strong>Mihin laajempaan ilmi\u00f6\u00f6n ja keskusteluun artikkelinne liittyy?<br><\/strong>Artikkelimme liittyy vuoden 2015 tapahtumiin eli \u201dpakolaiskriisiin\u201d ja keskusteluun median ja taiteen osittain ristiriitaisesta roolista kriisin k\u00e4sittelyss\u00e4. Osallistumme keskusteluun, jossa on pohdittu, miten pakolaisuutta voidaan k\u00e4sitell\u00e4 rakentavasti ja eettisesti taiteessa ja mitk\u00e4 ovat taiteen poliittiset mahdollisuudet.<\/p>\n\n\n\n<p><strong>Mik\u00e4 on antinne t\u00e4h\u00e4n keskusteluun?<br><\/strong>Pohdimme, mit\u00e4 erityist\u00e4 taide voi tuoda keskusteluun pakolaisuudesta ja rajoista ja miten taide poikkeaa esimerkiksi journalismin tavoista k\u00e4sitell\u00e4 \u201dpakolaiskriisi\u00e4\u201d. Analysoimme suomalaisten nykytaiteilijoiden Lauri Ahtisen, Minna Rainion ja Mark Robertsin sek\u00e4 Riiko Sakkisen teoksia, joissa he ottavat kantaa vuoden 2015 tapahtumiin. Tarkastelemme heid\u00e4n k\u00e4ytt\u00e4mi\u00e4\u00e4n taiteellisen vaikuttamisen keinoja, kuten t\u00f6rm\u00e4ytt\u00e4mist\u00e4 ja provokaatiota. Kutsumme taiteen kautta vaikuttamista poeettiseksi aktivismiksi. Esittelemme my\u00f6s k\u00e4sittelemiemme taiteilijoiden ajatuksia taiteen ja aktivismin suhteista ja taiteen avulla vaikuttamisesta.<\/p>\n\n\n\n<p><strong>Mik\u00e4 on artikkelinne keskeinen argumentti?<br><\/strong>Esit\u00e4mme, ett\u00e4 taiteella on erityinen rooli \u201dpakolaiskriisin\u201d k\u00e4sittelyss\u00e4. Taiteen ei tarvitse pyrki\u00e4 neutraaliuteen, vaan se voi valitsemiensa keinojen ja n\u00e4k\u00f6kulmien kautta avata uusia ja yll\u00e4tt\u00e4vi\u00e4 n\u00e4k\u00f6kulmia ja parhaassa tapauksessa saada ihmiset merkityksellist\u00e4m\u00e4\u00e4n asioita uusista n\u00e4k\u00f6kulmista. Poeettisella aktivismilla tarkoittamme, ett\u00e4 taiteellisten ilmaisukeinojen k\u00e4ytt\u00f6 on itsess\u00e4\u00e4n poliittista.<\/p>\n\n\n\n<p><strong>Mit\u00e4 haluatte artikkelillanne sanoa?<\/strong><br>Artikkelillamme haluamme osallistua v\u00e4lill\u00e4 hyvinkin k\u00e4rjekk\u00e4\u00e4seen keskusteluun \u201dpakolaiskriisist\u00e4\u201d. Ajankohtaiseen aiheeseen tarttumalla tuomme esiin taiteilijoiden, mutta my\u00f6s meid\u00e4n tutkijoiden, eettist\u00e4 vastuuta ja velvollisuutta osallistua yhteiskunnalliseen keskusteluun. Haluamme muistuttaa, ett\u00e4 jo \u201dpakolaiskriisist\u00e4\u201d puhuminen on arvovalinta. Siksi k\u00e4yt\u00e4mme itse sanan ymp\u00e4rill\u00e4 lainausmerkkej\u00e4. On t\u00e4rke\u00e4\u00e4 tuoda esille maahanmuuttovastaisten ja muukalaisvihaa tihkuvien kommenttien lis\u00e4ksi muita, rakentavampia tapoja osallistua keskusteluun pakolaisuudesta. Kyse on taiteen ja tutkimuksen merkityksest\u00e4 ja lopulta siit\u00e4, kenelle suodaan ihmisarvo ja kenelt\u00e4 se ev\u00e4t\u00e4\u00e4n.<\/p>\n\n\n\n<p><strong>Kenen kannattaa lukea artikkelinne?<br><\/strong>Taiteentutkimuksen n\u00e4k\u00f6kulmiin ja analyysitapoihin kannattaa tutustua kenen tahansa tutkimusalaan katsomatta. Toivomme my\u00f6s laajan lukevan yleis\u00f6n l\u00f6yt\u00e4v\u00e4n artikkelimme, sill\u00e4 se muistuttaa siit\u00e4, ett\u00e4 vaikka pakolaisuus ei jatkuvasti saa osakseen suurta mediahuomiota, se on koko ajan yksi kipeimmist\u00e4 t\u00e4m\u00e4nhetkisist\u00e4 ongelmista.<\/p>\n\n\n\n<p><strong>Mik\u00e4 sai teid\u00e4t tarttumaan t\u00e4h\u00e4n aiheeseen?<br><\/strong>Meit\u00e4 kiinnosti pohtia, mik\u00e4 on taiteen erityinen panos ns. pakolaiskriisin k\u00e4sittelyss\u00e4. Halusimme tarkastella taiteen keinoja ja samalla tuoda keskusteluun aihetta k\u00e4sitelleit\u00e4 suomalaistaiteilijoita \u2013 my\u00f6s&nbsp;heid\u00e4n omia taiteen vaikuttavuutta koskevia n\u00e4kemyksi\u00e4\u00e4n esille nostaen.<\/p>\n\n\n\n<p>(Lauri Haapanen)<\/p>\n","protected":false},"excerpt":{"rendered":"<p>\u201dPohdimme, mit\u00e4 erityist\u00e4 taide voi tuoda keskusteluun pakolaisuudesta ja rajoista ja miten taide poikkeaa esimerkiksi journalismin tavoista k\u00e4sitell\u00e4 pakolaiskriisi\u00e4\u201d, kertovat Kaisa Hiltunen, Tuija Saresma ja Nina S\u00e4\u00e4skilahti artikkelistaan&hellip;<\/p>\n","protected":false},"author":3,"featured_media":4295,"comment_status":"open","ping_status":"closed","sticky":false,"template":"","format":"standard","meta":{"_monsterinsights_skip_tracking":false,"_monsterinsights_sitenote_active":false,"_monsterinsights_sitenote_note":"","_monsterinsights_sitenote_category":0,"footnotes":""},"categories":[76,1],"tags":[78,77,79,84,83],"class_list":["post-4292","post","type-post","status-publish","format-standard","has-post-thumbnail","hentry","category-ajankohtaista","category-yleinen","tag-pakolaiskriisi","tag-pakolaisuus","tag-poeettinen-aktivismi","tag-taide","tag-taiteellinen-aktivismi"],"yoast_head":"<!-- This site is optimized with the Yoast SEO plugin v27.5 - https:\/\/yoast.com\/product\/yoast-seo-wordpress\/ -->\n<title>Mik\u00e4 on taiteen rooli &quot;pakolaiskriisin&quot; k\u00e4sittelyss\u00e4? &#8211; Mevi<\/title>\n<meta name=\"robots\" content=\"index, follow, max-snippet:-1, max-image-preview:large, max-video-preview:-1\" \/>\n<link rel=\"canonical\" href=\"https:\/\/mediaviestinta.fi\/mevi2020\/2020\/06\/mika-on-taiteen-rooli-pakolaiskriisin-kasittelyssa\/\" \/>\n<meta property=\"og:locale\" content=\"fi_FI\" \/>\n<meta property=\"og:type\" content=\"article\" \/>\n<meta property=\"og:title\" content=\"Mik\u00e4 on taiteen rooli &quot;pakolaiskriisin&quot; k\u00e4sittelyss\u00e4? &#8211; Mevi\" \/>\n<meta property=\"og:description\" content=\"\u201dPohdimme, mit\u00e4 erityist\u00e4 taide voi tuoda keskusteluun pakolaisuudesta ja rajoista ja miten taide poikkeaa esimerkiksi journalismin tavoista k\u00e4sitell\u00e4 pakolaiskriisi\u00e4\u201d, kertovat Kaisa Hiltunen, Tuija Saresma ja Nina S\u00e4\u00e4skilahti artikkelistaan&hellip;\" \/>\n<meta property=\"og:url\" content=\"https:\/\/mediaviestinta.fi\/mevi2020\/2020\/06\/mika-on-taiteen-rooli-pakolaiskriisin-kasittelyssa\/\" \/>\n<meta property=\"og:site_name\" content=\"Mevi\" \/>\n<meta property=\"article:publisher\" content=\"https:\/\/www.facebook.com\/MediaViestinta\/\" \/>\n<meta property=\"article:published_time\" content=\"2020-06-23T09:21:35+00:00\" \/>\n<meta property=\"article:modified_time\" content=\"2020-06-29T07:52:58+00:00\" \/>\n<meta property=\"og:image\" content=\"https:\/\/mediaviestinta.fi\/mevi2020\/wp-content\/uploads\/2020\/06\/mitchel-lensink-Ismnr6WSHCU-unsplash.jpg\" \/>\n\t<meta property=\"og:image:width\" content=\"2400\" \/>\n\t<meta property=\"og:image:height\" content=\"1600\" \/>\n\t<meta property=\"og:image:type\" content=\"image\/jpeg\" \/>\n<meta name=\"author\" content=\"Mevi\" \/>\n<meta name=\"twitter:card\" content=\"summary_large_image\" \/>\n<meta name=\"twitter:creator\" content=\"@mediaviestinta\" \/>\n<meta name=\"twitter:site\" content=\"@mediaviestinta\" \/>\n<meta name=\"twitter:label1\" content=\"Kirjoittanut\" \/>\n\t<meta name=\"twitter:data1\" content=\"Mevi\" \/>\n\t<meta name=\"twitter:label2\" content=\"Arvioitu lukuaika\" \/>\n\t<meta name=\"twitter:data2\" content=\"2 minuuttia\" \/>\n<script type=\"application\/ld+json\" class=\"yoast-schema-graph\">{\"@context\":\"https:\\\/\\\/schema.org\",\"@graph\":[{\"@type\":\"Article\",\"@id\":\"https:\\\/\\\/mediaviestinta.fi\\\/mevi2020\\\/2020\\\/06\\\/mika-on-taiteen-rooli-pakolaiskriisin-kasittelyssa\\\/#article\",\"isPartOf\":{\"@id\":\"https:\\\/\\\/mediaviestinta.fi\\\/mevi2020\\\/2020\\\/06\\\/mika-on-taiteen-rooli-pakolaiskriisin-kasittelyssa\\\/\"},\"author\":{\"name\":\"Mevi\",\"@id\":\"https:\\\/\\\/mediaviestinta.fi\\\/#\\\/schema\\\/person\\\/b2da34ab24cfcd17dbdd6c7cfb173257\"},\"headline\":\"Mik\u00e4 on taiteen rooli &#8221;pakolaiskriisin&#8221; k\u00e4sittelyss\u00e4?\",\"datePublished\":\"2020-06-23T09:21:35+00:00\",\"dateModified\":\"2020-06-29T07:52:58+00:00\",\"mainEntityOfPage\":{\"@id\":\"https:\\\/\\\/mediaviestinta.fi\\\/mevi2020\\\/2020\\\/06\\\/mika-on-taiteen-rooli-pakolaiskriisin-kasittelyssa\\\/\"},\"wordCount\":429,\"commentCount\":0,\"publisher\":{\"@id\":\"https:\\\/\\\/mediaviestinta.fi\\\/#organization\"},\"image\":{\"@id\":\"https:\\\/\\\/mediaviestinta.fi\\\/mevi2020\\\/2020\\\/06\\\/mika-on-taiteen-rooli-pakolaiskriisin-kasittelyssa\\\/#primaryimage\"},\"thumbnailUrl\":\"https:\\\/\\\/mediaviestinta.fi\\\/mevi2020\\\/wp-content\\\/uploads\\\/2020\\\/06\\\/mitchel-lensink-Ismnr6WSHCU-unsplash.jpg\",\"keywords\":[\"pakolaiskriisi\",\"pakolaisuus\",\"poeettinen aktivismi\",\"taide\",\"taiteellinen aktivismi\"],\"articleSection\":[\"Ajankohtaista\"],\"inLanguage\":\"fi\",\"potentialAction\":[{\"@type\":\"CommentAction\",\"name\":\"Comment\",\"target\":[\"https:\\\/\\\/mediaviestinta.fi\\\/mevi2020\\\/2020\\\/06\\\/mika-on-taiteen-rooli-pakolaiskriisin-kasittelyssa\\\/#respond\"]}]},{\"@type\":\"WebPage\",\"@id\":\"https:\\\/\\\/mediaviestinta.fi\\\/mevi2020\\\/2020\\\/06\\\/mika-on-taiteen-rooli-pakolaiskriisin-kasittelyssa\\\/\",\"url\":\"https:\\\/\\\/mediaviestinta.fi\\\/mevi2020\\\/2020\\\/06\\\/mika-on-taiteen-rooli-pakolaiskriisin-kasittelyssa\\\/\",\"name\":\"Mik\u00e4 on taiteen rooli \\\"pakolaiskriisin\\\" k\u00e4sittelyss\u00e4? &#8211; Mevi\",\"isPartOf\":{\"@id\":\"https:\\\/\\\/mediaviestinta.fi\\\/#website\"},\"primaryImageOfPage\":{\"@id\":\"https:\\\/\\\/mediaviestinta.fi\\\/mevi2020\\\/2020\\\/06\\\/mika-on-taiteen-rooli-pakolaiskriisin-kasittelyssa\\\/#primaryimage\"},\"image\":{\"@id\":\"https:\\\/\\\/mediaviestinta.fi\\\/mevi2020\\\/2020\\\/06\\\/mika-on-taiteen-rooli-pakolaiskriisin-kasittelyssa\\\/#primaryimage\"},\"thumbnailUrl\":\"https:\\\/\\\/mediaviestinta.fi\\\/mevi2020\\\/wp-content\\\/uploads\\\/2020\\\/06\\\/mitchel-lensink-Ismnr6WSHCU-unsplash.jpg\",\"datePublished\":\"2020-06-23T09:21:35+00:00\",\"dateModified\":\"2020-06-29T07:52:58+00:00\",\"breadcrumb\":{\"@id\":\"https:\\\/\\\/mediaviestinta.fi\\\/mevi2020\\\/2020\\\/06\\\/mika-on-taiteen-rooli-pakolaiskriisin-kasittelyssa\\\/#breadcrumb\"},\"inLanguage\":\"fi\",\"potentialAction\":[{\"@type\":\"ReadAction\",\"target\":[\"https:\\\/\\\/mediaviestinta.fi\\\/mevi2020\\\/2020\\\/06\\\/mika-on-taiteen-rooli-pakolaiskriisin-kasittelyssa\\\/\"]}]},{\"@type\":\"ImageObject\",\"inLanguage\":\"fi\",\"@id\":\"https:\\\/\\\/mediaviestinta.fi\\\/mevi2020\\\/2020\\\/06\\\/mika-on-taiteen-rooli-pakolaiskriisin-kasittelyssa\\\/#primaryimage\",\"url\":\"https:\\\/\\\/mediaviestinta.fi\\\/mevi2020\\\/wp-content\\\/uploads\\\/2020\\\/06\\\/mitchel-lensink-Ismnr6WSHCU-unsplash.jpg\",\"contentUrl\":\"https:\\\/\\\/mediaviestinta.fi\\\/mevi2020\\\/wp-content\\\/uploads\\\/2020\\\/06\\\/mitchel-lensink-Ismnr6WSHCU-unsplash.jpg\",\"width\":2400,\"height\":1600,\"caption\":\"Photo by Mitchel Lensink on Unsplash\"},{\"@type\":\"BreadcrumbList\",\"@id\":\"https:\\\/\\\/mediaviestinta.fi\\\/mevi2020\\\/2020\\\/06\\\/mika-on-taiteen-rooli-pakolaiskriisin-kasittelyssa\\\/#breadcrumb\",\"itemListElement\":[{\"@type\":\"ListItem\",\"position\":1,\"name\":\"Home\",\"item\":\"https:\\\/\\\/mediaviestinta.fi\\\/\"},{\"@type\":\"ListItem\",\"position\":2,\"name\":\"Mik\u00e4 on taiteen rooli &#8221;pakolaiskriisin&#8221; k\u00e4sittelyss\u00e4?\"}]},{\"@type\":\"WebSite\",\"@id\":\"https:\\\/\\\/mediaviestinta.fi\\\/#website\",\"url\":\"https:\\\/\\\/mediaviestinta.fi\\\/\",\"name\":\"Mevi\",\"description\":\"Media- ja viestint\u00e4tieteellinen seura Mevi\",\"publisher\":{\"@id\":\"https:\\\/\\\/mediaviestinta.fi\\\/#organization\"},\"potentialAction\":[{\"@type\":\"SearchAction\",\"target\":{\"@type\":\"EntryPoint\",\"urlTemplate\":\"https:\\\/\\\/mediaviestinta.fi\\\/?s={search_term_string}\"},\"query-input\":{\"@type\":\"PropertyValueSpecification\",\"valueRequired\":true,\"valueName\":\"search_term_string\"}}],\"inLanguage\":\"fi\"},{\"@type\":\"Organization\",\"@id\":\"https:\\\/\\\/mediaviestinta.fi\\\/#organization\",\"name\":\"Media- ja viestint\u00e4tieteellinen seura Mevi\",\"url\":\"https:\\\/\\\/mediaviestinta.fi\\\/\",\"logo\":{\"@type\":\"ImageObject\",\"inLanguage\":\"fi\",\"@id\":\"https:\\\/\\\/mediaviestinta.fi\\\/#\\\/schema\\\/logo\\\/image\\\/\",\"url\":\"https:\\\/\\\/mediaviestinta.fi\\\/mevi2020\\\/wp-content\\\/uploads\\\/2020\\\/03\\\/mevi-logo-RGB-Transparent.png\",\"contentUrl\":\"https:\\\/\\\/mediaviestinta.fi\\\/mevi2020\\\/wp-content\\\/uploads\\\/2020\\\/03\\\/mevi-logo-RGB-Transparent.png\",\"width\":910,\"height\":464,\"caption\":\"Media- ja viestint\u00e4tieteellinen seura Mevi\"},\"image\":{\"@id\":\"https:\\\/\\\/mediaviestinta.fi\\\/#\\\/schema\\\/logo\\\/image\\\/\"},\"sameAs\":[\"https:\\\/\\\/www.facebook.com\\\/MediaViestinta\\\/\",\"https:\\\/\\\/x.com\\\/mediaviestinta\"]},{\"@type\":\"Person\",\"@id\":\"https:\\\/\\\/mediaviestinta.fi\\\/#\\\/schema\\\/person\\\/b2da34ab24cfcd17dbdd6c7cfb173257\",\"name\":\"Mevi\",\"image\":{\"@type\":\"ImageObject\",\"inLanguage\":\"fi\",\"@id\":\"https:\\\/\\\/secure.gravatar.com\\\/avatar\\\/3305b76d1667dc119a18808ed03d6a1fc2dfa8b6a1cddecb8c4d27ef14ec32ca?s=96&d=mm&r=g\",\"url\":\"https:\\\/\\\/secure.gravatar.com\\\/avatar\\\/3305b76d1667dc119a18808ed03d6a1fc2dfa8b6a1cddecb8c4d27ef14ec32ca?s=96&d=mm&r=g\",\"contentUrl\":\"https:\\\/\\\/secure.gravatar.com\\\/avatar\\\/3305b76d1667dc119a18808ed03d6a1fc2dfa8b6a1cddecb8c4d27ef14ec32ca?s=96&d=mm&r=g\",\"caption\":\"Mevi\"},\"url\":\"https:\\\/\\\/mediaviestinta.fi\\\/mevi2020\\\/author\\\/mediavie\\\/\"}]}<\/script>\n<!-- \/ Yoast SEO plugin. -->","yoast_head_json":{"title":"Mik\u00e4 on taiteen rooli \"pakolaiskriisin\" k\u00e4sittelyss\u00e4? &#8211; Mevi","robots":{"index":"index","follow":"follow","max-snippet":"max-snippet:-1","max-image-preview":"max-image-preview:large","max-video-preview":"max-video-preview:-1"},"canonical":"https:\/\/mediaviestinta.fi\/mevi2020\/2020\/06\/mika-on-taiteen-rooli-pakolaiskriisin-kasittelyssa\/","og_locale":"fi_FI","og_type":"article","og_title":"Mik\u00e4 on taiteen rooli \"pakolaiskriisin\" k\u00e4sittelyss\u00e4? &#8211; Mevi","og_description":"\u201dPohdimme, mit\u00e4 erityist\u00e4 taide voi tuoda keskusteluun pakolaisuudesta ja rajoista ja miten taide poikkeaa esimerkiksi journalismin tavoista k\u00e4sitell\u00e4 pakolaiskriisi\u00e4\u201d, kertovat Kaisa Hiltunen, Tuija Saresma ja Nina S\u00e4\u00e4skilahti artikkelistaan&hellip;","og_url":"https:\/\/mediaviestinta.fi\/mevi2020\/2020\/06\/mika-on-taiteen-rooli-pakolaiskriisin-kasittelyssa\/","og_site_name":"Mevi","article_publisher":"https:\/\/www.facebook.com\/MediaViestinta\/","article_published_time":"2020-06-23T09:21:35+00:00","article_modified_time":"2020-06-29T07:52:58+00:00","og_image":[{"width":2400,"height":1600,"url":"https:\/\/mediaviestinta.fi\/mevi2020\/wp-content\/uploads\/2020\/06\/mitchel-lensink-Ismnr6WSHCU-unsplash.jpg","type":"image\/jpeg"}],"author":"Mevi","twitter_card":"summary_large_image","twitter_creator":"@mediaviestinta","twitter_site":"@mediaviestinta","twitter_misc":{"Kirjoittanut":"Mevi","Arvioitu lukuaika":"2 minuuttia"},"schema":{"@context":"https:\/\/schema.org","@graph":[{"@type":"Article","@id":"https:\/\/mediaviestinta.fi\/mevi2020\/2020\/06\/mika-on-taiteen-rooli-pakolaiskriisin-kasittelyssa\/#article","isPartOf":{"@id":"https:\/\/mediaviestinta.fi\/mevi2020\/2020\/06\/mika-on-taiteen-rooli-pakolaiskriisin-kasittelyssa\/"},"author":{"name":"Mevi","@id":"https:\/\/mediaviestinta.fi\/#\/schema\/person\/b2da34ab24cfcd17dbdd6c7cfb173257"},"headline":"Mik\u00e4 on taiteen rooli &#8221;pakolaiskriisin&#8221; k\u00e4sittelyss\u00e4?","datePublished":"2020-06-23T09:21:35+00:00","dateModified":"2020-06-29T07:52:58+00:00","mainEntityOfPage":{"@id":"https:\/\/mediaviestinta.fi\/mevi2020\/2020\/06\/mika-on-taiteen-rooli-pakolaiskriisin-kasittelyssa\/"},"wordCount":429,"commentCount":0,"publisher":{"@id":"https:\/\/mediaviestinta.fi\/#organization"},"image":{"@id":"https:\/\/mediaviestinta.fi\/mevi2020\/2020\/06\/mika-on-taiteen-rooli-pakolaiskriisin-kasittelyssa\/#primaryimage"},"thumbnailUrl":"https:\/\/mediaviestinta.fi\/mevi2020\/wp-content\/uploads\/2020\/06\/mitchel-lensink-Ismnr6WSHCU-unsplash.jpg","keywords":["pakolaiskriisi","pakolaisuus","poeettinen aktivismi","taide","taiteellinen aktivismi"],"articleSection":["Ajankohtaista"],"inLanguage":"fi","potentialAction":[{"@type":"CommentAction","name":"Comment","target":["https:\/\/mediaviestinta.fi\/mevi2020\/2020\/06\/mika-on-taiteen-rooli-pakolaiskriisin-kasittelyssa\/#respond"]}]},{"@type":"WebPage","@id":"https:\/\/mediaviestinta.fi\/mevi2020\/2020\/06\/mika-on-taiteen-rooli-pakolaiskriisin-kasittelyssa\/","url":"https:\/\/mediaviestinta.fi\/mevi2020\/2020\/06\/mika-on-taiteen-rooli-pakolaiskriisin-kasittelyssa\/","name":"Mik\u00e4 on taiteen rooli \"pakolaiskriisin\" k\u00e4sittelyss\u00e4? &#8211; Mevi","isPartOf":{"@id":"https:\/\/mediaviestinta.fi\/#website"},"primaryImageOfPage":{"@id":"https:\/\/mediaviestinta.fi\/mevi2020\/2020\/06\/mika-on-taiteen-rooli-pakolaiskriisin-kasittelyssa\/#primaryimage"},"image":{"@id":"https:\/\/mediaviestinta.fi\/mevi2020\/2020\/06\/mika-on-taiteen-rooli-pakolaiskriisin-kasittelyssa\/#primaryimage"},"thumbnailUrl":"https:\/\/mediaviestinta.fi\/mevi2020\/wp-content\/uploads\/2020\/06\/mitchel-lensink-Ismnr6WSHCU-unsplash.jpg","datePublished":"2020-06-23T09:21:35+00:00","dateModified":"2020-06-29T07:52:58+00:00","breadcrumb":{"@id":"https:\/\/mediaviestinta.fi\/mevi2020\/2020\/06\/mika-on-taiteen-rooli-pakolaiskriisin-kasittelyssa\/#breadcrumb"},"inLanguage":"fi","potentialAction":[{"@type":"ReadAction","target":["https:\/\/mediaviestinta.fi\/mevi2020\/2020\/06\/mika-on-taiteen-rooli-pakolaiskriisin-kasittelyssa\/"]}]},{"@type":"ImageObject","inLanguage":"fi","@id":"https:\/\/mediaviestinta.fi\/mevi2020\/2020\/06\/mika-on-taiteen-rooli-pakolaiskriisin-kasittelyssa\/#primaryimage","url":"https:\/\/mediaviestinta.fi\/mevi2020\/wp-content\/uploads\/2020\/06\/mitchel-lensink-Ismnr6WSHCU-unsplash.jpg","contentUrl":"https:\/\/mediaviestinta.fi\/mevi2020\/wp-content\/uploads\/2020\/06\/mitchel-lensink-Ismnr6WSHCU-unsplash.jpg","width":2400,"height":1600,"caption":"Photo by Mitchel Lensink on Unsplash"},{"@type":"BreadcrumbList","@id":"https:\/\/mediaviestinta.fi\/mevi2020\/2020\/06\/mika-on-taiteen-rooli-pakolaiskriisin-kasittelyssa\/#breadcrumb","itemListElement":[{"@type":"ListItem","position":1,"name":"Home","item":"https:\/\/mediaviestinta.fi\/"},{"@type":"ListItem","position":2,"name":"Mik\u00e4 on taiteen rooli &#8221;pakolaiskriisin&#8221; k\u00e4sittelyss\u00e4?"}]},{"@type":"WebSite","@id":"https:\/\/mediaviestinta.fi\/#website","url":"https:\/\/mediaviestinta.fi\/","name":"Mevi","description":"Media- ja viestint\u00e4tieteellinen seura Mevi","publisher":{"@id":"https:\/\/mediaviestinta.fi\/#organization"},"potentialAction":[{"@type":"SearchAction","target":{"@type":"EntryPoint","urlTemplate":"https:\/\/mediaviestinta.fi\/?s={search_term_string}"},"query-input":{"@type":"PropertyValueSpecification","valueRequired":true,"valueName":"search_term_string"}}],"inLanguage":"fi"},{"@type":"Organization","@id":"https:\/\/mediaviestinta.fi\/#organization","name":"Media- ja viestint\u00e4tieteellinen seura Mevi","url":"https:\/\/mediaviestinta.fi\/","logo":{"@type":"ImageObject","inLanguage":"fi","@id":"https:\/\/mediaviestinta.fi\/#\/schema\/logo\/image\/","url":"https:\/\/mediaviestinta.fi\/mevi2020\/wp-content\/uploads\/2020\/03\/mevi-logo-RGB-Transparent.png","contentUrl":"https:\/\/mediaviestinta.fi\/mevi2020\/wp-content\/uploads\/2020\/03\/mevi-logo-RGB-Transparent.png","width":910,"height":464,"caption":"Media- ja viestint\u00e4tieteellinen seura Mevi"},"image":{"@id":"https:\/\/mediaviestinta.fi\/#\/schema\/logo\/image\/"},"sameAs":["https:\/\/www.facebook.com\/MediaViestinta\/","https:\/\/x.com\/mediaviestinta"]},{"@type":"Person","@id":"https:\/\/mediaviestinta.fi\/#\/schema\/person\/b2da34ab24cfcd17dbdd6c7cfb173257","name":"Mevi","image":{"@type":"ImageObject","inLanguage":"fi","@id":"https:\/\/secure.gravatar.com\/avatar\/3305b76d1667dc119a18808ed03d6a1fc2dfa8b6a1cddecb8c4d27ef14ec32ca?s=96&d=mm&r=g","url":"https:\/\/secure.gravatar.com\/avatar\/3305b76d1667dc119a18808ed03d6a1fc2dfa8b6a1cddecb8c4d27ef14ec32ca?s=96&d=mm&r=g","contentUrl":"https:\/\/secure.gravatar.com\/avatar\/3305b76d1667dc119a18808ed03d6a1fc2dfa8b6a1cddecb8c4d27ef14ec32ca?s=96&d=mm&r=g","caption":"Mevi"},"url":"https:\/\/mediaviestinta.fi\/mevi2020\/author\/mediavie\/"}]}},"_links":{"self":[{"href":"https:\/\/mediaviestinta.fi\/mevi2020\/wp-json\/wp\/v2\/posts\/4292","targetHints":{"allow":["GET"]}}],"collection":[{"href":"https:\/\/mediaviestinta.fi\/mevi2020\/wp-json\/wp\/v2\/posts"}],"about":[{"href":"https:\/\/mediaviestinta.fi\/mevi2020\/wp-json\/wp\/v2\/types\/post"}],"author":[{"embeddable":true,"href":"https:\/\/mediaviestinta.fi\/mevi2020\/wp-json\/wp\/v2\/users\/3"}],"replies":[{"embeddable":true,"href":"https:\/\/mediaviestinta.fi\/mevi2020\/wp-json\/wp\/v2\/comments?post=4292"}],"version-history":[{"count":5,"href":"https:\/\/mediaviestinta.fi\/mevi2020\/wp-json\/wp\/v2\/posts\/4292\/revisions"}],"predecessor-version":[{"id":4298,"href":"https:\/\/mediaviestinta.fi\/mevi2020\/wp-json\/wp\/v2\/posts\/4292\/revisions\/4298"}],"wp:featuredmedia":[{"embeddable":true,"href":"https:\/\/mediaviestinta.fi\/mevi2020\/wp-json\/wp\/v2\/media\/4295"}],"wp:attachment":[{"href":"https:\/\/mediaviestinta.fi\/mevi2020\/wp-json\/wp\/v2\/media?parent=4292"}],"wp:term":[{"taxonomy":"category","embeddable":true,"href":"https:\/\/mediaviestinta.fi\/mevi2020\/wp-json\/wp\/v2\/categories?post=4292"},{"taxonomy":"post_tag","embeddable":true,"href":"https:\/\/mediaviestinta.fi\/mevi2020\/wp-json\/wp\/v2\/tags?post=4292"}],"curies":[{"name":"wp","href":"https:\/\/api.w.org\/{rel}","templated":true}]}}