{"id":4300,"date":"2020-06-29T11:31:21","date_gmt":"2020-06-29T08:31:21","guid":{"rendered":"https:\/\/mediaviestinta.fi\/?p=4300"},"modified":"2020-06-29T11:31:23","modified_gmt":"2020-06-29T08:31:23","slug":"mediassa-eliitti-maarittelee-eun-merkityksen","status":"publish","type":"post","link":"https:\/\/mediaviestinta.fi\/mevi2020\/2020\/06\/mediassa-eliitti-maarittelee-eun-merkityksen\/","title":{"rendered":"Mediassa eliitti m\u00e4\u00e4rittelee EU:n merkityksen"},"content":{"rendered":"\n<p>\u201dT\u00e4m\u00e4n tutkimuksen perusteella tulo osaksi EU-perhett\u00e4 tai -klubia on ollut Suomelle t\u00e4rke\u00e4 eurooppalaisuuden m\u00e4\u00e4ritt\u00e4j\u00e4, josta tutkituilla p\u00e4iv\u00e4lehdill\u00e4 ja poliittisella eliitill\u00e4 on hyvin vahva jaettu k\u00e4sitys. Historiatulkinnat ovat niin yhdenmukaisia, ett\u00e4 on kuin vaihtoehtoja ei olisi koskaan ollutkaan\u201d, kertovat Hannu-Pekka Ik\u00e4heimo ja Olli Seuri artikkelistaan <a rel=\"noreferrer noopener\" href=\"https:\/\/journal.fi\/mediaviestinta\/article\/view\/95673\" target=\"_blank\">Vuosip\u00e4iv\u00e4journalismi historian tulkitsijana ja nykyisyyden muokkaajana<\/a>. Artikkeli on julkaistu Media &amp; viestint\u00e4 -lehdess\u00e4 <a href=\"https:\/\/journal.fi\/mediaviestinta\/issue\/view\/6585\">2\/2020<\/a>.<\/p>\n\n\n\n<p><strong>Mihin laajempaan keskusteluun artikkelinne liittyy?<br><\/strong>Artikkelissa tutkitaan journalistisen median tulkintoja EU:n historiasta ja Suomen roolista sen osana. Historiakuvien ohella artikkelin kiinnostuksen kohteena on journalistisen median tuottama kuva EU:sta toimijana ja poliittisen p\u00e4\u00e4t\u00f6ksenteon areenana. Britannian EU-eroon johtanut prosessi osoitti konkreettisesti, miten merkitt\u00e4vi\u00e4 julkisuudessa syntyv\u00e4t mielikuvat ovat EU:n legitimiteetin ja tulevan kehityksen kannalta.<\/p>\n\n\n\n<p><strong>Mik\u00e4 on antinne t\u00e4h\u00e4n keskusteluun?<\/strong><br>Artikkeli syvent\u00e4\u00e4 k\u00e4sityst\u00e4 vuosip\u00e4iv\u00e4journalismista yhten\u00e4 historian journalistisen esitt\u00e4misen muotona ja pohtii, mik\u00e4 siit\u00e4 tekee omaper\u00e4isen. Vuosip\u00e4iv\u00e4journalismiksi kutsutaan esimerkiksi henkil\u00f6\u00f6n, tapahtumaan tai ilmi\u00f6\u00f6n kiinnittyv\u00e4n vuosip\u00e4iv\u00e4n yhteydess\u00e4 julkaistavia historiaa k\u00e4sittelevi\u00e4 tai sivuavia juttuja. EU:ta k\u00e4sittelev\u00e4\u00e4 vuosip\u00e4iv\u00e4journalismia tai journalistista muistelua ylip\u00e4\u00e4t\u00e4\u00e4n on tutkittu v\u00e4h\u00e4n, varsinkaan pidemmill\u00e4 aikasarjoilla, joten t\u00e4m\u00e4 artikkeli tarjoaa paitsi n\u00e4kym\u00e4n journalismiin my\u00f6s suomalaiseen Eurooppa-suhteeseen.<\/p>\n\n\n\n<p><strong>Mik\u00e4 on artikkelinne keskeinen argumentti?<\/strong><br>Vuosip\u00e4iv\u00e4t ovat menneisyytt\u00e4 koskevien merkityssis\u00e4lt\u00f6jen tihentymi\u00e4 mediassa. Ne ovat siksi my\u00f6s oiva kurkistusikkuna tarkastella dominoivien ideologioiden evoluutiota ajassa. T\u00e4m\u00e4n tutkimuksen perusteella tulo osaksi EU-perhett\u00e4 tai -klubia on ollut Suomelle t\u00e4rke\u00e4 eurooppalaisuuden m\u00e4\u00e4ritt\u00e4j\u00e4, josta tutkituilla p\u00e4iv\u00e4lehdill\u00e4 ja poliittisella eliitill\u00e4 on hyvin vahva jaettu k\u00e4sitys. Historiatulkinnat ovat niin yhdenmukaisia, ett\u00e4 on kuin vaihtoehtoja ei olisi koskaan ollutkaan.<\/p>\n\n\n\n<p><strong>Mit\u00e4 haluatte artikkelillanne sanoa?<br><\/strong>Artikkeli vahvistaa aiempien tutkimusten (Li &amp; Lee 2013; Song &amp; Lee 2017) kuvaa siit\u00e4, ett\u00e4 media heijastelee vahvasti poliittisen eliitin valtavirtaa ulkopoliittisissa kysymyksiss\u00e4. Eliittivetoisuus korostuu my\u00f6s \u00e4\u00e4neen p\u00e4\u00e4sevien joukossa. EU:n merkityksest\u00e4, erityisesti integraatiopolitiikan suurista linjoista, keskustelua k\u00e4y eritt\u00e4in harvalukuinen asiantuntijoiden, k\u00e4rkipoliitikkojen ja p\u00e4\u00e4kirjoitustoimittajien joukko. Suomalaisen median vuosip\u00e4iv\u00e4journalismia luonnehtii pikemmin kansallisen muistin dialoginen rakentaminen journalistien, asiantuntijoiden ja poliitikkojen kesken kuin journalistien ja laajemman yleis\u00f6n kesken (Kitch 1999).<\/p>\n\n\n\n<p><strong>Kenen kannattaa lukea artikkelinne?<\/strong><br>Suosittelemme artikkelia erityisesti suomalaisten Eurooppa-suhdetta tutkiville EU-tutkijoille ja journalismin tutkijoille, jotka ovat kiinnostuneita vuosip\u00e4iv\u00e4journalismista erityisen\u00e4 kerronnan muotonaan. Historiatulkintojen n\u00e4k\u00f6kulmasta artikkeli saattaa kiinnostaa my\u00f6s historiantutkijoita.<\/p>\n\n\n\n<p><strong>Mik\u00e4 sai teid\u00e4t tarttumaan t\u00e4h\u00e4n aiheeseen?<br><\/strong>T\u00e4m\u00e4n artikkelin idea syntyi lounaskeskusteluissa jo vuonna 2015, mutta vasta 2019 l\u00f6ysimme aikaa tutkimuksen tekemiselle. Meit\u00e4 tekij\u00f6it\u00e4 yhdist\u00e4\u00e4 kiinnostus journalistisiin sis\u00e4lt\u00f6ihin ja journalimin yhteiskunnallisen roolin ja merkityksen pohtiminen. Artikkeli on er\u00e4\u00e4nlainen v\u00e4it\u00f6skirjat\u00f6idemme leikkauspiste: Olli Seuri on tutkinut v\u00e4it\u00f6skirjassaan historian journalistista esitt\u00e4mist\u00e4 ja min\u00e4 puolestani tutkin v\u00e4it\u00f6skirjassani suomalaista EU-journalismia eri n\u00e4k\u00f6kulmista.<\/p>\n\n\n\n<p>(Lauri Haapanen)<\/p>\n","protected":false},"excerpt":{"rendered":"<p>\u201dT\u00e4m\u00e4n tutkimuksen perusteella tulo osaksi EU-perhett\u00e4 tai -klubia on ollut Suomelle t\u00e4rke\u00e4 eurooppalaisuuden m\u00e4\u00e4ritt\u00e4j\u00e4, josta tutkituilla p\u00e4iv\u00e4lehdill\u00e4 ja poliittisella eliitill\u00e4 on hyvin vahva jaettu k\u00e4sitys. Historiatulkinnat ovat niin&hellip;<\/p>\n","protected":false},"author":3,"featured_media":4305,"comment_status":"open","ping_status":"closed","sticky":false,"template":"","format":"standard","meta":{"_monsterinsights_skip_tracking":false,"_monsterinsights_sitenote_active":false,"_monsterinsights_sitenote_note":"","_monsterinsights_sitenote_category":0,"footnotes":""},"categories":[76,1],"tags":[87,85,86,89,88],"class_list":["post-4300","post","type-post","status-publish","format-standard","has-post-thumbnail","hentry","category-ajankohtaista","category-yleinen","tag-eliitti","tag-eu","tag-euroopan-unioni","tag-historia","tag-vuosipaivajournalismi"],"yoast_head":"<!-- This site is optimized with the Yoast SEO plugin v27.5 - https:\/\/yoast.com\/product\/yoast-seo-wordpress\/ -->\n<title>Mediassa eliitti m\u00e4\u00e4rittelee EU:n merkityksen &#8211; Mevi<\/title>\n<meta name=\"robots\" content=\"index, follow, max-snippet:-1, max-image-preview:large, max-video-preview:-1\" \/>\n<link rel=\"canonical\" href=\"https:\/\/mediaviestinta.fi\/mevi2020\/2020\/06\/mediassa-eliitti-maarittelee-eun-merkityksen\/\" \/>\n<meta property=\"og:locale\" content=\"fi_FI\" \/>\n<meta property=\"og:type\" content=\"article\" \/>\n<meta property=\"og:title\" content=\"Mediassa eliitti m\u00e4\u00e4rittelee EU:n merkityksen &#8211; Mevi\" \/>\n<meta property=\"og:description\" content=\"\u201dT\u00e4m\u00e4n tutkimuksen perusteella tulo osaksi EU-perhett\u00e4 tai -klubia on ollut Suomelle t\u00e4rke\u00e4 eurooppalaisuuden m\u00e4\u00e4ritt\u00e4j\u00e4, josta tutkituilla p\u00e4iv\u00e4lehdill\u00e4 ja poliittisella eliitill\u00e4 on hyvin vahva jaettu k\u00e4sitys. Historiatulkinnat ovat niin&hellip;\" \/>\n<meta property=\"og:url\" content=\"https:\/\/mediaviestinta.fi\/mevi2020\/2020\/06\/mediassa-eliitti-maarittelee-eun-merkityksen\/\" \/>\n<meta property=\"og:site_name\" content=\"Mevi\" \/>\n<meta property=\"article:publisher\" content=\"https:\/\/www.facebook.com\/MediaViestinta\/\" \/>\n<meta property=\"article:published_time\" content=\"2020-06-29T08:31:21+00:00\" \/>\n<meta property=\"article:modified_time\" content=\"2020-06-29T08:31:23+00:00\" \/>\n<meta property=\"og:image\" content=\"https:\/\/mediaviestinta.fi\/mevi2020\/wp-content\/uploads\/2020\/06\/flag-2608475_1920.jpg\" \/>\n\t<meta property=\"og:image:width\" content=\"1920\" \/>\n\t<meta property=\"og:image:height\" content=\"1280\" \/>\n\t<meta property=\"og:image:type\" content=\"image\/jpeg\" \/>\n<meta name=\"author\" content=\"Mevi\" \/>\n<meta name=\"twitter:card\" content=\"summary_large_image\" \/>\n<meta name=\"twitter:creator\" content=\"@mediaviestinta\" \/>\n<meta name=\"twitter:site\" content=\"@mediaviestinta\" \/>\n<meta name=\"twitter:label1\" content=\"Kirjoittanut\" \/>\n\t<meta name=\"twitter:data1\" content=\"Mevi\" \/>\n\t<meta name=\"twitter:label2\" content=\"Arvioitu lukuaika\" \/>\n\t<meta name=\"twitter:data2\" content=\"2 minuuttia\" \/>\n<script type=\"application\/ld+json\" class=\"yoast-schema-graph\">{\"@context\":\"https:\\\/\\\/schema.org\",\"@graph\":[{\"@type\":\"Article\",\"@id\":\"https:\\\/\\\/mediaviestinta.fi\\\/mevi2020\\\/2020\\\/06\\\/mediassa-eliitti-maarittelee-eun-merkityksen\\\/#article\",\"isPartOf\":{\"@id\":\"https:\\\/\\\/mediaviestinta.fi\\\/mevi2020\\\/2020\\\/06\\\/mediassa-eliitti-maarittelee-eun-merkityksen\\\/\"},\"author\":{\"name\":\"Mevi\",\"@id\":\"https:\\\/\\\/mediaviestinta.fi\\\/#\\\/schema\\\/person\\\/b2da34ab24cfcd17dbdd6c7cfb173257\"},\"headline\":\"Mediassa eliitti m\u00e4\u00e4rittelee EU:n merkityksen\",\"datePublished\":\"2020-06-29T08:31:21+00:00\",\"dateModified\":\"2020-06-29T08:31:23+00:00\",\"mainEntityOfPage\":{\"@id\":\"https:\\\/\\\/mediaviestinta.fi\\\/mevi2020\\\/2020\\\/06\\\/mediassa-eliitti-maarittelee-eun-merkityksen\\\/\"},\"wordCount\":478,\"commentCount\":0,\"publisher\":{\"@id\":\"https:\\\/\\\/mediaviestinta.fi\\\/#organization\"},\"image\":{\"@id\":\"https:\\\/\\\/mediaviestinta.fi\\\/mevi2020\\\/2020\\\/06\\\/mediassa-eliitti-maarittelee-eun-merkityksen\\\/#primaryimage\"},\"thumbnailUrl\":\"https:\\\/\\\/mediaviestinta.fi\\\/mevi2020\\\/wp-content\\\/uploads\\\/2020\\\/06\\\/flag-2608475_1920.jpg\",\"keywords\":[\"eliitti\",\"EU\",\"Euroopan Unioni\",\"historia\",\"vuosip\u00e4iv\u00e4journalismi\"],\"articleSection\":[\"Ajankohtaista\"],\"inLanguage\":\"fi\",\"potentialAction\":[{\"@type\":\"CommentAction\",\"name\":\"Comment\",\"target\":[\"https:\\\/\\\/mediaviestinta.fi\\\/mevi2020\\\/2020\\\/06\\\/mediassa-eliitti-maarittelee-eun-merkityksen\\\/#respond\"]}]},{\"@type\":\"WebPage\",\"@id\":\"https:\\\/\\\/mediaviestinta.fi\\\/mevi2020\\\/2020\\\/06\\\/mediassa-eliitti-maarittelee-eun-merkityksen\\\/\",\"url\":\"https:\\\/\\\/mediaviestinta.fi\\\/mevi2020\\\/2020\\\/06\\\/mediassa-eliitti-maarittelee-eun-merkityksen\\\/\",\"name\":\"Mediassa eliitti m\u00e4\u00e4rittelee EU:n merkityksen &#8211; Mevi\",\"isPartOf\":{\"@id\":\"https:\\\/\\\/mediaviestinta.fi\\\/#website\"},\"primaryImageOfPage\":{\"@id\":\"https:\\\/\\\/mediaviestinta.fi\\\/mevi2020\\\/2020\\\/06\\\/mediassa-eliitti-maarittelee-eun-merkityksen\\\/#primaryimage\"},\"image\":{\"@id\":\"https:\\\/\\\/mediaviestinta.fi\\\/mevi2020\\\/2020\\\/06\\\/mediassa-eliitti-maarittelee-eun-merkityksen\\\/#primaryimage\"},\"thumbnailUrl\":\"https:\\\/\\\/mediaviestinta.fi\\\/mevi2020\\\/wp-content\\\/uploads\\\/2020\\\/06\\\/flag-2608475_1920.jpg\",\"datePublished\":\"2020-06-29T08:31:21+00:00\",\"dateModified\":\"2020-06-29T08:31:23+00:00\",\"breadcrumb\":{\"@id\":\"https:\\\/\\\/mediaviestinta.fi\\\/mevi2020\\\/2020\\\/06\\\/mediassa-eliitti-maarittelee-eun-merkityksen\\\/#breadcrumb\"},\"inLanguage\":\"fi\",\"potentialAction\":[{\"@type\":\"ReadAction\",\"target\":[\"https:\\\/\\\/mediaviestinta.fi\\\/mevi2020\\\/2020\\\/06\\\/mediassa-eliitti-maarittelee-eun-merkityksen\\\/\"]}]},{\"@type\":\"ImageObject\",\"inLanguage\":\"fi\",\"@id\":\"https:\\\/\\\/mediaviestinta.fi\\\/mevi2020\\\/2020\\\/06\\\/mediassa-eliitti-maarittelee-eun-merkityksen\\\/#primaryimage\",\"url\":\"https:\\\/\\\/mediaviestinta.fi\\\/mevi2020\\\/wp-content\\\/uploads\\\/2020\\\/06\\\/flag-2608475_1920.jpg\",\"contentUrl\":\"https:\\\/\\\/mediaviestinta.fi\\\/mevi2020\\\/wp-content\\\/uploads\\\/2020\\\/06\\\/flag-2608475_1920.jpg\",\"width\":1920,\"height\":1280,\"caption\":\"Image by S. Hermann & F. Richter from Pixabay\"},{\"@type\":\"BreadcrumbList\",\"@id\":\"https:\\\/\\\/mediaviestinta.fi\\\/mevi2020\\\/2020\\\/06\\\/mediassa-eliitti-maarittelee-eun-merkityksen\\\/#breadcrumb\",\"itemListElement\":[{\"@type\":\"ListItem\",\"position\":1,\"name\":\"Home\",\"item\":\"https:\\\/\\\/mediaviestinta.fi\\\/\"},{\"@type\":\"ListItem\",\"position\":2,\"name\":\"Mediassa eliitti m\u00e4\u00e4rittelee EU:n merkityksen\"}]},{\"@type\":\"WebSite\",\"@id\":\"https:\\\/\\\/mediaviestinta.fi\\\/#website\",\"url\":\"https:\\\/\\\/mediaviestinta.fi\\\/\",\"name\":\"Mevi\",\"description\":\"Media- ja viestint\u00e4tieteellinen seura Mevi\",\"publisher\":{\"@id\":\"https:\\\/\\\/mediaviestinta.fi\\\/#organization\"},\"potentialAction\":[{\"@type\":\"SearchAction\",\"target\":{\"@type\":\"EntryPoint\",\"urlTemplate\":\"https:\\\/\\\/mediaviestinta.fi\\\/?s={search_term_string}\"},\"query-input\":{\"@type\":\"PropertyValueSpecification\",\"valueRequired\":true,\"valueName\":\"search_term_string\"}}],\"inLanguage\":\"fi\"},{\"@type\":\"Organization\",\"@id\":\"https:\\\/\\\/mediaviestinta.fi\\\/#organization\",\"name\":\"Media- ja viestint\u00e4tieteellinen seura Mevi\",\"url\":\"https:\\\/\\\/mediaviestinta.fi\\\/\",\"logo\":{\"@type\":\"ImageObject\",\"inLanguage\":\"fi\",\"@id\":\"https:\\\/\\\/mediaviestinta.fi\\\/#\\\/schema\\\/logo\\\/image\\\/\",\"url\":\"https:\\\/\\\/mediaviestinta.fi\\\/mevi2020\\\/wp-content\\\/uploads\\\/2020\\\/03\\\/mevi-logo-RGB-Transparent.png\",\"contentUrl\":\"https:\\\/\\\/mediaviestinta.fi\\\/mevi2020\\\/wp-content\\\/uploads\\\/2020\\\/03\\\/mevi-logo-RGB-Transparent.png\",\"width\":910,\"height\":464,\"caption\":\"Media- ja viestint\u00e4tieteellinen seura Mevi\"},\"image\":{\"@id\":\"https:\\\/\\\/mediaviestinta.fi\\\/#\\\/schema\\\/logo\\\/image\\\/\"},\"sameAs\":[\"https:\\\/\\\/www.facebook.com\\\/MediaViestinta\\\/\",\"https:\\\/\\\/x.com\\\/mediaviestinta\"]},{\"@type\":\"Person\",\"@id\":\"https:\\\/\\\/mediaviestinta.fi\\\/#\\\/schema\\\/person\\\/b2da34ab24cfcd17dbdd6c7cfb173257\",\"name\":\"Mevi\",\"image\":{\"@type\":\"ImageObject\",\"inLanguage\":\"fi\",\"@id\":\"https:\\\/\\\/secure.gravatar.com\\\/avatar\\\/3305b76d1667dc119a18808ed03d6a1fc2dfa8b6a1cddecb8c4d27ef14ec32ca?s=96&d=mm&r=g\",\"url\":\"https:\\\/\\\/secure.gravatar.com\\\/avatar\\\/3305b76d1667dc119a18808ed03d6a1fc2dfa8b6a1cddecb8c4d27ef14ec32ca?s=96&d=mm&r=g\",\"contentUrl\":\"https:\\\/\\\/secure.gravatar.com\\\/avatar\\\/3305b76d1667dc119a18808ed03d6a1fc2dfa8b6a1cddecb8c4d27ef14ec32ca?s=96&d=mm&r=g\",\"caption\":\"Mevi\"},\"url\":\"https:\\\/\\\/mediaviestinta.fi\\\/mevi2020\\\/author\\\/mediavie\\\/\"}]}<\/script>\n<!-- \/ Yoast SEO plugin. -->","yoast_head_json":{"title":"Mediassa eliitti m\u00e4\u00e4rittelee EU:n merkityksen &#8211; Mevi","robots":{"index":"index","follow":"follow","max-snippet":"max-snippet:-1","max-image-preview":"max-image-preview:large","max-video-preview":"max-video-preview:-1"},"canonical":"https:\/\/mediaviestinta.fi\/mevi2020\/2020\/06\/mediassa-eliitti-maarittelee-eun-merkityksen\/","og_locale":"fi_FI","og_type":"article","og_title":"Mediassa eliitti m\u00e4\u00e4rittelee EU:n merkityksen &#8211; Mevi","og_description":"\u201dT\u00e4m\u00e4n tutkimuksen perusteella tulo osaksi EU-perhett\u00e4 tai -klubia on ollut Suomelle t\u00e4rke\u00e4 eurooppalaisuuden m\u00e4\u00e4ritt\u00e4j\u00e4, josta tutkituilla p\u00e4iv\u00e4lehdill\u00e4 ja poliittisella eliitill\u00e4 on hyvin vahva jaettu k\u00e4sitys. Historiatulkinnat ovat niin&hellip;","og_url":"https:\/\/mediaviestinta.fi\/mevi2020\/2020\/06\/mediassa-eliitti-maarittelee-eun-merkityksen\/","og_site_name":"Mevi","article_publisher":"https:\/\/www.facebook.com\/MediaViestinta\/","article_published_time":"2020-06-29T08:31:21+00:00","article_modified_time":"2020-06-29T08:31:23+00:00","og_image":[{"width":1920,"height":1280,"url":"https:\/\/mediaviestinta.fi\/mevi2020\/wp-content\/uploads\/2020\/06\/flag-2608475_1920.jpg","type":"image\/jpeg"}],"author":"Mevi","twitter_card":"summary_large_image","twitter_creator":"@mediaviestinta","twitter_site":"@mediaviestinta","twitter_misc":{"Kirjoittanut":"Mevi","Arvioitu lukuaika":"2 minuuttia"},"schema":{"@context":"https:\/\/schema.org","@graph":[{"@type":"Article","@id":"https:\/\/mediaviestinta.fi\/mevi2020\/2020\/06\/mediassa-eliitti-maarittelee-eun-merkityksen\/#article","isPartOf":{"@id":"https:\/\/mediaviestinta.fi\/mevi2020\/2020\/06\/mediassa-eliitti-maarittelee-eun-merkityksen\/"},"author":{"name":"Mevi","@id":"https:\/\/mediaviestinta.fi\/#\/schema\/person\/b2da34ab24cfcd17dbdd6c7cfb173257"},"headline":"Mediassa eliitti m\u00e4\u00e4rittelee EU:n merkityksen","datePublished":"2020-06-29T08:31:21+00:00","dateModified":"2020-06-29T08:31:23+00:00","mainEntityOfPage":{"@id":"https:\/\/mediaviestinta.fi\/mevi2020\/2020\/06\/mediassa-eliitti-maarittelee-eun-merkityksen\/"},"wordCount":478,"commentCount":0,"publisher":{"@id":"https:\/\/mediaviestinta.fi\/#organization"},"image":{"@id":"https:\/\/mediaviestinta.fi\/mevi2020\/2020\/06\/mediassa-eliitti-maarittelee-eun-merkityksen\/#primaryimage"},"thumbnailUrl":"https:\/\/mediaviestinta.fi\/mevi2020\/wp-content\/uploads\/2020\/06\/flag-2608475_1920.jpg","keywords":["eliitti","EU","Euroopan Unioni","historia","vuosip\u00e4iv\u00e4journalismi"],"articleSection":["Ajankohtaista"],"inLanguage":"fi","potentialAction":[{"@type":"CommentAction","name":"Comment","target":["https:\/\/mediaviestinta.fi\/mevi2020\/2020\/06\/mediassa-eliitti-maarittelee-eun-merkityksen\/#respond"]}]},{"@type":"WebPage","@id":"https:\/\/mediaviestinta.fi\/mevi2020\/2020\/06\/mediassa-eliitti-maarittelee-eun-merkityksen\/","url":"https:\/\/mediaviestinta.fi\/mevi2020\/2020\/06\/mediassa-eliitti-maarittelee-eun-merkityksen\/","name":"Mediassa eliitti m\u00e4\u00e4rittelee EU:n merkityksen &#8211; Mevi","isPartOf":{"@id":"https:\/\/mediaviestinta.fi\/#website"},"primaryImageOfPage":{"@id":"https:\/\/mediaviestinta.fi\/mevi2020\/2020\/06\/mediassa-eliitti-maarittelee-eun-merkityksen\/#primaryimage"},"image":{"@id":"https:\/\/mediaviestinta.fi\/mevi2020\/2020\/06\/mediassa-eliitti-maarittelee-eun-merkityksen\/#primaryimage"},"thumbnailUrl":"https:\/\/mediaviestinta.fi\/mevi2020\/wp-content\/uploads\/2020\/06\/flag-2608475_1920.jpg","datePublished":"2020-06-29T08:31:21+00:00","dateModified":"2020-06-29T08:31:23+00:00","breadcrumb":{"@id":"https:\/\/mediaviestinta.fi\/mevi2020\/2020\/06\/mediassa-eliitti-maarittelee-eun-merkityksen\/#breadcrumb"},"inLanguage":"fi","potentialAction":[{"@type":"ReadAction","target":["https:\/\/mediaviestinta.fi\/mevi2020\/2020\/06\/mediassa-eliitti-maarittelee-eun-merkityksen\/"]}]},{"@type":"ImageObject","inLanguage":"fi","@id":"https:\/\/mediaviestinta.fi\/mevi2020\/2020\/06\/mediassa-eliitti-maarittelee-eun-merkityksen\/#primaryimage","url":"https:\/\/mediaviestinta.fi\/mevi2020\/wp-content\/uploads\/2020\/06\/flag-2608475_1920.jpg","contentUrl":"https:\/\/mediaviestinta.fi\/mevi2020\/wp-content\/uploads\/2020\/06\/flag-2608475_1920.jpg","width":1920,"height":1280,"caption":"Image by S. Hermann & F. Richter from Pixabay"},{"@type":"BreadcrumbList","@id":"https:\/\/mediaviestinta.fi\/mevi2020\/2020\/06\/mediassa-eliitti-maarittelee-eun-merkityksen\/#breadcrumb","itemListElement":[{"@type":"ListItem","position":1,"name":"Home","item":"https:\/\/mediaviestinta.fi\/"},{"@type":"ListItem","position":2,"name":"Mediassa eliitti m\u00e4\u00e4rittelee EU:n merkityksen"}]},{"@type":"WebSite","@id":"https:\/\/mediaviestinta.fi\/#website","url":"https:\/\/mediaviestinta.fi\/","name":"Mevi","description":"Media- ja viestint\u00e4tieteellinen seura Mevi","publisher":{"@id":"https:\/\/mediaviestinta.fi\/#organization"},"potentialAction":[{"@type":"SearchAction","target":{"@type":"EntryPoint","urlTemplate":"https:\/\/mediaviestinta.fi\/?s={search_term_string}"},"query-input":{"@type":"PropertyValueSpecification","valueRequired":true,"valueName":"search_term_string"}}],"inLanguage":"fi"},{"@type":"Organization","@id":"https:\/\/mediaviestinta.fi\/#organization","name":"Media- ja viestint\u00e4tieteellinen seura Mevi","url":"https:\/\/mediaviestinta.fi\/","logo":{"@type":"ImageObject","inLanguage":"fi","@id":"https:\/\/mediaviestinta.fi\/#\/schema\/logo\/image\/","url":"https:\/\/mediaviestinta.fi\/mevi2020\/wp-content\/uploads\/2020\/03\/mevi-logo-RGB-Transparent.png","contentUrl":"https:\/\/mediaviestinta.fi\/mevi2020\/wp-content\/uploads\/2020\/03\/mevi-logo-RGB-Transparent.png","width":910,"height":464,"caption":"Media- ja viestint\u00e4tieteellinen seura Mevi"},"image":{"@id":"https:\/\/mediaviestinta.fi\/#\/schema\/logo\/image\/"},"sameAs":["https:\/\/www.facebook.com\/MediaViestinta\/","https:\/\/x.com\/mediaviestinta"]},{"@type":"Person","@id":"https:\/\/mediaviestinta.fi\/#\/schema\/person\/b2da34ab24cfcd17dbdd6c7cfb173257","name":"Mevi","image":{"@type":"ImageObject","inLanguage":"fi","@id":"https:\/\/secure.gravatar.com\/avatar\/3305b76d1667dc119a18808ed03d6a1fc2dfa8b6a1cddecb8c4d27ef14ec32ca?s=96&d=mm&r=g","url":"https:\/\/secure.gravatar.com\/avatar\/3305b76d1667dc119a18808ed03d6a1fc2dfa8b6a1cddecb8c4d27ef14ec32ca?s=96&d=mm&r=g","contentUrl":"https:\/\/secure.gravatar.com\/avatar\/3305b76d1667dc119a18808ed03d6a1fc2dfa8b6a1cddecb8c4d27ef14ec32ca?s=96&d=mm&r=g","caption":"Mevi"},"url":"https:\/\/mediaviestinta.fi\/mevi2020\/author\/mediavie\/"}]}},"_links":{"self":[{"href":"https:\/\/mediaviestinta.fi\/mevi2020\/wp-json\/wp\/v2\/posts\/4300","targetHints":{"allow":["GET"]}}],"collection":[{"href":"https:\/\/mediaviestinta.fi\/mevi2020\/wp-json\/wp\/v2\/posts"}],"about":[{"href":"https:\/\/mediaviestinta.fi\/mevi2020\/wp-json\/wp\/v2\/types\/post"}],"author":[{"embeddable":true,"href":"https:\/\/mediaviestinta.fi\/mevi2020\/wp-json\/wp\/v2\/users\/3"}],"replies":[{"embeddable":true,"href":"https:\/\/mediaviestinta.fi\/mevi2020\/wp-json\/wp\/v2\/comments?post=4300"}],"version-history":[{"count":4,"href":"https:\/\/mediaviestinta.fi\/mevi2020\/wp-json\/wp\/v2\/posts\/4300\/revisions"}],"predecessor-version":[{"id":4304,"href":"https:\/\/mediaviestinta.fi\/mevi2020\/wp-json\/wp\/v2\/posts\/4300\/revisions\/4304"}],"wp:featuredmedia":[{"embeddable":true,"href":"https:\/\/mediaviestinta.fi\/mevi2020\/wp-json\/wp\/v2\/media\/4305"}],"wp:attachment":[{"href":"https:\/\/mediaviestinta.fi\/mevi2020\/wp-json\/wp\/v2\/media?parent=4300"}],"wp:term":[{"taxonomy":"category","embeddable":true,"href":"https:\/\/mediaviestinta.fi\/mevi2020\/wp-json\/wp\/v2\/categories?post=4300"},{"taxonomy":"post_tag","embeddable":true,"href":"https:\/\/mediaviestinta.fi\/mevi2020\/wp-json\/wp\/v2\/tags?post=4300"}],"curies":[{"name":"wp","href":"https:\/\/api.w.org\/{rel}","templated":true}]}}