{"id":4344,"date":"2020-09-29T13:34:12","date_gmt":"2020-09-29T10:34:12","guid":{"rendered":"https:\/\/mediaviestinta.fi\/?p=4344"},"modified":"2020-10-02T08:57:59","modified_gmt":"2020-10-02T05:57:59","slug":"milla-tavoin-suomalaistoimittajia-painostetaan","status":"publish","type":"post","link":"https:\/\/mediaviestinta.fi\/mevi2020\/2020\/09\/milla-tavoin-suomalaistoimittajia-painostetaan\/","title":{"rendered":"Miten suomalaistoimittajia painostetaan?"},"content":{"rendered":"\n<p><strong>Journalistien kohtaamaa ulkoista vaikuttamista on tarkasteltu tyypillisesti ep\u00e4vakaissa tai autoritaarisissa yhteiskunnissa. \u201dHalusin selvitt\u00e4\u00e4, milt\u00e4 suora ulkoinen vaikuttaminen n\u00e4ytt\u00e4\u00e4 Suomen kontekstissa\u201d, kertoo Ilmari Hiltunen artikkelistaan <a rel=\"noreferrer noopener\" href=\"https:\/\/journal.fi\/mediaviestinta\/article\/view\/98406\" target=\"_blank\">Ulkoinen vaikuttaminen ja sen vastakeinot suomalaisessa journalismissa<\/a>. Artikkeli on julkaistu Media &amp; viestint\u00e4 -lehdess\u00e4 <a rel=\"noreferrer noopener\" href=\"https:\/\/journal.fi\/mediaviestinta\/issue\/view\/6799\" target=\"_blank\">3\/2020<\/a>.<\/strong><\/p>\n\n\n\n<p><strong>Mihin laajempaan ilmi\u00f6\u00f6n ja keskusteluun artikkelisi liittyy?<\/strong><br>Artikkeli k\u00e4sittelee journalistisen ty\u00f6n muutosta nykyisess\u00e4 hybridiss\u00e4 mediaymp\u00e4rist\u00f6ss\u00e4. Yhteiskunnassa ja viestint\u00e4ymp\u00e4rist\u00f6ss\u00e4 tapahtuvat muutokset ja kehityskulut heijastuvat journalismin asemaan ja niihin olosuhteisiin, joissa journalismia tuotetaan. T\u00e4m\u00e4 aiheuttaa uusia haasteita journalismin pyrkimykselle s\u00e4ilytt\u00e4\u00e4 itsen\u00e4isyytens\u00e4 ja autonomiansa. Viime k\u00e4dess\u00e4 kysymys on siit\u00e4, miten journalistit kykenev\u00e4t toteuttamaan demokraattista rooliaan yhteiskunnallisen tiedon riippumattomina v\u00e4litt\u00e4jin\u00e4.<\/p>\n\n\n\n<p><strong>Mik\u00e4 on antisi t\u00e4h\u00e4n keskusteluun?<\/strong><br>Artikkelini erittelee empiiriseen haastatteluaineistoon perustuen yht\u00e4\u00e4lt\u00e4 journalistien kohtaamia ulkoisen vaikuttamisen menetelmi\u00e4 ja toisaalta journalistien ulkoisen vaikuttamisen torjumiseen k\u00e4ytt\u00e4mi\u00e4 vastakeinoja. T\u00e4m\u00e4n luokittelun avulla on mahdollista j\u00e4sent\u00e4\u00e4 journalismin autonomiaa uhkaavia tekij\u00f6it\u00e4 ja sit\u00e4, millaisiin laajempiin trendeihin n\u00e4m\u00e4 uhat kytkeytyv\u00e4t.<\/p>\n\n\n\n<p><strong>Mik\u00e4 on artikkelisi keskeinen argumentti?<\/strong><br>Vaikka Suomi on sijoittunut k\u00e4rkijoukkoon erilaisissa lehdist\u00f6nvapautta mittaavissa vertailuissa, suomalaiset journalistit kohtaavat ty\u00f6ss\u00e4\u00e4n s\u00e4\u00e4nn\u00f6llisesti erilaisia vaikutus- ja painostusyrityksi\u00e4. Hyvin erilaiset toimijat pyrkiv\u00e4t eri motiiveilla vaikuttamaan journalisteihin ja journalismiin. Nykyisess\u00e4 viestint\u00e4ymp\u00e4rist\u00f6ss\u00e4 yleis\u00f6n ja uudenlaisten verkottuneiden toimijoiden aiheuttama painostus ja uhka aiheuttavat lis\u00e4painetta journalistien ty\u00f6h\u00f6n. Henkil\u00f6\u00f6n menev\u00e4 painostus ja h\u00e4irint\u00e4 ulottuu usein ammattiroolin lis\u00e4ksi my\u00f6s journalistien yksityisel\u00e4m\u00e4\u00e4n. Ulkoinen vaikuttaminen ja sen seuraukset on siis syyt\u00e4 ottaa vakavasti my\u00f6s Suomen kaltaisessa korkean sananvapauden yhteiskunnassa.<\/p>\n\n\n\n<p><strong>Kenen kannattaa lukea artikkelisi?<\/strong><br>Suosittelen artikkelia erityisesti journalisteille ja journalistien ty\u00f6nantajille. Lis\u00e4ksi sen havainnot tarjoavat lis\u00e4materiaalia ajankohtaiseen keskusteluun siit\u00e4, mink\u00e4laista vihapuhetta ja uhkailua julkisiin toimijoihin kohdistuu. Niinp\u00e4 artikkelia voi suositella kaikille, jotka ovat kiinnostuneita suomalaisen journalismin ja yhteiskunnallisen tiedonv\u00e4lityksen tilasta sek\u00e4 julkisen keskusteluilmapiirin muutoksista.<\/p>\n\n\n\n<p><strong>Mik\u00e4 sai sinut tarttumaan t\u00e4h\u00e4n aiheeseen?<\/strong><br>Aikaisemmat tutkimukset journalistien kohtaamasta suorasta ulkoisesta vaikuttamisesta ovat tyypillisesti tarkastelleet ilmi\u00f6t\u00e4 ep\u00e4vakaissa tai autoritaarisissa tai puoliautoritaarisissa yhteiskunnissa. Suomen kaltaisessa korkean sananvapauden demokratiassa ulkoisen vaikuttamisen menetelm\u00e4t ovat hienovaraisempia ja usein moninaisempia kuin n\u00e4iss\u00e4 ymp\u00e4rist\u00f6iss\u00e4. Halusin selvitt\u00e4\u00e4 sit\u00e4, milt\u00e4 ulkoinen vaikuttaminen n\u00e4ytt\u00e4\u00e4 journalistien n\u00e4k\u00f6kulmasta Suomen kontekstissa. Toivon, ett\u00e4 artikkeli toimisi laajempana avauksena keskustelulle journalismin autonomiaan kohdistuvista haasteista ja uhista sek\u00e4 tutkimuskent\u00e4ll\u00e4 ett\u00e4 yleisess\u00e4 julkisuudessa.<\/p>\n\n\n\n<p>(Lauri Haapanen)<\/p>\n","protected":false},"excerpt":{"rendered":"<p>Journalistien kohtaamaa ulkoista vaikuttamista on tarkasteltu tyypillisesti ep\u00e4vakaissa tai autoritaarisissa yhteiskunnissa. \u201dHalusin selvitt\u00e4\u00e4, milt\u00e4 suora ulkoinen vaikuttaminen n\u00e4ytt\u00e4\u00e4 Suomen kontekstissa\u201d, kertoo Ilmari Hiltunen artikkelistaan Ulkoinen vaikuttaminen ja sen&hellip;<\/p>\n","protected":false},"author":3,"featured_media":4347,"comment_status":"open","ping_status":"closed","sticky":false,"template":"","format":"standard","meta":{"_monsterinsights_skip_tracking":false,"_monsterinsights_sitenote_active":false,"_monsterinsights_sitenote_note":"","_monsterinsights_sitenote_category":0,"footnotes":""},"categories":[76,1],"tags":[97,96,98,95,94],"class_list":["post-4344","post","type-post","status-publish","format-standard","has-post-thumbnail","hentry","category-ajankohtaista","category-yleinen","tag-autonomia","tag-hairinta","tag-professionalismi","tag-uhkailu","tag-ulkoinen-vaikuttaminen"],"yoast_head":"<!-- This site is optimized with the Yoast SEO plugin v27.5 - https:\/\/yoast.com\/product\/yoast-seo-wordpress\/ -->\n<title>Miten suomalaistoimittajia painostetaan? &#8211; Mevi<\/title>\n<meta name=\"robots\" content=\"index, follow, max-snippet:-1, max-image-preview:large, max-video-preview:-1\" \/>\n<link rel=\"canonical\" href=\"https:\/\/mediaviestinta.fi\/2020\/09\/milla-tavoin-suomalaistoimittajia-painostetaan\/\" \/>\n<meta property=\"og:locale\" content=\"fi_FI\" \/>\n<meta property=\"og:type\" content=\"article\" \/>\n<meta property=\"og:title\" content=\"Miten suomalaistoimittajia painostetaan? &#8211; Mevi\" \/>\n<meta property=\"og:description\" content=\"Journalistien kohtaamaa ulkoista vaikuttamista on tarkasteltu tyypillisesti ep\u00e4vakaissa tai autoritaarisissa yhteiskunnissa. \u201dHalusin selvitt\u00e4\u00e4, milt\u00e4 suora ulkoinen vaikuttaminen n\u00e4ytt\u00e4\u00e4 Suomen kontekstissa\u201d, kertoo Ilmari Hiltunen artikkelistaan Ulkoinen vaikuttaminen ja sen&hellip;\" \/>\n<meta property=\"og:url\" content=\"https:\/\/mediaviestinta.fi\/2020\/09\/milla-tavoin-suomalaistoimittajia-painostetaan\/\" \/>\n<meta property=\"og:site_name\" content=\"Mevi\" \/>\n<meta property=\"article:publisher\" content=\"https:\/\/www.facebook.com\/MediaViestinta\/\" \/>\n<meta property=\"article:published_time\" content=\"2020-09-29T10:34:12+00:00\" \/>\n<meta property=\"article:modified_time\" content=\"2020-10-02T05:57:59+00:00\" \/>\n<meta property=\"og:image\" content=\"https:\/\/mediaviestinta.fi\/mevi2020\/wp-content\/uploads\/2020\/09\/bruno-martins-OhJmwB4XWLE-unsplash-2.jpg\" \/>\n\t<meta property=\"og:image:width\" content=\"2400\" \/>\n\t<meta property=\"og:image:height\" content=\"1600\" \/>\n\t<meta property=\"og:image:type\" content=\"image\/jpeg\" \/>\n<meta name=\"author\" content=\"Mevi\" \/>\n<meta name=\"twitter:card\" content=\"summary_large_image\" \/>\n<meta name=\"twitter:creator\" content=\"@mediaviestinta\" \/>\n<meta name=\"twitter:site\" content=\"@mediaviestinta\" \/>\n<meta name=\"twitter:label1\" content=\"Kirjoittanut\" \/>\n\t<meta name=\"twitter:data1\" content=\"Mevi\" \/>\n\t<meta name=\"twitter:label2\" content=\"Arvioitu lukuaika\" \/>\n\t<meta name=\"twitter:data2\" content=\"2 minuuttia\" \/>\n<script type=\"application\/ld+json\" class=\"yoast-schema-graph\">{\"@context\":\"https:\\\/\\\/schema.org\",\"@graph\":[{\"@type\":\"Article\",\"@id\":\"https:\\\/\\\/mediaviestinta.fi\\\/2020\\\/09\\\/milla-tavoin-suomalaistoimittajia-painostetaan\\\/#article\",\"isPartOf\":{\"@id\":\"https:\\\/\\\/mediaviestinta.fi\\\/2020\\\/09\\\/milla-tavoin-suomalaistoimittajia-painostetaan\\\/\"},\"author\":{\"name\":\"Mevi\",\"@id\":\"https:\\\/\\\/mediaviestinta.fi\\\/#\\\/schema\\\/person\\\/b2da34ab24cfcd17dbdd6c7cfb173257\"},\"headline\":\"Miten suomalaistoimittajia painostetaan?\",\"datePublished\":\"2020-09-29T10:34:12+00:00\",\"dateModified\":\"2020-10-02T05:57:59+00:00\",\"mainEntityOfPage\":{\"@id\":\"https:\\\/\\\/mediaviestinta.fi\\\/2020\\\/09\\\/milla-tavoin-suomalaistoimittajia-painostetaan\\\/\"},\"wordCount\":395,\"commentCount\":0,\"publisher\":{\"@id\":\"https:\\\/\\\/mediaviestinta.fi\\\/#organization\"},\"image\":{\"@id\":\"https:\\\/\\\/mediaviestinta.fi\\\/2020\\\/09\\\/milla-tavoin-suomalaistoimittajia-painostetaan\\\/#primaryimage\"},\"thumbnailUrl\":\"https:\\\/\\\/mediaviestinta.fi\\\/mevi2020\\\/wp-content\\\/uploads\\\/2020\\\/09\\\/bruno-martins-OhJmwB4XWLE-unsplash-2.jpg\",\"keywords\":[\"autonomia\",\"h\u00e4irint\u00e4\",\"professionalismi\",\"uhkailu\",\"ulkoinen vaikuttaminen\"],\"articleSection\":[\"Ajankohtaista\"],\"inLanguage\":\"fi\",\"potentialAction\":[{\"@type\":\"CommentAction\",\"name\":\"Comment\",\"target\":[\"https:\\\/\\\/mediaviestinta.fi\\\/2020\\\/09\\\/milla-tavoin-suomalaistoimittajia-painostetaan\\\/#respond\"]}]},{\"@type\":\"WebPage\",\"@id\":\"https:\\\/\\\/mediaviestinta.fi\\\/2020\\\/09\\\/milla-tavoin-suomalaistoimittajia-painostetaan\\\/\",\"url\":\"https:\\\/\\\/mediaviestinta.fi\\\/2020\\\/09\\\/milla-tavoin-suomalaistoimittajia-painostetaan\\\/\",\"name\":\"Miten suomalaistoimittajia painostetaan? &#8211; Mevi\",\"isPartOf\":{\"@id\":\"https:\\\/\\\/mediaviestinta.fi\\\/#website\"},\"primaryImageOfPage\":{\"@id\":\"https:\\\/\\\/mediaviestinta.fi\\\/2020\\\/09\\\/milla-tavoin-suomalaistoimittajia-painostetaan\\\/#primaryimage\"},\"image\":{\"@id\":\"https:\\\/\\\/mediaviestinta.fi\\\/2020\\\/09\\\/milla-tavoin-suomalaistoimittajia-painostetaan\\\/#primaryimage\"},\"thumbnailUrl\":\"https:\\\/\\\/mediaviestinta.fi\\\/mevi2020\\\/wp-content\\\/uploads\\\/2020\\\/09\\\/bruno-martins-OhJmwB4XWLE-unsplash-2.jpg\",\"datePublished\":\"2020-09-29T10:34:12+00:00\",\"dateModified\":\"2020-10-02T05:57:59+00:00\",\"breadcrumb\":{\"@id\":\"https:\\\/\\\/mediaviestinta.fi\\\/2020\\\/09\\\/milla-tavoin-suomalaistoimittajia-painostetaan\\\/#breadcrumb\"},\"inLanguage\":\"fi\",\"potentialAction\":[{\"@type\":\"ReadAction\",\"target\":[\"https:\\\/\\\/mediaviestinta.fi\\\/2020\\\/09\\\/milla-tavoin-suomalaistoimittajia-painostetaan\\\/\"]}]},{\"@type\":\"ImageObject\",\"inLanguage\":\"fi\",\"@id\":\"https:\\\/\\\/mediaviestinta.fi\\\/2020\\\/09\\\/milla-tavoin-suomalaistoimittajia-painostetaan\\\/#primaryimage\",\"url\":\"https:\\\/\\\/mediaviestinta.fi\\\/mevi2020\\\/wp-content\\\/uploads\\\/2020\\\/09\\\/bruno-martins-OhJmwB4XWLE-unsplash-2.jpg\",\"contentUrl\":\"https:\\\/\\\/mediaviestinta.fi\\\/mevi2020\\\/wp-content\\\/uploads\\\/2020\\\/09\\\/bruno-martins-OhJmwB4XWLE-unsplash-2.jpg\",\"width\":2400,\"height\":1600,\"caption\":\"Photo by Bruno Martins on Unsplash\"},{\"@type\":\"BreadcrumbList\",\"@id\":\"https:\\\/\\\/mediaviestinta.fi\\\/2020\\\/09\\\/milla-tavoin-suomalaistoimittajia-painostetaan\\\/#breadcrumb\",\"itemListElement\":[{\"@type\":\"ListItem\",\"position\":1,\"name\":\"Home\",\"item\":\"https:\\\/\\\/mediaviestinta.fi\\\/\"},{\"@type\":\"ListItem\",\"position\":2,\"name\":\"Miten suomalaistoimittajia painostetaan?\"}]},{\"@type\":\"WebSite\",\"@id\":\"https:\\\/\\\/mediaviestinta.fi\\\/#website\",\"url\":\"https:\\\/\\\/mediaviestinta.fi\\\/\",\"name\":\"Mevi\",\"description\":\"Media- ja viestint\u00e4tieteellinen seura Mevi\",\"publisher\":{\"@id\":\"https:\\\/\\\/mediaviestinta.fi\\\/#organization\"},\"potentialAction\":[{\"@type\":\"SearchAction\",\"target\":{\"@type\":\"EntryPoint\",\"urlTemplate\":\"https:\\\/\\\/mediaviestinta.fi\\\/?s={search_term_string}\"},\"query-input\":{\"@type\":\"PropertyValueSpecification\",\"valueRequired\":true,\"valueName\":\"search_term_string\"}}],\"inLanguage\":\"fi\"},{\"@type\":\"Organization\",\"@id\":\"https:\\\/\\\/mediaviestinta.fi\\\/#organization\",\"name\":\"Media- ja viestint\u00e4tieteellinen seura Mevi\",\"url\":\"https:\\\/\\\/mediaviestinta.fi\\\/\",\"logo\":{\"@type\":\"ImageObject\",\"inLanguage\":\"fi\",\"@id\":\"https:\\\/\\\/mediaviestinta.fi\\\/#\\\/schema\\\/logo\\\/image\\\/\",\"url\":\"https:\\\/\\\/mediaviestinta.fi\\\/mevi2020\\\/wp-content\\\/uploads\\\/2020\\\/03\\\/mevi-logo-RGB-Transparent.png\",\"contentUrl\":\"https:\\\/\\\/mediaviestinta.fi\\\/mevi2020\\\/wp-content\\\/uploads\\\/2020\\\/03\\\/mevi-logo-RGB-Transparent.png\",\"width\":910,\"height\":464,\"caption\":\"Media- ja viestint\u00e4tieteellinen seura Mevi\"},\"image\":{\"@id\":\"https:\\\/\\\/mediaviestinta.fi\\\/#\\\/schema\\\/logo\\\/image\\\/\"},\"sameAs\":[\"https:\\\/\\\/www.facebook.com\\\/MediaViestinta\\\/\",\"https:\\\/\\\/x.com\\\/mediaviestinta\"]},{\"@type\":\"Person\",\"@id\":\"https:\\\/\\\/mediaviestinta.fi\\\/#\\\/schema\\\/person\\\/b2da34ab24cfcd17dbdd6c7cfb173257\",\"name\":\"Mevi\",\"image\":{\"@type\":\"ImageObject\",\"inLanguage\":\"fi\",\"@id\":\"https:\\\/\\\/secure.gravatar.com\\\/avatar\\\/3305b76d1667dc119a18808ed03d6a1fc2dfa8b6a1cddecb8c4d27ef14ec32ca?s=96&d=mm&r=g\",\"url\":\"https:\\\/\\\/secure.gravatar.com\\\/avatar\\\/3305b76d1667dc119a18808ed03d6a1fc2dfa8b6a1cddecb8c4d27ef14ec32ca?s=96&d=mm&r=g\",\"contentUrl\":\"https:\\\/\\\/secure.gravatar.com\\\/avatar\\\/3305b76d1667dc119a18808ed03d6a1fc2dfa8b6a1cddecb8c4d27ef14ec32ca?s=96&d=mm&r=g\",\"caption\":\"Mevi\"},\"url\":\"https:\\\/\\\/mediaviestinta.fi\\\/mevi2020\\\/author\\\/mediavie\\\/\"}]}<\/script>\n<!-- \/ Yoast SEO plugin. -->","yoast_head_json":{"title":"Miten suomalaistoimittajia painostetaan? &#8211; Mevi","robots":{"index":"index","follow":"follow","max-snippet":"max-snippet:-1","max-image-preview":"max-image-preview:large","max-video-preview":"max-video-preview:-1"},"canonical":"https:\/\/mediaviestinta.fi\/2020\/09\/milla-tavoin-suomalaistoimittajia-painostetaan\/","og_locale":"fi_FI","og_type":"article","og_title":"Miten suomalaistoimittajia painostetaan? &#8211; Mevi","og_description":"Journalistien kohtaamaa ulkoista vaikuttamista on tarkasteltu tyypillisesti ep\u00e4vakaissa tai autoritaarisissa yhteiskunnissa. \u201dHalusin selvitt\u00e4\u00e4, milt\u00e4 suora ulkoinen vaikuttaminen n\u00e4ytt\u00e4\u00e4 Suomen kontekstissa\u201d, kertoo Ilmari Hiltunen artikkelistaan Ulkoinen vaikuttaminen ja sen&hellip;","og_url":"https:\/\/mediaviestinta.fi\/2020\/09\/milla-tavoin-suomalaistoimittajia-painostetaan\/","og_site_name":"Mevi","article_publisher":"https:\/\/www.facebook.com\/MediaViestinta\/","article_published_time":"2020-09-29T10:34:12+00:00","article_modified_time":"2020-10-02T05:57:59+00:00","og_image":[{"width":2400,"height":1600,"url":"https:\/\/mediaviestinta.fi\/mevi2020\/wp-content\/uploads\/2020\/09\/bruno-martins-OhJmwB4XWLE-unsplash-2.jpg","type":"image\/jpeg"}],"author":"Mevi","twitter_card":"summary_large_image","twitter_creator":"@mediaviestinta","twitter_site":"@mediaviestinta","twitter_misc":{"Kirjoittanut":"Mevi","Arvioitu lukuaika":"2 minuuttia"},"schema":{"@context":"https:\/\/schema.org","@graph":[{"@type":"Article","@id":"https:\/\/mediaviestinta.fi\/2020\/09\/milla-tavoin-suomalaistoimittajia-painostetaan\/#article","isPartOf":{"@id":"https:\/\/mediaviestinta.fi\/2020\/09\/milla-tavoin-suomalaistoimittajia-painostetaan\/"},"author":{"name":"Mevi","@id":"https:\/\/mediaviestinta.fi\/#\/schema\/person\/b2da34ab24cfcd17dbdd6c7cfb173257"},"headline":"Miten suomalaistoimittajia painostetaan?","datePublished":"2020-09-29T10:34:12+00:00","dateModified":"2020-10-02T05:57:59+00:00","mainEntityOfPage":{"@id":"https:\/\/mediaviestinta.fi\/2020\/09\/milla-tavoin-suomalaistoimittajia-painostetaan\/"},"wordCount":395,"commentCount":0,"publisher":{"@id":"https:\/\/mediaviestinta.fi\/#organization"},"image":{"@id":"https:\/\/mediaviestinta.fi\/2020\/09\/milla-tavoin-suomalaistoimittajia-painostetaan\/#primaryimage"},"thumbnailUrl":"https:\/\/mediaviestinta.fi\/mevi2020\/wp-content\/uploads\/2020\/09\/bruno-martins-OhJmwB4XWLE-unsplash-2.jpg","keywords":["autonomia","h\u00e4irint\u00e4","professionalismi","uhkailu","ulkoinen vaikuttaminen"],"articleSection":["Ajankohtaista"],"inLanguage":"fi","potentialAction":[{"@type":"CommentAction","name":"Comment","target":["https:\/\/mediaviestinta.fi\/2020\/09\/milla-tavoin-suomalaistoimittajia-painostetaan\/#respond"]}]},{"@type":"WebPage","@id":"https:\/\/mediaviestinta.fi\/2020\/09\/milla-tavoin-suomalaistoimittajia-painostetaan\/","url":"https:\/\/mediaviestinta.fi\/2020\/09\/milla-tavoin-suomalaistoimittajia-painostetaan\/","name":"Miten suomalaistoimittajia painostetaan? &#8211; Mevi","isPartOf":{"@id":"https:\/\/mediaviestinta.fi\/#website"},"primaryImageOfPage":{"@id":"https:\/\/mediaviestinta.fi\/2020\/09\/milla-tavoin-suomalaistoimittajia-painostetaan\/#primaryimage"},"image":{"@id":"https:\/\/mediaviestinta.fi\/2020\/09\/milla-tavoin-suomalaistoimittajia-painostetaan\/#primaryimage"},"thumbnailUrl":"https:\/\/mediaviestinta.fi\/mevi2020\/wp-content\/uploads\/2020\/09\/bruno-martins-OhJmwB4XWLE-unsplash-2.jpg","datePublished":"2020-09-29T10:34:12+00:00","dateModified":"2020-10-02T05:57:59+00:00","breadcrumb":{"@id":"https:\/\/mediaviestinta.fi\/2020\/09\/milla-tavoin-suomalaistoimittajia-painostetaan\/#breadcrumb"},"inLanguage":"fi","potentialAction":[{"@type":"ReadAction","target":["https:\/\/mediaviestinta.fi\/2020\/09\/milla-tavoin-suomalaistoimittajia-painostetaan\/"]}]},{"@type":"ImageObject","inLanguage":"fi","@id":"https:\/\/mediaviestinta.fi\/2020\/09\/milla-tavoin-suomalaistoimittajia-painostetaan\/#primaryimage","url":"https:\/\/mediaviestinta.fi\/mevi2020\/wp-content\/uploads\/2020\/09\/bruno-martins-OhJmwB4XWLE-unsplash-2.jpg","contentUrl":"https:\/\/mediaviestinta.fi\/mevi2020\/wp-content\/uploads\/2020\/09\/bruno-martins-OhJmwB4XWLE-unsplash-2.jpg","width":2400,"height":1600,"caption":"Photo by Bruno Martins on Unsplash"},{"@type":"BreadcrumbList","@id":"https:\/\/mediaviestinta.fi\/2020\/09\/milla-tavoin-suomalaistoimittajia-painostetaan\/#breadcrumb","itemListElement":[{"@type":"ListItem","position":1,"name":"Home","item":"https:\/\/mediaviestinta.fi\/"},{"@type":"ListItem","position":2,"name":"Miten suomalaistoimittajia painostetaan?"}]},{"@type":"WebSite","@id":"https:\/\/mediaviestinta.fi\/#website","url":"https:\/\/mediaviestinta.fi\/","name":"Mevi","description":"Media- ja viestint\u00e4tieteellinen seura Mevi","publisher":{"@id":"https:\/\/mediaviestinta.fi\/#organization"},"potentialAction":[{"@type":"SearchAction","target":{"@type":"EntryPoint","urlTemplate":"https:\/\/mediaviestinta.fi\/?s={search_term_string}"},"query-input":{"@type":"PropertyValueSpecification","valueRequired":true,"valueName":"search_term_string"}}],"inLanguage":"fi"},{"@type":"Organization","@id":"https:\/\/mediaviestinta.fi\/#organization","name":"Media- ja viestint\u00e4tieteellinen seura Mevi","url":"https:\/\/mediaviestinta.fi\/","logo":{"@type":"ImageObject","inLanguage":"fi","@id":"https:\/\/mediaviestinta.fi\/#\/schema\/logo\/image\/","url":"https:\/\/mediaviestinta.fi\/mevi2020\/wp-content\/uploads\/2020\/03\/mevi-logo-RGB-Transparent.png","contentUrl":"https:\/\/mediaviestinta.fi\/mevi2020\/wp-content\/uploads\/2020\/03\/mevi-logo-RGB-Transparent.png","width":910,"height":464,"caption":"Media- ja viestint\u00e4tieteellinen seura Mevi"},"image":{"@id":"https:\/\/mediaviestinta.fi\/#\/schema\/logo\/image\/"},"sameAs":["https:\/\/www.facebook.com\/MediaViestinta\/","https:\/\/x.com\/mediaviestinta"]},{"@type":"Person","@id":"https:\/\/mediaviestinta.fi\/#\/schema\/person\/b2da34ab24cfcd17dbdd6c7cfb173257","name":"Mevi","image":{"@type":"ImageObject","inLanguage":"fi","@id":"https:\/\/secure.gravatar.com\/avatar\/3305b76d1667dc119a18808ed03d6a1fc2dfa8b6a1cddecb8c4d27ef14ec32ca?s=96&d=mm&r=g","url":"https:\/\/secure.gravatar.com\/avatar\/3305b76d1667dc119a18808ed03d6a1fc2dfa8b6a1cddecb8c4d27ef14ec32ca?s=96&d=mm&r=g","contentUrl":"https:\/\/secure.gravatar.com\/avatar\/3305b76d1667dc119a18808ed03d6a1fc2dfa8b6a1cddecb8c4d27ef14ec32ca?s=96&d=mm&r=g","caption":"Mevi"},"url":"https:\/\/mediaviestinta.fi\/mevi2020\/author\/mediavie\/"}]}},"_links":{"self":[{"href":"https:\/\/mediaviestinta.fi\/mevi2020\/wp-json\/wp\/v2\/posts\/4344","targetHints":{"allow":["GET"]}}],"collection":[{"href":"https:\/\/mediaviestinta.fi\/mevi2020\/wp-json\/wp\/v2\/posts"}],"about":[{"href":"https:\/\/mediaviestinta.fi\/mevi2020\/wp-json\/wp\/v2\/types\/post"}],"author":[{"embeddable":true,"href":"https:\/\/mediaviestinta.fi\/mevi2020\/wp-json\/wp\/v2\/users\/3"}],"replies":[{"embeddable":true,"href":"https:\/\/mediaviestinta.fi\/mevi2020\/wp-json\/wp\/v2\/comments?post=4344"}],"version-history":[{"count":5,"href":"https:\/\/mediaviestinta.fi\/mevi2020\/wp-json\/wp\/v2\/posts\/4344\/revisions"}],"predecessor-version":[{"id":4355,"href":"https:\/\/mediaviestinta.fi\/mevi2020\/wp-json\/wp\/v2\/posts\/4344\/revisions\/4355"}],"wp:featuredmedia":[{"embeddable":true,"href":"https:\/\/mediaviestinta.fi\/mevi2020\/wp-json\/wp\/v2\/media\/4347"}],"wp:attachment":[{"href":"https:\/\/mediaviestinta.fi\/mevi2020\/wp-json\/wp\/v2\/media?parent=4344"}],"wp:term":[{"taxonomy":"category","embeddable":true,"href":"https:\/\/mediaviestinta.fi\/mevi2020\/wp-json\/wp\/v2\/categories?post=4344"},{"taxonomy":"post_tag","embeddable":true,"href":"https:\/\/mediaviestinta.fi\/mevi2020\/wp-json\/wp\/v2\/tags?post=4344"}],"curies":[{"name":"wp","href":"https:\/\/api.w.org\/{rel}","templated":true}]}}