{"id":4383,"date":"2020-12-22T06:29:08","date_gmt":"2020-12-22T04:29:08","guid":{"rendered":"https:\/\/mediaviestinta.fi\/?p=4383"},"modified":"2020-12-22T08:06:05","modified_gmt":"2020-12-22T06:06:05","slug":"onko-pingviini-lintu-kuvaristikossa","status":"publish","type":"post","link":"https:\/\/mediaviestinta.fi\/mevi2020\/2020\/12\/onko-pingviini-lintu-kuvaristikossa\/","title":{"rendered":"Onko pingviini lintu kuvaristikossa?"},"content":{"rendered":"\n<p><strong>&#8221;Piirroksissa paljastuu mielen sis\u00e4inen kategoria-ajattelu ja tietynlaiset tyyppiyksil\u00f6t luokkiensa edustajina<\/strong>&#8221;<strong>, kertoo Silja Nikula, joka tarkastelee artikkelissaan <strong><a rel=\"noreferrer noopener\" href=\"https:\/\/journal.fi\/mediaviestinta\/article\/view\/100620\" target=\"_blank\">Viivoihin vangitut<\/a> kuvaristikoiden piirroksia<\/strong>. &#8221;Mit\u00e4 jos linnun vihjekuvana olisikin pikkulinnun sijaan pingviini?<\/strong>&#8221;<strong> Artikkeli on julkaistu <em>Media &amp; viestint\u00e4<\/em> -lehdess\u00e4\u00a0<a rel=\"noreferrer noopener\" href=\"https:\/\/journal.fi\/mediaviestinta\/issue\/view\/7005\" target=\"_blank\">4<\/a><a rel=\"noreferrer noopener\" href=\"https:\/\/journal.fi\/mediaviestinta\/issue\/view\/7005\" target=\"_blank\">\/2020<\/a>.<\/strong><\/p>\n\n\n\n<p><strong>Mihin laajempaan ilmi\u00f6\u00f6n ja keskusteluun artikkelisi liittyy?<\/strong><br>Kuvaristikoiden piirroksia k\u00e4sittelev\u00e4 artikkelini liittyy keskusteluun kuvalla ilmaisun mahdollisuuksista ja rajoista. Se kiinnitt\u00e4\u00e4 huomion vakiintuneisiin esitt\u00e4misen tapoihin. Kun kuva on piirretty tietyll\u00e4 tavalla ja muistuttaa aiemmin n\u00e4htyj\u00e4, se tuntuu muistuttavan kohdettaan \u2013 vaikka olisi hyvinkin puutteellinen n\u00e4k\u00f6havaintoon verrattuna.<\/p>\n\n\n\n<p>Kiinnostavaa on my\u00f6s, mit\u00e4 muutamin viivoin vet\u00e4istyss\u00e4 piirroksessa on mukana, mit\u00e4 taas j\u00e4tetty pois. Piirroksissa paljastuu mielen sis\u00e4inen kategoria-ajattelu ja tietynlaiset tyyppiyksil\u00f6t luokkiensa edustajina. Mit\u00e4 jos linnun vihjekuvana olisikin pikkulinnun sijaan pingviini?<\/p>\n\n\n\n<p><strong>Mik\u00e4 on artikkelisi keskeinen argumentti?<\/strong><br>Piirrosten tulkinta edellytt\u00e4\u00e4 piirt\u00e4j\u00e4n ja ratkojan yhteist\u00e4 kokemusmaailmaa ja kategoria-ajattelua. N\u00e4iden varassa esimerkiksi konkreettisista elementeist\u00e4 koostuvat tilannekuvat osataan luontevasti n\u00e4hd\u00e4 k\u00e4sitteellisin\u00e4 ilmaisuina. Merkitysten mahdollisuuksia laajentavat viel\u00e4 karrikoidut ilmeet, vauhtiviivat ja muut sarjakuvista tutut vihjeet. Piirt\u00e4j\u00e4 puolestaan on valinnut ilmaisukeinot ohjatakseen tulkintaa. Ilmaisua rajoittaa keskeisesti se, ett\u00e4 vihjekuvat on painettu pieness\u00e4 koossa ja usein huokoiselle paperille.<\/p>\n\n\n\n<p><strong>Mit\u00e4 haluat artikkelillasi sanoa?<br><\/strong>Arkip\u00e4iv\u00e4n kuvastoissa l\u00f6ytyy tutkittavaa! Artikkeli on avaus ristikkopiirroksiin tutkimusaineistona. Toivon sen my\u00f6s kiinnitt\u00e4v\u00e4n huomiota siihen, ett\u00e4 ristikot eiv\u00e4t ole vain harmitonta ajanvietett\u00e4, vaan kuvat voivat sis\u00e4lt\u00e4\u00e4 tietoisia ideologisia valintoja ja stereotyyppisi\u00e4 latauksia.<\/p>\n\n\n\n<p><strong>Kenen kannattaa lukea artikkelisi?<br><\/strong>Pelkistetyn kuvan osalta yhteisi\u00e4 tutkimusalueita l\u00f6ytyy sarjakuvan ja sosiaalisen median piirist\u00e4, joten n\u00e4iden alueiden tutkijoita voisivat kiinnostaa abstrahoinnin keinot. Toivon, ett\u00e4 artikkeli johtaa my\u00f6s tieteidenv\u00e4lisiin keskusteluihin. Varsinkin kuvallisen ja sanallisen kielen yhteydet ja rajapinnat ovat kiinnostavia. Kuvien sis\u00e4lt\u00f6aiheet voivat kiinnostaa kansatieteilij\u00f6it\u00e4 \u2013 onhan mukana esineit\u00e4, joita harvoin arkiel\u00e4m\u00e4ss\u00e4 kohtaamme, kuten <em>ansa <\/em>tai <em>aatra<\/em>.<\/p>\n\n\n\n<p>Lis\u00e4ksi multimodaalisuuden tutkijat ovat olleet kiinnostuneita t\u00e4ydent\u00e4m\u00e4\u00e4n teoriaa aineistol\u00e4ht\u00f6isill\u00e4 l\u00e4hestymistavoilla. T\u00e4ss\u00e4kin empiirinen aineisto osoitti, miten semioottisia ilmaisuvaroja k\u00e4ytet\u00e4\u00e4n nimenomaan viestint\u00e4teht\u00e4v\u00e4\u00e4n soveltuvalla tavalla.<\/p>\n\n\n\n<p><strong>Mik\u00e4 sai sinut tarttumaan t\u00e4h\u00e4n aiheeseen?<br><\/strong>Olen harrastanut ristikoiden ratkontaa lapsuudesta asti. Mutta ennen kaikkea tartuin aiheeseen, koska ristikoita ei ole t\u00e4h\u00e4n menness\u00e4 tutkittu ollenkaan kuvien osalta. Yleens\u00e4kin visuaalisuuteen liittyvi\u00e4 aiheita k\u00e4sitell\u00e4\u00e4n mediatutkimuksessa v\u00e4h\u00e4n. Mielest\u00e4ni on my\u00f6s hy\u00f6dyllist\u00e4 tuoda yhteen akateemista tutkimusta ja suunnittelijan k\u00e4yt\u00e4nn\u00f6llist\u00e4, ratkaisukeskeist\u00e4 tietoa. Vaikka t\u00e4ss\u00e4 tutkimuksessa ei haastateltu itse piirt\u00e4ji\u00e4, kiinnostavaa on, miss\u00e4 m\u00e4\u00e4rin suunnittelija voi ajatella multimodaalisuuden teoriaa ty\u00f6kalupakin tapaan.<\/p>\n\n\n\n<p>(Lauri Haapanen)<\/p>\n","protected":false},"excerpt":{"rendered":"<p>&#8221;Piirroksissa paljastuu mielen sis\u00e4inen kategoria-ajattelu ja tietynlaiset tyyppiyksil\u00f6t luokkiensa edustajina&#8221;, kertoo Silja Nikula, joka tarkastelee artikkelissaan Viivoihin vangitut kuvaristikoiden piirroksia. &#8221;Mit\u00e4 jos linnun vihjekuvana olisikin pikkulinnun sijaan pingviini?&#8221;&hellip;<\/p>\n","protected":false},"author":3,"featured_media":4384,"comment_status":"open","ping_status":"closed","sticky":false,"template":"","format":"standard","meta":{"_monsterinsights_skip_tracking":false,"_monsterinsights_sitenote_active":false,"_monsterinsights_sitenote_note":"","_monsterinsights_sitenote_category":0,"footnotes":""},"categories":[1],"tags":[115,117,118,116,119],"class_list":["post-4383","post","type-post","status-publish","format-standard","has-post-thumbnail","hentry","category-yleinen","tag-kuvaristikko","tag-multimodaalisuus","tag-piirros","tag-sanaristikko","tag-visuaalinen-viestinta"],"yoast_head":"<!-- This site is optimized with the Yoast SEO plugin v27.5 - https:\/\/yoast.com\/product\/yoast-seo-wordpress\/ -->\n<title>Onko pingviini lintu kuvaristikossa? &#8211; Mevi<\/title>\n<meta name=\"robots\" content=\"index, follow, max-snippet:-1, max-image-preview:large, max-video-preview:-1\" \/>\n<link rel=\"canonical\" href=\"https:\/\/mediaviestinta.fi\/mevi2020\/2020\/12\/onko-pingviini-lintu-kuvaristikossa\/\" \/>\n<meta property=\"og:locale\" content=\"fi_FI\" \/>\n<meta property=\"og:type\" content=\"article\" \/>\n<meta property=\"og:title\" content=\"Onko pingviini lintu kuvaristikossa? &#8211; Mevi\" \/>\n<meta property=\"og:description\" content=\"&#8221;Piirroksissa paljastuu mielen sis\u00e4inen kategoria-ajattelu ja tietynlaiset tyyppiyksil\u00f6t luokkiensa edustajina&#8221;, kertoo Silja Nikula, joka tarkastelee artikkelissaan Viivoihin vangitut kuvaristikoiden piirroksia. &#8221;Mit\u00e4 jos linnun vihjekuvana olisikin pikkulinnun sijaan pingviini?&#8221;&hellip;\" \/>\n<meta property=\"og:url\" content=\"https:\/\/mediaviestinta.fi\/mevi2020\/2020\/12\/onko-pingviini-lintu-kuvaristikossa\/\" \/>\n<meta property=\"og:site_name\" content=\"Mevi\" \/>\n<meta property=\"article:publisher\" content=\"https:\/\/www.facebook.com\/MediaViestinta\/\" \/>\n<meta property=\"article:published_time\" content=\"2020-12-22T04:29:08+00:00\" \/>\n<meta property=\"article:modified_time\" content=\"2020-12-22T06:06:05+00:00\" \/>\n<meta property=\"og:image\" content=\"https:\/\/mediaviestinta.fi\/mevi2020\/wp-content\/uploads\/2020\/12\/ristikkokuva.jpg\" \/>\n\t<meta property=\"og:image:width\" content=\"1625\" \/>\n\t<meta property=\"og:image:height\" content=\"552\" \/>\n\t<meta property=\"og:image:type\" content=\"image\/jpeg\" \/>\n<meta name=\"author\" content=\"Mevi\" \/>\n<meta name=\"twitter:card\" content=\"summary_large_image\" \/>\n<meta name=\"twitter:creator\" content=\"@mediaviestinta\" \/>\n<meta name=\"twitter:site\" content=\"@mediaviestinta\" \/>\n<meta name=\"twitter:label1\" content=\"Kirjoittanut\" \/>\n\t<meta name=\"twitter:data1\" content=\"Mevi\" \/>\n\t<meta name=\"twitter:label2\" content=\"Arvioitu lukuaika\" \/>\n\t<meta name=\"twitter:data2\" content=\"2 minuuttia\" \/>\n<script type=\"application\/ld+json\" class=\"yoast-schema-graph\">{\"@context\":\"https:\\\/\\\/schema.org\",\"@graph\":[{\"@type\":\"Article\",\"@id\":\"https:\\\/\\\/mediaviestinta.fi\\\/mevi2020\\\/2020\\\/12\\\/onko-pingviini-lintu-kuvaristikossa\\\/#article\",\"isPartOf\":{\"@id\":\"https:\\\/\\\/mediaviestinta.fi\\\/mevi2020\\\/2020\\\/12\\\/onko-pingviini-lintu-kuvaristikossa\\\/\"},\"author\":{\"name\":\"Mevi\",\"@id\":\"https:\\\/\\\/mediaviestinta.fi\\\/#\\\/schema\\\/person\\\/b2da34ab24cfcd17dbdd6c7cfb173257\"},\"headline\":\"Onko pingviini lintu kuvaristikossa?\",\"datePublished\":\"2020-12-22T04:29:08+00:00\",\"dateModified\":\"2020-12-22T06:06:05+00:00\",\"mainEntityOfPage\":{\"@id\":\"https:\\\/\\\/mediaviestinta.fi\\\/mevi2020\\\/2020\\\/12\\\/onko-pingviini-lintu-kuvaristikossa\\\/\"},\"wordCount\":425,\"commentCount\":0,\"publisher\":{\"@id\":\"https:\\\/\\\/mediaviestinta.fi\\\/#organization\"},\"image\":{\"@id\":\"https:\\\/\\\/mediaviestinta.fi\\\/mevi2020\\\/2020\\\/12\\\/onko-pingviini-lintu-kuvaristikossa\\\/#primaryimage\"},\"thumbnailUrl\":\"https:\\\/\\\/mediaviestinta.fi\\\/mevi2020\\\/wp-content\\\/uploads\\\/2020\\\/12\\\/ristikkokuva.jpg\",\"keywords\":[\"kuvaristikko\",\"multimodaalisuus\",\"piirros\",\"sanaristikko\",\"visuaalinen viestint\u00e4\"],\"inLanguage\":\"fi\",\"potentialAction\":[{\"@type\":\"CommentAction\",\"name\":\"Comment\",\"target\":[\"https:\\\/\\\/mediaviestinta.fi\\\/mevi2020\\\/2020\\\/12\\\/onko-pingviini-lintu-kuvaristikossa\\\/#respond\"]}]},{\"@type\":\"WebPage\",\"@id\":\"https:\\\/\\\/mediaviestinta.fi\\\/mevi2020\\\/2020\\\/12\\\/onko-pingviini-lintu-kuvaristikossa\\\/\",\"url\":\"https:\\\/\\\/mediaviestinta.fi\\\/mevi2020\\\/2020\\\/12\\\/onko-pingviini-lintu-kuvaristikossa\\\/\",\"name\":\"Onko pingviini lintu kuvaristikossa? &#8211; Mevi\",\"isPartOf\":{\"@id\":\"https:\\\/\\\/mediaviestinta.fi\\\/#website\"},\"primaryImageOfPage\":{\"@id\":\"https:\\\/\\\/mediaviestinta.fi\\\/mevi2020\\\/2020\\\/12\\\/onko-pingviini-lintu-kuvaristikossa\\\/#primaryimage\"},\"image\":{\"@id\":\"https:\\\/\\\/mediaviestinta.fi\\\/mevi2020\\\/2020\\\/12\\\/onko-pingviini-lintu-kuvaristikossa\\\/#primaryimage\"},\"thumbnailUrl\":\"https:\\\/\\\/mediaviestinta.fi\\\/mevi2020\\\/wp-content\\\/uploads\\\/2020\\\/12\\\/ristikkokuva.jpg\",\"datePublished\":\"2020-12-22T04:29:08+00:00\",\"dateModified\":\"2020-12-22T06:06:05+00:00\",\"breadcrumb\":{\"@id\":\"https:\\\/\\\/mediaviestinta.fi\\\/mevi2020\\\/2020\\\/12\\\/onko-pingviini-lintu-kuvaristikossa\\\/#breadcrumb\"},\"inLanguage\":\"fi\",\"potentialAction\":[{\"@type\":\"ReadAction\",\"target\":[\"https:\\\/\\\/mediaviestinta.fi\\\/mevi2020\\\/2020\\\/12\\\/onko-pingviini-lintu-kuvaristikossa\\\/\"]}]},{\"@type\":\"ImageObject\",\"inLanguage\":\"fi\",\"@id\":\"https:\\\/\\\/mediaviestinta.fi\\\/mevi2020\\\/2020\\\/12\\\/onko-pingviini-lintu-kuvaristikossa\\\/#primaryimage\",\"url\":\"https:\\\/\\\/mediaviestinta.fi\\\/mevi2020\\\/wp-content\\\/uploads\\\/2020\\\/12\\\/ristikkokuva.jpg\",\"contentUrl\":\"https:\\\/\\\/mediaviestinta.fi\\\/mevi2020\\\/wp-content\\\/uploads\\\/2020\\\/12\\\/ristikkokuva.jpg\",\"width\":1625,\"height\":552,\"caption\":\"\\\"Ristikot eiv\u00e4t ole vain harmitonta ajanvietett\u00e4, vaan kuvat voivat sis\u00e4lt\u00e4\u00e4 tietoisia ideologisia valintoja ja stereotyyppisi\u00e4 latauksia\\\", muistuttaa graafisen suunnittelun professori Silja Nikula. Kuva on HS Paikalliset -ristikosta, ja se on julkaistu 4.11.2020 (http:\\\/\\\/sanaristikot.net\\\/ristikot\\\/).\"},{\"@type\":\"BreadcrumbList\",\"@id\":\"https:\\\/\\\/mediaviestinta.fi\\\/mevi2020\\\/2020\\\/12\\\/onko-pingviini-lintu-kuvaristikossa\\\/#breadcrumb\",\"itemListElement\":[{\"@type\":\"ListItem\",\"position\":1,\"name\":\"Home\",\"item\":\"https:\\\/\\\/mediaviestinta.fi\\\/\"},{\"@type\":\"ListItem\",\"position\":2,\"name\":\"Onko pingviini lintu kuvaristikossa?\"}]},{\"@type\":\"WebSite\",\"@id\":\"https:\\\/\\\/mediaviestinta.fi\\\/#website\",\"url\":\"https:\\\/\\\/mediaviestinta.fi\\\/\",\"name\":\"Mevi\",\"description\":\"Media- ja viestint\u00e4tieteellinen seura Mevi\",\"publisher\":{\"@id\":\"https:\\\/\\\/mediaviestinta.fi\\\/#organization\"},\"potentialAction\":[{\"@type\":\"SearchAction\",\"target\":{\"@type\":\"EntryPoint\",\"urlTemplate\":\"https:\\\/\\\/mediaviestinta.fi\\\/?s={search_term_string}\"},\"query-input\":{\"@type\":\"PropertyValueSpecification\",\"valueRequired\":true,\"valueName\":\"search_term_string\"}}],\"inLanguage\":\"fi\"},{\"@type\":\"Organization\",\"@id\":\"https:\\\/\\\/mediaviestinta.fi\\\/#organization\",\"name\":\"Media- ja viestint\u00e4tieteellinen seura Mevi\",\"url\":\"https:\\\/\\\/mediaviestinta.fi\\\/\",\"logo\":{\"@type\":\"ImageObject\",\"inLanguage\":\"fi\",\"@id\":\"https:\\\/\\\/mediaviestinta.fi\\\/#\\\/schema\\\/logo\\\/image\\\/\",\"url\":\"https:\\\/\\\/mediaviestinta.fi\\\/mevi2020\\\/wp-content\\\/uploads\\\/2020\\\/03\\\/mevi-logo-RGB-Transparent.png\",\"contentUrl\":\"https:\\\/\\\/mediaviestinta.fi\\\/mevi2020\\\/wp-content\\\/uploads\\\/2020\\\/03\\\/mevi-logo-RGB-Transparent.png\",\"width\":910,\"height\":464,\"caption\":\"Media- ja viestint\u00e4tieteellinen seura Mevi\"},\"image\":{\"@id\":\"https:\\\/\\\/mediaviestinta.fi\\\/#\\\/schema\\\/logo\\\/image\\\/\"},\"sameAs\":[\"https:\\\/\\\/www.facebook.com\\\/MediaViestinta\\\/\",\"https:\\\/\\\/x.com\\\/mediaviestinta\"]},{\"@type\":\"Person\",\"@id\":\"https:\\\/\\\/mediaviestinta.fi\\\/#\\\/schema\\\/person\\\/b2da34ab24cfcd17dbdd6c7cfb173257\",\"name\":\"Mevi\",\"image\":{\"@type\":\"ImageObject\",\"inLanguage\":\"fi\",\"@id\":\"https:\\\/\\\/secure.gravatar.com\\\/avatar\\\/3305b76d1667dc119a18808ed03d6a1fc2dfa8b6a1cddecb8c4d27ef14ec32ca?s=96&d=mm&r=g\",\"url\":\"https:\\\/\\\/secure.gravatar.com\\\/avatar\\\/3305b76d1667dc119a18808ed03d6a1fc2dfa8b6a1cddecb8c4d27ef14ec32ca?s=96&d=mm&r=g\",\"contentUrl\":\"https:\\\/\\\/secure.gravatar.com\\\/avatar\\\/3305b76d1667dc119a18808ed03d6a1fc2dfa8b6a1cddecb8c4d27ef14ec32ca?s=96&d=mm&r=g\",\"caption\":\"Mevi\"},\"url\":\"https:\\\/\\\/mediaviestinta.fi\\\/mevi2020\\\/author\\\/mediavie\\\/\"}]}<\/script>\n<!-- \/ Yoast SEO plugin. -->","yoast_head_json":{"title":"Onko pingviini lintu kuvaristikossa? &#8211; Mevi","robots":{"index":"index","follow":"follow","max-snippet":"max-snippet:-1","max-image-preview":"max-image-preview:large","max-video-preview":"max-video-preview:-1"},"canonical":"https:\/\/mediaviestinta.fi\/mevi2020\/2020\/12\/onko-pingviini-lintu-kuvaristikossa\/","og_locale":"fi_FI","og_type":"article","og_title":"Onko pingviini lintu kuvaristikossa? &#8211; Mevi","og_description":"&#8221;Piirroksissa paljastuu mielen sis\u00e4inen kategoria-ajattelu ja tietynlaiset tyyppiyksil\u00f6t luokkiensa edustajina&#8221;, kertoo Silja Nikula, joka tarkastelee artikkelissaan Viivoihin vangitut kuvaristikoiden piirroksia. &#8221;Mit\u00e4 jos linnun vihjekuvana olisikin pikkulinnun sijaan pingviini?&#8221;&hellip;","og_url":"https:\/\/mediaviestinta.fi\/mevi2020\/2020\/12\/onko-pingviini-lintu-kuvaristikossa\/","og_site_name":"Mevi","article_publisher":"https:\/\/www.facebook.com\/MediaViestinta\/","article_published_time":"2020-12-22T04:29:08+00:00","article_modified_time":"2020-12-22T06:06:05+00:00","og_image":[{"width":1625,"height":552,"url":"https:\/\/mediaviestinta.fi\/mevi2020\/wp-content\/uploads\/2020\/12\/ristikkokuva.jpg","type":"image\/jpeg"}],"author":"Mevi","twitter_card":"summary_large_image","twitter_creator":"@mediaviestinta","twitter_site":"@mediaviestinta","twitter_misc":{"Kirjoittanut":"Mevi","Arvioitu lukuaika":"2 minuuttia"},"schema":{"@context":"https:\/\/schema.org","@graph":[{"@type":"Article","@id":"https:\/\/mediaviestinta.fi\/mevi2020\/2020\/12\/onko-pingviini-lintu-kuvaristikossa\/#article","isPartOf":{"@id":"https:\/\/mediaviestinta.fi\/mevi2020\/2020\/12\/onko-pingviini-lintu-kuvaristikossa\/"},"author":{"name":"Mevi","@id":"https:\/\/mediaviestinta.fi\/#\/schema\/person\/b2da34ab24cfcd17dbdd6c7cfb173257"},"headline":"Onko pingviini lintu kuvaristikossa?","datePublished":"2020-12-22T04:29:08+00:00","dateModified":"2020-12-22T06:06:05+00:00","mainEntityOfPage":{"@id":"https:\/\/mediaviestinta.fi\/mevi2020\/2020\/12\/onko-pingviini-lintu-kuvaristikossa\/"},"wordCount":425,"commentCount":0,"publisher":{"@id":"https:\/\/mediaviestinta.fi\/#organization"},"image":{"@id":"https:\/\/mediaviestinta.fi\/mevi2020\/2020\/12\/onko-pingviini-lintu-kuvaristikossa\/#primaryimage"},"thumbnailUrl":"https:\/\/mediaviestinta.fi\/mevi2020\/wp-content\/uploads\/2020\/12\/ristikkokuva.jpg","keywords":["kuvaristikko","multimodaalisuus","piirros","sanaristikko","visuaalinen viestint\u00e4"],"inLanguage":"fi","potentialAction":[{"@type":"CommentAction","name":"Comment","target":["https:\/\/mediaviestinta.fi\/mevi2020\/2020\/12\/onko-pingviini-lintu-kuvaristikossa\/#respond"]}]},{"@type":"WebPage","@id":"https:\/\/mediaviestinta.fi\/mevi2020\/2020\/12\/onko-pingviini-lintu-kuvaristikossa\/","url":"https:\/\/mediaviestinta.fi\/mevi2020\/2020\/12\/onko-pingviini-lintu-kuvaristikossa\/","name":"Onko pingviini lintu kuvaristikossa? &#8211; Mevi","isPartOf":{"@id":"https:\/\/mediaviestinta.fi\/#website"},"primaryImageOfPage":{"@id":"https:\/\/mediaviestinta.fi\/mevi2020\/2020\/12\/onko-pingviini-lintu-kuvaristikossa\/#primaryimage"},"image":{"@id":"https:\/\/mediaviestinta.fi\/mevi2020\/2020\/12\/onko-pingviini-lintu-kuvaristikossa\/#primaryimage"},"thumbnailUrl":"https:\/\/mediaviestinta.fi\/mevi2020\/wp-content\/uploads\/2020\/12\/ristikkokuva.jpg","datePublished":"2020-12-22T04:29:08+00:00","dateModified":"2020-12-22T06:06:05+00:00","breadcrumb":{"@id":"https:\/\/mediaviestinta.fi\/mevi2020\/2020\/12\/onko-pingviini-lintu-kuvaristikossa\/#breadcrumb"},"inLanguage":"fi","potentialAction":[{"@type":"ReadAction","target":["https:\/\/mediaviestinta.fi\/mevi2020\/2020\/12\/onko-pingviini-lintu-kuvaristikossa\/"]}]},{"@type":"ImageObject","inLanguage":"fi","@id":"https:\/\/mediaviestinta.fi\/mevi2020\/2020\/12\/onko-pingviini-lintu-kuvaristikossa\/#primaryimage","url":"https:\/\/mediaviestinta.fi\/mevi2020\/wp-content\/uploads\/2020\/12\/ristikkokuva.jpg","contentUrl":"https:\/\/mediaviestinta.fi\/mevi2020\/wp-content\/uploads\/2020\/12\/ristikkokuva.jpg","width":1625,"height":552,"caption":"\"Ristikot eiv\u00e4t ole vain harmitonta ajanvietett\u00e4, vaan kuvat voivat sis\u00e4lt\u00e4\u00e4 tietoisia ideologisia valintoja ja stereotyyppisi\u00e4 latauksia\", muistuttaa graafisen suunnittelun professori Silja Nikula. Kuva on HS Paikalliset -ristikosta, ja se on julkaistu 4.11.2020 (http:\/\/sanaristikot.net\/ristikot\/)."},{"@type":"BreadcrumbList","@id":"https:\/\/mediaviestinta.fi\/mevi2020\/2020\/12\/onko-pingviini-lintu-kuvaristikossa\/#breadcrumb","itemListElement":[{"@type":"ListItem","position":1,"name":"Home","item":"https:\/\/mediaviestinta.fi\/"},{"@type":"ListItem","position":2,"name":"Onko pingviini lintu kuvaristikossa?"}]},{"@type":"WebSite","@id":"https:\/\/mediaviestinta.fi\/#website","url":"https:\/\/mediaviestinta.fi\/","name":"Mevi","description":"Media- ja viestint\u00e4tieteellinen seura Mevi","publisher":{"@id":"https:\/\/mediaviestinta.fi\/#organization"},"potentialAction":[{"@type":"SearchAction","target":{"@type":"EntryPoint","urlTemplate":"https:\/\/mediaviestinta.fi\/?s={search_term_string}"},"query-input":{"@type":"PropertyValueSpecification","valueRequired":true,"valueName":"search_term_string"}}],"inLanguage":"fi"},{"@type":"Organization","@id":"https:\/\/mediaviestinta.fi\/#organization","name":"Media- ja viestint\u00e4tieteellinen seura Mevi","url":"https:\/\/mediaviestinta.fi\/","logo":{"@type":"ImageObject","inLanguage":"fi","@id":"https:\/\/mediaviestinta.fi\/#\/schema\/logo\/image\/","url":"https:\/\/mediaviestinta.fi\/mevi2020\/wp-content\/uploads\/2020\/03\/mevi-logo-RGB-Transparent.png","contentUrl":"https:\/\/mediaviestinta.fi\/mevi2020\/wp-content\/uploads\/2020\/03\/mevi-logo-RGB-Transparent.png","width":910,"height":464,"caption":"Media- ja viestint\u00e4tieteellinen seura Mevi"},"image":{"@id":"https:\/\/mediaviestinta.fi\/#\/schema\/logo\/image\/"},"sameAs":["https:\/\/www.facebook.com\/MediaViestinta\/","https:\/\/x.com\/mediaviestinta"]},{"@type":"Person","@id":"https:\/\/mediaviestinta.fi\/#\/schema\/person\/b2da34ab24cfcd17dbdd6c7cfb173257","name":"Mevi","image":{"@type":"ImageObject","inLanguage":"fi","@id":"https:\/\/secure.gravatar.com\/avatar\/3305b76d1667dc119a18808ed03d6a1fc2dfa8b6a1cddecb8c4d27ef14ec32ca?s=96&d=mm&r=g","url":"https:\/\/secure.gravatar.com\/avatar\/3305b76d1667dc119a18808ed03d6a1fc2dfa8b6a1cddecb8c4d27ef14ec32ca?s=96&d=mm&r=g","contentUrl":"https:\/\/secure.gravatar.com\/avatar\/3305b76d1667dc119a18808ed03d6a1fc2dfa8b6a1cddecb8c4d27ef14ec32ca?s=96&d=mm&r=g","caption":"Mevi"},"url":"https:\/\/mediaviestinta.fi\/mevi2020\/author\/mediavie\/"}]}},"_links":{"self":[{"href":"https:\/\/mediaviestinta.fi\/mevi2020\/wp-json\/wp\/v2\/posts\/4383","targetHints":{"allow":["GET"]}}],"collection":[{"href":"https:\/\/mediaviestinta.fi\/mevi2020\/wp-json\/wp\/v2\/posts"}],"about":[{"href":"https:\/\/mediaviestinta.fi\/mevi2020\/wp-json\/wp\/v2\/types\/post"}],"author":[{"embeddable":true,"href":"https:\/\/mediaviestinta.fi\/mevi2020\/wp-json\/wp\/v2\/users\/3"}],"replies":[{"embeddable":true,"href":"https:\/\/mediaviestinta.fi\/mevi2020\/wp-json\/wp\/v2\/comments?post=4383"}],"version-history":[{"count":3,"href":"https:\/\/mediaviestinta.fi\/mevi2020\/wp-json\/wp\/v2\/posts\/4383\/revisions"}],"predecessor-version":[{"id":4398,"href":"https:\/\/mediaviestinta.fi\/mevi2020\/wp-json\/wp\/v2\/posts\/4383\/revisions\/4398"}],"wp:featuredmedia":[{"embeddable":true,"href":"https:\/\/mediaviestinta.fi\/mevi2020\/wp-json\/wp\/v2\/media\/4384"}],"wp:attachment":[{"href":"https:\/\/mediaviestinta.fi\/mevi2020\/wp-json\/wp\/v2\/media?parent=4383"}],"wp:term":[{"taxonomy":"category","embeddable":true,"href":"https:\/\/mediaviestinta.fi\/mevi2020\/wp-json\/wp\/v2\/categories?post=4383"},{"taxonomy":"post_tag","embeddable":true,"href":"https:\/\/mediaviestinta.fi\/mevi2020\/wp-json\/wp\/v2\/tags?post=4383"}],"curies":[{"name":"wp","href":"https:\/\/api.w.org\/{rel}","templated":true}]}}