{"id":4387,"date":"2020-12-22T07:01:34","date_gmt":"2020-12-22T05:01:34","guid":{"rendered":"https:\/\/mediaviestinta.fi\/?p=4387"},"modified":"2020-12-22T08:05:34","modified_gmt":"2020-12-22T06:05:34","slug":"mita-rasismi-on-ja-missa-yhteyksissa-sanaa-voi-kayttaa","status":"publish","type":"post","link":"https:\/\/mediaviestinta.fi\/mevi2020\/2020\/12\/mita-rasismi-on-ja-missa-yhteyksissa-sanaa-voi-kayttaa\/","title":{"rendered":"Mit\u00e4 rasismi on ja miss\u00e4 yhteyksiss\u00e4 sanaa voi k\u00e4ytt\u00e4\u00e4?"},"content":{"rendered":"\n<p><strong>&#8221;Tutkijat ja toimittajat tiet\u00e4v\u00e4t, ett\u00e4 rasismi n\u00e4kyy ja vaikuttaa yhteiskunnassamme, mutta silti he eiv\u00e4t l\u00f6yd\u00e4 sit\u00e4 mist\u00e4\u00e4n, mit\u00e4 teemme. Koska emmeh\u00e4n me ole rasisteja<\/strong>&#8221;<strong>, toteaa Sanna Ryyn\u00e4nen artikkelissaan <a rel=\"noreferrer noopener\" href=\"https:\/\/journal.fi\/mediaviestinta\/article\/view\/100619\" target=\"_blank\">Puhummeko nyt rasismista?<\/a> &#8221;Meid\u00e4n on voitava tunnistaa rasismi siell\u00e4kin, miss\u00e4 se tulee inhottavan l\u00e4helle itse\u00e4.&#8221; Artikkeli on julkaistu <em>Media &amp; viestint\u00e4<\/em> -lehdess\u00e4\u00a0<a rel=\"noreferrer noopener\" href=\"https:\/\/journal.fi\/mediaviestinta\/issue\/view\/7005\" target=\"_blank\">4<\/a><a rel=\"noreferrer noopener\" href=\"https:\/\/journal.fi\/mediaviestinta\/issue\/view\/7005\" target=\"_blank\">\/2020<\/a>.<\/strong><\/p>\n\n\n\n<p><strong>Mihin laajempaan ilmi\u00f6\u00f6n ja keskusteluun artikkelisi liittyy?<br><\/strong>Artikkelini liittyy keskusteluun rasismista: Mit\u00e4 rasismi on? Mit\u00e4 se ei ole? Miten sen tunnistaa?<\/p>\n\n\n\n<p><strong>Mik\u00e4 on antisi t\u00e4h\u00e4n keskusteluun?<br><\/strong>Pyrin selkiytt\u00e4m\u00e4\u00e4n rasismin ilmi\u00f6kentt\u00e4\u00e4 k\u00e4ym\u00e4ll\u00e4 l\u00e4pi viisi keskeist\u00e4 termi\u00e4: <em>rasismi<\/em>, <em>rodullistaminen<\/em>, <em>ksenofobia<\/em>, <em>toiseuttaminen<\/em> ja <em>syrjint\u00e4<\/em>. Kerron, mit\u00e4 k\u00e4sitteill\u00e4 tarkoitetaan, miten ne eroavat toisistaan, mit\u00e4 asioita ne korostavat \u2013 ja mit\u00e4 ne saattavat h\u00e4m\u00e4rt\u00e4\u00e4.<\/p>\n\n\n\n<p><strong>Mik\u00e4 on artikkelisi keskeinen argumentti?<\/strong><br>Usein rasismi pyrit\u00e4\u00e4n kiert\u00e4m\u00e4\u00e4n jollain muulla termill\u00e4 kuin rasismi, sill\u00e4 meid\u00e4n on vaikea hyv\u00e4ksy\u00e4 sit\u00e4, ett\u00e4 yhteiskunnassamme on rasismia. Vaikka kaikki merkit osoittavat rasismin todelliseksi ja mittavaksi ongelmaksi, me emme n\u00e4e sit\u00e4 omassa toiminnassamme, emme omissa asenteissamme emmek\u00e4 esimerkiksi niiss\u00e4 mediasis\u00e4ll\u00f6iss\u00e4, joita tuotamme.<\/p>\n\n\n\n<p><strong>Mit\u00e4 haluat artikkelillasi sanoa?<\/strong><br>Haluan sanoa, ett\u00e4 rasismi on hyvin yleist\u00e4, sit\u00e4 on meiss\u00e4 kaikissa, ja hyvin usein olemme itse sille sokeita, sill\u00e4 meid\u00e4n ei ole tarvinnut juurikaan kohdata omia rasistisia asenteitamme tai haastaa niit\u00e4. Jos haluamme poistaa rasismin yhteiskunnastamme ja esimerkiksi mediateksteist\u00e4, meid\u00e4n on ensin tunnistettava ja tunnustettava rasismi itsess\u00e4mme. Niin kauan kuin haluamme mieluummin v\u00e4itt\u00e4\u00e4, ett\u00e4 rasismia on vain joidenkin \u00e4\u00e4riryhmien ajattelussa ja toiminnassa, valtaosa rasismista j\u00e4\u00e4 n\u00e4kem\u00e4tt\u00e4 ja korjaamatta.<\/p>\n\n\n\n<p><strong>Kenen kannattaa lukea artikkelisi?<\/strong><br>Tietysti kaikkien. Mutta ennen kaikkea artikkelista on hy\u00f6ty\u00e4 niille toimittajille ja tutkijoille, joiden toimialaan kuuluvat entisiin v\u00e4hemmist\u00f6ihin, rasismiin, maahanmuuttoon tai populistiseen retoriikkaan liittyv\u00e4t ilmi\u00f6t.<\/p>\n\n\n\n<p><strong>Mik\u00e4 sai sinut tarttumaan t\u00e4h\u00e4n aiheeseen?<br><\/strong>T\u00f6rm\u00e4sin 1800\u20131900-lukujen vaihteen suomalaisiin lehtiteksteihin juutalaisista ja kauhistuin niiden rasistisuutta. Samalla huomasin, ett\u00e4 samanlaisia ajatuksia, v\u00e4itteit\u00e4 ja uhkakuvia esitet\u00e4\u00e4n t\u00e4m\u00e4nkin hetken lehtiteksteiss\u00e4 muun muassa muslimeista ja romaneista, vaikka toisen maailmansodan ja juutalaisten kansanmurhan j\u00e4lkeen vannoimme, ett\u00e4 &#8221;emme unohda&#8221; ja &#8221;ei koskaan en\u00e4\u00e4&#8221;. Emme viel\u00e4k\u00e4\u00e4n ole k\u00e4yneet todelliseen tilintekoon oman ajattelumme ja asennoitumisemme suhteen, ja t\u00e4ll\u00e4 hetkell\u00e4 seuraukset n\u00e4kyv\u00e4t muun muassa V\u00e4limerell\u00e4 ja Meksikon rajalle pystytetyiss\u00e4 h\u00e4keiss\u00e4.<\/p>\n","protected":false},"excerpt":{"rendered":"<p>&#8221;Tutkijat ja toimittajat tiet\u00e4v\u00e4t, ett\u00e4 rasismi n\u00e4kyy ja vaikuttaa yhteiskunnassamme, mutta silti he eiv\u00e4t l\u00f6yd\u00e4 sit\u00e4 mist\u00e4\u00e4n, mit\u00e4 teemme. Koska emmeh\u00e4n me ole rasisteja&#8221;, toteaa Sanna Ryyn\u00e4nen artikkelissaan&hellip;<\/p>\n","protected":false},"author":3,"featured_media":4390,"comment_status":"open","ping_status":"closed","sticky":false,"template":"","format":"standard","meta":{"_monsterinsights_skip_tracking":false,"_monsterinsights_sitenote_active":false,"_monsterinsights_sitenote_note":"","_monsterinsights_sitenote_category":0,"footnotes":""},"categories":[1],"tags":[123,121,122,124,120],"class_list":["post-4387","post","type-post","status-publish","format-standard","has-post-thumbnail","hentry","category-yleinen","tag-ksenofobia","tag-rasismi","tag-rodullistaminen","tag-syrjinta","tag-toiseuttaminen"],"yoast_head":"<!-- This site is optimized with the Yoast SEO plugin v27.5 - https:\/\/yoast.com\/product\/yoast-seo-wordpress\/ -->\n<title>Mit\u00e4 rasismi on ja miss\u00e4 yhteyksiss\u00e4 sanaa voi k\u00e4ytt\u00e4\u00e4? &#8211; Mevi<\/title>\n<meta name=\"description\" content=\"Mit\u00e4 rasismi on? Selkeyt\u00e4n rasismin ilmi\u00f6kentt\u00e4\u00e4 k\u00e4ym\u00e4ll\u00e4 l\u00e4pi viisi termi\u00e4: rasismi, rodullistaminen, ksenofobia, toiseuttaminen ja syrjint\u00e4.\" \/>\n<meta name=\"robots\" content=\"index, follow, max-snippet:-1, max-image-preview:large, max-video-preview:-1\" \/>\n<link rel=\"canonical\" href=\"https:\/\/mediaviestinta.fi\/2020\/12\/mita-rasismi-on-ja-missa-yhteyksissa-sanaa-voi-kayttaa\/\" \/>\n<meta property=\"og:locale\" content=\"fi_FI\" \/>\n<meta property=\"og:type\" content=\"article\" \/>\n<meta property=\"og:title\" content=\"Mit\u00e4 rasismi on ja miss\u00e4 yhteyksiss\u00e4 sanaa voi k\u00e4ytt\u00e4\u00e4? &#8211; Mevi\" \/>\n<meta property=\"og:description\" content=\"Mit\u00e4 rasismi on? Selkeyt\u00e4n rasismin ilmi\u00f6kentt\u00e4\u00e4 k\u00e4ym\u00e4ll\u00e4 l\u00e4pi viisi termi\u00e4: rasismi, rodullistaminen, ksenofobia, toiseuttaminen ja syrjint\u00e4.\" \/>\n<meta property=\"og:url\" content=\"https:\/\/mediaviestinta.fi\/2020\/12\/mita-rasismi-on-ja-missa-yhteyksissa-sanaa-voi-kayttaa\/\" \/>\n<meta property=\"og:site_name\" content=\"Mevi\" \/>\n<meta property=\"article:publisher\" content=\"https:\/\/www.facebook.com\/MediaViestinta\/\" \/>\n<meta property=\"article:published_time\" content=\"2020-12-22T05:01:34+00:00\" \/>\n<meta property=\"article:modified_time\" content=\"2020-12-22T06:05:34+00:00\" \/>\n<meta property=\"og:image\" content=\"https:\/\/mediaviestinta.fi\/mevi2020\/wp-content\/uploads\/2020\/12\/christopher-paul-high-Ky-yCucr8cY-unsplash-e1608613468513.jpg\" \/>\n\t<meta property=\"og:image:width\" content=\"1700\" \/>\n\t<meta property=\"og:image:height\" content=\"1133\" \/>\n\t<meta property=\"og:image:type\" content=\"image\/jpeg\" \/>\n<meta name=\"author\" content=\"Mevi\" \/>\n<meta name=\"twitter:card\" content=\"summary_large_image\" \/>\n<meta name=\"twitter:creator\" content=\"@mediaviestinta\" \/>\n<meta name=\"twitter:site\" content=\"@mediaviestinta\" \/>\n<meta name=\"twitter:label1\" content=\"Kirjoittanut\" \/>\n\t<meta name=\"twitter:data1\" content=\"Mevi\" \/>\n\t<meta name=\"twitter:label2\" content=\"Arvioitu lukuaika\" \/>\n\t<meta name=\"twitter:data2\" content=\"2 minuuttia\" \/>\n<script type=\"application\/ld+json\" class=\"yoast-schema-graph\">{\"@context\":\"https:\\\/\\\/schema.org\",\"@graph\":[{\"@type\":\"Article\",\"@id\":\"https:\\\/\\\/mediaviestinta.fi\\\/2020\\\/12\\\/mita-rasismi-on-ja-missa-yhteyksissa-sanaa-voi-kayttaa\\\/#article\",\"isPartOf\":{\"@id\":\"https:\\\/\\\/mediaviestinta.fi\\\/2020\\\/12\\\/mita-rasismi-on-ja-missa-yhteyksissa-sanaa-voi-kayttaa\\\/\"},\"author\":{\"name\":\"Mevi\",\"@id\":\"https:\\\/\\\/mediaviestinta.fi\\\/#\\\/schema\\\/person\\\/b2da34ab24cfcd17dbdd6c7cfb173257\"},\"headline\":\"Mit\u00e4 rasismi on ja miss\u00e4 yhteyksiss\u00e4 sanaa voi k\u00e4ytt\u00e4\u00e4?\",\"datePublished\":\"2020-12-22T05:01:34+00:00\",\"dateModified\":\"2020-12-22T06:05:34+00:00\",\"mainEntityOfPage\":{\"@id\":\"https:\\\/\\\/mediaviestinta.fi\\\/2020\\\/12\\\/mita-rasismi-on-ja-missa-yhteyksissa-sanaa-voi-kayttaa\\\/\"},\"wordCount\":397,\"commentCount\":0,\"publisher\":{\"@id\":\"https:\\\/\\\/mediaviestinta.fi\\\/#organization\"},\"image\":{\"@id\":\"https:\\\/\\\/mediaviestinta.fi\\\/2020\\\/12\\\/mita-rasismi-on-ja-missa-yhteyksissa-sanaa-voi-kayttaa\\\/#primaryimage\"},\"thumbnailUrl\":\"https:\\\/\\\/mediaviestinta.fi\\\/mevi2020\\\/wp-content\\\/uploads\\\/2020\\\/12\\\/christopher-paul-high-Ky-yCucr8cY-unsplash-e1608613468513.jpg\",\"keywords\":[\"ksenofobia\",\"rasismi\",\"rodullistaminen\",\"syrjint\u00e4\",\"toiseuttaminen\"],\"inLanguage\":\"fi\",\"potentialAction\":[{\"@type\":\"CommentAction\",\"name\":\"Comment\",\"target\":[\"https:\\\/\\\/mediaviestinta.fi\\\/2020\\\/12\\\/mita-rasismi-on-ja-missa-yhteyksissa-sanaa-voi-kayttaa\\\/#respond\"]}]},{\"@type\":\"WebPage\",\"@id\":\"https:\\\/\\\/mediaviestinta.fi\\\/2020\\\/12\\\/mita-rasismi-on-ja-missa-yhteyksissa-sanaa-voi-kayttaa\\\/\",\"url\":\"https:\\\/\\\/mediaviestinta.fi\\\/2020\\\/12\\\/mita-rasismi-on-ja-missa-yhteyksissa-sanaa-voi-kayttaa\\\/\",\"name\":\"Mit\u00e4 rasismi on ja miss\u00e4 yhteyksiss\u00e4 sanaa voi k\u00e4ytt\u00e4\u00e4? &#8211; Mevi\",\"isPartOf\":{\"@id\":\"https:\\\/\\\/mediaviestinta.fi\\\/#website\"},\"primaryImageOfPage\":{\"@id\":\"https:\\\/\\\/mediaviestinta.fi\\\/2020\\\/12\\\/mita-rasismi-on-ja-missa-yhteyksissa-sanaa-voi-kayttaa\\\/#primaryimage\"},\"image\":{\"@id\":\"https:\\\/\\\/mediaviestinta.fi\\\/2020\\\/12\\\/mita-rasismi-on-ja-missa-yhteyksissa-sanaa-voi-kayttaa\\\/#primaryimage\"},\"thumbnailUrl\":\"https:\\\/\\\/mediaviestinta.fi\\\/mevi2020\\\/wp-content\\\/uploads\\\/2020\\\/12\\\/christopher-paul-high-Ky-yCucr8cY-unsplash-e1608613468513.jpg\",\"datePublished\":\"2020-12-22T05:01:34+00:00\",\"dateModified\":\"2020-12-22T06:05:34+00:00\",\"description\":\"Mit\u00e4 rasismi on? Selkeyt\u00e4n rasismin ilmi\u00f6kentt\u00e4\u00e4 k\u00e4ym\u00e4ll\u00e4 l\u00e4pi viisi termi\u00e4: rasismi, rodullistaminen, ksenofobia, toiseuttaminen ja syrjint\u00e4.\",\"breadcrumb\":{\"@id\":\"https:\\\/\\\/mediaviestinta.fi\\\/2020\\\/12\\\/mita-rasismi-on-ja-missa-yhteyksissa-sanaa-voi-kayttaa\\\/#breadcrumb\"},\"inLanguage\":\"fi\",\"potentialAction\":[{\"@type\":\"ReadAction\",\"target\":[\"https:\\\/\\\/mediaviestinta.fi\\\/2020\\\/12\\\/mita-rasismi-on-ja-missa-yhteyksissa-sanaa-voi-kayttaa\\\/\"]}]},{\"@type\":\"ImageObject\",\"inLanguage\":\"fi\",\"@id\":\"https:\\\/\\\/mediaviestinta.fi\\\/2020\\\/12\\\/mita-rasismi-on-ja-missa-yhteyksissa-sanaa-voi-kayttaa\\\/#primaryimage\",\"url\":\"https:\\\/\\\/mediaviestinta.fi\\\/mevi2020\\\/wp-content\\\/uploads\\\/2020\\\/12\\\/christopher-paul-high-Ky-yCucr8cY-unsplash-e1608613468513.jpg\",\"contentUrl\":\"https:\\\/\\\/mediaviestinta.fi\\\/mevi2020\\\/wp-content\\\/uploads\\\/2020\\\/12\\\/christopher-paul-high-Ky-yCucr8cY-unsplash-e1608613468513.jpg\",\"width\":1700,\"height\":1133,\"caption\":\"\\\"Niin kauan kuin haluamme v\u00e4itt\u00e4\u00e4, ett\u00e4 rasismia on vain \u00e4\u00e4riryhmien ajattelussa ja toiminnassa, valtaosa rasismista j\u00e4\u00e4 n\u00e4kem\u00e4tt\u00e4 ja korjaamatta\\\", muistuttaa v\u00e4it\u00f6skirjatutkija Sanna Ryyn\u00e4nen. Kuva: Christopher Paul High \\\/ Unsplash\"},{\"@type\":\"BreadcrumbList\",\"@id\":\"https:\\\/\\\/mediaviestinta.fi\\\/2020\\\/12\\\/mita-rasismi-on-ja-missa-yhteyksissa-sanaa-voi-kayttaa\\\/#breadcrumb\",\"itemListElement\":[{\"@type\":\"ListItem\",\"position\":1,\"name\":\"Home\",\"item\":\"https:\\\/\\\/mediaviestinta.fi\\\/\"},{\"@type\":\"ListItem\",\"position\":2,\"name\":\"Mit\u00e4 rasismi on ja miss\u00e4 yhteyksiss\u00e4 sanaa voi k\u00e4ytt\u00e4\u00e4?\"}]},{\"@type\":\"WebSite\",\"@id\":\"https:\\\/\\\/mediaviestinta.fi\\\/#website\",\"url\":\"https:\\\/\\\/mediaviestinta.fi\\\/\",\"name\":\"Mevi\",\"description\":\"Media- ja viestint\u00e4tieteellinen seura Mevi\",\"publisher\":{\"@id\":\"https:\\\/\\\/mediaviestinta.fi\\\/#organization\"},\"potentialAction\":[{\"@type\":\"SearchAction\",\"target\":{\"@type\":\"EntryPoint\",\"urlTemplate\":\"https:\\\/\\\/mediaviestinta.fi\\\/?s={search_term_string}\"},\"query-input\":{\"@type\":\"PropertyValueSpecification\",\"valueRequired\":true,\"valueName\":\"search_term_string\"}}],\"inLanguage\":\"fi\"},{\"@type\":\"Organization\",\"@id\":\"https:\\\/\\\/mediaviestinta.fi\\\/#organization\",\"name\":\"Media- ja viestint\u00e4tieteellinen seura Mevi\",\"url\":\"https:\\\/\\\/mediaviestinta.fi\\\/\",\"logo\":{\"@type\":\"ImageObject\",\"inLanguage\":\"fi\",\"@id\":\"https:\\\/\\\/mediaviestinta.fi\\\/#\\\/schema\\\/logo\\\/image\\\/\",\"url\":\"https:\\\/\\\/mediaviestinta.fi\\\/mevi2020\\\/wp-content\\\/uploads\\\/2020\\\/03\\\/mevi-logo-RGB-Transparent.png\",\"contentUrl\":\"https:\\\/\\\/mediaviestinta.fi\\\/mevi2020\\\/wp-content\\\/uploads\\\/2020\\\/03\\\/mevi-logo-RGB-Transparent.png\",\"width\":910,\"height\":464,\"caption\":\"Media- ja viestint\u00e4tieteellinen seura Mevi\"},\"image\":{\"@id\":\"https:\\\/\\\/mediaviestinta.fi\\\/#\\\/schema\\\/logo\\\/image\\\/\"},\"sameAs\":[\"https:\\\/\\\/www.facebook.com\\\/MediaViestinta\\\/\",\"https:\\\/\\\/x.com\\\/mediaviestinta\"]},{\"@type\":\"Person\",\"@id\":\"https:\\\/\\\/mediaviestinta.fi\\\/#\\\/schema\\\/person\\\/b2da34ab24cfcd17dbdd6c7cfb173257\",\"name\":\"Mevi\",\"image\":{\"@type\":\"ImageObject\",\"inLanguage\":\"fi\",\"@id\":\"https:\\\/\\\/secure.gravatar.com\\\/avatar\\\/3305b76d1667dc119a18808ed03d6a1fc2dfa8b6a1cddecb8c4d27ef14ec32ca?s=96&d=mm&r=g\",\"url\":\"https:\\\/\\\/secure.gravatar.com\\\/avatar\\\/3305b76d1667dc119a18808ed03d6a1fc2dfa8b6a1cddecb8c4d27ef14ec32ca?s=96&d=mm&r=g\",\"contentUrl\":\"https:\\\/\\\/secure.gravatar.com\\\/avatar\\\/3305b76d1667dc119a18808ed03d6a1fc2dfa8b6a1cddecb8c4d27ef14ec32ca?s=96&d=mm&r=g\",\"caption\":\"Mevi\"},\"url\":\"https:\\\/\\\/mediaviestinta.fi\\\/mevi2020\\\/author\\\/mediavie\\\/\"}]}<\/script>\n<!-- \/ Yoast SEO plugin. -->","yoast_head_json":{"title":"Mit\u00e4 rasismi on ja miss\u00e4 yhteyksiss\u00e4 sanaa voi k\u00e4ytt\u00e4\u00e4? &#8211; Mevi","description":"Mit\u00e4 rasismi on? Selkeyt\u00e4n rasismin ilmi\u00f6kentt\u00e4\u00e4 k\u00e4ym\u00e4ll\u00e4 l\u00e4pi viisi termi\u00e4: rasismi, rodullistaminen, ksenofobia, toiseuttaminen ja syrjint\u00e4.","robots":{"index":"index","follow":"follow","max-snippet":"max-snippet:-1","max-image-preview":"max-image-preview:large","max-video-preview":"max-video-preview:-1"},"canonical":"https:\/\/mediaviestinta.fi\/2020\/12\/mita-rasismi-on-ja-missa-yhteyksissa-sanaa-voi-kayttaa\/","og_locale":"fi_FI","og_type":"article","og_title":"Mit\u00e4 rasismi on ja miss\u00e4 yhteyksiss\u00e4 sanaa voi k\u00e4ytt\u00e4\u00e4? &#8211; Mevi","og_description":"Mit\u00e4 rasismi on? Selkeyt\u00e4n rasismin ilmi\u00f6kentt\u00e4\u00e4 k\u00e4ym\u00e4ll\u00e4 l\u00e4pi viisi termi\u00e4: rasismi, rodullistaminen, ksenofobia, toiseuttaminen ja syrjint\u00e4.","og_url":"https:\/\/mediaviestinta.fi\/2020\/12\/mita-rasismi-on-ja-missa-yhteyksissa-sanaa-voi-kayttaa\/","og_site_name":"Mevi","article_publisher":"https:\/\/www.facebook.com\/MediaViestinta\/","article_published_time":"2020-12-22T05:01:34+00:00","article_modified_time":"2020-12-22T06:05:34+00:00","og_image":[{"width":1700,"height":1133,"url":"https:\/\/mediaviestinta.fi\/mevi2020\/wp-content\/uploads\/2020\/12\/christopher-paul-high-Ky-yCucr8cY-unsplash-e1608613468513.jpg","type":"image\/jpeg"}],"author":"Mevi","twitter_card":"summary_large_image","twitter_creator":"@mediaviestinta","twitter_site":"@mediaviestinta","twitter_misc":{"Kirjoittanut":"Mevi","Arvioitu lukuaika":"2 minuuttia"},"schema":{"@context":"https:\/\/schema.org","@graph":[{"@type":"Article","@id":"https:\/\/mediaviestinta.fi\/2020\/12\/mita-rasismi-on-ja-missa-yhteyksissa-sanaa-voi-kayttaa\/#article","isPartOf":{"@id":"https:\/\/mediaviestinta.fi\/2020\/12\/mita-rasismi-on-ja-missa-yhteyksissa-sanaa-voi-kayttaa\/"},"author":{"name":"Mevi","@id":"https:\/\/mediaviestinta.fi\/#\/schema\/person\/b2da34ab24cfcd17dbdd6c7cfb173257"},"headline":"Mit\u00e4 rasismi on ja miss\u00e4 yhteyksiss\u00e4 sanaa voi k\u00e4ytt\u00e4\u00e4?","datePublished":"2020-12-22T05:01:34+00:00","dateModified":"2020-12-22T06:05:34+00:00","mainEntityOfPage":{"@id":"https:\/\/mediaviestinta.fi\/2020\/12\/mita-rasismi-on-ja-missa-yhteyksissa-sanaa-voi-kayttaa\/"},"wordCount":397,"commentCount":0,"publisher":{"@id":"https:\/\/mediaviestinta.fi\/#organization"},"image":{"@id":"https:\/\/mediaviestinta.fi\/2020\/12\/mita-rasismi-on-ja-missa-yhteyksissa-sanaa-voi-kayttaa\/#primaryimage"},"thumbnailUrl":"https:\/\/mediaviestinta.fi\/mevi2020\/wp-content\/uploads\/2020\/12\/christopher-paul-high-Ky-yCucr8cY-unsplash-e1608613468513.jpg","keywords":["ksenofobia","rasismi","rodullistaminen","syrjint\u00e4","toiseuttaminen"],"inLanguage":"fi","potentialAction":[{"@type":"CommentAction","name":"Comment","target":["https:\/\/mediaviestinta.fi\/2020\/12\/mita-rasismi-on-ja-missa-yhteyksissa-sanaa-voi-kayttaa\/#respond"]}]},{"@type":"WebPage","@id":"https:\/\/mediaviestinta.fi\/2020\/12\/mita-rasismi-on-ja-missa-yhteyksissa-sanaa-voi-kayttaa\/","url":"https:\/\/mediaviestinta.fi\/2020\/12\/mita-rasismi-on-ja-missa-yhteyksissa-sanaa-voi-kayttaa\/","name":"Mit\u00e4 rasismi on ja miss\u00e4 yhteyksiss\u00e4 sanaa voi k\u00e4ytt\u00e4\u00e4? &#8211; Mevi","isPartOf":{"@id":"https:\/\/mediaviestinta.fi\/#website"},"primaryImageOfPage":{"@id":"https:\/\/mediaviestinta.fi\/2020\/12\/mita-rasismi-on-ja-missa-yhteyksissa-sanaa-voi-kayttaa\/#primaryimage"},"image":{"@id":"https:\/\/mediaviestinta.fi\/2020\/12\/mita-rasismi-on-ja-missa-yhteyksissa-sanaa-voi-kayttaa\/#primaryimage"},"thumbnailUrl":"https:\/\/mediaviestinta.fi\/mevi2020\/wp-content\/uploads\/2020\/12\/christopher-paul-high-Ky-yCucr8cY-unsplash-e1608613468513.jpg","datePublished":"2020-12-22T05:01:34+00:00","dateModified":"2020-12-22T06:05:34+00:00","description":"Mit\u00e4 rasismi on? Selkeyt\u00e4n rasismin ilmi\u00f6kentt\u00e4\u00e4 k\u00e4ym\u00e4ll\u00e4 l\u00e4pi viisi termi\u00e4: rasismi, rodullistaminen, ksenofobia, toiseuttaminen ja syrjint\u00e4.","breadcrumb":{"@id":"https:\/\/mediaviestinta.fi\/2020\/12\/mita-rasismi-on-ja-missa-yhteyksissa-sanaa-voi-kayttaa\/#breadcrumb"},"inLanguage":"fi","potentialAction":[{"@type":"ReadAction","target":["https:\/\/mediaviestinta.fi\/2020\/12\/mita-rasismi-on-ja-missa-yhteyksissa-sanaa-voi-kayttaa\/"]}]},{"@type":"ImageObject","inLanguage":"fi","@id":"https:\/\/mediaviestinta.fi\/2020\/12\/mita-rasismi-on-ja-missa-yhteyksissa-sanaa-voi-kayttaa\/#primaryimage","url":"https:\/\/mediaviestinta.fi\/mevi2020\/wp-content\/uploads\/2020\/12\/christopher-paul-high-Ky-yCucr8cY-unsplash-e1608613468513.jpg","contentUrl":"https:\/\/mediaviestinta.fi\/mevi2020\/wp-content\/uploads\/2020\/12\/christopher-paul-high-Ky-yCucr8cY-unsplash-e1608613468513.jpg","width":1700,"height":1133,"caption":"\"Niin kauan kuin haluamme v\u00e4itt\u00e4\u00e4, ett\u00e4 rasismia on vain \u00e4\u00e4riryhmien ajattelussa ja toiminnassa, valtaosa rasismista j\u00e4\u00e4 n\u00e4kem\u00e4tt\u00e4 ja korjaamatta\", muistuttaa v\u00e4it\u00f6skirjatutkija Sanna Ryyn\u00e4nen. Kuva: Christopher Paul High \/ Unsplash"},{"@type":"BreadcrumbList","@id":"https:\/\/mediaviestinta.fi\/2020\/12\/mita-rasismi-on-ja-missa-yhteyksissa-sanaa-voi-kayttaa\/#breadcrumb","itemListElement":[{"@type":"ListItem","position":1,"name":"Home","item":"https:\/\/mediaviestinta.fi\/"},{"@type":"ListItem","position":2,"name":"Mit\u00e4 rasismi on ja miss\u00e4 yhteyksiss\u00e4 sanaa voi k\u00e4ytt\u00e4\u00e4?"}]},{"@type":"WebSite","@id":"https:\/\/mediaviestinta.fi\/#website","url":"https:\/\/mediaviestinta.fi\/","name":"Mevi","description":"Media- ja viestint\u00e4tieteellinen seura Mevi","publisher":{"@id":"https:\/\/mediaviestinta.fi\/#organization"},"potentialAction":[{"@type":"SearchAction","target":{"@type":"EntryPoint","urlTemplate":"https:\/\/mediaviestinta.fi\/?s={search_term_string}"},"query-input":{"@type":"PropertyValueSpecification","valueRequired":true,"valueName":"search_term_string"}}],"inLanguage":"fi"},{"@type":"Organization","@id":"https:\/\/mediaviestinta.fi\/#organization","name":"Media- ja viestint\u00e4tieteellinen seura Mevi","url":"https:\/\/mediaviestinta.fi\/","logo":{"@type":"ImageObject","inLanguage":"fi","@id":"https:\/\/mediaviestinta.fi\/#\/schema\/logo\/image\/","url":"https:\/\/mediaviestinta.fi\/mevi2020\/wp-content\/uploads\/2020\/03\/mevi-logo-RGB-Transparent.png","contentUrl":"https:\/\/mediaviestinta.fi\/mevi2020\/wp-content\/uploads\/2020\/03\/mevi-logo-RGB-Transparent.png","width":910,"height":464,"caption":"Media- ja viestint\u00e4tieteellinen seura Mevi"},"image":{"@id":"https:\/\/mediaviestinta.fi\/#\/schema\/logo\/image\/"},"sameAs":["https:\/\/www.facebook.com\/MediaViestinta\/","https:\/\/x.com\/mediaviestinta"]},{"@type":"Person","@id":"https:\/\/mediaviestinta.fi\/#\/schema\/person\/b2da34ab24cfcd17dbdd6c7cfb173257","name":"Mevi","image":{"@type":"ImageObject","inLanguage":"fi","@id":"https:\/\/secure.gravatar.com\/avatar\/3305b76d1667dc119a18808ed03d6a1fc2dfa8b6a1cddecb8c4d27ef14ec32ca?s=96&d=mm&r=g","url":"https:\/\/secure.gravatar.com\/avatar\/3305b76d1667dc119a18808ed03d6a1fc2dfa8b6a1cddecb8c4d27ef14ec32ca?s=96&d=mm&r=g","contentUrl":"https:\/\/secure.gravatar.com\/avatar\/3305b76d1667dc119a18808ed03d6a1fc2dfa8b6a1cddecb8c4d27ef14ec32ca?s=96&d=mm&r=g","caption":"Mevi"},"url":"https:\/\/mediaviestinta.fi\/mevi2020\/author\/mediavie\/"}]}},"_links":{"self":[{"href":"https:\/\/mediaviestinta.fi\/mevi2020\/wp-json\/wp\/v2\/posts\/4387","targetHints":{"allow":["GET"]}}],"collection":[{"href":"https:\/\/mediaviestinta.fi\/mevi2020\/wp-json\/wp\/v2\/posts"}],"about":[{"href":"https:\/\/mediaviestinta.fi\/mevi2020\/wp-json\/wp\/v2\/types\/post"}],"author":[{"embeddable":true,"href":"https:\/\/mediaviestinta.fi\/mevi2020\/wp-json\/wp\/v2\/users\/3"}],"replies":[{"embeddable":true,"href":"https:\/\/mediaviestinta.fi\/mevi2020\/wp-json\/wp\/v2\/comments?post=4387"}],"version-history":[{"count":6,"href":"https:\/\/mediaviestinta.fi\/mevi2020\/wp-json\/wp\/v2\/posts\/4387\/revisions"}],"predecessor-version":[{"id":4397,"href":"https:\/\/mediaviestinta.fi\/mevi2020\/wp-json\/wp\/v2\/posts\/4387\/revisions\/4397"}],"wp:featuredmedia":[{"embeddable":true,"href":"https:\/\/mediaviestinta.fi\/mevi2020\/wp-json\/wp\/v2\/media\/4390"}],"wp:attachment":[{"href":"https:\/\/mediaviestinta.fi\/mevi2020\/wp-json\/wp\/v2\/media?parent=4387"}],"wp:term":[{"taxonomy":"category","embeddable":true,"href":"https:\/\/mediaviestinta.fi\/mevi2020\/wp-json\/wp\/v2\/categories?post=4387"},{"taxonomy":"post_tag","embeddable":true,"href":"https:\/\/mediaviestinta.fi\/mevi2020\/wp-json\/wp\/v2\/tags?post=4387"}],"curies":[{"name":"wp","href":"https:\/\/api.w.org\/{rel}","templated":true}]}}