{"id":4393,"date":"2020-12-21T07:35:00","date_gmt":"2020-12-21T05:35:00","guid":{"rendered":"https:\/\/mediaviestinta.fi\/?p=4393"},"modified":"2020-12-22T07:37:49","modified_gmt":"2020-12-22T05:37:49","slug":"mevi-toivottaa-hyvaa-joulua-ja-uuttavuotta-2021","status":"publish","type":"post","link":"https:\/\/mediaviestinta.fi\/mevi2020\/2020\/12\/mevi-toivottaa-hyvaa-joulua-ja-uuttavuotta-2021\/","title":{"rendered":"Mevi toivottaa hyv\u00e4\u00e4 joulua ja uuttavuotta 2021"},"content":{"rendered":"\n<p>Haluan toivottaa kaikille Mevin j\u00e4senille hyv\u00e4\u00e4 joulua ja erityisesti uutta vuotta 2021. N\u00e4in talvip\u00e4iv\u00e4nseisauksen p\u00e4iv\u00e4n\u00e4 siirrymme taas kulkemaan kohti valoa, toivottavasti se ilment\u00e4\u00e4 laajemminkin alkavaa vuotta.<\/p>\n\n\n\n<p>Korona-pandemia on vaikeuttanut my\u00f6s Mevin toimintaa, sill\u00e4 jouduimme siirt\u00e4m\u00e4\u00e4n Mevi2020-p\u00e4ivi\u00e4 kahteen otteeseen. Kev\u00e4\u00e4ll\u00e4 ajattelimme optimistisesti, ett\u00e4 jo tammikuussa voisimme kokoontua taas yhteen, mutta jouduimme syksyll\u00e4 tekem\u00e4\u00e4n p\u00e4\u00e4t\u00f6ksen, ett\u00e4 n\u00e4emme Turussa vasta kev\u00e4\u00e4ll\u00e4 2022. Kiitokset Kimmo Elolle ja muulle Mevi2020-j\u00e4rjestelytoimikunnalle, jonka ty\u00f6 jatkuu ennakoitua pidemp\u00e4\u00e4n.<\/p>\n\n\n\n<p>Media &amp; viestint\u00e4 -lehti ei ole koronasta h\u00e4keltynyt, vaan se on jatkanut korkeatasoisten artikkelien julkaisemista my\u00f6s poikkeusaikoina. Nyt ilmestynyt vuoden viimeinen numero on tuhti lukupaketti, mik\u00e4 ilment\u00e4\u00e4 hyvin lis\u00e4\u00e4ntynytt\u00e4 artikkelitarjontaa. Kiitos kaikille k\u00e4sikirjoituksia l\u00e4hett\u00e4neille ja niit\u00e4 arvioineille sek\u00e4 tietysti lehden p\u00e4\u00e4toimittajille, toimitussihteerille ja toimituskunnalle.&nbsp;<\/p>\n\n\n\n<p>Haluan t\u00e4ss\u00e4 l\u00e4hett\u00e4\u00e4 erityiskiitokseni Mevin yhteis\u00f6j\u00e4senille (https:\/\/mediaviestinta.fi\/mevi-ry), joiden merkitys Mevin toiminnan tukijoina on ensiarvoisen t\u00e4rke\u00e4\u00e4. Vuonna 2020 saimme ilahduttavasti runsaasti uusia yhteis\u00f6j\u00e4seni\u00e4: Arcada yrkesh\u00f6gskola, Haaga-Helia ammattikorkeakoulu, LUT-yliopisto, Lapin yliopisto, Helsingin Sanomain S\u00e4\u00e4ti\u00f6 ja ProCom \u2013 Viestinn\u00e4n ammattilaiset ry.<\/p>\n\n\n\n<p>Mevin hallituksen puolesta,<br>Mikko Villi<br>Mevin pj<\/p>\n","protected":false},"excerpt":{"rendered":"<p>N\u00e4in talvip\u00e4iv\u00e4nseisauksen p\u00e4iv\u00e4n\u00e4 siirrymme taas kulkemaan kohti valoa, toivottavasti se ilment\u00e4\u00e4 laajemminkin alkavaa vuotta.<\/p>\n","protected":false},"author":3,"featured_media":3832,"comment_status":"open","ping_status":"closed","sticky":false,"template":"","format":"standard","meta":{"_monsterinsights_skip_tracking":false,"_monsterinsights_sitenote_active":false,"_monsterinsights_sitenote_note":"","_monsterinsights_sitenote_category":0,"footnotes":""},"categories":[76],"tags":[126,62,48,55],"class_list":["post-4393","post","type-post","status-publish","format-standard","has-post-thumbnail","hentry","category-ajankohtaista","tag-korona-pandemia","tag-media-viestinta","tag-mevi","tag-mevi-paivat"],"yoast_head":"<!-- This site is optimized with the Yoast SEO plugin v27.5 - https:\/\/yoast.com\/product\/yoast-seo-wordpress\/ -->\n<title>Mevi toivottaa hyv\u00e4\u00e4 joulua ja uuttavuotta 2021 &#8211; Mevi<\/title>\n<meta name=\"robots\" content=\"index, follow, max-snippet:-1, max-image-preview:large, max-video-preview:-1\" \/>\n<link rel=\"canonical\" href=\"https:\/\/mediaviestinta.fi\/mevi2020\/2020\/12\/mevi-toivottaa-hyvaa-joulua-ja-uuttavuotta-2021\/\" \/>\n<meta property=\"og:locale\" content=\"fi_FI\" \/>\n<meta property=\"og:type\" content=\"article\" \/>\n<meta property=\"og:title\" content=\"Mevi toivottaa hyv\u00e4\u00e4 joulua ja uuttavuotta 2021 &#8211; Mevi\" \/>\n<meta property=\"og:description\" content=\"N\u00e4in talvip\u00e4iv\u00e4nseisauksen p\u00e4iv\u00e4n\u00e4 siirrymme taas kulkemaan kohti valoa, toivottavasti se ilment\u00e4\u00e4 laajemminkin alkavaa vuotta.\" \/>\n<meta property=\"og:url\" content=\"https:\/\/mediaviestinta.fi\/mevi2020\/2020\/12\/mevi-toivottaa-hyvaa-joulua-ja-uuttavuotta-2021\/\" \/>\n<meta property=\"og:site_name\" content=\"Mevi\" \/>\n<meta property=\"article:publisher\" content=\"https:\/\/www.facebook.com\/MediaViestinta\/\" \/>\n<meta property=\"article:published_time\" content=\"2020-12-21T05:35:00+00:00\" \/>\n<meta property=\"article:modified_time\" content=\"2020-12-22T05:37:49+00:00\" \/>\n<meta property=\"og:image\" content=\"https:\/\/mediaviestinta.fi\/mevi2020\/wp-content\/uploads\/2020\/05\/Mikko-Villi.jpg\" \/>\n\t<meta property=\"og:image:width\" content=\"661\" \/>\n\t<meta property=\"og:image:height\" content=\"869\" \/>\n\t<meta property=\"og:image:type\" content=\"image\/jpeg\" \/>\n<meta name=\"author\" content=\"Mevi\" \/>\n<meta name=\"twitter:card\" content=\"summary_large_image\" \/>\n<meta name=\"twitter:creator\" content=\"@mediaviestinta\" \/>\n<meta name=\"twitter:site\" content=\"@mediaviestinta\" \/>\n<meta name=\"twitter:label1\" content=\"Kirjoittanut\" \/>\n\t<meta name=\"twitter:data1\" content=\"Mevi\" \/>\n\t<meta name=\"twitter:label2\" content=\"Arvioitu lukuaika\" \/>\n\t<meta name=\"twitter:data2\" content=\"1 minuutti\" \/>\n<script type=\"application\/ld+json\" class=\"yoast-schema-graph\">{\"@context\":\"https:\\\/\\\/schema.org\",\"@graph\":[{\"@type\":\"Article\",\"@id\":\"https:\\\/\\\/mediaviestinta.fi\\\/mevi2020\\\/2020\\\/12\\\/mevi-toivottaa-hyvaa-joulua-ja-uuttavuotta-2021\\\/#article\",\"isPartOf\":{\"@id\":\"https:\\\/\\\/mediaviestinta.fi\\\/mevi2020\\\/2020\\\/12\\\/mevi-toivottaa-hyvaa-joulua-ja-uuttavuotta-2021\\\/\"},\"author\":{\"name\":\"Mevi\",\"@id\":\"https:\\\/\\\/mediaviestinta.fi\\\/#\\\/schema\\\/person\\\/b2da34ab24cfcd17dbdd6c7cfb173257\"},\"headline\":\"Mevi toivottaa hyv\u00e4\u00e4 joulua ja uuttavuotta 2021\",\"datePublished\":\"2020-12-21T05:35:00+00:00\",\"dateModified\":\"2020-12-22T05:37:49+00:00\",\"mainEntityOfPage\":{\"@id\":\"https:\\\/\\\/mediaviestinta.fi\\\/mevi2020\\\/2020\\\/12\\\/mevi-toivottaa-hyvaa-joulua-ja-uuttavuotta-2021\\\/\"},\"wordCount\":201,\"commentCount\":0,\"publisher\":{\"@id\":\"https:\\\/\\\/mediaviestinta.fi\\\/#organization\"},\"image\":{\"@id\":\"https:\\\/\\\/mediaviestinta.fi\\\/mevi2020\\\/2020\\\/12\\\/mevi-toivottaa-hyvaa-joulua-ja-uuttavuotta-2021\\\/#primaryimage\"},\"thumbnailUrl\":\"https:\\\/\\\/mediaviestinta.fi\\\/mevi2020\\\/wp-content\\\/uploads\\\/2020\\\/05\\\/Mikko-Villi.jpg\",\"keywords\":[\"korona-pandemia\",\"media &amp; viestint\u00e4\",\"mevi\",\"mevi-p\u00e4iv\u00e4t\"],\"articleSection\":[\"Ajankohtaista\"],\"inLanguage\":\"fi\",\"potentialAction\":[{\"@type\":\"CommentAction\",\"name\":\"Comment\",\"target\":[\"https:\\\/\\\/mediaviestinta.fi\\\/mevi2020\\\/2020\\\/12\\\/mevi-toivottaa-hyvaa-joulua-ja-uuttavuotta-2021\\\/#respond\"]}]},{\"@type\":\"WebPage\",\"@id\":\"https:\\\/\\\/mediaviestinta.fi\\\/mevi2020\\\/2020\\\/12\\\/mevi-toivottaa-hyvaa-joulua-ja-uuttavuotta-2021\\\/\",\"url\":\"https:\\\/\\\/mediaviestinta.fi\\\/mevi2020\\\/2020\\\/12\\\/mevi-toivottaa-hyvaa-joulua-ja-uuttavuotta-2021\\\/\",\"name\":\"Mevi toivottaa hyv\u00e4\u00e4 joulua ja uuttavuotta 2021 &#8211; Mevi\",\"isPartOf\":{\"@id\":\"https:\\\/\\\/mediaviestinta.fi\\\/#website\"},\"primaryImageOfPage\":{\"@id\":\"https:\\\/\\\/mediaviestinta.fi\\\/mevi2020\\\/2020\\\/12\\\/mevi-toivottaa-hyvaa-joulua-ja-uuttavuotta-2021\\\/#primaryimage\"},\"image\":{\"@id\":\"https:\\\/\\\/mediaviestinta.fi\\\/mevi2020\\\/2020\\\/12\\\/mevi-toivottaa-hyvaa-joulua-ja-uuttavuotta-2021\\\/#primaryimage\"},\"thumbnailUrl\":\"https:\\\/\\\/mediaviestinta.fi\\\/mevi2020\\\/wp-content\\\/uploads\\\/2020\\\/05\\\/Mikko-Villi.jpg\",\"datePublished\":\"2020-12-21T05:35:00+00:00\",\"dateModified\":\"2020-12-22T05:37:49+00:00\",\"breadcrumb\":{\"@id\":\"https:\\\/\\\/mediaviestinta.fi\\\/mevi2020\\\/2020\\\/12\\\/mevi-toivottaa-hyvaa-joulua-ja-uuttavuotta-2021\\\/#breadcrumb\"},\"inLanguage\":\"fi\",\"potentialAction\":[{\"@type\":\"ReadAction\",\"target\":[\"https:\\\/\\\/mediaviestinta.fi\\\/mevi2020\\\/2020\\\/12\\\/mevi-toivottaa-hyvaa-joulua-ja-uuttavuotta-2021\\\/\"]}]},{\"@type\":\"ImageObject\",\"inLanguage\":\"fi\",\"@id\":\"https:\\\/\\\/mediaviestinta.fi\\\/mevi2020\\\/2020\\\/12\\\/mevi-toivottaa-hyvaa-joulua-ja-uuttavuotta-2021\\\/#primaryimage\",\"url\":\"https:\\\/\\\/mediaviestinta.fi\\\/mevi2020\\\/wp-content\\\/uploads\\\/2020\\\/05\\\/Mikko-Villi.jpg\",\"contentUrl\":\"https:\\\/\\\/mediaviestinta.fi\\\/mevi2020\\\/wp-content\\\/uploads\\\/2020\\\/05\\\/Mikko-Villi.jpg\",\"width\":661,\"height\":869},{\"@type\":\"BreadcrumbList\",\"@id\":\"https:\\\/\\\/mediaviestinta.fi\\\/mevi2020\\\/2020\\\/12\\\/mevi-toivottaa-hyvaa-joulua-ja-uuttavuotta-2021\\\/#breadcrumb\",\"itemListElement\":[{\"@type\":\"ListItem\",\"position\":1,\"name\":\"Home\",\"item\":\"https:\\\/\\\/mediaviestinta.fi\\\/\"},{\"@type\":\"ListItem\",\"position\":2,\"name\":\"Mevi toivottaa hyv\u00e4\u00e4 joulua ja uuttavuotta 2021\"}]},{\"@type\":\"WebSite\",\"@id\":\"https:\\\/\\\/mediaviestinta.fi\\\/#website\",\"url\":\"https:\\\/\\\/mediaviestinta.fi\\\/\",\"name\":\"Mevi\",\"description\":\"Media- ja viestint\u00e4tieteellinen seura Mevi\",\"publisher\":{\"@id\":\"https:\\\/\\\/mediaviestinta.fi\\\/#organization\"},\"potentialAction\":[{\"@type\":\"SearchAction\",\"target\":{\"@type\":\"EntryPoint\",\"urlTemplate\":\"https:\\\/\\\/mediaviestinta.fi\\\/?s={search_term_string}\"},\"query-input\":{\"@type\":\"PropertyValueSpecification\",\"valueRequired\":true,\"valueName\":\"search_term_string\"}}],\"inLanguage\":\"fi\"},{\"@type\":\"Organization\",\"@id\":\"https:\\\/\\\/mediaviestinta.fi\\\/#organization\",\"name\":\"Media- ja viestint\u00e4tieteellinen seura Mevi\",\"url\":\"https:\\\/\\\/mediaviestinta.fi\\\/\",\"logo\":{\"@type\":\"ImageObject\",\"inLanguage\":\"fi\",\"@id\":\"https:\\\/\\\/mediaviestinta.fi\\\/#\\\/schema\\\/logo\\\/image\\\/\",\"url\":\"https:\\\/\\\/mediaviestinta.fi\\\/mevi2020\\\/wp-content\\\/uploads\\\/2020\\\/03\\\/mevi-logo-RGB-Transparent.png\",\"contentUrl\":\"https:\\\/\\\/mediaviestinta.fi\\\/mevi2020\\\/wp-content\\\/uploads\\\/2020\\\/03\\\/mevi-logo-RGB-Transparent.png\",\"width\":910,\"height\":464,\"caption\":\"Media- ja viestint\u00e4tieteellinen seura Mevi\"},\"image\":{\"@id\":\"https:\\\/\\\/mediaviestinta.fi\\\/#\\\/schema\\\/logo\\\/image\\\/\"},\"sameAs\":[\"https:\\\/\\\/www.facebook.com\\\/MediaViestinta\\\/\",\"https:\\\/\\\/x.com\\\/mediaviestinta\"]},{\"@type\":\"Person\",\"@id\":\"https:\\\/\\\/mediaviestinta.fi\\\/#\\\/schema\\\/person\\\/b2da34ab24cfcd17dbdd6c7cfb173257\",\"name\":\"Mevi\",\"image\":{\"@type\":\"ImageObject\",\"inLanguage\":\"fi\",\"@id\":\"https:\\\/\\\/secure.gravatar.com\\\/avatar\\\/3305b76d1667dc119a18808ed03d6a1fc2dfa8b6a1cddecb8c4d27ef14ec32ca?s=96&d=mm&r=g\",\"url\":\"https:\\\/\\\/secure.gravatar.com\\\/avatar\\\/3305b76d1667dc119a18808ed03d6a1fc2dfa8b6a1cddecb8c4d27ef14ec32ca?s=96&d=mm&r=g\",\"contentUrl\":\"https:\\\/\\\/secure.gravatar.com\\\/avatar\\\/3305b76d1667dc119a18808ed03d6a1fc2dfa8b6a1cddecb8c4d27ef14ec32ca?s=96&d=mm&r=g\",\"caption\":\"Mevi\"},\"url\":\"https:\\\/\\\/mediaviestinta.fi\\\/mevi2020\\\/author\\\/mediavie\\\/\"}]}<\/script>\n<!-- \/ Yoast SEO plugin. -->","yoast_head_json":{"title":"Mevi toivottaa hyv\u00e4\u00e4 joulua ja uuttavuotta 2021 &#8211; Mevi","robots":{"index":"index","follow":"follow","max-snippet":"max-snippet:-1","max-image-preview":"max-image-preview:large","max-video-preview":"max-video-preview:-1"},"canonical":"https:\/\/mediaviestinta.fi\/mevi2020\/2020\/12\/mevi-toivottaa-hyvaa-joulua-ja-uuttavuotta-2021\/","og_locale":"fi_FI","og_type":"article","og_title":"Mevi toivottaa hyv\u00e4\u00e4 joulua ja uuttavuotta 2021 &#8211; Mevi","og_description":"N\u00e4in talvip\u00e4iv\u00e4nseisauksen p\u00e4iv\u00e4n\u00e4 siirrymme taas kulkemaan kohti valoa, toivottavasti se ilment\u00e4\u00e4 laajemminkin alkavaa vuotta.","og_url":"https:\/\/mediaviestinta.fi\/mevi2020\/2020\/12\/mevi-toivottaa-hyvaa-joulua-ja-uuttavuotta-2021\/","og_site_name":"Mevi","article_publisher":"https:\/\/www.facebook.com\/MediaViestinta\/","article_published_time":"2020-12-21T05:35:00+00:00","article_modified_time":"2020-12-22T05:37:49+00:00","og_image":[{"width":661,"height":869,"url":"https:\/\/mediaviestinta.fi\/mevi2020\/wp-content\/uploads\/2020\/05\/Mikko-Villi.jpg","type":"image\/jpeg"}],"author":"Mevi","twitter_card":"summary_large_image","twitter_creator":"@mediaviestinta","twitter_site":"@mediaviestinta","twitter_misc":{"Kirjoittanut":"Mevi","Arvioitu lukuaika":"1 minuutti"},"schema":{"@context":"https:\/\/schema.org","@graph":[{"@type":"Article","@id":"https:\/\/mediaviestinta.fi\/mevi2020\/2020\/12\/mevi-toivottaa-hyvaa-joulua-ja-uuttavuotta-2021\/#article","isPartOf":{"@id":"https:\/\/mediaviestinta.fi\/mevi2020\/2020\/12\/mevi-toivottaa-hyvaa-joulua-ja-uuttavuotta-2021\/"},"author":{"name":"Mevi","@id":"https:\/\/mediaviestinta.fi\/#\/schema\/person\/b2da34ab24cfcd17dbdd6c7cfb173257"},"headline":"Mevi toivottaa hyv\u00e4\u00e4 joulua ja uuttavuotta 2021","datePublished":"2020-12-21T05:35:00+00:00","dateModified":"2020-12-22T05:37:49+00:00","mainEntityOfPage":{"@id":"https:\/\/mediaviestinta.fi\/mevi2020\/2020\/12\/mevi-toivottaa-hyvaa-joulua-ja-uuttavuotta-2021\/"},"wordCount":201,"commentCount":0,"publisher":{"@id":"https:\/\/mediaviestinta.fi\/#organization"},"image":{"@id":"https:\/\/mediaviestinta.fi\/mevi2020\/2020\/12\/mevi-toivottaa-hyvaa-joulua-ja-uuttavuotta-2021\/#primaryimage"},"thumbnailUrl":"https:\/\/mediaviestinta.fi\/mevi2020\/wp-content\/uploads\/2020\/05\/Mikko-Villi.jpg","keywords":["korona-pandemia","media &amp; viestint\u00e4","mevi","mevi-p\u00e4iv\u00e4t"],"articleSection":["Ajankohtaista"],"inLanguage":"fi","potentialAction":[{"@type":"CommentAction","name":"Comment","target":["https:\/\/mediaviestinta.fi\/mevi2020\/2020\/12\/mevi-toivottaa-hyvaa-joulua-ja-uuttavuotta-2021\/#respond"]}]},{"@type":"WebPage","@id":"https:\/\/mediaviestinta.fi\/mevi2020\/2020\/12\/mevi-toivottaa-hyvaa-joulua-ja-uuttavuotta-2021\/","url":"https:\/\/mediaviestinta.fi\/mevi2020\/2020\/12\/mevi-toivottaa-hyvaa-joulua-ja-uuttavuotta-2021\/","name":"Mevi toivottaa hyv\u00e4\u00e4 joulua ja uuttavuotta 2021 &#8211; Mevi","isPartOf":{"@id":"https:\/\/mediaviestinta.fi\/#website"},"primaryImageOfPage":{"@id":"https:\/\/mediaviestinta.fi\/mevi2020\/2020\/12\/mevi-toivottaa-hyvaa-joulua-ja-uuttavuotta-2021\/#primaryimage"},"image":{"@id":"https:\/\/mediaviestinta.fi\/mevi2020\/2020\/12\/mevi-toivottaa-hyvaa-joulua-ja-uuttavuotta-2021\/#primaryimage"},"thumbnailUrl":"https:\/\/mediaviestinta.fi\/mevi2020\/wp-content\/uploads\/2020\/05\/Mikko-Villi.jpg","datePublished":"2020-12-21T05:35:00+00:00","dateModified":"2020-12-22T05:37:49+00:00","breadcrumb":{"@id":"https:\/\/mediaviestinta.fi\/mevi2020\/2020\/12\/mevi-toivottaa-hyvaa-joulua-ja-uuttavuotta-2021\/#breadcrumb"},"inLanguage":"fi","potentialAction":[{"@type":"ReadAction","target":["https:\/\/mediaviestinta.fi\/mevi2020\/2020\/12\/mevi-toivottaa-hyvaa-joulua-ja-uuttavuotta-2021\/"]}]},{"@type":"ImageObject","inLanguage":"fi","@id":"https:\/\/mediaviestinta.fi\/mevi2020\/2020\/12\/mevi-toivottaa-hyvaa-joulua-ja-uuttavuotta-2021\/#primaryimage","url":"https:\/\/mediaviestinta.fi\/mevi2020\/wp-content\/uploads\/2020\/05\/Mikko-Villi.jpg","contentUrl":"https:\/\/mediaviestinta.fi\/mevi2020\/wp-content\/uploads\/2020\/05\/Mikko-Villi.jpg","width":661,"height":869},{"@type":"BreadcrumbList","@id":"https:\/\/mediaviestinta.fi\/mevi2020\/2020\/12\/mevi-toivottaa-hyvaa-joulua-ja-uuttavuotta-2021\/#breadcrumb","itemListElement":[{"@type":"ListItem","position":1,"name":"Home","item":"https:\/\/mediaviestinta.fi\/"},{"@type":"ListItem","position":2,"name":"Mevi toivottaa hyv\u00e4\u00e4 joulua ja uuttavuotta 2021"}]},{"@type":"WebSite","@id":"https:\/\/mediaviestinta.fi\/#website","url":"https:\/\/mediaviestinta.fi\/","name":"Mevi","description":"Media- ja viestint\u00e4tieteellinen seura Mevi","publisher":{"@id":"https:\/\/mediaviestinta.fi\/#organization"},"potentialAction":[{"@type":"SearchAction","target":{"@type":"EntryPoint","urlTemplate":"https:\/\/mediaviestinta.fi\/?s={search_term_string}"},"query-input":{"@type":"PropertyValueSpecification","valueRequired":true,"valueName":"search_term_string"}}],"inLanguage":"fi"},{"@type":"Organization","@id":"https:\/\/mediaviestinta.fi\/#organization","name":"Media- ja viestint\u00e4tieteellinen seura Mevi","url":"https:\/\/mediaviestinta.fi\/","logo":{"@type":"ImageObject","inLanguage":"fi","@id":"https:\/\/mediaviestinta.fi\/#\/schema\/logo\/image\/","url":"https:\/\/mediaviestinta.fi\/mevi2020\/wp-content\/uploads\/2020\/03\/mevi-logo-RGB-Transparent.png","contentUrl":"https:\/\/mediaviestinta.fi\/mevi2020\/wp-content\/uploads\/2020\/03\/mevi-logo-RGB-Transparent.png","width":910,"height":464,"caption":"Media- ja viestint\u00e4tieteellinen seura Mevi"},"image":{"@id":"https:\/\/mediaviestinta.fi\/#\/schema\/logo\/image\/"},"sameAs":["https:\/\/www.facebook.com\/MediaViestinta\/","https:\/\/x.com\/mediaviestinta"]},{"@type":"Person","@id":"https:\/\/mediaviestinta.fi\/#\/schema\/person\/b2da34ab24cfcd17dbdd6c7cfb173257","name":"Mevi","image":{"@type":"ImageObject","inLanguage":"fi","@id":"https:\/\/secure.gravatar.com\/avatar\/3305b76d1667dc119a18808ed03d6a1fc2dfa8b6a1cddecb8c4d27ef14ec32ca?s=96&d=mm&r=g","url":"https:\/\/secure.gravatar.com\/avatar\/3305b76d1667dc119a18808ed03d6a1fc2dfa8b6a1cddecb8c4d27ef14ec32ca?s=96&d=mm&r=g","contentUrl":"https:\/\/secure.gravatar.com\/avatar\/3305b76d1667dc119a18808ed03d6a1fc2dfa8b6a1cddecb8c4d27ef14ec32ca?s=96&d=mm&r=g","caption":"Mevi"},"url":"https:\/\/mediaviestinta.fi\/mevi2020\/author\/mediavie\/"}]}},"_links":{"self":[{"href":"https:\/\/mediaviestinta.fi\/mevi2020\/wp-json\/wp\/v2\/posts\/4393","targetHints":{"allow":["GET"]}}],"collection":[{"href":"https:\/\/mediaviestinta.fi\/mevi2020\/wp-json\/wp\/v2\/posts"}],"about":[{"href":"https:\/\/mediaviestinta.fi\/mevi2020\/wp-json\/wp\/v2\/types\/post"}],"author":[{"embeddable":true,"href":"https:\/\/mediaviestinta.fi\/mevi2020\/wp-json\/wp\/v2\/users\/3"}],"replies":[{"embeddable":true,"href":"https:\/\/mediaviestinta.fi\/mevi2020\/wp-json\/wp\/v2\/comments?post=4393"}],"version-history":[{"count":2,"href":"https:\/\/mediaviestinta.fi\/mevi2020\/wp-json\/wp\/v2\/posts\/4393\/revisions"}],"predecessor-version":[{"id":4395,"href":"https:\/\/mediaviestinta.fi\/mevi2020\/wp-json\/wp\/v2\/posts\/4393\/revisions\/4395"}],"wp:featuredmedia":[{"embeddable":true,"href":"https:\/\/mediaviestinta.fi\/mevi2020\/wp-json\/wp\/v2\/media\/3832"}],"wp:attachment":[{"href":"https:\/\/mediaviestinta.fi\/mevi2020\/wp-json\/wp\/v2\/media?parent=4393"}],"wp:term":[{"taxonomy":"category","embeddable":true,"href":"https:\/\/mediaviestinta.fi\/mevi2020\/wp-json\/wp\/v2\/categories?post=4393"},{"taxonomy":"post_tag","embeddable":true,"href":"https:\/\/mediaviestinta.fi\/mevi2020\/wp-json\/wp\/v2\/tags?post=4393"}],"curies":[{"name":"wp","href":"https:\/\/api.w.org\/{rel}","templated":true}]}}