{"id":4419,"date":"2021-01-27T15:13:45","date_gmt":"2021-01-27T13:13:45","guid":{"rendered":"https:\/\/mediaviestinta.fi\/?p=4419"},"modified":"2021-01-27T15:13:47","modified_gmt":"2021-01-27T13:13:47","slug":"miten-koronasta-somessa-puhutaan","status":"publish","type":"post","link":"https:\/\/mediaviestinta.fi\/mevi2020\/2021\/01\/miten-koronasta-somessa-puhutaan\/","title":{"rendered":"Miten koronasta somessa puhutaan?"},"content":{"rendered":"\n<p><strong><em>Auttaja<\/em>, <em>huolestuja<\/em>, <em>selviytyj\u00e4<\/em>, <em>riidanhaastaja<\/em>, <em>laajentaja<\/em>\u2026 Harri Jalonen ja Jussi Kokkola rakentavat artikkelissaan <a href=\"https:\/\/journal.fi\/mediaviestinta\/article\/view\/100618\" target=\"_blank\" rel=\"noreferrer noopener\">Koronapandemian puhujapositiot sosiaalisen median lapsi- ja perheaiheisissa keskusteluissa<\/a> yhdeks\u00e4n puhujapositiota, joilla keskusteluun osallistutaan. \u201cSomessa puidaan perinteisess\u00e4 mediassa k\u00e4siteltyj\u00e4 asioita, ja vastaavasti some-keskustelut ruokkivat esimerkiksi kahvip\u00f6yt\u00e4keskusteluja. Puhujapositioiden avulla voidaan paljastaa osa t\u00e4st\u00e4 merkitysten kierron dynamiikasta&#8221;, Jalonen kertoo. Artikkeli\u00a0on julkaistu\u00a0<em>Media &amp; viestint\u00e4<\/em>\u00a0-lehdess\u00e4\u00a0<a rel=\"noreferrer noopener\" href=\"https:\/\/journal.fi\/mediaviestinta\/issue\/view\/7005\" target=\"_blank\">4\/2020<\/a>.<\/strong><\/p>\n\n\n\n<p><strong>Mihin laajempaan ilmi\u00f6\u00f6n ja keskusteluun artikkelinne liittyy?<\/strong><br>Artikkelimme liittyy sosiaalisen median kasvaneeseen rooliin mielipiteiden julkiseksi tekemisess\u00e4 ja ylip\u00e4\u00e4ns\u00e4 yhteiskunnallisessa keskustelussa. Koronapandemian hillitsemiseksi tehdyt p\u00e4\u00e4t\u00f6kset muuttivat arkemme lyhyess\u00e4 ajassa, ja t\u00e4m\u00e4 n\u00e4kyi my\u00f6s somessa. Vanhusten lis\u00e4ksi erityist\u00e4 huolta kannettiin lasten asemasta. Annamme artikkelissamme \u2019\u00e4\u00e4nen\u2019 lasten ja lapsiperheiden kokemuksille.<\/p>\n\n\n\n<p><strong>Mik\u00e4 on antinne t\u00e4h\u00e4n keskusteluun?<\/strong><br>Sosiaalisen median keskustelut ovat usein j\u00e4sentym\u00e4tt\u00f6mi\u00e4, asiat eskaloituvat ennakoimattomasti ja mielipiteet polarisoituvat jyrk\u00e4sti. Tarjoamme artikkelissa \u2019puhujaposition\u2019 avulla tavan j\u00e4sent\u00e4\u00e4 kirjavissa keskusteluissa k\u00e4siteltyj\u00e4 puheenaiheita sek\u00e4 niiss\u00e4 esitettyj\u00e4 argumentteja ja retorisia keinoja.<\/p>\n\n\n\n<p><strong>Mit\u00e4 haluatte artikkelillanne sanoa?<\/strong><br>Sosiaalisessa mediassa luodut merkityksenannot ja kollektiiviset tulkinnat eiv\u00e4t j\u00e4\u00e4 sosiaaliseen mediaan vaan heijastuvat monin eri tavoin muualle yhteiskuntaan. Somessa puidaan perinteisess\u00e4 mediassa k\u00e4siteltyj\u00e4 asioita, ja vastaavasti some-keskustelut ruokkivat esimerkiksi kahvip\u00f6yt\u00e4keskusteluja. Puhujapositioiden avulla voidaan paljastaa osa t\u00e4st\u00e4 merkitysten kierron dynamiikasta.<\/p>\n\n\n\n<p><strong>Kenen kannattaa lukea artikkelinne?<\/strong><br>Artikkeli sopii kaikille somesta kiinnostuneilla viestinn\u00e4ntutkijoille ja -opiskelijoille. Uskomme, ett\u00e4 artikkelista on hy\u00f6ty\u00e4 my\u00f6s markkinointiviestint\u00e4\u00e4 ty\u00f6kseen tekeville asiantuntijoille, sill\u00e4 puhujaposition k\u00e4sitett\u00e4 voidaan soveltaa esimerkiksi asiakasviestinn\u00e4n kehitt\u00e4misess\u00e4.<\/p>\n\n\n\n<p><strong>Mik\u00e4 sai teid\u00e4t tarttumaan t\u00e4h\u00e4n aiheeseen?<\/strong><br>Olemme tutkineet somea erilaisista n\u00e4k\u00f6kulmista aiemminkin (esim. negatiivisten tunteiden levi\u00e4mist\u00e4 somessa). T\u00e4ss\u00e4 tutkimuksessa olimme kiinnostuneita sek\u00e4 itse aiheesta ett\u00e4 \u2019systemaattisen\u2019 menetelm\u00e4n kehitt\u00e4misest\u00e4.<\/p>\n\n\n\n<p>(Lauri Haapanen)<\/p>\n","protected":false},"excerpt":{"rendered":"<p>Auttaja, huolestuja, selviytyj\u00e4, riidanhaastaja, laajentaja\u2026 Harri Jalonen ja Jussi Kokkola rakentavat artikkelissaan Koronapandemian puhujapositiot sosiaalisen median lapsi- ja perheaiheisissa keskusteluissa yhdeks\u00e4n puhujapositiota, joilla keskusteluun osallistutaan. \u201cSomessa puidaan perinteisess\u00e4&hellip;<\/p>\n","protected":false},"author":3,"featured_media":4424,"comment_status":"open","ping_status":"closed","sticky":false,"template":"","format":"standard","meta":{"_monsterinsights_skip_tracking":false,"_monsterinsights_sitenote_active":false,"_monsterinsights_sitenote_note":"","_monsterinsights_sitenote_category":0,"footnotes":""},"categories":[1],"tags":[],"class_list":["post-4419","post","type-post","status-publish","format-standard","has-post-thumbnail","hentry","category-yleinen"],"yoast_head":"<!-- This site is optimized with the Yoast SEO plugin v27.5 - https:\/\/yoast.com\/product\/yoast-seo-wordpress\/ -->\n<title>Miten koronasta somessa puhutaan? &#8211; Mevi<\/title>\n<meta name=\"robots\" content=\"index, follow, max-snippet:-1, max-image-preview:large, max-video-preview:-1\" \/>\n<link rel=\"canonical\" href=\"https:\/\/mediaviestinta.fi\/mevi2020\/2021\/01\/miten-koronasta-somessa-puhutaan\/\" \/>\n<meta property=\"og:locale\" content=\"fi_FI\" \/>\n<meta property=\"og:type\" content=\"article\" \/>\n<meta property=\"og:title\" content=\"Miten koronasta somessa puhutaan? &#8211; Mevi\" \/>\n<meta property=\"og:description\" content=\"Auttaja, huolestuja, selviytyj\u00e4, riidanhaastaja, laajentaja\u2026 Harri Jalonen ja Jussi Kokkola rakentavat artikkelissaan Koronapandemian puhujapositiot sosiaalisen median lapsi- ja perheaiheisissa keskusteluissa yhdeks\u00e4n puhujapositiota, joilla keskusteluun osallistutaan. \u201cSomessa puidaan perinteisess\u00e4&hellip;\" \/>\n<meta property=\"og:url\" content=\"https:\/\/mediaviestinta.fi\/mevi2020\/2021\/01\/miten-koronasta-somessa-puhutaan\/\" \/>\n<meta property=\"og:site_name\" content=\"Mevi\" \/>\n<meta property=\"article:publisher\" content=\"https:\/\/www.facebook.com\/MediaViestinta\/\" \/>\n<meta property=\"article:published_time\" content=\"2021-01-27T13:13:45+00:00\" \/>\n<meta property=\"article:modified_time\" content=\"2021-01-27T13:13:47+00:00\" \/>\n<meta property=\"og:image\" content=\"https:\/\/mediaviestinta.fi\/mevi2020\/wp-content\/uploads\/2021\/01\/cdc-w9KEokhajKw-unsplash.jpg\" \/>\n\t<meta property=\"og:image:width\" content=\"1920\" \/>\n\t<meta property=\"og:image:height\" content=\"1080\" \/>\n\t<meta property=\"og:image:type\" content=\"image\/jpeg\" \/>\n<meta name=\"author\" content=\"Mevi\" \/>\n<meta name=\"twitter:card\" content=\"summary_large_image\" \/>\n<meta name=\"twitter:creator\" content=\"@mediaviestinta\" \/>\n<meta name=\"twitter:site\" content=\"@mediaviestinta\" \/>\n<meta name=\"twitter:label1\" content=\"Kirjoittanut\" \/>\n\t<meta name=\"twitter:data1\" content=\"Mevi\" \/>\n\t<meta name=\"twitter:label2\" content=\"Arvioitu lukuaika\" \/>\n\t<meta name=\"twitter:data2\" content=\"1 minuutti\" \/>\n<script type=\"application\/ld+json\" class=\"yoast-schema-graph\">{\"@context\":\"https:\\\/\\\/schema.org\",\"@graph\":[{\"@type\":\"Article\",\"@id\":\"https:\\\/\\\/mediaviestinta.fi\\\/mevi2020\\\/2021\\\/01\\\/miten-koronasta-somessa-puhutaan\\\/#article\",\"isPartOf\":{\"@id\":\"https:\\\/\\\/mediaviestinta.fi\\\/mevi2020\\\/2021\\\/01\\\/miten-koronasta-somessa-puhutaan\\\/\"},\"author\":{\"name\":\"Mevi\",\"@id\":\"https:\\\/\\\/mediaviestinta.fi\\\/#\\\/schema\\\/person\\\/b2da34ab24cfcd17dbdd6c7cfb173257\"},\"headline\":\"Miten koronasta somessa puhutaan?\",\"datePublished\":\"2021-01-27T13:13:45+00:00\",\"dateModified\":\"2021-01-27T13:13:47+00:00\",\"mainEntityOfPage\":{\"@id\":\"https:\\\/\\\/mediaviestinta.fi\\\/mevi2020\\\/2021\\\/01\\\/miten-koronasta-somessa-puhutaan\\\/\"},\"wordCount\":286,\"commentCount\":0,\"publisher\":{\"@id\":\"https:\\\/\\\/mediaviestinta.fi\\\/#organization\"},\"image\":{\"@id\":\"https:\\\/\\\/mediaviestinta.fi\\\/mevi2020\\\/2021\\\/01\\\/miten-koronasta-somessa-puhutaan\\\/#primaryimage\"},\"thumbnailUrl\":\"https:\\\/\\\/mediaviestinta.fi\\\/mevi2020\\\/wp-content\\\/uploads\\\/2021\\\/01\\\/cdc-w9KEokhajKw-unsplash.jpg\",\"inLanguage\":\"fi\",\"potentialAction\":[{\"@type\":\"CommentAction\",\"name\":\"Comment\",\"target\":[\"https:\\\/\\\/mediaviestinta.fi\\\/mevi2020\\\/2021\\\/01\\\/miten-koronasta-somessa-puhutaan\\\/#respond\"]}]},{\"@type\":\"WebPage\",\"@id\":\"https:\\\/\\\/mediaviestinta.fi\\\/mevi2020\\\/2021\\\/01\\\/miten-koronasta-somessa-puhutaan\\\/\",\"url\":\"https:\\\/\\\/mediaviestinta.fi\\\/mevi2020\\\/2021\\\/01\\\/miten-koronasta-somessa-puhutaan\\\/\",\"name\":\"Miten koronasta somessa puhutaan? &#8211; Mevi\",\"isPartOf\":{\"@id\":\"https:\\\/\\\/mediaviestinta.fi\\\/#website\"},\"primaryImageOfPage\":{\"@id\":\"https:\\\/\\\/mediaviestinta.fi\\\/mevi2020\\\/2021\\\/01\\\/miten-koronasta-somessa-puhutaan\\\/#primaryimage\"},\"image\":{\"@id\":\"https:\\\/\\\/mediaviestinta.fi\\\/mevi2020\\\/2021\\\/01\\\/miten-koronasta-somessa-puhutaan\\\/#primaryimage\"},\"thumbnailUrl\":\"https:\\\/\\\/mediaviestinta.fi\\\/mevi2020\\\/wp-content\\\/uploads\\\/2021\\\/01\\\/cdc-w9KEokhajKw-unsplash.jpg\",\"datePublished\":\"2021-01-27T13:13:45+00:00\",\"dateModified\":\"2021-01-27T13:13:47+00:00\",\"breadcrumb\":{\"@id\":\"https:\\\/\\\/mediaviestinta.fi\\\/mevi2020\\\/2021\\\/01\\\/miten-koronasta-somessa-puhutaan\\\/#breadcrumb\"},\"inLanguage\":\"fi\",\"potentialAction\":[{\"@type\":\"ReadAction\",\"target\":[\"https:\\\/\\\/mediaviestinta.fi\\\/mevi2020\\\/2021\\\/01\\\/miten-koronasta-somessa-puhutaan\\\/\"]}]},{\"@type\":\"ImageObject\",\"inLanguage\":\"fi\",\"@id\":\"https:\\\/\\\/mediaviestinta.fi\\\/mevi2020\\\/2021\\\/01\\\/miten-koronasta-somessa-puhutaan\\\/#primaryimage\",\"url\":\"https:\\\/\\\/mediaviestinta.fi\\\/mevi2020\\\/wp-content\\\/uploads\\\/2021\\\/01\\\/cdc-w9KEokhajKw-unsplash.jpg\",\"contentUrl\":\"https:\\\/\\\/mediaviestinta.fi\\\/mevi2020\\\/wp-content\\\/uploads\\\/2021\\\/01\\\/cdc-w9KEokhajKw-unsplash.jpg\",\"width\":1920,\"height\":1080,\"caption\":\"Photo by CDC on Unsplash.\"},{\"@type\":\"BreadcrumbList\",\"@id\":\"https:\\\/\\\/mediaviestinta.fi\\\/mevi2020\\\/2021\\\/01\\\/miten-koronasta-somessa-puhutaan\\\/#breadcrumb\",\"itemListElement\":[{\"@type\":\"ListItem\",\"position\":1,\"name\":\"Home\",\"item\":\"https:\\\/\\\/mediaviestinta.fi\\\/\"},{\"@type\":\"ListItem\",\"position\":2,\"name\":\"Miten koronasta somessa puhutaan?\"}]},{\"@type\":\"WebSite\",\"@id\":\"https:\\\/\\\/mediaviestinta.fi\\\/#website\",\"url\":\"https:\\\/\\\/mediaviestinta.fi\\\/\",\"name\":\"Mevi\",\"description\":\"Media- ja viestint\u00e4tieteellinen seura Mevi\",\"publisher\":{\"@id\":\"https:\\\/\\\/mediaviestinta.fi\\\/#organization\"},\"potentialAction\":[{\"@type\":\"SearchAction\",\"target\":{\"@type\":\"EntryPoint\",\"urlTemplate\":\"https:\\\/\\\/mediaviestinta.fi\\\/?s={search_term_string}\"},\"query-input\":{\"@type\":\"PropertyValueSpecification\",\"valueRequired\":true,\"valueName\":\"search_term_string\"}}],\"inLanguage\":\"fi\"},{\"@type\":\"Organization\",\"@id\":\"https:\\\/\\\/mediaviestinta.fi\\\/#organization\",\"name\":\"Media- ja viestint\u00e4tieteellinen seura Mevi\",\"url\":\"https:\\\/\\\/mediaviestinta.fi\\\/\",\"logo\":{\"@type\":\"ImageObject\",\"inLanguage\":\"fi\",\"@id\":\"https:\\\/\\\/mediaviestinta.fi\\\/#\\\/schema\\\/logo\\\/image\\\/\",\"url\":\"https:\\\/\\\/mediaviestinta.fi\\\/mevi2020\\\/wp-content\\\/uploads\\\/2020\\\/03\\\/mevi-logo-RGB-Transparent.png\",\"contentUrl\":\"https:\\\/\\\/mediaviestinta.fi\\\/mevi2020\\\/wp-content\\\/uploads\\\/2020\\\/03\\\/mevi-logo-RGB-Transparent.png\",\"width\":910,\"height\":464,\"caption\":\"Media- ja viestint\u00e4tieteellinen seura Mevi\"},\"image\":{\"@id\":\"https:\\\/\\\/mediaviestinta.fi\\\/#\\\/schema\\\/logo\\\/image\\\/\"},\"sameAs\":[\"https:\\\/\\\/www.facebook.com\\\/MediaViestinta\\\/\",\"https:\\\/\\\/x.com\\\/mediaviestinta\"]},{\"@type\":\"Person\",\"@id\":\"https:\\\/\\\/mediaviestinta.fi\\\/#\\\/schema\\\/person\\\/b2da34ab24cfcd17dbdd6c7cfb173257\",\"name\":\"Mevi\",\"image\":{\"@type\":\"ImageObject\",\"inLanguage\":\"fi\",\"@id\":\"https:\\\/\\\/secure.gravatar.com\\\/avatar\\\/3305b76d1667dc119a18808ed03d6a1fc2dfa8b6a1cddecb8c4d27ef14ec32ca?s=96&d=mm&r=g\",\"url\":\"https:\\\/\\\/secure.gravatar.com\\\/avatar\\\/3305b76d1667dc119a18808ed03d6a1fc2dfa8b6a1cddecb8c4d27ef14ec32ca?s=96&d=mm&r=g\",\"contentUrl\":\"https:\\\/\\\/secure.gravatar.com\\\/avatar\\\/3305b76d1667dc119a18808ed03d6a1fc2dfa8b6a1cddecb8c4d27ef14ec32ca?s=96&d=mm&r=g\",\"caption\":\"Mevi\"},\"url\":\"https:\\\/\\\/mediaviestinta.fi\\\/mevi2020\\\/author\\\/mediavie\\\/\"}]}<\/script>\n<!-- \/ Yoast SEO plugin. -->","yoast_head_json":{"title":"Miten koronasta somessa puhutaan? &#8211; Mevi","robots":{"index":"index","follow":"follow","max-snippet":"max-snippet:-1","max-image-preview":"max-image-preview:large","max-video-preview":"max-video-preview:-1"},"canonical":"https:\/\/mediaviestinta.fi\/mevi2020\/2021\/01\/miten-koronasta-somessa-puhutaan\/","og_locale":"fi_FI","og_type":"article","og_title":"Miten koronasta somessa puhutaan? &#8211; Mevi","og_description":"Auttaja, huolestuja, selviytyj\u00e4, riidanhaastaja, laajentaja\u2026 Harri Jalonen ja Jussi Kokkola rakentavat artikkelissaan Koronapandemian puhujapositiot sosiaalisen median lapsi- ja perheaiheisissa keskusteluissa yhdeks\u00e4n puhujapositiota, joilla keskusteluun osallistutaan. \u201cSomessa puidaan perinteisess\u00e4&hellip;","og_url":"https:\/\/mediaviestinta.fi\/mevi2020\/2021\/01\/miten-koronasta-somessa-puhutaan\/","og_site_name":"Mevi","article_publisher":"https:\/\/www.facebook.com\/MediaViestinta\/","article_published_time":"2021-01-27T13:13:45+00:00","article_modified_time":"2021-01-27T13:13:47+00:00","og_image":[{"width":1920,"height":1080,"url":"https:\/\/mediaviestinta.fi\/mevi2020\/wp-content\/uploads\/2021\/01\/cdc-w9KEokhajKw-unsplash.jpg","type":"image\/jpeg"}],"author":"Mevi","twitter_card":"summary_large_image","twitter_creator":"@mediaviestinta","twitter_site":"@mediaviestinta","twitter_misc":{"Kirjoittanut":"Mevi","Arvioitu lukuaika":"1 minuutti"},"schema":{"@context":"https:\/\/schema.org","@graph":[{"@type":"Article","@id":"https:\/\/mediaviestinta.fi\/mevi2020\/2021\/01\/miten-koronasta-somessa-puhutaan\/#article","isPartOf":{"@id":"https:\/\/mediaviestinta.fi\/mevi2020\/2021\/01\/miten-koronasta-somessa-puhutaan\/"},"author":{"name":"Mevi","@id":"https:\/\/mediaviestinta.fi\/#\/schema\/person\/b2da34ab24cfcd17dbdd6c7cfb173257"},"headline":"Miten koronasta somessa puhutaan?","datePublished":"2021-01-27T13:13:45+00:00","dateModified":"2021-01-27T13:13:47+00:00","mainEntityOfPage":{"@id":"https:\/\/mediaviestinta.fi\/mevi2020\/2021\/01\/miten-koronasta-somessa-puhutaan\/"},"wordCount":286,"commentCount":0,"publisher":{"@id":"https:\/\/mediaviestinta.fi\/#organization"},"image":{"@id":"https:\/\/mediaviestinta.fi\/mevi2020\/2021\/01\/miten-koronasta-somessa-puhutaan\/#primaryimage"},"thumbnailUrl":"https:\/\/mediaviestinta.fi\/mevi2020\/wp-content\/uploads\/2021\/01\/cdc-w9KEokhajKw-unsplash.jpg","inLanguage":"fi","potentialAction":[{"@type":"CommentAction","name":"Comment","target":["https:\/\/mediaviestinta.fi\/mevi2020\/2021\/01\/miten-koronasta-somessa-puhutaan\/#respond"]}]},{"@type":"WebPage","@id":"https:\/\/mediaviestinta.fi\/mevi2020\/2021\/01\/miten-koronasta-somessa-puhutaan\/","url":"https:\/\/mediaviestinta.fi\/mevi2020\/2021\/01\/miten-koronasta-somessa-puhutaan\/","name":"Miten koronasta somessa puhutaan? &#8211; Mevi","isPartOf":{"@id":"https:\/\/mediaviestinta.fi\/#website"},"primaryImageOfPage":{"@id":"https:\/\/mediaviestinta.fi\/mevi2020\/2021\/01\/miten-koronasta-somessa-puhutaan\/#primaryimage"},"image":{"@id":"https:\/\/mediaviestinta.fi\/mevi2020\/2021\/01\/miten-koronasta-somessa-puhutaan\/#primaryimage"},"thumbnailUrl":"https:\/\/mediaviestinta.fi\/mevi2020\/wp-content\/uploads\/2021\/01\/cdc-w9KEokhajKw-unsplash.jpg","datePublished":"2021-01-27T13:13:45+00:00","dateModified":"2021-01-27T13:13:47+00:00","breadcrumb":{"@id":"https:\/\/mediaviestinta.fi\/mevi2020\/2021\/01\/miten-koronasta-somessa-puhutaan\/#breadcrumb"},"inLanguage":"fi","potentialAction":[{"@type":"ReadAction","target":["https:\/\/mediaviestinta.fi\/mevi2020\/2021\/01\/miten-koronasta-somessa-puhutaan\/"]}]},{"@type":"ImageObject","inLanguage":"fi","@id":"https:\/\/mediaviestinta.fi\/mevi2020\/2021\/01\/miten-koronasta-somessa-puhutaan\/#primaryimage","url":"https:\/\/mediaviestinta.fi\/mevi2020\/wp-content\/uploads\/2021\/01\/cdc-w9KEokhajKw-unsplash.jpg","contentUrl":"https:\/\/mediaviestinta.fi\/mevi2020\/wp-content\/uploads\/2021\/01\/cdc-w9KEokhajKw-unsplash.jpg","width":1920,"height":1080,"caption":"Photo by CDC on Unsplash."},{"@type":"BreadcrumbList","@id":"https:\/\/mediaviestinta.fi\/mevi2020\/2021\/01\/miten-koronasta-somessa-puhutaan\/#breadcrumb","itemListElement":[{"@type":"ListItem","position":1,"name":"Home","item":"https:\/\/mediaviestinta.fi\/"},{"@type":"ListItem","position":2,"name":"Miten koronasta somessa puhutaan?"}]},{"@type":"WebSite","@id":"https:\/\/mediaviestinta.fi\/#website","url":"https:\/\/mediaviestinta.fi\/","name":"Mevi","description":"Media- ja viestint\u00e4tieteellinen seura Mevi","publisher":{"@id":"https:\/\/mediaviestinta.fi\/#organization"},"potentialAction":[{"@type":"SearchAction","target":{"@type":"EntryPoint","urlTemplate":"https:\/\/mediaviestinta.fi\/?s={search_term_string}"},"query-input":{"@type":"PropertyValueSpecification","valueRequired":true,"valueName":"search_term_string"}}],"inLanguage":"fi"},{"@type":"Organization","@id":"https:\/\/mediaviestinta.fi\/#organization","name":"Media- ja viestint\u00e4tieteellinen seura Mevi","url":"https:\/\/mediaviestinta.fi\/","logo":{"@type":"ImageObject","inLanguage":"fi","@id":"https:\/\/mediaviestinta.fi\/#\/schema\/logo\/image\/","url":"https:\/\/mediaviestinta.fi\/mevi2020\/wp-content\/uploads\/2020\/03\/mevi-logo-RGB-Transparent.png","contentUrl":"https:\/\/mediaviestinta.fi\/mevi2020\/wp-content\/uploads\/2020\/03\/mevi-logo-RGB-Transparent.png","width":910,"height":464,"caption":"Media- ja viestint\u00e4tieteellinen seura Mevi"},"image":{"@id":"https:\/\/mediaviestinta.fi\/#\/schema\/logo\/image\/"},"sameAs":["https:\/\/www.facebook.com\/MediaViestinta\/","https:\/\/x.com\/mediaviestinta"]},{"@type":"Person","@id":"https:\/\/mediaviestinta.fi\/#\/schema\/person\/b2da34ab24cfcd17dbdd6c7cfb173257","name":"Mevi","image":{"@type":"ImageObject","inLanguage":"fi","@id":"https:\/\/secure.gravatar.com\/avatar\/3305b76d1667dc119a18808ed03d6a1fc2dfa8b6a1cddecb8c4d27ef14ec32ca?s=96&d=mm&r=g","url":"https:\/\/secure.gravatar.com\/avatar\/3305b76d1667dc119a18808ed03d6a1fc2dfa8b6a1cddecb8c4d27ef14ec32ca?s=96&d=mm&r=g","contentUrl":"https:\/\/secure.gravatar.com\/avatar\/3305b76d1667dc119a18808ed03d6a1fc2dfa8b6a1cddecb8c4d27ef14ec32ca?s=96&d=mm&r=g","caption":"Mevi"},"url":"https:\/\/mediaviestinta.fi\/mevi2020\/author\/mediavie\/"}]}},"_links":{"self":[{"href":"https:\/\/mediaviestinta.fi\/mevi2020\/wp-json\/wp\/v2\/posts\/4419","targetHints":{"allow":["GET"]}}],"collection":[{"href":"https:\/\/mediaviestinta.fi\/mevi2020\/wp-json\/wp\/v2\/posts"}],"about":[{"href":"https:\/\/mediaviestinta.fi\/mevi2020\/wp-json\/wp\/v2\/types\/post"}],"author":[{"embeddable":true,"href":"https:\/\/mediaviestinta.fi\/mevi2020\/wp-json\/wp\/v2\/users\/3"}],"replies":[{"embeddable":true,"href":"https:\/\/mediaviestinta.fi\/mevi2020\/wp-json\/wp\/v2\/comments?post=4419"}],"version-history":[{"count":4,"href":"https:\/\/mediaviestinta.fi\/mevi2020\/wp-json\/wp\/v2\/posts\/4419\/revisions"}],"predecessor-version":[{"id":4423,"href":"https:\/\/mediaviestinta.fi\/mevi2020\/wp-json\/wp\/v2\/posts\/4419\/revisions\/4423"}],"wp:featuredmedia":[{"embeddable":true,"href":"https:\/\/mediaviestinta.fi\/mevi2020\/wp-json\/wp\/v2\/media\/4424"}],"wp:attachment":[{"href":"https:\/\/mediaviestinta.fi\/mevi2020\/wp-json\/wp\/v2\/media?parent=4419"}],"wp:term":[{"taxonomy":"category","embeddable":true,"href":"https:\/\/mediaviestinta.fi\/mevi2020\/wp-json\/wp\/v2\/categories?post=4419"},{"taxonomy":"post_tag","embeddable":true,"href":"https:\/\/mediaviestinta.fi\/mevi2020\/wp-json\/wp\/v2\/tags?post=4419"}],"curies":[{"name":"wp","href":"https:\/\/api.w.org\/{rel}","templated":true}]}}