{"id":4461,"date":"2021-04-07T09:30:56","date_gmt":"2021-04-07T06:30:56","guid":{"rendered":"https:\/\/mediaviestinta.fi\/?p=4461"},"modified":"2021-04-07T09:31:29","modified_gmt":"2021-04-07T06:31:29","slug":"miten-media-rakensi-remedysta-menestystarinan","status":"publish","type":"post","link":"https:\/\/mediaviestinta.fi\/mevi2020\/2021\/04\/miten-media-rakensi-remedysta-menestystarinan\/","title":{"rendered":"Miten media rakensi Remedyst\u00e4 menestystarinan?"},"content":{"rendered":"\n<p><strong>&#8221;Punaisena lankana Remedyn menestystarinassa toimi selonteko siit\u00e4, miten pienen ydinryhm\u00e4n harrastus muuttui ammattimaiseksi liiketoiminnaksi ja miten yritys kasvoi vuosien saatossa pienest\u00e4 autotalliyrityksest\u00e4 p\u00f6rssiyhti\u00f6ksi&#8221;, kirjoittavat Tero Pasanen ja Jaakko Suominen artikkelissaan <a href=\"https:\/\/journal.fi\/mediaviestinta\/article\/view\/107303\" target=\"_blank\" rel=\"noreferrer noopener\">Demoryhm\u00e4st\u00e4 p\u00f6rssiyhti\u00f6ksi<\/a>, joka on julkaistu\u00a0<em>Media &amp; viestint\u00e4<\/em>\u00a0-lehdess\u00e4\u00a0<a rel=\"noreferrer noopener\" href=\"https:\/\/journal.fi\/mediaviestinta\/issue\/view\/7153\" target=\"_blank\">1\/2021<\/a>.<\/strong><\/p>\n\n\n\n<p><strong>1.\u00a0 Mihin keskusteluun artikkelinne liittyy?<\/strong><br>Artikkelimme liittyy yhteiskunnalliseen keskusteluun, jossa pohditaan suomalaisen digitaalisen peliteollisuuden merkityst\u00e4 ja menestyst\u00e4. Tieteellisest\u00e4 n\u00e4k\u00f6kulmasta artikkeli linkittyy erityisesti 2000-luvulla nousseeseen digitaalisten pelikulttuurien tutkimukseen, pelihistoriantutkimukseen sek\u00e4 pelijournalismin tutkimukseen.<\/p>\n\n\n\n<p><strong>2.\u00a0 Mik\u00e4 on antinne t\u00e4h\u00e4n keskusteluun?<\/strong><br>Halusimme k\u00e4sitell\u00e4 kriittisesti niit\u00e4 tapoja, joilla suomalaista peliteollisuutta l\u00e4hestyt\u00e4\u00e4n kotimaisessa lehdist\u00f6ss\u00e4. T\u00e4ss\u00e4 artikkelissa olemme keskittyneet yhden keskeisen yrityksen, Remedyn, julkisen kuvan kehitykseen. Tarkastelimme aihepiiri\u00e4 menestystarinan ajatuksen kautta, kiinnitt\u00e4en erityisesti huomiota lehtikirjoittelun aihealueisiin ja mediakehyksiin, joiden avulla t\u00e4t\u00e4 kyseist\u00e4 tarinaa on rakennettu 1990-luvun lopulta t\u00e4h\u00e4n p\u00e4iv\u00e4\u00e4n.<\/p>\n\n\n\n<p><strong>3.\u00a0 Mik\u00e4 on artikkelinne keskeinen argumentti?<\/strong><br>Peliteollisuutta k\u00e4sitell\u00e4\u00e4n mediassa muutaman p\u00e4\u00e4teeman kautta, joista korostuvat erityisesti yritystoimintaan, talouteen ja teknologiaan liittyv\u00e4t seikat. Varsinkin valtalehdist\u00f6 k\u00e4sittelee edelleen niukemmin pelej\u00e4 osana laajempaa kulttuuriteollisuuden viitekehyst\u00e4, eik\u00e4 juuri viittaa esimerkiksi pelaajiin. Tilanne on tosin hiljalleen muuttumassa.<\/p>\n\n\n\n<p><strong>4.\u00a0 Mit\u00e4 haluatte artikkelillanne sanoa?<\/strong><br>Pelijournalismin tutkimuksessa on hedelm\u00e4llist\u00e4 tarkastella asioita historiallisina muutosprosesseina. Toisaalta tutkimuksemme osoittaa my\u00f6s, ett\u00e4 Suomessa olisi tarvetta nykyist\u00e4 moniulotteisemmalle ja kriittisemm\u00e4lle pelijournalismille.<\/p>\n\n\n\n<p><strong>\u00a0 5.\u00a0 Kenen kannattaa lukea artikkelinne?<\/strong><br>Media &amp; viestint\u00e4 -lehdess\u00e4 ei ole juurikaan julkaistu digitaalisia pelej\u00e4 ja pelaamista k\u00e4sittelevi\u00e4 artikkeleita. K\u00e4ytt\u00e4m\u00e4mme kehysanalyysi on sit\u00e4 vastoin teoreettisena viitekehyksen\u00e4 varsin tuttu lehden lukijakunnalle. Halusimme\u00a0 tuoda esiin sen, ett\u00e4 my\u00f6s peliaiheet sopivat hyvin Media &amp; viestint\u00e4 -lehteen. Uskomme, ett\u00e4 aihepiiri kiinnostaa laajemminkin peli- ja viestint\u00e4alan tutkijoita, opiskelijoita ja muita ammattilaisia.<\/p>\n\n\n\n<p><strong>6.\u00a0 Mik\u00e4 sai teid\u00e4t tarttumaan t\u00e4h\u00e4n aiheeseen?<\/strong><br>Olemme mukana Suomen Akatemian rahoittamassa pelikulttuurien tutkimuksen huippuyksik\u00f6ss\u00e4 (Tampereen, Jyv\u00e4skyl\u00e4n ja Turun yliopistot). Yksi huippuyksik\u00f6n teemoista k\u00e4sittelee sit\u00e4, miten yhteiskunta kehyst\u00e4\u00e4 pelikulttuureja. T\u00e4m\u00e4n teeman sis\u00e4ll\u00e4 tutkimme pelaamiseen liittyv\u00e4\u00e4 julkista ja yhteiskunnallista keskustelua. Aiemmin olimme tutkineet enemm\u00e4n peli- ja tietokoneharrastuskulttuurien sis\u00e4ist\u00e4 keskustelua pelaamisesta, joten nyt halusimme l\u00e4hesty\u00e4 aihealuetta my\u00f6s sanomalehtikeskustelun kautta.<\/p>\n","protected":false},"excerpt":{"rendered":"<p>&#8221;Punaisena lankana Remedyn menestystarinassa toimi selonteko siit\u00e4, miten pienen ydinryhm\u00e4n harrastus muuttui ammattimaiseksi liiketoiminnaksi ja miten yritys kasvoi vuosien saatossa pienest\u00e4 autotalliyrityksest\u00e4 p\u00f6rssiyhti\u00f6ksi&#8221;, kirjoittavat Tero Pasanen ja Jaakko&hellip;<\/p>\n","protected":false},"author":3,"featured_media":4525,"comment_status":"open","ping_status":"closed","sticky":false,"template":"","format":"standard","meta":{"_monsterinsights_skip_tracking":false,"_monsterinsights_sitenote_active":false,"_monsterinsights_sitenote_note":"","_monsterinsights_sitenote_category":0,"footnotes":""},"categories":[1],"tags":[107,174,173,175],"class_list":["post-4461","post","type-post","status-publish","format-standard","has-post-thumbnail","hentry","category-yleinen","tag-kehysanalyysi","tag-pelijournalismi","tag-peliteollisuus","tag-remedy"],"yoast_head":"<!-- This site is optimized with the Yoast SEO plugin v27.5 - https:\/\/yoast.com\/product\/yoast-seo-wordpress\/ -->\n<title>Miten media rakensi Remedyst\u00e4 menestystarinan? &#8211; Mevi<\/title>\n<meta name=\"robots\" content=\"index, follow, max-snippet:-1, max-image-preview:large, max-video-preview:-1\" \/>\n<link rel=\"canonical\" href=\"https:\/\/mediaviestinta.fi\/mevi2020\/2021\/04\/miten-media-rakensi-remedysta-menestystarinan\/\" \/>\n<meta property=\"og:locale\" content=\"fi_FI\" \/>\n<meta property=\"og:type\" content=\"article\" \/>\n<meta property=\"og:title\" content=\"Miten media rakensi Remedyst\u00e4 menestystarinan? &#8211; Mevi\" \/>\n<meta property=\"og:description\" content=\"&#8221;Punaisena lankana Remedyn menestystarinassa toimi selonteko siit\u00e4, miten pienen ydinryhm\u00e4n harrastus muuttui ammattimaiseksi liiketoiminnaksi ja miten yritys kasvoi vuosien saatossa pienest\u00e4 autotalliyrityksest\u00e4 p\u00f6rssiyhti\u00f6ksi&#8221;, kirjoittavat Tero Pasanen ja Jaakko&hellip;\" \/>\n<meta property=\"og:url\" content=\"https:\/\/mediaviestinta.fi\/mevi2020\/2021\/04\/miten-media-rakensi-remedysta-menestystarinan\/\" \/>\n<meta property=\"og:site_name\" content=\"Mevi\" \/>\n<meta property=\"article:publisher\" content=\"https:\/\/www.facebook.com\/MediaViestinta\/\" \/>\n<meta property=\"article:published_time\" content=\"2021-04-07T06:30:56+00:00\" \/>\n<meta property=\"article:modified_time\" content=\"2021-04-07T06:31:29+00:00\" \/>\n<meta property=\"og:image\" content=\"https:\/\/mediaviestinta.fi\/mevi2020\/wp-content\/uploads\/2021\/04\/Remedy-Max-Payne.jpg\" \/>\n\t<meta property=\"og:image:width\" content=\"1315\" \/>\n\t<meta property=\"og:image:height\" content=\"517\" \/>\n\t<meta property=\"og:image:type\" content=\"image\/jpeg\" \/>\n<meta name=\"author\" content=\"Mevi\" \/>\n<meta name=\"twitter:card\" content=\"summary_large_image\" \/>\n<meta name=\"twitter:creator\" content=\"@mediaviestinta\" \/>\n<meta name=\"twitter:site\" content=\"@mediaviestinta\" \/>\n<meta name=\"twitter:label1\" content=\"Kirjoittanut\" \/>\n\t<meta name=\"twitter:data1\" content=\"Mevi\" \/>\n\t<meta name=\"twitter:label2\" content=\"Arvioitu lukuaika\" \/>\n\t<meta name=\"twitter:data2\" content=\"2 minuuttia\" \/>\n<script type=\"application\/ld+json\" class=\"yoast-schema-graph\">{\"@context\":\"https:\\\/\\\/schema.org\",\"@graph\":[{\"@type\":\"Article\",\"@id\":\"https:\\\/\\\/mediaviestinta.fi\\\/mevi2020\\\/2021\\\/04\\\/miten-media-rakensi-remedysta-menestystarinan\\\/#article\",\"isPartOf\":{\"@id\":\"https:\\\/\\\/mediaviestinta.fi\\\/mevi2020\\\/2021\\\/04\\\/miten-media-rakensi-remedysta-menestystarinan\\\/\"},\"author\":{\"name\":\"Mevi\",\"@id\":\"https:\\\/\\\/mediaviestinta.fi\\\/#\\\/schema\\\/person\\\/b2da34ab24cfcd17dbdd6c7cfb173257\"},\"headline\":\"Miten media rakensi Remedyst\u00e4 menestystarinan?\",\"datePublished\":\"2021-04-07T06:30:56+00:00\",\"dateModified\":\"2021-04-07T06:31:29+00:00\",\"mainEntityOfPage\":{\"@id\":\"https:\\\/\\\/mediaviestinta.fi\\\/mevi2020\\\/2021\\\/04\\\/miten-media-rakensi-remedysta-menestystarinan\\\/\"},\"wordCount\":350,\"commentCount\":0,\"publisher\":{\"@id\":\"https:\\\/\\\/mediaviestinta.fi\\\/#organization\"},\"image\":{\"@id\":\"https:\\\/\\\/mediaviestinta.fi\\\/mevi2020\\\/2021\\\/04\\\/miten-media-rakensi-remedysta-menestystarinan\\\/#primaryimage\"},\"thumbnailUrl\":\"https:\\\/\\\/mediaviestinta.fi\\\/mevi2020\\\/wp-content\\\/uploads\\\/2021\\\/04\\\/Remedy-Max-Payne.jpg\",\"keywords\":[\"kehysanalyysi\",\"pelijournalismi\",\"peliteollisuus\",\"Remedy\"],\"inLanguage\":\"fi\",\"potentialAction\":[{\"@type\":\"CommentAction\",\"name\":\"Comment\",\"target\":[\"https:\\\/\\\/mediaviestinta.fi\\\/mevi2020\\\/2021\\\/04\\\/miten-media-rakensi-remedysta-menestystarinan\\\/#respond\"]}]},{\"@type\":\"WebPage\",\"@id\":\"https:\\\/\\\/mediaviestinta.fi\\\/mevi2020\\\/2021\\\/04\\\/miten-media-rakensi-remedysta-menestystarinan\\\/\",\"url\":\"https:\\\/\\\/mediaviestinta.fi\\\/mevi2020\\\/2021\\\/04\\\/miten-media-rakensi-remedysta-menestystarinan\\\/\",\"name\":\"Miten media rakensi Remedyst\u00e4 menestystarinan? &#8211; Mevi\",\"isPartOf\":{\"@id\":\"https:\\\/\\\/mediaviestinta.fi\\\/#website\"},\"primaryImageOfPage\":{\"@id\":\"https:\\\/\\\/mediaviestinta.fi\\\/mevi2020\\\/2021\\\/04\\\/miten-media-rakensi-remedysta-menestystarinan\\\/#primaryimage\"},\"image\":{\"@id\":\"https:\\\/\\\/mediaviestinta.fi\\\/mevi2020\\\/2021\\\/04\\\/miten-media-rakensi-remedysta-menestystarinan\\\/#primaryimage\"},\"thumbnailUrl\":\"https:\\\/\\\/mediaviestinta.fi\\\/mevi2020\\\/wp-content\\\/uploads\\\/2021\\\/04\\\/Remedy-Max-Payne.jpg\",\"datePublished\":\"2021-04-07T06:30:56+00:00\",\"dateModified\":\"2021-04-07T06:31:29+00:00\",\"breadcrumb\":{\"@id\":\"https:\\\/\\\/mediaviestinta.fi\\\/mevi2020\\\/2021\\\/04\\\/miten-media-rakensi-remedysta-menestystarinan\\\/#breadcrumb\"},\"inLanguage\":\"fi\",\"potentialAction\":[{\"@type\":\"ReadAction\",\"target\":[\"https:\\\/\\\/mediaviestinta.fi\\\/mevi2020\\\/2021\\\/04\\\/miten-media-rakensi-remedysta-menestystarinan\\\/\"]}]},{\"@type\":\"ImageObject\",\"inLanguage\":\"fi\",\"@id\":\"https:\\\/\\\/mediaviestinta.fi\\\/mevi2020\\\/2021\\\/04\\\/miten-media-rakensi-remedysta-menestystarinan\\\/#primaryimage\",\"url\":\"https:\\\/\\\/mediaviestinta.fi\\\/mevi2020\\\/wp-content\\\/uploads\\\/2021\\\/04\\\/Remedy-Max-Payne.jpg\",\"contentUrl\":\"https:\\\/\\\/mediaviestinta.fi\\\/mevi2020\\\/wp-content\\\/uploads\\\/2021\\\/04\\\/Remedy-Max-Payne.jpg\",\"width\":1315,\"height\":517,\"caption\":\"Kuvakaappaus Remedyn verkkosivustolta.\"},{\"@type\":\"BreadcrumbList\",\"@id\":\"https:\\\/\\\/mediaviestinta.fi\\\/mevi2020\\\/2021\\\/04\\\/miten-media-rakensi-remedysta-menestystarinan\\\/#breadcrumb\",\"itemListElement\":[{\"@type\":\"ListItem\",\"position\":1,\"name\":\"Home\",\"item\":\"https:\\\/\\\/mediaviestinta.fi\\\/\"},{\"@type\":\"ListItem\",\"position\":2,\"name\":\"Miten media rakensi Remedyst\u00e4 menestystarinan?\"}]},{\"@type\":\"WebSite\",\"@id\":\"https:\\\/\\\/mediaviestinta.fi\\\/#website\",\"url\":\"https:\\\/\\\/mediaviestinta.fi\\\/\",\"name\":\"Mevi\",\"description\":\"Media- ja viestint\u00e4tieteellinen seura Mevi\",\"publisher\":{\"@id\":\"https:\\\/\\\/mediaviestinta.fi\\\/#organization\"},\"potentialAction\":[{\"@type\":\"SearchAction\",\"target\":{\"@type\":\"EntryPoint\",\"urlTemplate\":\"https:\\\/\\\/mediaviestinta.fi\\\/?s={search_term_string}\"},\"query-input\":{\"@type\":\"PropertyValueSpecification\",\"valueRequired\":true,\"valueName\":\"search_term_string\"}}],\"inLanguage\":\"fi\"},{\"@type\":\"Organization\",\"@id\":\"https:\\\/\\\/mediaviestinta.fi\\\/#organization\",\"name\":\"Media- ja viestint\u00e4tieteellinen seura Mevi\",\"url\":\"https:\\\/\\\/mediaviestinta.fi\\\/\",\"logo\":{\"@type\":\"ImageObject\",\"inLanguage\":\"fi\",\"@id\":\"https:\\\/\\\/mediaviestinta.fi\\\/#\\\/schema\\\/logo\\\/image\\\/\",\"url\":\"https:\\\/\\\/mediaviestinta.fi\\\/mevi2020\\\/wp-content\\\/uploads\\\/2020\\\/03\\\/mevi-logo-RGB-Transparent.png\",\"contentUrl\":\"https:\\\/\\\/mediaviestinta.fi\\\/mevi2020\\\/wp-content\\\/uploads\\\/2020\\\/03\\\/mevi-logo-RGB-Transparent.png\",\"width\":910,\"height\":464,\"caption\":\"Media- ja viestint\u00e4tieteellinen seura Mevi\"},\"image\":{\"@id\":\"https:\\\/\\\/mediaviestinta.fi\\\/#\\\/schema\\\/logo\\\/image\\\/\"},\"sameAs\":[\"https:\\\/\\\/www.facebook.com\\\/MediaViestinta\\\/\",\"https:\\\/\\\/x.com\\\/mediaviestinta\"]},{\"@type\":\"Person\",\"@id\":\"https:\\\/\\\/mediaviestinta.fi\\\/#\\\/schema\\\/person\\\/b2da34ab24cfcd17dbdd6c7cfb173257\",\"name\":\"Mevi\",\"image\":{\"@type\":\"ImageObject\",\"inLanguage\":\"fi\",\"@id\":\"https:\\\/\\\/secure.gravatar.com\\\/avatar\\\/3305b76d1667dc119a18808ed03d6a1fc2dfa8b6a1cddecb8c4d27ef14ec32ca?s=96&d=mm&r=g\",\"url\":\"https:\\\/\\\/secure.gravatar.com\\\/avatar\\\/3305b76d1667dc119a18808ed03d6a1fc2dfa8b6a1cddecb8c4d27ef14ec32ca?s=96&d=mm&r=g\",\"contentUrl\":\"https:\\\/\\\/secure.gravatar.com\\\/avatar\\\/3305b76d1667dc119a18808ed03d6a1fc2dfa8b6a1cddecb8c4d27ef14ec32ca?s=96&d=mm&r=g\",\"caption\":\"Mevi\"},\"url\":\"https:\\\/\\\/mediaviestinta.fi\\\/mevi2020\\\/author\\\/mediavie\\\/\"}]}<\/script>\n<!-- \/ Yoast SEO plugin. -->","yoast_head_json":{"title":"Miten media rakensi Remedyst\u00e4 menestystarinan? &#8211; Mevi","robots":{"index":"index","follow":"follow","max-snippet":"max-snippet:-1","max-image-preview":"max-image-preview:large","max-video-preview":"max-video-preview:-1"},"canonical":"https:\/\/mediaviestinta.fi\/mevi2020\/2021\/04\/miten-media-rakensi-remedysta-menestystarinan\/","og_locale":"fi_FI","og_type":"article","og_title":"Miten media rakensi Remedyst\u00e4 menestystarinan? &#8211; Mevi","og_description":"&#8221;Punaisena lankana Remedyn menestystarinassa toimi selonteko siit\u00e4, miten pienen ydinryhm\u00e4n harrastus muuttui ammattimaiseksi liiketoiminnaksi ja miten yritys kasvoi vuosien saatossa pienest\u00e4 autotalliyrityksest\u00e4 p\u00f6rssiyhti\u00f6ksi&#8221;, kirjoittavat Tero Pasanen ja Jaakko&hellip;","og_url":"https:\/\/mediaviestinta.fi\/mevi2020\/2021\/04\/miten-media-rakensi-remedysta-menestystarinan\/","og_site_name":"Mevi","article_publisher":"https:\/\/www.facebook.com\/MediaViestinta\/","article_published_time":"2021-04-07T06:30:56+00:00","article_modified_time":"2021-04-07T06:31:29+00:00","og_image":[{"width":1315,"height":517,"url":"https:\/\/mediaviestinta.fi\/mevi2020\/wp-content\/uploads\/2021\/04\/Remedy-Max-Payne.jpg","type":"image\/jpeg"}],"author":"Mevi","twitter_card":"summary_large_image","twitter_creator":"@mediaviestinta","twitter_site":"@mediaviestinta","twitter_misc":{"Kirjoittanut":"Mevi","Arvioitu lukuaika":"2 minuuttia"},"schema":{"@context":"https:\/\/schema.org","@graph":[{"@type":"Article","@id":"https:\/\/mediaviestinta.fi\/mevi2020\/2021\/04\/miten-media-rakensi-remedysta-menestystarinan\/#article","isPartOf":{"@id":"https:\/\/mediaviestinta.fi\/mevi2020\/2021\/04\/miten-media-rakensi-remedysta-menestystarinan\/"},"author":{"name":"Mevi","@id":"https:\/\/mediaviestinta.fi\/#\/schema\/person\/b2da34ab24cfcd17dbdd6c7cfb173257"},"headline":"Miten media rakensi Remedyst\u00e4 menestystarinan?","datePublished":"2021-04-07T06:30:56+00:00","dateModified":"2021-04-07T06:31:29+00:00","mainEntityOfPage":{"@id":"https:\/\/mediaviestinta.fi\/mevi2020\/2021\/04\/miten-media-rakensi-remedysta-menestystarinan\/"},"wordCount":350,"commentCount":0,"publisher":{"@id":"https:\/\/mediaviestinta.fi\/#organization"},"image":{"@id":"https:\/\/mediaviestinta.fi\/mevi2020\/2021\/04\/miten-media-rakensi-remedysta-menestystarinan\/#primaryimage"},"thumbnailUrl":"https:\/\/mediaviestinta.fi\/mevi2020\/wp-content\/uploads\/2021\/04\/Remedy-Max-Payne.jpg","keywords":["kehysanalyysi","pelijournalismi","peliteollisuus","Remedy"],"inLanguage":"fi","potentialAction":[{"@type":"CommentAction","name":"Comment","target":["https:\/\/mediaviestinta.fi\/mevi2020\/2021\/04\/miten-media-rakensi-remedysta-menestystarinan\/#respond"]}]},{"@type":"WebPage","@id":"https:\/\/mediaviestinta.fi\/mevi2020\/2021\/04\/miten-media-rakensi-remedysta-menestystarinan\/","url":"https:\/\/mediaviestinta.fi\/mevi2020\/2021\/04\/miten-media-rakensi-remedysta-menestystarinan\/","name":"Miten media rakensi Remedyst\u00e4 menestystarinan? &#8211; Mevi","isPartOf":{"@id":"https:\/\/mediaviestinta.fi\/#website"},"primaryImageOfPage":{"@id":"https:\/\/mediaviestinta.fi\/mevi2020\/2021\/04\/miten-media-rakensi-remedysta-menestystarinan\/#primaryimage"},"image":{"@id":"https:\/\/mediaviestinta.fi\/mevi2020\/2021\/04\/miten-media-rakensi-remedysta-menestystarinan\/#primaryimage"},"thumbnailUrl":"https:\/\/mediaviestinta.fi\/mevi2020\/wp-content\/uploads\/2021\/04\/Remedy-Max-Payne.jpg","datePublished":"2021-04-07T06:30:56+00:00","dateModified":"2021-04-07T06:31:29+00:00","breadcrumb":{"@id":"https:\/\/mediaviestinta.fi\/mevi2020\/2021\/04\/miten-media-rakensi-remedysta-menestystarinan\/#breadcrumb"},"inLanguage":"fi","potentialAction":[{"@type":"ReadAction","target":["https:\/\/mediaviestinta.fi\/mevi2020\/2021\/04\/miten-media-rakensi-remedysta-menestystarinan\/"]}]},{"@type":"ImageObject","inLanguage":"fi","@id":"https:\/\/mediaviestinta.fi\/mevi2020\/2021\/04\/miten-media-rakensi-remedysta-menestystarinan\/#primaryimage","url":"https:\/\/mediaviestinta.fi\/mevi2020\/wp-content\/uploads\/2021\/04\/Remedy-Max-Payne.jpg","contentUrl":"https:\/\/mediaviestinta.fi\/mevi2020\/wp-content\/uploads\/2021\/04\/Remedy-Max-Payne.jpg","width":1315,"height":517,"caption":"Kuvakaappaus Remedyn verkkosivustolta."},{"@type":"BreadcrumbList","@id":"https:\/\/mediaviestinta.fi\/mevi2020\/2021\/04\/miten-media-rakensi-remedysta-menestystarinan\/#breadcrumb","itemListElement":[{"@type":"ListItem","position":1,"name":"Home","item":"https:\/\/mediaviestinta.fi\/"},{"@type":"ListItem","position":2,"name":"Miten media rakensi Remedyst\u00e4 menestystarinan?"}]},{"@type":"WebSite","@id":"https:\/\/mediaviestinta.fi\/#website","url":"https:\/\/mediaviestinta.fi\/","name":"Mevi","description":"Media- ja viestint\u00e4tieteellinen seura Mevi","publisher":{"@id":"https:\/\/mediaviestinta.fi\/#organization"},"potentialAction":[{"@type":"SearchAction","target":{"@type":"EntryPoint","urlTemplate":"https:\/\/mediaviestinta.fi\/?s={search_term_string}"},"query-input":{"@type":"PropertyValueSpecification","valueRequired":true,"valueName":"search_term_string"}}],"inLanguage":"fi"},{"@type":"Organization","@id":"https:\/\/mediaviestinta.fi\/#organization","name":"Media- ja viestint\u00e4tieteellinen seura Mevi","url":"https:\/\/mediaviestinta.fi\/","logo":{"@type":"ImageObject","inLanguage":"fi","@id":"https:\/\/mediaviestinta.fi\/#\/schema\/logo\/image\/","url":"https:\/\/mediaviestinta.fi\/mevi2020\/wp-content\/uploads\/2020\/03\/mevi-logo-RGB-Transparent.png","contentUrl":"https:\/\/mediaviestinta.fi\/mevi2020\/wp-content\/uploads\/2020\/03\/mevi-logo-RGB-Transparent.png","width":910,"height":464,"caption":"Media- ja viestint\u00e4tieteellinen seura Mevi"},"image":{"@id":"https:\/\/mediaviestinta.fi\/#\/schema\/logo\/image\/"},"sameAs":["https:\/\/www.facebook.com\/MediaViestinta\/","https:\/\/x.com\/mediaviestinta"]},{"@type":"Person","@id":"https:\/\/mediaviestinta.fi\/#\/schema\/person\/b2da34ab24cfcd17dbdd6c7cfb173257","name":"Mevi","image":{"@type":"ImageObject","inLanguage":"fi","@id":"https:\/\/secure.gravatar.com\/avatar\/3305b76d1667dc119a18808ed03d6a1fc2dfa8b6a1cddecb8c4d27ef14ec32ca?s=96&d=mm&r=g","url":"https:\/\/secure.gravatar.com\/avatar\/3305b76d1667dc119a18808ed03d6a1fc2dfa8b6a1cddecb8c4d27ef14ec32ca?s=96&d=mm&r=g","contentUrl":"https:\/\/secure.gravatar.com\/avatar\/3305b76d1667dc119a18808ed03d6a1fc2dfa8b6a1cddecb8c4d27ef14ec32ca?s=96&d=mm&r=g","caption":"Mevi"},"url":"https:\/\/mediaviestinta.fi\/mevi2020\/author\/mediavie\/"}]}},"_links":{"self":[{"href":"https:\/\/mediaviestinta.fi\/mevi2020\/wp-json\/wp\/v2\/posts\/4461","targetHints":{"allow":["GET"]}}],"collection":[{"href":"https:\/\/mediaviestinta.fi\/mevi2020\/wp-json\/wp\/v2\/posts"}],"about":[{"href":"https:\/\/mediaviestinta.fi\/mevi2020\/wp-json\/wp\/v2\/types\/post"}],"author":[{"embeddable":true,"href":"https:\/\/mediaviestinta.fi\/mevi2020\/wp-json\/wp\/v2\/users\/3"}],"replies":[{"embeddable":true,"href":"https:\/\/mediaviestinta.fi\/mevi2020\/wp-json\/wp\/v2\/comments?post=4461"}],"version-history":[{"count":5,"href":"https:\/\/mediaviestinta.fi\/mevi2020\/wp-json\/wp\/v2\/posts\/4461\/revisions"}],"predecessor-version":[{"id":4528,"href":"https:\/\/mediaviestinta.fi\/mevi2020\/wp-json\/wp\/v2\/posts\/4461\/revisions\/4528"}],"wp:featuredmedia":[{"embeddable":true,"href":"https:\/\/mediaviestinta.fi\/mevi2020\/wp-json\/wp\/v2\/media\/4525"}],"wp:attachment":[{"href":"https:\/\/mediaviestinta.fi\/mevi2020\/wp-json\/wp\/v2\/media?parent=4461"}],"wp:term":[{"taxonomy":"category","embeddable":true,"href":"https:\/\/mediaviestinta.fi\/mevi2020\/wp-json\/wp\/v2\/categories?post=4461"},{"taxonomy":"post_tag","embeddable":true,"href":"https:\/\/mediaviestinta.fi\/mevi2020\/wp-json\/wp\/v2\/tags?post=4461"}],"curies":[{"name":"wp","href":"https:\/\/api.w.org\/{rel}","templated":true}]}}