{"id":4466,"date":"2021-04-01T05:45:49","date_gmt":"2021-04-01T02:45:49","guid":{"rendered":"https:\/\/mediaviestinta.fi\/?p=4466"},"modified":"2021-04-07T17:42:00","modified_gmt":"2021-04-07T14:42:00","slug":"yle-toteutti-ddrn-imagopolitiikka","status":"publish","type":"post","link":"https:\/\/mediaviestinta.fi\/mevi2020\/2021\/04\/yle-toteutti-ddrn-imagopolitiikka\/","title":{"rendered":"Yle toteutti DDR:n imagopolitiikkaa"},"content":{"rendered":"\n<p><strong>Artikkelissa <a href=\"https:\/\/journal.fi\/mediaviestinta\/article\/view\/107300\" target=\"_blank\" rel=\"noreferrer noopener\">Sehr Geehrter Kollege, Lieber Freund!<\/a> Laura Saarenmaa tarkastelee It\u00e4-Saksan yhteydenpitoa Yleisradioon vuosina 1966\u20131990. &#8221;Yhteisty\u00f6 perustui sopimuksiin, jotka velvoittivat osapuolet yhteisty\u00f6h\u00f6n siin\u00e4kin vaiheessa, kun poliittinen paine yhteisty\u00f6h\u00f6n oli Suomen osalta jo hellitt\u00e4nyt. Yhteisty\u00f6n kautta Ylen voi n\u00e4hd\u00e4 osallistuneen DDR:n kulttuuri- ja historiapoliittisten intressien edist\u00e4miseen.&#8221; Artikkeli&nbsp;on julkaistu&nbsp;<em>Media &amp; viestint\u00e4<\/em>&nbsp;-lehdess\u00e4&nbsp;<a rel=\"noreferrer noopener\" href=\"https:\/\/journal.fi\/mediaviestinta\/issue\/view\/7153\" target=\"_blank\">1\/2021<\/a>, ja se on osa Tiedon politiikat -teemanumeroa.<\/strong><\/p>\n\n\n\n<p><strong>1. Mihin laajempaan keskusteluun artikkelisi liittyy?<\/strong><br>Poliittisen historian n\u00e4k\u00f6kulma ja suhteet Neuvostoliittoon ovat dominoineet suomalaista kylm\u00e4n sodan historiankirjoitusta. It\u00e4-Saksan osalta tutkimushuomion kohteena ovat Suomessa olleet poliittisten puolueiden ja eliitin suhteet It\u00e4-Saksaan. T\u00e4ss\u00e4 artikkelissa tuon esiin DDR:n Yleisradioon ja Suomen televisioon kohdistamaa mielenkiintoa.<\/p>\n\n\n\n<p><strong>2.&nbsp;Mik\u00e4 on antisi t\u00e4h\u00e4n keskusteluun?<\/strong><br>K\u00e4sittelem\u00e4ni arkistoaineistot osoittavat, ett\u00e4 televisio oli t\u00e4rke\u00e4 osa DDR:n Suomessa harjoittaman vaikuttamispolitiikan keinovalikoimaa. Artikkelin teoreettisena antina on Latourin, Callonin ja Lawn kehittelem\u00e4n, teknologiatutkimuksessa ahkerasti sovelletun toimijaverkkoteorian (Actor Network Theory) soveltaminen yleisradion mediahistorialliseen tutkimukseen. Toimijaverkkoteoria tarjoaa reitin tarkastella historialliselta l\u00e4hdearvoltaan kyseenalaisia tekstej\u00e4 poliittisen historian kirjoitukselle vaihtoehtoisesta n\u00e4k\u00f6kulmasta.&nbsp;<\/p>\n\n\n\n<p><strong>3.&nbsp;Mik\u00e4 on artikkelisi keskeinen argumentti?<\/strong><br>Aineistoni osoittavat Yleisradion ja DDR:n v\u00e4lisen televisioyhteisty\u00f6n olleen pitk\u00e4j\u00e4nteist\u00e4 ja perustuneen yksityiskohtaisiin, molempia osapuolia velvoittaviin sopimuksiin. Sopimukset velvoittivat osapuolet yhteisty\u00f6h\u00f6n ja loivat pysyv\u00e4t rakenteet toiminnalle siin\u00e4kin vaiheessa, kun poliittinen paine yhteisty\u00f6h\u00f6n oli (Suomen osalta) jo hellitt\u00e4nyt. Sopimusten mukaisten yhteisty\u00f6hankkeiden kautta Yleisradion voi n\u00e4hd\u00e4 osallistuneen DDR:n kulttuuri- ja historiapoliittisten intressien edist\u00e4miseen.<\/p>\n\n\n\n<p><strong>4.&nbsp;Kenen kannattaa lukea artikkelisi?<\/strong><br>Artikkelini on kiinnostavaa luettavaa kaikille kylm\u00e4n sodan mediakulttuurista ja Yleisradion historiasta kiinnostuneille.&nbsp;<\/p>\n\n\n\n<p><strong>5.&nbsp;Mik\u00e4 sai sinut tarttumaan t\u00e4h\u00e4n aiheeseen?<\/strong><br>Artikkeli kytkeytyy laajempaan, DDR:n suhteita Pohjoismaissa k\u00e4sittelev\u00e4\u00e4n <em>Transborder Television. Scandinavia and the GDR in the 1970s<\/em> -tutkimushankkeeseen.&nbsp;<\/p>\n\n\n\n<p>(Lauri Haapanen)<\/p>\n","protected":false},"excerpt":{"rendered":"<p>Artikkelissa Sehr Geehrter Kollege, Lieber Freund! Laura Saarenmaa tarkastelee It\u00e4-Saksan yhteydenpitoa Yleisradioon vuosina 1966\u20131990. &#8221;Yhteisty\u00f6 perustui sopimuksiin, jotka velvoittivat osapuolet yhteisty\u00f6h\u00f6n siin\u00e4kin vaiheessa, kun poliittinen paine yhteisty\u00f6h\u00f6n oli&hellip;<\/p>\n","protected":false},"author":3,"featured_media":0,"comment_status":"open","ping_status":"closed","sticky":false,"template":"","format":"standard","meta":{"_monsterinsights_skip_tracking":false,"_monsterinsights_sitenote_active":false,"_monsterinsights_sitenote_note":"","_monsterinsights_sitenote_category":0,"footnotes":""},"categories":[1],"tags":[170,171,172,169],"class_list":["post-4466","post","type-post","status-publish","format-standard","has-post-thumbnail","hentry","category-yleinen","tag-saksan-demokraattinen-tasavalta-ddr","tag-televisio","tag-toimijaverkkoteoria","tag-yleisradio"],"yoast_head":"<!-- This site is optimized with the Yoast SEO plugin v27.5 - https:\/\/yoast.com\/product\/yoast-seo-wordpress\/ -->\n<title>Yle toteutti DDR:n imagopolitiikkaa &#8211; Mevi<\/title>\n<meta name=\"robots\" content=\"index, follow, max-snippet:-1, max-image-preview:large, max-video-preview:-1\" \/>\n<link rel=\"canonical\" href=\"https:\/\/mediaviestinta.fi\/mevi2020\/2021\/04\/yle-toteutti-ddrn-imagopolitiikka\/\" \/>\n<meta property=\"og:locale\" content=\"fi_FI\" \/>\n<meta property=\"og:type\" content=\"article\" \/>\n<meta property=\"og:title\" content=\"Yle toteutti DDR:n imagopolitiikkaa &#8211; Mevi\" \/>\n<meta property=\"og:description\" content=\"Artikkelissa Sehr Geehrter Kollege, Lieber Freund! Laura Saarenmaa tarkastelee It\u00e4-Saksan yhteydenpitoa Yleisradioon vuosina 1966\u20131990. &#8221;Yhteisty\u00f6 perustui sopimuksiin, jotka velvoittivat osapuolet yhteisty\u00f6h\u00f6n siin\u00e4kin vaiheessa, kun poliittinen paine yhteisty\u00f6h\u00f6n oli&hellip;\" \/>\n<meta property=\"og:url\" content=\"https:\/\/mediaviestinta.fi\/mevi2020\/2021\/04\/yle-toteutti-ddrn-imagopolitiikka\/\" \/>\n<meta property=\"og:site_name\" content=\"Mevi\" \/>\n<meta property=\"article:publisher\" content=\"https:\/\/www.facebook.com\/MediaViestinta\/\" \/>\n<meta property=\"article:published_time\" content=\"2021-04-01T02:45:49+00:00\" \/>\n<meta property=\"article:modified_time\" content=\"2021-04-07T14:42:00+00:00\" \/>\n<meta property=\"og:image\" content=\"https:\/\/mediaviestinta.fi\/mevi2020\/wp-content\/uploads\/2021\/04\/henar-langa-5U2tyIsPPSo-unsplash-1.jpg\" \/>\n\t<meta property=\"og:image:width\" content=\"1920\" \/>\n\t<meta property=\"og:image:height\" content=\"1174\" \/>\n\t<meta property=\"og:image:type\" content=\"image\/jpeg\" \/>\n<meta name=\"author\" content=\"Mevi\" \/>\n<meta name=\"twitter:card\" content=\"summary_large_image\" \/>\n<meta name=\"twitter:creator\" content=\"@mediaviestinta\" \/>\n<meta name=\"twitter:site\" content=\"@mediaviestinta\" \/>\n<meta name=\"twitter:label1\" content=\"Kirjoittanut\" \/>\n\t<meta name=\"twitter:data1\" content=\"Mevi\" \/>\n\t<meta name=\"twitter:label2\" content=\"Arvioitu lukuaika\" \/>\n\t<meta name=\"twitter:data2\" content=\"2 minuuttia\" \/>\n<script type=\"application\/ld+json\" class=\"yoast-schema-graph\">{\"@context\":\"https:\\\/\\\/schema.org\",\"@graph\":[{\"@type\":\"Article\",\"@id\":\"https:\\\/\\\/mediaviestinta.fi\\\/mevi2020\\\/2021\\\/04\\\/yle-toteutti-ddrn-imagopolitiikka\\\/#article\",\"isPartOf\":{\"@id\":\"https:\\\/\\\/mediaviestinta.fi\\\/mevi2020\\\/2021\\\/04\\\/yle-toteutti-ddrn-imagopolitiikka\\\/\"},\"author\":{\"name\":\"Mevi\",\"@id\":\"https:\\\/\\\/mediaviestinta.fi\\\/#\\\/schema\\\/person\\\/b2da34ab24cfcd17dbdd6c7cfb173257\"},\"headline\":\"Yle toteutti DDR:n imagopolitiikkaa\",\"datePublished\":\"2021-04-01T02:45:49+00:00\",\"dateModified\":\"2021-04-07T14:42:00+00:00\",\"mainEntityOfPage\":{\"@id\":\"https:\\\/\\\/mediaviestinta.fi\\\/mevi2020\\\/2021\\\/04\\\/yle-toteutti-ddrn-imagopolitiikka\\\/\"},\"wordCount\":311,\"commentCount\":0,\"publisher\":{\"@id\":\"https:\\\/\\\/mediaviestinta.fi\\\/#organization\"},\"keywords\":[\"Saksan Demokraattinen Tasavalta (DDR)\",\"televisio\",\"toimijaverkkoteoria\",\"Yleisradio\"],\"inLanguage\":\"fi\",\"potentialAction\":[{\"@type\":\"CommentAction\",\"name\":\"Comment\",\"target\":[\"https:\\\/\\\/mediaviestinta.fi\\\/mevi2020\\\/2021\\\/04\\\/yle-toteutti-ddrn-imagopolitiikka\\\/#respond\"]}]},{\"@type\":\"WebPage\",\"@id\":\"https:\\\/\\\/mediaviestinta.fi\\\/mevi2020\\\/2021\\\/04\\\/yle-toteutti-ddrn-imagopolitiikka\\\/\",\"url\":\"https:\\\/\\\/mediaviestinta.fi\\\/mevi2020\\\/2021\\\/04\\\/yle-toteutti-ddrn-imagopolitiikka\\\/\",\"name\":\"Yle toteutti DDR:n imagopolitiikkaa &#8211; Mevi\",\"isPartOf\":{\"@id\":\"https:\\\/\\\/mediaviestinta.fi\\\/#website\"},\"datePublished\":\"2021-04-01T02:45:49+00:00\",\"dateModified\":\"2021-04-07T14:42:00+00:00\",\"breadcrumb\":{\"@id\":\"https:\\\/\\\/mediaviestinta.fi\\\/mevi2020\\\/2021\\\/04\\\/yle-toteutti-ddrn-imagopolitiikka\\\/#breadcrumb\"},\"inLanguage\":\"fi\",\"potentialAction\":[{\"@type\":\"ReadAction\",\"target\":[\"https:\\\/\\\/mediaviestinta.fi\\\/mevi2020\\\/2021\\\/04\\\/yle-toteutti-ddrn-imagopolitiikka\\\/\"]}]},{\"@type\":\"BreadcrumbList\",\"@id\":\"https:\\\/\\\/mediaviestinta.fi\\\/mevi2020\\\/2021\\\/04\\\/yle-toteutti-ddrn-imagopolitiikka\\\/#breadcrumb\",\"itemListElement\":[{\"@type\":\"ListItem\",\"position\":1,\"name\":\"Home\",\"item\":\"https:\\\/\\\/mediaviestinta.fi\\\/\"},{\"@type\":\"ListItem\",\"position\":2,\"name\":\"Yle toteutti DDR:n imagopolitiikkaa\"}]},{\"@type\":\"WebSite\",\"@id\":\"https:\\\/\\\/mediaviestinta.fi\\\/#website\",\"url\":\"https:\\\/\\\/mediaviestinta.fi\\\/\",\"name\":\"Mevi\",\"description\":\"Media- ja viestint\u00e4tieteellinen seura Mevi\",\"publisher\":{\"@id\":\"https:\\\/\\\/mediaviestinta.fi\\\/#organization\"},\"potentialAction\":[{\"@type\":\"SearchAction\",\"target\":{\"@type\":\"EntryPoint\",\"urlTemplate\":\"https:\\\/\\\/mediaviestinta.fi\\\/?s={search_term_string}\"},\"query-input\":{\"@type\":\"PropertyValueSpecification\",\"valueRequired\":true,\"valueName\":\"search_term_string\"}}],\"inLanguage\":\"fi\"},{\"@type\":\"Organization\",\"@id\":\"https:\\\/\\\/mediaviestinta.fi\\\/#organization\",\"name\":\"Media- ja viestint\u00e4tieteellinen seura Mevi\",\"url\":\"https:\\\/\\\/mediaviestinta.fi\\\/\",\"logo\":{\"@type\":\"ImageObject\",\"inLanguage\":\"fi\",\"@id\":\"https:\\\/\\\/mediaviestinta.fi\\\/#\\\/schema\\\/logo\\\/image\\\/\",\"url\":\"https:\\\/\\\/mediaviestinta.fi\\\/mevi2020\\\/wp-content\\\/uploads\\\/2020\\\/03\\\/mevi-logo-RGB-Transparent.png\",\"contentUrl\":\"https:\\\/\\\/mediaviestinta.fi\\\/mevi2020\\\/wp-content\\\/uploads\\\/2020\\\/03\\\/mevi-logo-RGB-Transparent.png\",\"width\":910,\"height\":464,\"caption\":\"Media- ja viestint\u00e4tieteellinen seura Mevi\"},\"image\":{\"@id\":\"https:\\\/\\\/mediaviestinta.fi\\\/#\\\/schema\\\/logo\\\/image\\\/\"},\"sameAs\":[\"https:\\\/\\\/www.facebook.com\\\/MediaViestinta\\\/\",\"https:\\\/\\\/x.com\\\/mediaviestinta\"]},{\"@type\":\"Person\",\"@id\":\"https:\\\/\\\/mediaviestinta.fi\\\/#\\\/schema\\\/person\\\/b2da34ab24cfcd17dbdd6c7cfb173257\",\"name\":\"Mevi\",\"image\":{\"@type\":\"ImageObject\",\"inLanguage\":\"fi\",\"@id\":\"https:\\\/\\\/secure.gravatar.com\\\/avatar\\\/3305b76d1667dc119a18808ed03d6a1fc2dfa8b6a1cddecb8c4d27ef14ec32ca?s=96&d=mm&r=g\",\"url\":\"https:\\\/\\\/secure.gravatar.com\\\/avatar\\\/3305b76d1667dc119a18808ed03d6a1fc2dfa8b6a1cddecb8c4d27ef14ec32ca?s=96&d=mm&r=g\",\"contentUrl\":\"https:\\\/\\\/secure.gravatar.com\\\/avatar\\\/3305b76d1667dc119a18808ed03d6a1fc2dfa8b6a1cddecb8c4d27ef14ec32ca?s=96&d=mm&r=g\",\"caption\":\"Mevi\"},\"url\":\"https:\\\/\\\/mediaviestinta.fi\\\/mevi2020\\\/author\\\/mediavie\\\/\"}]}<\/script>\n<!-- \/ Yoast SEO plugin. -->","yoast_head_json":{"title":"Yle toteutti DDR:n imagopolitiikkaa &#8211; Mevi","robots":{"index":"index","follow":"follow","max-snippet":"max-snippet:-1","max-image-preview":"max-image-preview:large","max-video-preview":"max-video-preview:-1"},"canonical":"https:\/\/mediaviestinta.fi\/mevi2020\/2021\/04\/yle-toteutti-ddrn-imagopolitiikka\/","og_locale":"fi_FI","og_type":"article","og_title":"Yle toteutti DDR:n imagopolitiikkaa &#8211; Mevi","og_description":"Artikkelissa Sehr Geehrter Kollege, Lieber Freund! Laura Saarenmaa tarkastelee It\u00e4-Saksan yhteydenpitoa Yleisradioon vuosina 1966\u20131990. &#8221;Yhteisty\u00f6 perustui sopimuksiin, jotka velvoittivat osapuolet yhteisty\u00f6h\u00f6n siin\u00e4kin vaiheessa, kun poliittinen paine yhteisty\u00f6h\u00f6n oli&hellip;","og_url":"https:\/\/mediaviestinta.fi\/mevi2020\/2021\/04\/yle-toteutti-ddrn-imagopolitiikka\/","og_site_name":"Mevi","article_publisher":"https:\/\/www.facebook.com\/MediaViestinta\/","article_published_time":"2021-04-01T02:45:49+00:00","article_modified_time":"2021-04-07T14:42:00+00:00","og_image":[{"width":1920,"height":1174,"url":"https:\/\/mediaviestinta.fi\/mevi2020\/wp-content\/uploads\/2021\/04\/henar-langa-5U2tyIsPPSo-unsplash-1.jpg","type":"image\/jpeg"}],"author":"Mevi","twitter_card":"summary_large_image","twitter_creator":"@mediaviestinta","twitter_site":"@mediaviestinta","twitter_misc":{"Kirjoittanut":"Mevi","Arvioitu lukuaika":"2 minuuttia"},"schema":{"@context":"https:\/\/schema.org","@graph":[{"@type":"Article","@id":"https:\/\/mediaviestinta.fi\/mevi2020\/2021\/04\/yle-toteutti-ddrn-imagopolitiikka\/#article","isPartOf":{"@id":"https:\/\/mediaviestinta.fi\/mevi2020\/2021\/04\/yle-toteutti-ddrn-imagopolitiikka\/"},"author":{"name":"Mevi","@id":"https:\/\/mediaviestinta.fi\/#\/schema\/person\/b2da34ab24cfcd17dbdd6c7cfb173257"},"headline":"Yle toteutti DDR:n imagopolitiikkaa","datePublished":"2021-04-01T02:45:49+00:00","dateModified":"2021-04-07T14:42:00+00:00","mainEntityOfPage":{"@id":"https:\/\/mediaviestinta.fi\/mevi2020\/2021\/04\/yle-toteutti-ddrn-imagopolitiikka\/"},"wordCount":311,"commentCount":0,"publisher":{"@id":"https:\/\/mediaviestinta.fi\/#organization"},"keywords":["Saksan Demokraattinen Tasavalta (DDR)","televisio","toimijaverkkoteoria","Yleisradio"],"inLanguage":"fi","potentialAction":[{"@type":"CommentAction","name":"Comment","target":["https:\/\/mediaviestinta.fi\/mevi2020\/2021\/04\/yle-toteutti-ddrn-imagopolitiikka\/#respond"]}]},{"@type":"WebPage","@id":"https:\/\/mediaviestinta.fi\/mevi2020\/2021\/04\/yle-toteutti-ddrn-imagopolitiikka\/","url":"https:\/\/mediaviestinta.fi\/mevi2020\/2021\/04\/yle-toteutti-ddrn-imagopolitiikka\/","name":"Yle toteutti DDR:n imagopolitiikkaa &#8211; Mevi","isPartOf":{"@id":"https:\/\/mediaviestinta.fi\/#website"},"datePublished":"2021-04-01T02:45:49+00:00","dateModified":"2021-04-07T14:42:00+00:00","breadcrumb":{"@id":"https:\/\/mediaviestinta.fi\/mevi2020\/2021\/04\/yle-toteutti-ddrn-imagopolitiikka\/#breadcrumb"},"inLanguage":"fi","potentialAction":[{"@type":"ReadAction","target":["https:\/\/mediaviestinta.fi\/mevi2020\/2021\/04\/yle-toteutti-ddrn-imagopolitiikka\/"]}]},{"@type":"BreadcrumbList","@id":"https:\/\/mediaviestinta.fi\/mevi2020\/2021\/04\/yle-toteutti-ddrn-imagopolitiikka\/#breadcrumb","itemListElement":[{"@type":"ListItem","position":1,"name":"Home","item":"https:\/\/mediaviestinta.fi\/"},{"@type":"ListItem","position":2,"name":"Yle toteutti DDR:n imagopolitiikkaa"}]},{"@type":"WebSite","@id":"https:\/\/mediaviestinta.fi\/#website","url":"https:\/\/mediaviestinta.fi\/","name":"Mevi","description":"Media- ja viestint\u00e4tieteellinen seura Mevi","publisher":{"@id":"https:\/\/mediaviestinta.fi\/#organization"},"potentialAction":[{"@type":"SearchAction","target":{"@type":"EntryPoint","urlTemplate":"https:\/\/mediaviestinta.fi\/?s={search_term_string}"},"query-input":{"@type":"PropertyValueSpecification","valueRequired":true,"valueName":"search_term_string"}}],"inLanguage":"fi"},{"@type":"Organization","@id":"https:\/\/mediaviestinta.fi\/#organization","name":"Media- ja viestint\u00e4tieteellinen seura Mevi","url":"https:\/\/mediaviestinta.fi\/","logo":{"@type":"ImageObject","inLanguage":"fi","@id":"https:\/\/mediaviestinta.fi\/#\/schema\/logo\/image\/","url":"https:\/\/mediaviestinta.fi\/mevi2020\/wp-content\/uploads\/2020\/03\/mevi-logo-RGB-Transparent.png","contentUrl":"https:\/\/mediaviestinta.fi\/mevi2020\/wp-content\/uploads\/2020\/03\/mevi-logo-RGB-Transparent.png","width":910,"height":464,"caption":"Media- ja viestint\u00e4tieteellinen seura Mevi"},"image":{"@id":"https:\/\/mediaviestinta.fi\/#\/schema\/logo\/image\/"},"sameAs":["https:\/\/www.facebook.com\/MediaViestinta\/","https:\/\/x.com\/mediaviestinta"]},{"@type":"Person","@id":"https:\/\/mediaviestinta.fi\/#\/schema\/person\/b2da34ab24cfcd17dbdd6c7cfb173257","name":"Mevi","image":{"@type":"ImageObject","inLanguage":"fi","@id":"https:\/\/secure.gravatar.com\/avatar\/3305b76d1667dc119a18808ed03d6a1fc2dfa8b6a1cddecb8c4d27ef14ec32ca?s=96&d=mm&r=g","url":"https:\/\/secure.gravatar.com\/avatar\/3305b76d1667dc119a18808ed03d6a1fc2dfa8b6a1cddecb8c4d27ef14ec32ca?s=96&d=mm&r=g","contentUrl":"https:\/\/secure.gravatar.com\/avatar\/3305b76d1667dc119a18808ed03d6a1fc2dfa8b6a1cddecb8c4d27ef14ec32ca?s=96&d=mm&r=g","caption":"Mevi"},"url":"https:\/\/mediaviestinta.fi\/mevi2020\/author\/mediavie\/"}]}},"_links":{"self":[{"href":"https:\/\/mediaviestinta.fi\/mevi2020\/wp-json\/wp\/v2\/posts\/4466","targetHints":{"allow":["GET"]}}],"collection":[{"href":"https:\/\/mediaviestinta.fi\/mevi2020\/wp-json\/wp\/v2\/posts"}],"about":[{"href":"https:\/\/mediaviestinta.fi\/mevi2020\/wp-json\/wp\/v2\/types\/post"}],"author":[{"embeddable":true,"href":"https:\/\/mediaviestinta.fi\/mevi2020\/wp-json\/wp\/v2\/users\/3"}],"replies":[{"embeddable":true,"href":"https:\/\/mediaviestinta.fi\/mevi2020\/wp-json\/wp\/v2\/comments?post=4466"}],"version-history":[{"count":6,"href":"https:\/\/mediaviestinta.fi\/mevi2020\/wp-json\/wp\/v2\/posts\/4466\/revisions"}],"predecessor-version":[{"id":4529,"href":"https:\/\/mediaviestinta.fi\/mevi2020\/wp-json\/wp\/v2\/posts\/4466\/revisions\/4529"}],"wp:attachment":[{"href":"https:\/\/mediaviestinta.fi\/mevi2020\/wp-json\/wp\/v2\/media?parent=4466"}],"wp:term":[{"taxonomy":"category","embeddable":true,"href":"https:\/\/mediaviestinta.fi\/mevi2020\/wp-json\/wp\/v2\/categories?post=4466"},{"taxonomy":"post_tag","embeddable":true,"href":"https:\/\/mediaviestinta.fi\/mevi2020\/wp-json\/wp\/v2\/tags?post=4466"}],"curies":[{"name":"wp","href":"https:\/\/api.w.org\/{rel}","templated":true}]}}