{"id":4468,"date":"2021-03-31T07:12:33","date_gmt":"2021-03-31T04:12:33","guid":{"rendered":"https:\/\/mediaviestinta.fi\/?p=4468"},"modified":"2021-03-31T08:19:18","modified_gmt":"2021-03-31T05:19:18","slug":"miten-tapahtuu-osallistuva-budjetointi-ja-lahion-yhteiskehittaminen","status":"publish","type":"post","link":"https:\/\/mediaviestinta.fi\/mevi2020\/2021\/03\/miten-tapahtuu-osallistuva-budjetointi-ja-lahion-yhteiskehittaminen\/","title":{"rendered":"Miten tapahtuu osallistuva budjetointi ja l\u00e4hi\u00f6n yhteiskehitt\u00e4minen?"},"content":{"rendered":"\n<p><strong>\u201dTiedon yhteistuottaminen on t\u00e4ll\u00e4 hetkell\u00e4 suosittua erilaisissa organisaatioissa, kuten julkishallinnossa&#8221;, kertovat Pauliina Lehtonen ja Sanna Tuurnas artikkelinsa <a href=\"https:\/\/journal.fi\/mediaviestinta\/article\/view\/107299\" target=\"_blank\" rel=\"noreferrer noopener\">Osallistumisen muodot, tilat ja mahdollisuudet tiedon yhteistuottamisessa<\/a> l\u00e4ht\u00f6kohdasta. &#8221;T\u00e4ll\u00f6in k\u00e4y helposti niin, ett\u00e4 halutaan pysy\u00e4 trendin mukana pys\u00e4htym\u00e4tt\u00e4 kunnolla miettim\u00e4\u00e4n, mit\u00e4 tiedon yhteistuottaminen onnistuakseen edellytt\u00e4\u00e4 ja mihin ja miten t\u00e4t\u00e4 tietoa hy\u00f6dynnet\u00e4\u00e4n.&#8221; Artikkeli&nbsp;on julkaistu&nbsp;Media &amp; viestint\u00e4&nbsp;-lehdess\u00e4&nbsp;<a rel=\"noreferrer noopener\" href=\"https:\/\/journal.fi\/mediaviestinta\/issue\/view\/7153\" target=\"_blank\">1\/2021<\/a>, ja se on osa Tiedon politiikat -teemanumeroa.<\/strong><\/p>\n\n\n\n<p><strong>1. Mihin laajempaan ilmi\u00f6\u00f6n ja keskusteluun artikkelinne liittyy<\/strong>?<br>Kansalaisten rooli yhteiskunnallisista asioista keskustelemisessa ja niihin vaikuttamisessa on ollut pitk\u00e4\u00e4n keskeinen teema julkishallinnon osallisuusk\u00e4yt\u00e4nt\u00f6jen kehitt\u00e4misess\u00e4. Nyky\u00e4\u00e4n ajatellaan, ett\u00e4 yhteiskunnallisten ongelmien ratkaiseminen edellytt\u00e4\u00e4 p\u00e4\u00e4t\u00f6ksenteon avaamista ja laajaa osallistumista, joka lis\u00e4\u00e4 julkishallinnon k\u00e4ytett\u00e4viss\u00e4 olevaa tietoa. Taustalla on oletus siit\u00e4, ett\u00e4 julkishallinnolla itsell\u00e4\u00e4n ei ole tarvittavaa asiantuntemusta yhteiskunnallisiin haasteisiin vastaamiseksi.<\/p>\n\n\n\n<p><strong>2. Mik\u00e4 on antinne t\u00e4h\u00e4n keskusteluun?<\/strong><br>Tiedon yhteistuottaminen on t\u00e4ll\u00e4 hetkell\u00e4 suosittua erilaisissa organisaatioissa, kuten julkishallinnossa. T\u00e4ll\u00f6in k\u00e4y helposti niin, ett\u00e4 halutaan pysy\u00e4 trendin mukana ja tuottaa tietoa yhdess\u00e4 erilaisten toimijoiden kanssa, mutta ei pys\u00e4hdyt\u00e4 kunnolla miettim\u00e4\u00e4n, mit\u00e4 tiedon yhteistuottaminen onnistuakseen organisaatiolta ja osallistujilta edellytt\u00e4\u00e4 ja mihin ja miten yhteisesti tuotettua tietoa hy\u00f6dynnet\u00e4\u00e4n. Artikkelimme tuo esiin tiedon yhteistuottamisen haasteita ja mahdollisuuksia viestinn\u00e4n ja vuorovaikutuksen n\u00e4k\u00f6kulmasta.<\/p>\n\n\n\n<p><strong>3. Mik\u00e4 on artikkelinne keskeinen argumentti?<\/strong><br>Olemme tarkastelleet tiedon yhteistuotantoa teema-areenan k\u00e4sitteen avulla. Tutkimuksemme mukaan tiedon yhteistuotanto osallisuushankkeissa painottuu (suu)sanalliseen viestint\u00e4\u00e4n, kuten artikkelimme teema-areenoiden vuorovaikutuksen paikat eli ty\u00f6pajat, asukastilaisuudet ja kyselyt osoittavat. Painotamme vuorovaikutuksen paikkoja suunnitellessa tarvetta inklusiivisemmille tiedontuotannon keinoille, jotka hy\u00f6dynt\u00e4isiv\u00e4t esimerkiksi visuaalisuuteen tai aistisensitiivisyyteen pohjaavia tiedonmuodostuksen tapoja. Tiedon yhteistuotannon mahdollistamisen kannalta osallistujia tulisi ajatella heid\u00e4n paikkaan liittyvien intressiens\u00e4 ja rooliensa lis\u00e4ksi siit\u00e4 n\u00e4k\u00f6kulmasta, millaisia \u2019erityisyyksi\u00e4\u2019 osallistujilla on yhteisen tiedontuotannon vaatimien valmiuksien tai edellytyksien kannalta ja miten mahdollistetaan osallistuminen my\u00f6s muille kuin ilmeisimmille toimijaryhmille.<\/p>\n\n\n\n<p><strong>4. Mit\u00e4 haluatte artikkelillanne sanoa?<\/strong><br>Tiedon tuottaminen yhdess\u00e4 erilaisten toimijoiden kesken ei ole suoraviivainen ja ennustettava prosessi, vaan siin\u00e4 kohdataan yll\u00e4tyksi\u00e4. Tiedon yhteistuottaminen edellytt\u00e4\u00e4 organisaatiolta ep\u00e4varmuuden sietoa ja yhteistuottamisen ymm\u00e4rt\u00e4mist\u00e4 kahdensuuntaisena vuorovaikutusprosessina. Se vaatii resursseja, vastuiden m\u00e4\u00e4rittely\u00e4 ja strategista suunnittelua. Organisaatioiden sis\u00e4iset vuorovaikutus- ja viestint\u00e4prosessit ja tiedon yhteistuotannosta vastaavien ammattilaisten vuorovaikutustaidot vaikuttavat my\u00f6s prosessin onnistumiseen.<\/p>\n\n\n\n<p><strong>5. Kenen kannattaa lukea artikkelinne?<\/strong><br>Asukkaiden osallistumisesta ja esimerkiksi palvelujen yhteiskehitt\u00e4misest\u00e4 kiinnostuneet tutkijat ja kehitt\u00e4j\u00e4t sek\u00e4 kuntien osallisuusty\u00f6t\u00e4 tekev\u00e4t viranhaltijat.<\/p>\n\n\n\n<p><strong>6. Mik\u00e4 sai teid\u00e4t tarttumaan t\u00e4h\u00e4n aiheeseen?<\/strong><br>Pohdimme yhdess\u00e4 kokemuksiamme l\u00e4hi\u00f6kehitt\u00e4misest\u00e4 ja totesimme, ett\u00e4 t\u00e4llainen tiedon yhteistuottamiseen liittyv\u00e4 tutkimus voisi olla sek\u00e4 kiinnostavaa ett\u00e4 t\u00e4rke\u00e4\u00e4 tehd\u00e4.<\/p>\n\n\n\n<p>(Lauri Haapanen)<\/p>\n","protected":false},"excerpt":{"rendered":"<p>\u201dTiedon yhteistuottaminen on t\u00e4ll\u00e4 hetkell\u00e4 suosittua erilaisissa organisaatioissa, kuten julkishallinnossa&#8221;, kertovat Pauliina Lehtonen ja Sanna Tuurnas artikkelinsa Osallistumisen muodot, tilat ja mahdollisuudet tiedon yhteistuottamisessa l\u00e4ht\u00f6kohdasta. &#8221;T\u00e4ll\u00f6in k\u00e4y helposti&hellip;<\/p>\n","protected":false},"author":3,"featured_media":4505,"comment_status":"open","ping_status":"closed","sticky":false,"template":"","format":"standard","meta":{"_monsterinsights_skip_tracking":false,"_monsterinsights_sitenote_active":false,"_monsterinsights_sitenote_note":"","_monsterinsights_sitenote_category":0,"footnotes":""},"categories":[1],"tags":[157,161,159,156,160,155,158],"class_list":["post-4468","post","type-post","status-publish","format-standard","has-post-thumbnail","hentry","category-yleinen","tag-asuinalueiden-kehittaminen","tag-julkishallinto","tag-osallistuminen","tag-osallistuva-budjetointi","tag-teema-areena","tag-tiedon-yhteistuottaminen","tag-yhteiskehittaminen"],"yoast_head":"<!-- This site is optimized with the Yoast SEO plugin v27.5 - https:\/\/yoast.com\/product\/yoast-seo-wordpress\/ -->\n<title>Miten tapahtuu osallistuva budjetointi ja l\u00e4hi\u00f6n yhteiskehitt\u00e4minen? &#8211; Mevi<\/title>\n<meta name=\"robots\" content=\"index, follow, max-snippet:-1, max-image-preview:large, max-video-preview:-1\" \/>\n<link rel=\"canonical\" href=\"https:\/\/mediaviestinta.fi\/mevi2020\/2021\/03\/miten-tapahtuu-osallistuva-budjetointi-ja-lahion-yhteiskehittaminen\/\" \/>\n<meta property=\"og:locale\" content=\"fi_FI\" \/>\n<meta property=\"og:type\" content=\"article\" \/>\n<meta property=\"og:title\" content=\"Miten tapahtuu osallistuva budjetointi ja l\u00e4hi\u00f6n yhteiskehitt\u00e4minen? &#8211; Mevi\" \/>\n<meta property=\"og:description\" content=\"\u201dTiedon yhteistuottaminen on t\u00e4ll\u00e4 hetkell\u00e4 suosittua erilaisissa organisaatioissa, kuten julkishallinnossa&#8221;, kertovat Pauliina Lehtonen ja Sanna Tuurnas artikkelinsa Osallistumisen muodot, tilat ja mahdollisuudet tiedon yhteistuottamisessa l\u00e4ht\u00f6kohdasta. &#8221;T\u00e4ll\u00f6in k\u00e4y helposti&hellip;\" \/>\n<meta property=\"og:url\" content=\"https:\/\/mediaviestinta.fi\/mevi2020\/2021\/03\/miten-tapahtuu-osallistuva-budjetointi-ja-lahion-yhteiskehittaminen\/\" \/>\n<meta property=\"og:site_name\" content=\"Mevi\" \/>\n<meta property=\"article:publisher\" content=\"https:\/\/www.facebook.com\/MediaViestinta\/\" \/>\n<meta property=\"article:published_time\" content=\"2021-03-31T04:12:33+00:00\" \/>\n<meta property=\"article:modified_time\" content=\"2021-03-31T05:19:18+00:00\" \/>\n<meta property=\"og:image\" content=\"https:\/\/mediaviestinta.fi\/mevi2020\/wp-content\/uploads\/2021\/03\/ricardo-gomez-angel-3kzlCL3rj8A-unsplash.jpg\" \/>\n\t<meta property=\"og:image:width\" content=\"1920\" \/>\n\t<meta property=\"og:image:height\" content=\"1173\" \/>\n\t<meta property=\"og:image:type\" content=\"image\/jpeg\" \/>\n<meta name=\"author\" content=\"Mevi\" \/>\n<meta name=\"twitter:card\" content=\"summary_large_image\" \/>\n<meta name=\"twitter:creator\" content=\"@mediaviestinta\" \/>\n<meta name=\"twitter:site\" content=\"@mediaviestinta\" \/>\n<meta name=\"twitter:label1\" content=\"Kirjoittanut\" \/>\n\t<meta name=\"twitter:data1\" content=\"Mevi\" \/>\n\t<meta name=\"twitter:label2\" content=\"Arvioitu lukuaika\" \/>\n\t<meta name=\"twitter:data2\" content=\"2 minuuttia\" \/>\n<script type=\"application\/ld+json\" class=\"yoast-schema-graph\">{\"@context\":\"https:\\\/\\\/schema.org\",\"@graph\":[{\"@type\":\"Article\",\"@id\":\"https:\\\/\\\/mediaviestinta.fi\\\/mevi2020\\\/2021\\\/03\\\/miten-tapahtuu-osallistuva-budjetointi-ja-lahion-yhteiskehittaminen\\\/#article\",\"isPartOf\":{\"@id\":\"https:\\\/\\\/mediaviestinta.fi\\\/mevi2020\\\/2021\\\/03\\\/miten-tapahtuu-osallistuva-budjetointi-ja-lahion-yhteiskehittaminen\\\/\"},\"author\":{\"name\":\"Mevi\",\"@id\":\"https:\\\/\\\/mediaviestinta.fi\\\/#\\\/schema\\\/person\\\/b2da34ab24cfcd17dbdd6c7cfb173257\"},\"headline\":\"Miten tapahtuu osallistuva budjetointi ja l\u00e4hi\u00f6n yhteiskehitt\u00e4minen?\",\"datePublished\":\"2021-03-31T04:12:33+00:00\",\"dateModified\":\"2021-03-31T05:19:18+00:00\",\"mainEntityOfPage\":{\"@id\":\"https:\\\/\\\/mediaviestinta.fi\\\/mevi2020\\\/2021\\\/03\\\/miten-tapahtuu-osallistuva-budjetointi-ja-lahion-yhteiskehittaminen\\\/\"},\"wordCount\":450,\"commentCount\":0,\"publisher\":{\"@id\":\"https:\\\/\\\/mediaviestinta.fi\\\/#organization\"},\"image\":{\"@id\":\"https:\\\/\\\/mediaviestinta.fi\\\/mevi2020\\\/2021\\\/03\\\/miten-tapahtuu-osallistuva-budjetointi-ja-lahion-yhteiskehittaminen\\\/#primaryimage\"},\"thumbnailUrl\":\"https:\\\/\\\/mediaviestinta.fi\\\/mevi2020\\\/wp-content\\\/uploads\\\/2021\\\/03\\\/ricardo-gomez-angel-3kzlCL3rj8A-unsplash.jpg\",\"keywords\":[\"asuinalueiden kehitt\u00e4minen\",\"julkishallinto\",\"osallistuminen\",\"osallistuva budjetointi\",\"teema-areena\",\"tiedon yhteistuottaminen\",\"yhteiskehitt\u00e4minen\"],\"inLanguage\":\"fi\",\"potentialAction\":[{\"@type\":\"CommentAction\",\"name\":\"Comment\",\"target\":[\"https:\\\/\\\/mediaviestinta.fi\\\/mevi2020\\\/2021\\\/03\\\/miten-tapahtuu-osallistuva-budjetointi-ja-lahion-yhteiskehittaminen\\\/#respond\"]}]},{\"@type\":\"WebPage\",\"@id\":\"https:\\\/\\\/mediaviestinta.fi\\\/mevi2020\\\/2021\\\/03\\\/miten-tapahtuu-osallistuva-budjetointi-ja-lahion-yhteiskehittaminen\\\/\",\"url\":\"https:\\\/\\\/mediaviestinta.fi\\\/mevi2020\\\/2021\\\/03\\\/miten-tapahtuu-osallistuva-budjetointi-ja-lahion-yhteiskehittaminen\\\/\",\"name\":\"Miten tapahtuu osallistuva budjetointi ja l\u00e4hi\u00f6n yhteiskehitt\u00e4minen? &#8211; Mevi\",\"isPartOf\":{\"@id\":\"https:\\\/\\\/mediaviestinta.fi\\\/#website\"},\"primaryImageOfPage\":{\"@id\":\"https:\\\/\\\/mediaviestinta.fi\\\/mevi2020\\\/2021\\\/03\\\/miten-tapahtuu-osallistuva-budjetointi-ja-lahion-yhteiskehittaminen\\\/#primaryimage\"},\"image\":{\"@id\":\"https:\\\/\\\/mediaviestinta.fi\\\/mevi2020\\\/2021\\\/03\\\/miten-tapahtuu-osallistuva-budjetointi-ja-lahion-yhteiskehittaminen\\\/#primaryimage\"},\"thumbnailUrl\":\"https:\\\/\\\/mediaviestinta.fi\\\/mevi2020\\\/wp-content\\\/uploads\\\/2021\\\/03\\\/ricardo-gomez-angel-3kzlCL3rj8A-unsplash.jpg\",\"datePublished\":\"2021-03-31T04:12:33+00:00\",\"dateModified\":\"2021-03-31T05:19:18+00:00\",\"breadcrumb\":{\"@id\":\"https:\\\/\\\/mediaviestinta.fi\\\/mevi2020\\\/2021\\\/03\\\/miten-tapahtuu-osallistuva-budjetointi-ja-lahion-yhteiskehittaminen\\\/#breadcrumb\"},\"inLanguage\":\"fi\",\"potentialAction\":[{\"@type\":\"ReadAction\",\"target\":[\"https:\\\/\\\/mediaviestinta.fi\\\/mevi2020\\\/2021\\\/03\\\/miten-tapahtuu-osallistuva-budjetointi-ja-lahion-yhteiskehittaminen\\\/\"]}]},{\"@type\":\"ImageObject\",\"inLanguage\":\"fi\",\"@id\":\"https:\\\/\\\/mediaviestinta.fi\\\/mevi2020\\\/2021\\\/03\\\/miten-tapahtuu-osallistuva-budjetointi-ja-lahion-yhteiskehittaminen\\\/#primaryimage\",\"url\":\"https:\\\/\\\/mediaviestinta.fi\\\/mevi2020\\\/wp-content\\\/uploads\\\/2021\\\/03\\\/ricardo-gomez-angel-3kzlCL3rj8A-unsplash.jpg\",\"contentUrl\":\"https:\\\/\\\/mediaviestinta.fi\\\/mevi2020\\\/wp-content\\\/uploads\\\/2021\\\/03\\\/ricardo-gomez-angel-3kzlCL3rj8A-unsplash.jpg\",\"width\":1920,\"height\":1173,\"caption\":\"Photo by Ricardo Gomez Angel on Unsplash.\"},{\"@type\":\"BreadcrumbList\",\"@id\":\"https:\\\/\\\/mediaviestinta.fi\\\/mevi2020\\\/2021\\\/03\\\/miten-tapahtuu-osallistuva-budjetointi-ja-lahion-yhteiskehittaminen\\\/#breadcrumb\",\"itemListElement\":[{\"@type\":\"ListItem\",\"position\":1,\"name\":\"Home\",\"item\":\"https:\\\/\\\/mediaviestinta.fi\\\/\"},{\"@type\":\"ListItem\",\"position\":2,\"name\":\"Miten tapahtuu osallistuva budjetointi ja l\u00e4hi\u00f6n yhteiskehitt\u00e4minen?\"}]},{\"@type\":\"WebSite\",\"@id\":\"https:\\\/\\\/mediaviestinta.fi\\\/#website\",\"url\":\"https:\\\/\\\/mediaviestinta.fi\\\/\",\"name\":\"Mevi\",\"description\":\"Media- ja viestint\u00e4tieteellinen seura Mevi\",\"publisher\":{\"@id\":\"https:\\\/\\\/mediaviestinta.fi\\\/#organization\"},\"potentialAction\":[{\"@type\":\"SearchAction\",\"target\":{\"@type\":\"EntryPoint\",\"urlTemplate\":\"https:\\\/\\\/mediaviestinta.fi\\\/?s={search_term_string}\"},\"query-input\":{\"@type\":\"PropertyValueSpecification\",\"valueRequired\":true,\"valueName\":\"search_term_string\"}}],\"inLanguage\":\"fi\"},{\"@type\":\"Organization\",\"@id\":\"https:\\\/\\\/mediaviestinta.fi\\\/#organization\",\"name\":\"Media- ja viestint\u00e4tieteellinen seura Mevi\",\"url\":\"https:\\\/\\\/mediaviestinta.fi\\\/\",\"logo\":{\"@type\":\"ImageObject\",\"inLanguage\":\"fi\",\"@id\":\"https:\\\/\\\/mediaviestinta.fi\\\/#\\\/schema\\\/logo\\\/image\\\/\",\"url\":\"https:\\\/\\\/mediaviestinta.fi\\\/mevi2020\\\/wp-content\\\/uploads\\\/2020\\\/03\\\/mevi-logo-RGB-Transparent.png\",\"contentUrl\":\"https:\\\/\\\/mediaviestinta.fi\\\/mevi2020\\\/wp-content\\\/uploads\\\/2020\\\/03\\\/mevi-logo-RGB-Transparent.png\",\"width\":910,\"height\":464,\"caption\":\"Media- ja viestint\u00e4tieteellinen seura Mevi\"},\"image\":{\"@id\":\"https:\\\/\\\/mediaviestinta.fi\\\/#\\\/schema\\\/logo\\\/image\\\/\"},\"sameAs\":[\"https:\\\/\\\/www.facebook.com\\\/MediaViestinta\\\/\",\"https:\\\/\\\/x.com\\\/mediaviestinta\"]},{\"@type\":\"Person\",\"@id\":\"https:\\\/\\\/mediaviestinta.fi\\\/#\\\/schema\\\/person\\\/b2da34ab24cfcd17dbdd6c7cfb173257\",\"name\":\"Mevi\",\"image\":{\"@type\":\"ImageObject\",\"inLanguage\":\"fi\",\"@id\":\"https:\\\/\\\/secure.gravatar.com\\\/avatar\\\/3305b76d1667dc119a18808ed03d6a1fc2dfa8b6a1cddecb8c4d27ef14ec32ca?s=96&d=mm&r=g\",\"url\":\"https:\\\/\\\/secure.gravatar.com\\\/avatar\\\/3305b76d1667dc119a18808ed03d6a1fc2dfa8b6a1cddecb8c4d27ef14ec32ca?s=96&d=mm&r=g\",\"contentUrl\":\"https:\\\/\\\/secure.gravatar.com\\\/avatar\\\/3305b76d1667dc119a18808ed03d6a1fc2dfa8b6a1cddecb8c4d27ef14ec32ca?s=96&d=mm&r=g\",\"caption\":\"Mevi\"},\"url\":\"https:\\\/\\\/mediaviestinta.fi\\\/mevi2020\\\/author\\\/mediavie\\\/\"}]}<\/script>\n<!-- \/ Yoast SEO plugin. -->","yoast_head_json":{"title":"Miten tapahtuu osallistuva budjetointi ja l\u00e4hi\u00f6n yhteiskehitt\u00e4minen? &#8211; Mevi","robots":{"index":"index","follow":"follow","max-snippet":"max-snippet:-1","max-image-preview":"max-image-preview:large","max-video-preview":"max-video-preview:-1"},"canonical":"https:\/\/mediaviestinta.fi\/mevi2020\/2021\/03\/miten-tapahtuu-osallistuva-budjetointi-ja-lahion-yhteiskehittaminen\/","og_locale":"fi_FI","og_type":"article","og_title":"Miten tapahtuu osallistuva budjetointi ja l\u00e4hi\u00f6n yhteiskehitt\u00e4minen? &#8211; Mevi","og_description":"\u201dTiedon yhteistuottaminen on t\u00e4ll\u00e4 hetkell\u00e4 suosittua erilaisissa organisaatioissa, kuten julkishallinnossa&#8221;, kertovat Pauliina Lehtonen ja Sanna Tuurnas artikkelinsa Osallistumisen muodot, tilat ja mahdollisuudet tiedon yhteistuottamisessa l\u00e4ht\u00f6kohdasta. &#8221;T\u00e4ll\u00f6in k\u00e4y helposti&hellip;","og_url":"https:\/\/mediaviestinta.fi\/mevi2020\/2021\/03\/miten-tapahtuu-osallistuva-budjetointi-ja-lahion-yhteiskehittaminen\/","og_site_name":"Mevi","article_publisher":"https:\/\/www.facebook.com\/MediaViestinta\/","article_published_time":"2021-03-31T04:12:33+00:00","article_modified_time":"2021-03-31T05:19:18+00:00","og_image":[{"width":1920,"height":1173,"url":"https:\/\/mediaviestinta.fi\/mevi2020\/wp-content\/uploads\/2021\/03\/ricardo-gomez-angel-3kzlCL3rj8A-unsplash.jpg","type":"image\/jpeg"}],"author":"Mevi","twitter_card":"summary_large_image","twitter_creator":"@mediaviestinta","twitter_site":"@mediaviestinta","twitter_misc":{"Kirjoittanut":"Mevi","Arvioitu lukuaika":"2 minuuttia"},"schema":{"@context":"https:\/\/schema.org","@graph":[{"@type":"Article","@id":"https:\/\/mediaviestinta.fi\/mevi2020\/2021\/03\/miten-tapahtuu-osallistuva-budjetointi-ja-lahion-yhteiskehittaminen\/#article","isPartOf":{"@id":"https:\/\/mediaviestinta.fi\/mevi2020\/2021\/03\/miten-tapahtuu-osallistuva-budjetointi-ja-lahion-yhteiskehittaminen\/"},"author":{"name":"Mevi","@id":"https:\/\/mediaviestinta.fi\/#\/schema\/person\/b2da34ab24cfcd17dbdd6c7cfb173257"},"headline":"Miten tapahtuu osallistuva budjetointi ja l\u00e4hi\u00f6n yhteiskehitt\u00e4minen?","datePublished":"2021-03-31T04:12:33+00:00","dateModified":"2021-03-31T05:19:18+00:00","mainEntityOfPage":{"@id":"https:\/\/mediaviestinta.fi\/mevi2020\/2021\/03\/miten-tapahtuu-osallistuva-budjetointi-ja-lahion-yhteiskehittaminen\/"},"wordCount":450,"commentCount":0,"publisher":{"@id":"https:\/\/mediaviestinta.fi\/#organization"},"image":{"@id":"https:\/\/mediaviestinta.fi\/mevi2020\/2021\/03\/miten-tapahtuu-osallistuva-budjetointi-ja-lahion-yhteiskehittaminen\/#primaryimage"},"thumbnailUrl":"https:\/\/mediaviestinta.fi\/mevi2020\/wp-content\/uploads\/2021\/03\/ricardo-gomez-angel-3kzlCL3rj8A-unsplash.jpg","keywords":["asuinalueiden kehitt\u00e4minen","julkishallinto","osallistuminen","osallistuva budjetointi","teema-areena","tiedon yhteistuottaminen","yhteiskehitt\u00e4minen"],"inLanguage":"fi","potentialAction":[{"@type":"CommentAction","name":"Comment","target":["https:\/\/mediaviestinta.fi\/mevi2020\/2021\/03\/miten-tapahtuu-osallistuva-budjetointi-ja-lahion-yhteiskehittaminen\/#respond"]}]},{"@type":"WebPage","@id":"https:\/\/mediaviestinta.fi\/mevi2020\/2021\/03\/miten-tapahtuu-osallistuva-budjetointi-ja-lahion-yhteiskehittaminen\/","url":"https:\/\/mediaviestinta.fi\/mevi2020\/2021\/03\/miten-tapahtuu-osallistuva-budjetointi-ja-lahion-yhteiskehittaminen\/","name":"Miten tapahtuu osallistuva budjetointi ja l\u00e4hi\u00f6n yhteiskehitt\u00e4minen? &#8211; Mevi","isPartOf":{"@id":"https:\/\/mediaviestinta.fi\/#website"},"primaryImageOfPage":{"@id":"https:\/\/mediaviestinta.fi\/mevi2020\/2021\/03\/miten-tapahtuu-osallistuva-budjetointi-ja-lahion-yhteiskehittaminen\/#primaryimage"},"image":{"@id":"https:\/\/mediaviestinta.fi\/mevi2020\/2021\/03\/miten-tapahtuu-osallistuva-budjetointi-ja-lahion-yhteiskehittaminen\/#primaryimage"},"thumbnailUrl":"https:\/\/mediaviestinta.fi\/mevi2020\/wp-content\/uploads\/2021\/03\/ricardo-gomez-angel-3kzlCL3rj8A-unsplash.jpg","datePublished":"2021-03-31T04:12:33+00:00","dateModified":"2021-03-31T05:19:18+00:00","breadcrumb":{"@id":"https:\/\/mediaviestinta.fi\/mevi2020\/2021\/03\/miten-tapahtuu-osallistuva-budjetointi-ja-lahion-yhteiskehittaminen\/#breadcrumb"},"inLanguage":"fi","potentialAction":[{"@type":"ReadAction","target":["https:\/\/mediaviestinta.fi\/mevi2020\/2021\/03\/miten-tapahtuu-osallistuva-budjetointi-ja-lahion-yhteiskehittaminen\/"]}]},{"@type":"ImageObject","inLanguage":"fi","@id":"https:\/\/mediaviestinta.fi\/mevi2020\/2021\/03\/miten-tapahtuu-osallistuva-budjetointi-ja-lahion-yhteiskehittaminen\/#primaryimage","url":"https:\/\/mediaviestinta.fi\/mevi2020\/wp-content\/uploads\/2021\/03\/ricardo-gomez-angel-3kzlCL3rj8A-unsplash.jpg","contentUrl":"https:\/\/mediaviestinta.fi\/mevi2020\/wp-content\/uploads\/2021\/03\/ricardo-gomez-angel-3kzlCL3rj8A-unsplash.jpg","width":1920,"height":1173,"caption":"Photo by Ricardo Gomez Angel on Unsplash."},{"@type":"BreadcrumbList","@id":"https:\/\/mediaviestinta.fi\/mevi2020\/2021\/03\/miten-tapahtuu-osallistuva-budjetointi-ja-lahion-yhteiskehittaminen\/#breadcrumb","itemListElement":[{"@type":"ListItem","position":1,"name":"Home","item":"https:\/\/mediaviestinta.fi\/"},{"@type":"ListItem","position":2,"name":"Miten tapahtuu osallistuva budjetointi ja l\u00e4hi\u00f6n yhteiskehitt\u00e4minen?"}]},{"@type":"WebSite","@id":"https:\/\/mediaviestinta.fi\/#website","url":"https:\/\/mediaviestinta.fi\/","name":"Mevi","description":"Media- ja viestint\u00e4tieteellinen seura Mevi","publisher":{"@id":"https:\/\/mediaviestinta.fi\/#organization"},"potentialAction":[{"@type":"SearchAction","target":{"@type":"EntryPoint","urlTemplate":"https:\/\/mediaviestinta.fi\/?s={search_term_string}"},"query-input":{"@type":"PropertyValueSpecification","valueRequired":true,"valueName":"search_term_string"}}],"inLanguage":"fi"},{"@type":"Organization","@id":"https:\/\/mediaviestinta.fi\/#organization","name":"Media- ja viestint\u00e4tieteellinen seura Mevi","url":"https:\/\/mediaviestinta.fi\/","logo":{"@type":"ImageObject","inLanguage":"fi","@id":"https:\/\/mediaviestinta.fi\/#\/schema\/logo\/image\/","url":"https:\/\/mediaviestinta.fi\/mevi2020\/wp-content\/uploads\/2020\/03\/mevi-logo-RGB-Transparent.png","contentUrl":"https:\/\/mediaviestinta.fi\/mevi2020\/wp-content\/uploads\/2020\/03\/mevi-logo-RGB-Transparent.png","width":910,"height":464,"caption":"Media- ja viestint\u00e4tieteellinen seura Mevi"},"image":{"@id":"https:\/\/mediaviestinta.fi\/#\/schema\/logo\/image\/"},"sameAs":["https:\/\/www.facebook.com\/MediaViestinta\/","https:\/\/x.com\/mediaviestinta"]},{"@type":"Person","@id":"https:\/\/mediaviestinta.fi\/#\/schema\/person\/b2da34ab24cfcd17dbdd6c7cfb173257","name":"Mevi","image":{"@type":"ImageObject","inLanguage":"fi","@id":"https:\/\/secure.gravatar.com\/avatar\/3305b76d1667dc119a18808ed03d6a1fc2dfa8b6a1cddecb8c4d27ef14ec32ca?s=96&d=mm&r=g","url":"https:\/\/secure.gravatar.com\/avatar\/3305b76d1667dc119a18808ed03d6a1fc2dfa8b6a1cddecb8c4d27ef14ec32ca?s=96&d=mm&r=g","contentUrl":"https:\/\/secure.gravatar.com\/avatar\/3305b76d1667dc119a18808ed03d6a1fc2dfa8b6a1cddecb8c4d27ef14ec32ca?s=96&d=mm&r=g","caption":"Mevi"},"url":"https:\/\/mediaviestinta.fi\/mevi2020\/author\/mediavie\/"}]}},"_links":{"self":[{"href":"https:\/\/mediaviestinta.fi\/mevi2020\/wp-json\/wp\/v2\/posts\/4468","targetHints":{"allow":["GET"]}}],"collection":[{"href":"https:\/\/mediaviestinta.fi\/mevi2020\/wp-json\/wp\/v2\/posts"}],"about":[{"href":"https:\/\/mediaviestinta.fi\/mevi2020\/wp-json\/wp\/v2\/types\/post"}],"author":[{"embeddable":true,"href":"https:\/\/mediaviestinta.fi\/mevi2020\/wp-json\/wp\/v2\/users\/3"}],"replies":[{"embeddable":true,"href":"https:\/\/mediaviestinta.fi\/mevi2020\/wp-json\/wp\/v2\/comments?post=4468"}],"version-history":[{"count":5,"href":"https:\/\/mediaviestinta.fi\/mevi2020\/wp-json\/wp\/v2\/posts\/4468\/revisions"}],"predecessor-version":[{"id":4504,"href":"https:\/\/mediaviestinta.fi\/mevi2020\/wp-json\/wp\/v2\/posts\/4468\/revisions\/4504"}],"wp:featuredmedia":[{"embeddable":true,"href":"https:\/\/mediaviestinta.fi\/mevi2020\/wp-json\/wp\/v2\/media\/4505"}],"wp:attachment":[{"href":"https:\/\/mediaviestinta.fi\/mevi2020\/wp-json\/wp\/v2\/media?parent=4468"}],"wp:term":[{"taxonomy":"category","embeddable":true,"href":"https:\/\/mediaviestinta.fi\/mevi2020\/wp-json\/wp\/v2\/categories?post=4468"},{"taxonomy":"post_tag","embeddable":true,"href":"https:\/\/mediaviestinta.fi\/mevi2020\/wp-json\/wp\/v2\/tags?post=4468"}],"curies":[{"name":"wp","href":"https:\/\/api.w.org\/{rel}","templated":true}]}}