{"id":4533,"date":"2021-05-20T14:05:53","date_gmt":"2021-05-20T11:05:53","guid":{"rendered":"https:\/\/mediaviestinta.fi\/?p=4533"},"modified":"2021-05-20T14:06:51","modified_gmt":"2021-05-20T11:06:51","slug":"media-viestinta-hakee-uutta-paatoimittajaa-ja-toimitussihteeria-2","status":"publish","type":"post","link":"https:\/\/mediaviestinta.fi\/mevi2020\/2021\/05\/media-viestinta-hakee-uutta-paatoimittajaa-ja-toimitussihteeria-2\/","title":{"rendered":"Media &#038; viestint\u00e4 hakee uutta p\u00e4\u00e4toimittajaa ja toimitussihteeri\u00e4"},"content":{"rendered":"\n<p><em>Media &amp; viestint\u00e4<\/em> etsii uutta p\u00e4\u00e4toimittajaa ja toimitussihteeri\u00e4 kaudelle 2022\u20132024. Molemmat teht\u00e4v\u00e4t ovat kahden vuoden mittaisia yhden vuoden lis\u00e4optiolla (2+1).<\/p>\n\n\n\n<p>Media &amp; viestint\u00e4 on Media- ja viestint\u00e4tieteellinen seura Mevi ry:n kustantama kotimainen tiedejulkaisu, jossa ilmestyy artikkeleita median, viestinn\u00e4n ja journalismin tutkimuksen alalta. Media &amp; viestint\u00e4 on keskeinen ja arvostettu lehti alallaan, ja Julkaisufoorumin luokituksessa se on arvioitu tasolle 2. Lehden artikkeleista julkaistaan blogikirjoituksia ja videoabstrakteja Mevi ry:n verkkosivuilla <a href=\"http:\/\/www.mediaviestinta.fi\">www.mediaviestinta.fi<\/a>. Lehti ilmestyy avoimena verkossa osoitteessa <a href=\"https:\/\/journal.fi\/mediaviestinta\">journal.fi\/mediaviestinta<\/a>.<\/p>\n\n\n\n<p><strong>P\u00e4\u00e4toimittaja <\/strong>vastaa lehden toimitusty\u00f6st\u00e4. T\u00e4h\u00e4n kuuluu lehteen tarjottujen artikkelien arviointi ja kommentointi, toimituskunnan kokousten vet\u00e4minen, teemanumeroiden ideointi, p\u00e4\u00e4kirjoitusten laatiminen ja ajoittain lehden tapahtumien organisointi. P\u00e4\u00e4toimittajan teht\u00e4v\u00e4st\u00e4 maksetaan 1 000 euron vuotuinen palkkio. P\u00e4\u00e4toimittajalta edellytet\u00e4\u00e4n tohtorintutkintoa. P\u00e4\u00e4toimittajan teht\u00e4v\u00e4 on jaettavissa my\u00f6s kahdelle henkil\u00f6lle.<\/p>\n\n\n\n<p><strong>Toimitussihteerin<\/strong> teht\u00e4viin kuuluvat artikkelien kommentointi ja oikoluku, toimitusty\u00f6n organisointi ja teht\u00e4vien delegointi, yhteydenpito kirjoittajiin, vertaisarviointiprosessista huolehtiminen sek\u00e4 Media &amp; viestinn\u00e4n blogin ja sosiaalisen median kanavien p\u00e4ivitt\u00e4minen. Toimitussihteeri osallistuu my\u00f6s kotimaisen tiedejulkaisemisen kehitt\u00e4miseen. Toimitussihteerille maksetaan ty\u00f6st\u00e4 vuosittain 7 000 euron palkkio. Toimitussihteerin teht\u00e4v\u00e4\u00e4n hakevilta toivotaan kokemusta median ja viestinn\u00e4n tutkimuksen parissa ty\u00f6skentelyst\u00e4 sek\u00e4 tieteellisest\u00e4 kirjoittamisesta.<\/p>\n\n\n\n<p>Mik\u00e4li kiinnostuit p\u00e4\u00e4toimittajan tai toimitussihteerin teht\u00e4v\u00e4st\u00e4, l\u00e4het\u00e4 vapaamuotoinen hakemus osoitteeseen mevi.sihteeri@gmail.com <strong>maanantaihin<\/strong> <strong>21. kes\u00e4kuuta 2021 menness\u00e4<\/strong>. Kuvaile hakemuksessa kokemustasi tieteellisest\u00e4 kirjoittamisesta ja tieteellisest\u00e4 julkaisutoiminnasta. Uusi p\u00e4\u00e4toimittaja p\u00e4\u00e4see suunnittelemaan lehden uutta strategiaa, joten kuulemme mielell\u00e4mme jo hakemuksessa, mill\u00e4 tavoin kehitt\u00e4isit lehden strategiaa ja toimintaa. Liit\u00e4 hakemukseen mukaan ansioluettelo.<\/p>\n\n\n\n<p>Mevi ry:n hallitus valitsee p\u00e4\u00e4toimittajan. Uusi p\u00e4\u00e4toimittaja puolestaan tekee ehdotuksen toimitussihteerist\u00e4, ja hallitus hyv\u00e4ksyy valinnan.<\/p>\n","protected":false},"excerpt":{"rendered":"<p>Media &amp; viestint\u00e4 etsii uutta p\u00e4\u00e4toimittajaa ja toimitussihteeri\u00e4 kaudelle 2022\u20132024. Molemmat teht\u00e4v\u00e4t ovat kahden vuoden mittaisia yhden vuoden lis\u00e4optiolla (2+1). Media &amp; viestint\u00e4 on Media- ja viestint\u00e4tieteellinen seura&hellip;<\/p>\n","protected":false},"author":3,"featured_media":4371,"comment_status":"open","ping_status":"closed","sticky":false,"template":"","format":"standard","meta":{"_monsterinsights_skip_tracking":false,"_monsterinsights_sitenote_active":false,"_monsterinsights_sitenote_note":"","_monsterinsights_sitenote_category":0,"footnotes":""},"categories":[1],"tags":[62,176,177],"class_list":["post-4533","post","type-post","status-publish","format-standard","has-post-thumbnail","hentry","category-yleinen","tag-media-viestinta","tag-paatoimittaja","tag-toimitussihteeri"],"yoast_head":"<!-- This site is optimized with the Yoast SEO plugin v27.5 - https:\/\/yoast.com\/product\/yoast-seo-wordpress\/ -->\n<title>Media &amp; viestint\u00e4 hakee uutta p\u00e4\u00e4toimittajaa ja toimitussihteeri\u00e4 &#8211; Mevi<\/title>\n<meta name=\"robots\" content=\"index, follow, max-snippet:-1, max-image-preview:large, max-video-preview:-1\" \/>\n<link rel=\"canonical\" href=\"https:\/\/mediaviestinta.fi\/mevi2020\/2021\/05\/media-viestinta-hakee-uutta-paatoimittajaa-ja-toimitussihteeria-2\/\" \/>\n<meta property=\"og:locale\" content=\"fi_FI\" \/>\n<meta property=\"og:type\" content=\"article\" \/>\n<meta property=\"og:title\" content=\"Media &amp; viestint\u00e4 hakee uutta p\u00e4\u00e4toimittajaa ja toimitussihteeri\u00e4 &#8211; Mevi\" \/>\n<meta property=\"og:description\" content=\"Media &amp; viestint\u00e4 etsii uutta p\u00e4\u00e4toimittajaa ja toimitussihteeri\u00e4 kaudelle 2022\u20132024. Molemmat teht\u00e4v\u00e4t ovat kahden vuoden mittaisia yhden vuoden lis\u00e4optiolla (2+1). Media &amp; viestint\u00e4 on Media- ja viestint\u00e4tieteellinen seura&hellip;\" \/>\n<meta property=\"og:url\" content=\"https:\/\/mediaviestinta.fi\/mevi2020\/2021\/05\/media-viestinta-hakee-uutta-paatoimittajaa-ja-toimitussihteeria-2\/\" \/>\n<meta property=\"og:site_name\" content=\"Mevi\" \/>\n<meta property=\"article:publisher\" content=\"https:\/\/www.facebook.com\/MediaViestinta\/\" \/>\n<meta property=\"article:published_time\" content=\"2021-05-20T11:05:53+00:00\" \/>\n<meta property=\"article:modified_time\" content=\"2021-05-20T11:06:51+00:00\" \/>\n<meta property=\"og:image\" content=\"https:\/\/mediaviestinta.fi\/mevi2020\/wp-content\/uploads\/2020\/11\/lehden-logo-blogiin-kuvaksi.jpg\" \/>\n\t<meta property=\"og:image:width\" content=\"959\" \/>\n\t<meta property=\"og:image:height\" content=\"379\" \/>\n\t<meta property=\"og:image:type\" content=\"image\/jpeg\" \/>\n<meta name=\"author\" content=\"Mevi\" \/>\n<meta name=\"twitter:card\" content=\"summary_large_image\" \/>\n<meta name=\"twitter:creator\" content=\"@mediaviestinta\" \/>\n<meta name=\"twitter:site\" content=\"@mediaviestinta\" \/>\n<meta name=\"twitter:label1\" content=\"Kirjoittanut\" \/>\n\t<meta name=\"twitter:data1\" content=\"Mevi\" \/>\n\t<meta name=\"twitter:label2\" content=\"Arvioitu lukuaika\" \/>\n\t<meta name=\"twitter:data2\" content=\"2 minuuttia\" \/>\n<script type=\"application\/ld+json\" class=\"yoast-schema-graph\">{\"@context\":\"https:\\\/\\\/schema.org\",\"@graph\":[{\"@type\":\"Article\",\"@id\":\"https:\\\/\\\/mediaviestinta.fi\\\/mevi2020\\\/2021\\\/05\\\/media-viestinta-hakee-uutta-paatoimittajaa-ja-toimitussihteeria-2\\\/#article\",\"isPartOf\":{\"@id\":\"https:\\\/\\\/mediaviestinta.fi\\\/mevi2020\\\/2021\\\/05\\\/media-viestinta-hakee-uutta-paatoimittajaa-ja-toimitussihteeria-2\\\/\"},\"author\":{\"name\":\"Mevi\",\"@id\":\"https:\\\/\\\/mediaviestinta.fi\\\/#\\\/schema\\\/person\\\/b2da34ab24cfcd17dbdd6c7cfb173257\"},\"headline\":\"Media &#038; viestint\u00e4 hakee uutta p\u00e4\u00e4toimittajaa ja toimitussihteeri\u00e4\",\"datePublished\":\"2021-05-20T11:05:53+00:00\",\"dateModified\":\"2021-05-20T11:06:51+00:00\",\"mainEntityOfPage\":{\"@id\":\"https:\\\/\\\/mediaviestinta.fi\\\/mevi2020\\\/2021\\\/05\\\/media-viestinta-hakee-uutta-paatoimittajaa-ja-toimitussihteeria-2\\\/\"},\"wordCount\":289,\"commentCount\":0,\"publisher\":{\"@id\":\"https:\\\/\\\/mediaviestinta.fi\\\/#organization\"},\"image\":{\"@id\":\"https:\\\/\\\/mediaviestinta.fi\\\/mevi2020\\\/2021\\\/05\\\/media-viestinta-hakee-uutta-paatoimittajaa-ja-toimitussihteeria-2\\\/#primaryimage\"},\"thumbnailUrl\":\"https:\\\/\\\/mediaviestinta.fi\\\/mevi2020\\\/wp-content\\\/uploads\\\/2020\\\/11\\\/lehden-logo-blogiin-kuvaksi.jpg\",\"keywords\":[\"media &amp; viestint\u00e4\",\"p\u00e4\u00e4toimittaja\",\"toimitussihteeri\"],\"inLanguage\":\"fi\",\"potentialAction\":[{\"@type\":\"CommentAction\",\"name\":\"Comment\",\"target\":[\"https:\\\/\\\/mediaviestinta.fi\\\/mevi2020\\\/2021\\\/05\\\/media-viestinta-hakee-uutta-paatoimittajaa-ja-toimitussihteeria-2\\\/#respond\"]}]},{\"@type\":\"WebPage\",\"@id\":\"https:\\\/\\\/mediaviestinta.fi\\\/mevi2020\\\/2021\\\/05\\\/media-viestinta-hakee-uutta-paatoimittajaa-ja-toimitussihteeria-2\\\/\",\"url\":\"https:\\\/\\\/mediaviestinta.fi\\\/mevi2020\\\/2021\\\/05\\\/media-viestinta-hakee-uutta-paatoimittajaa-ja-toimitussihteeria-2\\\/\",\"name\":\"Media & viestint\u00e4 hakee uutta p\u00e4\u00e4toimittajaa ja toimitussihteeri\u00e4 &#8211; Mevi\",\"isPartOf\":{\"@id\":\"https:\\\/\\\/mediaviestinta.fi\\\/#website\"},\"primaryImageOfPage\":{\"@id\":\"https:\\\/\\\/mediaviestinta.fi\\\/mevi2020\\\/2021\\\/05\\\/media-viestinta-hakee-uutta-paatoimittajaa-ja-toimitussihteeria-2\\\/#primaryimage\"},\"image\":{\"@id\":\"https:\\\/\\\/mediaviestinta.fi\\\/mevi2020\\\/2021\\\/05\\\/media-viestinta-hakee-uutta-paatoimittajaa-ja-toimitussihteeria-2\\\/#primaryimage\"},\"thumbnailUrl\":\"https:\\\/\\\/mediaviestinta.fi\\\/mevi2020\\\/wp-content\\\/uploads\\\/2020\\\/11\\\/lehden-logo-blogiin-kuvaksi.jpg\",\"datePublished\":\"2021-05-20T11:05:53+00:00\",\"dateModified\":\"2021-05-20T11:06:51+00:00\",\"breadcrumb\":{\"@id\":\"https:\\\/\\\/mediaviestinta.fi\\\/mevi2020\\\/2021\\\/05\\\/media-viestinta-hakee-uutta-paatoimittajaa-ja-toimitussihteeria-2\\\/#breadcrumb\"},\"inLanguage\":\"fi\",\"potentialAction\":[{\"@type\":\"ReadAction\",\"target\":[\"https:\\\/\\\/mediaviestinta.fi\\\/mevi2020\\\/2021\\\/05\\\/media-viestinta-hakee-uutta-paatoimittajaa-ja-toimitussihteeria-2\\\/\"]}]},{\"@type\":\"ImageObject\",\"inLanguage\":\"fi\",\"@id\":\"https:\\\/\\\/mediaviestinta.fi\\\/mevi2020\\\/2021\\\/05\\\/media-viestinta-hakee-uutta-paatoimittajaa-ja-toimitussihteeria-2\\\/#primaryimage\",\"url\":\"https:\\\/\\\/mediaviestinta.fi\\\/mevi2020\\\/wp-content\\\/uploads\\\/2020\\\/11\\\/lehden-logo-blogiin-kuvaksi.jpg\",\"contentUrl\":\"https:\\\/\\\/mediaviestinta.fi\\\/mevi2020\\\/wp-content\\\/uploads\\\/2020\\\/11\\\/lehden-logo-blogiin-kuvaksi.jpg\",\"width\":959,\"height\":379},{\"@type\":\"BreadcrumbList\",\"@id\":\"https:\\\/\\\/mediaviestinta.fi\\\/mevi2020\\\/2021\\\/05\\\/media-viestinta-hakee-uutta-paatoimittajaa-ja-toimitussihteeria-2\\\/#breadcrumb\",\"itemListElement\":[{\"@type\":\"ListItem\",\"position\":1,\"name\":\"Home\",\"item\":\"https:\\\/\\\/mediaviestinta.fi\\\/\"},{\"@type\":\"ListItem\",\"position\":2,\"name\":\"Media &#038; viestint\u00e4 hakee uutta p\u00e4\u00e4toimittajaa ja toimitussihteeri\u00e4\"}]},{\"@type\":\"WebSite\",\"@id\":\"https:\\\/\\\/mediaviestinta.fi\\\/#website\",\"url\":\"https:\\\/\\\/mediaviestinta.fi\\\/\",\"name\":\"Mevi\",\"description\":\"Media- ja viestint\u00e4tieteellinen seura Mevi\",\"publisher\":{\"@id\":\"https:\\\/\\\/mediaviestinta.fi\\\/#organization\"},\"potentialAction\":[{\"@type\":\"SearchAction\",\"target\":{\"@type\":\"EntryPoint\",\"urlTemplate\":\"https:\\\/\\\/mediaviestinta.fi\\\/?s={search_term_string}\"},\"query-input\":{\"@type\":\"PropertyValueSpecification\",\"valueRequired\":true,\"valueName\":\"search_term_string\"}}],\"inLanguage\":\"fi\"},{\"@type\":\"Organization\",\"@id\":\"https:\\\/\\\/mediaviestinta.fi\\\/#organization\",\"name\":\"Media- ja viestint\u00e4tieteellinen seura Mevi\",\"url\":\"https:\\\/\\\/mediaviestinta.fi\\\/\",\"logo\":{\"@type\":\"ImageObject\",\"inLanguage\":\"fi\",\"@id\":\"https:\\\/\\\/mediaviestinta.fi\\\/#\\\/schema\\\/logo\\\/image\\\/\",\"url\":\"https:\\\/\\\/mediaviestinta.fi\\\/mevi2020\\\/wp-content\\\/uploads\\\/2020\\\/03\\\/mevi-logo-RGB-Transparent.png\",\"contentUrl\":\"https:\\\/\\\/mediaviestinta.fi\\\/mevi2020\\\/wp-content\\\/uploads\\\/2020\\\/03\\\/mevi-logo-RGB-Transparent.png\",\"width\":910,\"height\":464,\"caption\":\"Media- ja viestint\u00e4tieteellinen seura Mevi\"},\"image\":{\"@id\":\"https:\\\/\\\/mediaviestinta.fi\\\/#\\\/schema\\\/logo\\\/image\\\/\"},\"sameAs\":[\"https:\\\/\\\/www.facebook.com\\\/MediaViestinta\\\/\",\"https:\\\/\\\/x.com\\\/mediaviestinta\"]},{\"@type\":\"Person\",\"@id\":\"https:\\\/\\\/mediaviestinta.fi\\\/#\\\/schema\\\/person\\\/b2da34ab24cfcd17dbdd6c7cfb173257\",\"name\":\"Mevi\",\"image\":{\"@type\":\"ImageObject\",\"inLanguage\":\"fi\",\"@id\":\"https:\\\/\\\/secure.gravatar.com\\\/avatar\\\/3305b76d1667dc119a18808ed03d6a1fc2dfa8b6a1cddecb8c4d27ef14ec32ca?s=96&d=mm&r=g\",\"url\":\"https:\\\/\\\/secure.gravatar.com\\\/avatar\\\/3305b76d1667dc119a18808ed03d6a1fc2dfa8b6a1cddecb8c4d27ef14ec32ca?s=96&d=mm&r=g\",\"contentUrl\":\"https:\\\/\\\/secure.gravatar.com\\\/avatar\\\/3305b76d1667dc119a18808ed03d6a1fc2dfa8b6a1cddecb8c4d27ef14ec32ca?s=96&d=mm&r=g\",\"caption\":\"Mevi\"},\"url\":\"https:\\\/\\\/mediaviestinta.fi\\\/mevi2020\\\/author\\\/mediavie\\\/\"}]}<\/script>\n<!-- \/ Yoast SEO plugin. -->","yoast_head_json":{"title":"Media & viestint\u00e4 hakee uutta p\u00e4\u00e4toimittajaa ja toimitussihteeri\u00e4 &#8211; Mevi","robots":{"index":"index","follow":"follow","max-snippet":"max-snippet:-1","max-image-preview":"max-image-preview:large","max-video-preview":"max-video-preview:-1"},"canonical":"https:\/\/mediaviestinta.fi\/mevi2020\/2021\/05\/media-viestinta-hakee-uutta-paatoimittajaa-ja-toimitussihteeria-2\/","og_locale":"fi_FI","og_type":"article","og_title":"Media & viestint\u00e4 hakee uutta p\u00e4\u00e4toimittajaa ja toimitussihteeri\u00e4 &#8211; Mevi","og_description":"Media &amp; viestint\u00e4 etsii uutta p\u00e4\u00e4toimittajaa ja toimitussihteeri\u00e4 kaudelle 2022\u20132024. Molemmat teht\u00e4v\u00e4t ovat kahden vuoden mittaisia yhden vuoden lis\u00e4optiolla (2+1). Media &amp; viestint\u00e4 on Media- ja viestint\u00e4tieteellinen seura&hellip;","og_url":"https:\/\/mediaviestinta.fi\/mevi2020\/2021\/05\/media-viestinta-hakee-uutta-paatoimittajaa-ja-toimitussihteeria-2\/","og_site_name":"Mevi","article_publisher":"https:\/\/www.facebook.com\/MediaViestinta\/","article_published_time":"2021-05-20T11:05:53+00:00","article_modified_time":"2021-05-20T11:06:51+00:00","og_image":[{"width":959,"height":379,"url":"https:\/\/mediaviestinta.fi\/mevi2020\/wp-content\/uploads\/2020\/11\/lehden-logo-blogiin-kuvaksi.jpg","type":"image\/jpeg"}],"author":"Mevi","twitter_card":"summary_large_image","twitter_creator":"@mediaviestinta","twitter_site":"@mediaviestinta","twitter_misc":{"Kirjoittanut":"Mevi","Arvioitu lukuaika":"2 minuuttia"},"schema":{"@context":"https:\/\/schema.org","@graph":[{"@type":"Article","@id":"https:\/\/mediaviestinta.fi\/mevi2020\/2021\/05\/media-viestinta-hakee-uutta-paatoimittajaa-ja-toimitussihteeria-2\/#article","isPartOf":{"@id":"https:\/\/mediaviestinta.fi\/mevi2020\/2021\/05\/media-viestinta-hakee-uutta-paatoimittajaa-ja-toimitussihteeria-2\/"},"author":{"name":"Mevi","@id":"https:\/\/mediaviestinta.fi\/#\/schema\/person\/b2da34ab24cfcd17dbdd6c7cfb173257"},"headline":"Media &#038; viestint\u00e4 hakee uutta p\u00e4\u00e4toimittajaa ja toimitussihteeri\u00e4","datePublished":"2021-05-20T11:05:53+00:00","dateModified":"2021-05-20T11:06:51+00:00","mainEntityOfPage":{"@id":"https:\/\/mediaviestinta.fi\/mevi2020\/2021\/05\/media-viestinta-hakee-uutta-paatoimittajaa-ja-toimitussihteeria-2\/"},"wordCount":289,"commentCount":0,"publisher":{"@id":"https:\/\/mediaviestinta.fi\/#organization"},"image":{"@id":"https:\/\/mediaviestinta.fi\/mevi2020\/2021\/05\/media-viestinta-hakee-uutta-paatoimittajaa-ja-toimitussihteeria-2\/#primaryimage"},"thumbnailUrl":"https:\/\/mediaviestinta.fi\/mevi2020\/wp-content\/uploads\/2020\/11\/lehden-logo-blogiin-kuvaksi.jpg","keywords":["media &amp; viestint\u00e4","p\u00e4\u00e4toimittaja","toimitussihteeri"],"inLanguage":"fi","potentialAction":[{"@type":"CommentAction","name":"Comment","target":["https:\/\/mediaviestinta.fi\/mevi2020\/2021\/05\/media-viestinta-hakee-uutta-paatoimittajaa-ja-toimitussihteeria-2\/#respond"]}]},{"@type":"WebPage","@id":"https:\/\/mediaviestinta.fi\/mevi2020\/2021\/05\/media-viestinta-hakee-uutta-paatoimittajaa-ja-toimitussihteeria-2\/","url":"https:\/\/mediaviestinta.fi\/mevi2020\/2021\/05\/media-viestinta-hakee-uutta-paatoimittajaa-ja-toimitussihteeria-2\/","name":"Media & viestint\u00e4 hakee uutta p\u00e4\u00e4toimittajaa ja toimitussihteeri\u00e4 &#8211; Mevi","isPartOf":{"@id":"https:\/\/mediaviestinta.fi\/#website"},"primaryImageOfPage":{"@id":"https:\/\/mediaviestinta.fi\/mevi2020\/2021\/05\/media-viestinta-hakee-uutta-paatoimittajaa-ja-toimitussihteeria-2\/#primaryimage"},"image":{"@id":"https:\/\/mediaviestinta.fi\/mevi2020\/2021\/05\/media-viestinta-hakee-uutta-paatoimittajaa-ja-toimitussihteeria-2\/#primaryimage"},"thumbnailUrl":"https:\/\/mediaviestinta.fi\/mevi2020\/wp-content\/uploads\/2020\/11\/lehden-logo-blogiin-kuvaksi.jpg","datePublished":"2021-05-20T11:05:53+00:00","dateModified":"2021-05-20T11:06:51+00:00","breadcrumb":{"@id":"https:\/\/mediaviestinta.fi\/mevi2020\/2021\/05\/media-viestinta-hakee-uutta-paatoimittajaa-ja-toimitussihteeria-2\/#breadcrumb"},"inLanguage":"fi","potentialAction":[{"@type":"ReadAction","target":["https:\/\/mediaviestinta.fi\/mevi2020\/2021\/05\/media-viestinta-hakee-uutta-paatoimittajaa-ja-toimitussihteeria-2\/"]}]},{"@type":"ImageObject","inLanguage":"fi","@id":"https:\/\/mediaviestinta.fi\/mevi2020\/2021\/05\/media-viestinta-hakee-uutta-paatoimittajaa-ja-toimitussihteeria-2\/#primaryimage","url":"https:\/\/mediaviestinta.fi\/mevi2020\/wp-content\/uploads\/2020\/11\/lehden-logo-blogiin-kuvaksi.jpg","contentUrl":"https:\/\/mediaviestinta.fi\/mevi2020\/wp-content\/uploads\/2020\/11\/lehden-logo-blogiin-kuvaksi.jpg","width":959,"height":379},{"@type":"BreadcrumbList","@id":"https:\/\/mediaviestinta.fi\/mevi2020\/2021\/05\/media-viestinta-hakee-uutta-paatoimittajaa-ja-toimitussihteeria-2\/#breadcrumb","itemListElement":[{"@type":"ListItem","position":1,"name":"Home","item":"https:\/\/mediaviestinta.fi\/"},{"@type":"ListItem","position":2,"name":"Media &#038; viestint\u00e4 hakee uutta p\u00e4\u00e4toimittajaa ja toimitussihteeri\u00e4"}]},{"@type":"WebSite","@id":"https:\/\/mediaviestinta.fi\/#website","url":"https:\/\/mediaviestinta.fi\/","name":"Mevi","description":"Media- ja viestint\u00e4tieteellinen seura Mevi","publisher":{"@id":"https:\/\/mediaviestinta.fi\/#organization"},"potentialAction":[{"@type":"SearchAction","target":{"@type":"EntryPoint","urlTemplate":"https:\/\/mediaviestinta.fi\/?s={search_term_string}"},"query-input":{"@type":"PropertyValueSpecification","valueRequired":true,"valueName":"search_term_string"}}],"inLanguage":"fi"},{"@type":"Organization","@id":"https:\/\/mediaviestinta.fi\/#organization","name":"Media- ja viestint\u00e4tieteellinen seura Mevi","url":"https:\/\/mediaviestinta.fi\/","logo":{"@type":"ImageObject","inLanguage":"fi","@id":"https:\/\/mediaviestinta.fi\/#\/schema\/logo\/image\/","url":"https:\/\/mediaviestinta.fi\/mevi2020\/wp-content\/uploads\/2020\/03\/mevi-logo-RGB-Transparent.png","contentUrl":"https:\/\/mediaviestinta.fi\/mevi2020\/wp-content\/uploads\/2020\/03\/mevi-logo-RGB-Transparent.png","width":910,"height":464,"caption":"Media- ja viestint\u00e4tieteellinen seura Mevi"},"image":{"@id":"https:\/\/mediaviestinta.fi\/#\/schema\/logo\/image\/"},"sameAs":["https:\/\/www.facebook.com\/MediaViestinta\/","https:\/\/x.com\/mediaviestinta"]},{"@type":"Person","@id":"https:\/\/mediaviestinta.fi\/#\/schema\/person\/b2da34ab24cfcd17dbdd6c7cfb173257","name":"Mevi","image":{"@type":"ImageObject","inLanguage":"fi","@id":"https:\/\/secure.gravatar.com\/avatar\/3305b76d1667dc119a18808ed03d6a1fc2dfa8b6a1cddecb8c4d27ef14ec32ca?s=96&d=mm&r=g","url":"https:\/\/secure.gravatar.com\/avatar\/3305b76d1667dc119a18808ed03d6a1fc2dfa8b6a1cddecb8c4d27ef14ec32ca?s=96&d=mm&r=g","contentUrl":"https:\/\/secure.gravatar.com\/avatar\/3305b76d1667dc119a18808ed03d6a1fc2dfa8b6a1cddecb8c4d27ef14ec32ca?s=96&d=mm&r=g","caption":"Mevi"},"url":"https:\/\/mediaviestinta.fi\/mevi2020\/author\/mediavie\/"}]}},"_links":{"self":[{"href":"https:\/\/mediaviestinta.fi\/mevi2020\/wp-json\/wp\/v2\/posts\/4533","targetHints":{"allow":["GET"]}}],"collection":[{"href":"https:\/\/mediaviestinta.fi\/mevi2020\/wp-json\/wp\/v2\/posts"}],"about":[{"href":"https:\/\/mediaviestinta.fi\/mevi2020\/wp-json\/wp\/v2\/types\/post"}],"author":[{"embeddable":true,"href":"https:\/\/mediaviestinta.fi\/mevi2020\/wp-json\/wp\/v2\/users\/3"}],"replies":[{"embeddable":true,"href":"https:\/\/mediaviestinta.fi\/mevi2020\/wp-json\/wp\/v2\/comments?post=4533"}],"version-history":[{"count":2,"href":"https:\/\/mediaviestinta.fi\/mevi2020\/wp-json\/wp\/v2\/posts\/4533\/revisions"}],"predecessor-version":[{"id":4535,"href":"https:\/\/mediaviestinta.fi\/mevi2020\/wp-json\/wp\/v2\/posts\/4533\/revisions\/4535"}],"wp:featuredmedia":[{"embeddable":true,"href":"https:\/\/mediaviestinta.fi\/mevi2020\/wp-json\/wp\/v2\/media\/4371"}],"wp:attachment":[{"href":"https:\/\/mediaviestinta.fi\/mevi2020\/wp-json\/wp\/v2\/media?parent=4533"}],"wp:term":[{"taxonomy":"category","embeddable":true,"href":"https:\/\/mediaviestinta.fi\/mevi2020\/wp-json\/wp\/v2\/categories?post=4533"},{"taxonomy":"post_tag","embeddable":true,"href":"https:\/\/mediaviestinta.fi\/mevi2020\/wp-json\/wp\/v2\/tags?post=4533"}],"curies":[{"name":"wp","href":"https:\/\/api.w.org\/{rel}","templated":true}]}}