{"id":4537,"date":"2021-08-12T09:42:51","date_gmt":"2021-08-12T06:42:51","guid":{"rendered":"https:\/\/mediaviestinta.fi\/?p=4537"},"modified":"2021-08-12T09:46:34","modified_gmt":"2021-08-12T06:46:34","slug":"amatoorit-arvostelijoina-instagramissa","status":"publish","type":"post","link":"https:\/\/mediaviestinta.fi\/mevi2020\/2021\/08\/amatoorit-arvostelijoina-instagramissa\/","title":{"rendered":"Instragramin ei-ammattimaiset kirjaarvostelijat"},"content":{"rendered":"\n<p><strong>&#8221;K\u00e4ytt\u00e4j\u00e4l\u00e4ht\u00f6iset kirja-arvostelut alustataloudessa tuovat esille uudenlaisen tuottajaposition, jossa arvostelijan on asetuttava osaksi alustatalouden logiikkaa ja yksityisyritt\u00e4j\u00e4m\u00e4isesti hallittava profiiliaan mikromediana&#8221;, kertoo Maarit Jaakkola artikkelista <a href=\"https:\/\/journal.fi\/mediaviestinta\/article\/view\/109859\" target=\"_blank\" rel=\"noreferrer noopener\">Kirja-arvostelut alustataloudessa<\/a>. &#8221;T\u00e4m\u00e4 tarkoittaa sit\u00e4, ett\u00e4 arvostelijan on luotava suhde sellaisiiin asioihin, jotka institutionaalisessa arvostelun genress\u00e4 eiv\u00e4t ole ajankohtaisia: kaupallisuuteen, yleis\u00f6vuorovaikutukseen ja henkil\u00f6kohtaiseen yleis\u00f6ty\u00f6h\u00f6n.&#8221; Jaakkola on kirjoittanut artikkelin yhdess\u00e4 Tiina R\u00e4is\u00e4n kanssa, ja se on julkaistu&nbsp;<a href=\"https:\/\/journal.fi\/mediaviestinta\/issue\/view\/7795\" target=\"_blank\" rel=\"noreferrer noopener\">Media &amp; viestint\u00e4 -lehdess\u00e4 2\/2021<\/a>&nbsp;osana&nbsp;<a href=\"https:\/\/journal.fi\/mediaviestinta\/article\/view\/109863\" target=\"_blank\" rel=\"noreferrer noopener\">Dataistunut media<\/a>&nbsp;-teemaa.<\/strong><\/p>\n\n\n\n<ol class=\"wp-block-list\"><li><strong>Mihin laajempaan ilmi\u00f6\u00f6n ja keskusteluun artikkelinne liittyy?<\/strong><br>Aiheenamme on alustoitunut kritiikki tai arvostelutoiminta. Artikkeli k\u00e4sittelee tavallisten ihmisten kirjoittamia kirja-arvioita internetin kuvasovellus Instagramissa. Tavalliset ihmiset osallistuvat nyky\u00e4\u00e4n yh\u00e4 useammin kulttuurituotteiden arvostelemiseen julkaisemalla n\u00e4kemyksi\u00e4\u00e4n internetin erilaisilla alustoilla. Artikkelissa olemme halunneet Instagramin Bookstagram-yhteis\u00f6n esimerkin kautta luoda selkoa ei-ammattimaiseen arvostelutoimintaan: miss\u00e4 sit\u00e4 esiintyy, kuka sit\u00e4 tekee ja mink\u00e4laista kritiikki\u00e4 alustoilla julkaistaan.<\/li><\/ol>\n\n\n\n<ol class=\"wp-block-list\" start=\"2\"><li><strong>Mik\u00e4 on antinne t\u00e4h\u00e4n keskusteluun?<\/strong><br>Instagram on kulttuurituotteiden arvosteluun aivan uudenlainen ymp\u00e4rist\u00f6, koska se perustuu, toisin kuin taidekritiikin hyvin grafosentrinen eli kirjoitettuun argumentaatioon perustuva perinne, pitk\u00e4lti visuaaliseen kerrontaan, jossa keskeist\u00e4 on luoda omanlaisensa visuaalinen tyyli. Artikkelissa kuvataan my\u00f6s yleisemmin niit\u00e4 alustoja, joilla tavallisten ihmisten eli ei-institutionaalisten ammattilaisten arvosteluja esiintyy. Erotamme toisistaan institutionaaliset amat\u00f6\u00f6riarvostelualustat, joilla alustantarjoaja m\u00e4\u00e4rittelee genren ja asemoi arvostelijan joko harrastelijaksi tai ammattilaiseksi, ja sosiaalisen median alustat, joilla yksitt\u00e4iset sis\u00e4ll\u00f6ntuottajat ovat vapaita m\u00e4\u00e4rittelem\u00e4\u00e4n arvostelutoimintaansa itse. Ylh\u00e4\u00e4lt\u00e4 alasp\u00e4in rakentuvia institutionaalisia arvostelualustoja ovat esimerkiksi Internet Movie Database (IMDb), Metacritic ja Rotten Tomatoes. Alhaalta yl\u00f6sp\u00e4in rakentuvia sosiaalisen median yhteis\u00f6j\u00e4, joissa arvostelutoimintaa esiintyy, ovat esimerkiksi Bookstagram-yhteis\u00f6n arvostelut.<\/li><\/ol>\n\n\n\n<ol class=\"wp-block-list\" start=\"3\"><li><strong>Mik\u00e4 on artikkelinne keskeinen argumentti?<\/strong><br>Havainnoimme, ett\u00e4 kun institutionaalinen ammattimainen arvostelutoiminta on perinteisesti sellaista, jossa kriitikko asemoituu taiteen tuotannon ja vastaanoton keskelle niin sanotuksi kulttuuriseksi v\u00e4litt\u00e4j\u00e4ksi (Bourdieun k\u00e4site&nbsp;<em>cultural intermediary<\/em>), t\u00e4m\u00e4 ei ole tyypillist\u00e4 ja tavoiteltua ei-institutionaalisessa ei-ammattimaisessa arvostelutoiminnassa. Amat\u00f6\u00f6riarvostelijat eiv\u00e4t pyri asemoitumaan kolmanneksi osapuoleksi tai neutraaliksi v\u00e4lik\u00e4deksi, vaan k\u00e4sitt\u00e4v\u00e4t itsens\u00e4 osaksi sit\u00e4 fani-, harrastaja- tai kuluttajayhteis\u00f6\u00e4, jolle he arvostelunsa suuntaavat. K\u00e4yt\u00e4mme t\u00e4st\u00e4 k\u00e4sitett\u00e4 englanninkielist\u00e4 k\u00e4sitett\u00e4&nbsp;<em>cultural intramediation<\/em>.<\/li><\/ol>\n\n\n\n<ol class=\"wp-block-list\" start=\"4\"><li><strong>Mit\u00e4 haluat artikkelillanne sanoa?<br><\/strong>Haluamme korostaa, ett\u00e4 ei-ammattilaisten tuottama kritiikki on olemukseltaan ja tavoitteiltaan erilaista kuin ammattimaisesti tuotettu institutionaalinen kritiikki, eik\u00e4 n\u00e4it\u00e4 ilmi\u00f6it\u00e4 tule asettaa vastakkain. P\u00e4invastoin: kun tarkastelemme eri kulttuurin osa-alueilla esiintyvi\u00e4 erilaisia yhteis\u00f6j\u00e4, joissa ammattimaisuuden aste vaihtelee suuresti, saamme vivahteikkaamman kuvan siit\u00e4, mink\u00e4laisia erilaisia kulttuurisen v\u00e4litystoiminnan muotoja on olemassa. Turhan usein ammattimainen kritiikki ja amat\u00f6\u00f6rikritiikki asetetaan kuitenkin toisiaan vasten v\u00e4itt\u00e4en, ett\u00e4 toinen olisi toisen kilpailija, haastaja tai uhka.<\/li><\/ol>\n\n\n\n<ol class=\"wp-block-list\" start=\"5\"><li><strong>Kenen kannattaa lukea artikkelinne?<br><\/strong>Kaikkien, jotka ovat kiinnostuneet kulttuurikritiikist\u00e4 ja sen muutoksesta, sek\u00e4 niiden, jotka ovat ovat huolissaan ammattimaisen kulttuurijournalismin kehityksest\u00e4. My\u00f6s niiden, jotka ovat yleisesti kiinnostuneita siit\u00e4, miten kansalaiset ja kuluttajat osallistuvat sis\u00e4lt\u00f6jen tuotantoon internetin alustoilla, kannattaa tutustua arvosteluun esimerkkin\u00e4 kansalaisten kulttuurisesta aktiivisuudesta ja luovuudesta. Kyseess\u00e4 ei ole mik\u00e4\u00e4n marginaalinen ilmi\u00f6: muun muassa YouTubesta jo pari vuotta eniten ansioita saanut tubettaja on yhdeks\u00e4nvuotias Ryan Kaji, joka aloitti tubettajauransa lelujen arvostelijana. Ryanin jalanj\u00e4ljiss\u00e4 on seurannut moni, ja leluarvostelut ovat YouTubessa yleinen lajityyppi.<\/li><\/ol>\n\n\n\n<ol class=\"wp-block-list\" start=\"6\"><li><strong>Mik\u00e4 sai sinut tarttumaan t\u00e4h\u00e4n aiheeseen?<br><\/strong>Olen aikaisemmin tutkinut ammattimaisen, osana kulttuurijournalismia julkaistavan kritiikin kehityst\u00e4 suomalaisissa p\u00e4iv\u00e4lehdiss\u00e4, ja halusin nyt tehd\u00e4 retken ei-ammattimaisen ei-institutionalisoituneen arvostelutoiminnan kent\u00e4lle t\u00e4ydent\u00e4\u00e4kseni kuvaa kritiikist\u00e4 nykyisess\u00e4 mediamaisemassa. Olen tarkastellut ei-institutionaalista arvostelutoimintaa Instagramin lis\u00e4ksi YouTubessa, Vimeossa ja erilaisilla amat\u00f6\u00f6riarvosteluja sis\u00e4lt\u00e4vill\u00e4 sivustoilla kuten blogeissa, Goodreadsissa ja Internet Movie Databasessa (IMDb). Tutkimukseni kohteena ovat olleet kirja-arvostelujen lis\u00e4ksi muun muassa elokuva-arvostelut, teknologia-arvostelut ja leluarvostelut sek\u00e4 arvosteluviihde, niin sanottu &#8221;reviewtainment&#8221;. Osatutkimuksiini perustuva monografia&nbsp;<em>Reviewing Culture Online: Post-professional Cultural Critique across Platforms&nbsp;<\/em>ilmestyy t\u00e4m\u00e4n vuoden puolella&nbsp;Palgrave Macmillanilta.<br><br>(Lauri Haapanen)<\/li><\/ol>\n","protected":false},"excerpt":{"rendered":"<p>&#8221;K\u00e4ytt\u00e4j\u00e4l\u00e4ht\u00f6iset kirja-arvostelut alustataloudessa tuovat esille uudenlaisen tuottajaposition, jossa arvostelijan on asetuttava osaksi alustatalouden logiikkaa ja yksityisyritt\u00e4j\u00e4m\u00e4isesti hallittava profiiliaan mikromediana&#8221;, kertoo Maarit Jaakkola artikkelista Kirja-arvostelut alustataloudessa. &#8221;T\u00e4m\u00e4 tarkoittaa sit\u00e4,&hellip;<\/p>\n","protected":false},"author":3,"featured_media":4562,"comment_status":"open","ping_status":"closed","sticky":false,"template":"","format":"standard","meta":{"_monsterinsights_skip_tracking":false,"_monsterinsights_sitenote_active":false,"_monsterinsights_sitenote_note":"","_monsterinsights_sitenote_category":0,"footnotes":""},"categories":[1],"tags":[189,188,190,191],"class_list":["post-4537","post","type-post","status-publish","format-standard","has-post-thumbnail","hentry","category-yleinen","tag-kayttajalahtoinen-sisallontuotanto","tag-kirjallisuusarvostelu","tag-kulttuurinen-alustatalous","tag-kulttuuriset-valittajat"],"yoast_head":"<!-- This site is optimized with the Yoast SEO plugin v27.5 - https:\/\/yoast.com\/product\/yoast-seo-wordpress\/ -->\n<title>Instragramin ei-ammattimaiset kirjaarvostelijat &#8211; Mevi<\/title>\n<meta name=\"robots\" content=\"index, follow, max-snippet:-1, max-image-preview:large, max-video-preview:-1\" \/>\n<link rel=\"canonical\" href=\"https:\/\/mediaviestinta.fi\/2021\/08\/amatoorit-arvostelijoina-instagramissa\/\" \/>\n<meta property=\"og:locale\" content=\"fi_FI\" \/>\n<meta property=\"og:type\" content=\"article\" \/>\n<meta property=\"og:title\" content=\"Instragramin ei-ammattimaiset kirjaarvostelijat &#8211; Mevi\" \/>\n<meta property=\"og:description\" content=\"&#8221;K\u00e4ytt\u00e4j\u00e4l\u00e4ht\u00f6iset kirja-arvostelut alustataloudessa tuovat esille uudenlaisen tuottajaposition, jossa arvostelijan on asetuttava osaksi alustatalouden logiikkaa ja yksityisyritt\u00e4j\u00e4m\u00e4isesti hallittava profiiliaan mikromediana&#8221;, kertoo Maarit Jaakkola artikkelista Kirja-arvostelut alustataloudessa. &#8221;T\u00e4m\u00e4 tarkoittaa sit\u00e4,&hellip;\" \/>\n<meta property=\"og:url\" content=\"https:\/\/mediaviestinta.fi\/2021\/08\/amatoorit-arvostelijoina-instagramissa\/\" \/>\n<meta property=\"og:site_name\" content=\"Mevi\" \/>\n<meta property=\"article:publisher\" content=\"https:\/\/www.facebook.com\/MediaViestinta\/\" \/>\n<meta property=\"article:published_time\" content=\"2021-08-12T06:42:51+00:00\" \/>\n<meta property=\"article:modified_time\" content=\"2021-08-12T06:46:34+00:00\" \/>\n<meta property=\"og:image\" content=\"https:\/\/mediaviestinta.fi\/mevi2020\/wp-content\/uploads\/2021\/08\/insta.jpg\" \/>\n\t<meta property=\"og:image:width\" content=\"412\" \/>\n\t<meta property=\"og:image:height\" content=\"201\" \/>\n\t<meta property=\"og:image:type\" content=\"image\/jpeg\" \/>\n<meta name=\"author\" content=\"Mevi\" \/>\n<meta name=\"twitter:card\" content=\"summary_large_image\" \/>\n<meta name=\"twitter:creator\" content=\"@mediaviestinta\" \/>\n<meta name=\"twitter:site\" content=\"@mediaviestinta\" \/>\n<meta name=\"twitter:label1\" content=\"Kirjoittanut\" \/>\n\t<meta name=\"twitter:data1\" content=\"Mevi\" \/>\n\t<meta name=\"twitter:label2\" content=\"Arvioitu lukuaika\" \/>\n\t<meta name=\"twitter:data2\" content=\"3 minuuttia\" \/>\n<script type=\"application\/ld+json\" class=\"yoast-schema-graph\">{\"@context\":\"https:\\\/\\\/schema.org\",\"@graph\":[{\"@type\":\"Article\",\"@id\":\"https:\\\/\\\/mediaviestinta.fi\\\/2021\\\/08\\\/amatoorit-arvostelijoina-instagramissa\\\/#article\",\"isPartOf\":{\"@id\":\"https:\\\/\\\/mediaviestinta.fi\\\/2021\\\/08\\\/amatoorit-arvostelijoina-instagramissa\\\/\"},\"author\":{\"name\":\"Mevi\",\"@id\":\"https:\\\/\\\/mediaviestinta.fi\\\/#\\\/schema\\\/person\\\/b2da34ab24cfcd17dbdd6c7cfb173257\"},\"headline\":\"Instragramin ei-ammattimaiset kirjaarvostelijat\",\"datePublished\":\"2021-08-12T06:42:51+00:00\",\"dateModified\":\"2021-08-12T06:46:34+00:00\",\"mainEntityOfPage\":{\"@id\":\"https:\\\/\\\/mediaviestinta.fi\\\/2021\\\/08\\\/amatoorit-arvostelijoina-instagramissa\\\/\"},\"wordCount\":636,\"commentCount\":0,\"publisher\":{\"@id\":\"https:\\\/\\\/mediaviestinta.fi\\\/#organization\"},\"image\":{\"@id\":\"https:\\\/\\\/mediaviestinta.fi\\\/2021\\\/08\\\/amatoorit-arvostelijoina-instagramissa\\\/#primaryimage\"},\"thumbnailUrl\":\"https:\\\/\\\/mediaviestinta.fi\\\/mevi2020\\\/wp-content\\\/uploads\\\/2021\\\/08\\\/insta.jpg\",\"keywords\":[\"k\u00e4ytt\u00e4j\u00e4l\u00e4ht\u00f6inen sis\u00e4ll\u00f6ntuotanto\",\"kirjallisuusarvostelu\",\"kulttuurinen alustatalous\",\"kulttuuriset v\u00e4litt\u00e4j\u00e4t\"],\"inLanguage\":\"fi\",\"potentialAction\":[{\"@type\":\"CommentAction\",\"name\":\"Comment\",\"target\":[\"https:\\\/\\\/mediaviestinta.fi\\\/2021\\\/08\\\/amatoorit-arvostelijoina-instagramissa\\\/#respond\"]}]},{\"@type\":\"WebPage\",\"@id\":\"https:\\\/\\\/mediaviestinta.fi\\\/2021\\\/08\\\/amatoorit-arvostelijoina-instagramissa\\\/\",\"url\":\"https:\\\/\\\/mediaviestinta.fi\\\/2021\\\/08\\\/amatoorit-arvostelijoina-instagramissa\\\/\",\"name\":\"Instragramin ei-ammattimaiset kirjaarvostelijat &#8211; Mevi\",\"isPartOf\":{\"@id\":\"https:\\\/\\\/mediaviestinta.fi\\\/#website\"},\"primaryImageOfPage\":{\"@id\":\"https:\\\/\\\/mediaviestinta.fi\\\/2021\\\/08\\\/amatoorit-arvostelijoina-instagramissa\\\/#primaryimage\"},\"image\":{\"@id\":\"https:\\\/\\\/mediaviestinta.fi\\\/2021\\\/08\\\/amatoorit-arvostelijoina-instagramissa\\\/#primaryimage\"},\"thumbnailUrl\":\"https:\\\/\\\/mediaviestinta.fi\\\/mevi2020\\\/wp-content\\\/uploads\\\/2021\\\/08\\\/insta.jpg\",\"datePublished\":\"2021-08-12T06:42:51+00:00\",\"dateModified\":\"2021-08-12T06:46:34+00:00\",\"breadcrumb\":{\"@id\":\"https:\\\/\\\/mediaviestinta.fi\\\/2021\\\/08\\\/amatoorit-arvostelijoina-instagramissa\\\/#breadcrumb\"},\"inLanguage\":\"fi\",\"potentialAction\":[{\"@type\":\"ReadAction\",\"target\":[\"https:\\\/\\\/mediaviestinta.fi\\\/2021\\\/08\\\/amatoorit-arvostelijoina-instagramissa\\\/\"]}]},{\"@type\":\"ImageObject\",\"inLanguage\":\"fi\",\"@id\":\"https:\\\/\\\/mediaviestinta.fi\\\/2021\\\/08\\\/amatoorit-arvostelijoina-instagramissa\\\/#primaryimage\",\"url\":\"https:\\\/\\\/mediaviestinta.fi\\\/mevi2020\\\/wp-content\\\/uploads\\\/2021\\\/08\\\/insta.jpg\",\"contentUrl\":\"https:\\\/\\\/mediaviestinta.fi\\\/mevi2020\\\/wp-content\\\/uploads\\\/2021\\\/08\\\/insta.jpg\",\"width\":412,\"height\":201},{\"@type\":\"BreadcrumbList\",\"@id\":\"https:\\\/\\\/mediaviestinta.fi\\\/2021\\\/08\\\/amatoorit-arvostelijoina-instagramissa\\\/#breadcrumb\",\"itemListElement\":[{\"@type\":\"ListItem\",\"position\":1,\"name\":\"Home\",\"item\":\"https:\\\/\\\/mediaviestinta.fi\\\/\"},{\"@type\":\"ListItem\",\"position\":2,\"name\":\"Instragramin ei-ammattimaiset kirjaarvostelijat\"}]},{\"@type\":\"WebSite\",\"@id\":\"https:\\\/\\\/mediaviestinta.fi\\\/#website\",\"url\":\"https:\\\/\\\/mediaviestinta.fi\\\/\",\"name\":\"Mevi\",\"description\":\"Media- ja viestint\u00e4tieteellinen seura Mevi\",\"publisher\":{\"@id\":\"https:\\\/\\\/mediaviestinta.fi\\\/#organization\"},\"potentialAction\":[{\"@type\":\"SearchAction\",\"target\":{\"@type\":\"EntryPoint\",\"urlTemplate\":\"https:\\\/\\\/mediaviestinta.fi\\\/?s={search_term_string}\"},\"query-input\":{\"@type\":\"PropertyValueSpecification\",\"valueRequired\":true,\"valueName\":\"search_term_string\"}}],\"inLanguage\":\"fi\"},{\"@type\":\"Organization\",\"@id\":\"https:\\\/\\\/mediaviestinta.fi\\\/#organization\",\"name\":\"Media- ja viestint\u00e4tieteellinen seura Mevi\",\"url\":\"https:\\\/\\\/mediaviestinta.fi\\\/\",\"logo\":{\"@type\":\"ImageObject\",\"inLanguage\":\"fi\",\"@id\":\"https:\\\/\\\/mediaviestinta.fi\\\/#\\\/schema\\\/logo\\\/image\\\/\",\"url\":\"https:\\\/\\\/mediaviestinta.fi\\\/mevi2020\\\/wp-content\\\/uploads\\\/2020\\\/03\\\/mevi-logo-RGB-Transparent.png\",\"contentUrl\":\"https:\\\/\\\/mediaviestinta.fi\\\/mevi2020\\\/wp-content\\\/uploads\\\/2020\\\/03\\\/mevi-logo-RGB-Transparent.png\",\"width\":910,\"height\":464,\"caption\":\"Media- ja viestint\u00e4tieteellinen seura Mevi\"},\"image\":{\"@id\":\"https:\\\/\\\/mediaviestinta.fi\\\/#\\\/schema\\\/logo\\\/image\\\/\"},\"sameAs\":[\"https:\\\/\\\/www.facebook.com\\\/MediaViestinta\\\/\",\"https:\\\/\\\/x.com\\\/mediaviestinta\"]},{\"@type\":\"Person\",\"@id\":\"https:\\\/\\\/mediaviestinta.fi\\\/#\\\/schema\\\/person\\\/b2da34ab24cfcd17dbdd6c7cfb173257\",\"name\":\"Mevi\",\"image\":{\"@type\":\"ImageObject\",\"inLanguage\":\"fi\",\"@id\":\"https:\\\/\\\/secure.gravatar.com\\\/avatar\\\/3305b76d1667dc119a18808ed03d6a1fc2dfa8b6a1cddecb8c4d27ef14ec32ca?s=96&d=mm&r=g\",\"url\":\"https:\\\/\\\/secure.gravatar.com\\\/avatar\\\/3305b76d1667dc119a18808ed03d6a1fc2dfa8b6a1cddecb8c4d27ef14ec32ca?s=96&d=mm&r=g\",\"contentUrl\":\"https:\\\/\\\/secure.gravatar.com\\\/avatar\\\/3305b76d1667dc119a18808ed03d6a1fc2dfa8b6a1cddecb8c4d27ef14ec32ca?s=96&d=mm&r=g\",\"caption\":\"Mevi\"},\"url\":\"https:\\\/\\\/mediaviestinta.fi\\\/mevi2020\\\/author\\\/mediavie\\\/\"}]}<\/script>\n<!-- \/ Yoast SEO plugin. -->","yoast_head_json":{"title":"Instragramin ei-ammattimaiset kirjaarvostelijat &#8211; Mevi","robots":{"index":"index","follow":"follow","max-snippet":"max-snippet:-1","max-image-preview":"max-image-preview:large","max-video-preview":"max-video-preview:-1"},"canonical":"https:\/\/mediaviestinta.fi\/2021\/08\/amatoorit-arvostelijoina-instagramissa\/","og_locale":"fi_FI","og_type":"article","og_title":"Instragramin ei-ammattimaiset kirjaarvostelijat &#8211; Mevi","og_description":"&#8221;K\u00e4ytt\u00e4j\u00e4l\u00e4ht\u00f6iset kirja-arvostelut alustataloudessa tuovat esille uudenlaisen tuottajaposition, jossa arvostelijan on asetuttava osaksi alustatalouden logiikkaa ja yksityisyritt\u00e4j\u00e4m\u00e4isesti hallittava profiiliaan mikromediana&#8221;, kertoo Maarit Jaakkola artikkelista Kirja-arvostelut alustataloudessa. &#8221;T\u00e4m\u00e4 tarkoittaa sit\u00e4,&hellip;","og_url":"https:\/\/mediaviestinta.fi\/2021\/08\/amatoorit-arvostelijoina-instagramissa\/","og_site_name":"Mevi","article_publisher":"https:\/\/www.facebook.com\/MediaViestinta\/","article_published_time":"2021-08-12T06:42:51+00:00","article_modified_time":"2021-08-12T06:46:34+00:00","og_image":[{"width":412,"height":201,"url":"https:\/\/mediaviestinta.fi\/mevi2020\/wp-content\/uploads\/2021\/08\/insta.jpg","type":"image\/jpeg"}],"author":"Mevi","twitter_card":"summary_large_image","twitter_creator":"@mediaviestinta","twitter_site":"@mediaviestinta","twitter_misc":{"Kirjoittanut":"Mevi","Arvioitu lukuaika":"3 minuuttia"},"schema":{"@context":"https:\/\/schema.org","@graph":[{"@type":"Article","@id":"https:\/\/mediaviestinta.fi\/2021\/08\/amatoorit-arvostelijoina-instagramissa\/#article","isPartOf":{"@id":"https:\/\/mediaviestinta.fi\/2021\/08\/amatoorit-arvostelijoina-instagramissa\/"},"author":{"name":"Mevi","@id":"https:\/\/mediaviestinta.fi\/#\/schema\/person\/b2da34ab24cfcd17dbdd6c7cfb173257"},"headline":"Instragramin ei-ammattimaiset kirjaarvostelijat","datePublished":"2021-08-12T06:42:51+00:00","dateModified":"2021-08-12T06:46:34+00:00","mainEntityOfPage":{"@id":"https:\/\/mediaviestinta.fi\/2021\/08\/amatoorit-arvostelijoina-instagramissa\/"},"wordCount":636,"commentCount":0,"publisher":{"@id":"https:\/\/mediaviestinta.fi\/#organization"},"image":{"@id":"https:\/\/mediaviestinta.fi\/2021\/08\/amatoorit-arvostelijoina-instagramissa\/#primaryimage"},"thumbnailUrl":"https:\/\/mediaviestinta.fi\/mevi2020\/wp-content\/uploads\/2021\/08\/insta.jpg","keywords":["k\u00e4ytt\u00e4j\u00e4l\u00e4ht\u00f6inen sis\u00e4ll\u00f6ntuotanto","kirjallisuusarvostelu","kulttuurinen alustatalous","kulttuuriset v\u00e4litt\u00e4j\u00e4t"],"inLanguage":"fi","potentialAction":[{"@type":"CommentAction","name":"Comment","target":["https:\/\/mediaviestinta.fi\/2021\/08\/amatoorit-arvostelijoina-instagramissa\/#respond"]}]},{"@type":"WebPage","@id":"https:\/\/mediaviestinta.fi\/2021\/08\/amatoorit-arvostelijoina-instagramissa\/","url":"https:\/\/mediaviestinta.fi\/2021\/08\/amatoorit-arvostelijoina-instagramissa\/","name":"Instragramin ei-ammattimaiset kirjaarvostelijat &#8211; Mevi","isPartOf":{"@id":"https:\/\/mediaviestinta.fi\/#website"},"primaryImageOfPage":{"@id":"https:\/\/mediaviestinta.fi\/2021\/08\/amatoorit-arvostelijoina-instagramissa\/#primaryimage"},"image":{"@id":"https:\/\/mediaviestinta.fi\/2021\/08\/amatoorit-arvostelijoina-instagramissa\/#primaryimage"},"thumbnailUrl":"https:\/\/mediaviestinta.fi\/mevi2020\/wp-content\/uploads\/2021\/08\/insta.jpg","datePublished":"2021-08-12T06:42:51+00:00","dateModified":"2021-08-12T06:46:34+00:00","breadcrumb":{"@id":"https:\/\/mediaviestinta.fi\/2021\/08\/amatoorit-arvostelijoina-instagramissa\/#breadcrumb"},"inLanguage":"fi","potentialAction":[{"@type":"ReadAction","target":["https:\/\/mediaviestinta.fi\/2021\/08\/amatoorit-arvostelijoina-instagramissa\/"]}]},{"@type":"ImageObject","inLanguage":"fi","@id":"https:\/\/mediaviestinta.fi\/2021\/08\/amatoorit-arvostelijoina-instagramissa\/#primaryimage","url":"https:\/\/mediaviestinta.fi\/mevi2020\/wp-content\/uploads\/2021\/08\/insta.jpg","contentUrl":"https:\/\/mediaviestinta.fi\/mevi2020\/wp-content\/uploads\/2021\/08\/insta.jpg","width":412,"height":201},{"@type":"BreadcrumbList","@id":"https:\/\/mediaviestinta.fi\/2021\/08\/amatoorit-arvostelijoina-instagramissa\/#breadcrumb","itemListElement":[{"@type":"ListItem","position":1,"name":"Home","item":"https:\/\/mediaviestinta.fi\/"},{"@type":"ListItem","position":2,"name":"Instragramin ei-ammattimaiset kirjaarvostelijat"}]},{"@type":"WebSite","@id":"https:\/\/mediaviestinta.fi\/#website","url":"https:\/\/mediaviestinta.fi\/","name":"Mevi","description":"Media- ja viestint\u00e4tieteellinen seura Mevi","publisher":{"@id":"https:\/\/mediaviestinta.fi\/#organization"},"potentialAction":[{"@type":"SearchAction","target":{"@type":"EntryPoint","urlTemplate":"https:\/\/mediaviestinta.fi\/?s={search_term_string}"},"query-input":{"@type":"PropertyValueSpecification","valueRequired":true,"valueName":"search_term_string"}}],"inLanguage":"fi"},{"@type":"Organization","@id":"https:\/\/mediaviestinta.fi\/#organization","name":"Media- ja viestint\u00e4tieteellinen seura Mevi","url":"https:\/\/mediaviestinta.fi\/","logo":{"@type":"ImageObject","inLanguage":"fi","@id":"https:\/\/mediaviestinta.fi\/#\/schema\/logo\/image\/","url":"https:\/\/mediaviestinta.fi\/mevi2020\/wp-content\/uploads\/2020\/03\/mevi-logo-RGB-Transparent.png","contentUrl":"https:\/\/mediaviestinta.fi\/mevi2020\/wp-content\/uploads\/2020\/03\/mevi-logo-RGB-Transparent.png","width":910,"height":464,"caption":"Media- ja viestint\u00e4tieteellinen seura Mevi"},"image":{"@id":"https:\/\/mediaviestinta.fi\/#\/schema\/logo\/image\/"},"sameAs":["https:\/\/www.facebook.com\/MediaViestinta\/","https:\/\/x.com\/mediaviestinta"]},{"@type":"Person","@id":"https:\/\/mediaviestinta.fi\/#\/schema\/person\/b2da34ab24cfcd17dbdd6c7cfb173257","name":"Mevi","image":{"@type":"ImageObject","inLanguage":"fi","@id":"https:\/\/secure.gravatar.com\/avatar\/3305b76d1667dc119a18808ed03d6a1fc2dfa8b6a1cddecb8c4d27ef14ec32ca?s=96&d=mm&r=g","url":"https:\/\/secure.gravatar.com\/avatar\/3305b76d1667dc119a18808ed03d6a1fc2dfa8b6a1cddecb8c4d27ef14ec32ca?s=96&d=mm&r=g","contentUrl":"https:\/\/secure.gravatar.com\/avatar\/3305b76d1667dc119a18808ed03d6a1fc2dfa8b6a1cddecb8c4d27ef14ec32ca?s=96&d=mm&r=g","caption":"Mevi"},"url":"https:\/\/mediaviestinta.fi\/mevi2020\/author\/mediavie\/"}]}},"_links":{"self":[{"href":"https:\/\/mediaviestinta.fi\/mevi2020\/wp-json\/wp\/v2\/posts\/4537","targetHints":{"allow":["GET"]}}],"collection":[{"href":"https:\/\/mediaviestinta.fi\/mevi2020\/wp-json\/wp\/v2\/posts"}],"about":[{"href":"https:\/\/mediaviestinta.fi\/mevi2020\/wp-json\/wp\/v2\/types\/post"}],"author":[{"embeddable":true,"href":"https:\/\/mediaviestinta.fi\/mevi2020\/wp-json\/wp\/v2\/users\/3"}],"replies":[{"embeddable":true,"href":"https:\/\/mediaviestinta.fi\/mevi2020\/wp-json\/wp\/v2\/comments?post=4537"}],"version-history":[{"count":7,"href":"https:\/\/mediaviestinta.fi\/mevi2020\/wp-json\/wp\/v2\/posts\/4537\/revisions"}],"predecessor-version":[{"id":4568,"href":"https:\/\/mediaviestinta.fi\/mevi2020\/wp-json\/wp\/v2\/posts\/4537\/revisions\/4568"}],"wp:featuredmedia":[{"embeddable":true,"href":"https:\/\/mediaviestinta.fi\/mevi2020\/wp-json\/wp\/v2\/media\/4562"}],"wp:attachment":[{"href":"https:\/\/mediaviestinta.fi\/mevi2020\/wp-json\/wp\/v2\/media?parent=4537"}],"wp:term":[{"taxonomy":"category","embeddable":true,"href":"https:\/\/mediaviestinta.fi\/mevi2020\/wp-json\/wp\/v2\/categories?post=4537"},{"taxonomy":"post_tag","embeddable":true,"href":"https:\/\/mediaviestinta.fi\/mevi2020\/wp-json\/wp\/v2\/tags?post=4537"}],"curies":[{"name":"wp","href":"https:\/\/api.w.org\/{rel}","templated":true}]}}