{"id":4544,"date":"2021-08-05T21:36:33","date_gmt":"2021-08-05T18:36:33","guid":{"rendered":"https:\/\/mediaviestinta.fi\/?p=4544"},"modified":"2021-08-06T15:34:14","modified_gmt":"2021-08-06T12:34:14","slug":"haavoittuvuuden-ulottuvuudet-dataistuneessa-mediassa","status":"publish","type":"post","link":"https:\/\/mediaviestinta.fi\/mevi2020\/2021\/08\/haavoittuvuuden-ulottuvuudet-dataistuneessa-mediassa\/","title":{"rendered":"Haavoittuvuuden ulottuvuudet dataistuneessa mediassa"},"content":{"rendered":"\n<p><strong>&#8221;Tasa- ja eriarvoisuuden k\u00e4sitteist\u00f6 ei tavoita riitt\u00e4v\u00e4n hyvin datafikaation seurauksia&#8221;, kertoo Julius Hokkanen artikkelista <a href=\"https:\/\/journal.fi\/mediaviestinta\/article\/view\/109860\" target=\"_blank\" rel=\"noreferrer noopener\">Haavoittuvuuden kudelmat<\/a>, &#8221; vaan sen sijaan <em>haavoittuvuutta <\/em>voidaan pit\u00e4\u00e4 digitaaliseen el\u00e4m\u00e4\u00e4n liittyv\u00e4n\u00e4 keskeisen\u00e4 tunnerakenteena ja eettisen\u00e4 resurssina&#8221;.\u00a0 Hokkanen on kirjoittanut artikkelin yhdess\u00e4 Anne Sorosen, Karoliina Talvitie-Lambergin ja Sanna Valtosen kanssa, ja se on julkaistu\u00a0<a href=\"https:\/\/journal.fi\/mediaviestinta\/issue\/view\/7795\" target=\"_blank\" rel=\"noreferrer noopener\">Media &amp; viestint\u00e4 -lehdess\u00e4 2\/2021<\/a>\u00a0osana\u00a0<a href=\"https:\/\/journal.fi\/mediaviestinta\/article\/view\/109863\" target=\"_blank\" rel=\"noreferrer noopener\">Dataistunut media<\/a>\u00a0-teemaa.<\/strong><\/p>\n\n\n\n<p><strong>1.&nbsp;Mihin laajempaan ilmi\u00f6\u00f6n ja keskusteluun artikkelinne liittyy<\/strong><br>Artikkeli liittyy <em>datafikaatiota <\/em>tai <em>dataistumista<\/em> koskeviin tutkimuskeskusteluihin mediatutkimuksen ja kriittisen datatutkimuksen piiriss\u00e4. K\u00e4sitteet viittaavat dataan pohjautuvaan globaaliin arvontuotannon prosessiin, jossa ihmisten toiminnasta ker\u00e4t\u00e4\u00e4n dataa. Datasta tuotetaan tietoa, ja t\u00e4t\u00e4 tietoa hy\u00f6dynnet\u00e4\u00e4n taloudellisessa, poliittisessa ja yhteiskunnallisessa toiminnassa ja p\u00e4\u00e4t\u00f6ksenteossa. Datafikaatioon suunnatussa kritiikiss\u00e4 on painotettu, ett\u00e4 prosessi voi lis\u00e4t\u00e4 ja tuottaa eriarvoisuutta. Datafikaation tutkimuksessa taas on kiinnitetty huomiota siihen, kuinka yksitt\u00e4isten kansalaisten ja k\u00e4ytt\u00e4jien kokemuksista datafikaation moninaisissa konteksteissa kaivattaisiin lis\u00e4\u00e4 tietoa.&nbsp;&nbsp;<\/p>\n\n\n\n<p><strong>2.&nbsp;Mik\u00e4 on antinne t\u00e4h\u00e4n keskusteluun?<\/strong><br>Laajennamme tutkimuskentt\u00e4\u00e4, joka keskittyy datafikaation seurauksiin ja elettyihin kokemuksiin dataistuneessa arjessa. Hy\u00f6dynn\u00e4mme t\u00e4t\u00e4 varten <em>haavoittuvuuden <\/em>k\u00e4sitett\u00e4 ja pohdimme sen k\u00e4ytt\u00f6mahdollisuuksia digitaalisen subjektiuden tutkimuksen alueella.&nbsp;<\/p>\n\n\n\n<p><strong>3.&nbsp;Mik\u00e4 on artikkelinne keskeinen argumentti?<\/strong><br>Tasa-\/eriarvoisuuden k\u00e4sitteist\u00f6 ei tavoita riitt\u00e4v\u00e4n hyvin datafikaation seurauksia. Ihmiset eiv\u00e4t koe vain voimattomuutta tai huolestuneisuutta suhteessa teknologiaj\u00e4ttien toimintaan ja omiin toimintamahdollisuuksiinsa. He muodostavat sen sijaan ambivalentteja suhteita media-alustoihin, dataan ja toisiin k\u00e4ytt\u00e4jiin, ja t\u00e4m\u00e4n takia haavoittuvuutta voidaan pit\u00e4\u00e4 digitaaliseen el\u00e4m\u00e4\u00e4n liittyv\u00e4n\u00e4 keskeisen\u00e4 tunnerakenteena ja eettisen\u00e4 resurssina.&nbsp;&nbsp;&nbsp;<\/p>\n\n\n\n<p><strong>4.&nbsp;Mit\u00e4 haluatte artikkelillanne sanoa?<\/strong><br>Haavoittuvuus on k\u00e4site, joka antaa mahdollisuuden ymm\u00e4rt\u00e4\u00e4 yksil\u00f6n tapoja toimia ja el\u00e4\u00e4 dataistuneessa mediaymp\u00e4rist\u00f6ss\u00e4 ja suhteessa toisiin. Haavoittuvuus ei ole yksiselitteinen olotila, joka l\u00e4ht\u00f6kohtaisesti pit\u00e4isi poistaa. Pikemminkin haavoittuvuus on kimppu moninaisia suhteita ja eettisi\u00e4 suuntautumisia, jotka m\u00e4\u00e4ritt\u00e4v\u00e4t digitaalista l\u00e4sn\u00e4oloa ja toimijuutta dataistuneessa kulttuurissa.&nbsp;<\/p>\n\n\n\n<p><strong>5.&nbsp;Kenen kannattaa lukea artikkelinne?<\/strong><br>Suosittelemme artikkelia mediatutkijoiden ohella kaikille tutkijoille, jotka ovat kiinnostuneita siit\u00e4, miten haavoittuvuutta on t\u00e4h\u00e4n menness\u00e4 tutkittu datafikaation kontekstissa. Lis\u00e4ksi artikkelilla on annettavaa kenelle tahansa lukijalle, joka pohtii haavoittuvuutta tai haavoittuvuuden ja voimaantumisen v\u00e4list\u00e4 suhdetta omassa tai toisten digitaalisessa arjessa.&nbsp;<\/p>\n\n\n\n<p><strong>6. Mik\u00e4 sai teid\u00e4t tarttumaan t\u00e4h\u00e4n aiheeseen?<\/strong><br>Datafikaatio ja dataistunut ymp\u00e4rist\u00f6 ovat mediatutkimuksessa nousevia kiinnostuksen kohteita. Samaan aikaan ei-akateemisessa keskustelussa alati dataistuvaan ymp\u00e4rist\u00f6\u00f6mme suhtaudutaan pitk\u00e4lti annettuna olotilana. T\u00e4ll\u00e4 artikkelilla halusimme selvitt\u00e4\u00e4, mit\u00e4 annettavaa mediatutkimuksen, datatutkimuksen ja feministisen tutkimuksen haavoittuvuuden k\u00e4sitteist\u00f6ll\u00e4 on ylip\u00e4\u00e4ns\u00e4 dataistuvaan kulttuuriin. Pohja-ajatuksena on ollut luoda tutkimuksellista ymm\u00e4rryst\u00e4 niist\u00e4 olemisen tavoista, joita datavetoinen kulttuuri tuottaa.<\/p>\n\n\n\n<p>(Lauri Haapanen)<\/p>\n","protected":false},"excerpt":{"rendered":"<p>&#8221;Tasa- ja eriarvoisuuden k\u00e4sitteist\u00f6 ei tavoita riitt\u00e4v\u00e4n hyvin datafikaation seurauksia&#8221;, kertoo Julius Hokkanen artikkelista Haavoittuvuuden kudelmat, &#8221; vaan sen sijaan haavoittuvuutta voidaan pit\u00e4\u00e4 digitaaliseen el\u00e4m\u00e4\u00e4n liittyv\u00e4n\u00e4 keskeisen\u00e4 tunnerakenteena&hellip;<\/p>\n","protected":false},"author":3,"featured_media":4556,"comment_status":"open","ping_status":"closed","sticky":false,"template":"","format":"standard","meta":{"_monsterinsights_skip_tracking":false,"_monsterinsights_sitenote_active":false,"_monsterinsights_sitenote_note":"","_monsterinsights_sitenote_category":0,"footnotes":""},"categories":[1],"tags":[185,187,184,186,183],"class_list":["post-4544","post","type-post","status-publish","format-standard","has-post-thumbnail","hentry","category-yleinen","tag-datafikaatio","tag-datasuhde","tag-datatutkimus","tag-digitaalinen-subjekti","tag-haavoittuvuus"],"yoast_head":"<!-- This site is optimized with the Yoast SEO plugin v27.5 - https:\/\/yoast.com\/product\/yoast-seo-wordpress\/ -->\n<title>Haavoittuvuuden ulottuvuudet dataistuneessa mediassa &#8211; Mevi<\/title>\n<meta name=\"robots\" content=\"index, follow, max-snippet:-1, max-image-preview:large, max-video-preview:-1\" \/>\n<link rel=\"canonical\" href=\"https:\/\/mediaviestinta.fi\/mevi2020\/2021\/08\/haavoittuvuuden-ulottuvuudet-dataistuneessa-mediassa\/\" \/>\n<meta property=\"og:locale\" content=\"fi_FI\" \/>\n<meta property=\"og:type\" content=\"article\" \/>\n<meta property=\"og:title\" content=\"Haavoittuvuuden ulottuvuudet dataistuneessa mediassa &#8211; Mevi\" \/>\n<meta property=\"og:description\" content=\"&#8221;Tasa- ja eriarvoisuuden k\u00e4sitteist\u00f6 ei tavoita riitt\u00e4v\u00e4n hyvin datafikaation seurauksia&#8221;, kertoo Julius Hokkanen artikkelista Haavoittuvuuden kudelmat, &#8221; vaan sen sijaan haavoittuvuutta voidaan pit\u00e4\u00e4 digitaaliseen el\u00e4m\u00e4\u00e4n liittyv\u00e4n\u00e4 keskeisen\u00e4 tunnerakenteena&hellip;\" \/>\n<meta property=\"og:url\" content=\"https:\/\/mediaviestinta.fi\/mevi2020\/2021\/08\/haavoittuvuuden-ulottuvuudet-dataistuneessa-mediassa\/\" \/>\n<meta property=\"og:site_name\" content=\"Mevi\" \/>\n<meta property=\"article:publisher\" content=\"https:\/\/www.facebook.com\/MediaViestinta\/\" \/>\n<meta property=\"article:published_time\" content=\"2021-08-05T18:36:33+00:00\" \/>\n<meta property=\"article:modified_time\" content=\"2021-08-06T12:34:14+00:00\" \/>\n<meta property=\"og:image\" content=\"https:\/\/mediaviestinta.fi\/mevi2020\/wp-content\/uploads\/2021\/08\/joshua-sortino-LqKhnDzSF-8-unsplash.jpg\" \/>\n\t<meta property=\"og:image:width\" content=\"1901\" \/>\n\t<meta property=\"og:image:height\" content=\"749\" \/>\n\t<meta property=\"og:image:type\" content=\"image\/jpeg\" \/>\n<meta name=\"author\" content=\"Mevi\" \/>\n<meta name=\"twitter:card\" content=\"summary_large_image\" \/>\n<meta name=\"twitter:creator\" content=\"@mediaviestinta\" \/>\n<meta name=\"twitter:site\" content=\"@mediaviestinta\" \/>\n<meta name=\"twitter:label1\" content=\"Kirjoittanut\" \/>\n\t<meta name=\"twitter:data1\" content=\"Mevi\" \/>\n\t<meta name=\"twitter:label2\" content=\"Arvioitu lukuaika\" \/>\n\t<meta name=\"twitter:data2\" content=\"2 minuuttia\" \/>\n<script type=\"application\/ld+json\" class=\"yoast-schema-graph\">{\"@context\":\"https:\\\/\\\/schema.org\",\"@graph\":[{\"@type\":\"Article\",\"@id\":\"https:\\\/\\\/mediaviestinta.fi\\\/mevi2020\\\/2021\\\/08\\\/haavoittuvuuden-ulottuvuudet-dataistuneessa-mediassa\\\/#article\",\"isPartOf\":{\"@id\":\"https:\\\/\\\/mediaviestinta.fi\\\/mevi2020\\\/2021\\\/08\\\/haavoittuvuuden-ulottuvuudet-dataistuneessa-mediassa\\\/\"},\"author\":{\"name\":\"Mevi\",\"@id\":\"https:\\\/\\\/mediaviestinta.fi\\\/#\\\/schema\\\/person\\\/b2da34ab24cfcd17dbdd6c7cfb173257\"},\"headline\":\"Haavoittuvuuden ulottuvuudet dataistuneessa mediassa\",\"datePublished\":\"2021-08-05T18:36:33+00:00\",\"dateModified\":\"2021-08-06T12:34:14+00:00\",\"mainEntityOfPage\":{\"@id\":\"https:\\\/\\\/mediaviestinta.fi\\\/mevi2020\\\/2021\\\/08\\\/haavoittuvuuden-ulottuvuudet-dataistuneessa-mediassa\\\/\"},\"wordCount\":445,\"commentCount\":0,\"publisher\":{\"@id\":\"https:\\\/\\\/mediaviestinta.fi\\\/#organization\"},\"image\":{\"@id\":\"https:\\\/\\\/mediaviestinta.fi\\\/mevi2020\\\/2021\\\/08\\\/haavoittuvuuden-ulottuvuudet-dataistuneessa-mediassa\\\/#primaryimage\"},\"thumbnailUrl\":\"https:\\\/\\\/mediaviestinta.fi\\\/mevi2020\\\/wp-content\\\/uploads\\\/2021\\\/08\\\/joshua-sortino-LqKhnDzSF-8-unsplash.jpg\",\"keywords\":[\"datafikaatio\",\"datasuhde\",\"datatutkimus\",\"digitaalinen subjekti\",\"haavoittuvuus\"],\"inLanguage\":\"fi\",\"potentialAction\":[{\"@type\":\"CommentAction\",\"name\":\"Comment\",\"target\":[\"https:\\\/\\\/mediaviestinta.fi\\\/mevi2020\\\/2021\\\/08\\\/haavoittuvuuden-ulottuvuudet-dataistuneessa-mediassa\\\/#respond\"]}]},{\"@type\":\"WebPage\",\"@id\":\"https:\\\/\\\/mediaviestinta.fi\\\/mevi2020\\\/2021\\\/08\\\/haavoittuvuuden-ulottuvuudet-dataistuneessa-mediassa\\\/\",\"url\":\"https:\\\/\\\/mediaviestinta.fi\\\/mevi2020\\\/2021\\\/08\\\/haavoittuvuuden-ulottuvuudet-dataistuneessa-mediassa\\\/\",\"name\":\"Haavoittuvuuden ulottuvuudet dataistuneessa mediassa &#8211; Mevi\",\"isPartOf\":{\"@id\":\"https:\\\/\\\/mediaviestinta.fi\\\/#website\"},\"primaryImageOfPage\":{\"@id\":\"https:\\\/\\\/mediaviestinta.fi\\\/mevi2020\\\/2021\\\/08\\\/haavoittuvuuden-ulottuvuudet-dataistuneessa-mediassa\\\/#primaryimage\"},\"image\":{\"@id\":\"https:\\\/\\\/mediaviestinta.fi\\\/mevi2020\\\/2021\\\/08\\\/haavoittuvuuden-ulottuvuudet-dataistuneessa-mediassa\\\/#primaryimage\"},\"thumbnailUrl\":\"https:\\\/\\\/mediaviestinta.fi\\\/mevi2020\\\/wp-content\\\/uploads\\\/2021\\\/08\\\/joshua-sortino-LqKhnDzSF-8-unsplash.jpg\",\"datePublished\":\"2021-08-05T18:36:33+00:00\",\"dateModified\":\"2021-08-06T12:34:14+00:00\",\"breadcrumb\":{\"@id\":\"https:\\\/\\\/mediaviestinta.fi\\\/mevi2020\\\/2021\\\/08\\\/haavoittuvuuden-ulottuvuudet-dataistuneessa-mediassa\\\/#breadcrumb\"},\"inLanguage\":\"fi\",\"potentialAction\":[{\"@type\":\"ReadAction\",\"target\":[\"https:\\\/\\\/mediaviestinta.fi\\\/mevi2020\\\/2021\\\/08\\\/haavoittuvuuden-ulottuvuudet-dataistuneessa-mediassa\\\/\"]}]},{\"@type\":\"ImageObject\",\"inLanguage\":\"fi\",\"@id\":\"https:\\\/\\\/mediaviestinta.fi\\\/mevi2020\\\/2021\\\/08\\\/haavoittuvuuden-ulottuvuudet-dataistuneessa-mediassa\\\/#primaryimage\",\"url\":\"https:\\\/\\\/mediaviestinta.fi\\\/mevi2020\\\/wp-content\\\/uploads\\\/2021\\\/08\\\/joshua-sortino-LqKhnDzSF-8-unsplash.jpg\",\"contentUrl\":\"https:\\\/\\\/mediaviestinta.fi\\\/mevi2020\\\/wp-content\\\/uploads\\\/2021\\\/08\\\/joshua-sortino-LqKhnDzSF-8-unsplash.jpg\",\"width\":1901,\"height\":749,\"caption\":\"Photo by Joshua Sortino on Unsplash.\"},{\"@type\":\"BreadcrumbList\",\"@id\":\"https:\\\/\\\/mediaviestinta.fi\\\/mevi2020\\\/2021\\\/08\\\/haavoittuvuuden-ulottuvuudet-dataistuneessa-mediassa\\\/#breadcrumb\",\"itemListElement\":[{\"@type\":\"ListItem\",\"position\":1,\"name\":\"Home\",\"item\":\"https:\\\/\\\/mediaviestinta.fi\\\/\"},{\"@type\":\"ListItem\",\"position\":2,\"name\":\"Haavoittuvuuden ulottuvuudet dataistuneessa mediassa\"}]},{\"@type\":\"WebSite\",\"@id\":\"https:\\\/\\\/mediaviestinta.fi\\\/#website\",\"url\":\"https:\\\/\\\/mediaviestinta.fi\\\/\",\"name\":\"Mevi\",\"description\":\"Media- ja viestint\u00e4tieteellinen seura Mevi\",\"publisher\":{\"@id\":\"https:\\\/\\\/mediaviestinta.fi\\\/#organization\"},\"potentialAction\":[{\"@type\":\"SearchAction\",\"target\":{\"@type\":\"EntryPoint\",\"urlTemplate\":\"https:\\\/\\\/mediaviestinta.fi\\\/?s={search_term_string}\"},\"query-input\":{\"@type\":\"PropertyValueSpecification\",\"valueRequired\":true,\"valueName\":\"search_term_string\"}}],\"inLanguage\":\"fi\"},{\"@type\":\"Organization\",\"@id\":\"https:\\\/\\\/mediaviestinta.fi\\\/#organization\",\"name\":\"Media- ja viestint\u00e4tieteellinen seura Mevi\",\"url\":\"https:\\\/\\\/mediaviestinta.fi\\\/\",\"logo\":{\"@type\":\"ImageObject\",\"inLanguage\":\"fi\",\"@id\":\"https:\\\/\\\/mediaviestinta.fi\\\/#\\\/schema\\\/logo\\\/image\\\/\",\"url\":\"https:\\\/\\\/mediaviestinta.fi\\\/mevi2020\\\/wp-content\\\/uploads\\\/2020\\\/03\\\/mevi-logo-RGB-Transparent.png\",\"contentUrl\":\"https:\\\/\\\/mediaviestinta.fi\\\/mevi2020\\\/wp-content\\\/uploads\\\/2020\\\/03\\\/mevi-logo-RGB-Transparent.png\",\"width\":910,\"height\":464,\"caption\":\"Media- ja viestint\u00e4tieteellinen seura Mevi\"},\"image\":{\"@id\":\"https:\\\/\\\/mediaviestinta.fi\\\/#\\\/schema\\\/logo\\\/image\\\/\"},\"sameAs\":[\"https:\\\/\\\/www.facebook.com\\\/MediaViestinta\\\/\",\"https:\\\/\\\/x.com\\\/mediaviestinta\"]},{\"@type\":\"Person\",\"@id\":\"https:\\\/\\\/mediaviestinta.fi\\\/#\\\/schema\\\/person\\\/b2da34ab24cfcd17dbdd6c7cfb173257\",\"name\":\"Mevi\",\"image\":{\"@type\":\"ImageObject\",\"inLanguage\":\"fi\",\"@id\":\"https:\\\/\\\/secure.gravatar.com\\\/avatar\\\/3305b76d1667dc119a18808ed03d6a1fc2dfa8b6a1cddecb8c4d27ef14ec32ca?s=96&d=mm&r=g\",\"url\":\"https:\\\/\\\/secure.gravatar.com\\\/avatar\\\/3305b76d1667dc119a18808ed03d6a1fc2dfa8b6a1cddecb8c4d27ef14ec32ca?s=96&d=mm&r=g\",\"contentUrl\":\"https:\\\/\\\/secure.gravatar.com\\\/avatar\\\/3305b76d1667dc119a18808ed03d6a1fc2dfa8b6a1cddecb8c4d27ef14ec32ca?s=96&d=mm&r=g\",\"caption\":\"Mevi\"},\"url\":\"https:\\\/\\\/mediaviestinta.fi\\\/mevi2020\\\/author\\\/mediavie\\\/\"}]}<\/script>\n<!-- \/ Yoast SEO plugin. -->","yoast_head_json":{"title":"Haavoittuvuuden ulottuvuudet dataistuneessa mediassa &#8211; Mevi","robots":{"index":"index","follow":"follow","max-snippet":"max-snippet:-1","max-image-preview":"max-image-preview:large","max-video-preview":"max-video-preview:-1"},"canonical":"https:\/\/mediaviestinta.fi\/mevi2020\/2021\/08\/haavoittuvuuden-ulottuvuudet-dataistuneessa-mediassa\/","og_locale":"fi_FI","og_type":"article","og_title":"Haavoittuvuuden ulottuvuudet dataistuneessa mediassa &#8211; Mevi","og_description":"&#8221;Tasa- ja eriarvoisuuden k\u00e4sitteist\u00f6 ei tavoita riitt\u00e4v\u00e4n hyvin datafikaation seurauksia&#8221;, kertoo Julius Hokkanen artikkelista Haavoittuvuuden kudelmat, &#8221; vaan sen sijaan haavoittuvuutta voidaan pit\u00e4\u00e4 digitaaliseen el\u00e4m\u00e4\u00e4n liittyv\u00e4n\u00e4 keskeisen\u00e4 tunnerakenteena&hellip;","og_url":"https:\/\/mediaviestinta.fi\/mevi2020\/2021\/08\/haavoittuvuuden-ulottuvuudet-dataistuneessa-mediassa\/","og_site_name":"Mevi","article_publisher":"https:\/\/www.facebook.com\/MediaViestinta\/","article_published_time":"2021-08-05T18:36:33+00:00","article_modified_time":"2021-08-06T12:34:14+00:00","og_image":[{"width":1901,"height":749,"url":"https:\/\/mediaviestinta.fi\/mevi2020\/wp-content\/uploads\/2021\/08\/joshua-sortino-LqKhnDzSF-8-unsplash.jpg","type":"image\/jpeg"}],"author":"Mevi","twitter_card":"summary_large_image","twitter_creator":"@mediaviestinta","twitter_site":"@mediaviestinta","twitter_misc":{"Kirjoittanut":"Mevi","Arvioitu lukuaika":"2 minuuttia"},"schema":{"@context":"https:\/\/schema.org","@graph":[{"@type":"Article","@id":"https:\/\/mediaviestinta.fi\/mevi2020\/2021\/08\/haavoittuvuuden-ulottuvuudet-dataistuneessa-mediassa\/#article","isPartOf":{"@id":"https:\/\/mediaviestinta.fi\/mevi2020\/2021\/08\/haavoittuvuuden-ulottuvuudet-dataistuneessa-mediassa\/"},"author":{"name":"Mevi","@id":"https:\/\/mediaviestinta.fi\/#\/schema\/person\/b2da34ab24cfcd17dbdd6c7cfb173257"},"headline":"Haavoittuvuuden ulottuvuudet dataistuneessa mediassa","datePublished":"2021-08-05T18:36:33+00:00","dateModified":"2021-08-06T12:34:14+00:00","mainEntityOfPage":{"@id":"https:\/\/mediaviestinta.fi\/mevi2020\/2021\/08\/haavoittuvuuden-ulottuvuudet-dataistuneessa-mediassa\/"},"wordCount":445,"commentCount":0,"publisher":{"@id":"https:\/\/mediaviestinta.fi\/#organization"},"image":{"@id":"https:\/\/mediaviestinta.fi\/mevi2020\/2021\/08\/haavoittuvuuden-ulottuvuudet-dataistuneessa-mediassa\/#primaryimage"},"thumbnailUrl":"https:\/\/mediaviestinta.fi\/mevi2020\/wp-content\/uploads\/2021\/08\/joshua-sortino-LqKhnDzSF-8-unsplash.jpg","keywords":["datafikaatio","datasuhde","datatutkimus","digitaalinen subjekti","haavoittuvuus"],"inLanguage":"fi","potentialAction":[{"@type":"CommentAction","name":"Comment","target":["https:\/\/mediaviestinta.fi\/mevi2020\/2021\/08\/haavoittuvuuden-ulottuvuudet-dataistuneessa-mediassa\/#respond"]}]},{"@type":"WebPage","@id":"https:\/\/mediaviestinta.fi\/mevi2020\/2021\/08\/haavoittuvuuden-ulottuvuudet-dataistuneessa-mediassa\/","url":"https:\/\/mediaviestinta.fi\/mevi2020\/2021\/08\/haavoittuvuuden-ulottuvuudet-dataistuneessa-mediassa\/","name":"Haavoittuvuuden ulottuvuudet dataistuneessa mediassa &#8211; Mevi","isPartOf":{"@id":"https:\/\/mediaviestinta.fi\/#website"},"primaryImageOfPage":{"@id":"https:\/\/mediaviestinta.fi\/mevi2020\/2021\/08\/haavoittuvuuden-ulottuvuudet-dataistuneessa-mediassa\/#primaryimage"},"image":{"@id":"https:\/\/mediaviestinta.fi\/mevi2020\/2021\/08\/haavoittuvuuden-ulottuvuudet-dataistuneessa-mediassa\/#primaryimage"},"thumbnailUrl":"https:\/\/mediaviestinta.fi\/mevi2020\/wp-content\/uploads\/2021\/08\/joshua-sortino-LqKhnDzSF-8-unsplash.jpg","datePublished":"2021-08-05T18:36:33+00:00","dateModified":"2021-08-06T12:34:14+00:00","breadcrumb":{"@id":"https:\/\/mediaviestinta.fi\/mevi2020\/2021\/08\/haavoittuvuuden-ulottuvuudet-dataistuneessa-mediassa\/#breadcrumb"},"inLanguage":"fi","potentialAction":[{"@type":"ReadAction","target":["https:\/\/mediaviestinta.fi\/mevi2020\/2021\/08\/haavoittuvuuden-ulottuvuudet-dataistuneessa-mediassa\/"]}]},{"@type":"ImageObject","inLanguage":"fi","@id":"https:\/\/mediaviestinta.fi\/mevi2020\/2021\/08\/haavoittuvuuden-ulottuvuudet-dataistuneessa-mediassa\/#primaryimage","url":"https:\/\/mediaviestinta.fi\/mevi2020\/wp-content\/uploads\/2021\/08\/joshua-sortino-LqKhnDzSF-8-unsplash.jpg","contentUrl":"https:\/\/mediaviestinta.fi\/mevi2020\/wp-content\/uploads\/2021\/08\/joshua-sortino-LqKhnDzSF-8-unsplash.jpg","width":1901,"height":749,"caption":"Photo by Joshua Sortino on Unsplash."},{"@type":"BreadcrumbList","@id":"https:\/\/mediaviestinta.fi\/mevi2020\/2021\/08\/haavoittuvuuden-ulottuvuudet-dataistuneessa-mediassa\/#breadcrumb","itemListElement":[{"@type":"ListItem","position":1,"name":"Home","item":"https:\/\/mediaviestinta.fi\/"},{"@type":"ListItem","position":2,"name":"Haavoittuvuuden ulottuvuudet dataistuneessa mediassa"}]},{"@type":"WebSite","@id":"https:\/\/mediaviestinta.fi\/#website","url":"https:\/\/mediaviestinta.fi\/","name":"Mevi","description":"Media- ja viestint\u00e4tieteellinen seura Mevi","publisher":{"@id":"https:\/\/mediaviestinta.fi\/#organization"},"potentialAction":[{"@type":"SearchAction","target":{"@type":"EntryPoint","urlTemplate":"https:\/\/mediaviestinta.fi\/?s={search_term_string}"},"query-input":{"@type":"PropertyValueSpecification","valueRequired":true,"valueName":"search_term_string"}}],"inLanguage":"fi"},{"@type":"Organization","@id":"https:\/\/mediaviestinta.fi\/#organization","name":"Media- ja viestint\u00e4tieteellinen seura Mevi","url":"https:\/\/mediaviestinta.fi\/","logo":{"@type":"ImageObject","inLanguage":"fi","@id":"https:\/\/mediaviestinta.fi\/#\/schema\/logo\/image\/","url":"https:\/\/mediaviestinta.fi\/mevi2020\/wp-content\/uploads\/2020\/03\/mevi-logo-RGB-Transparent.png","contentUrl":"https:\/\/mediaviestinta.fi\/mevi2020\/wp-content\/uploads\/2020\/03\/mevi-logo-RGB-Transparent.png","width":910,"height":464,"caption":"Media- ja viestint\u00e4tieteellinen seura Mevi"},"image":{"@id":"https:\/\/mediaviestinta.fi\/#\/schema\/logo\/image\/"},"sameAs":["https:\/\/www.facebook.com\/MediaViestinta\/","https:\/\/x.com\/mediaviestinta"]},{"@type":"Person","@id":"https:\/\/mediaviestinta.fi\/#\/schema\/person\/b2da34ab24cfcd17dbdd6c7cfb173257","name":"Mevi","image":{"@type":"ImageObject","inLanguage":"fi","@id":"https:\/\/secure.gravatar.com\/avatar\/3305b76d1667dc119a18808ed03d6a1fc2dfa8b6a1cddecb8c4d27ef14ec32ca?s=96&d=mm&r=g","url":"https:\/\/secure.gravatar.com\/avatar\/3305b76d1667dc119a18808ed03d6a1fc2dfa8b6a1cddecb8c4d27ef14ec32ca?s=96&d=mm&r=g","contentUrl":"https:\/\/secure.gravatar.com\/avatar\/3305b76d1667dc119a18808ed03d6a1fc2dfa8b6a1cddecb8c4d27ef14ec32ca?s=96&d=mm&r=g","caption":"Mevi"},"url":"https:\/\/mediaviestinta.fi\/mevi2020\/author\/mediavie\/"}]}},"_links":{"self":[{"href":"https:\/\/mediaviestinta.fi\/mevi2020\/wp-json\/wp\/v2\/posts\/4544","targetHints":{"allow":["GET"]}}],"collection":[{"href":"https:\/\/mediaviestinta.fi\/mevi2020\/wp-json\/wp\/v2\/posts"}],"about":[{"href":"https:\/\/mediaviestinta.fi\/mevi2020\/wp-json\/wp\/v2\/types\/post"}],"author":[{"embeddable":true,"href":"https:\/\/mediaviestinta.fi\/mevi2020\/wp-json\/wp\/v2\/users\/3"}],"replies":[{"embeddable":true,"href":"https:\/\/mediaviestinta.fi\/mevi2020\/wp-json\/wp\/v2\/comments?post=4544"}],"version-history":[{"count":5,"href":"https:\/\/mediaviestinta.fi\/mevi2020\/wp-json\/wp\/v2\/posts\/4544\/revisions"}],"predecessor-version":[{"id":4559,"href":"https:\/\/mediaviestinta.fi\/mevi2020\/wp-json\/wp\/v2\/posts\/4544\/revisions\/4559"}],"wp:featuredmedia":[{"embeddable":true,"href":"https:\/\/mediaviestinta.fi\/mevi2020\/wp-json\/wp\/v2\/media\/4556"}],"wp:attachment":[{"href":"https:\/\/mediaviestinta.fi\/mevi2020\/wp-json\/wp\/v2\/media?parent=4544"}],"wp:term":[{"taxonomy":"category","embeddable":true,"href":"https:\/\/mediaviestinta.fi\/mevi2020\/wp-json\/wp\/v2\/categories?post=4544"},{"taxonomy":"post_tag","embeddable":true,"href":"https:\/\/mediaviestinta.fi\/mevi2020\/wp-json\/wp\/v2\/tags?post=4544"}],"curies":[{"name":"wp","href":"https:\/\/api.w.org\/{rel}","templated":true}]}}