{"id":4603,"date":"2021-10-21T06:52:30","date_gmt":"2021-10-21T03:52:30","guid":{"rendered":"https:\/\/mediaviestinta.fi\/?p=4603"},"modified":"2021-10-21T07:20:48","modified_gmt":"2021-10-21T04:20:48","slug":"kuka-kelpaa-talouden-asiantuntijaksi-mediaan","status":"publish","type":"post","link":"https:\/\/mediaviestinta.fi\/mevi2020\/2021\/10\/kuka-kelpaa-talouden-asiantuntijaksi-mediaan\/","title":{"rendered":"Kuka kelpaa talouden asiantuntijaksi mediaan?"},"content":{"rendered":"\n<p><strong>&#8221;Paikka uskottavuuden hierarkiassa m\u00e4\u00e4r\u00e4ytyy ennen kaikkea institutionaalisen taustan mukaan&#8221;, kertoo Timo Harjuniemi tekem\u00e4st\u00e4\u00e4n havainnosta artikkelissaan <a href=\"https:\/\/journal.fi\/mediaviestinta\/article\/view\/111508\">Talouden asiantuntijoiden uskottavuuden hierarkia suomalaisten talous- ja politiikan toimittajien silmin<\/a>. &#8221;Uskottavalla asiantuntijalla on my\u00f6s henkil\u00f6kohtaista &#8217;mediap\u00e4\u00e4omaa&#8217; eli h\u00e4n on tuttu julkisuudesta ja toimittajat ovat oppineet luottamaan h\u00e4nen arvioihinsa.&#8221; Artikkeli on julkaistu <em>Media &amp; viestint\u00e4<\/em> -lehden numerossa <a href=\"https:\/\/journal.fi\/mediaviestinta\/issue\/view\/7885\">3\/2021<\/a>.<\/strong><\/p>\n\n\n\n<p><strong>Mihin laajempaan keskusteluun artikkelisi liittyy?<\/strong><br>Artikkeli liittyy keskusteluun talouspolitiikan journalismista ja talouspolitiikan asiantuntijuudesta. Talouden asiantuntijat ovat keskeinen osa talouspolitiikan journalismia ja laajemminkin politiikan mediajulkisuutta. Uskottavimpina pidetyt asiantuntijat voivat arvioida sit\u00e4, millaista talouspolitiikan linjaa pidet\u00e4\u00e4n kulloinkin j\u00e4rkev\u00e4n\u00e4 ja toivottavana.<\/p>\n\n\n\n<p><strong>Mik\u00e4 on antisi t\u00e4h\u00e4n keskusteluun?<\/strong><br>Artikkelissa analysoidaan, ketk\u00e4 ovat uskottavimpia talouden asiantuntijoita suomalaisten talouden ja politiikan toimittajien silmiss\u00e4. Artikkelin l\u00e4ht\u00f6oletuksena on, ett\u00e4 toimittajien arviot asiantuntijoiden uskottavuudesta seurailevat pitk\u00e4lti asiantuntijoiden institutionaalista asemaa.<\/p>\n\n\n\n<p><strong>Mik\u00e4 on artikkelisi keskeinen argumentti?<br><\/strong>Artikkelin keskeinen argumentti on, ett\u00e4 uskottavimpia asiantuntijoita ovat sellaiset ekspertit, jotka ty\u00f6skentelev\u00e4t esimerkiksi taloustieteellisiss\u00e4 tutkimuslaitoksissa. T\u00e4llaisissa instituutiossa ty\u00f6skentelevi\u00e4 asiantuntijoita pidet\u00e4\u00e4n yleisesti puolueettomampina kuin esimerkiksi pankkien palveluksessa ty\u00f6skentelevi\u00e4 ekonomisteja, jotka ovat niin ik\u00e4\u00e4n t\u00e4rkeit\u00e4 taloustiedon l\u00e4hteit\u00e4. Toisaalta talousasiantuntijuus ei ole toimittajien silmiss\u00e4 koskaan t\u00e4ysin puolueetonta: talouspolitiikan kysymyksiss\u00e4 asiantuntijuus ja politiikka niveltyv\u00e4t vahvasti toisiinsa, mik\u00e4 kielii talouden asiantuntijatiedon vahvasta roolista poliittisissa kamppailuissa.<\/p>\n\n\n\n<p><strong>Kenen kannattaa lukea artikkelisi?<\/strong><br>Tietysti kaikkien, jotka ovat kiinnostuneita talouskeskustelusta ja talouspolitiikkaa k\u00e4sittelev\u00e4st\u00e4 journalismista!<\/p>\n\n\n\n<p><strong>Mik\u00e4 sai sinut tarttumaan t\u00e4h\u00e4n aiheeseen?<\/strong><br>Osin syyt olivat k\u00e4yt\u00e4nn\u00f6llisi\u00e4: ty\u00f6skentelin projektissa, jossa haastattelin talouspolitiikkaa seuraavia suomalaisia toimittajia. Oli luontevaa kirjoittaa artikkeli haastatteluiden pohjalta. Toisaalta olen kiinnostunut journalismin k\u00e4yt\u00e4nn\u00f6ist\u00e4 sek\u00e4 talouden asiantuntijuuteen liittyvist\u00e4 kysymyksist\u00e4.<\/p>\n\n\n\n<p>(Lauri Haapanen)<\/p>\n","protected":false},"excerpt":{"rendered":"<p>&#8221;Paikka uskottavuuden hierarkiassa m\u00e4\u00e4r\u00e4ytyy ennen kaikkea institutionaalisen taustan mukaan&#8221;, kertoo Timo Harjuniemi tekem\u00e4st\u00e4\u00e4n havainnosta artikkelissaan Talouden asiantuntijoiden uskottavuuden hierarkia suomalaisten talous- ja politiikan toimittajien silmin. &#8221;Uskottavalla asiantuntijalla on&hellip;<\/p>\n","protected":false},"author":3,"featured_media":4608,"comment_status":"open","ping_status":"closed","sticky":false,"template":"","format":"standard","meta":{"_monsterinsights_skip_tracking":false,"_monsterinsights_sitenote_active":false,"_monsterinsights_sitenote_note":"","_monsterinsights_sitenote_category":0,"footnotes":""},"categories":[1],"tags":[217,214,215,216,218,219],"class_list":["post-4603","post","type-post","status-publish","format-standard","has-post-thumbnail","hentry","category-yleinen","tag-asiantuntijuus","tag-talousasiantuntijuus","tag-talousjournalismi","tag-talouspolitiikka","tag-uskottavuuden-hierarkia","tag-uskottavuus"],"yoast_head":"<!-- This site is optimized with the Yoast SEO plugin v27.5 - https:\/\/yoast.com\/product\/yoast-seo-wordpress\/ -->\n<title>Kuka kelpaa talouden asiantuntijaksi mediaan? &#8211; Mevi<\/title>\n<meta name=\"robots\" content=\"index, follow, max-snippet:-1, max-image-preview:large, max-video-preview:-1\" \/>\n<link rel=\"canonical\" href=\"https:\/\/mediaviestinta.fi\/mevi2020\/2021\/10\/kuka-kelpaa-talouden-asiantuntijaksi-mediaan\/\" \/>\n<meta property=\"og:locale\" content=\"fi_FI\" \/>\n<meta property=\"og:type\" content=\"article\" \/>\n<meta property=\"og:title\" content=\"Kuka kelpaa talouden asiantuntijaksi mediaan? &#8211; Mevi\" \/>\n<meta property=\"og:description\" content=\"&#8221;Paikka uskottavuuden hierarkiassa m\u00e4\u00e4r\u00e4ytyy ennen kaikkea institutionaalisen taustan mukaan&#8221;, kertoo Timo Harjuniemi tekem\u00e4st\u00e4\u00e4n havainnosta artikkelissaan Talouden asiantuntijoiden uskottavuuden hierarkia suomalaisten talous- ja politiikan toimittajien silmin. &#8221;Uskottavalla asiantuntijalla on&hellip;\" \/>\n<meta property=\"og:url\" content=\"https:\/\/mediaviestinta.fi\/mevi2020\/2021\/10\/kuka-kelpaa-talouden-asiantuntijaksi-mediaan\/\" \/>\n<meta property=\"og:site_name\" content=\"Mevi\" \/>\n<meta property=\"article:publisher\" content=\"https:\/\/www.facebook.com\/MediaViestinta\/\" \/>\n<meta property=\"article:published_time\" content=\"2021-10-21T03:52:30+00:00\" \/>\n<meta property=\"article:modified_time\" content=\"2021-10-21T04:20:48+00:00\" \/>\n<meta property=\"og:image\" content=\"https:\/\/mediaviestinta.fi\/mevi2020\/wp-content\/uploads\/2021\/10\/frank-busch-PzifgmBsxCc-unsplash.jpg\" \/>\n\t<meta property=\"og:image:width\" content=\"1920\" \/>\n\t<meta property=\"og:image:height\" content=\"1203\" \/>\n\t<meta property=\"og:image:type\" content=\"image\/jpeg\" \/>\n<meta name=\"author\" content=\"Mevi\" \/>\n<meta name=\"twitter:card\" content=\"summary_large_image\" \/>\n<meta name=\"twitter:creator\" content=\"@mediaviestinta\" \/>\n<meta name=\"twitter:site\" content=\"@mediaviestinta\" \/>\n<meta name=\"twitter:label1\" content=\"Kirjoittanut\" \/>\n\t<meta name=\"twitter:data1\" content=\"Mevi\" \/>\n\t<meta name=\"twitter:label2\" content=\"Arvioitu lukuaika\" \/>\n\t<meta name=\"twitter:data2\" content=\"2 minuuttia\" \/>\n<script type=\"application\/ld+json\" class=\"yoast-schema-graph\">{\"@context\":\"https:\\\/\\\/schema.org\",\"@graph\":[{\"@type\":\"Article\",\"@id\":\"https:\\\/\\\/mediaviestinta.fi\\\/mevi2020\\\/2021\\\/10\\\/kuka-kelpaa-talouden-asiantuntijaksi-mediaan\\\/#article\",\"isPartOf\":{\"@id\":\"https:\\\/\\\/mediaviestinta.fi\\\/mevi2020\\\/2021\\\/10\\\/kuka-kelpaa-talouden-asiantuntijaksi-mediaan\\\/\"},\"author\":{\"name\":\"Mevi\",\"@id\":\"https:\\\/\\\/mediaviestinta.fi\\\/#\\\/schema\\\/person\\\/b2da34ab24cfcd17dbdd6c7cfb173257\"},\"headline\":\"Kuka kelpaa talouden asiantuntijaksi mediaan?\",\"datePublished\":\"2021-10-21T03:52:30+00:00\",\"dateModified\":\"2021-10-21T04:20:48+00:00\",\"mainEntityOfPage\":{\"@id\":\"https:\\\/\\\/mediaviestinta.fi\\\/mevi2020\\\/2021\\\/10\\\/kuka-kelpaa-talouden-asiantuntijaksi-mediaan\\\/\"},\"wordCount\":279,\"commentCount\":0,\"publisher\":{\"@id\":\"https:\\\/\\\/mediaviestinta.fi\\\/#organization\"},\"image\":{\"@id\":\"https:\\\/\\\/mediaviestinta.fi\\\/mevi2020\\\/2021\\\/10\\\/kuka-kelpaa-talouden-asiantuntijaksi-mediaan\\\/#primaryimage\"},\"thumbnailUrl\":\"https:\\\/\\\/mediaviestinta.fi\\\/mevi2020\\\/wp-content\\\/uploads\\\/2021\\\/10\\\/frank-busch-PzifgmBsxCc-unsplash.jpg\",\"keywords\":[\"asiantuntijuus\",\"talousasiantuntijuus\",\"talousjournalismi\",\"talouspolitiikka\",\"uskottavuuden hierarkia\",\"uskottavuus\"],\"inLanguage\":\"fi\",\"potentialAction\":[{\"@type\":\"CommentAction\",\"name\":\"Comment\",\"target\":[\"https:\\\/\\\/mediaviestinta.fi\\\/mevi2020\\\/2021\\\/10\\\/kuka-kelpaa-talouden-asiantuntijaksi-mediaan\\\/#respond\"]}]},{\"@type\":\"WebPage\",\"@id\":\"https:\\\/\\\/mediaviestinta.fi\\\/mevi2020\\\/2021\\\/10\\\/kuka-kelpaa-talouden-asiantuntijaksi-mediaan\\\/\",\"url\":\"https:\\\/\\\/mediaviestinta.fi\\\/mevi2020\\\/2021\\\/10\\\/kuka-kelpaa-talouden-asiantuntijaksi-mediaan\\\/\",\"name\":\"Kuka kelpaa talouden asiantuntijaksi mediaan? &#8211; Mevi\",\"isPartOf\":{\"@id\":\"https:\\\/\\\/mediaviestinta.fi\\\/#website\"},\"primaryImageOfPage\":{\"@id\":\"https:\\\/\\\/mediaviestinta.fi\\\/mevi2020\\\/2021\\\/10\\\/kuka-kelpaa-talouden-asiantuntijaksi-mediaan\\\/#primaryimage\"},\"image\":{\"@id\":\"https:\\\/\\\/mediaviestinta.fi\\\/mevi2020\\\/2021\\\/10\\\/kuka-kelpaa-talouden-asiantuntijaksi-mediaan\\\/#primaryimage\"},\"thumbnailUrl\":\"https:\\\/\\\/mediaviestinta.fi\\\/mevi2020\\\/wp-content\\\/uploads\\\/2021\\\/10\\\/frank-busch-PzifgmBsxCc-unsplash.jpg\",\"datePublished\":\"2021-10-21T03:52:30+00:00\",\"dateModified\":\"2021-10-21T04:20:48+00:00\",\"breadcrumb\":{\"@id\":\"https:\\\/\\\/mediaviestinta.fi\\\/mevi2020\\\/2021\\\/10\\\/kuka-kelpaa-talouden-asiantuntijaksi-mediaan\\\/#breadcrumb\"},\"inLanguage\":\"fi\",\"potentialAction\":[{\"@type\":\"ReadAction\",\"target\":[\"https:\\\/\\\/mediaviestinta.fi\\\/mevi2020\\\/2021\\\/10\\\/kuka-kelpaa-talouden-asiantuntijaksi-mediaan\\\/\"]}]},{\"@type\":\"ImageObject\",\"inLanguage\":\"fi\",\"@id\":\"https:\\\/\\\/mediaviestinta.fi\\\/mevi2020\\\/2021\\\/10\\\/kuka-kelpaa-talouden-asiantuntijaksi-mediaan\\\/#primaryimage\",\"url\":\"https:\\\/\\\/mediaviestinta.fi\\\/mevi2020\\\/wp-content\\\/uploads\\\/2021\\\/10\\\/frank-busch-PzifgmBsxCc-unsplash.jpg\",\"contentUrl\":\"https:\\\/\\\/mediaviestinta.fi\\\/mevi2020\\\/wp-content\\\/uploads\\\/2021\\\/10\\\/frank-busch-PzifgmBsxCc-unsplash.jpg\",\"width\":1920,\"height\":1203,\"caption\":\"Kuva: Frank Busch \\\/ Unsplash\"},{\"@type\":\"BreadcrumbList\",\"@id\":\"https:\\\/\\\/mediaviestinta.fi\\\/mevi2020\\\/2021\\\/10\\\/kuka-kelpaa-talouden-asiantuntijaksi-mediaan\\\/#breadcrumb\",\"itemListElement\":[{\"@type\":\"ListItem\",\"position\":1,\"name\":\"Home\",\"item\":\"https:\\\/\\\/mediaviestinta.fi\\\/\"},{\"@type\":\"ListItem\",\"position\":2,\"name\":\"Kuka kelpaa talouden asiantuntijaksi mediaan?\"}]},{\"@type\":\"WebSite\",\"@id\":\"https:\\\/\\\/mediaviestinta.fi\\\/#website\",\"url\":\"https:\\\/\\\/mediaviestinta.fi\\\/\",\"name\":\"Mevi\",\"description\":\"Media- ja viestint\u00e4tieteellinen seura Mevi\",\"publisher\":{\"@id\":\"https:\\\/\\\/mediaviestinta.fi\\\/#organization\"},\"potentialAction\":[{\"@type\":\"SearchAction\",\"target\":{\"@type\":\"EntryPoint\",\"urlTemplate\":\"https:\\\/\\\/mediaviestinta.fi\\\/?s={search_term_string}\"},\"query-input\":{\"@type\":\"PropertyValueSpecification\",\"valueRequired\":true,\"valueName\":\"search_term_string\"}}],\"inLanguage\":\"fi\"},{\"@type\":\"Organization\",\"@id\":\"https:\\\/\\\/mediaviestinta.fi\\\/#organization\",\"name\":\"Media- ja viestint\u00e4tieteellinen seura Mevi\",\"url\":\"https:\\\/\\\/mediaviestinta.fi\\\/\",\"logo\":{\"@type\":\"ImageObject\",\"inLanguage\":\"fi\",\"@id\":\"https:\\\/\\\/mediaviestinta.fi\\\/#\\\/schema\\\/logo\\\/image\\\/\",\"url\":\"https:\\\/\\\/mediaviestinta.fi\\\/mevi2020\\\/wp-content\\\/uploads\\\/2020\\\/03\\\/mevi-logo-RGB-Transparent.png\",\"contentUrl\":\"https:\\\/\\\/mediaviestinta.fi\\\/mevi2020\\\/wp-content\\\/uploads\\\/2020\\\/03\\\/mevi-logo-RGB-Transparent.png\",\"width\":910,\"height\":464,\"caption\":\"Media- ja viestint\u00e4tieteellinen seura Mevi\"},\"image\":{\"@id\":\"https:\\\/\\\/mediaviestinta.fi\\\/#\\\/schema\\\/logo\\\/image\\\/\"},\"sameAs\":[\"https:\\\/\\\/www.facebook.com\\\/MediaViestinta\\\/\",\"https:\\\/\\\/x.com\\\/mediaviestinta\"]},{\"@type\":\"Person\",\"@id\":\"https:\\\/\\\/mediaviestinta.fi\\\/#\\\/schema\\\/person\\\/b2da34ab24cfcd17dbdd6c7cfb173257\",\"name\":\"Mevi\",\"image\":{\"@type\":\"ImageObject\",\"inLanguage\":\"fi\",\"@id\":\"https:\\\/\\\/secure.gravatar.com\\\/avatar\\\/3305b76d1667dc119a18808ed03d6a1fc2dfa8b6a1cddecb8c4d27ef14ec32ca?s=96&d=mm&r=g\",\"url\":\"https:\\\/\\\/secure.gravatar.com\\\/avatar\\\/3305b76d1667dc119a18808ed03d6a1fc2dfa8b6a1cddecb8c4d27ef14ec32ca?s=96&d=mm&r=g\",\"contentUrl\":\"https:\\\/\\\/secure.gravatar.com\\\/avatar\\\/3305b76d1667dc119a18808ed03d6a1fc2dfa8b6a1cddecb8c4d27ef14ec32ca?s=96&d=mm&r=g\",\"caption\":\"Mevi\"},\"url\":\"https:\\\/\\\/mediaviestinta.fi\\\/mevi2020\\\/author\\\/mediavie\\\/\"}]}<\/script>\n<!-- \/ Yoast SEO plugin. -->","yoast_head_json":{"title":"Kuka kelpaa talouden asiantuntijaksi mediaan? &#8211; Mevi","robots":{"index":"index","follow":"follow","max-snippet":"max-snippet:-1","max-image-preview":"max-image-preview:large","max-video-preview":"max-video-preview:-1"},"canonical":"https:\/\/mediaviestinta.fi\/mevi2020\/2021\/10\/kuka-kelpaa-talouden-asiantuntijaksi-mediaan\/","og_locale":"fi_FI","og_type":"article","og_title":"Kuka kelpaa talouden asiantuntijaksi mediaan? &#8211; Mevi","og_description":"&#8221;Paikka uskottavuuden hierarkiassa m\u00e4\u00e4r\u00e4ytyy ennen kaikkea institutionaalisen taustan mukaan&#8221;, kertoo Timo Harjuniemi tekem\u00e4st\u00e4\u00e4n havainnosta artikkelissaan Talouden asiantuntijoiden uskottavuuden hierarkia suomalaisten talous- ja politiikan toimittajien silmin. &#8221;Uskottavalla asiantuntijalla on&hellip;","og_url":"https:\/\/mediaviestinta.fi\/mevi2020\/2021\/10\/kuka-kelpaa-talouden-asiantuntijaksi-mediaan\/","og_site_name":"Mevi","article_publisher":"https:\/\/www.facebook.com\/MediaViestinta\/","article_published_time":"2021-10-21T03:52:30+00:00","article_modified_time":"2021-10-21T04:20:48+00:00","og_image":[{"width":1920,"height":1203,"url":"https:\/\/mediaviestinta.fi\/mevi2020\/wp-content\/uploads\/2021\/10\/frank-busch-PzifgmBsxCc-unsplash.jpg","type":"image\/jpeg"}],"author":"Mevi","twitter_card":"summary_large_image","twitter_creator":"@mediaviestinta","twitter_site":"@mediaviestinta","twitter_misc":{"Kirjoittanut":"Mevi","Arvioitu lukuaika":"2 minuuttia"},"schema":{"@context":"https:\/\/schema.org","@graph":[{"@type":"Article","@id":"https:\/\/mediaviestinta.fi\/mevi2020\/2021\/10\/kuka-kelpaa-talouden-asiantuntijaksi-mediaan\/#article","isPartOf":{"@id":"https:\/\/mediaviestinta.fi\/mevi2020\/2021\/10\/kuka-kelpaa-talouden-asiantuntijaksi-mediaan\/"},"author":{"name":"Mevi","@id":"https:\/\/mediaviestinta.fi\/#\/schema\/person\/b2da34ab24cfcd17dbdd6c7cfb173257"},"headline":"Kuka kelpaa talouden asiantuntijaksi mediaan?","datePublished":"2021-10-21T03:52:30+00:00","dateModified":"2021-10-21T04:20:48+00:00","mainEntityOfPage":{"@id":"https:\/\/mediaviestinta.fi\/mevi2020\/2021\/10\/kuka-kelpaa-talouden-asiantuntijaksi-mediaan\/"},"wordCount":279,"commentCount":0,"publisher":{"@id":"https:\/\/mediaviestinta.fi\/#organization"},"image":{"@id":"https:\/\/mediaviestinta.fi\/mevi2020\/2021\/10\/kuka-kelpaa-talouden-asiantuntijaksi-mediaan\/#primaryimage"},"thumbnailUrl":"https:\/\/mediaviestinta.fi\/mevi2020\/wp-content\/uploads\/2021\/10\/frank-busch-PzifgmBsxCc-unsplash.jpg","keywords":["asiantuntijuus","talousasiantuntijuus","talousjournalismi","talouspolitiikka","uskottavuuden hierarkia","uskottavuus"],"inLanguage":"fi","potentialAction":[{"@type":"CommentAction","name":"Comment","target":["https:\/\/mediaviestinta.fi\/mevi2020\/2021\/10\/kuka-kelpaa-talouden-asiantuntijaksi-mediaan\/#respond"]}]},{"@type":"WebPage","@id":"https:\/\/mediaviestinta.fi\/mevi2020\/2021\/10\/kuka-kelpaa-talouden-asiantuntijaksi-mediaan\/","url":"https:\/\/mediaviestinta.fi\/mevi2020\/2021\/10\/kuka-kelpaa-talouden-asiantuntijaksi-mediaan\/","name":"Kuka kelpaa talouden asiantuntijaksi mediaan? &#8211; Mevi","isPartOf":{"@id":"https:\/\/mediaviestinta.fi\/#website"},"primaryImageOfPage":{"@id":"https:\/\/mediaviestinta.fi\/mevi2020\/2021\/10\/kuka-kelpaa-talouden-asiantuntijaksi-mediaan\/#primaryimage"},"image":{"@id":"https:\/\/mediaviestinta.fi\/mevi2020\/2021\/10\/kuka-kelpaa-talouden-asiantuntijaksi-mediaan\/#primaryimage"},"thumbnailUrl":"https:\/\/mediaviestinta.fi\/mevi2020\/wp-content\/uploads\/2021\/10\/frank-busch-PzifgmBsxCc-unsplash.jpg","datePublished":"2021-10-21T03:52:30+00:00","dateModified":"2021-10-21T04:20:48+00:00","breadcrumb":{"@id":"https:\/\/mediaviestinta.fi\/mevi2020\/2021\/10\/kuka-kelpaa-talouden-asiantuntijaksi-mediaan\/#breadcrumb"},"inLanguage":"fi","potentialAction":[{"@type":"ReadAction","target":["https:\/\/mediaviestinta.fi\/mevi2020\/2021\/10\/kuka-kelpaa-talouden-asiantuntijaksi-mediaan\/"]}]},{"@type":"ImageObject","inLanguage":"fi","@id":"https:\/\/mediaviestinta.fi\/mevi2020\/2021\/10\/kuka-kelpaa-talouden-asiantuntijaksi-mediaan\/#primaryimage","url":"https:\/\/mediaviestinta.fi\/mevi2020\/wp-content\/uploads\/2021\/10\/frank-busch-PzifgmBsxCc-unsplash.jpg","contentUrl":"https:\/\/mediaviestinta.fi\/mevi2020\/wp-content\/uploads\/2021\/10\/frank-busch-PzifgmBsxCc-unsplash.jpg","width":1920,"height":1203,"caption":"Kuva: Frank Busch \/ Unsplash"},{"@type":"BreadcrumbList","@id":"https:\/\/mediaviestinta.fi\/mevi2020\/2021\/10\/kuka-kelpaa-talouden-asiantuntijaksi-mediaan\/#breadcrumb","itemListElement":[{"@type":"ListItem","position":1,"name":"Home","item":"https:\/\/mediaviestinta.fi\/"},{"@type":"ListItem","position":2,"name":"Kuka kelpaa talouden asiantuntijaksi mediaan?"}]},{"@type":"WebSite","@id":"https:\/\/mediaviestinta.fi\/#website","url":"https:\/\/mediaviestinta.fi\/","name":"Mevi","description":"Media- ja viestint\u00e4tieteellinen seura Mevi","publisher":{"@id":"https:\/\/mediaviestinta.fi\/#organization"},"potentialAction":[{"@type":"SearchAction","target":{"@type":"EntryPoint","urlTemplate":"https:\/\/mediaviestinta.fi\/?s={search_term_string}"},"query-input":{"@type":"PropertyValueSpecification","valueRequired":true,"valueName":"search_term_string"}}],"inLanguage":"fi"},{"@type":"Organization","@id":"https:\/\/mediaviestinta.fi\/#organization","name":"Media- ja viestint\u00e4tieteellinen seura Mevi","url":"https:\/\/mediaviestinta.fi\/","logo":{"@type":"ImageObject","inLanguage":"fi","@id":"https:\/\/mediaviestinta.fi\/#\/schema\/logo\/image\/","url":"https:\/\/mediaviestinta.fi\/mevi2020\/wp-content\/uploads\/2020\/03\/mevi-logo-RGB-Transparent.png","contentUrl":"https:\/\/mediaviestinta.fi\/mevi2020\/wp-content\/uploads\/2020\/03\/mevi-logo-RGB-Transparent.png","width":910,"height":464,"caption":"Media- ja viestint\u00e4tieteellinen seura Mevi"},"image":{"@id":"https:\/\/mediaviestinta.fi\/#\/schema\/logo\/image\/"},"sameAs":["https:\/\/www.facebook.com\/MediaViestinta\/","https:\/\/x.com\/mediaviestinta"]},{"@type":"Person","@id":"https:\/\/mediaviestinta.fi\/#\/schema\/person\/b2da34ab24cfcd17dbdd6c7cfb173257","name":"Mevi","image":{"@type":"ImageObject","inLanguage":"fi","@id":"https:\/\/secure.gravatar.com\/avatar\/3305b76d1667dc119a18808ed03d6a1fc2dfa8b6a1cddecb8c4d27ef14ec32ca?s=96&d=mm&r=g","url":"https:\/\/secure.gravatar.com\/avatar\/3305b76d1667dc119a18808ed03d6a1fc2dfa8b6a1cddecb8c4d27ef14ec32ca?s=96&d=mm&r=g","contentUrl":"https:\/\/secure.gravatar.com\/avatar\/3305b76d1667dc119a18808ed03d6a1fc2dfa8b6a1cddecb8c4d27ef14ec32ca?s=96&d=mm&r=g","caption":"Mevi"},"url":"https:\/\/mediaviestinta.fi\/mevi2020\/author\/mediavie\/"}]}},"_links":{"self":[{"href":"https:\/\/mediaviestinta.fi\/mevi2020\/wp-json\/wp\/v2\/posts\/4603","targetHints":{"allow":["GET"]}}],"collection":[{"href":"https:\/\/mediaviestinta.fi\/mevi2020\/wp-json\/wp\/v2\/posts"}],"about":[{"href":"https:\/\/mediaviestinta.fi\/mevi2020\/wp-json\/wp\/v2\/types\/post"}],"author":[{"embeddable":true,"href":"https:\/\/mediaviestinta.fi\/mevi2020\/wp-json\/wp\/v2\/users\/3"}],"replies":[{"embeddable":true,"href":"https:\/\/mediaviestinta.fi\/mevi2020\/wp-json\/wp\/v2\/comments?post=4603"}],"version-history":[{"count":8,"href":"https:\/\/mediaviestinta.fi\/mevi2020\/wp-json\/wp\/v2\/posts\/4603\/revisions"}],"predecessor-version":[{"id":4612,"href":"https:\/\/mediaviestinta.fi\/mevi2020\/wp-json\/wp\/v2\/posts\/4603\/revisions\/4612"}],"wp:featuredmedia":[{"embeddable":true,"href":"https:\/\/mediaviestinta.fi\/mevi2020\/wp-json\/wp\/v2\/media\/4608"}],"wp:attachment":[{"href":"https:\/\/mediaviestinta.fi\/mevi2020\/wp-json\/wp\/v2\/media?parent=4603"}],"wp:term":[{"taxonomy":"category","embeddable":true,"href":"https:\/\/mediaviestinta.fi\/mevi2020\/wp-json\/wp\/v2\/categories?post=4603"},{"taxonomy":"post_tag","embeddable":true,"href":"https:\/\/mediaviestinta.fi\/mevi2020\/wp-json\/wp\/v2\/tags?post=4603"}],"curies":[{"name":"wp","href":"https:\/\/api.w.org\/{rel}","templated":true}]}}