{"id":4619,"date":"2021-11-10T06:30:15","date_gmt":"2021-11-10T04:30:15","guid":{"rendered":"https:\/\/mediaviestinta.fi\/?p=4619"},"modified":"2021-11-10T06:31:20","modified_gmt":"2021-11-10T04:31:20","slug":"media-viestinnalle-uudet-paatoimittajat-ja-toimitussihteeri","status":"publish","type":"post","link":"https:\/\/mediaviestinta.fi\/mevi2020\/2021\/11\/media-viestinnalle-uudet-paatoimittajat-ja-toimitussihteeri\/","title":{"rendered":"Media &#038; viestinn\u00e4lle uudet p\u00e4\u00e4toimittajat ja toimitussihteeri"},"content":{"rendered":"\n<p>Media &amp; viestint\u00e4 -lehti saa vuoden 2022 alusta uuden toimituksen. P\u00e4\u00e4toimittajan teht\u00e4v\u00e4n jakavat <strong>Mats Bergman<\/strong> ja <strong>Saila Poutiainen<\/strong>, jotka ovat molemmat lehden nykyisen toimituskunnan j\u00e4seni\u00e4. Samalla p\u00e4\u00e4toimittajuus siirtyy Tampereen yliopiston kaksikolta Helsingin yliopiston kaksikolle.<\/p>\n\n\n\n<p>Mats Bergman ty\u00f6skentelee t\u00e4ll\u00e4 hetkell\u00e4 apulaisprofessorina Helsingin yliopiston Svenska social- och kommunalh\u00f6gskolanissa.<\/p>\n\n\n\n<p>&#8221;Tavoitteena on jatkaa edelt\u00e4jien viitoittamalla, laadukkaalla tiell\u00e4. Media &amp; viestint\u00e4 on keskeinen julkaisukanava, jonka tulee palvella suomalaisen viestinn\u00e4n tutkimuksen kentt\u00e4\u00e4 koko sen moninaisuudessa&#8221;, Bergman sanoo.<\/p>\n\n\n\n<p>Saila Poutiainen puolestaan ty\u00f6skentelee yliopistonlehtorina Helsingin yliopiston humanistisessa tiedekunnassa, jossa h\u00e4n opettaa p\u00e4\u00e4asiassa kulttuurienv\u00e4list\u00e4 ja interpersonaalista viestint\u00e4\u00e4. Tutkimuksessaan Poutiainen on perehtynyt erityisesti viestinn\u00e4n etnografiaan ja interpersonaaliseen viestint\u00e4\u00e4n.<\/p>\n\n\n\n<p>&#8221;Koska olen ollut toimituskunnassa mukana jo kolme vuotta, tiedossa on sek\u00e4 tuttua ty\u00f6t\u00e4 ett\u00e4 uutta opeteltavaa. V\u00e4hint\u00e4\u00e4n tavoitteena on lehden tieteellisen tason s\u00e4ilytt\u00e4minen. Siin\u00e4 toimituskunnankin ty\u00f6ll\u00e4 on t\u00e4rke\u00e4 ja toimiva rooli&#8221;, Poutiainen sanoo.<\/p>\n\n\n\n<p>Lehden toimitussihteeriksi on valittu <strong>Niina Oisalo<\/strong>, joka viimeistelee parhaillaan v\u00e4it\u00f6skirjaansa Turun yliopistoon, mediatutkimuksen oppiaineeseen. Kulttuurisen muistin ja dokumentaarisen elokuvan tutkimusta risteytt\u00e4v\u00e4n v\u00e4ikk\u00e4rin aiheena ovat muistamisen esteettis-poliittiset k\u00e4yt\u00e4nn\u00f6t 2000-luvun pohjoismaisessa dokumenttielokuvassa.<\/p>\n\n\n\n<p>Media- ja viestint\u00e4tieteellisen seuran hallitus teki valinnat kokouksessaan 25.10.2021. Toimituksen kausi on kaksivuotinen.<\/p>\n\n\n\n<p>(Lauri Haapanen)<\/p>\n","protected":false},"excerpt":{"rendered":"<p>Media &amp; viestint\u00e4 -lehti saa vuoden 2022 alusta uuden toimituksen. P\u00e4\u00e4toimittajan teht\u00e4v\u00e4n jakavat Mats Bergman ja Saila Poutiainen, jotka ovat molemmat lehden nykyisen toimituskunnan j\u00e4seni\u00e4. Samalla p\u00e4\u00e4toimittajuus siirtyy&hellip;<\/p>\n","protected":false},"author":3,"featured_media":4622,"comment_status":"open","ping_status":"closed","sticky":false,"template":"","format":"standard","meta":{"_monsterinsights_skip_tracking":false,"_monsterinsights_sitenote_active":false,"_monsterinsights_sitenote_note":"","_monsterinsights_sitenote_category":0,"footnotes":""},"categories":[1],"tags":[62,176,224,177],"class_list":["post-4619","post","type-post","status-publish","format-standard","has-post-thumbnail","hentry","category-yleinen","tag-media-viestinta","tag-paatoimittaja","tag-toimitus","tag-toimitussihteeri"],"yoast_head":"<!-- This site is optimized with the Yoast SEO plugin v27.5 - https:\/\/yoast.com\/product\/yoast-seo-wordpress\/ -->\n<title>Media &amp; viestinn\u00e4lle uudet p\u00e4\u00e4toimittajat ja toimitussihteeri &#8211; Mevi<\/title>\n<meta name=\"robots\" content=\"index, follow, max-snippet:-1, max-image-preview:large, max-video-preview:-1\" \/>\n<link rel=\"canonical\" href=\"https:\/\/mediaviestinta.fi\/mevi2020\/2021\/11\/media-viestinnalle-uudet-paatoimittajat-ja-toimitussihteeri\/\" \/>\n<meta property=\"og:locale\" content=\"fi_FI\" \/>\n<meta property=\"og:type\" content=\"article\" \/>\n<meta property=\"og:title\" content=\"Media &amp; viestinn\u00e4lle uudet p\u00e4\u00e4toimittajat ja toimitussihteeri &#8211; Mevi\" \/>\n<meta property=\"og:description\" content=\"Media &amp; viestint\u00e4 -lehti saa vuoden 2022 alusta uuden toimituksen. P\u00e4\u00e4toimittajan teht\u00e4v\u00e4n jakavat Mats Bergman ja Saila Poutiainen, jotka ovat molemmat lehden nykyisen toimituskunnan j\u00e4seni\u00e4. Samalla p\u00e4\u00e4toimittajuus siirtyy&hellip;\" \/>\n<meta property=\"og:url\" content=\"https:\/\/mediaviestinta.fi\/mevi2020\/2021\/11\/media-viestinnalle-uudet-paatoimittajat-ja-toimitussihteeri\/\" \/>\n<meta property=\"og:site_name\" content=\"Mevi\" \/>\n<meta property=\"article:publisher\" content=\"https:\/\/www.facebook.com\/MediaViestinta\/\" \/>\n<meta property=\"article:published_time\" content=\"2021-11-10T04:30:15+00:00\" \/>\n<meta property=\"article:modified_time\" content=\"2021-11-10T04:31:20+00:00\" \/>\n<meta property=\"og:image\" content=\"https:\/\/mediaviestinta.fi\/mevi2020\/wp-content\/uploads\/2021\/11\/Lehden-uusi-toimitus.jpg\" \/>\n\t<meta property=\"og:image:width\" content=\"2497\" \/>\n\t<meta property=\"og:image:height\" content=\"983\" \/>\n\t<meta property=\"og:image:type\" content=\"image\/jpeg\" \/>\n<meta name=\"author\" content=\"Mevi\" \/>\n<meta name=\"twitter:card\" content=\"summary_large_image\" \/>\n<meta name=\"twitter:creator\" content=\"@mediaviestinta\" \/>\n<meta name=\"twitter:site\" content=\"@mediaviestinta\" \/>\n<meta name=\"twitter:label1\" content=\"Kirjoittanut\" \/>\n\t<meta name=\"twitter:data1\" content=\"Mevi\" \/>\n\t<meta name=\"twitter:label2\" content=\"Arvioitu lukuaika\" \/>\n\t<meta name=\"twitter:data2\" content=\"1 minuutti\" \/>\n<script type=\"application\/ld+json\" class=\"yoast-schema-graph\">{\"@context\":\"https:\\\/\\\/schema.org\",\"@graph\":[{\"@type\":\"Article\",\"@id\":\"https:\\\/\\\/mediaviestinta.fi\\\/mevi2020\\\/2021\\\/11\\\/media-viestinnalle-uudet-paatoimittajat-ja-toimitussihteeri\\\/#article\",\"isPartOf\":{\"@id\":\"https:\\\/\\\/mediaviestinta.fi\\\/mevi2020\\\/2021\\\/11\\\/media-viestinnalle-uudet-paatoimittajat-ja-toimitussihteeri\\\/\"},\"author\":{\"name\":\"Mevi\",\"@id\":\"https:\\\/\\\/mediaviestinta.fi\\\/#\\\/schema\\\/person\\\/b2da34ab24cfcd17dbdd6c7cfb173257\"},\"headline\":\"Media &#038; viestinn\u00e4lle uudet p\u00e4\u00e4toimittajat ja toimitussihteeri\",\"datePublished\":\"2021-11-10T04:30:15+00:00\",\"dateModified\":\"2021-11-10T04:31:20+00:00\",\"mainEntityOfPage\":{\"@id\":\"https:\\\/\\\/mediaviestinta.fi\\\/mevi2020\\\/2021\\\/11\\\/media-viestinnalle-uudet-paatoimittajat-ja-toimitussihteeri\\\/\"},\"wordCount\":215,\"commentCount\":0,\"publisher\":{\"@id\":\"https:\\\/\\\/mediaviestinta.fi\\\/#organization\"},\"image\":{\"@id\":\"https:\\\/\\\/mediaviestinta.fi\\\/mevi2020\\\/2021\\\/11\\\/media-viestinnalle-uudet-paatoimittajat-ja-toimitussihteeri\\\/#primaryimage\"},\"thumbnailUrl\":\"https:\\\/\\\/mediaviestinta.fi\\\/mevi2020\\\/wp-content\\\/uploads\\\/2021\\\/11\\\/Lehden-uusi-toimitus.jpg\",\"keywords\":[\"media &amp; viestint\u00e4\",\"p\u00e4\u00e4toimittaja\",\"toimitus\",\"toimitussihteeri\"],\"inLanguage\":\"fi\",\"potentialAction\":[{\"@type\":\"CommentAction\",\"name\":\"Comment\",\"target\":[\"https:\\\/\\\/mediaviestinta.fi\\\/mevi2020\\\/2021\\\/11\\\/media-viestinnalle-uudet-paatoimittajat-ja-toimitussihteeri\\\/#respond\"]}]},{\"@type\":\"WebPage\",\"@id\":\"https:\\\/\\\/mediaviestinta.fi\\\/mevi2020\\\/2021\\\/11\\\/media-viestinnalle-uudet-paatoimittajat-ja-toimitussihteeri\\\/\",\"url\":\"https:\\\/\\\/mediaviestinta.fi\\\/mevi2020\\\/2021\\\/11\\\/media-viestinnalle-uudet-paatoimittajat-ja-toimitussihteeri\\\/\",\"name\":\"Media & viestinn\u00e4lle uudet p\u00e4\u00e4toimittajat ja toimitussihteeri &#8211; Mevi\",\"isPartOf\":{\"@id\":\"https:\\\/\\\/mediaviestinta.fi\\\/#website\"},\"primaryImageOfPage\":{\"@id\":\"https:\\\/\\\/mediaviestinta.fi\\\/mevi2020\\\/2021\\\/11\\\/media-viestinnalle-uudet-paatoimittajat-ja-toimitussihteeri\\\/#primaryimage\"},\"image\":{\"@id\":\"https:\\\/\\\/mediaviestinta.fi\\\/mevi2020\\\/2021\\\/11\\\/media-viestinnalle-uudet-paatoimittajat-ja-toimitussihteeri\\\/#primaryimage\"},\"thumbnailUrl\":\"https:\\\/\\\/mediaviestinta.fi\\\/mevi2020\\\/wp-content\\\/uploads\\\/2021\\\/11\\\/Lehden-uusi-toimitus.jpg\",\"datePublished\":\"2021-11-10T04:30:15+00:00\",\"dateModified\":\"2021-11-10T04:31:20+00:00\",\"breadcrumb\":{\"@id\":\"https:\\\/\\\/mediaviestinta.fi\\\/mevi2020\\\/2021\\\/11\\\/media-viestinnalle-uudet-paatoimittajat-ja-toimitussihteeri\\\/#breadcrumb\"},\"inLanguage\":\"fi\",\"potentialAction\":[{\"@type\":\"ReadAction\",\"target\":[\"https:\\\/\\\/mediaviestinta.fi\\\/mevi2020\\\/2021\\\/11\\\/media-viestinnalle-uudet-paatoimittajat-ja-toimitussihteeri\\\/\"]}]},{\"@type\":\"ImageObject\",\"inLanguage\":\"fi\",\"@id\":\"https:\\\/\\\/mediaviestinta.fi\\\/mevi2020\\\/2021\\\/11\\\/media-viestinnalle-uudet-paatoimittajat-ja-toimitussihteeri\\\/#primaryimage\",\"url\":\"https:\\\/\\\/mediaviestinta.fi\\\/mevi2020\\\/wp-content\\\/uploads\\\/2021\\\/11\\\/Lehden-uusi-toimitus.jpg\",\"contentUrl\":\"https:\\\/\\\/mediaviestinta.fi\\\/mevi2020\\\/wp-content\\\/uploads\\\/2021\\\/11\\\/Lehden-uusi-toimitus.jpg\",\"width\":2497,\"height\":983,\"caption\":\"Media & viestint\u00e4 -lehden p\u00e4\u00e4toimittajan teht\u00e4v\u00e4n jakavat vuoden 2022 alusta Mats Bergman ja Saila Poutiainen. Lehden toimitussihteerin\u00e4 aloittaa Niina Oisalo.\"},{\"@type\":\"BreadcrumbList\",\"@id\":\"https:\\\/\\\/mediaviestinta.fi\\\/mevi2020\\\/2021\\\/11\\\/media-viestinnalle-uudet-paatoimittajat-ja-toimitussihteeri\\\/#breadcrumb\",\"itemListElement\":[{\"@type\":\"ListItem\",\"position\":1,\"name\":\"Home\",\"item\":\"https:\\\/\\\/mediaviestinta.fi\\\/\"},{\"@type\":\"ListItem\",\"position\":2,\"name\":\"Media &#038; viestinn\u00e4lle uudet p\u00e4\u00e4toimittajat ja toimitussihteeri\"}]},{\"@type\":\"WebSite\",\"@id\":\"https:\\\/\\\/mediaviestinta.fi\\\/#website\",\"url\":\"https:\\\/\\\/mediaviestinta.fi\\\/\",\"name\":\"Mevi\",\"description\":\"Media- ja viestint\u00e4tieteellinen seura Mevi\",\"publisher\":{\"@id\":\"https:\\\/\\\/mediaviestinta.fi\\\/#organization\"},\"potentialAction\":[{\"@type\":\"SearchAction\",\"target\":{\"@type\":\"EntryPoint\",\"urlTemplate\":\"https:\\\/\\\/mediaviestinta.fi\\\/?s={search_term_string}\"},\"query-input\":{\"@type\":\"PropertyValueSpecification\",\"valueRequired\":true,\"valueName\":\"search_term_string\"}}],\"inLanguage\":\"fi\"},{\"@type\":\"Organization\",\"@id\":\"https:\\\/\\\/mediaviestinta.fi\\\/#organization\",\"name\":\"Media- ja viestint\u00e4tieteellinen seura Mevi\",\"url\":\"https:\\\/\\\/mediaviestinta.fi\\\/\",\"logo\":{\"@type\":\"ImageObject\",\"inLanguage\":\"fi\",\"@id\":\"https:\\\/\\\/mediaviestinta.fi\\\/#\\\/schema\\\/logo\\\/image\\\/\",\"url\":\"https:\\\/\\\/mediaviestinta.fi\\\/mevi2020\\\/wp-content\\\/uploads\\\/2020\\\/03\\\/mevi-logo-RGB-Transparent.png\",\"contentUrl\":\"https:\\\/\\\/mediaviestinta.fi\\\/mevi2020\\\/wp-content\\\/uploads\\\/2020\\\/03\\\/mevi-logo-RGB-Transparent.png\",\"width\":910,\"height\":464,\"caption\":\"Media- ja viestint\u00e4tieteellinen seura Mevi\"},\"image\":{\"@id\":\"https:\\\/\\\/mediaviestinta.fi\\\/#\\\/schema\\\/logo\\\/image\\\/\"},\"sameAs\":[\"https:\\\/\\\/www.facebook.com\\\/MediaViestinta\\\/\",\"https:\\\/\\\/x.com\\\/mediaviestinta\"]},{\"@type\":\"Person\",\"@id\":\"https:\\\/\\\/mediaviestinta.fi\\\/#\\\/schema\\\/person\\\/b2da34ab24cfcd17dbdd6c7cfb173257\",\"name\":\"Mevi\",\"image\":{\"@type\":\"ImageObject\",\"inLanguage\":\"fi\",\"@id\":\"https:\\\/\\\/secure.gravatar.com\\\/avatar\\\/3305b76d1667dc119a18808ed03d6a1fc2dfa8b6a1cddecb8c4d27ef14ec32ca?s=96&d=mm&r=g\",\"url\":\"https:\\\/\\\/secure.gravatar.com\\\/avatar\\\/3305b76d1667dc119a18808ed03d6a1fc2dfa8b6a1cddecb8c4d27ef14ec32ca?s=96&d=mm&r=g\",\"contentUrl\":\"https:\\\/\\\/secure.gravatar.com\\\/avatar\\\/3305b76d1667dc119a18808ed03d6a1fc2dfa8b6a1cddecb8c4d27ef14ec32ca?s=96&d=mm&r=g\",\"caption\":\"Mevi\"},\"url\":\"https:\\\/\\\/mediaviestinta.fi\\\/mevi2020\\\/author\\\/mediavie\\\/\"}]}<\/script>\n<!-- \/ Yoast SEO plugin. -->","yoast_head_json":{"title":"Media & viestinn\u00e4lle uudet p\u00e4\u00e4toimittajat ja toimitussihteeri &#8211; Mevi","robots":{"index":"index","follow":"follow","max-snippet":"max-snippet:-1","max-image-preview":"max-image-preview:large","max-video-preview":"max-video-preview:-1"},"canonical":"https:\/\/mediaviestinta.fi\/mevi2020\/2021\/11\/media-viestinnalle-uudet-paatoimittajat-ja-toimitussihteeri\/","og_locale":"fi_FI","og_type":"article","og_title":"Media & viestinn\u00e4lle uudet p\u00e4\u00e4toimittajat ja toimitussihteeri &#8211; Mevi","og_description":"Media &amp; viestint\u00e4 -lehti saa vuoden 2022 alusta uuden toimituksen. P\u00e4\u00e4toimittajan teht\u00e4v\u00e4n jakavat Mats Bergman ja Saila Poutiainen, jotka ovat molemmat lehden nykyisen toimituskunnan j\u00e4seni\u00e4. Samalla p\u00e4\u00e4toimittajuus siirtyy&hellip;","og_url":"https:\/\/mediaviestinta.fi\/mevi2020\/2021\/11\/media-viestinnalle-uudet-paatoimittajat-ja-toimitussihteeri\/","og_site_name":"Mevi","article_publisher":"https:\/\/www.facebook.com\/MediaViestinta\/","article_published_time":"2021-11-10T04:30:15+00:00","article_modified_time":"2021-11-10T04:31:20+00:00","og_image":[{"width":2497,"height":983,"url":"https:\/\/mediaviestinta.fi\/mevi2020\/wp-content\/uploads\/2021\/11\/Lehden-uusi-toimitus.jpg","type":"image\/jpeg"}],"author":"Mevi","twitter_card":"summary_large_image","twitter_creator":"@mediaviestinta","twitter_site":"@mediaviestinta","twitter_misc":{"Kirjoittanut":"Mevi","Arvioitu lukuaika":"1 minuutti"},"schema":{"@context":"https:\/\/schema.org","@graph":[{"@type":"Article","@id":"https:\/\/mediaviestinta.fi\/mevi2020\/2021\/11\/media-viestinnalle-uudet-paatoimittajat-ja-toimitussihteeri\/#article","isPartOf":{"@id":"https:\/\/mediaviestinta.fi\/mevi2020\/2021\/11\/media-viestinnalle-uudet-paatoimittajat-ja-toimitussihteeri\/"},"author":{"name":"Mevi","@id":"https:\/\/mediaviestinta.fi\/#\/schema\/person\/b2da34ab24cfcd17dbdd6c7cfb173257"},"headline":"Media &#038; viestinn\u00e4lle uudet p\u00e4\u00e4toimittajat ja toimitussihteeri","datePublished":"2021-11-10T04:30:15+00:00","dateModified":"2021-11-10T04:31:20+00:00","mainEntityOfPage":{"@id":"https:\/\/mediaviestinta.fi\/mevi2020\/2021\/11\/media-viestinnalle-uudet-paatoimittajat-ja-toimitussihteeri\/"},"wordCount":215,"commentCount":0,"publisher":{"@id":"https:\/\/mediaviestinta.fi\/#organization"},"image":{"@id":"https:\/\/mediaviestinta.fi\/mevi2020\/2021\/11\/media-viestinnalle-uudet-paatoimittajat-ja-toimitussihteeri\/#primaryimage"},"thumbnailUrl":"https:\/\/mediaviestinta.fi\/mevi2020\/wp-content\/uploads\/2021\/11\/Lehden-uusi-toimitus.jpg","keywords":["media &amp; viestint\u00e4","p\u00e4\u00e4toimittaja","toimitus","toimitussihteeri"],"inLanguage":"fi","potentialAction":[{"@type":"CommentAction","name":"Comment","target":["https:\/\/mediaviestinta.fi\/mevi2020\/2021\/11\/media-viestinnalle-uudet-paatoimittajat-ja-toimitussihteeri\/#respond"]}]},{"@type":"WebPage","@id":"https:\/\/mediaviestinta.fi\/mevi2020\/2021\/11\/media-viestinnalle-uudet-paatoimittajat-ja-toimitussihteeri\/","url":"https:\/\/mediaviestinta.fi\/mevi2020\/2021\/11\/media-viestinnalle-uudet-paatoimittajat-ja-toimitussihteeri\/","name":"Media & viestinn\u00e4lle uudet p\u00e4\u00e4toimittajat ja toimitussihteeri &#8211; Mevi","isPartOf":{"@id":"https:\/\/mediaviestinta.fi\/#website"},"primaryImageOfPage":{"@id":"https:\/\/mediaviestinta.fi\/mevi2020\/2021\/11\/media-viestinnalle-uudet-paatoimittajat-ja-toimitussihteeri\/#primaryimage"},"image":{"@id":"https:\/\/mediaviestinta.fi\/mevi2020\/2021\/11\/media-viestinnalle-uudet-paatoimittajat-ja-toimitussihteeri\/#primaryimage"},"thumbnailUrl":"https:\/\/mediaviestinta.fi\/mevi2020\/wp-content\/uploads\/2021\/11\/Lehden-uusi-toimitus.jpg","datePublished":"2021-11-10T04:30:15+00:00","dateModified":"2021-11-10T04:31:20+00:00","breadcrumb":{"@id":"https:\/\/mediaviestinta.fi\/mevi2020\/2021\/11\/media-viestinnalle-uudet-paatoimittajat-ja-toimitussihteeri\/#breadcrumb"},"inLanguage":"fi","potentialAction":[{"@type":"ReadAction","target":["https:\/\/mediaviestinta.fi\/mevi2020\/2021\/11\/media-viestinnalle-uudet-paatoimittajat-ja-toimitussihteeri\/"]}]},{"@type":"ImageObject","inLanguage":"fi","@id":"https:\/\/mediaviestinta.fi\/mevi2020\/2021\/11\/media-viestinnalle-uudet-paatoimittajat-ja-toimitussihteeri\/#primaryimage","url":"https:\/\/mediaviestinta.fi\/mevi2020\/wp-content\/uploads\/2021\/11\/Lehden-uusi-toimitus.jpg","contentUrl":"https:\/\/mediaviestinta.fi\/mevi2020\/wp-content\/uploads\/2021\/11\/Lehden-uusi-toimitus.jpg","width":2497,"height":983,"caption":"Media & viestint\u00e4 -lehden p\u00e4\u00e4toimittajan teht\u00e4v\u00e4n jakavat vuoden 2022 alusta Mats Bergman ja Saila Poutiainen. Lehden toimitussihteerin\u00e4 aloittaa Niina Oisalo."},{"@type":"BreadcrumbList","@id":"https:\/\/mediaviestinta.fi\/mevi2020\/2021\/11\/media-viestinnalle-uudet-paatoimittajat-ja-toimitussihteeri\/#breadcrumb","itemListElement":[{"@type":"ListItem","position":1,"name":"Home","item":"https:\/\/mediaviestinta.fi\/"},{"@type":"ListItem","position":2,"name":"Media &#038; viestinn\u00e4lle uudet p\u00e4\u00e4toimittajat ja toimitussihteeri"}]},{"@type":"WebSite","@id":"https:\/\/mediaviestinta.fi\/#website","url":"https:\/\/mediaviestinta.fi\/","name":"Mevi","description":"Media- ja viestint\u00e4tieteellinen seura Mevi","publisher":{"@id":"https:\/\/mediaviestinta.fi\/#organization"},"potentialAction":[{"@type":"SearchAction","target":{"@type":"EntryPoint","urlTemplate":"https:\/\/mediaviestinta.fi\/?s={search_term_string}"},"query-input":{"@type":"PropertyValueSpecification","valueRequired":true,"valueName":"search_term_string"}}],"inLanguage":"fi"},{"@type":"Organization","@id":"https:\/\/mediaviestinta.fi\/#organization","name":"Media- ja viestint\u00e4tieteellinen seura Mevi","url":"https:\/\/mediaviestinta.fi\/","logo":{"@type":"ImageObject","inLanguage":"fi","@id":"https:\/\/mediaviestinta.fi\/#\/schema\/logo\/image\/","url":"https:\/\/mediaviestinta.fi\/mevi2020\/wp-content\/uploads\/2020\/03\/mevi-logo-RGB-Transparent.png","contentUrl":"https:\/\/mediaviestinta.fi\/mevi2020\/wp-content\/uploads\/2020\/03\/mevi-logo-RGB-Transparent.png","width":910,"height":464,"caption":"Media- ja viestint\u00e4tieteellinen seura Mevi"},"image":{"@id":"https:\/\/mediaviestinta.fi\/#\/schema\/logo\/image\/"},"sameAs":["https:\/\/www.facebook.com\/MediaViestinta\/","https:\/\/x.com\/mediaviestinta"]},{"@type":"Person","@id":"https:\/\/mediaviestinta.fi\/#\/schema\/person\/b2da34ab24cfcd17dbdd6c7cfb173257","name":"Mevi","image":{"@type":"ImageObject","inLanguage":"fi","@id":"https:\/\/secure.gravatar.com\/avatar\/3305b76d1667dc119a18808ed03d6a1fc2dfa8b6a1cddecb8c4d27ef14ec32ca?s=96&d=mm&r=g","url":"https:\/\/secure.gravatar.com\/avatar\/3305b76d1667dc119a18808ed03d6a1fc2dfa8b6a1cddecb8c4d27ef14ec32ca?s=96&d=mm&r=g","contentUrl":"https:\/\/secure.gravatar.com\/avatar\/3305b76d1667dc119a18808ed03d6a1fc2dfa8b6a1cddecb8c4d27ef14ec32ca?s=96&d=mm&r=g","caption":"Mevi"},"url":"https:\/\/mediaviestinta.fi\/mevi2020\/author\/mediavie\/"}]}},"_links":{"self":[{"href":"https:\/\/mediaviestinta.fi\/mevi2020\/wp-json\/wp\/v2\/posts\/4619","targetHints":{"allow":["GET"]}}],"collection":[{"href":"https:\/\/mediaviestinta.fi\/mevi2020\/wp-json\/wp\/v2\/posts"}],"about":[{"href":"https:\/\/mediaviestinta.fi\/mevi2020\/wp-json\/wp\/v2\/types\/post"}],"author":[{"embeddable":true,"href":"https:\/\/mediaviestinta.fi\/mevi2020\/wp-json\/wp\/v2\/users\/3"}],"replies":[{"embeddable":true,"href":"https:\/\/mediaviestinta.fi\/mevi2020\/wp-json\/wp\/v2\/comments?post=4619"}],"version-history":[{"count":6,"href":"https:\/\/mediaviestinta.fi\/mevi2020\/wp-json\/wp\/v2\/posts\/4619\/revisions"}],"predecessor-version":[{"id":4626,"href":"https:\/\/mediaviestinta.fi\/mevi2020\/wp-json\/wp\/v2\/posts\/4619\/revisions\/4626"}],"wp:featuredmedia":[{"embeddable":true,"href":"https:\/\/mediaviestinta.fi\/mevi2020\/wp-json\/wp\/v2\/media\/4622"}],"wp:attachment":[{"href":"https:\/\/mediaviestinta.fi\/mevi2020\/wp-json\/wp\/v2\/media?parent=4619"}],"wp:term":[{"taxonomy":"category","embeddable":true,"href":"https:\/\/mediaviestinta.fi\/mevi2020\/wp-json\/wp\/v2\/categories?post=4619"},{"taxonomy":"post_tag","embeddable":true,"href":"https:\/\/mediaviestinta.fi\/mevi2020\/wp-json\/wp\/v2\/tags?post=4619"}],"curies":[{"name":"wp","href":"https:\/\/api.w.org\/{rel}","templated":true}]}}