{"id":4630,"date":"2021-12-20T16:21:57","date_gmt":"2021-12-20T14:21:57","guid":{"rendered":"https:\/\/mediaviestinta.fi\/?p=4630"},"modified":"2021-12-20T16:21:59","modified_gmt":"2021-12-20T14:21:59","slug":"tuloerot-suomalaisessa-tosi-tvssa","status":"publish","type":"post","link":"https:\/\/mediaviestinta.fi\/mevi2020\/2021\/12\/tuloerot-suomalaisessa-tosi-tvssa\/","title":{"rendered":"Tuloerot suomalaisessa tosi-tv:ss\u00e4"},"content":{"rendered":"\n<p><strong>Suomessa luokkaerojen esittely tosi-tv:ss\u00e4 n\u00e4ytt\u00e4\u00e4 olevan mahdollista representoimalla tuloryhmien \u00e4\u00e4rip\u00e4it\u00e4 kesken\u00e4\u00e4n samanlaisina henkil\u00f6in\u00e4, kertoo Laura Tarkiainen artikkelinsa <a href=\"https:\/\/journal.fi\/mediaviestinta\/article\/view\/112865\">Rikkaat ja rahattomat -tosi-tv-sarjan k\u00f6yhyyden ja hyv\u00e4tuloisuuden ansaitsevuusrepresentaatiot<\/a> tuloksista. &#8221;Tuloerojen tarkastelussa kuitenkin ihanteellistetaan sosiaalisen liikkuvuuden, meritokratian ja kuluttajuuden arvoja, mink\u00e4 vuoksi hyv\u00e4tuloiset suomalaiset voivat kohdistaa k\u00f6yhyydess\u00e4 el\u00e4viin ihmisiin moraalista pedagogiikkaa antamalla k\u00f6yhyytt\u00e4 kokeville ohjeita niin sanotusta paremmasta el\u00e4m\u00e4st\u00e4.&#8221; Artikkeli on julkaistu Media &amp; viestinn\u00e4n numerossa <a href=\"https:\/\/journal.fi\/mediaviestinta\/issue\/view\/7795\" target=\"_blank\" rel=\"noreferrer noopener\">4\/2021<\/a>. <\/strong><\/p>\n\n\n\n<p><strong>Mihin laajempaan ilmi\u00f6\u00f6n ja keskusteluun artikkelisi liittyy?<\/strong><\/p>\n\n\n\n<p>Ilmi\u00f6tasolla artikkelini liittyy tosi-tv-ohjelmien ja median tapaan tuottaa ansaitsevuutta. Tutkimuksessani tarkastelen keinoja, joilla Rikkaat ja rahattomat -tosi-tv-ohjelmassa k\u00f6yhyyteen ja hyv\u00e4tuloisuuteen liittyv\u00e4 sis\u00e4lt\u00f6 mukautetaan brittiformaatista suomalaiseen tapa- ja luokkakulttuuriin sek\u00e4 moraaliin sopivaksi. Sarjasta tekee erityisen kiinnostavan tutkimuskohteen se, ett\u00e4 siin\u00e4 eksplisiittisesti tarkastellaan suomalaisia luokkaeroja ja tuloryhmien \u00e4\u00e4rimm\u00e4isyytt\u00e4.<\/p>\n\n\n\n<p><strong>Mik\u00e4 on antisi t\u00e4h\u00e4n keskusteluun?<\/strong><\/p>\n\n\n\n<p>Yleisesti aiempi ansaitsevuustutkimus on keskittynyt k\u00f6yhyydess\u00e4 el\u00e4vien ja sosiaaliturvan saajien ansaitsevuuden tarkasteluun. Artikkelissani tarkastelen sek\u00e4 suomalaisten hyv\u00e4tuloisten ett\u00e4 k\u00f6yhyydess\u00e4 el\u00e4vien perheiden ansaitsevuutta. Tulosteni mukaan sarjassa hyv\u00e4tuloisten suomalaisten ansaitsevuutta vahvistetaan representoimalla hyv\u00e4tuloiset kovaan ty\u00f6h\u00f6n ja vastavuoroisuuden moraaliseen hyveeseen sitoutuneina ihmisin\u00e4, kun taas k\u00f6yhyydess\u00e4 el\u00e4vi\u00e4 suomalaisia representoidaan yritteli\u00e4in\u00e4 ihmisin\u00e4 tai ihmisin\u00e4, joiden k\u00f6yhyyden taustalla on legitiimi tarve.<\/p>\n\n\n\n<p><strong>Mik\u00e4 on artikkelisi keskeinen argumentti?<\/strong><\/p>\n\n\n\n<p>Tulosteni mukaan Suomessa luokkaerojen eksplisiittinen esittely tosi-tv-ohjelmassa n\u00e4ytt\u00e4\u00e4 olevan mahdollista representoimalla tuloryhmien \u00e4\u00e4rip\u00e4it\u00e4 ansaitsevina ja kesken\u00e4\u00e4n samanlaisina henkil\u00f6in\u00e4. Sarjassa tuloerojen tarkastelussa kuitenkin ihanteellistetaan sosiaalisen liikkuvuuden, meritokratian ja kuluttajuuden arvoja.<\/p>\n\n\n\n<p><strong>Mit\u00e4 haluat artikkelillasi sanoa?<\/strong><\/p>\n\n\n\n<p>Ohjelma on adaptoitu suomalaiseen kulttuurin soveltuvaksi tuottamalla lukuisia luokkaan ja kulttuuriin sidottuja vihjeit\u00e4 esimerkiksi asuinalueisiin, makaroniin ja Hurstin leip\u00e4jonoon liittyen. Luokka- ja tuloerot ovat sarjassa eksplisiittisesti l\u00e4sn\u00e4, mutta eri tuloryhmien samuutta ja yhteisyytt\u00e4 vahvistamalla niit\u00e4 my\u00f6s h\u00e4ivytet\u00e4\u00e4n. Samuutta vahvistetaan kuvauksilla sek\u00e4 hyv\u00e4tuloisten ett\u00e4 k\u00f6yhyydess\u00e4 el\u00e4vien jaetusta ty\u00f6teli\u00e4isyydest\u00e4, yritteli\u00e4isyydest\u00e4 ja ty\u00f6moraalista. Sarja ennen kaikkea vahvistaa sankarillista roolimallik\u00f6yhyytt\u00e4 ja meritokroitunutta hyv\u00e4tuloisuutta.<\/p>\n\n\n\n<p>Tuotantoyhti\u00f6iden formaattiostoihin ja ansaitsevuusrepresentaatioihin liittyvill\u00e4 valinnoilla voidaan mediakent\u00e4ll\u00e4 vaikuttaa suomalaisten luokka- ja tuloerojen kulttuuriseen, ideologiseen ja moraaliseen kuvastoon. Niill\u00e4 on mahdollista my\u00f6s haastaa kulttuurista k\u00e4sityst\u00e4 kuluttamisen ja ty\u00f6markkina-aktiivisuuden kautta ansaitusta onnesta.<\/p>\n\n\n\n<p><strong>Kenen kannattaa lukea artikkelisi?<\/strong><\/p>\n\n\n\n<p>Toivon, ett\u00e4 artikkeliani lukevat eri media-alan toimijat sek\u00e4 eri alojen asiantuntijat, jotka viestiv\u00e4t yhteiskunnalliseen eriarvoisuuteen, k\u00f6yhyyteen ja tuloeroihin liittyvist\u00e4 teemoista. Tulkintani mukaan tulotasojen ja eriarvoisuuden tarkastelu voi olla hyvinkin suomalaisille televisiomarkkinoille ja mediakent\u00e4lle matkustava teema. Suomalaisissa mediatuotannoissa voi vahvistua ei-sovinnollinen k\u00f6yhyyden esitt\u00e4minen eli ty\u00f6haluttomia k\u00f6yhyydess\u00e4 el\u00e4vi\u00e4 ihmisi\u00e4 kuvaava ja ei-sympaattisiin kehystyksiin perustuva niin kutsuttu k\u00f6yhyysporno.<\/p>\n\n\n\n<p><strong>Mik\u00e4 sai sinut tarttumaan t\u00e4h\u00e4n aiheeseen?<\/strong><\/p>\n\n\n\n<p>Minua motivoi kirjoittamaan aiheesta tosi-tv-ohjelmiin kytkeytyv\u00e4 ansaitsevuuspuhe sek\u00e4 laajemmin suomalainen eriarvoisuuspuhe. \u00a0Minua on eritoten puhutellut Isossa-Britanniassa tehdyt k\u00f6yhyystutkimukset, joissa on tutkittu \u201dBenefit Street\u201d ja \u201dToo Fat to Work\u201d kaltaisia k\u00f6yhyyspornoksi kutsuttuja tosi-tv-ohjelmia.<\/p>\n\n\n\n<p>(Lauri Haapanen)<\/p>\n","protected":false},"excerpt":{"rendered":"<p>Suomessa luokkaerojen esittely tosi-tv:ss\u00e4 n\u00e4ytt\u00e4\u00e4 olevan mahdollista representoimalla tuloryhmien \u00e4\u00e4rip\u00e4it\u00e4 kesken\u00e4\u00e4n samanlaisina henkil\u00f6in\u00e4, kertoo Laura Tarkiainen artikkelinsa Rikkaat ja rahattomat -tosi-tv-sarjan k\u00f6yhyyden ja hyv\u00e4tuloisuuden ansaitsevuusrepresentaatiot tuloksista. &#8221;Tuloerojen tarkastelussa&hellip;<\/p>\n","protected":false},"author":3,"featured_media":4634,"comment_status":"open","ping_status":"closed","sticky":false,"template":"","format":"standard","meta":{"_monsterinsights_skip_tracking":false,"_monsterinsights_sitenote_active":false,"_monsterinsights_sitenote_note":"","_monsterinsights_sitenote_category":0,"footnotes":""},"categories":[1],"tags":[225,227,229,62,228,226],"class_list":["post-4630","post","type-post","status-publish","format-standard","has-post-thumbnail","hentry","category-yleinen","tag-ansaitsevuus","tag-hyvatuloisuus","tag-koyhyys","tag-media-viestinta","tag-representaatio","tag-tosi-tv"],"yoast_head":"<!-- This site is optimized with the Yoast SEO plugin v27.5 - https:\/\/yoast.com\/product\/yoast-seo-wordpress\/ -->\n<title>Tuloerot suomalaisessa tosi-tv:ss\u00e4 &#8211; Mevi<\/title>\n<meta name=\"robots\" content=\"index, follow, max-snippet:-1, max-image-preview:large, max-video-preview:-1\" \/>\n<link rel=\"canonical\" href=\"https:\/\/mediaviestinta.fi\/mevi2020\/2021\/12\/tuloerot-suomalaisessa-tosi-tvssa\/\" \/>\n<meta property=\"og:locale\" content=\"fi_FI\" \/>\n<meta property=\"og:type\" content=\"article\" \/>\n<meta property=\"og:title\" content=\"Tuloerot suomalaisessa tosi-tv:ss\u00e4 &#8211; Mevi\" \/>\n<meta property=\"og:description\" content=\"Suomessa luokkaerojen esittely tosi-tv:ss\u00e4 n\u00e4ytt\u00e4\u00e4 olevan mahdollista representoimalla tuloryhmien \u00e4\u00e4rip\u00e4it\u00e4 kesken\u00e4\u00e4n samanlaisina henkil\u00f6in\u00e4, kertoo Laura Tarkiainen artikkelinsa Rikkaat ja rahattomat -tosi-tv-sarjan k\u00f6yhyyden ja hyv\u00e4tuloisuuden ansaitsevuusrepresentaatiot tuloksista. &#8221;Tuloerojen tarkastelussa&hellip;\" \/>\n<meta property=\"og:url\" content=\"https:\/\/mediaviestinta.fi\/mevi2020\/2021\/12\/tuloerot-suomalaisessa-tosi-tvssa\/\" \/>\n<meta property=\"og:site_name\" content=\"Mevi\" \/>\n<meta property=\"article:publisher\" content=\"https:\/\/www.facebook.com\/MediaViestinta\/\" \/>\n<meta property=\"article:published_time\" content=\"2021-12-20T14:21:57+00:00\" \/>\n<meta property=\"article:modified_time\" content=\"2021-12-20T14:21:59+00:00\" \/>\n<meta property=\"og:image\" content=\"https:\/\/mediaviestinta.fi\/mevi2020\/wp-content\/uploads\/2021\/12\/mathieu-stern-1fzyz-bmKBw-unsplash-1.jpg\" \/>\n\t<meta property=\"og:image:width\" content=\"1920\" \/>\n\t<meta property=\"og:image:height\" content=\"1280\" \/>\n\t<meta property=\"og:image:type\" content=\"image\/jpeg\" \/>\n<meta name=\"author\" content=\"Mevi\" \/>\n<meta name=\"twitter:card\" content=\"summary_large_image\" \/>\n<meta name=\"twitter:creator\" content=\"@mediaviestinta\" \/>\n<meta name=\"twitter:site\" content=\"@mediaviestinta\" \/>\n<meta name=\"twitter:label1\" content=\"Kirjoittanut\" \/>\n\t<meta name=\"twitter:data1\" content=\"Mevi\" \/>\n\t<meta name=\"twitter:label2\" content=\"Arvioitu lukuaika\" \/>\n\t<meta name=\"twitter:data2\" content=\"3 minuuttia\" \/>\n<script type=\"application\/ld+json\" class=\"yoast-schema-graph\">{\"@context\":\"https:\\\/\\\/schema.org\",\"@graph\":[{\"@type\":\"Article\",\"@id\":\"https:\\\/\\\/mediaviestinta.fi\\\/mevi2020\\\/2021\\\/12\\\/tuloerot-suomalaisessa-tosi-tvssa\\\/#article\",\"isPartOf\":{\"@id\":\"https:\\\/\\\/mediaviestinta.fi\\\/mevi2020\\\/2021\\\/12\\\/tuloerot-suomalaisessa-tosi-tvssa\\\/\"},\"author\":{\"name\":\"Mevi\",\"@id\":\"https:\\\/\\\/mediaviestinta.fi\\\/#\\\/schema\\\/person\\\/b2da34ab24cfcd17dbdd6c7cfb173257\"},\"headline\":\"Tuloerot suomalaisessa tosi-tv:ss\u00e4\",\"datePublished\":\"2021-12-20T14:21:57+00:00\",\"dateModified\":\"2021-12-20T14:21:59+00:00\",\"mainEntityOfPage\":{\"@id\":\"https:\\\/\\\/mediaviestinta.fi\\\/mevi2020\\\/2021\\\/12\\\/tuloerot-suomalaisessa-tosi-tvssa\\\/\"},\"wordCount\":477,\"commentCount\":0,\"publisher\":{\"@id\":\"https:\\\/\\\/mediaviestinta.fi\\\/#organization\"},\"image\":{\"@id\":\"https:\\\/\\\/mediaviestinta.fi\\\/mevi2020\\\/2021\\\/12\\\/tuloerot-suomalaisessa-tosi-tvssa\\\/#primaryimage\"},\"thumbnailUrl\":\"https:\\\/\\\/mediaviestinta.fi\\\/mevi2020\\\/wp-content\\\/uploads\\\/2021\\\/12\\\/mathieu-stern-1fzyz-bmKBw-unsplash-1.jpg\",\"keywords\":[\"ansaitsevuus\",\"hyv\u00e4tuloisuus\",\"k\u00f6yhyys\",\"media &amp; viestint\u00e4\",\"representaatio\",\"tosi-tv\"],\"inLanguage\":\"fi\",\"potentialAction\":[{\"@type\":\"CommentAction\",\"name\":\"Comment\",\"target\":[\"https:\\\/\\\/mediaviestinta.fi\\\/mevi2020\\\/2021\\\/12\\\/tuloerot-suomalaisessa-tosi-tvssa\\\/#respond\"]}]},{\"@type\":\"WebPage\",\"@id\":\"https:\\\/\\\/mediaviestinta.fi\\\/mevi2020\\\/2021\\\/12\\\/tuloerot-suomalaisessa-tosi-tvssa\\\/\",\"url\":\"https:\\\/\\\/mediaviestinta.fi\\\/mevi2020\\\/2021\\\/12\\\/tuloerot-suomalaisessa-tosi-tvssa\\\/\",\"name\":\"Tuloerot suomalaisessa tosi-tv:ss\u00e4 &#8211; Mevi\",\"isPartOf\":{\"@id\":\"https:\\\/\\\/mediaviestinta.fi\\\/#website\"},\"primaryImageOfPage\":{\"@id\":\"https:\\\/\\\/mediaviestinta.fi\\\/mevi2020\\\/2021\\\/12\\\/tuloerot-suomalaisessa-tosi-tvssa\\\/#primaryimage\"},\"image\":{\"@id\":\"https:\\\/\\\/mediaviestinta.fi\\\/mevi2020\\\/2021\\\/12\\\/tuloerot-suomalaisessa-tosi-tvssa\\\/#primaryimage\"},\"thumbnailUrl\":\"https:\\\/\\\/mediaviestinta.fi\\\/mevi2020\\\/wp-content\\\/uploads\\\/2021\\\/12\\\/mathieu-stern-1fzyz-bmKBw-unsplash-1.jpg\",\"datePublished\":\"2021-12-20T14:21:57+00:00\",\"dateModified\":\"2021-12-20T14:21:59+00:00\",\"breadcrumb\":{\"@id\":\"https:\\\/\\\/mediaviestinta.fi\\\/mevi2020\\\/2021\\\/12\\\/tuloerot-suomalaisessa-tosi-tvssa\\\/#breadcrumb\"},\"inLanguage\":\"fi\",\"potentialAction\":[{\"@type\":\"ReadAction\",\"target\":[\"https:\\\/\\\/mediaviestinta.fi\\\/mevi2020\\\/2021\\\/12\\\/tuloerot-suomalaisessa-tosi-tvssa\\\/\"]}]},{\"@type\":\"ImageObject\",\"inLanguage\":\"fi\",\"@id\":\"https:\\\/\\\/mediaviestinta.fi\\\/mevi2020\\\/2021\\\/12\\\/tuloerot-suomalaisessa-tosi-tvssa\\\/#primaryimage\",\"url\":\"https:\\\/\\\/mediaviestinta.fi\\\/mevi2020\\\/wp-content\\\/uploads\\\/2021\\\/12\\\/mathieu-stern-1fzyz-bmKBw-unsplash-1.jpg\",\"contentUrl\":\"https:\\\/\\\/mediaviestinta.fi\\\/mevi2020\\\/wp-content\\\/uploads\\\/2021\\\/12\\\/mathieu-stern-1fzyz-bmKBw-unsplash-1.jpg\",\"width\":1920,\"height\":1280,\"caption\":\"Kuva: Mathieu Stern \\\/ Unsplash.\"},{\"@type\":\"BreadcrumbList\",\"@id\":\"https:\\\/\\\/mediaviestinta.fi\\\/mevi2020\\\/2021\\\/12\\\/tuloerot-suomalaisessa-tosi-tvssa\\\/#breadcrumb\",\"itemListElement\":[{\"@type\":\"ListItem\",\"position\":1,\"name\":\"Home\",\"item\":\"https:\\\/\\\/mediaviestinta.fi\\\/\"},{\"@type\":\"ListItem\",\"position\":2,\"name\":\"Tuloerot suomalaisessa tosi-tv:ss\u00e4\"}]},{\"@type\":\"WebSite\",\"@id\":\"https:\\\/\\\/mediaviestinta.fi\\\/#website\",\"url\":\"https:\\\/\\\/mediaviestinta.fi\\\/\",\"name\":\"Mevi\",\"description\":\"Media- ja viestint\u00e4tieteellinen seura Mevi\",\"publisher\":{\"@id\":\"https:\\\/\\\/mediaviestinta.fi\\\/#organization\"},\"potentialAction\":[{\"@type\":\"SearchAction\",\"target\":{\"@type\":\"EntryPoint\",\"urlTemplate\":\"https:\\\/\\\/mediaviestinta.fi\\\/?s={search_term_string}\"},\"query-input\":{\"@type\":\"PropertyValueSpecification\",\"valueRequired\":true,\"valueName\":\"search_term_string\"}}],\"inLanguage\":\"fi\"},{\"@type\":\"Organization\",\"@id\":\"https:\\\/\\\/mediaviestinta.fi\\\/#organization\",\"name\":\"Media- ja viestint\u00e4tieteellinen seura Mevi\",\"url\":\"https:\\\/\\\/mediaviestinta.fi\\\/\",\"logo\":{\"@type\":\"ImageObject\",\"inLanguage\":\"fi\",\"@id\":\"https:\\\/\\\/mediaviestinta.fi\\\/#\\\/schema\\\/logo\\\/image\\\/\",\"url\":\"https:\\\/\\\/mediaviestinta.fi\\\/mevi2020\\\/wp-content\\\/uploads\\\/2020\\\/03\\\/mevi-logo-RGB-Transparent.png\",\"contentUrl\":\"https:\\\/\\\/mediaviestinta.fi\\\/mevi2020\\\/wp-content\\\/uploads\\\/2020\\\/03\\\/mevi-logo-RGB-Transparent.png\",\"width\":910,\"height\":464,\"caption\":\"Media- ja viestint\u00e4tieteellinen seura Mevi\"},\"image\":{\"@id\":\"https:\\\/\\\/mediaviestinta.fi\\\/#\\\/schema\\\/logo\\\/image\\\/\"},\"sameAs\":[\"https:\\\/\\\/www.facebook.com\\\/MediaViestinta\\\/\",\"https:\\\/\\\/x.com\\\/mediaviestinta\"]},{\"@type\":\"Person\",\"@id\":\"https:\\\/\\\/mediaviestinta.fi\\\/#\\\/schema\\\/person\\\/b2da34ab24cfcd17dbdd6c7cfb173257\",\"name\":\"Mevi\",\"image\":{\"@type\":\"ImageObject\",\"inLanguage\":\"fi\",\"@id\":\"https:\\\/\\\/secure.gravatar.com\\\/avatar\\\/3305b76d1667dc119a18808ed03d6a1fc2dfa8b6a1cddecb8c4d27ef14ec32ca?s=96&d=mm&r=g\",\"url\":\"https:\\\/\\\/secure.gravatar.com\\\/avatar\\\/3305b76d1667dc119a18808ed03d6a1fc2dfa8b6a1cddecb8c4d27ef14ec32ca?s=96&d=mm&r=g\",\"contentUrl\":\"https:\\\/\\\/secure.gravatar.com\\\/avatar\\\/3305b76d1667dc119a18808ed03d6a1fc2dfa8b6a1cddecb8c4d27ef14ec32ca?s=96&d=mm&r=g\",\"caption\":\"Mevi\"},\"url\":\"https:\\\/\\\/mediaviestinta.fi\\\/mevi2020\\\/author\\\/mediavie\\\/\"}]}<\/script>\n<!-- \/ Yoast SEO plugin. -->","yoast_head_json":{"title":"Tuloerot suomalaisessa tosi-tv:ss\u00e4 &#8211; Mevi","robots":{"index":"index","follow":"follow","max-snippet":"max-snippet:-1","max-image-preview":"max-image-preview:large","max-video-preview":"max-video-preview:-1"},"canonical":"https:\/\/mediaviestinta.fi\/mevi2020\/2021\/12\/tuloerot-suomalaisessa-tosi-tvssa\/","og_locale":"fi_FI","og_type":"article","og_title":"Tuloerot suomalaisessa tosi-tv:ss\u00e4 &#8211; Mevi","og_description":"Suomessa luokkaerojen esittely tosi-tv:ss\u00e4 n\u00e4ytt\u00e4\u00e4 olevan mahdollista representoimalla tuloryhmien \u00e4\u00e4rip\u00e4it\u00e4 kesken\u00e4\u00e4n samanlaisina henkil\u00f6in\u00e4, kertoo Laura Tarkiainen artikkelinsa Rikkaat ja rahattomat -tosi-tv-sarjan k\u00f6yhyyden ja hyv\u00e4tuloisuuden ansaitsevuusrepresentaatiot tuloksista. &#8221;Tuloerojen tarkastelussa&hellip;","og_url":"https:\/\/mediaviestinta.fi\/mevi2020\/2021\/12\/tuloerot-suomalaisessa-tosi-tvssa\/","og_site_name":"Mevi","article_publisher":"https:\/\/www.facebook.com\/MediaViestinta\/","article_published_time":"2021-12-20T14:21:57+00:00","article_modified_time":"2021-12-20T14:21:59+00:00","og_image":[{"width":1920,"height":1280,"url":"https:\/\/mediaviestinta.fi\/mevi2020\/wp-content\/uploads\/2021\/12\/mathieu-stern-1fzyz-bmKBw-unsplash-1.jpg","type":"image\/jpeg"}],"author":"Mevi","twitter_card":"summary_large_image","twitter_creator":"@mediaviestinta","twitter_site":"@mediaviestinta","twitter_misc":{"Kirjoittanut":"Mevi","Arvioitu lukuaika":"3 minuuttia"},"schema":{"@context":"https:\/\/schema.org","@graph":[{"@type":"Article","@id":"https:\/\/mediaviestinta.fi\/mevi2020\/2021\/12\/tuloerot-suomalaisessa-tosi-tvssa\/#article","isPartOf":{"@id":"https:\/\/mediaviestinta.fi\/mevi2020\/2021\/12\/tuloerot-suomalaisessa-tosi-tvssa\/"},"author":{"name":"Mevi","@id":"https:\/\/mediaviestinta.fi\/#\/schema\/person\/b2da34ab24cfcd17dbdd6c7cfb173257"},"headline":"Tuloerot suomalaisessa tosi-tv:ss\u00e4","datePublished":"2021-12-20T14:21:57+00:00","dateModified":"2021-12-20T14:21:59+00:00","mainEntityOfPage":{"@id":"https:\/\/mediaviestinta.fi\/mevi2020\/2021\/12\/tuloerot-suomalaisessa-tosi-tvssa\/"},"wordCount":477,"commentCount":0,"publisher":{"@id":"https:\/\/mediaviestinta.fi\/#organization"},"image":{"@id":"https:\/\/mediaviestinta.fi\/mevi2020\/2021\/12\/tuloerot-suomalaisessa-tosi-tvssa\/#primaryimage"},"thumbnailUrl":"https:\/\/mediaviestinta.fi\/mevi2020\/wp-content\/uploads\/2021\/12\/mathieu-stern-1fzyz-bmKBw-unsplash-1.jpg","keywords":["ansaitsevuus","hyv\u00e4tuloisuus","k\u00f6yhyys","media &amp; viestint\u00e4","representaatio","tosi-tv"],"inLanguage":"fi","potentialAction":[{"@type":"CommentAction","name":"Comment","target":["https:\/\/mediaviestinta.fi\/mevi2020\/2021\/12\/tuloerot-suomalaisessa-tosi-tvssa\/#respond"]}]},{"@type":"WebPage","@id":"https:\/\/mediaviestinta.fi\/mevi2020\/2021\/12\/tuloerot-suomalaisessa-tosi-tvssa\/","url":"https:\/\/mediaviestinta.fi\/mevi2020\/2021\/12\/tuloerot-suomalaisessa-tosi-tvssa\/","name":"Tuloerot suomalaisessa tosi-tv:ss\u00e4 &#8211; Mevi","isPartOf":{"@id":"https:\/\/mediaviestinta.fi\/#website"},"primaryImageOfPage":{"@id":"https:\/\/mediaviestinta.fi\/mevi2020\/2021\/12\/tuloerot-suomalaisessa-tosi-tvssa\/#primaryimage"},"image":{"@id":"https:\/\/mediaviestinta.fi\/mevi2020\/2021\/12\/tuloerot-suomalaisessa-tosi-tvssa\/#primaryimage"},"thumbnailUrl":"https:\/\/mediaviestinta.fi\/mevi2020\/wp-content\/uploads\/2021\/12\/mathieu-stern-1fzyz-bmKBw-unsplash-1.jpg","datePublished":"2021-12-20T14:21:57+00:00","dateModified":"2021-12-20T14:21:59+00:00","breadcrumb":{"@id":"https:\/\/mediaviestinta.fi\/mevi2020\/2021\/12\/tuloerot-suomalaisessa-tosi-tvssa\/#breadcrumb"},"inLanguage":"fi","potentialAction":[{"@type":"ReadAction","target":["https:\/\/mediaviestinta.fi\/mevi2020\/2021\/12\/tuloerot-suomalaisessa-tosi-tvssa\/"]}]},{"@type":"ImageObject","inLanguage":"fi","@id":"https:\/\/mediaviestinta.fi\/mevi2020\/2021\/12\/tuloerot-suomalaisessa-tosi-tvssa\/#primaryimage","url":"https:\/\/mediaviestinta.fi\/mevi2020\/wp-content\/uploads\/2021\/12\/mathieu-stern-1fzyz-bmKBw-unsplash-1.jpg","contentUrl":"https:\/\/mediaviestinta.fi\/mevi2020\/wp-content\/uploads\/2021\/12\/mathieu-stern-1fzyz-bmKBw-unsplash-1.jpg","width":1920,"height":1280,"caption":"Kuva: Mathieu Stern \/ Unsplash."},{"@type":"BreadcrumbList","@id":"https:\/\/mediaviestinta.fi\/mevi2020\/2021\/12\/tuloerot-suomalaisessa-tosi-tvssa\/#breadcrumb","itemListElement":[{"@type":"ListItem","position":1,"name":"Home","item":"https:\/\/mediaviestinta.fi\/"},{"@type":"ListItem","position":2,"name":"Tuloerot suomalaisessa tosi-tv:ss\u00e4"}]},{"@type":"WebSite","@id":"https:\/\/mediaviestinta.fi\/#website","url":"https:\/\/mediaviestinta.fi\/","name":"Mevi","description":"Media- ja viestint\u00e4tieteellinen seura Mevi","publisher":{"@id":"https:\/\/mediaviestinta.fi\/#organization"},"potentialAction":[{"@type":"SearchAction","target":{"@type":"EntryPoint","urlTemplate":"https:\/\/mediaviestinta.fi\/?s={search_term_string}"},"query-input":{"@type":"PropertyValueSpecification","valueRequired":true,"valueName":"search_term_string"}}],"inLanguage":"fi"},{"@type":"Organization","@id":"https:\/\/mediaviestinta.fi\/#organization","name":"Media- ja viestint\u00e4tieteellinen seura Mevi","url":"https:\/\/mediaviestinta.fi\/","logo":{"@type":"ImageObject","inLanguage":"fi","@id":"https:\/\/mediaviestinta.fi\/#\/schema\/logo\/image\/","url":"https:\/\/mediaviestinta.fi\/mevi2020\/wp-content\/uploads\/2020\/03\/mevi-logo-RGB-Transparent.png","contentUrl":"https:\/\/mediaviestinta.fi\/mevi2020\/wp-content\/uploads\/2020\/03\/mevi-logo-RGB-Transparent.png","width":910,"height":464,"caption":"Media- ja viestint\u00e4tieteellinen seura Mevi"},"image":{"@id":"https:\/\/mediaviestinta.fi\/#\/schema\/logo\/image\/"},"sameAs":["https:\/\/www.facebook.com\/MediaViestinta\/","https:\/\/x.com\/mediaviestinta"]},{"@type":"Person","@id":"https:\/\/mediaviestinta.fi\/#\/schema\/person\/b2da34ab24cfcd17dbdd6c7cfb173257","name":"Mevi","image":{"@type":"ImageObject","inLanguage":"fi","@id":"https:\/\/secure.gravatar.com\/avatar\/3305b76d1667dc119a18808ed03d6a1fc2dfa8b6a1cddecb8c4d27ef14ec32ca?s=96&d=mm&r=g","url":"https:\/\/secure.gravatar.com\/avatar\/3305b76d1667dc119a18808ed03d6a1fc2dfa8b6a1cddecb8c4d27ef14ec32ca?s=96&d=mm&r=g","contentUrl":"https:\/\/secure.gravatar.com\/avatar\/3305b76d1667dc119a18808ed03d6a1fc2dfa8b6a1cddecb8c4d27ef14ec32ca?s=96&d=mm&r=g","caption":"Mevi"},"url":"https:\/\/mediaviestinta.fi\/mevi2020\/author\/mediavie\/"}]}},"_links":{"self":[{"href":"https:\/\/mediaviestinta.fi\/mevi2020\/wp-json\/wp\/v2\/posts\/4630","targetHints":{"allow":["GET"]}}],"collection":[{"href":"https:\/\/mediaviestinta.fi\/mevi2020\/wp-json\/wp\/v2\/posts"}],"about":[{"href":"https:\/\/mediaviestinta.fi\/mevi2020\/wp-json\/wp\/v2\/types\/post"}],"author":[{"embeddable":true,"href":"https:\/\/mediaviestinta.fi\/mevi2020\/wp-json\/wp\/v2\/users\/3"}],"replies":[{"embeddable":true,"href":"https:\/\/mediaviestinta.fi\/mevi2020\/wp-json\/wp\/v2\/comments?post=4630"}],"version-history":[{"count":7,"href":"https:\/\/mediaviestinta.fi\/mevi2020\/wp-json\/wp\/v2\/posts\/4630\/revisions"}],"predecessor-version":[{"id":4648,"href":"https:\/\/mediaviestinta.fi\/mevi2020\/wp-json\/wp\/v2\/posts\/4630\/revisions\/4648"}],"wp:featuredmedia":[{"embeddable":true,"href":"https:\/\/mediaviestinta.fi\/mevi2020\/wp-json\/wp\/v2\/media\/4634"}],"wp:attachment":[{"href":"https:\/\/mediaviestinta.fi\/mevi2020\/wp-json\/wp\/v2\/media?parent=4630"}],"wp:term":[{"taxonomy":"category","embeddable":true,"href":"https:\/\/mediaviestinta.fi\/mevi2020\/wp-json\/wp\/v2\/categories?post=4630"},{"taxonomy":"post_tag","embeddable":true,"href":"https:\/\/mediaviestinta.fi\/mevi2020\/wp-json\/wp\/v2\/tags?post=4630"}],"curies":[{"name":"wp","href":"https:\/\/api.w.org\/{rel}","templated":true}]}}