{"id":4699,"date":"2022-03-14T09:03:00","date_gmt":"2022-03-14T07:03:00","guid":{"rendered":"https:\/\/mediaviestinta.fi\/?p=4699"},"modified":"2022-03-17T09:10:20","modified_gmt":"2022-03-17T07:10:20","slug":"mevi-ryn-vuosikokous-jarjestetaan-29-3-klo-15","status":"publish","type":"post","link":"https:\/\/mediaviestinta.fi\/mevi2020\/2022\/03\/mevi-ryn-vuosikokous-jarjestetaan-29-3-klo-15\/","title":{"rendered":"Mevi ry:n vuosikokous j\u00e4rjestet\u00e4\u00e4n 29.3. klo 15"},"content":{"rendered":"\n<p>Media ja viestint\u00e4tieteellinen seura Mevi ry j\u00e4rjest\u00e4\u00e4 s\u00e4\u00e4nt\u00f6m\u00e4\u00e4r\u00e4isen vuosikokouksensa tiistaina 29. maaliskuuta kello 15.00. Kokouksen paikkana on Tampereen yliopiston p\u00e4\u00e4rakennus (E-siipi,  Joutila), mutta osallistuminen on mahdollista my\u00f6s et\u00e4yhteydell\u00e4, Zoomin v\u00e4lityksell\u00e4 (kysy linkki sihteerilt\u00e4 <a href=\"mailto:sihteeri@mediaviestinta.fi\" target=\"_blank\" rel=\"noreferrer noopener\">sihteeri@mediaviestinta.fi<\/a>)<\/p>\n\n\n\n<p>Alla kokouksen esityslista.<\/p>\n\n\n\n<p>1. KOKOUKSEN AVAUS<br>2. KOKOUKSEN J\u00c4RJEST\u00c4YTYMINEN<br>Valitaan puheenjohtaja, sihteeri ja kaksi p\u00f6yt\u00e4kirjantarkastajaa.<br>3. KOKOUKSEN LAILLISUUS JA P\u00c4\u00c4T\u00d6SVALTAISUUS<br>4. KOKOUKSEN TY\u00d6J\u00c4RJESTYKSEN HYV\u00c4KSYMINEN<br>5. VUODEN 2021 TOIMINTAKERTOMUS<br>K\u00e4sitell\u00e4\u00e4n vuoden 2021 toimintakertomus.<br>6. TILINP\u00c4\u00c4T\u00d6KSEN JA TOIMINNANTARKASTAJIEN LAUSUNNON KUULEMINEN<br>Yhdistyksen rahastonhoitaja esittelee tilinp\u00e4\u00e4t\u00f6ksen ja lukee toiminnantarkastajien lausunnon.<br>7. TILI- JA VASTUUVAPAUDEN MY\u00d6NT\u00c4MINEN HALLITUKSELLE<br>8. TOIMINTASUUNNITELMA 2022\u20132023<br>K\u00e4sitell\u00e4\u00e4n kauden 2022\u20132023 toimintasuunnitelma.<br>9. VUODEN 2022 TALOUSARVION VAHVISTAMINEN<br>Yhdistyksen rahastonhoitaja esittelee talousarvion kuluvalle vuodelle.<br>10. J\u00c4SENMAKSUJEN SUURUUDESTA P\u00c4\u00c4TT\u00c4MINEN<br>Yhdistyksen heikentyneest\u00e4 taloustilanteesta johtuen hallitus ehdottaa j\u00e4senmaksujen korottamista 35 eurosta 40 euroon yksil\u00f6j\u00e4senille ja 500 eurosta 600 euroon yhteis\u00f6j\u00e4senille.<br>12. YHDISTYKSEN PUHEENJOHTAJAN VALINTA<br>Puheenjohtajaksi on ehdolla dosentti, YTT Katja Lehtisaari (TaY).<br>13. HALLITUKSEN J\u00c4SENTEN VALINTA<br>Ehdolla hallitukseen ovat Mats Bergman (HY\/ Svenska social- och kommunalh\u00f6gskola), Lauri Haapanen (JYU), Heikki Heikkil\u00e4 (TaY), Kaarina J\u00e4rventaus (Haaga-Helia), Kari Karppinen (HY), Minna Koivula (JYU), Ville Manninen (Vaasan yliopisto), Mirka Muilu (TaY), Nina Oisalo (Turun yliopisto), Saila Poutiainen (HY), Stefanie Sir\u00e9n-Heikel (HY\/Svenska<br>social- och kommunalh\u00f6gskola) ja Jari V\u00e4liverronen (TaY).<br>14. TOIMINNANTARKASTAJIEN JA VARATOIMINNANTARKASTAJIEN VALINTA<a href=\"https:\/\/tuni.zoom.us\/j\/66158842475?pwd=ZWl1cWQyOVlvVlIzcFFUcG1NWVlwZz09\" target=\"_blank\" rel=\"noreferrer noopener\"><\/a><canvas width=\"1339\" height=\"1894\">15. JULKAISUTOIMINNAN KEHITT\u00c4MINEN ALKANEELLA TOIMIKAUDELLA<br>16. VARSINAISEN TOIMINNAN KEHITT\u00c4MINEN ALKANEELLA TOIMIKAUDELLA<br>17. MEDIAN JA VIESTINN\u00c4N TUTKIMUKSEN P\u00c4IV\u00c4T 2022<br>18. MUUT ASIAT<br>19. ILMOITUSASIAT<br>20. KOKOUKSEN P\u00c4\u00c4TT\u00c4MINEN<\/canvas><\/p>\n","protected":false},"excerpt":{"rendered":"<p>Media ja viestint\u00e4tieteellinen seura Mevi ry j\u00e4rjest\u00e4\u00e4 s\u00e4\u00e4nt\u00f6m\u00e4\u00e4r\u00e4isen vuosikokouksensa tiistaina 29. maaliskuuta kello 15.00. Kokouksen paikkana on Tampereen yliopiston p\u00e4\u00e4rakennus (E-siipi, Joutila), mutta osallistuminen on mahdollista my\u00f6s et\u00e4yhteydell\u00e4,&hellip;<\/p>\n","protected":false},"author":3,"featured_media":3552,"comment_status":"open","ping_status":"closed","sticky":false,"template":"","format":"standard","meta":{"_monsterinsights_skip_tracking":false,"_monsterinsights_sitenote_active":false,"_monsterinsights_sitenote_note":"","_monsterinsights_sitenote_category":0,"footnotes":""},"categories":[1],"tags":[49],"class_list":["post-4699","post","type-post","status-publish","format-standard","has-post-thumbnail","hentry","category-yleinen","tag-vuosikokous"],"yoast_head":"<!-- This site is optimized with the Yoast SEO plugin v27.5 - https:\/\/yoast.com\/product\/yoast-seo-wordpress\/ -->\n<title>Mevi ry:n vuosikokous j\u00e4rjestet\u00e4\u00e4n 29.3. klo 15 &#8211; Mevi<\/title>\n<meta name=\"robots\" content=\"index, follow, max-snippet:-1, max-image-preview:large, max-video-preview:-1\" \/>\n<link rel=\"canonical\" href=\"https:\/\/mediaviestinta.fi\/mevi2020\/2022\/03\/mevi-ryn-vuosikokous-jarjestetaan-29-3-klo-15\/\" \/>\n<meta property=\"og:locale\" content=\"fi_FI\" \/>\n<meta property=\"og:type\" content=\"article\" \/>\n<meta property=\"og:title\" content=\"Mevi ry:n vuosikokous j\u00e4rjestet\u00e4\u00e4n 29.3. klo 15 &#8211; Mevi\" \/>\n<meta property=\"og:description\" content=\"Media ja viestint\u00e4tieteellinen seura Mevi ry j\u00e4rjest\u00e4\u00e4 s\u00e4\u00e4nt\u00f6m\u00e4\u00e4r\u00e4isen vuosikokouksensa tiistaina 29. maaliskuuta kello 15.00. Kokouksen paikkana on Tampereen yliopiston p\u00e4\u00e4rakennus (E-siipi, Joutila), mutta osallistuminen on mahdollista my\u00f6s et\u00e4yhteydell\u00e4,&hellip;\" \/>\n<meta property=\"og:url\" content=\"https:\/\/mediaviestinta.fi\/mevi2020\/2022\/03\/mevi-ryn-vuosikokous-jarjestetaan-29-3-klo-15\/\" \/>\n<meta property=\"og:site_name\" content=\"Mevi\" \/>\n<meta property=\"article:publisher\" content=\"https:\/\/www.facebook.com\/MediaViestinta\/\" \/>\n<meta property=\"article:published_time\" content=\"2022-03-14T07:03:00+00:00\" \/>\n<meta property=\"article:modified_time\" content=\"2022-03-17T07:10:20+00:00\" \/>\n<meta property=\"og:image\" content=\"https:\/\/mediaviestinta.fi\/mevi2020\/wp-content\/uploads\/2020\/03\/cropped-mevi-logo-RGB-Transparent-220px.png\" \/>\n\t<meta property=\"og:image:width\" content=\"220\" \/>\n\t<meta property=\"og:image:height\" content=\"91\" \/>\n\t<meta property=\"og:image:type\" content=\"image\/png\" \/>\n<meta name=\"author\" content=\"Mevi\" \/>\n<meta name=\"twitter:card\" content=\"summary_large_image\" \/>\n<meta name=\"twitter:creator\" content=\"@mediaviestinta\" \/>\n<meta name=\"twitter:site\" content=\"@mediaviestinta\" \/>\n<meta name=\"twitter:label1\" content=\"Kirjoittanut\" \/>\n\t<meta name=\"twitter:data1\" content=\"Mevi\" \/>\n\t<meta name=\"twitter:label2\" content=\"Arvioitu lukuaika\" \/>\n\t<meta name=\"twitter:data2\" content=\"2 minuuttia\" \/>\n<script type=\"application\/ld+json\" class=\"yoast-schema-graph\">{\"@context\":\"https:\\\/\\\/schema.org\",\"@graph\":[{\"@type\":\"Article\",\"@id\":\"https:\\\/\\\/mediaviestinta.fi\\\/mevi2020\\\/2022\\\/03\\\/mevi-ryn-vuosikokous-jarjestetaan-29-3-klo-15\\\/#article\",\"isPartOf\":{\"@id\":\"https:\\\/\\\/mediaviestinta.fi\\\/mevi2020\\\/2022\\\/03\\\/mevi-ryn-vuosikokous-jarjestetaan-29-3-klo-15\\\/\"},\"author\":{\"name\":\"Mevi\",\"@id\":\"https:\\\/\\\/mediaviestinta.fi\\\/#\\\/schema\\\/person\\\/b2da34ab24cfcd17dbdd6c7cfb173257\"},\"headline\":\"Mevi ry:n vuosikokous j\u00e4rjestet\u00e4\u00e4n 29.3. klo 15\",\"datePublished\":\"2022-03-14T07:03:00+00:00\",\"dateModified\":\"2022-03-17T07:10:20+00:00\",\"mainEntityOfPage\":{\"@id\":\"https:\\\/\\\/mediaviestinta.fi\\\/mevi2020\\\/2022\\\/03\\\/mevi-ryn-vuosikokous-jarjestetaan-29-3-klo-15\\\/\"},\"wordCount\":245,\"commentCount\":0,\"publisher\":{\"@id\":\"https:\\\/\\\/mediaviestinta.fi\\\/#organization\"},\"image\":{\"@id\":\"https:\\\/\\\/mediaviestinta.fi\\\/mevi2020\\\/2022\\\/03\\\/mevi-ryn-vuosikokous-jarjestetaan-29-3-klo-15\\\/#primaryimage\"},\"thumbnailUrl\":\"https:\\\/\\\/mediaviestinta.fi\\\/mevi2020\\\/wp-content\\\/uploads\\\/2020\\\/03\\\/cropped-mevi-logo-RGB-Transparent-220px.png\",\"keywords\":[\"vuosikokous\"],\"inLanguage\":\"fi\",\"potentialAction\":[{\"@type\":\"CommentAction\",\"name\":\"Comment\",\"target\":[\"https:\\\/\\\/mediaviestinta.fi\\\/mevi2020\\\/2022\\\/03\\\/mevi-ryn-vuosikokous-jarjestetaan-29-3-klo-15\\\/#respond\"]}]},{\"@type\":\"WebPage\",\"@id\":\"https:\\\/\\\/mediaviestinta.fi\\\/mevi2020\\\/2022\\\/03\\\/mevi-ryn-vuosikokous-jarjestetaan-29-3-klo-15\\\/\",\"url\":\"https:\\\/\\\/mediaviestinta.fi\\\/mevi2020\\\/2022\\\/03\\\/mevi-ryn-vuosikokous-jarjestetaan-29-3-klo-15\\\/\",\"name\":\"Mevi ry:n vuosikokous j\u00e4rjestet\u00e4\u00e4n 29.3. klo 15 &#8211; Mevi\",\"isPartOf\":{\"@id\":\"https:\\\/\\\/mediaviestinta.fi\\\/#website\"},\"primaryImageOfPage\":{\"@id\":\"https:\\\/\\\/mediaviestinta.fi\\\/mevi2020\\\/2022\\\/03\\\/mevi-ryn-vuosikokous-jarjestetaan-29-3-klo-15\\\/#primaryimage\"},\"image\":{\"@id\":\"https:\\\/\\\/mediaviestinta.fi\\\/mevi2020\\\/2022\\\/03\\\/mevi-ryn-vuosikokous-jarjestetaan-29-3-klo-15\\\/#primaryimage\"},\"thumbnailUrl\":\"https:\\\/\\\/mediaviestinta.fi\\\/mevi2020\\\/wp-content\\\/uploads\\\/2020\\\/03\\\/cropped-mevi-logo-RGB-Transparent-220px.png\",\"datePublished\":\"2022-03-14T07:03:00+00:00\",\"dateModified\":\"2022-03-17T07:10:20+00:00\",\"breadcrumb\":{\"@id\":\"https:\\\/\\\/mediaviestinta.fi\\\/mevi2020\\\/2022\\\/03\\\/mevi-ryn-vuosikokous-jarjestetaan-29-3-klo-15\\\/#breadcrumb\"},\"inLanguage\":\"fi\",\"potentialAction\":[{\"@type\":\"ReadAction\",\"target\":[\"https:\\\/\\\/mediaviestinta.fi\\\/mevi2020\\\/2022\\\/03\\\/mevi-ryn-vuosikokous-jarjestetaan-29-3-klo-15\\\/\"]}]},{\"@type\":\"ImageObject\",\"inLanguage\":\"fi\",\"@id\":\"https:\\\/\\\/mediaviestinta.fi\\\/mevi2020\\\/2022\\\/03\\\/mevi-ryn-vuosikokous-jarjestetaan-29-3-klo-15\\\/#primaryimage\",\"url\":\"https:\\\/\\\/mediaviestinta.fi\\\/mevi2020\\\/wp-content\\\/uploads\\\/2020\\\/03\\\/cropped-mevi-logo-RGB-Transparent-220px.png\",\"contentUrl\":\"https:\\\/\\\/mediaviestinta.fi\\\/mevi2020\\\/wp-content\\\/uploads\\\/2020\\\/03\\\/cropped-mevi-logo-RGB-Transparent-220px.png\",\"width\":220,\"height\":91},{\"@type\":\"BreadcrumbList\",\"@id\":\"https:\\\/\\\/mediaviestinta.fi\\\/mevi2020\\\/2022\\\/03\\\/mevi-ryn-vuosikokous-jarjestetaan-29-3-klo-15\\\/#breadcrumb\",\"itemListElement\":[{\"@type\":\"ListItem\",\"position\":1,\"name\":\"Home\",\"item\":\"https:\\\/\\\/mediaviestinta.fi\\\/\"},{\"@type\":\"ListItem\",\"position\":2,\"name\":\"Mevi ry:n vuosikokous j\u00e4rjestet\u00e4\u00e4n 29.3. klo 15\"}]},{\"@type\":\"WebSite\",\"@id\":\"https:\\\/\\\/mediaviestinta.fi\\\/#website\",\"url\":\"https:\\\/\\\/mediaviestinta.fi\\\/\",\"name\":\"Mevi\",\"description\":\"Media- ja viestint\u00e4tieteellinen seura Mevi\",\"publisher\":{\"@id\":\"https:\\\/\\\/mediaviestinta.fi\\\/#organization\"},\"potentialAction\":[{\"@type\":\"SearchAction\",\"target\":{\"@type\":\"EntryPoint\",\"urlTemplate\":\"https:\\\/\\\/mediaviestinta.fi\\\/?s={search_term_string}\"},\"query-input\":{\"@type\":\"PropertyValueSpecification\",\"valueRequired\":true,\"valueName\":\"search_term_string\"}}],\"inLanguage\":\"fi\"},{\"@type\":\"Organization\",\"@id\":\"https:\\\/\\\/mediaviestinta.fi\\\/#organization\",\"name\":\"Media- ja viestint\u00e4tieteellinen seura Mevi\",\"url\":\"https:\\\/\\\/mediaviestinta.fi\\\/\",\"logo\":{\"@type\":\"ImageObject\",\"inLanguage\":\"fi\",\"@id\":\"https:\\\/\\\/mediaviestinta.fi\\\/#\\\/schema\\\/logo\\\/image\\\/\",\"url\":\"https:\\\/\\\/mediaviestinta.fi\\\/mevi2020\\\/wp-content\\\/uploads\\\/2020\\\/03\\\/mevi-logo-RGB-Transparent.png\",\"contentUrl\":\"https:\\\/\\\/mediaviestinta.fi\\\/mevi2020\\\/wp-content\\\/uploads\\\/2020\\\/03\\\/mevi-logo-RGB-Transparent.png\",\"width\":910,\"height\":464,\"caption\":\"Media- ja viestint\u00e4tieteellinen seura Mevi\"},\"image\":{\"@id\":\"https:\\\/\\\/mediaviestinta.fi\\\/#\\\/schema\\\/logo\\\/image\\\/\"},\"sameAs\":[\"https:\\\/\\\/www.facebook.com\\\/MediaViestinta\\\/\",\"https:\\\/\\\/x.com\\\/mediaviestinta\"]},{\"@type\":\"Person\",\"@id\":\"https:\\\/\\\/mediaviestinta.fi\\\/#\\\/schema\\\/person\\\/b2da34ab24cfcd17dbdd6c7cfb173257\",\"name\":\"Mevi\",\"image\":{\"@type\":\"ImageObject\",\"inLanguage\":\"fi\",\"@id\":\"https:\\\/\\\/secure.gravatar.com\\\/avatar\\\/3305b76d1667dc119a18808ed03d6a1fc2dfa8b6a1cddecb8c4d27ef14ec32ca?s=96&d=mm&r=g\",\"url\":\"https:\\\/\\\/secure.gravatar.com\\\/avatar\\\/3305b76d1667dc119a18808ed03d6a1fc2dfa8b6a1cddecb8c4d27ef14ec32ca?s=96&d=mm&r=g\",\"contentUrl\":\"https:\\\/\\\/secure.gravatar.com\\\/avatar\\\/3305b76d1667dc119a18808ed03d6a1fc2dfa8b6a1cddecb8c4d27ef14ec32ca?s=96&d=mm&r=g\",\"caption\":\"Mevi\"},\"url\":\"https:\\\/\\\/mediaviestinta.fi\\\/mevi2020\\\/author\\\/mediavie\\\/\"}]}<\/script>\n<!-- \/ Yoast SEO plugin. -->","yoast_head_json":{"title":"Mevi ry:n vuosikokous j\u00e4rjestet\u00e4\u00e4n 29.3. klo 15 &#8211; Mevi","robots":{"index":"index","follow":"follow","max-snippet":"max-snippet:-1","max-image-preview":"max-image-preview:large","max-video-preview":"max-video-preview:-1"},"canonical":"https:\/\/mediaviestinta.fi\/mevi2020\/2022\/03\/mevi-ryn-vuosikokous-jarjestetaan-29-3-klo-15\/","og_locale":"fi_FI","og_type":"article","og_title":"Mevi ry:n vuosikokous j\u00e4rjestet\u00e4\u00e4n 29.3. klo 15 &#8211; Mevi","og_description":"Media ja viestint\u00e4tieteellinen seura Mevi ry j\u00e4rjest\u00e4\u00e4 s\u00e4\u00e4nt\u00f6m\u00e4\u00e4r\u00e4isen vuosikokouksensa tiistaina 29. maaliskuuta kello 15.00. Kokouksen paikkana on Tampereen yliopiston p\u00e4\u00e4rakennus (E-siipi, Joutila), mutta osallistuminen on mahdollista my\u00f6s et\u00e4yhteydell\u00e4,&hellip;","og_url":"https:\/\/mediaviestinta.fi\/mevi2020\/2022\/03\/mevi-ryn-vuosikokous-jarjestetaan-29-3-klo-15\/","og_site_name":"Mevi","article_publisher":"https:\/\/www.facebook.com\/MediaViestinta\/","article_published_time":"2022-03-14T07:03:00+00:00","article_modified_time":"2022-03-17T07:10:20+00:00","og_image":[{"width":220,"height":91,"url":"https:\/\/mediaviestinta.fi\/mevi2020\/wp-content\/uploads\/2020\/03\/cropped-mevi-logo-RGB-Transparent-220px.png","type":"image\/png"}],"author":"Mevi","twitter_card":"summary_large_image","twitter_creator":"@mediaviestinta","twitter_site":"@mediaviestinta","twitter_misc":{"Kirjoittanut":"Mevi","Arvioitu lukuaika":"2 minuuttia"},"schema":{"@context":"https:\/\/schema.org","@graph":[{"@type":"Article","@id":"https:\/\/mediaviestinta.fi\/mevi2020\/2022\/03\/mevi-ryn-vuosikokous-jarjestetaan-29-3-klo-15\/#article","isPartOf":{"@id":"https:\/\/mediaviestinta.fi\/mevi2020\/2022\/03\/mevi-ryn-vuosikokous-jarjestetaan-29-3-klo-15\/"},"author":{"name":"Mevi","@id":"https:\/\/mediaviestinta.fi\/#\/schema\/person\/b2da34ab24cfcd17dbdd6c7cfb173257"},"headline":"Mevi ry:n vuosikokous j\u00e4rjestet\u00e4\u00e4n 29.3. klo 15","datePublished":"2022-03-14T07:03:00+00:00","dateModified":"2022-03-17T07:10:20+00:00","mainEntityOfPage":{"@id":"https:\/\/mediaviestinta.fi\/mevi2020\/2022\/03\/mevi-ryn-vuosikokous-jarjestetaan-29-3-klo-15\/"},"wordCount":245,"commentCount":0,"publisher":{"@id":"https:\/\/mediaviestinta.fi\/#organization"},"image":{"@id":"https:\/\/mediaviestinta.fi\/mevi2020\/2022\/03\/mevi-ryn-vuosikokous-jarjestetaan-29-3-klo-15\/#primaryimage"},"thumbnailUrl":"https:\/\/mediaviestinta.fi\/mevi2020\/wp-content\/uploads\/2020\/03\/cropped-mevi-logo-RGB-Transparent-220px.png","keywords":["vuosikokous"],"inLanguage":"fi","potentialAction":[{"@type":"CommentAction","name":"Comment","target":["https:\/\/mediaviestinta.fi\/mevi2020\/2022\/03\/mevi-ryn-vuosikokous-jarjestetaan-29-3-klo-15\/#respond"]}]},{"@type":"WebPage","@id":"https:\/\/mediaviestinta.fi\/mevi2020\/2022\/03\/mevi-ryn-vuosikokous-jarjestetaan-29-3-klo-15\/","url":"https:\/\/mediaviestinta.fi\/mevi2020\/2022\/03\/mevi-ryn-vuosikokous-jarjestetaan-29-3-klo-15\/","name":"Mevi ry:n vuosikokous j\u00e4rjestet\u00e4\u00e4n 29.3. klo 15 &#8211; Mevi","isPartOf":{"@id":"https:\/\/mediaviestinta.fi\/#website"},"primaryImageOfPage":{"@id":"https:\/\/mediaviestinta.fi\/mevi2020\/2022\/03\/mevi-ryn-vuosikokous-jarjestetaan-29-3-klo-15\/#primaryimage"},"image":{"@id":"https:\/\/mediaviestinta.fi\/mevi2020\/2022\/03\/mevi-ryn-vuosikokous-jarjestetaan-29-3-klo-15\/#primaryimage"},"thumbnailUrl":"https:\/\/mediaviestinta.fi\/mevi2020\/wp-content\/uploads\/2020\/03\/cropped-mevi-logo-RGB-Transparent-220px.png","datePublished":"2022-03-14T07:03:00+00:00","dateModified":"2022-03-17T07:10:20+00:00","breadcrumb":{"@id":"https:\/\/mediaviestinta.fi\/mevi2020\/2022\/03\/mevi-ryn-vuosikokous-jarjestetaan-29-3-klo-15\/#breadcrumb"},"inLanguage":"fi","potentialAction":[{"@type":"ReadAction","target":["https:\/\/mediaviestinta.fi\/mevi2020\/2022\/03\/mevi-ryn-vuosikokous-jarjestetaan-29-3-klo-15\/"]}]},{"@type":"ImageObject","inLanguage":"fi","@id":"https:\/\/mediaviestinta.fi\/mevi2020\/2022\/03\/mevi-ryn-vuosikokous-jarjestetaan-29-3-klo-15\/#primaryimage","url":"https:\/\/mediaviestinta.fi\/mevi2020\/wp-content\/uploads\/2020\/03\/cropped-mevi-logo-RGB-Transparent-220px.png","contentUrl":"https:\/\/mediaviestinta.fi\/mevi2020\/wp-content\/uploads\/2020\/03\/cropped-mevi-logo-RGB-Transparent-220px.png","width":220,"height":91},{"@type":"BreadcrumbList","@id":"https:\/\/mediaviestinta.fi\/mevi2020\/2022\/03\/mevi-ryn-vuosikokous-jarjestetaan-29-3-klo-15\/#breadcrumb","itemListElement":[{"@type":"ListItem","position":1,"name":"Home","item":"https:\/\/mediaviestinta.fi\/"},{"@type":"ListItem","position":2,"name":"Mevi ry:n vuosikokous j\u00e4rjestet\u00e4\u00e4n 29.3. klo 15"}]},{"@type":"WebSite","@id":"https:\/\/mediaviestinta.fi\/#website","url":"https:\/\/mediaviestinta.fi\/","name":"Mevi","description":"Media- ja viestint\u00e4tieteellinen seura Mevi","publisher":{"@id":"https:\/\/mediaviestinta.fi\/#organization"},"potentialAction":[{"@type":"SearchAction","target":{"@type":"EntryPoint","urlTemplate":"https:\/\/mediaviestinta.fi\/?s={search_term_string}"},"query-input":{"@type":"PropertyValueSpecification","valueRequired":true,"valueName":"search_term_string"}}],"inLanguage":"fi"},{"@type":"Organization","@id":"https:\/\/mediaviestinta.fi\/#organization","name":"Media- ja viestint\u00e4tieteellinen seura Mevi","url":"https:\/\/mediaviestinta.fi\/","logo":{"@type":"ImageObject","inLanguage":"fi","@id":"https:\/\/mediaviestinta.fi\/#\/schema\/logo\/image\/","url":"https:\/\/mediaviestinta.fi\/mevi2020\/wp-content\/uploads\/2020\/03\/mevi-logo-RGB-Transparent.png","contentUrl":"https:\/\/mediaviestinta.fi\/mevi2020\/wp-content\/uploads\/2020\/03\/mevi-logo-RGB-Transparent.png","width":910,"height":464,"caption":"Media- ja viestint\u00e4tieteellinen seura Mevi"},"image":{"@id":"https:\/\/mediaviestinta.fi\/#\/schema\/logo\/image\/"},"sameAs":["https:\/\/www.facebook.com\/MediaViestinta\/","https:\/\/x.com\/mediaviestinta"]},{"@type":"Person","@id":"https:\/\/mediaviestinta.fi\/#\/schema\/person\/b2da34ab24cfcd17dbdd6c7cfb173257","name":"Mevi","image":{"@type":"ImageObject","inLanguage":"fi","@id":"https:\/\/secure.gravatar.com\/avatar\/3305b76d1667dc119a18808ed03d6a1fc2dfa8b6a1cddecb8c4d27ef14ec32ca?s=96&d=mm&r=g","url":"https:\/\/secure.gravatar.com\/avatar\/3305b76d1667dc119a18808ed03d6a1fc2dfa8b6a1cddecb8c4d27ef14ec32ca?s=96&d=mm&r=g","contentUrl":"https:\/\/secure.gravatar.com\/avatar\/3305b76d1667dc119a18808ed03d6a1fc2dfa8b6a1cddecb8c4d27ef14ec32ca?s=96&d=mm&r=g","caption":"Mevi"},"url":"https:\/\/mediaviestinta.fi\/mevi2020\/author\/mediavie\/"}]}},"_links":{"self":[{"href":"https:\/\/mediaviestinta.fi\/mevi2020\/wp-json\/wp\/v2\/posts\/4699","targetHints":{"allow":["GET"]}}],"collection":[{"href":"https:\/\/mediaviestinta.fi\/mevi2020\/wp-json\/wp\/v2\/posts"}],"about":[{"href":"https:\/\/mediaviestinta.fi\/mevi2020\/wp-json\/wp\/v2\/types\/post"}],"author":[{"embeddable":true,"href":"https:\/\/mediaviestinta.fi\/mevi2020\/wp-json\/wp\/v2\/users\/3"}],"replies":[{"embeddable":true,"href":"https:\/\/mediaviestinta.fi\/mevi2020\/wp-json\/wp\/v2\/comments?post=4699"}],"version-history":[{"count":3,"href":"https:\/\/mediaviestinta.fi\/mevi2020\/wp-json\/wp\/v2\/posts\/4699\/revisions"}],"predecessor-version":[{"id":4704,"href":"https:\/\/mediaviestinta.fi\/mevi2020\/wp-json\/wp\/v2\/posts\/4699\/revisions\/4704"}],"wp:featuredmedia":[{"embeddable":true,"href":"https:\/\/mediaviestinta.fi\/mevi2020\/wp-json\/wp\/v2\/media\/3552"}],"wp:attachment":[{"href":"https:\/\/mediaviestinta.fi\/mevi2020\/wp-json\/wp\/v2\/media?parent=4699"}],"wp:term":[{"taxonomy":"category","embeddable":true,"href":"https:\/\/mediaviestinta.fi\/mevi2020\/wp-json\/wp\/v2\/categories?post=4699"},{"taxonomy":"post_tag","embeddable":true,"href":"https:\/\/mediaviestinta.fi\/mevi2020\/wp-json\/wp\/v2\/tags?post=4699"}],"curies":[{"name":"wp","href":"https:\/\/api.w.org\/{rel}","templated":true}]}}