{"id":4713,"date":"2022-04-12T08:54:11","date_gmt":"2022-04-12T05:54:11","guid":{"rendered":"https:\/\/mediaviestinta.fi\/?p=4713"},"modified":"2022-04-12T08:54:13","modified_gmt":"2022-04-12T05:54:13","slug":"viestintateknologioiden-rooli-nykypaivan-tietotyossa","status":"publish","type":"post","link":"https:\/\/mediaviestinta.fi\/mevi2020\/2022\/04\/viestintateknologioiden-rooli-nykypaivan-tietotyossa\/","title":{"rendered":"Viestint\u00e4teknologioiden rooli nykyp\u00e4iv\u00e4n tietoty\u00f6ss\u00e4"},"content":{"rendered":"\n<p><strong>Tietokoneet ja \u00e4lypuhelimet ovat osa tietoty\u00f6ntekij\u00e4n arkea. Ne mahdollistavat paljon mutta luovat my\u00f6s haasteita, sill\u00e4 keskeytykset, monisuorittaminen ja jatkuva tavoitettavuus voivat olla yhteydess\u00e4 stressiin ja yleiseen hyvinvointiin. Anniina Huusko ja Anu Sivunen tarkastelevat integroivassa kirjallisuuskatsauksessaan <a href=\"https:\/\/journal.fi\/mediaviestinta\/article\/view\/115670\" target=\"_blank\" rel=\"noreferrer noopener\">toimijuus ja osaaminen tietoty\u00f6ss\u00e4<\/a> sit\u00e4, kuinka tietoty\u00f6ntekij\u00e4t hallitsevat viestint\u00e4teknologioiden k\u00e4ytt\u00f6\u00e4\u00e4n tehd\u00e4kseen siit\u00e4 mahdollisimman tuloksellista ja tarkoituksenmukaista. Artikkeli on julkaistu\u00a0<a href=\"https:\/\/journal.fi\/mediaviestinta\/issue\/view\/8009\" target=\"_blank\" rel=\"noreferrer noopener\">Media &amp; viestint\u00e4 -lehdess\u00e4 1\/2022<\/a>.<\/strong><\/p>\n\n\n\n<p><strong>Mihin laajempaan ilmi\u00f6\u00f6n ja keskusteluun artikkelinne liittyy?<\/strong><br>Artikkelimme on kirjallisuuskatsaus, jonka aihe kytkeytyy ty\u00f6h\u00f6n liittyv\u00e4n viestinn\u00e4n teknologiav\u00e4litteisyyteen. Tietoty\u00f6ss\u00e4 jo pidemp\u00e4\u00e4nkin, mutta erityisesti et\u00e4ty\u00f6n lis\u00e4\u00e4ntyess\u00e4, viestint\u00e4 on pitk\u00e4lti teknologiav\u00e4litteist\u00e4, mik\u00e4 tarkoittaa, ett\u00e4 tietoty\u00f6ntekij\u00e4t k\u00e4ytt\u00e4v\u00e4t ty\u00f6ss\u00e4\u00e4n paljon erilaisia digitaalisia viestint\u00e4v\u00e4lineit\u00e4. Aiemman tutkimuksen perusteella t\u00e4m\u00e4 heijastuu moninaisilla tavoilla ty\u00f6ss\u00e4 suoriutumiseen ja ty\u00f6ntekij\u00f6iden hyvinvointiin.<\/p>\n\n\n\n<p><br><strong>Mik\u00e4 on antinne t\u00e4h\u00e4n keskusteluun?<\/strong><br>Artikkelimme tarkastelee teoreettisella tasolla sit\u00e4, miten viestint\u00e4teknologioiden k\u00e4yt\u00f6n hallintaa voisi ty\u00f6ntekij\u00f6iden n\u00e4k\u00f6kulmasta j\u00e4sent\u00e4\u00e4. Kirjallisuudessa kyll\u00e4 osoitetaan, millaisia vaikutuksia viestint\u00e4teknologioiden k\u00e4yt\u00f6ll\u00e4 ty\u00f6ntekij\u00f6ille, vuorovaikutukselle ja organisaatioille on, mutta tutkimuksessa n\u00e4ytt\u00e4isi olevan aukko ty\u00f6ntekij\u00e4n oman toimijuuden kohdalla. Esit\u00e4mme, ett\u00e4 sek\u00e4 teknologiav\u00e4litteisen viestint\u00e4kompetenssin, digitaalisen osaamisen ett\u00e4 medioiden hallinnan j\u00e4sennyksist\u00e4 on l\u00f6ydett\u00e4viss\u00e4 itses\u00e4\u00e4telyn k\u00e4site, joka on olennainen osa tietoty\u00f6ntekij\u00f6iden viestint\u00e4teknologioiden k\u00e4yt\u00f6n hallintaa. Kirjallisuuskatsauksemme perusta on viestint\u00e4tieteellisiss\u00e4 n\u00e4k\u00f6kulmissa, mutta tuomme niiden rinnalle my\u00f6s muiden tieteenalojen kirjallisuutta.<br><br><strong>Mik\u00e4 on artikkelinne keskeinen argumentti?<br><\/strong>Artikkelimme keskeinen argumentti on kaksiosainen. Ensinn\u00e4kin, ty\u00f6h\u00f6n liittyv\u00e4n viestint\u00e4teknologioiden k\u00e4yt\u00f6n ja et\u00e4ty\u00f6n mukanaan tuoman autonomian lis\u00e4\u00e4ntyess\u00e4 tietoty\u00f6ntekij\u00f6iden on entist\u00e4 t\u00e4rke\u00e4mp\u00e4\u00e4 kyet\u00e4 hallitsemaan viestint\u00e4teknologioiden k\u00e4ytt\u00f6\u00e4\u00e4n. Toiseksi, tulevaisuuden (empiirinen) viestinn\u00e4n tutkimus hy\u00f6tyisi yksil\u00f6keskeisen n\u00e4k\u00f6kulman soveltamisesta, sill\u00e4 teknologioita k\u00e4ytet\u00e4\u00e4n my\u00f6s interpersonaalisen vuorovaikutuksen ja ryhm\u00e4viestinn\u00e4n ulkopuolella, jolloin yksil\u00f6lt\u00e4 edellytet\u00e4\u00e4n osin erilaista osaamista ja itses\u00e4\u00e4tely\u00e4 kuin vuorovaikutustilanteissa. T\u00e4h\u00e4n n\u00e4k\u00f6kulmaan pyrimme kirjallisuuskatsauksellamme tarjoamaan k\u00e4sitteellisi\u00e4 ja teoreettisia ty\u00f6kaluja.<br><\/p>\n\n\n\n<p><strong>Mit\u00e4 haluatte artikkelillanne sanoa?<br><\/strong>Haluamme esitt\u00e4\u00e4 ehdotuksen siit\u00e4, kuinka viestint\u00e4teknologioiden k\u00e4ytt\u00f6\u00e4 tietoty\u00f6ss\u00e4 voisi j\u00e4sent\u00e4\u00e4 ja tutkia my\u00f6s tulevaisuudessa. J\u00e4sennyksemme on vasta ensimm\u00e4inen puheenvuoro keskusteluun viestint\u00e4teknologioiden k\u00e4yt\u00f6n hallinnasta, joten haluamme korostaa ennen kaikkea sen potentiaalia tulevan tutkimuksen kannalta.<\/p>\n\n\n\n<p><strong>Mik\u00e4 sai teid\u00e4t tarttumaan t\u00e4h\u00e4n aiheeseen?<br><\/strong>Kirjallisuudessa paikantamamme aukko her\u00e4tti tarpeen t\u00e4llaiselle integroivalle ty\u00f6lle. Halusimme l\u00e4hte\u00e4 selvitt\u00e4m\u00e4\u00e4n, miten tietoty\u00f6ntekij\u00e4n toimijuuteen suhtaudutaan aiemmassa tutkimuksessa ja miten viestint\u00e4teknologioiden k\u00e4yt\u00f6n hallintaa on aiemmin k\u00e4sitteellistetty. P\u00e4\u00e4dyimme aiempaa tutkimusta integroiden rakentamaan oman j\u00e4sennyksemme aiheesta.<\/p>\n\n\n\n<p>(Lauri Haapanen)<\/p>\n","protected":false},"excerpt":{"rendered":"<p>Tietokoneet ja \u00e4lypuhelimet ovat osa tietoty\u00f6ntekij\u00e4n arkea. Ne mahdollistavat paljon mutta luovat my\u00f6s haasteita, sill\u00e4 keskeytykset, monisuorittaminen ja jatkuva tavoitettavuus voivat olla yhteydess\u00e4 stressiin ja yleiseen hyvinvointiin. Anniina&hellip;<\/p>\n","protected":false},"author":3,"featured_media":4719,"comment_status":"open","ping_status":"closed","sticky":false,"template":"","format":"standard","meta":{"_monsterinsights_skip_tracking":false,"_monsterinsights_sitenote_active":false,"_monsterinsights_sitenote_note":"","_monsterinsights_sitenote_category":0,"footnotes":""},"categories":[1],"tags":[241,245,242,244,243],"class_list":["post-4713","post","type-post","status-publish","format-standard","has-post-thumbnail","hentry","category-yleinen","tag-itsesaately","tag-kirjallisuuskatsaus","tag-teknologiavalitteinen-viestintakompetenssi","tag-tietotyo","tag-viestintateknologiat"],"yoast_head":"<!-- This site is optimized with the Yoast SEO plugin v27.5 - https:\/\/yoast.com\/product\/yoast-seo-wordpress\/ -->\n<title>Viestint\u00e4teknologioiden rooli nykyp\u00e4iv\u00e4n tietoty\u00f6ss\u00e4 &#8211; Mevi<\/title>\n<meta name=\"robots\" content=\"index, follow, max-snippet:-1, max-image-preview:large, max-video-preview:-1\" \/>\n<link rel=\"canonical\" href=\"https:\/\/mediaviestinta.fi\/mevi2020\/2022\/04\/viestintateknologioiden-rooli-nykypaivan-tietotyossa\/\" \/>\n<meta property=\"og:locale\" content=\"fi_FI\" \/>\n<meta property=\"og:type\" content=\"article\" \/>\n<meta property=\"og:title\" content=\"Viestint\u00e4teknologioiden rooli nykyp\u00e4iv\u00e4n tietoty\u00f6ss\u00e4 &#8211; Mevi\" \/>\n<meta property=\"og:description\" content=\"Tietokoneet ja \u00e4lypuhelimet ovat osa tietoty\u00f6ntekij\u00e4n arkea. Ne mahdollistavat paljon mutta luovat my\u00f6s haasteita, sill\u00e4 keskeytykset, monisuorittaminen ja jatkuva tavoitettavuus voivat olla yhteydess\u00e4 stressiin ja yleiseen hyvinvointiin. Anniina&hellip;\" \/>\n<meta property=\"og:url\" content=\"https:\/\/mediaviestinta.fi\/mevi2020\/2022\/04\/viestintateknologioiden-rooli-nykypaivan-tietotyossa\/\" \/>\n<meta property=\"og:site_name\" content=\"Mevi\" \/>\n<meta property=\"article:publisher\" content=\"https:\/\/www.facebook.com\/MediaViestinta\/\" \/>\n<meta property=\"article:published_time\" content=\"2022-04-12T05:54:11+00:00\" \/>\n<meta property=\"article:modified_time\" content=\"2022-04-12T05:54:13+00:00\" \/>\n<meta property=\"og:image\" content=\"https:\/\/mediaviestinta.fi\/mevi2020\/wp-content\/uploads\/2022\/04\/vinicius-amnx-amano-Nh3I2dycLmw-unsplash.jpg\" \/>\n\t<meta property=\"og:image:width\" content=\"1920\" \/>\n\t<meta property=\"og:image:height\" content=\"1280\" \/>\n\t<meta property=\"og:image:type\" content=\"image\/jpeg\" \/>\n<meta name=\"author\" content=\"Mevi\" \/>\n<meta name=\"twitter:card\" content=\"summary_large_image\" \/>\n<meta name=\"twitter:creator\" content=\"@mediaviestinta\" \/>\n<meta name=\"twitter:site\" content=\"@mediaviestinta\" \/>\n<meta name=\"twitter:label1\" content=\"Kirjoittanut\" \/>\n\t<meta name=\"twitter:data1\" content=\"Mevi\" \/>\n\t<meta name=\"twitter:label2\" content=\"Arvioitu lukuaika\" \/>\n\t<meta name=\"twitter:data2\" content=\"3 minuuttia\" \/>\n<script type=\"application\/ld+json\" class=\"yoast-schema-graph\">{\"@context\":\"https:\\\/\\\/schema.org\",\"@graph\":[{\"@type\":\"Article\",\"@id\":\"https:\\\/\\\/mediaviestinta.fi\\\/mevi2020\\\/2022\\\/04\\\/viestintateknologioiden-rooli-nykypaivan-tietotyossa\\\/#article\",\"isPartOf\":{\"@id\":\"https:\\\/\\\/mediaviestinta.fi\\\/mevi2020\\\/2022\\\/04\\\/viestintateknologioiden-rooli-nykypaivan-tietotyossa\\\/\"},\"author\":{\"name\":\"Mevi\",\"@id\":\"https:\\\/\\\/mediaviestinta.fi\\\/#\\\/schema\\\/person\\\/b2da34ab24cfcd17dbdd6c7cfb173257\"},\"headline\":\"Viestint\u00e4teknologioiden rooli nykyp\u00e4iv\u00e4n tietoty\u00f6ss\u00e4\",\"datePublished\":\"2022-04-12T05:54:11+00:00\",\"dateModified\":\"2022-04-12T05:54:13+00:00\",\"mainEntityOfPage\":{\"@id\":\"https:\\\/\\\/mediaviestinta.fi\\\/mevi2020\\\/2022\\\/04\\\/viestintateknologioiden-rooli-nykypaivan-tietotyossa\\\/\"},\"wordCount\":470,\"commentCount\":0,\"publisher\":{\"@id\":\"https:\\\/\\\/mediaviestinta.fi\\\/#organization\"},\"image\":{\"@id\":\"https:\\\/\\\/mediaviestinta.fi\\\/mevi2020\\\/2022\\\/04\\\/viestintateknologioiden-rooli-nykypaivan-tietotyossa\\\/#primaryimage\"},\"thumbnailUrl\":\"https:\\\/\\\/mediaviestinta.fi\\\/mevi2020\\\/wp-content\\\/uploads\\\/2022\\\/04\\\/vinicius-amnx-amano-Nh3I2dycLmw-unsplash.jpg\",\"keywords\":[\"itses\u00e4\u00e4tely\",\"kirjallisuuskatsaus\",\"teknologiav\u00e4litteinen viestint\u00e4kompetenssi\",\"tietoty\u00f6\",\"viestint\u00e4teknologiat\"],\"inLanguage\":\"fi\",\"potentialAction\":[{\"@type\":\"CommentAction\",\"name\":\"Comment\",\"target\":[\"https:\\\/\\\/mediaviestinta.fi\\\/mevi2020\\\/2022\\\/04\\\/viestintateknologioiden-rooli-nykypaivan-tietotyossa\\\/#respond\"]}]},{\"@type\":\"WebPage\",\"@id\":\"https:\\\/\\\/mediaviestinta.fi\\\/mevi2020\\\/2022\\\/04\\\/viestintateknologioiden-rooli-nykypaivan-tietotyossa\\\/\",\"url\":\"https:\\\/\\\/mediaviestinta.fi\\\/mevi2020\\\/2022\\\/04\\\/viestintateknologioiden-rooli-nykypaivan-tietotyossa\\\/\",\"name\":\"Viestint\u00e4teknologioiden rooli nykyp\u00e4iv\u00e4n tietoty\u00f6ss\u00e4 &#8211; Mevi\",\"isPartOf\":{\"@id\":\"https:\\\/\\\/mediaviestinta.fi\\\/#website\"},\"primaryImageOfPage\":{\"@id\":\"https:\\\/\\\/mediaviestinta.fi\\\/mevi2020\\\/2022\\\/04\\\/viestintateknologioiden-rooli-nykypaivan-tietotyossa\\\/#primaryimage\"},\"image\":{\"@id\":\"https:\\\/\\\/mediaviestinta.fi\\\/mevi2020\\\/2022\\\/04\\\/viestintateknologioiden-rooli-nykypaivan-tietotyossa\\\/#primaryimage\"},\"thumbnailUrl\":\"https:\\\/\\\/mediaviestinta.fi\\\/mevi2020\\\/wp-content\\\/uploads\\\/2022\\\/04\\\/vinicius-amnx-amano-Nh3I2dycLmw-unsplash.jpg\",\"datePublished\":\"2022-04-12T05:54:11+00:00\",\"dateModified\":\"2022-04-12T05:54:13+00:00\",\"breadcrumb\":{\"@id\":\"https:\\\/\\\/mediaviestinta.fi\\\/mevi2020\\\/2022\\\/04\\\/viestintateknologioiden-rooli-nykypaivan-tietotyossa\\\/#breadcrumb\"},\"inLanguage\":\"fi\",\"potentialAction\":[{\"@type\":\"ReadAction\",\"target\":[\"https:\\\/\\\/mediaviestinta.fi\\\/mevi2020\\\/2022\\\/04\\\/viestintateknologioiden-rooli-nykypaivan-tietotyossa\\\/\"]}]},{\"@type\":\"ImageObject\",\"inLanguage\":\"fi\",\"@id\":\"https:\\\/\\\/mediaviestinta.fi\\\/mevi2020\\\/2022\\\/04\\\/viestintateknologioiden-rooli-nykypaivan-tietotyossa\\\/#primaryimage\",\"url\":\"https:\\\/\\\/mediaviestinta.fi\\\/mevi2020\\\/wp-content\\\/uploads\\\/2022\\\/04\\\/vinicius-amnx-amano-Nh3I2dycLmw-unsplash.jpg\",\"contentUrl\":\"https:\\\/\\\/mediaviestinta.fi\\\/mevi2020\\\/wp-content\\\/uploads\\\/2022\\\/04\\\/vinicius-amnx-amano-Nh3I2dycLmw-unsplash.jpg\",\"width\":1920,\"height\":1280,\"caption\":\"Kuva: Vinicius \\\"amnx\\\" Amano \\\/ Unsplash\"},{\"@type\":\"BreadcrumbList\",\"@id\":\"https:\\\/\\\/mediaviestinta.fi\\\/mevi2020\\\/2022\\\/04\\\/viestintateknologioiden-rooli-nykypaivan-tietotyossa\\\/#breadcrumb\",\"itemListElement\":[{\"@type\":\"ListItem\",\"position\":1,\"name\":\"Home\",\"item\":\"https:\\\/\\\/mediaviestinta.fi\\\/\"},{\"@type\":\"ListItem\",\"position\":2,\"name\":\"Viestint\u00e4teknologioiden rooli nykyp\u00e4iv\u00e4n tietoty\u00f6ss\u00e4\"}]},{\"@type\":\"WebSite\",\"@id\":\"https:\\\/\\\/mediaviestinta.fi\\\/#website\",\"url\":\"https:\\\/\\\/mediaviestinta.fi\\\/\",\"name\":\"Mevi\",\"description\":\"Media- ja viestint\u00e4tieteellinen seura Mevi\",\"publisher\":{\"@id\":\"https:\\\/\\\/mediaviestinta.fi\\\/#organization\"},\"potentialAction\":[{\"@type\":\"SearchAction\",\"target\":{\"@type\":\"EntryPoint\",\"urlTemplate\":\"https:\\\/\\\/mediaviestinta.fi\\\/?s={search_term_string}\"},\"query-input\":{\"@type\":\"PropertyValueSpecification\",\"valueRequired\":true,\"valueName\":\"search_term_string\"}}],\"inLanguage\":\"fi\"},{\"@type\":\"Organization\",\"@id\":\"https:\\\/\\\/mediaviestinta.fi\\\/#organization\",\"name\":\"Media- ja viestint\u00e4tieteellinen seura Mevi\",\"url\":\"https:\\\/\\\/mediaviestinta.fi\\\/\",\"logo\":{\"@type\":\"ImageObject\",\"inLanguage\":\"fi\",\"@id\":\"https:\\\/\\\/mediaviestinta.fi\\\/#\\\/schema\\\/logo\\\/image\\\/\",\"url\":\"https:\\\/\\\/mediaviestinta.fi\\\/mevi2020\\\/wp-content\\\/uploads\\\/2020\\\/03\\\/mevi-logo-RGB-Transparent.png\",\"contentUrl\":\"https:\\\/\\\/mediaviestinta.fi\\\/mevi2020\\\/wp-content\\\/uploads\\\/2020\\\/03\\\/mevi-logo-RGB-Transparent.png\",\"width\":910,\"height\":464,\"caption\":\"Media- ja viestint\u00e4tieteellinen seura Mevi\"},\"image\":{\"@id\":\"https:\\\/\\\/mediaviestinta.fi\\\/#\\\/schema\\\/logo\\\/image\\\/\"},\"sameAs\":[\"https:\\\/\\\/www.facebook.com\\\/MediaViestinta\\\/\",\"https:\\\/\\\/x.com\\\/mediaviestinta\"]},{\"@type\":\"Person\",\"@id\":\"https:\\\/\\\/mediaviestinta.fi\\\/#\\\/schema\\\/person\\\/b2da34ab24cfcd17dbdd6c7cfb173257\",\"name\":\"Mevi\",\"image\":{\"@type\":\"ImageObject\",\"inLanguage\":\"fi\",\"@id\":\"https:\\\/\\\/secure.gravatar.com\\\/avatar\\\/3305b76d1667dc119a18808ed03d6a1fc2dfa8b6a1cddecb8c4d27ef14ec32ca?s=96&d=mm&r=g\",\"url\":\"https:\\\/\\\/secure.gravatar.com\\\/avatar\\\/3305b76d1667dc119a18808ed03d6a1fc2dfa8b6a1cddecb8c4d27ef14ec32ca?s=96&d=mm&r=g\",\"contentUrl\":\"https:\\\/\\\/secure.gravatar.com\\\/avatar\\\/3305b76d1667dc119a18808ed03d6a1fc2dfa8b6a1cddecb8c4d27ef14ec32ca?s=96&d=mm&r=g\",\"caption\":\"Mevi\"},\"url\":\"https:\\\/\\\/mediaviestinta.fi\\\/mevi2020\\\/author\\\/mediavie\\\/\"}]}<\/script>\n<!-- \/ Yoast SEO plugin. -->","yoast_head_json":{"title":"Viestint\u00e4teknologioiden rooli nykyp\u00e4iv\u00e4n tietoty\u00f6ss\u00e4 &#8211; Mevi","robots":{"index":"index","follow":"follow","max-snippet":"max-snippet:-1","max-image-preview":"max-image-preview:large","max-video-preview":"max-video-preview:-1"},"canonical":"https:\/\/mediaviestinta.fi\/mevi2020\/2022\/04\/viestintateknologioiden-rooli-nykypaivan-tietotyossa\/","og_locale":"fi_FI","og_type":"article","og_title":"Viestint\u00e4teknologioiden rooli nykyp\u00e4iv\u00e4n tietoty\u00f6ss\u00e4 &#8211; Mevi","og_description":"Tietokoneet ja \u00e4lypuhelimet ovat osa tietoty\u00f6ntekij\u00e4n arkea. Ne mahdollistavat paljon mutta luovat my\u00f6s haasteita, sill\u00e4 keskeytykset, monisuorittaminen ja jatkuva tavoitettavuus voivat olla yhteydess\u00e4 stressiin ja yleiseen hyvinvointiin. Anniina&hellip;","og_url":"https:\/\/mediaviestinta.fi\/mevi2020\/2022\/04\/viestintateknologioiden-rooli-nykypaivan-tietotyossa\/","og_site_name":"Mevi","article_publisher":"https:\/\/www.facebook.com\/MediaViestinta\/","article_published_time":"2022-04-12T05:54:11+00:00","article_modified_time":"2022-04-12T05:54:13+00:00","og_image":[{"width":1920,"height":1280,"url":"https:\/\/mediaviestinta.fi\/mevi2020\/wp-content\/uploads\/2022\/04\/vinicius-amnx-amano-Nh3I2dycLmw-unsplash.jpg","type":"image\/jpeg"}],"author":"Mevi","twitter_card":"summary_large_image","twitter_creator":"@mediaviestinta","twitter_site":"@mediaviestinta","twitter_misc":{"Kirjoittanut":"Mevi","Arvioitu lukuaika":"3 minuuttia"},"schema":{"@context":"https:\/\/schema.org","@graph":[{"@type":"Article","@id":"https:\/\/mediaviestinta.fi\/mevi2020\/2022\/04\/viestintateknologioiden-rooli-nykypaivan-tietotyossa\/#article","isPartOf":{"@id":"https:\/\/mediaviestinta.fi\/mevi2020\/2022\/04\/viestintateknologioiden-rooli-nykypaivan-tietotyossa\/"},"author":{"name":"Mevi","@id":"https:\/\/mediaviestinta.fi\/#\/schema\/person\/b2da34ab24cfcd17dbdd6c7cfb173257"},"headline":"Viestint\u00e4teknologioiden rooli nykyp\u00e4iv\u00e4n tietoty\u00f6ss\u00e4","datePublished":"2022-04-12T05:54:11+00:00","dateModified":"2022-04-12T05:54:13+00:00","mainEntityOfPage":{"@id":"https:\/\/mediaviestinta.fi\/mevi2020\/2022\/04\/viestintateknologioiden-rooli-nykypaivan-tietotyossa\/"},"wordCount":470,"commentCount":0,"publisher":{"@id":"https:\/\/mediaviestinta.fi\/#organization"},"image":{"@id":"https:\/\/mediaviestinta.fi\/mevi2020\/2022\/04\/viestintateknologioiden-rooli-nykypaivan-tietotyossa\/#primaryimage"},"thumbnailUrl":"https:\/\/mediaviestinta.fi\/mevi2020\/wp-content\/uploads\/2022\/04\/vinicius-amnx-amano-Nh3I2dycLmw-unsplash.jpg","keywords":["itses\u00e4\u00e4tely","kirjallisuuskatsaus","teknologiav\u00e4litteinen viestint\u00e4kompetenssi","tietoty\u00f6","viestint\u00e4teknologiat"],"inLanguage":"fi","potentialAction":[{"@type":"CommentAction","name":"Comment","target":["https:\/\/mediaviestinta.fi\/mevi2020\/2022\/04\/viestintateknologioiden-rooli-nykypaivan-tietotyossa\/#respond"]}]},{"@type":"WebPage","@id":"https:\/\/mediaviestinta.fi\/mevi2020\/2022\/04\/viestintateknologioiden-rooli-nykypaivan-tietotyossa\/","url":"https:\/\/mediaviestinta.fi\/mevi2020\/2022\/04\/viestintateknologioiden-rooli-nykypaivan-tietotyossa\/","name":"Viestint\u00e4teknologioiden rooli nykyp\u00e4iv\u00e4n tietoty\u00f6ss\u00e4 &#8211; Mevi","isPartOf":{"@id":"https:\/\/mediaviestinta.fi\/#website"},"primaryImageOfPage":{"@id":"https:\/\/mediaviestinta.fi\/mevi2020\/2022\/04\/viestintateknologioiden-rooli-nykypaivan-tietotyossa\/#primaryimage"},"image":{"@id":"https:\/\/mediaviestinta.fi\/mevi2020\/2022\/04\/viestintateknologioiden-rooli-nykypaivan-tietotyossa\/#primaryimage"},"thumbnailUrl":"https:\/\/mediaviestinta.fi\/mevi2020\/wp-content\/uploads\/2022\/04\/vinicius-amnx-amano-Nh3I2dycLmw-unsplash.jpg","datePublished":"2022-04-12T05:54:11+00:00","dateModified":"2022-04-12T05:54:13+00:00","breadcrumb":{"@id":"https:\/\/mediaviestinta.fi\/mevi2020\/2022\/04\/viestintateknologioiden-rooli-nykypaivan-tietotyossa\/#breadcrumb"},"inLanguage":"fi","potentialAction":[{"@type":"ReadAction","target":["https:\/\/mediaviestinta.fi\/mevi2020\/2022\/04\/viestintateknologioiden-rooli-nykypaivan-tietotyossa\/"]}]},{"@type":"ImageObject","inLanguage":"fi","@id":"https:\/\/mediaviestinta.fi\/mevi2020\/2022\/04\/viestintateknologioiden-rooli-nykypaivan-tietotyossa\/#primaryimage","url":"https:\/\/mediaviestinta.fi\/mevi2020\/wp-content\/uploads\/2022\/04\/vinicius-amnx-amano-Nh3I2dycLmw-unsplash.jpg","contentUrl":"https:\/\/mediaviestinta.fi\/mevi2020\/wp-content\/uploads\/2022\/04\/vinicius-amnx-amano-Nh3I2dycLmw-unsplash.jpg","width":1920,"height":1280,"caption":"Kuva: Vinicius \"amnx\" Amano \/ Unsplash"},{"@type":"BreadcrumbList","@id":"https:\/\/mediaviestinta.fi\/mevi2020\/2022\/04\/viestintateknologioiden-rooli-nykypaivan-tietotyossa\/#breadcrumb","itemListElement":[{"@type":"ListItem","position":1,"name":"Home","item":"https:\/\/mediaviestinta.fi\/"},{"@type":"ListItem","position":2,"name":"Viestint\u00e4teknologioiden rooli nykyp\u00e4iv\u00e4n tietoty\u00f6ss\u00e4"}]},{"@type":"WebSite","@id":"https:\/\/mediaviestinta.fi\/#website","url":"https:\/\/mediaviestinta.fi\/","name":"Mevi","description":"Media- ja viestint\u00e4tieteellinen seura Mevi","publisher":{"@id":"https:\/\/mediaviestinta.fi\/#organization"},"potentialAction":[{"@type":"SearchAction","target":{"@type":"EntryPoint","urlTemplate":"https:\/\/mediaviestinta.fi\/?s={search_term_string}"},"query-input":{"@type":"PropertyValueSpecification","valueRequired":true,"valueName":"search_term_string"}}],"inLanguage":"fi"},{"@type":"Organization","@id":"https:\/\/mediaviestinta.fi\/#organization","name":"Media- ja viestint\u00e4tieteellinen seura Mevi","url":"https:\/\/mediaviestinta.fi\/","logo":{"@type":"ImageObject","inLanguage":"fi","@id":"https:\/\/mediaviestinta.fi\/#\/schema\/logo\/image\/","url":"https:\/\/mediaviestinta.fi\/mevi2020\/wp-content\/uploads\/2020\/03\/mevi-logo-RGB-Transparent.png","contentUrl":"https:\/\/mediaviestinta.fi\/mevi2020\/wp-content\/uploads\/2020\/03\/mevi-logo-RGB-Transparent.png","width":910,"height":464,"caption":"Media- ja viestint\u00e4tieteellinen seura Mevi"},"image":{"@id":"https:\/\/mediaviestinta.fi\/#\/schema\/logo\/image\/"},"sameAs":["https:\/\/www.facebook.com\/MediaViestinta\/","https:\/\/x.com\/mediaviestinta"]},{"@type":"Person","@id":"https:\/\/mediaviestinta.fi\/#\/schema\/person\/b2da34ab24cfcd17dbdd6c7cfb173257","name":"Mevi","image":{"@type":"ImageObject","inLanguage":"fi","@id":"https:\/\/secure.gravatar.com\/avatar\/3305b76d1667dc119a18808ed03d6a1fc2dfa8b6a1cddecb8c4d27ef14ec32ca?s=96&d=mm&r=g","url":"https:\/\/secure.gravatar.com\/avatar\/3305b76d1667dc119a18808ed03d6a1fc2dfa8b6a1cddecb8c4d27ef14ec32ca?s=96&d=mm&r=g","contentUrl":"https:\/\/secure.gravatar.com\/avatar\/3305b76d1667dc119a18808ed03d6a1fc2dfa8b6a1cddecb8c4d27ef14ec32ca?s=96&d=mm&r=g","caption":"Mevi"},"url":"https:\/\/mediaviestinta.fi\/mevi2020\/author\/mediavie\/"}]}},"_links":{"self":[{"href":"https:\/\/mediaviestinta.fi\/mevi2020\/wp-json\/wp\/v2\/posts\/4713","targetHints":{"allow":["GET"]}}],"collection":[{"href":"https:\/\/mediaviestinta.fi\/mevi2020\/wp-json\/wp\/v2\/posts"}],"about":[{"href":"https:\/\/mediaviestinta.fi\/mevi2020\/wp-json\/wp\/v2\/types\/post"}],"author":[{"embeddable":true,"href":"https:\/\/mediaviestinta.fi\/mevi2020\/wp-json\/wp\/v2\/users\/3"}],"replies":[{"embeddable":true,"href":"https:\/\/mediaviestinta.fi\/mevi2020\/wp-json\/wp\/v2\/comments?post=4713"}],"version-history":[{"count":5,"href":"https:\/\/mediaviestinta.fi\/mevi2020\/wp-json\/wp\/v2\/posts\/4713\/revisions"}],"predecessor-version":[{"id":4718,"href":"https:\/\/mediaviestinta.fi\/mevi2020\/wp-json\/wp\/v2\/posts\/4713\/revisions\/4718"}],"wp:featuredmedia":[{"embeddable":true,"href":"https:\/\/mediaviestinta.fi\/mevi2020\/wp-json\/wp\/v2\/media\/4719"}],"wp:attachment":[{"href":"https:\/\/mediaviestinta.fi\/mevi2020\/wp-json\/wp\/v2\/media?parent=4713"}],"wp:term":[{"taxonomy":"category","embeddable":true,"href":"https:\/\/mediaviestinta.fi\/mevi2020\/wp-json\/wp\/v2\/categories?post=4713"},{"taxonomy":"post_tag","embeddable":true,"href":"https:\/\/mediaviestinta.fi\/mevi2020\/wp-json\/wp\/v2\/tags?post=4713"}],"curies":[{"name":"wp","href":"https:\/\/api.w.org\/{rel}","templated":true}]}}