{"id":4721,"date":"2022-04-24T14:03:00","date_gmt":"2022-04-24T11:03:00","guid":{"rendered":"https:\/\/mediaviestinta.fi\/?p=4721"},"modified":"2022-04-29T14:05:39","modified_gmt":"2022-04-29T11:05:39","slug":"koronapadot-purkautuivat-150-mevilaista-tapasi-aurinkoisessa-turussa%ef%bf%bc","status":"publish","type":"post","link":"https:\/\/mediaviestinta.fi\/mevi2020\/2022\/04\/koronapadot-purkautuivat-150-mevilaista-tapasi-aurinkoisessa-turussa%ef%bf%bc\/","title":{"rendered":"Koronapadot purkautuivat \u2013\u00a0 150 mevil\u00e4ist\u00e4 tapasi aurinkoisessa Turussa"},"content":{"rendered":"\n<p><strong>\u00a0\u201cHyvin toimivat j\u00e4rjestelyt, kiinnostava sis\u00e4lt\u00f6, kes\u00e4inen kaupunki, el\u00e4v\u00e4t ihmiset!\u201d T\u00e4m\u00e4 palaute kiteytt\u00e4\u00e4 Mevi-p\u00e4iville osallistuneiden tuntemukset.<\/strong><\/p>\n\n\n\n<p>Median- ja viestinn\u00e4ntutkimuksen p\u00e4iv\u00e4t houkutteli Turkuun l\u00e4hes 150 suomalaista tutkijaa ja alan opiskelijaa. Vieraiden suuressa m\u00e4\u00e4r\u00e4ss\u00e4 n\u00e4kyi &#8211; ja k\u00e4yt\u00e4v\u00e4puheissa ja palautteissa sanallistui &#8211; patoutunut tarve ja halu tavata kollegoita kasvotusten. Hyvin monelle&nbsp; t\u00e4m\u00e4 oli varmastikin ensimm\u00e4inen paikan p\u00e4\u00e4ll\u00e4 j\u00e4rjestetty konferenssi yli kahteen vuoteen.<\/p>\n\n\n\n<p>\u201cSuomalaiset kollegat olivat l\u00e4hteneet eritt\u00e4in hyv\u00e4ll\u00e4 prosentilla liikkeelle, joten Mevi-p\u00e4iv\u00e4t merkkasi jonkinlaista pandemian p\u00e4\u00e4t\u00f6st\u00e4 ja et\u00e4ilyn loppua: tuntui yht\u00e4 aikaa tosi tutulta (t\u00e4mm\u00f6ist\u00e4h\u00e4n t\u00e4m\u00e4 ty\u00f6 tosiaan olikin!) ja toisaalta poikkeukselliselta (tuntui, ett\u00e4 ihmiset arvostivat l\u00e4sn\u00e4oloa nyt aidosti enemm\u00e4n kuin aiemmin).\u201d summattiin er\u00e4\u00e4ss\u00e4 palautteessa.<\/p>\n\n\n\n<p>Kaksip\u00e4iv\u00e4isen, 22.-23. huhtikuuta j\u00e4rjestetyn konferenssin teemana oli Media ja vastuu, mink\u00e4 puitteissa kuultiin 85 esitelm\u00e4\u00e4, <strong>Karin Wahl-Jorgensenin<\/strong> ja <strong>Johan Farkasin<\/strong> p\u00e4\u00e4puheenvuorot sek\u00e4 Turun Kaupunginkirjastolla j\u00e4rjestetty avoin paneelikeskustelu, jossa konferenssin teemasta olivat keskustelemassa <strong>Tiina Raevaara<\/strong>, <strong>Atte J\u00e4\u00e4skel\u00e4inen<\/strong> ja <strong>Salla-Maria Laaksonen<\/strong>.<\/p>\n\n\n\n<p>\u201cErinomaiset keynotet, hyv\u00e4t ty\u00f6ryhm\u00e4t, mukavia ihmisi\u00e4 ja mainiot bileet &#8211; tanssiminen kruunasi koko homman!\u201d er\u00e4\u00e4ss\u00e4 palautteessa todettiin konferenssi-illallista seuranneeseen discoiluun viitaten (ks. kuva). T\u00e4ss\u00e4 viel\u00e4 yksi palaute, jonka my\u00f6t\u00e4 alamme odottaa seuraavia Mevi2024-p\u00e4ivi\u00e4.<\/p>\n\n\n\n<p>\u201cArvokkaista palasista muodostuu hyv\u00e4ss\u00e4 seurassa hieno kokonaisuus.\u201d<\/p>\n\n\n\n<figure class=\"wp-block-image size-large\"><img fetchpriority=\"high\" decoding=\"async\" width=\"1024\" height=\"768\" src=\"https:\/\/mediaviestinta.fi\/mevi2020\/wp-content\/uploads\/2022\/04\/Tanzzia-1024x768.jpg\" alt=\"\" class=\"wp-image-4724\" srcset=\"https:\/\/mediaviestinta.fi\/mevi2020\/wp-content\/uploads\/2022\/04\/Tanzzia-1024x768.jpg 1024w, https:\/\/mediaviestinta.fi\/mevi2020\/wp-content\/uploads\/2022\/04\/Tanzzia-300x225.jpg 300w, https:\/\/mediaviestinta.fi\/mevi2020\/wp-content\/uploads\/2022\/04\/Tanzzia-768x576.jpg 768w, https:\/\/mediaviestinta.fi\/mevi2020\/wp-content\/uploads\/2022\/04\/Tanzzia-1536x1152.jpg 1536w, https:\/\/mediaviestinta.fi\/mevi2020\/wp-content\/uploads\/2022\/04\/Tanzzia-2048x1536.jpg 2048w, https:\/\/mediaviestinta.fi\/mevi2020\/wp-content\/uploads\/2022\/04\/Tanzzia-540x405.jpg 540w, https:\/\/mediaviestinta.fi\/mevi2020\/wp-content\/uploads\/2022\/04\/Tanzzia-1080x810.jpg 1080w, https:\/\/mediaviestinta.fi\/mevi2020\/wp-content\/uploads\/2022\/04\/Tanzzia-1980x1485.jpg 1980w\" sizes=\"(max-width: 1024px) 100vw, 1024px\" \/><figcaption>Tunnelmakuvaa Mevi-p\u00e4ivien konferenssi-illallisen discosta.<\/figcaption><\/figure>\n","protected":false},"excerpt":{"rendered":"<p>\u00a0\u201cHyvin toimivat j\u00e4rjestelyt, kiinnostava sis\u00e4lt\u00f6, kes\u00e4inen kaupunki, el\u00e4v\u00e4t ihmiset!\u201d T\u00e4m\u00e4 palaute kiteytt\u00e4\u00e4 Mevi-p\u00e4iville osallistuneiden tuntemukset. Median- ja viestinn\u00e4ntutkimuksen p\u00e4iv\u00e4t houkutteli Turkuun l\u00e4hes 150 suomalaista tutkijaa ja alan opiskelijaa.&hellip;<\/p>\n","protected":false},"author":3,"featured_media":4723,"comment_status":"open","ping_status":"closed","sticky":false,"template":"","format":"standard","meta":{"_monsterinsights_skip_tracking":false,"_monsterinsights_sitenote_active":false,"_monsterinsights_sitenote_note":"","_monsterinsights_sitenote_category":0,"footnotes":""},"categories":[1],"tags":[55,246,57],"class_list":["post-4721","post","type-post","status-publish","format-standard","has-post-thumbnail","hentry","category-yleinen","tag-mevi-paivat","tag-suomen-turku","tag-turku"],"yoast_head":"<!-- This site is optimized with the Yoast SEO plugin v27.5 - https:\/\/yoast.com\/product\/yoast-seo-wordpress\/ -->\n<title>Koronapadot purkautuivat \u2013\u00a0 150 mevil\u00e4ist\u00e4 tapasi aurinkoisessa Turussa &#8211; Mevi<\/title>\n<meta name=\"robots\" content=\"index, follow, max-snippet:-1, max-image-preview:large, max-video-preview:-1\" \/>\n<link rel=\"canonical\" href=\"https:\/\/mediaviestinta.fi\/2022\/04\/koronapadot-purkautuivat-150-mevilaista-tapasi-aurinkoisessa-turussa\ufffc\/\" \/>\n<meta property=\"og:locale\" content=\"fi_FI\" \/>\n<meta property=\"og:type\" content=\"article\" \/>\n<meta property=\"og:title\" content=\"Koronapadot purkautuivat \u2013\u00a0 150 mevil\u00e4ist\u00e4 tapasi aurinkoisessa Turussa &#8211; Mevi\" \/>\n<meta property=\"og:description\" content=\"\u00a0\u201cHyvin toimivat j\u00e4rjestelyt, kiinnostava sis\u00e4lt\u00f6, kes\u00e4inen kaupunki, el\u00e4v\u00e4t ihmiset!\u201d T\u00e4m\u00e4 palaute kiteytt\u00e4\u00e4 Mevi-p\u00e4iville osallistuneiden tuntemukset. Median- ja viestinn\u00e4ntutkimuksen p\u00e4iv\u00e4t houkutteli Turkuun l\u00e4hes 150 suomalaista tutkijaa ja alan opiskelijaa.&hellip;\" \/>\n<meta property=\"og:url\" content=\"https:\/\/mediaviestinta.fi\/2022\/04\/koronapadot-purkautuivat-150-mevilaista-tapasi-aurinkoisessa-turussa\ufffc\/\" \/>\n<meta property=\"og:site_name\" content=\"Mevi\" \/>\n<meta property=\"article:publisher\" content=\"https:\/\/www.facebook.com\/MediaViestinta\/\" \/>\n<meta property=\"article:published_time\" content=\"2022-04-24T11:03:00+00:00\" \/>\n<meta property=\"article:modified_time\" content=\"2022-04-29T11:05:39+00:00\" \/>\n<meta property=\"og:image\" content=\"https:\/\/mediaviestinta.fi\/mevi2020\/wp-content\/uploads\/2022\/04\/mevi-paneeli-scaled.jpg\" \/>\n\t<meta property=\"og:image:width\" content=\"2560\" \/>\n\t<meta property=\"og:image:height\" content=\"1735\" \/>\n\t<meta property=\"og:image:type\" content=\"image\/jpeg\" \/>\n<meta name=\"author\" content=\"Mevi\" \/>\n<meta name=\"twitter:card\" content=\"summary_large_image\" \/>\n<meta name=\"twitter:creator\" content=\"@mediaviestinta\" \/>\n<meta name=\"twitter:site\" content=\"@mediaviestinta\" \/>\n<meta name=\"twitter:label1\" content=\"Kirjoittanut\" \/>\n\t<meta name=\"twitter:data1\" content=\"Mevi\" \/>\n\t<meta name=\"twitter:label2\" content=\"Arvioitu lukuaika\" \/>\n\t<meta name=\"twitter:data2\" content=\"2 minuuttia\" \/>\n<script type=\"application\/ld+json\" class=\"yoast-schema-graph\">{\"@context\":\"https:\\\/\\\/schema.org\",\"@graph\":[{\"@type\":\"Article\",\"@id\":\"https:\\\/\\\/mediaviestinta.fi\\\/2022\\\/04\\\/koronapadot-purkautuivat-150-mevilaista-tapasi-aurinkoisessa-turussa%ef%bf%bc\\\/#article\",\"isPartOf\":{\"@id\":\"https:\\\/\\\/mediaviestinta.fi\\\/2022\\\/04\\\/koronapadot-purkautuivat-150-mevilaista-tapasi-aurinkoisessa-turussa%ef%bf%bc\\\/\"},\"author\":{\"name\":\"Mevi\",\"@id\":\"https:\\\/\\\/mediaviestinta.fi\\\/#\\\/schema\\\/person\\\/b2da34ab24cfcd17dbdd6c7cfb173257\"},\"headline\":\"Koronapadot purkautuivat \u2013\u00a0 150 mevil\u00e4ist\u00e4 tapasi aurinkoisessa Turussa\",\"datePublished\":\"2022-04-24T11:03:00+00:00\",\"dateModified\":\"2022-04-29T11:05:39+00:00\",\"mainEntityOfPage\":{\"@id\":\"https:\\\/\\\/mediaviestinta.fi\\\/2022\\\/04\\\/koronapadot-purkautuivat-150-mevilaista-tapasi-aurinkoisessa-turussa%ef%bf%bc\\\/\"},\"wordCount\":246,\"commentCount\":0,\"publisher\":{\"@id\":\"https:\\\/\\\/mediaviestinta.fi\\\/#organization\"},\"image\":{\"@id\":\"https:\\\/\\\/mediaviestinta.fi\\\/2022\\\/04\\\/koronapadot-purkautuivat-150-mevilaista-tapasi-aurinkoisessa-turussa%ef%bf%bc\\\/#primaryimage\"},\"thumbnailUrl\":\"https:\\\/\\\/mediaviestinta.fi\\\/mevi2020\\\/wp-content\\\/uploads\\\/2022\\\/04\\\/mevi-paneeli-scaled.jpg\",\"keywords\":[\"mevi-p\u00e4iv\u00e4t\",\"Suomen-Turku\",\"turku\"],\"inLanguage\":\"fi\",\"potentialAction\":[{\"@type\":\"CommentAction\",\"name\":\"Comment\",\"target\":[\"https:\\\/\\\/mediaviestinta.fi\\\/2022\\\/04\\\/koronapadot-purkautuivat-150-mevilaista-tapasi-aurinkoisessa-turussa%ef%bf%bc\\\/#respond\"]}]},{\"@type\":\"WebPage\",\"@id\":\"https:\\\/\\\/mediaviestinta.fi\\\/2022\\\/04\\\/koronapadot-purkautuivat-150-mevilaista-tapasi-aurinkoisessa-turussa%ef%bf%bc\\\/\",\"url\":\"https:\\\/\\\/mediaviestinta.fi\\\/2022\\\/04\\\/koronapadot-purkautuivat-150-mevilaista-tapasi-aurinkoisessa-turussa%ef%bf%bc\\\/\",\"name\":\"Koronapadot purkautuivat \u2013\u00a0 150 mevil\u00e4ist\u00e4 tapasi aurinkoisessa Turussa &#8211; Mevi\",\"isPartOf\":{\"@id\":\"https:\\\/\\\/mediaviestinta.fi\\\/#website\"},\"primaryImageOfPage\":{\"@id\":\"https:\\\/\\\/mediaviestinta.fi\\\/2022\\\/04\\\/koronapadot-purkautuivat-150-mevilaista-tapasi-aurinkoisessa-turussa%ef%bf%bc\\\/#primaryimage\"},\"image\":{\"@id\":\"https:\\\/\\\/mediaviestinta.fi\\\/2022\\\/04\\\/koronapadot-purkautuivat-150-mevilaista-tapasi-aurinkoisessa-turussa%ef%bf%bc\\\/#primaryimage\"},\"thumbnailUrl\":\"https:\\\/\\\/mediaviestinta.fi\\\/mevi2020\\\/wp-content\\\/uploads\\\/2022\\\/04\\\/mevi-paneeli-scaled.jpg\",\"datePublished\":\"2022-04-24T11:03:00+00:00\",\"dateModified\":\"2022-04-29T11:05:39+00:00\",\"breadcrumb\":{\"@id\":\"https:\\\/\\\/mediaviestinta.fi\\\/2022\\\/04\\\/koronapadot-purkautuivat-150-mevilaista-tapasi-aurinkoisessa-turussa%ef%bf%bc\\\/#breadcrumb\"},\"inLanguage\":\"fi\",\"potentialAction\":[{\"@type\":\"ReadAction\",\"target\":[\"https:\\\/\\\/mediaviestinta.fi\\\/2022\\\/04\\\/koronapadot-purkautuivat-150-mevilaista-tapasi-aurinkoisessa-turussa%ef%bf%bc\\\/\"]}]},{\"@type\":\"ImageObject\",\"inLanguage\":\"fi\",\"@id\":\"https:\\\/\\\/mediaviestinta.fi\\\/2022\\\/04\\\/koronapadot-purkautuivat-150-mevilaista-tapasi-aurinkoisessa-turussa%ef%bf%bc\\\/#primaryimage\",\"url\":\"https:\\\/\\\/mediaviestinta.fi\\\/mevi2020\\\/wp-content\\\/uploads\\\/2022\\\/04\\\/mevi-paneeli-scaled.jpg\",\"contentUrl\":\"https:\\\/\\\/mediaviestinta.fi\\\/mevi2020\\\/wp-content\\\/uploads\\\/2022\\\/04\\\/mevi-paneeli-scaled.jpg\",\"width\":2560,\"height\":1735,\"caption\":\"Turun kaupunginkirjastolla pidetyn paneelikeskustelun juonsi Mevi-veteraani, median ja journalismin tutkija Mikko Hautakangas. Keskustelijoina olivat kirjailija ja tiedeblogisti Tiina Raevaara, opetus- ja kulttuuriministeri\u00f6n ylijohtaja Atte J\u00e4\u00e4skel\u00e4inen sek\u00e4 viestinn\u00e4n ja teknologian tutkija Salla-Maaria Laaksonen.\"},{\"@type\":\"BreadcrumbList\",\"@id\":\"https:\\\/\\\/mediaviestinta.fi\\\/2022\\\/04\\\/koronapadot-purkautuivat-150-mevilaista-tapasi-aurinkoisessa-turussa%ef%bf%bc\\\/#breadcrumb\",\"itemListElement\":[{\"@type\":\"ListItem\",\"position\":1,\"name\":\"Home\",\"item\":\"https:\\\/\\\/mediaviestinta.fi\\\/\"},{\"@type\":\"ListItem\",\"position\":2,\"name\":\"Koronapadot purkautuivat \u2013\u00a0 150 mevil\u00e4ist\u00e4 tapasi aurinkoisessa Turussa\"}]},{\"@type\":\"WebSite\",\"@id\":\"https:\\\/\\\/mediaviestinta.fi\\\/#website\",\"url\":\"https:\\\/\\\/mediaviestinta.fi\\\/\",\"name\":\"Mevi\",\"description\":\"Media- ja viestint\u00e4tieteellinen seura Mevi\",\"publisher\":{\"@id\":\"https:\\\/\\\/mediaviestinta.fi\\\/#organization\"},\"potentialAction\":[{\"@type\":\"SearchAction\",\"target\":{\"@type\":\"EntryPoint\",\"urlTemplate\":\"https:\\\/\\\/mediaviestinta.fi\\\/?s={search_term_string}\"},\"query-input\":{\"@type\":\"PropertyValueSpecification\",\"valueRequired\":true,\"valueName\":\"search_term_string\"}}],\"inLanguage\":\"fi\"},{\"@type\":\"Organization\",\"@id\":\"https:\\\/\\\/mediaviestinta.fi\\\/#organization\",\"name\":\"Media- ja viestint\u00e4tieteellinen seura Mevi\",\"url\":\"https:\\\/\\\/mediaviestinta.fi\\\/\",\"logo\":{\"@type\":\"ImageObject\",\"inLanguage\":\"fi\",\"@id\":\"https:\\\/\\\/mediaviestinta.fi\\\/#\\\/schema\\\/logo\\\/image\\\/\",\"url\":\"https:\\\/\\\/mediaviestinta.fi\\\/mevi2020\\\/wp-content\\\/uploads\\\/2020\\\/03\\\/mevi-logo-RGB-Transparent.png\",\"contentUrl\":\"https:\\\/\\\/mediaviestinta.fi\\\/mevi2020\\\/wp-content\\\/uploads\\\/2020\\\/03\\\/mevi-logo-RGB-Transparent.png\",\"width\":910,\"height\":464,\"caption\":\"Media- ja viestint\u00e4tieteellinen seura Mevi\"},\"image\":{\"@id\":\"https:\\\/\\\/mediaviestinta.fi\\\/#\\\/schema\\\/logo\\\/image\\\/\"},\"sameAs\":[\"https:\\\/\\\/www.facebook.com\\\/MediaViestinta\\\/\",\"https:\\\/\\\/x.com\\\/mediaviestinta\"]},{\"@type\":\"Person\",\"@id\":\"https:\\\/\\\/mediaviestinta.fi\\\/#\\\/schema\\\/person\\\/b2da34ab24cfcd17dbdd6c7cfb173257\",\"name\":\"Mevi\",\"image\":{\"@type\":\"ImageObject\",\"inLanguage\":\"fi\",\"@id\":\"https:\\\/\\\/secure.gravatar.com\\\/avatar\\\/3305b76d1667dc119a18808ed03d6a1fc2dfa8b6a1cddecb8c4d27ef14ec32ca?s=96&d=mm&r=g\",\"url\":\"https:\\\/\\\/secure.gravatar.com\\\/avatar\\\/3305b76d1667dc119a18808ed03d6a1fc2dfa8b6a1cddecb8c4d27ef14ec32ca?s=96&d=mm&r=g\",\"contentUrl\":\"https:\\\/\\\/secure.gravatar.com\\\/avatar\\\/3305b76d1667dc119a18808ed03d6a1fc2dfa8b6a1cddecb8c4d27ef14ec32ca?s=96&d=mm&r=g\",\"caption\":\"Mevi\"},\"url\":\"https:\\\/\\\/mediaviestinta.fi\\\/mevi2020\\\/author\\\/mediavie\\\/\"}]}<\/script>\n<!-- \/ Yoast SEO plugin. -->","yoast_head_json":{"title":"Koronapadot purkautuivat \u2013\u00a0 150 mevil\u00e4ist\u00e4 tapasi aurinkoisessa Turussa &#8211; Mevi","robots":{"index":"index","follow":"follow","max-snippet":"max-snippet:-1","max-image-preview":"max-image-preview:large","max-video-preview":"max-video-preview:-1"},"canonical":"https:\/\/mediaviestinta.fi\/2022\/04\/koronapadot-purkautuivat-150-mevilaista-tapasi-aurinkoisessa-turussa\ufffc\/","og_locale":"fi_FI","og_type":"article","og_title":"Koronapadot purkautuivat \u2013\u00a0 150 mevil\u00e4ist\u00e4 tapasi aurinkoisessa Turussa &#8211; Mevi","og_description":"\u00a0\u201cHyvin toimivat j\u00e4rjestelyt, kiinnostava sis\u00e4lt\u00f6, kes\u00e4inen kaupunki, el\u00e4v\u00e4t ihmiset!\u201d T\u00e4m\u00e4 palaute kiteytt\u00e4\u00e4 Mevi-p\u00e4iville osallistuneiden tuntemukset. Median- ja viestinn\u00e4ntutkimuksen p\u00e4iv\u00e4t houkutteli Turkuun l\u00e4hes 150 suomalaista tutkijaa ja alan opiskelijaa.&hellip;","og_url":"https:\/\/mediaviestinta.fi\/2022\/04\/koronapadot-purkautuivat-150-mevilaista-tapasi-aurinkoisessa-turussa\ufffc\/","og_site_name":"Mevi","article_publisher":"https:\/\/www.facebook.com\/MediaViestinta\/","article_published_time":"2022-04-24T11:03:00+00:00","article_modified_time":"2022-04-29T11:05:39+00:00","og_image":[{"width":2560,"height":1735,"url":"https:\/\/mediaviestinta.fi\/mevi2020\/wp-content\/uploads\/2022\/04\/mevi-paneeli-scaled.jpg","type":"image\/jpeg"}],"author":"Mevi","twitter_card":"summary_large_image","twitter_creator":"@mediaviestinta","twitter_site":"@mediaviestinta","twitter_misc":{"Kirjoittanut":"Mevi","Arvioitu lukuaika":"2 minuuttia"},"schema":{"@context":"https:\/\/schema.org","@graph":[{"@type":"Article","@id":"https:\/\/mediaviestinta.fi\/2022\/04\/koronapadot-purkautuivat-150-mevilaista-tapasi-aurinkoisessa-turussa%ef%bf%bc\/#article","isPartOf":{"@id":"https:\/\/mediaviestinta.fi\/2022\/04\/koronapadot-purkautuivat-150-mevilaista-tapasi-aurinkoisessa-turussa%ef%bf%bc\/"},"author":{"name":"Mevi","@id":"https:\/\/mediaviestinta.fi\/#\/schema\/person\/b2da34ab24cfcd17dbdd6c7cfb173257"},"headline":"Koronapadot purkautuivat \u2013\u00a0 150 mevil\u00e4ist\u00e4 tapasi aurinkoisessa Turussa","datePublished":"2022-04-24T11:03:00+00:00","dateModified":"2022-04-29T11:05:39+00:00","mainEntityOfPage":{"@id":"https:\/\/mediaviestinta.fi\/2022\/04\/koronapadot-purkautuivat-150-mevilaista-tapasi-aurinkoisessa-turussa%ef%bf%bc\/"},"wordCount":246,"commentCount":0,"publisher":{"@id":"https:\/\/mediaviestinta.fi\/#organization"},"image":{"@id":"https:\/\/mediaviestinta.fi\/2022\/04\/koronapadot-purkautuivat-150-mevilaista-tapasi-aurinkoisessa-turussa%ef%bf%bc\/#primaryimage"},"thumbnailUrl":"https:\/\/mediaviestinta.fi\/mevi2020\/wp-content\/uploads\/2022\/04\/mevi-paneeli-scaled.jpg","keywords":["mevi-p\u00e4iv\u00e4t","Suomen-Turku","turku"],"inLanguage":"fi","potentialAction":[{"@type":"CommentAction","name":"Comment","target":["https:\/\/mediaviestinta.fi\/2022\/04\/koronapadot-purkautuivat-150-mevilaista-tapasi-aurinkoisessa-turussa%ef%bf%bc\/#respond"]}]},{"@type":"WebPage","@id":"https:\/\/mediaviestinta.fi\/2022\/04\/koronapadot-purkautuivat-150-mevilaista-tapasi-aurinkoisessa-turussa%ef%bf%bc\/","url":"https:\/\/mediaviestinta.fi\/2022\/04\/koronapadot-purkautuivat-150-mevilaista-tapasi-aurinkoisessa-turussa%ef%bf%bc\/","name":"Koronapadot purkautuivat \u2013\u00a0 150 mevil\u00e4ist\u00e4 tapasi aurinkoisessa Turussa &#8211; Mevi","isPartOf":{"@id":"https:\/\/mediaviestinta.fi\/#website"},"primaryImageOfPage":{"@id":"https:\/\/mediaviestinta.fi\/2022\/04\/koronapadot-purkautuivat-150-mevilaista-tapasi-aurinkoisessa-turussa%ef%bf%bc\/#primaryimage"},"image":{"@id":"https:\/\/mediaviestinta.fi\/2022\/04\/koronapadot-purkautuivat-150-mevilaista-tapasi-aurinkoisessa-turussa%ef%bf%bc\/#primaryimage"},"thumbnailUrl":"https:\/\/mediaviestinta.fi\/mevi2020\/wp-content\/uploads\/2022\/04\/mevi-paneeli-scaled.jpg","datePublished":"2022-04-24T11:03:00+00:00","dateModified":"2022-04-29T11:05:39+00:00","breadcrumb":{"@id":"https:\/\/mediaviestinta.fi\/2022\/04\/koronapadot-purkautuivat-150-mevilaista-tapasi-aurinkoisessa-turussa%ef%bf%bc\/#breadcrumb"},"inLanguage":"fi","potentialAction":[{"@type":"ReadAction","target":["https:\/\/mediaviestinta.fi\/2022\/04\/koronapadot-purkautuivat-150-mevilaista-tapasi-aurinkoisessa-turussa%ef%bf%bc\/"]}]},{"@type":"ImageObject","inLanguage":"fi","@id":"https:\/\/mediaviestinta.fi\/2022\/04\/koronapadot-purkautuivat-150-mevilaista-tapasi-aurinkoisessa-turussa%ef%bf%bc\/#primaryimage","url":"https:\/\/mediaviestinta.fi\/mevi2020\/wp-content\/uploads\/2022\/04\/mevi-paneeli-scaled.jpg","contentUrl":"https:\/\/mediaviestinta.fi\/mevi2020\/wp-content\/uploads\/2022\/04\/mevi-paneeli-scaled.jpg","width":2560,"height":1735,"caption":"Turun kaupunginkirjastolla pidetyn paneelikeskustelun juonsi Mevi-veteraani, median ja journalismin tutkija Mikko Hautakangas. Keskustelijoina olivat kirjailija ja tiedeblogisti Tiina Raevaara, opetus- ja kulttuuriministeri\u00f6n ylijohtaja Atte J\u00e4\u00e4skel\u00e4inen sek\u00e4 viestinn\u00e4n ja teknologian tutkija Salla-Maaria Laaksonen."},{"@type":"BreadcrumbList","@id":"https:\/\/mediaviestinta.fi\/2022\/04\/koronapadot-purkautuivat-150-mevilaista-tapasi-aurinkoisessa-turussa%ef%bf%bc\/#breadcrumb","itemListElement":[{"@type":"ListItem","position":1,"name":"Home","item":"https:\/\/mediaviestinta.fi\/"},{"@type":"ListItem","position":2,"name":"Koronapadot purkautuivat \u2013\u00a0 150 mevil\u00e4ist\u00e4 tapasi aurinkoisessa Turussa"}]},{"@type":"WebSite","@id":"https:\/\/mediaviestinta.fi\/#website","url":"https:\/\/mediaviestinta.fi\/","name":"Mevi","description":"Media- ja viestint\u00e4tieteellinen seura Mevi","publisher":{"@id":"https:\/\/mediaviestinta.fi\/#organization"},"potentialAction":[{"@type":"SearchAction","target":{"@type":"EntryPoint","urlTemplate":"https:\/\/mediaviestinta.fi\/?s={search_term_string}"},"query-input":{"@type":"PropertyValueSpecification","valueRequired":true,"valueName":"search_term_string"}}],"inLanguage":"fi"},{"@type":"Organization","@id":"https:\/\/mediaviestinta.fi\/#organization","name":"Media- ja viestint\u00e4tieteellinen seura Mevi","url":"https:\/\/mediaviestinta.fi\/","logo":{"@type":"ImageObject","inLanguage":"fi","@id":"https:\/\/mediaviestinta.fi\/#\/schema\/logo\/image\/","url":"https:\/\/mediaviestinta.fi\/mevi2020\/wp-content\/uploads\/2020\/03\/mevi-logo-RGB-Transparent.png","contentUrl":"https:\/\/mediaviestinta.fi\/mevi2020\/wp-content\/uploads\/2020\/03\/mevi-logo-RGB-Transparent.png","width":910,"height":464,"caption":"Media- ja viestint\u00e4tieteellinen seura Mevi"},"image":{"@id":"https:\/\/mediaviestinta.fi\/#\/schema\/logo\/image\/"},"sameAs":["https:\/\/www.facebook.com\/MediaViestinta\/","https:\/\/x.com\/mediaviestinta"]},{"@type":"Person","@id":"https:\/\/mediaviestinta.fi\/#\/schema\/person\/b2da34ab24cfcd17dbdd6c7cfb173257","name":"Mevi","image":{"@type":"ImageObject","inLanguage":"fi","@id":"https:\/\/secure.gravatar.com\/avatar\/3305b76d1667dc119a18808ed03d6a1fc2dfa8b6a1cddecb8c4d27ef14ec32ca?s=96&d=mm&r=g","url":"https:\/\/secure.gravatar.com\/avatar\/3305b76d1667dc119a18808ed03d6a1fc2dfa8b6a1cddecb8c4d27ef14ec32ca?s=96&d=mm&r=g","contentUrl":"https:\/\/secure.gravatar.com\/avatar\/3305b76d1667dc119a18808ed03d6a1fc2dfa8b6a1cddecb8c4d27ef14ec32ca?s=96&d=mm&r=g","caption":"Mevi"},"url":"https:\/\/mediaviestinta.fi\/mevi2020\/author\/mediavie\/"}]}},"_links":{"self":[{"href":"https:\/\/mediaviestinta.fi\/mevi2020\/wp-json\/wp\/v2\/posts\/4721","targetHints":{"allow":["GET"]}}],"collection":[{"href":"https:\/\/mediaviestinta.fi\/mevi2020\/wp-json\/wp\/v2\/posts"}],"about":[{"href":"https:\/\/mediaviestinta.fi\/mevi2020\/wp-json\/wp\/v2\/types\/post"}],"author":[{"embeddable":true,"href":"https:\/\/mediaviestinta.fi\/mevi2020\/wp-json\/wp\/v2\/users\/3"}],"replies":[{"embeddable":true,"href":"https:\/\/mediaviestinta.fi\/mevi2020\/wp-json\/wp\/v2\/comments?post=4721"}],"version-history":[{"count":3,"href":"https:\/\/mediaviestinta.fi\/mevi2020\/wp-json\/wp\/v2\/posts\/4721\/revisions"}],"predecessor-version":[{"id":4726,"href":"https:\/\/mediaviestinta.fi\/mevi2020\/wp-json\/wp\/v2\/posts\/4721\/revisions\/4726"}],"wp:featuredmedia":[{"embeddable":true,"href":"https:\/\/mediaviestinta.fi\/mevi2020\/wp-json\/wp\/v2\/media\/4723"}],"wp:attachment":[{"href":"https:\/\/mediaviestinta.fi\/mevi2020\/wp-json\/wp\/v2\/media?parent=4721"}],"wp:term":[{"taxonomy":"category","embeddable":true,"href":"https:\/\/mediaviestinta.fi\/mevi2020\/wp-json\/wp\/v2\/categories?post=4721"},{"taxonomy":"post_tag","embeddable":true,"href":"https:\/\/mediaviestinta.fi\/mevi2020\/wp-json\/wp\/v2\/tags?post=4721"}],"curies":[{"name":"wp","href":"https:\/\/api.w.org\/{rel}","templated":true}]}}