{"id":4762,"date":"2022-08-22T22:26:04","date_gmt":"2022-08-22T19:26:04","guid":{"rendered":"https:\/\/mediaviestinta.fi\/?p=4762"},"modified":"2022-08-22T22:26:25","modified_gmt":"2022-08-22T19:26:25","slug":"miten-perustuslakivaliokunta-hallitsee-suhdettaan-mediaan","status":"publish","type":"post","link":"https:\/\/mediaviestinta.fi\/mevi2020\/2022\/08\/miten-perustuslakivaliokunta-hallitsee-suhdettaan-mediaan\/","title":{"rendered":"Miten perustuslakivaliokunta hallitsee suhdettaan mediaan?"},"content":{"rendered":"\n<p><strong>Yhteiskunta medioituu, ja se vaikuttaa my\u00f6s eduskunnan perustuslakivaliokunnan ty\u00f6skentelyyn. Timo Harjuniemen, Maija Dahlbergin ja Anu Kantolan artikkeli <a href=\"https:\/\/journal.fi\/mediaviestinta\/article\/view\/120274\" target=\"_blank\" rel=\"noreferrer noopener\">Eduskunnan perustuslakivaliokunnan suhde mediajulkisuuteen<\/a> n\u00e4ytt\u00e4\u00e4, kuinka valiokunta yritt\u00e4\u00e4 suojata p\u00e4\u00e4t\u00f6ksentekoaan medialta ja julkisuudelta. &#8221;N\u00e4in toimiessaan se pyrkii est\u00e4m\u00e4\u00e4n perustuslain tulkinnan politisoitumisen julkisuudessa&#8221;, tutkijat kirjoittavat <a href=\"https:\/\/journal.fi\/mediaviestinta\/issue\/view\/8472\" target=\"_blank\" rel=\"noreferrer noopener\">Media &amp; viestint\u00e4 -lehdess\u00e4 2\/2022<\/a> julkaistussa artikkelissaan.<\/strong><\/p>\n\n\n\n<p><strong>Mihin laajempaan ilmi\u00f6\u00f6n ja keskusteluun artikkelinne liittyy?<br><\/strong>Artikkelimme keskittyy suomalaiseen perustuslainmukaisuuden valvonnan mediajulkisuuteen. Yleisemmin teema kytkeytyy perustuslakivalvonnan l\u00e4pin\u00e4kyvyys- ja legitiimisyyskysymyksiin.<\/p>\n\n\n\n<p><strong>Mik\u00e4 on antinne t\u00e4h\u00e4n keskusteluun?<br><\/strong>Artikkelissamme selvit\u00e4mme perustuslakivaliokunnan j\u00e4senten, virkamiesten ja asiantuntijoiden teemahaastatteluiden avulla, miten media ja julkisuus vaikuttavat valiokunnan ty\u00f6skentelyyn. Keskeinen tutkimustuloksemme on, ett\u00e4 median ja julkisuuden paineet vaikuttavat perustuslain tulkintaty\u00f6h\u00f6n. Lis\u00e4ksi tuomme ilmi, miten valiokunta pyrkii suojaamaan p\u00e4\u00e4t\u00f6ksentekoaan medialta ja julkisuudelta. Valiokuntaa suojaavat formaalit s\u00e4\u00e4nn\u00f6t. Valiokunta kokoustaa suljettujen ovien takana, eik\u00e4 keskener\u00e4isist\u00e4 valiokunta-asioista tule keskustella mediajulkisuudessa. Osoitamme kuitenkin, ett\u00e4 valiokuntaa suojellaan my\u00f6s ep\u00e4virallisin k\u00e4yt\u00e4nn\u00f6in: keskustelemalla valiokunnan julkisuusk\u00e4yt\u00e4nn\u00f6ist\u00e4, keskitt\u00e4m\u00e4ll\u00e4 viestint\u00e4\u00e4 ja jopa sulkemalla valiokuntaty\u00f6n ulkopuolelle asiantuntijoita, jotka eiv\u00e4t sitoudu valiokunnan sanattomiin sopimuksiin.<\/p>\n\n\n\n<p><strong>Mik\u00e4 on artikkelinne keskeinen argumentti?<\/strong><br>Keskeinen argumenttimme on, ett\u00e4 ep\u00e4virallisilla, usein huonosti tunnetuilla julkisuusk\u00e4yt\u00e4nn\u00f6ill\u00e4 on keskeinen rooli varjeltaessa perustuslakivaliokuntaa medialta ja julkisuudelta.<\/p>\n\n\n\n<p><strong>Mit\u00e4 haluatte artikkelillanne sanoa?<br><\/strong>Perustuslain tulkitseminen on t\u00e4rke\u00e4 kysymys. Suomessa se on poikkeuksellisesti p\u00e4\u00e4osin eduskunnan k\u00e4siss\u00e4. Monissa muissa maissa tulkinta on uskottu tuomioistuimille. Suomalaisen j\u00e4rjestelm\u00e4n vahvuutena on, ett\u00e4 lakiehdotuksien perustuslainmukaisuudesta saadaan kannanotto jo siin\u00e4 vaiheessa, kun lakeja s\u00e4\u00e4det\u00e4\u00e4n. Toisaalta perustuslakivaliokunta on osin my\u00f6s poliittinen instituutio, mik\u00e4 aiheuttaa kitkaa oikeudellisen harkinnan ja poliittisten pyrkimysten v\u00e4lill\u00e4. Onkin t\u00e4rke\u00e4\u00e4 tutkia niit\u00e4 k\u00e4yt\u00e4nt\u00f6j\u00e4, joiden varaan valiokunnan ty\u00f6 rakentuu.<\/p>\n\n\n\n<p><strong>Kenen kannattaa lukea artikkelinne?<\/strong><br>Kaikkien, joita kiinnostaa se, miten ja mink\u00e4laisessa menettelyss\u00e4 perustuslakia Suomessa tulkitaan.<\/p>\n\n\n\n<p><strong>Mik\u00e4 sai teid\u00e4t tarttumaan t\u00e4h\u00e4n aiheeseen?<br><\/strong>Perustuslain tulkinnasta on noussut monia julkisia kohuja viime vuosina, ja siit\u00e4 on k\u00e4yty v\u00e4lill\u00e4 kovaakin keskustelua. Asiaan on vaikuttanut oikeudellisten asiantuntijoiden roolin nousu: some tarjoaa uudella tavalla n\u00e4kyvyytt\u00e4 keskustelulle. T\u00e4h\u00e4n menness\u00e4 tutkimus on ollut ennen muuta oikeustieteellist\u00e4. Koimme, ett\u00e4 on tarvetta tutkimukselle, jossa tarkastellaan medioiden roolia ja menn\u00e4\u00e4n sis\u00e4ll\u00e4 valiokunnan toimintaan. T\u00e4llaista tutkimusta ei ole juurikaan tehty.<\/p>\n\n\n\n<p>(Lauri Haapanen)<\/p>\n","protected":false},"excerpt":{"rendered":"<p>Yhteiskunta medioituu, ja se vaikuttaa my\u00f6s eduskunnan perustuslakivaliokunnan ty\u00f6skentelyyn. Timo Harjuniemen, Maija Dahlbergin ja Anu Kantolan artikkeli Eduskunnan perustuslakivaliokunnan suhde mediajulkisuuteen n\u00e4ytt\u00e4\u00e4, kuinka valiokunta yritt\u00e4\u00e4 suojata p\u00e4\u00e4t\u00f6ksentekoaan medialta&hellip;<\/p>\n","protected":false},"author":3,"featured_media":4764,"comment_status":"open","ping_status":"closed","sticky":false,"template":"","format":"standard","meta":{"_monsterinsights_skip_tracking":false,"_monsterinsights_sitenote_active":false,"_monsterinsights_sitenote_note":"","_monsterinsights_sitenote_category":0,"footnotes":""},"categories":[1],"tags":[255,256],"class_list":["post-4762","post","type-post","status-publish","format-standard","has-post-thumbnail","hentry","category-yleinen","tag-perustuslaki","tag-perustuslakivaliokunta"],"yoast_head":"<!-- This site is optimized with the Yoast SEO plugin v27.5 - https:\/\/yoast.com\/product\/yoast-seo-wordpress\/ -->\n<title>Miten perustuslakivaliokunta hallitsee suhdettaan mediaan? &#8211; Mevi<\/title>\n<meta name=\"robots\" content=\"index, follow, max-snippet:-1, max-image-preview:large, max-video-preview:-1\" \/>\n<link rel=\"canonical\" href=\"https:\/\/mediaviestinta.fi\/mevi2020\/2022\/08\/miten-perustuslakivaliokunta-hallitsee-suhdettaan-mediaan\/\" \/>\n<meta property=\"og:locale\" content=\"fi_FI\" \/>\n<meta property=\"og:type\" content=\"article\" \/>\n<meta property=\"og:title\" content=\"Miten perustuslakivaliokunta hallitsee suhdettaan mediaan? &#8211; Mevi\" \/>\n<meta property=\"og:description\" content=\"Yhteiskunta medioituu, ja se vaikuttaa my\u00f6s eduskunnan perustuslakivaliokunnan ty\u00f6skentelyyn. Timo Harjuniemen, Maija Dahlbergin ja Anu Kantolan artikkeli Eduskunnan perustuslakivaliokunnan suhde mediajulkisuuteen n\u00e4ytt\u00e4\u00e4, kuinka valiokunta yritt\u00e4\u00e4 suojata p\u00e4\u00e4t\u00f6ksentekoaan medialta&hellip;\" \/>\n<meta property=\"og:url\" content=\"https:\/\/mediaviestinta.fi\/mevi2020\/2022\/08\/miten-perustuslakivaliokunta-hallitsee-suhdettaan-mediaan\/\" \/>\n<meta property=\"og:site_name\" content=\"Mevi\" \/>\n<meta property=\"article:publisher\" content=\"https:\/\/www.facebook.com\/MediaViestinta\/\" \/>\n<meta property=\"article:published_time\" content=\"2022-08-22T19:26:04+00:00\" \/>\n<meta property=\"article:modified_time\" content=\"2022-08-22T19:26:25+00:00\" \/>\n<meta property=\"og:image\" content=\"https:\/\/mediaviestinta.fi\/mevi2020\/wp-content\/uploads\/2022\/08\/1280px-Eduskunta_istuntosali.jpg\" \/>\n\t<meta property=\"og:image:width\" content=\"1280\" \/>\n\t<meta property=\"og:image:height\" content=\"855\" \/>\n\t<meta property=\"og:image:type\" content=\"image\/jpeg\" \/>\n<meta name=\"author\" content=\"Mevi\" \/>\n<meta name=\"twitter:card\" content=\"summary_large_image\" \/>\n<meta name=\"twitter:creator\" content=\"@mediaviestinta\" \/>\n<meta name=\"twitter:site\" content=\"@mediaviestinta\" \/>\n<meta name=\"twitter:label1\" content=\"Kirjoittanut\" \/>\n\t<meta name=\"twitter:data1\" content=\"Mevi\" \/>\n\t<meta name=\"twitter:label2\" content=\"Arvioitu lukuaika\" \/>\n\t<meta name=\"twitter:data2\" content=\"2 minuuttia\" \/>\n<script type=\"application\/ld+json\" class=\"yoast-schema-graph\">{\"@context\":\"https:\\\/\\\/schema.org\",\"@graph\":[{\"@type\":\"Article\",\"@id\":\"https:\\\/\\\/mediaviestinta.fi\\\/mevi2020\\\/2022\\\/08\\\/miten-perustuslakivaliokunta-hallitsee-suhdettaan-mediaan\\\/#article\",\"isPartOf\":{\"@id\":\"https:\\\/\\\/mediaviestinta.fi\\\/mevi2020\\\/2022\\\/08\\\/miten-perustuslakivaliokunta-hallitsee-suhdettaan-mediaan\\\/\"},\"author\":{\"name\":\"Mevi\",\"@id\":\"https:\\\/\\\/mediaviestinta.fi\\\/#\\\/schema\\\/person\\\/b2da34ab24cfcd17dbdd6c7cfb173257\"},\"headline\":\"Miten perustuslakivaliokunta hallitsee suhdettaan mediaan?\",\"datePublished\":\"2022-08-22T19:26:04+00:00\",\"dateModified\":\"2022-08-22T19:26:25+00:00\",\"mainEntityOfPage\":{\"@id\":\"https:\\\/\\\/mediaviestinta.fi\\\/mevi2020\\\/2022\\\/08\\\/miten-perustuslakivaliokunta-hallitsee-suhdettaan-mediaan\\\/\"},\"wordCount\":386,\"commentCount\":0,\"publisher\":{\"@id\":\"https:\\\/\\\/mediaviestinta.fi\\\/#organization\"},\"image\":{\"@id\":\"https:\\\/\\\/mediaviestinta.fi\\\/mevi2020\\\/2022\\\/08\\\/miten-perustuslakivaliokunta-hallitsee-suhdettaan-mediaan\\\/#primaryimage\"},\"thumbnailUrl\":\"https:\\\/\\\/mediaviestinta.fi\\\/mevi2020\\\/wp-content\\\/uploads\\\/2022\\\/08\\\/1280px-Eduskunta_istuntosali.jpg\",\"keywords\":[\"perustuslaki\",\"perustuslakivaliokunta\"],\"inLanguage\":\"fi\",\"potentialAction\":[{\"@type\":\"CommentAction\",\"name\":\"Comment\",\"target\":[\"https:\\\/\\\/mediaviestinta.fi\\\/mevi2020\\\/2022\\\/08\\\/miten-perustuslakivaliokunta-hallitsee-suhdettaan-mediaan\\\/#respond\"]}]},{\"@type\":\"WebPage\",\"@id\":\"https:\\\/\\\/mediaviestinta.fi\\\/mevi2020\\\/2022\\\/08\\\/miten-perustuslakivaliokunta-hallitsee-suhdettaan-mediaan\\\/\",\"url\":\"https:\\\/\\\/mediaviestinta.fi\\\/mevi2020\\\/2022\\\/08\\\/miten-perustuslakivaliokunta-hallitsee-suhdettaan-mediaan\\\/\",\"name\":\"Miten perustuslakivaliokunta hallitsee suhdettaan mediaan? &#8211; Mevi\",\"isPartOf\":{\"@id\":\"https:\\\/\\\/mediaviestinta.fi\\\/#website\"},\"primaryImageOfPage\":{\"@id\":\"https:\\\/\\\/mediaviestinta.fi\\\/mevi2020\\\/2022\\\/08\\\/miten-perustuslakivaliokunta-hallitsee-suhdettaan-mediaan\\\/#primaryimage\"},\"image\":{\"@id\":\"https:\\\/\\\/mediaviestinta.fi\\\/mevi2020\\\/2022\\\/08\\\/miten-perustuslakivaliokunta-hallitsee-suhdettaan-mediaan\\\/#primaryimage\"},\"thumbnailUrl\":\"https:\\\/\\\/mediaviestinta.fi\\\/mevi2020\\\/wp-content\\\/uploads\\\/2022\\\/08\\\/1280px-Eduskunta_istuntosali.jpg\",\"datePublished\":\"2022-08-22T19:26:04+00:00\",\"dateModified\":\"2022-08-22T19:26:25+00:00\",\"breadcrumb\":{\"@id\":\"https:\\\/\\\/mediaviestinta.fi\\\/mevi2020\\\/2022\\\/08\\\/miten-perustuslakivaliokunta-hallitsee-suhdettaan-mediaan\\\/#breadcrumb\"},\"inLanguage\":\"fi\",\"potentialAction\":[{\"@type\":\"ReadAction\",\"target\":[\"https:\\\/\\\/mediaviestinta.fi\\\/mevi2020\\\/2022\\\/08\\\/miten-perustuslakivaliokunta-hallitsee-suhdettaan-mediaan\\\/\"]}]},{\"@type\":\"ImageObject\",\"inLanguage\":\"fi\",\"@id\":\"https:\\\/\\\/mediaviestinta.fi\\\/mevi2020\\\/2022\\\/08\\\/miten-perustuslakivaliokunta-hallitsee-suhdettaan-mediaan\\\/#primaryimage\",\"url\":\"https:\\\/\\\/mediaviestinta.fi\\\/mevi2020\\\/wp-content\\\/uploads\\\/2022\\\/08\\\/1280px-Eduskunta_istuntosali.jpg\",\"contentUrl\":\"https:\\\/\\\/mediaviestinta.fi\\\/mevi2020\\\/wp-content\\\/uploads\\\/2022\\\/08\\\/1280px-Eduskunta_istuntosali.jpg\",\"width\":1280,\"height\":855,\"caption\":\"Eduskunnan istuntosali. Kuva: Tiina Tuukkanen (CC BY-SA 4.0)\"},{\"@type\":\"BreadcrumbList\",\"@id\":\"https:\\\/\\\/mediaviestinta.fi\\\/mevi2020\\\/2022\\\/08\\\/miten-perustuslakivaliokunta-hallitsee-suhdettaan-mediaan\\\/#breadcrumb\",\"itemListElement\":[{\"@type\":\"ListItem\",\"position\":1,\"name\":\"Home\",\"item\":\"https:\\\/\\\/mediaviestinta.fi\\\/\"},{\"@type\":\"ListItem\",\"position\":2,\"name\":\"Miten perustuslakivaliokunta hallitsee suhdettaan mediaan?\"}]},{\"@type\":\"WebSite\",\"@id\":\"https:\\\/\\\/mediaviestinta.fi\\\/#website\",\"url\":\"https:\\\/\\\/mediaviestinta.fi\\\/\",\"name\":\"Mevi\",\"description\":\"Media- ja viestint\u00e4tieteellinen seura Mevi\",\"publisher\":{\"@id\":\"https:\\\/\\\/mediaviestinta.fi\\\/#organization\"},\"potentialAction\":[{\"@type\":\"SearchAction\",\"target\":{\"@type\":\"EntryPoint\",\"urlTemplate\":\"https:\\\/\\\/mediaviestinta.fi\\\/?s={search_term_string}\"},\"query-input\":{\"@type\":\"PropertyValueSpecification\",\"valueRequired\":true,\"valueName\":\"search_term_string\"}}],\"inLanguage\":\"fi\"},{\"@type\":\"Organization\",\"@id\":\"https:\\\/\\\/mediaviestinta.fi\\\/#organization\",\"name\":\"Media- ja viestint\u00e4tieteellinen seura Mevi\",\"url\":\"https:\\\/\\\/mediaviestinta.fi\\\/\",\"logo\":{\"@type\":\"ImageObject\",\"inLanguage\":\"fi\",\"@id\":\"https:\\\/\\\/mediaviestinta.fi\\\/#\\\/schema\\\/logo\\\/image\\\/\",\"url\":\"https:\\\/\\\/mediaviestinta.fi\\\/mevi2020\\\/wp-content\\\/uploads\\\/2020\\\/03\\\/mevi-logo-RGB-Transparent.png\",\"contentUrl\":\"https:\\\/\\\/mediaviestinta.fi\\\/mevi2020\\\/wp-content\\\/uploads\\\/2020\\\/03\\\/mevi-logo-RGB-Transparent.png\",\"width\":910,\"height\":464,\"caption\":\"Media- ja viestint\u00e4tieteellinen seura Mevi\"},\"image\":{\"@id\":\"https:\\\/\\\/mediaviestinta.fi\\\/#\\\/schema\\\/logo\\\/image\\\/\"},\"sameAs\":[\"https:\\\/\\\/www.facebook.com\\\/MediaViestinta\\\/\",\"https:\\\/\\\/x.com\\\/mediaviestinta\"]},{\"@type\":\"Person\",\"@id\":\"https:\\\/\\\/mediaviestinta.fi\\\/#\\\/schema\\\/person\\\/b2da34ab24cfcd17dbdd6c7cfb173257\",\"name\":\"Mevi\",\"image\":{\"@type\":\"ImageObject\",\"inLanguage\":\"fi\",\"@id\":\"https:\\\/\\\/secure.gravatar.com\\\/avatar\\\/3305b76d1667dc119a18808ed03d6a1fc2dfa8b6a1cddecb8c4d27ef14ec32ca?s=96&d=mm&r=g\",\"url\":\"https:\\\/\\\/secure.gravatar.com\\\/avatar\\\/3305b76d1667dc119a18808ed03d6a1fc2dfa8b6a1cddecb8c4d27ef14ec32ca?s=96&d=mm&r=g\",\"contentUrl\":\"https:\\\/\\\/secure.gravatar.com\\\/avatar\\\/3305b76d1667dc119a18808ed03d6a1fc2dfa8b6a1cddecb8c4d27ef14ec32ca?s=96&d=mm&r=g\",\"caption\":\"Mevi\"},\"url\":\"https:\\\/\\\/mediaviestinta.fi\\\/mevi2020\\\/author\\\/mediavie\\\/\"}]}<\/script>\n<!-- \/ Yoast SEO plugin. -->","yoast_head_json":{"title":"Miten perustuslakivaliokunta hallitsee suhdettaan mediaan? &#8211; Mevi","robots":{"index":"index","follow":"follow","max-snippet":"max-snippet:-1","max-image-preview":"max-image-preview:large","max-video-preview":"max-video-preview:-1"},"canonical":"https:\/\/mediaviestinta.fi\/mevi2020\/2022\/08\/miten-perustuslakivaliokunta-hallitsee-suhdettaan-mediaan\/","og_locale":"fi_FI","og_type":"article","og_title":"Miten perustuslakivaliokunta hallitsee suhdettaan mediaan? &#8211; Mevi","og_description":"Yhteiskunta medioituu, ja se vaikuttaa my\u00f6s eduskunnan perustuslakivaliokunnan ty\u00f6skentelyyn. Timo Harjuniemen, Maija Dahlbergin ja Anu Kantolan artikkeli Eduskunnan perustuslakivaliokunnan suhde mediajulkisuuteen n\u00e4ytt\u00e4\u00e4, kuinka valiokunta yritt\u00e4\u00e4 suojata p\u00e4\u00e4t\u00f6ksentekoaan medialta&hellip;","og_url":"https:\/\/mediaviestinta.fi\/mevi2020\/2022\/08\/miten-perustuslakivaliokunta-hallitsee-suhdettaan-mediaan\/","og_site_name":"Mevi","article_publisher":"https:\/\/www.facebook.com\/MediaViestinta\/","article_published_time":"2022-08-22T19:26:04+00:00","article_modified_time":"2022-08-22T19:26:25+00:00","og_image":[{"width":1280,"height":855,"url":"https:\/\/mediaviestinta.fi\/mevi2020\/wp-content\/uploads\/2022\/08\/1280px-Eduskunta_istuntosali.jpg","type":"image\/jpeg"}],"author":"Mevi","twitter_card":"summary_large_image","twitter_creator":"@mediaviestinta","twitter_site":"@mediaviestinta","twitter_misc":{"Kirjoittanut":"Mevi","Arvioitu lukuaika":"2 minuuttia"},"schema":{"@context":"https:\/\/schema.org","@graph":[{"@type":"Article","@id":"https:\/\/mediaviestinta.fi\/mevi2020\/2022\/08\/miten-perustuslakivaliokunta-hallitsee-suhdettaan-mediaan\/#article","isPartOf":{"@id":"https:\/\/mediaviestinta.fi\/mevi2020\/2022\/08\/miten-perustuslakivaliokunta-hallitsee-suhdettaan-mediaan\/"},"author":{"name":"Mevi","@id":"https:\/\/mediaviestinta.fi\/#\/schema\/person\/b2da34ab24cfcd17dbdd6c7cfb173257"},"headline":"Miten perustuslakivaliokunta hallitsee suhdettaan mediaan?","datePublished":"2022-08-22T19:26:04+00:00","dateModified":"2022-08-22T19:26:25+00:00","mainEntityOfPage":{"@id":"https:\/\/mediaviestinta.fi\/mevi2020\/2022\/08\/miten-perustuslakivaliokunta-hallitsee-suhdettaan-mediaan\/"},"wordCount":386,"commentCount":0,"publisher":{"@id":"https:\/\/mediaviestinta.fi\/#organization"},"image":{"@id":"https:\/\/mediaviestinta.fi\/mevi2020\/2022\/08\/miten-perustuslakivaliokunta-hallitsee-suhdettaan-mediaan\/#primaryimage"},"thumbnailUrl":"https:\/\/mediaviestinta.fi\/mevi2020\/wp-content\/uploads\/2022\/08\/1280px-Eduskunta_istuntosali.jpg","keywords":["perustuslaki","perustuslakivaliokunta"],"inLanguage":"fi","potentialAction":[{"@type":"CommentAction","name":"Comment","target":["https:\/\/mediaviestinta.fi\/mevi2020\/2022\/08\/miten-perustuslakivaliokunta-hallitsee-suhdettaan-mediaan\/#respond"]}]},{"@type":"WebPage","@id":"https:\/\/mediaviestinta.fi\/mevi2020\/2022\/08\/miten-perustuslakivaliokunta-hallitsee-suhdettaan-mediaan\/","url":"https:\/\/mediaviestinta.fi\/mevi2020\/2022\/08\/miten-perustuslakivaliokunta-hallitsee-suhdettaan-mediaan\/","name":"Miten perustuslakivaliokunta hallitsee suhdettaan mediaan? &#8211; Mevi","isPartOf":{"@id":"https:\/\/mediaviestinta.fi\/#website"},"primaryImageOfPage":{"@id":"https:\/\/mediaviestinta.fi\/mevi2020\/2022\/08\/miten-perustuslakivaliokunta-hallitsee-suhdettaan-mediaan\/#primaryimage"},"image":{"@id":"https:\/\/mediaviestinta.fi\/mevi2020\/2022\/08\/miten-perustuslakivaliokunta-hallitsee-suhdettaan-mediaan\/#primaryimage"},"thumbnailUrl":"https:\/\/mediaviestinta.fi\/mevi2020\/wp-content\/uploads\/2022\/08\/1280px-Eduskunta_istuntosali.jpg","datePublished":"2022-08-22T19:26:04+00:00","dateModified":"2022-08-22T19:26:25+00:00","breadcrumb":{"@id":"https:\/\/mediaviestinta.fi\/mevi2020\/2022\/08\/miten-perustuslakivaliokunta-hallitsee-suhdettaan-mediaan\/#breadcrumb"},"inLanguage":"fi","potentialAction":[{"@type":"ReadAction","target":["https:\/\/mediaviestinta.fi\/mevi2020\/2022\/08\/miten-perustuslakivaliokunta-hallitsee-suhdettaan-mediaan\/"]}]},{"@type":"ImageObject","inLanguage":"fi","@id":"https:\/\/mediaviestinta.fi\/mevi2020\/2022\/08\/miten-perustuslakivaliokunta-hallitsee-suhdettaan-mediaan\/#primaryimage","url":"https:\/\/mediaviestinta.fi\/mevi2020\/wp-content\/uploads\/2022\/08\/1280px-Eduskunta_istuntosali.jpg","contentUrl":"https:\/\/mediaviestinta.fi\/mevi2020\/wp-content\/uploads\/2022\/08\/1280px-Eduskunta_istuntosali.jpg","width":1280,"height":855,"caption":"Eduskunnan istuntosali. Kuva: Tiina Tuukkanen (CC BY-SA 4.0)"},{"@type":"BreadcrumbList","@id":"https:\/\/mediaviestinta.fi\/mevi2020\/2022\/08\/miten-perustuslakivaliokunta-hallitsee-suhdettaan-mediaan\/#breadcrumb","itemListElement":[{"@type":"ListItem","position":1,"name":"Home","item":"https:\/\/mediaviestinta.fi\/"},{"@type":"ListItem","position":2,"name":"Miten perustuslakivaliokunta hallitsee suhdettaan mediaan?"}]},{"@type":"WebSite","@id":"https:\/\/mediaviestinta.fi\/#website","url":"https:\/\/mediaviestinta.fi\/","name":"Mevi","description":"Media- ja viestint\u00e4tieteellinen seura Mevi","publisher":{"@id":"https:\/\/mediaviestinta.fi\/#organization"},"potentialAction":[{"@type":"SearchAction","target":{"@type":"EntryPoint","urlTemplate":"https:\/\/mediaviestinta.fi\/?s={search_term_string}"},"query-input":{"@type":"PropertyValueSpecification","valueRequired":true,"valueName":"search_term_string"}}],"inLanguage":"fi"},{"@type":"Organization","@id":"https:\/\/mediaviestinta.fi\/#organization","name":"Media- ja viestint\u00e4tieteellinen seura Mevi","url":"https:\/\/mediaviestinta.fi\/","logo":{"@type":"ImageObject","inLanguage":"fi","@id":"https:\/\/mediaviestinta.fi\/#\/schema\/logo\/image\/","url":"https:\/\/mediaviestinta.fi\/mevi2020\/wp-content\/uploads\/2020\/03\/mevi-logo-RGB-Transparent.png","contentUrl":"https:\/\/mediaviestinta.fi\/mevi2020\/wp-content\/uploads\/2020\/03\/mevi-logo-RGB-Transparent.png","width":910,"height":464,"caption":"Media- ja viestint\u00e4tieteellinen seura Mevi"},"image":{"@id":"https:\/\/mediaviestinta.fi\/#\/schema\/logo\/image\/"},"sameAs":["https:\/\/www.facebook.com\/MediaViestinta\/","https:\/\/x.com\/mediaviestinta"]},{"@type":"Person","@id":"https:\/\/mediaviestinta.fi\/#\/schema\/person\/b2da34ab24cfcd17dbdd6c7cfb173257","name":"Mevi","image":{"@type":"ImageObject","inLanguage":"fi","@id":"https:\/\/secure.gravatar.com\/avatar\/3305b76d1667dc119a18808ed03d6a1fc2dfa8b6a1cddecb8c4d27ef14ec32ca?s=96&d=mm&r=g","url":"https:\/\/secure.gravatar.com\/avatar\/3305b76d1667dc119a18808ed03d6a1fc2dfa8b6a1cddecb8c4d27ef14ec32ca?s=96&d=mm&r=g","contentUrl":"https:\/\/secure.gravatar.com\/avatar\/3305b76d1667dc119a18808ed03d6a1fc2dfa8b6a1cddecb8c4d27ef14ec32ca?s=96&d=mm&r=g","caption":"Mevi"},"url":"https:\/\/mediaviestinta.fi\/mevi2020\/author\/mediavie\/"}]}},"_links":{"self":[{"href":"https:\/\/mediaviestinta.fi\/mevi2020\/wp-json\/wp\/v2\/posts\/4762","targetHints":{"allow":["GET"]}}],"collection":[{"href":"https:\/\/mediaviestinta.fi\/mevi2020\/wp-json\/wp\/v2\/posts"}],"about":[{"href":"https:\/\/mediaviestinta.fi\/mevi2020\/wp-json\/wp\/v2\/types\/post"}],"author":[{"embeddable":true,"href":"https:\/\/mediaviestinta.fi\/mevi2020\/wp-json\/wp\/v2\/users\/3"}],"replies":[{"embeddable":true,"href":"https:\/\/mediaviestinta.fi\/mevi2020\/wp-json\/wp\/v2\/comments?post=4762"}],"version-history":[{"count":4,"href":"https:\/\/mediaviestinta.fi\/mevi2020\/wp-json\/wp\/v2\/posts\/4762\/revisions"}],"predecessor-version":[{"id":4767,"href":"https:\/\/mediaviestinta.fi\/mevi2020\/wp-json\/wp\/v2\/posts\/4762\/revisions\/4767"}],"wp:featuredmedia":[{"embeddable":true,"href":"https:\/\/mediaviestinta.fi\/mevi2020\/wp-json\/wp\/v2\/media\/4764"}],"wp:attachment":[{"href":"https:\/\/mediaviestinta.fi\/mevi2020\/wp-json\/wp\/v2\/media?parent=4762"}],"wp:term":[{"taxonomy":"category","embeddable":true,"href":"https:\/\/mediaviestinta.fi\/mevi2020\/wp-json\/wp\/v2\/categories?post=4762"},{"taxonomy":"post_tag","embeddable":true,"href":"https:\/\/mediaviestinta.fi\/mevi2020\/wp-json\/wp\/v2\/tags?post=4762"}],"curies":[{"name":"wp","href":"https:\/\/api.w.org\/{rel}","templated":true}]}}