{"id":4771,"date":"2022-10-04T11:36:05","date_gmt":"2022-10-04T08:36:05","guid":{"rendered":"https:\/\/mediaviestinta.fi\/?p=4771"},"modified":"2022-10-04T11:36:07","modified_gmt":"2022-10-04T08:36:07","slug":"missa-menee-raja-tyon-ja-vapaa-ajan-valilla-vai-meneeko-missaan","status":"publish","type":"post","link":"https:\/\/mediaviestinta.fi\/mevi2020\/2022\/10\/missa-menee-raja-tyon-ja-vapaa-ajan-valilla-vai-meneeko-missaan\/","title":{"rendered":"Miss\u00e4 menee raja ty\u00f6n ja vapaa-ajan v\u00e4lill\u00e4 \u2013 vai meneek\u00f6 miss\u00e4\u00e4n?"},"content":{"rendered":"\n<p><strong>&#8221;Kun ajatukset menee t\u00f6ihin, niin en ole hirve\u00e4sti paikalla vaikka olenkin siin\u00e4 [\u2026] ja kyll\u00e4h\u00e4n m\u00e4 \u00e4rsyynnyn, jos mun perhe sanoo siit\u00e4 [\u2026] mulla on joku ty\u00f6asia mieless\u00e4 ja m\u00e4 haluan ajatella sit\u00e4, \u00e4lk\u00e4\u00e4 antako sen h\u00e4irit\u00e4, kest\u00e4k\u00e4\u00e4 minua!&#8221; N\u00e4in kertoo itsest\u00e4\u00e4n er\u00e4s toimittaja artikkelissa <a href=\"https:\/\/journal.fi\/mediaviestinta\/article\/view\/122093\" target=\"_blank\" rel=\"noreferrer noopener\">Ammatti-identiteetin merkitys toimittajien ty\u00f6n ja muun el\u00e4m\u00e4n rajanhallinnalle<\/a>. Artikkelin ovat tehneet Jonna Lepp\u00e4kumpu ja Anu Sivunen, ja se on julkaistu <a href=\"https:\/\/journal.fi\/mediaviestinta\/issue\/view\/8629\">Media &amp; viestint\u00e4 -lehdess\u00e4 3\/2022<\/a>.<\/strong><\/p>\n\n\n\n<p><strong>Mihin laajempaan ilmi\u00f6\u00f6n ja keskusteluun artikkelinne liittyy?<br><\/strong>Artikkelimme liittyy ty\u00f6hyvinvoinnin ja ty\u00f6ss\u00e4jaksamisen ilmi\u00f6ihin keskittym\u00e4ll\u00e4 erityisesti ty\u00f6n ja muun el\u00e4m\u00e4n rajanhallinnan kysymyksiin. Artikkelissa nostamme esiin ammatti-identiteetin merkityksen ty\u00f6n ja muun el\u00e4m\u00e4n rajanhallinnalle.<\/p>\n\n\n\n<p><strong>Mik\u00e4 on antinne t\u00e4h\u00e4n keskusteluun?<br><\/strong>Tarkastelemme suomalaisten toimittajien sek\u00e4 heid\u00e4n l\u00e4hipiiriins\u00e4 kuuluvien ty\u00f6- ja yksityisel\u00e4m\u00e4n henkil\u00f6iden k\u00e4sityksi\u00e4 suomalaisten toimittajien ammatti-identiteetist\u00e4 sek\u00e4 niiden merkityst\u00e4 toimittajien ty\u00f6n ja muun el\u00e4m\u00e4n rajanhallinnalle. Tulosten mukaan kahteen p\u00e4\u00e4teemaan jakautuvat k\u00e4sitykset toimittajien ammatti-identiteeteist\u00e4 sek\u00e4 oikeuttavat ett\u00e4 haastavat ty\u00f6n ja muun el\u00e4m\u00e4n rajanhallintaa, jonka n\u00e4emme rakentuvan p\u00e4ivitt\u00e4isess\u00e4 vuorovaikutuksessa sek\u00e4 ty\u00f6- ett\u00e4 yksityisel\u00e4m\u00e4n vuorovaikutussuhteissa.<\/p>\n\n\n\n<p><strong>Mik\u00e4 on artikkelinne keskeinen argumentti?<\/strong><br>Ammatti-identiteetill\u00e4 on keskeinen rooli siin\u00e4, miten ty\u00f6ntekij\u00e4t, t\u00e4ss\u00e4 tapauksessa suomalaiset toimittajat, hallitsevat ty\u00f6n ja muun el\u00e4m\u00e4n rajojaan.<\/p>\n\n\n\n<p><strong>Mit\u00e4 haluatte artikkelillanne sanoa?<br><\/strong>Ammatti-identiteetin merkitys ty\u00f6n ja muun el\u00e4m\u00e4n rajanhallinnalle on olennainen, ja etenkin k\u00e4sitys vahvasta ammatti-identiteetist\u00e4 voi edesauttaa ty\u00f6ss\u00e4jaksamista ja tuottaa kokemuksen ty\u00f6n merkityksellisyydest\u00e4. Toisaalta vahva ammatti-identiteetti voi my\u00f6s tuottaa haasteita vuorovaikutussuhteiden tasolla. Vahva ammatti-identiteetti kietoutuu k\u00e4sityksiin toimittajuudesta el\u00e4m\u00e4ntapana, kun taas ammatti-identiteetin rooli on v\u00e4h\u00e4isempi silloin kun toimittajuus n\u00e4hd\u00e4\u00e4n palkkaty\u00f6n\u00e4. Molemmat tavat hahmottaa ammatti-identiteetti\u00e4 voivat kuitenkin auttaa toimittajia tasapainottamaan ty\u00f6n ja muun el\u00e4m\u00e4n vastuita ja velvollisuuksia.<\/p>\n\n\n\n<p><strong>Kenen kannattaa lukea artikkelinne?<\/strong><br>Kaikkien, jotka haluavat pohtia oman ammatti-identiteetin merkityst\u00e4 sek\u00e4 ty\u00f6n ja muun el\u00e4m\u00e4n rajoja ja niiden hallintaa. Artikkeli tuo uusia n\u00e4k\u00f6kulmia sen tarkasteluun, miten ty\u00f6st\u00e4 ja ammatti-identiteetist\u00e4 puhutaan ja millaisia asioita t\u00e4ll\u00e4 puheella sek\u00e4 oikeutetaan ett\u00e4 haastetaan ty\u00f6- ett\u00e4 yksityisel\u00e4m\u00e4n vuorovaikutussuhteissa.<\/p>\n\n\n\n<p><strong>Mik\u00e4 sai teid\u00e4t tarttumaan t\u00e4h\u00e4n aiheeseen?<br><\/strong>Ty\u00f6n ja muun el\u00e4m\u00e4n yhteensovittamisen, tasapainottelun ja rajojen hallinnan kysymykset ovat oleellinen ja t\u00e4rke\u00e4 tarkastelukohde ty\u00f6ss\u00e4jaksamisen, johtamisen ja hyvinvoinnin n\u00e4k\u00f6kulmasta. Luovaa tietoty\u00f6t\u00e4 tekev\u00e4t ty\u00f6ntekij\u00e4t, t\u00e4ss\u00e4 tapauksessa suomalaiset toimittajat, tarjosivat erinomaisen tarkastelukohteen ammatti-identiteettiin ja ty\u00f6n ja muun el\u00e4m\u00e4n rajanhallintaan kytkeytyviin kysymyksiin.<\/p>\n\n\n\n<p>(Lauri Haapanen)<\/p>\n","protected":false},"excerpt":{"rendered":"<p>&#8221;Kun ajatukset menee t\u00f6ihin, niin en ole hirve\u00e4sti paikalla vaikka olenkin siin\u00e4 [\u2026] ja kyll\u00e4h\u00e4n m\u00e4 \u00e4rsyynnyn, jos mun perhe sanoo siit\u00e4 [\u2026] mulla on joku ty\u00f6asia mieless\u00e4&hellip;<\/p>\n","protected":false},"author":3,"featured_media":4775,"comment_status":"open","ping_status":"closed","sticky":false,"template":"","format":"standard","meta":{"_monsterinsights_skip_tracking":false,"_monsterinsights_sitenote_active":false,"_monsterinsights_sitenote_note":"","_monsterinsights_sitenote_category":0,"footnotes":""},"categories":[1],"tags":[258,259,260,262,261,263],"class_list":["post-4771","post","type-post","status-publish","format-standard","has-post-thumbnail","hentry","category-yleinen","tag-ammatti-identiteetti","tag-identiteetti","tag-journalistinen-tyo","tag-journalistit","tag-rajanhallinta","tag-tyon-ja-muun-elaman-rajat"],"yoast_head":"<!-- This site is optimized with the Yoast SEO plugin v27.5 - https:\/\/yoast.com\/product\/yoast-seo-wordpress\/ -->\n<title>Miss\u00e4 menee raja ty\u00f6n ja vapaa-ajan v\u00e4lill\u00e4 \u2013 vai meneek\u00f6 miss\u00e4\u00e4n? &#8211; Mevi<\/title>\n<meta name=\"robots\" content=\"index, follow, max-snippet:-1, max-image-preview:large, max-video-preview:-1\" \/>\n<link rel=\"canonical\" href=\"https:\/\/mediaviestinta.fi\/mevi2020\/2022\/10\/missa-menee-raja-tyon-ja-vapaa-ajan-valilla-vai-meneeko-missaan\/\" \/>\n<meta property=\"og:locale\" content=\"fi_FI\" \/>\n<meta property=\"og:type\" content=\"article\" \/>\n<meta property=\"og:title\" content=\"Miss\u00e4 menee raja ty\u00f6n ja vapaa-ajan v\u00e4lill\u00e4 \u2013 vai meneek\u00f6 miss\u00e4\u00e4n? &#8211; Mevi\" \/>\n<meta property=\"og:description\" content=\"&#8221;Kun ajatukset menee t\u00f6ihin, niin en ole hirve\u00e4sti paikalla vaikka olenkin siin\u00e4 [\u2026] ja kyll\u00e4h\u00e4n m\u00e4 \u00e4rsyynnyn, jos mun perhe sanoo siit\u00e4 [\u2026] mulla on joku ty\u00f6asia mieless\u00e4&hellip;\" \/>\n<meta property=\"og:url\" content=\"https:\/\/mediaviestinta.fi\/mevi2020\/2022\/10\/missa-menee-raja-tyon-ja-vapaa-ajan-valilla-vai-meneeko-missaan\/\" \/>\n<meta property=\"og:site_name\" content=\"Mevi\" \/>\n<meta property=\"article:publisher\" content=\"https:\/\/www.facebook.com\/MediaViestinta\/\" \/>\n<meta property=\"article:published_time\" content=\"2022-10-04T08:36:05+00:00\" \/>\n<meta property=\"article:modified_time\" content=\"2022-10-04T08:36:07+00:00\" \/>\n<meta property=\"og:image\" content=\"https:\/\/mediaviestinta.fi\/mevi2020\/wp-content\/uploads\/2022\/10\/vitolda-klein-L8oEIAZ59_g-unsplash.jpg\" \/>\n\t<meta property=\"og:image:width\" content=\"2400\" \/>\n\t<meta property=\"og:image:height\" content=\"1600\" \/>\n\t<meta property=\"og:image:type\" content=\"image\/jpeg\" \/>\n<meta name=\"author\" content=\"Mevi\" \/>\n<meta name=\"twitter:card\" content=\"summary_large_image\" \/>\n<meta name=\"twitter:creator\" content=\"@mediaviestinta\" \/>\n<meta name=\"twitter:site\" content=\"@mediaviestinta\" \/>\n<meta name=\"twitter:label1\" content=\"Kirjoittanut\" \/>\n\t<meta name=\"twitter:data1\" content=\"Mevi\" \/>\n\t<meta name=\"twitter:label2\" content=\"Arvioitu lukuaika\" \/>\n\t<meta name=\"twitter:data2\" content=\"3 minuuttia\" \/>\n<script type=\"application\/ld+json\" class=\"yoast-schema-graph\">{\"@context\":\"https:\\\/\\\/schema.org\",\"@graph\":[{\"@type\":\"Article\",\"@id\":\"https:\\\/\\\/mediaviestinta.fi\\\/mevi2020\\\/2022\\\/10\\\/missa-menee-raja-tyon-ja-vapaa-ajan-valilla-vai-meneeko-missaan\\\/#article\",\"isPartOf\":{\"@id\":\"https:\\\/\\\/mediaviestinta.fi\\\/mevi2020\\\/2022\\\/10\\\/missa-menee-raja-tyon-ja-vapaa-ajan-valilla-vai-meneeko-missaan\\\/\"},\"author\":{\"name\":\"Mevi\",\"@id\":\"https:\\\/\\\/mediaviestinta.fi\\\/#\\\/schema\\\/person\\\/b2da34ab24cfcd17dbdd6c7cfb173257\"},\"headline\":\"Miss\u00e4 menee raja ty\u00f6n ja vapaa-ajan v\u00e4lill\u00e4 \u2013 vai meneek\u00f6 miss\u00e4\u00e4n?\",\"datePublished\":\"2022-10-04T08:36:05+00:00\",\"dateModified\":\"2022-10-04T08:36:07+00:00\",\"mainEntityOfPage\":{\"@id\":\"https:\\\/\\\/mediaviestinta.fi\\\/mevi2020\\\/2022\\\/10\\\/missa-menee-raja-tyon-ja-vapaa-ajan-valilla-vai-meneeko-missaan\\\/\"},\"wordCount\":452,\"commentCount\":0,\"publisher\":{\"@id\":\"https:\\\/\\\/mediaviestinta.fi\\\/#organization\"},\"image\":{\"@id\":\"https:\\\/\\\/mediaviestinta.fi\\\/mevi2020\\\/2022\\\/10\\\/missa-menee-raja-tyon-ja-vapaa-ajan-valilla-vai-meneeko-missaan\\\/#primaryimage\"},\"thumbnailUrl\":\"https:\\\/\\\/mediaviestinta.fi\\\/mevi2020\\\/wp-content\\\/uploads\\\/2022\\\/10\\\/vitolda-klein-L8oEIAZ59_g-unsplash.jpg\",\"keywords\":[\"ammatti-identiteetti\",\"identiteetti\",\"journalistinen ty\u00f6\",\"journalistit\",\"rajanhallinta\",\"ty\u00f6n ja muun el\u00e4m\u00e4n rajat\"],\"inLanguage\":\"fi\",\"potentialAction\":[{\"@type\":\"CommentAction\",\"name\":\"Comment\",\"target\":[\"https:\\\/\\\/mediaviestinta.fi\\\/mevi2020\\\/2022\\\/10\\\/missa-menee-raja-tyon-ja-vapaa-ajan-valilla-vai-meneeko-missaan\\\/#respond\"]}]},{\"@type\":\"WebPage\",\"@id\":\"https:\\\/\\\/mediaviestinta.fi\\\/mevi2020\\\/2022\\\/10\\\/missa-menee-raja-tyon-ja-vapaa-ajan-valilla-vai-meneeko-missaan\\\/\",\"url\":\"https:\\\/\\\/mediaviestinta.fi\\\/mevi2020\\\/2022\\\/10\\\/missa-menee-raja-tyon-ja-vapaa-ajan-valilla-vai-meneeko-missaan\\\/\",\"name\":\"Miss\u00e4 menee raja ty\u00f6n ja vapaa-ajan v\u00e4lill\u00e4 \u2013 vai meneek\u00f6 miss\u00e4\u00e4n? &#8211; Mevi\",\"isPartOf\":{\"@id\":\"https:\\\/\\\/mediaviestinta.fi\\\/#website\"},\"primaryImageOfPage\":{\"@id\":\"https:\\\/\\\/mediaviestinta.fi\\\/mevi2020\\\/2022\\\/10\\\/missa-menee-raja-tyon-ja-vapaa-ajan-valilla-vai-meneeko-missaan\\\/#primaryimage\"},\"image\":{\"@id\":\"https:\\\/\\\/mediaviestinta.fi\\\/mevi2020\\\/2022\\\/10\\\/missa-menee-raja-tyon-ja-vapaa-ajan-valilla-vai-meneeko-missaan\\\/#primaryimage\"},\"thumbnailUrl\":\"https:\\\/\\\/mediaviestinta.fi\\\/mevi2020\\\/wp-content\\\/uploads\\\/2022\\\/10\\\/vitolda-klein-L8oEIAZ59_g-unsplash.jpg\",\"datePublished\":\"2022-10-04T08:36:05+00:00\",\"dateModified\":\"2022-10-04T08:36:07+00:00\",\"breadcrumb\":{\"@id\":\"https:\\\/\\\/mediaviestinta.fi\\\/mevi2020\\\/2022\\\/10\\\/missa-menee-raja-tyon-ja-vapaa-ajan-valilla-vai-meneeko-missaan\\\/#breadcrumb\"},\"inLanguage\":\"fi\",\"potentialAction\":[{\"@type\":\"ReadAction\",\"target\":[\"https:\\\/\\\/mediaviestinta.fi\\\/mevi2020\\\/2022\\\/10\\\/missa-menee-raja-tyon-ja-vapaa-ajan-valilla-vai-meneeko-missaan\\\/\"]}]},{\"@type\":\"ImageObject\",\"inLanguage\":\"fi\",\"@id\":\"https:\\\/\\\/mediaviestinta.fi\\\/mevi2020\\\/2022\\\/10\\\/missa-menee-raja-tyon-ja-vapaa-ajan-valilla-vai-meneeko-missaan\\\/#primaryimage\",\"url\":\"https:\\\/\\\/mediaviestinta.fi\\\/mevi2020\\\/wp-content\\\/uploads\\\/2022\\\/10\\\/vitolda-klein-L8oEIAZ59_g-unsplash.jpg\",\"contentUrl\":\"https:\\\/\\\/mediaviestinta.fi\\\/mevi2020\\\/wp-content\\\/uploads\\\/2022\\\/10\\\/vitolda-klein-L8oEIAZ59_g-unsplash.jpg\",\"width\":2400,\"height\":1600,\"caption\":\"Kuva: Vitolda Klein \\\/ Unsplash\"},{\"@type\":\"BreadcrumbList\",\"@id\":\"https:\\\/\\\/mediaviestinta.fi\\\/mevi2020\\\/2022\\\/10\\\/missa-menee-raja-tyon-ja-vapaa-ajan-valilla-vai-meneeko-missaan\\\/#breadcrumb\",\"itemListElement\":[{\"@type\":\"ListItem\",\"position\":1,\"name\":\"Home\",\"item\":\"https:\\\/\\\/mediaviestinta.fi\\\/\"},{\"@type\":\"ListItem\",\"position\":2,\"name\":\"Miss\u00e4 menee raja ty\u00f6n ja vapaa-ajan v\u00e4lill\u00e4 \u2013 vai meneek\u00f6 miss\u00e4\u00e4n?\"}]},{\"@type\":\"WebSite\",\"@id\":\"https:\\\/\\\/mediaviestinta.fi\\\/#website\",\"url\":\"https:\\\/\\\/mediaviestinta.fi\\\/\",\"name\":\"Mevi\",\"description\":\"Media- ja viestint\u00e4tieteellinen seura Mevi\",\"publisher\":{\"@id\":\"https:\\\/\\\/mediaviestinta.fi\\\/#organization\"},\"potentialAction\":[{\"@type\":\"SearchAction\",\"target\":{\"@type\":\"EntryPoint\",\"urlTemplate\":\"https:\\\/\\\/mediaviestinta.fi\\\/?s={search_term_string}\"},\"query-input\":{\"@type\":\"PropertyValueSpecification\",\"valueRequired\":true,\"valueName\":\"search_term_string\"}}],\"inLanguage\":\"fi\"},{\"@type\":\"Organization\",\"@id\":\"https:\\\/\\\/mediaviestinta.fi\\\/#organization\",\"name\":\"Media- ja viestint\u00e4tieteellinen seura Mevi\",\"url\":\"https:\\\/\\\/mediaviestinta.fi\\\/\",\"logo\":{\"@type\":\"ImageObject\",\"inLanguage\":\"fi\",\"@id\":\"https:\\\/\\\/mediaviestinta.fi\\\/#\\\/schema\\\/logo\\\/image\\\/\",\"url\":\"https:\\\/\\\/mediaviestinta.fi\\\/mevi2020\\\/wp-content\\\/uploads\\\/2020\\\/03\\\/mevi-logo-RGB-Transparent.png\",\"contentUrl\":\"https:\\\/\\\/mediaviestinta.fi\\\/mevi2020\\\/wp-content\\\/uploads\\\/2020\\\/03\\\/mevi-logo-RGB-Transparent.png\",\"width\":910,\"height\":464,\"caption\":\"Media- ja viestint\u00e4tieteellinen seura Mevi\"},\"image\":{\"@id\":\"https:\\\/\\\/mediaviestinta.fi\\\/#\\\/schema\\\/logo\\\/image\\\/\"},\"sameAs\":[\"https:\\\/\\\/www.facebook.com\\\/MediaViestinta\\\/\",\"https:\\\/\\\/x.com\\\/mediaviestinta\"]},{\"@type\":\"Person\",\"@id\":\"https:\\\/\\\/mediaviestinta.fi\\\/#\\\/schema\\\/person\\\/b2da34ab24cfcd17dbdd6c7cfb173257\",\"name\":\"Mevi\",\"image\":{\"@type\":\"ImageObject\",\"inLanguage\":\"fi\",\"@id\":\"https:\\\/\\\/secure.gravatar.com\\\/avatar\\\/3305b76d1667dc119a18808ed03d6a1fc2dfa8b6a1cddecb8c4d27ef14ec32ca?s=96&d=mm&r=g\",\"url\":\"https:\\\/\\\/secure.gravatar.com\\\/avatar\\\/3305b76d1667dc119a18808ed03d6a1fc2dfa8b6a1cddecb8c4d27ef14ec32ca?s=96&d=mm&r=g\",\"contentUrl\":\"https:\\\/\\\/secure.gravatar.com\\\/avatar\\\/3305b76d1667dc119a18808ed03d6a1fc2dfa8b6a1cddecb8c4d27ef14ec32ca?s=96&d=mm&r=g\",\"caption\":\"Mevi\"},\"url\":\"https:\\\/\\\/mediaviestinta.fi\\\/mevi2020\\\/author\\\/mediavie\\\/\"}]}<\/script>\n<!-- \/ Yoast SEO plugin. -->","yoast_head_json":{"title":"Miss\u00e4 menee raja ty\u00f6n ja vapaa-ajan v\u00e4lill\u00e4 \u2013 vai meneek\u00f6 miss\u00e4\u00e4n? &#8211; Mevi","robots":{"index":"index","follow":"follow","max-snippet":"max-snippet:-1","max-image-preview":"max-image-preview:large","max-video-preview":"max-video-preview:-1"},"canonical":"https:\/\/mediaviestinta.fi\/mevi2020\/2022\/10\/missa-menee-raja-tyon-ja-vapaa-ajan-valilla-vai-meneeko-missaan\/","og_locale":"fi_FI","og_type":"article","og_title":"Miss\u00e4 menee raja ty\u00f6n ja vapaa-ajan v\u00e4lill\u00e4 \u2013 vai meneek\u00f6 miss\u00e4\u00e4n? &#8211; Mevi","og_description":"&#8221;Kun ajatukset menee t\u00f6ihin, niin en ole hirve\u00e4sti paikalla vaikka olenkin siin\u00e4 [\u2026] ja kyll\u00e4h\u00e4n m\u00e4 \u00e4rsyynnyn, jos mun perhe sanoo siit\u00e4 [\u2026] mulla on joku ty\u00f6asia mieless\u00e4&hellip;","og_url":"https:\/\/mediaviestinta.fi\/mevi2020\/2022\/10\/missa-menee-raja-tyon-ja-vapaa-ajan-valilla-vai-meneeko-missaan\/","og_site_name":"Mevi","article_publisher":"https:\/\/www.facebook.com\/MediaViestinta\/","article_published_time":"2022-10-04T08:36:05+00:00","article_modified_time":"2022-10-04T08:36:07+00:00","og_image":[{"width":2400,"height":1600,"url":"https:\/\/mediaviestinta.fi\/mevi2020\/wp-content\/uploads\/2022\/10\/vitolda-klein-L8oEIAZ59_g-unsplash.jpg","type":"image\/jpeg"}],"author":"Mevi","twitter_card":"summary_large_image","twitter_creator":"@mediaviestinta","twitter_site":"@mediaviestinta","twitter_misc":{"Kirjoittanut":"Mevi","Arvioitu lukuaika":"3 minuuttia"},"schema":{"@context":"https:\/\/schema.org","@graph":[{"@type":"Article","@id":"https:\/\/mediaviestinta.fi\/mevi2020\/2022\/10\/missa-menee-raja-tyon-ja-vapaa-ajan-valilla-vai-meneeko-missaan\/#article","isPartOf":{"@id":"https:\/\/mediaviestinta.fi\/mevi2020\/2022\/10\/missa-menee-raja-tyon-ja-vapaa-ajan-valilla-vai-meneeko-missaan\/"},"author":{"name":"Mevi","@id":"https:\/\/mediaviestinta.fi\/#\/schema\/person\/b2da34ab24cfcd17dbdd6c7cfb173257"},"headline":"Miss\u00e4 menee raja ty\u00f6n ja vapaa-ajan v\u00e4lill\u00e4 \u2013 vai meneek\u00f6 miss\u00e4\u00e4n?","datePublished":"2022-10-04T08:36:05+00:00","dateModified":"2022-10-04T08:36:07+00:00","mainEntityOfPage":{"@id":"https:\/\/mediaviestinta.fi\/mevi2020\/2022\/10\/missa-menee-raja-tyon-ja-vapaa-ajan-valilla-vai-meneeko-missaan\/"},"wordCount":452,"commentCount":0,"publisher":{"@id":"https:\/\/mediaviestinta.fi\/#organization"},"image":{"@id":"https:\/\/mediaviestinta.fi\/mevi2020\/2022\/10\/missa-menee-raja-tyon-ja-vapaa-ajan-valilla-vai-meneeko-missaan\/#primaryimage"},"thumbnailUrl":"https:\/\/mediaviestinta.fi\/mevi2020\/wp-content\/uploads\/2022\/10\/vitolda-klein-L8oEIAZ59_g-unsplash.jpg","keywords":["ammatti-identiteetti","identiteetti","journalistinen ty\u00f6","journalistit","rajanhallinta","ty\u00f6n ja muun el\u00e4m\u00e4n rajat"],"inLanguage":"fi","potentialAction":[{"@type":"CommentAction","name":"Comment","target":["https:\/\/mediaviestinta.fi\/mevi2020\/2022\/10\/missa-menee-raja-tyon-ja-vapaa-ajan-valilla-vai-meneeko-missaan\/#respond"]}]},{"@type":"WebPage","@id":"https:\/\/mediaviestinta.fi\/mevi2020\/2022\/10\/missa-menee-raja-tyon-ja-vapaa-ajan-valilla-vai-meneeko-missaan\/","url":"https:\/\/mediaviestinta.fi\/mevi2020\/2022\/10\/missa-menee-raja-tyon-ja-vapaa-ajan-valilla-vai-meneeko-missaan\/","name":"Miss\u00e4 menee raja ty\u00f6n ja vapaa-ajan v\u00e4lill\u00e4 \u2013 vai meneek\u00f6 miss\u00e4\u00e4n? &#8211; Mevi","isPartOf":{"@id":"https:\/\/mediaviestinta.fi\/#website"},"primaryImageOfPage":{"@id":"https:\/\/mediaviestinta.fi\/mevi2020\/2022\/10\/missa-menee-raja-tyon-ja-vapaa-ajan-valilla-vai-meneeko-missaan\/#primaryimage"},"image":{"@id":"https:\/\/mediaviestinta.fi\/mevi2020\/2022\/10\/missa-menee-raja-tyon-ja-vapaa-ajan-valilla-vai-meneeko-missaan\/#primaryimage"},"thumbnailUrl":"https:\/\/mediaviestinta.fi\/mevi2020\/wp-content\/uploads\/2022\/10\/vitolda-klein-L8oEIAZ59_g-unsplash.jpg","datePublished":"2022-10-04T08:36:05+00:00","dateModified":"2022-10-04T08:36:07+00:00","breadcrumb":{"@id":"https:\/\/mediaviestinta.fi\/mevi2020\/2022\/10\/missa-menee-raja-tyon-ja-vapaa-ajan-valilla-vai-meneeko-missaan\/#breadcrumb"},"inLanguage":"fi","potentialAction":[{"@type":"ReadAction","target":["https:\/\/mediaviestinta.fi\/mevi2020\/2022\/10\/missa-menee-raja-tyon-ja-vapaa-ajan-valilla-vai-meneeko-missaan\/"]}]},{"@type":"ImageObject","inLanguage":"fi","@id":"https:\/\/mediaviestinta.fi\/mevi2020\/2022\/10\/missa-menee-raja-tyon-ja-vapaa-ajan-valilla-vai-meneeko-missaan\/#primaryimage","url":"https:\/\/mediaviestinta.fi\/mevi2020\/wp-content\/uploads\/2022\/10\/vitolda-klein-L8oEIAZ59_g-unsplash.jpg","contentUrl":"https:\/\/mediaviestinta.fi\/mevi2020\/wp-content\/uploads\/2022\/10\/vitolda-klein-L8oEIAZ59_g-unsplash.jpg","width":2400,"height":1600,"caption":"Kuva: Vitolda Klein \/ Unsplash"},{"@type":"BreadcrumbList","@id":"https:\/\/mediaviestinta.fi\/mevi2020\/2022\/10\/missa-menee-raja-tyon-ja-vapaa-ajan-valilla-vai-meneeko-missaan\/#breadcrumb","itemListElement":[{"@type":"ListItem","position":1,"name":"Home","item":"https:\/\/mediaviestinta.fi\/"},{"@type":"ListItem","position":2,"name":"Miss\u00e4 menee raja ty\u00f6n ja vapaa-ajan v\u00e4lill\u00e4 \u2013 vai meneek\u00f6 miss\u00e4\u00e4n?"}]},{"@type":"WebSite","@id":"https:\/\/mediaviestinta.fi\/#website","url":"https:\/\/mediaviestinta.fi\/","name":"Mevi","description":"Media- ja viestint\u00e4tieteellinen seura Mevi","publisher":{"@id":"https:\/\/mediaviestinta.fi\/#organization"},"potentialAction":[{"@type":"SearchAction","target":{"@type":"EntryPoint","urlTemplate":"https:\/\/mediaviestinta.fi\/?s={search_term_string}"},"query-input":{"@type":"PropertyValueSpecification","valueRequired":true,"valueName":"search_term_string"}}],"inLanguage":"fi"},{"@type":"Organization","@id":"https:\/\/mediaviestinta.fi\/#organization","name":"Media- ja viestint\u00e4tieteellinen seura Mevi","url":"https:\/\/mediaviestinta.fi\/","logo":{"@type":"ImageObject","inLanguage":"fi","@id":"https:\/\/mediaviestinta.fi\/#\/schema\/logo\/image\/","url":"https:\/\/mediaviestinta.fi\/mevi2020\/wp-content\/uploads\/2020\/03\/mevi-logo-RGB-Transparent.png","contentUrl":"https:\/\/mediaviestinta.fi\/mevi2020\/wp-content\/uploads\/2020\/03\/mevi-logo-RGB-Transparent.png","width":910,"height":464,"caption":"Media- ja viestint\u00e4tieteellinen seura Mevi"},"image":{"@id":"https:\/\/mediaviestinta.fi\/#\/schema\/logo\/image\/"},"sameAs":["https:\/\/www.facebook.com\/MediaViestinta\/","https:\/\/x.com\/mediaviestinta"]},{"@type":"Person","@id":"https:\/\/mediaviestinta.fi\/#\/schema\/person\/b2da34ab24cfcd17dbdd6c7cfb173257","name":"Mevi","image":{"@type":"ImageObject","inLanguage":"fi","@id":"https:\/\/secure.gravatar.com\/avatar\/3305b76d1667dc119a18808ed03d6a1fc2dfa8b6a1cddecb8c4d27ef14ec32ca?s=96&d=mm&r=g","url":"https:\/\/secure.gravatar.com\/avatar\/3305b76d1667dc119a18808ed03d6a1fc2dfa8b6a1cddecb8c4d27ef14ec32ca?s=96&d=mm&r=g","contentUrl":"https:\/\/secure.gravatar.com\/avatar\/3305b76d1667dc119a18808ed03d6a1fc2dfa8b6a1cddecb8c4d27ef14ec32ca?s=96&d=mm&r=g","caption":"Mevi"},"url":"https:\/\/mediaviestinta.fi\/mevi2020\/author\/mediavie\/"}]}},"_links":{"self":[{"href":"https:\/\/mediaviestinta.fi\/mevi2020\/wp-json\/wp\/v2\/posts\/4771","targetHints":{"allow":["GET"]}}],"collection":[{"href":"https:\/\/mediaviestinta.fi\/mevi2020\/wp-json\/wp\/v2\/posts"}],"about":[{"href":"https:\/\/mediaviestinta.fi\/mevi2020\/wp-json\/wp\/v2\/types\/post"}],"author":[{"embeddable":true,"href":"https:\/\/mediaviestinta.fi\/mevi2020\/wp-json\/wp\/v2\/users\/3"}],"replies":[{"embeddable":true,"href":"https:\/\/mediaviestinta.fi\/mevi2020\/wp-json\/wp\/v2\/comments?post=4771"}],"version-history":[{"count":5,"href":"https:\/\/mediaviestinta.fi\/mevi2020\/wp-json\/wp\/v2\/posts\/4771\/revisions"}],"predecessor-version":[{"id":4778,"href":"https:\/\/mediaviestinta.fi\/mevi2020\/wp-json\/wp\/v2\/posts\/4771\/revisions\/4778"}],"wp:featuredmedia":[{"embeddable":true,"href":"https:\/\/mediaviestinta.fi\/mevi2020\/wp-json\/wp\/v2\/media\/4775"}],"wp:attachment":[{"href":"https:\/\/mediaviestinta.fi\/mevi2020\/wp-json\/wp\/v2\/media?parent=4771"}],"wp:term":[{"taxonomy":"category","embeddable":true,"href":"https:\/\/mediaviestinta.fi\/mevi2020\/wp-json\/wp\/v2\/categories?post=4771"},{"taxonomy":"post_tag","embeddable":true,"href":"https:\/\/mediaviestinta.fi\/mevi2020\/wp-json\/wp\/v2\/tags?post=4771"}],"curies":[{"name":"wp","href":"https:\/\/api.w.org\/{rel}","templated":true}]}}