{"id":4780,"date":"2022-10-26T10:54:19","date_gmt":"2022-10-26T07:54:19","guid":{"rendered":"https:\/\/mediaviestinta.fi\/?p=4780"},"modified":"2022-11-19T22:17:42","modified_gmt":"2022-11-19T20:17:42","slug":"maakunnissa-johtava-lehtitalo-on-la%cc%88hes-monopoliasemassa","status":"publish","type":"post","link":"https:\/\/mediaviestinta.fi\/mevi2020\/2022\/10\/maakunnissa-johtava-lehtitalo-on-la%cc%88hes-monopoliasemassa\/","title":{"rendered":"Maakunnissa johtava lehtitalo on la\u0308hes monopoliasemassa"},"content":{"rendered":"\n<p><strong>Kymmeness\u00e4 Suomen maakunnassa yhdell\u00e4 lehtitalolla on yli 90 prosentin markkinaosuus, k\u00e4y ilmi Heikki Hellmanin artikkelista <a href=\"https:\/\/journal.fi\/mediaviestinta\/article\/view\/122138\" target=\"_blank\" rel=\"noreferrer noopener\">Sanomalehdist\u00f6n kilpailu ja keskittyminen merkityksellisill\u00e4 markkinoilla<\/a>. Vaikka keskittymisesta\u0308 puhutaan usein negatiiviseen s\u00e4vyyn, Hellman muistuttaa, ett\u00e4 sit\u00e4 ei ole syyta\u0308 tarkastella yksinomaan kielteisena\u0308 ilmio\u0308na\u0308. &#8221;Mit\u00e4 vahvempia lehtitalot ovat resursseiltaan, sit\u00e4 paremmat mahdollisuudet niill\u00e4 on sopeutua digitalisoitumisen vaatimuksiin, turvata ilmoitus- ja levikkiosuuttaan sek\u00e4 s\u00e4ilytt\u00e4\u00e4 toimituksellinen p\u00e4\u00e4t\u00f6svalta omissa k\u00e4siss\u00e4\u00e4n.&#8221; Artikkeli on julkaistu <a href=\"https:\/\/journal.fi\/mediaviestinta\/issue\/view\/8629\">Media &amp; viestint\u00e4 -lehdess\u00e4 3\/2022<\/a>.<\/strong><\/p>\n\n\n\n<p><strong>Mihin laajempaan ilmi\u00f6\u00f6n artikkelisi liittyy?<br><\/strong>Media on alana hyvin keskittynyt. Se korostuu Suomen kaltaisessa maassa, pienill\u00e4 mediamarkkinoilla. Keskittyminen on ominaista muillekin toimialoille, mutta median kohdalla vaarana on, ett\u00e4 se tarkoittaa my\u00f6s keskittynytt\u00e4 mielipiteenmuodostusta. Esimerkiksi EU:n rahoittama kansainv\u00e4linen Media Pluralism Monitor -tutkimus on vuodesta toiseen n\u00e4hnyt omistuksen keskittymisen suomalaisen median kenties suurimpana uhkana.<\/p>\n\n\n\n<p><strong>Mik\u00e4 on antisi t\u00e4h\u00e4n keskusteluun?<br><\/strong>Usein keskittymist\u00e4 tarkastellaan valtakunnallisten markkinoiden tasolla, mutta artikkelissani asiaa katsotaan alueellisesti. Kuinka keskittynytt\u00e4 sanomalehdist\u00f6 on maakunnissa? Se on n\u00e4k\u00f6kulma, jota on meill\u00e4 viljelty jokseenkin harvoin.<\/p>\n\n\n\n<p><strong>Mik\u00e4 on artikkelisi keskeinen argumentti?<\/strong><br>Katse maakuntiin antaa ilmi\u00f6st\u00e4 hieman erilaisen kuvan kuin valtakunnallinen tarkastelu. Lehtitalojen omistuksissa tapahtui 2010-luvulla paljon muutoksia, ja valtaosassa maakuntia vallitsee k\u00e4yt\u00e4nn\u00f6ss\u00e4 suurimman lehtitalon monopoli. Keskittyminen kiihtyi itse asiassa vain muutamissa maakunnissa, joissa oli viel\u00e4 varaa kasvuun ja joissa johtava lehtitalo lis\u00e4si omistuksiaan.<\/p>\n\n\n\n<p><strong>Mit\u00e4 haluat artikkelillasi sanoa?<br><\/strong>Mediapolitiikkaa seuraavien ja vallankin toimittajien. Opiskelijoille artikkeli tarjoaa ajantasaisen analyysin suomalaisen sanomalehdist\u00f6n rakenteesta.<\/p>\n\n\n\n<p><strong>Kenen kannattaa lukea artikkelisi?<\/strong><br>Mediapolitiikkaa seuraavien ja vallankin toimittajien. Opiskelijoille artikkeli tarjoaa ajantasaisen analyysin suomalaisen sanomalehdist\u00f6n rakenteesta.<\/p>\n\n\n\n<p><strong>Mik\u00e4 sai sinut tarttumaan t\u00e4h\u00e4n aiheeseen?<br><\/strong>Hassua kyll\u00e4, mutta virikkeen antoi taannoinen keskustelu Yle-lain muutoksesta. Kun Medialiitto kanteli Ylest\u00e4 EU:n komissiolle, keskeinen argumentti oli, ett\u00e4 Ylen tekstisis\u00e4ll\u00f6t verkossa uhkaavat median monimuotoisuutta. Halusin kysy\u00e4, kuinka monimuotoista lehdist\u00f6 omistukseltaan on. Tulosten perusteella voidaan v\u00e4itt\u00e4\u00e4, ett\u00e4 maakunnissa Yle on ainoa vaihtoehto johtaville lehtitaloille \u2013 ilmaiseksi sis\u00e4lt\u00f6j\u00e4\u00e4n jakavien iltap\u00e4iv\u00e4lehtien lis\u00e4ksi.<\/p>\n\n\n\n<p>(Lauri Haapanen)<\/p>\n","protected":false},"excerpt":{"rendered":"<p>Kymmeness\u00e4 Suomen maakunnassa yhdell\u00e4 lehtitalolla on yli 90 prosentin markkinaosuus, k\u00e4y ilmi Heikki Hellmanin artikkelista Sanomalehdist\u00f6n kilpailu ja keskittyminen merkityksellisill\u00e4 markkinoilla. Vaikka keskittymisesta\u0308 puhutaan usein negatiiviseen s\u00e4vyyn, Hellman&hellip;<\/p>\n","protected":false},"author":3,"featured_media":4782,"comment_status":"open","ping_status":"closed","sticky":false,"template":"","format":"standard","meta":{"_monsterinsights_skip_tracking":false,"_monsterinsights_sitenote_active":false,"_monsterinsights_sitenote_note":"","_monsterinsights_sitenote_category":0,"footnotes":""},"categories":[1],"tags":[198,91,266,264,265,197,267],"class_list":["post-4780","post","type-post","status-publish","format-standard","has-post-thumbnail","hentry","category-yleinen","tag-keskittyminen","tag-kilpailu","tag-maakunnat","tag-mediamarkkinat","tag-mediapolitiikka","tag-sanomalehdisto","tag-suomi"],"yoast_head":"<!-- This site is optimized with the Yoast SEO plugin v27.5 - https:\/\/yoast.com\/product\/yoast-seo-wordpress\/ -->\n<title>Maakunnissa johtava lehtitalo on la\u0308hes monopoliasemassa &#8211; Mevi<\/title>\n<meta name=\"robots\" content=\"index, follow, max-snippet:-1, max-image-preview:large, max-video-preview:-1\" \/>\n<link rel=\"canonical\" href=\"https:\/\/mediaviestinta.fi\/mevi2020\/2022\/10\/maakunnissa-johtava-lehtitalo-on-la\u0308hes-monopoliasemassa\/\" \/>\n<meta property=\"og:locale\" content=\"fi_FI\" \/>\n<meta property=\"og:type\" content=\"article\" \/>\n<meta property=\"og:title\" content=\"Maakunnissa johtava lehtitalo on la\u0308hes monopoliasemassa &#8211; Mevi\" \/>\n<meta property=\"og:description\" content=\"Kymmeness\u00e4 Suomen maakunnassa yhdell\u00e4 lehtitalolla on yli 90 prosentin markkinaosuus, k\u00e4y ilmi Heikki Hellmanin artikkelista Sanomalehdist\u00f6n kilpailu ja keskittyminen merkityksellisill\u00e4 markkinoilla. Vaikka keskittymisesta\u0308 puhutaan usein negatiiviseen s\u00e4vyyn, Hellman&hellip;\" \/>\n<meta property=\"og:url\" content=\"https:\/\/mediaviestinta.fi\/mevi2020\/2022\/10\/maakunnissa-johtava-lehtitalo-on-la\u0308hes-monopoliasemassa\/\" \/>\n<meta property=\"og:site_name\" content=\"Mevi\" \/>\n<meta property=\"article:publisher\" content=\"https:\/\/www.facebook.com\/MediaViestinta\/\" \/>\n<meta property=\"article:published_time\" content=\"2022-10-26T07:54:19+00:00\" \/>\n<meta property=\"article:modified_time\" content=\"2022-11-19T20:17:42+00:00\" \/>\n<meta property=\"og:image\" content=\"https:\/\/mediaviestinta.fi\/mevi2020\/wp-content\/uploads\/2022\/10\/Paikallislehtia-kuvassa-kuva-Lauri-Haapanen.jpg\" \/>\n\t<meta property=\"og:image:width\" content=\"1280\" \/>\n\t<meta property=\"og:image:height\" content=\"656\" \/>\n\t<meta property=\"og:image:type\" content=\"image\/jpeg\" \/>\n<meta name=\"author\" content=\"Mevi\" \/>\n<meta name=\"twitter:card\" content=\"summary_large_image\" \/>\n<meta name=\"twitter:creator\" content=\"@mediaviestinta\" \/>\n<meta name=\"twitter:site\" content=\"@mediaviestinta\" \/>\n<meta name=\"twitter:label1\" content=\"Kirjoittanut\" \/>\n\t<meta name=\"twitter:data1\" content=\"Mevi\" \/>\n\t<meta name=\"twitter:label2\" content=\"Arvioitu lukuaika\" \/>\n\t<meta name=\"twitter:data2\" content=\"2 minuuttia\" \/>\n<script type=\"application\/ld+json\" class=\"yoast-schema-graph\">{\"@context\":\"https:\\\/\\\/schema.org\",\"@graph\":[{\"@type\":\"Article\",\"@id\":\"https:\\\/\\\/mediaviestinta.fi\\\/mevi2020\\\/2022\\\/10\\\/maakunnissa-johtava-lehtitalo-on-la%cc%88hes-monopoliasemassa\\\/#article\",\"isPartOf\":{\"@id\":\"https:\\\/\\\/mediaviestinta.fi\\\/mevi2020\\\/2022\\\/10\\\/maakunnissa-johtava-lehtitalo-on-la%cc%88hes-monopoliasemassa\\\/\"},\"author\":{\"name\":\"Mevi\",\"@id\":\"https:\\\/\\\/mediaviestinta.fi\\\/#\\\/schema\\\/person\\\/b2da34ab24cfcd17dbdd6c7cfb173257\"},\"headline\":\"Maakunnissa johtava lehtitalo on la\u0308hes monopoliasemassa\",\"datePublished\":\"2022-10-26T07:54:19+00:00\",\"dateModified\":\"2022-11-19T20:17:42+00:00\",\"mainEntityOfPage\":{\"@id\":\"https:\\\/\\\/mediaviestinta.fi\\\/mevi2020\\\/2022\\\/10\\\/maakunnissa-johtava-lehtitalo-on-la%cc%88hes-monopoliasemassa\\\/\"},\"wordCount\":331,\"commentCount\":0,\"publisher\":{\"@id\":\"https:\\\/\\\/mediaviestinta.fi\\\/#organization\"},\"image\":{\"@id\":\"https:\\\/\\\/mediaviestinta.fi\\\/mevi2020\\\/2022\\\/10\\\/maakunnissa-johtava-lehtitalo-on-la%cc%88hes-monopoliasemassa\\\/#primaryimage\"},\"thumbnailUrl\":\"https:\\\/\\\/mediaviestinta.fi\\\/mevi2020\\\/wp-content\\\/uploads\\\/2022\\\/10\\\/Paikallislehtia-kuvassa-kuva-Lauri-Haapanen.jpg\",\"keywords\":[\"keskittyminen\",\"kilpailu\",\"maakunnat\",\"mediamarkkinat\",\"mediapolitiikka\",\"sanomalehdist\u00f6\",\"Suomi\"],\"inLanguage\":\"fi\",\"potentialAction\":[{\"@type\":\"CommentAction\",\"name\":\"Comment\",\"target\":[\"https:\\\/\\\/mediaviestinta.fi\\\/mevi2020\\\/2022\\\/10\\\/maakunnissa-johtava-lehtitalo-on-la%cc%88hes-monopoliasemassa\\\/#respond\"]}]},{\"@type\":\"WebPage\",\"@id\":\"https:\\\/\\\/mediaviestinta.fi\\\/mevi2020\\\/2022\\\/10\\\/maakunnissa-johtava-lehtitalo-on-la%cc%88hes-monopoliasemassa\\\/\",\"url\":\"https:\\\/\\\/mediaviestinta.fi\\\/mevi2020\\\/2022\\\/10\\\/maakunnissa-johtava-lehtitalo-on-la%cc%88hes-monopoliasemassa\\\/\",\"name\":\"Maakunnissa johtava lehtitalo on la\u0308hes monopoliasemassa &#8211; Mevi\",\"isPartOf\":{\"@id\":\"https:\\\/\\\/mediaviestinta.fi\\\/#website\"},\"primaryImageOfPage\":{\"@id\":\"https:\\\/\\\/mediaviestinta.fi\\\/mevi2020\\\/2022\\\/10\\\/maakunnissa-johtava-lehtitalo-on-la%cc%88hes-monopoliasemassa\\\/#primaryimage\"},\"image\":{\"@id\":\"https:\\\/\\\/mediaviestinta.fi\\\/mevi2020\\\/2022\\\/10\\\/maakunnissa-johtava-lehtitalo-on-la%cc%88hes-monopoliasemassa\\\/#primaryimage\"},\"thumbnailUrl\":\"https:\\\/\\\/mediaviestinta.fi\\\/mevi2020\\\/wp-content\\\/uploads\\\/2022\\\/10\\\/Paikallislehtia-kuvassa-kuva-Lauri-Haapanen.jpg\",\"datePublished\":\"2022-10-26T07:54:19+00:00\",\"dateModified\":\"2022-11-19T20:17:42+00:00\",\"breadcrumb\":{\"@id\":\"https:\\\/\\\/mediaviestinta.fi\\\/mevi2020\\\/2022\\\/10\\\/maakunnissa-johtava-lehtitalo-on-la%cc%88hes-monopoliasemassa\\\/#breadcrumb\"},\"inLanguage\":\"fi\",\"potentialAction\":[{\"@type\":\"ReadAction\",\"target\":[\"https:\\\/\\\/mediaviestinta.fi\\\/mevi2020\\\/2022\\\/10\\\/maakunnissa-johtava-lehtitalo-on-la%cc%88hes-monopoliasemassa\\\/\"]}]},{\"@type\":\"ImageObject\",\"inLanguage\":\"fi\",\"@id\":\"https:\\\/\\\/mediaviestinta.fi\\\/mevi2020\\\/2022\\\/10\\\/maakunnissa-johtava-lehtitalo-on-la%cc%88hes-monopoliasemassa\\\/#primaryimage\",\"url\":\"https:\\\/\\\/mediaviestinta.fi\\\/mevi2020\\\/wp-content\\\/uploads\\\/2022\\\/10\\\/Paikallislehtia-kuvassa-kuva-Lauri-Haapanen.jpg\",\"contentUrl\":\"https:\\\/\\\/mediaviestinta.fi\\\/mevi2020\\\/wp-content\\\/uploads\\\/2022\\\/10\\\/Paikallislehtia-kuvassa-kuva-Lauri-Haapanen.jpg\",\"width\":1280,\"height\":656,\"caption\":\"Kuva: Lauri Haapanen\"},{\"@type\":\"BreadcrumbList\",\"@id\":\"https:\\\/\\\/mediaviestinta.fi\\\/mevi2020\\\/2022\\\/10\\\/maakunnissa-johtava-lehtitalo-on-la%cc%88hes-monopoliasemassa\\\/#breadcrumb\",\"itemListElement\":[{\"@type\":\"ListItem\",\"position\":1,\"name\":\"Home\",\"item\":\"https:\\\/\\\/mediaviestinta.fi\\\/\"},{\"@type\":\"ListItem\",\"position\":2,\"name\":\"Maakunnissa johtava lehtitalo on la\u0308hes monopoliasemassa\"}]},{\"@type\":\"WebSite\",\"@id\":\"https:\\\/\\\/mediaviestinta.fi\\\/#website\",\"url\":\"https:\\\/\\\/mediaviestinta.fi\\\/\",\"name\":\"Mevi\",\"description\":\"Media- ja viestint\u00e4tieteellinen seura Mevi\",\"publisher\":{\"@id\":\"https:\\\/\\\/mediaviestinta.fi\\\/#organization\"},\"potentialAction\":[{\"@type\":\"SearchAction\",\"target\":{\"@type\":\"EntryPoint\",\"urlTemplate\":\"https:\\\/\\\/mediaviestinta.fi\\\/?s={search_term_string}\"},\"query-input\":{\"@type\":\"PropertyValueSpecification\",\"valueRequired\":true,\"valueName\":\"search_term_string\"}}],\"inLanguage\":\"fi\"},{\"@type\":\"Organization\",\"@id\":\"https:\\\/\\\/mediaviestinta.fi\\\/#organization\",\"name\":\"Media- ja viestint\u00e4tieteellinen seura Mevi\",\"url\":\"https:\\\/\\\/mediaviestinta.fi\\\/\",\"logo\":{\"@type\":\"ImageObject\",\"inLanguage\":\"fi\",\"@id\":\"https:\\\/\\\/mediaviestinta.fi\\\/#\\\/schema\\\/logo\\\/image\\\/\",\"url\":\"https:\\\/\\\/mediaviestinta.fi\\\/mevi2020\\\/wp-content\\\/uploads\\\/2020\\\/03\\\/mevi-logo-RGB-Transparent.png\",\"contentUrl\":\"https:\\\/\\\/mediaviestinta.fi\\\/mevi2020\\\/wp-content\\\/uploads\\\/2020\\\/03\\\/mevi-logo-RGB-Transparent.png\",\"width\":910,\"height\":464,\"caption\":\"Media- ja viestint\u00e4tieteellinen seura Mevi\"},\"image\":{\"@id\":\"https:\\\/\\\/mediaviestinta.fi\\\/#\\\/schema\\\/logo\\\/image\\\/\"},\"sameAs\":[\"https:\\\/\\\/www.facebook.com\\\/MediaViestinta\\\/\",\"https:\\\/\\\/x.com\\\/mediaviestinta\"]},{\"@type\":\"Person\",\"@id\":\"https:\\\/\\\/mediaviestinta.fi\\\/#\\\/schema\\\/person\\\/b2da34ab24cfcd17dbdd6c7cfb173257\",\"name\":\"Mevi\",\"image\":{\"@type\":\"ImageObject\",\"inLanguage\":\"fi\",\"@id\":\"https:\\\/\\\/secure.gravatar.com\\\/avatar\\\/3305b76d1667dc119a18808ed03d6a1fc2dfa8b6a1cddecb8c4d27ef14ec32ca?s=96&d=mm&r=g\",\"url\":\"https:\\\/\\\/secure.gravatar.com\\\/avatar\\\/3305b76d1667dc119a18808ed03d6a1fc2dfa8b6a1cddecb8c4d27ef14ec32ca?s=96&d=mm&r=g\",\"contentUrl\":\"https:\\\/\\\/secure.gravatar.com\\\/avatar\\\/3305b76d1667dc119a18808ed03d6a1fc2dfa8b6a1cddecb8c4d27ef14ec32ca?s=96&d=mm&r=g\",\"caption\":\"Mevi\"},\"url\":\"https:\\\/\\\/mediaviestinta.fi\\\/mevi2020\\\/author\\\/mediavie\\\/\"}]}<\/script>\n<!-- \/ Yoast SEO plugin. -->","yoast_head_json":{"title":"Maakunnissa johtava lehtitalo on la\u0308hes monopoliasemassa &#8211; Mevi","robots":{"index":"index","follow":"follow","max-snippet":"max-snippet:-1","max-image-preview":"max-image-preview:large","max-video-preview":"max-video-preview:-1"},"canonical":"https:\/\/mediaviestinta.fi\/mevi2020\/2022\/10\/maakunnissa-johtava-lehtitalo-on-la\u0308hes-monopoliasemassa\/","og_locale":"fi_FI","og_type":"article","og_title":"Maakunnissa johtava lehtitalo on la\u0308hes monopoliasemassa &#8211; Mevi","og_description":"Kymmeness\u00e4 Suomen maakunnassa yhdell\u00e4 lehtitalolla on yli 90 prosentin markkinaosuus, k\u00e4y ilmi Heikki Hellmanin artikkelista Sanomalehdist\u00f6n kilpailu ja keskittyminen merkityksellisill\u00e4 markkinoilla. Vaikka keskittymisesta\u0308 puhutaan usein negatiiviseen s\u00e4vyyn, Hellman&hellip;","og_url":"https:\/\/mediaviestinta.fi\/mevi2020\/2022\/10\/maakunnissa-johtava-lehtitalo-on-la\u0308hes-monopoliasemassa\/","og_site_name":"Mevi","article_publisher":"https:\/\/www.facebook.com\/MediaViestinta\/","article_published_time":"2022-10-26T07:54:19+00:00","article_modified_time":"2022-11-19T20:17:42+00:00","og_image":[{"width":1280,"height":656,"url":"https:\/\/mediaviestinta.fi\/mevi2020\/wp-content\/uploads\/2022\/10\/Paikallislehtia-kuvassa-kuva-Lauri-Haapanen.jpg","type":"image\/jpeg"}],"author":"Mevi","twitter_card":"summary_large_image","twitter_creator":"@mediaviestinta","twitter_site":"@mediaviestinta","twitter_misc":{"Kirjoittanut":"Mevi","Arvioitu lukuaika":"2 minuuttia"},"schema":{"@context":"https:\/\/schema.org","@graph":[{"@type":"Article","@id":"https:\/\/mediaviestinta.fi\/mevi2020\/2022\/10\/maakunnissa-johtava-lehtitalo-on-la%cc%88hes-monopoliasemassa\/#article","isPartOf":{"@id":"https:\/\/mediaviestinta.fi\/mevi2020\/2022\/10\/maakunnissa-johtava-lehtitalo-on-la%cc%88hes-monopoliasemassa\/"},"author":{"name":"Mevi","@id":"https:\/\/mediaviestinta.fi\/#\/schema\/person\/b2da34ab24cfcd17dbdd6c7cfb173257"},"headline":"Maakunnissa johtava lehtitalo on la\u0308hes monopoliasemassa","datePublished":"2022-10-26T07:54:19+00:00","dateModified":"2022-11-19T20:17:42+00:00","mainEntityOfPage":{"@id":"https:\/\/mediaviestinta.fi\/mevi2020\/2022\/10\/maakunnissa-johtava-lehtitalo-on-la%cc%88hes-monopoliasemassa\/"},"wordCount":331,"commentCount":0,"publisher":{"@id":"https:\/\/mediaviestinta.fi\/#organization"},"image":{"@id":"https:\/\/mediaviestinta.fi\/mevi2020\/2022\/10\/maakunnissa-johtava-lehtitalo-on-la%cc%88hes-monopoliasemassa\/#primaryimage"},"thumbnailUrl":"https:\/\/mediaviestinta.fi\/mevi2020\/wp-content\/uploads\/2022\/10\/Paikallislehtia-kuvassa-kuva-Lauri-Haapanen.jpg","keywords":["keskittyminen","kilpailu","maakunnat","mediamarkkinat","mediapolitiikka","sanomalehdist\u00f6","Suomi"],"inLanguage":"fi","potentialAction":[{"@type":"CommentAction","name":"Comment","target":["https:\/\/mediaviestinta.fi\/mevi2020\/2022\/10\/maakunnissa-johtava-lehtitalo-on-la%cc%88hes-monopoliasemassa\/#respond"]}]},{"@type":"WebPage","@id":"https:\/\/mediaviestinta.fi\/mevi2020\/2022\/10\/maakunnissa-johtava-lehtitalo-on-la%cc%88hes-monopoliasemassa\/","url":"https:\/\/mediaviestinta.fi\/mevi2020\/2022\/10\/maakunnissa-johtava-lehtitalo-on-la%cc%88hes-monopoliasemassa\/","name":"Maakunnissa johtava lehtitalo on la\u0308hes monopoliasemassa &#8211; Mevi","isPartOf":{"@id":"https:\/\/mediaviestinta.fi\/#website"},"primaryImageOfPage":{"@id":"https:\/\/mediaviestinta.fi\/mevi2020\/2022\/10\/maakunnissa-johtava-lehtitalo-on-la%cc%88hes-monopoliasemassa\/#primaryimage"},"image":{"@id":"https:\/\/mediaviestinta.fi\/mevi2020\/2022\/10\/maakunnissa-johtava-lehtitalo-on-la%cc%88hes-monopoliasemassa\/#primaryimage"},"thumbnailUrl":"https:\/\/mediaviestinta.fi\/mevi2020\/wp-content\/uploads\/2022\/10\/Paikallislehtia-kuvassa-kuva-Lauri-Haapanen.jpg","datePublished":"2022-10-26T07:54:19+00:00","dateModified":"2022-11-19T20:17:42+00:00","breadcrumb":{"@id":"https:\/\/mediaviestinta.fi\/mevi2020\/2022\/10\/maakunnissa-johtava-lehtitalo-on-la%cc%88hes-monopoliasemassa\/#breadcrumb"},"inLanguage":"fi","potentialAction":[{"@type":"ReadAction","target":["https:\/\/mediaviestinta.fi\/mevi2020\/2022\/10\/maakunnissa-johtava-lehtitalo-on-la%cc%88hes-monopoliasemassa\/"]}]},{"@type":"ImageObject","inLanguage":"fi","@id":"https:\/\/mediaviestinta.fi\/mevi2020\/2022\/10\/maakunnissa-johtava-lehtitalo-on-la%cc%88hes-monopoliasemassa\/#primaryimage","url":"https:\/\/mediaviestinta.fi\/mevi2020\/wp-content\/uploads\/2022\/10\/Paikallislehtia-kuvassa-kuva-Lauri-Haapanen.jpg","contentUrl":"https:\/\/mediaviestinta.fi\/mevi2020\/wp-content\/uploads\/2022\/10\/Paikallislehtia-kuvassa-kuva-Lauri-Haapanen.jpg","width":1280,"height":656,"caption":"Kuva: Lauri Haapanen"},{"@type":"BreadcrumbList","@id":"https:\/\/mediaviestinta.fi\/mevi2020\/2022\/10\/maakunnissa-johtava-lehtitalo-on-la%cc%88hes-monopoliasemassa\/#breadcrumb","itemListElement":[{"@type":"ListItem","position":1,"name":"Home","item":"https:\/\/mediaviestinta.fi\/"},{"@type":"ListItem","position":2,"name":"Maakunnissa johtava lehtitalo on la\u0308hes monopoliasemassa"}]},{"@type":"WebSite","@id":"https:\/\/mediaviestinta.fi\/#website","url":"https:\/\/mediaviestinta.fi\/","name":"Mevi","description":"Media- ja viestint\u00e4tieteellinen seura Mevi","publisher":{"@id":"https:\/\/mediaviestinta.fi\/#organization"},"potentialAction":[{"@type":"SearchAction","target":{"@type":"EntryPoint","urlTemplate":"https:\/\/mediaviestinta.fi\/?s={search_term_string}"},"query-input":{"@type":"PropertyValueSpecification","valueRequired":true,"valueName":"search_term_string"}}],"inLanguage":"fi"},{"@type":"Organization","@id":"https:\/\/mediaviestinta.fi\/#organization","name":"Media- ja viestint\u00e4tieteellinen seura Mevi","url":"https:\/\/mediaviestinta.fi\/","logo":{"@type":"ImageObject","inLanguage":"fi","@id":"https:\/\/mediaviestinta.fi\/#\/schema\/logo\/image\/","url":"https:\/\/mediaviestinta.fi\/mevi2020\/wp-content\/uploads\/2020\/03\/mevi-logo-RGB-Transparent.png","contentUrl":"https:\/\/mediaviestinta.fi\/mevi2020\/wp-content\/uploads\/2020\/03\/mevi-logo-RGB-Transparent.png","width":910,"height":464,"caption":"Media- ja viestint\u00e4tieteellinen seura Mevi"},"image":{"@id":"https:\/\/mediaviestinta.fi\/#\/schema\/logo\/image\/"},"sameAs":["https:\/\/www.facebook.com\/MediaViestinta\/","https:\/\/x.com\/mediaviestinta"]},{"@type":"Person","@id":"https:\/\/mediaviestinta.fi\/#\/schema\/person\/b2da34ab24cfcd17dbdd6c7cfb173257","name":"Mevi","image":{"@type":"ImageObject","inLanguage":"fi","@id":"https:\/\/secure.gravatar.com\/avatar\/3305b76d1667dc119a18808ed03d6a1fc2dfa8b6a1cddecb8c4d27ef14ec32ca?s=96&d=mm&r=g","url":"https:\/\/secure.gravatar.com\/avatar\/3305b76d1667dc119a18808ed03d6a1fc2dfa8b6a1cddecb8c4d27ef14ec32ca?s=96&d=mm&r=g","contentUrl":"https:\/\/secure.gravatar.com\/avatar\/3305b76d1667dc119a18808ed03d6a1fc2dfa8b6a1cddecb8c4d27ef14ec32ca?s=96&d=mm&r=g","caption":"Mevi"},"url":"https:\/\/mediaviestinta.fi\/mevi2020\/author\/mediavie\/"}]}},"_links":{"self":[{"href":"https:\/\/mediaviestinta.fi\/mevi2020\/wp-json\/wp\/v2\/posts\/4780","targetHints":{"allow":["GET"]}}],"collection":[{"href":"https:\/\/mediaviestinta.fi\/mevi2020\/wp-json\/wp\/v2\/posts"}],"about":[{"href":"https:\/\/mediaviestinta.fi\/mevi2020\/wp-json\/wp\/v2\/types\/post"}],"author":[{"embeddable":true,"href":"https:\/\/mediaviestinta.fi\/mevi2020\/wp-json\/wp\/v2\/users\/3"}],"replies":[{"embeddable":true,"href":"https:\/\/mediaviestinta.fi\/mevi2020\/wp-json\/wp\/v2\/comments?post=4780"}],"version-history":[{"count":4,"href":"https:\/\/mediaviestinta.fi\/mevi2020\/wp-json\/wp\/v2\/posts\/4780\/revisions"}],"predecessor-version":[{"id":4792,"href":"https:\/\/mediaviestinta.fi\/mevi2020\/wp-json\/wp\/v2\/posts\/4780\/revisions\/4792"}],"wp:featuredmedia":[{"embeddable":true,"href":"https:\/\/mediaviestinta.fi\/mevi2020\/wp-json\/wp\/v2\/media\/4782"}],"wp:attachment":[{"href":"https:\/\/mediaviestinta.fi\/mevi2020\/wp-json\/wp\/v2\/media?parent=4780"}],"wp:term":[{"taxonomy":"category","embeddable":true,"href":"https:\/\/mediaviestinta.fi\/mevi2020\/wp-json\/wp\/v2\/categories?post=4780"},{"taxonomy":"post_tag","embeddable":true,"href":"https:\/\/mediaviestinta.fi\/mevi2020\/wp-json\/wp\/v2\/tags?post=4780"}],"curies":[{"name":"wp","href":"https:\/\/api.w.org\/{rel}","templated":true}]}}