{"id":4795,"date":"2023-01-19T09:44:31","date_gmt":"2023-01-19T07:44:31","guid":{"rendered":"https:\/\/mediaviestinta.fi\/?p=4795"},"modified":"2023-01-30T11:26:42","modified_gmt":"2023-01-30T09:26:42","slug":"epaluottamus-ei-perustu-vain-uutismedian-edustamiin-ideologioihin-ja-arvoihin-vaan-se-koetaan-poliittiseksi-vastustajaksi-niista-riippumatta","status":"publish","type":"post","link":"https:\/\/mediaviestinta.fi\/mevi2020\/2023\/01\/epaluottamus-ei-perustu-vain-uutismedian-edustamiin-ideologioihin-ja-arvoihin-vaan-se-koetaan-poliittiseksi-vastustajaksi-niista-riippumatta\/","title":{"rendered":"Luottamus perustuu kokemukseen uutisoinnin oikeudenmukaisuudesta"},"content":{"rendered":"\n<p class=\"has-primary-color has-text-color\"><strong>Artikkelissaan <a href=\"https:\/\/journal.fi\/mediaviestinta\/article\/view\/125625\" target=\"_blank\" rel=\"noreferrer noopener\">Poliittinen polarisaatio ja journalismi<\/a> Esa Reunanen analysoi kyselyaineistosta esiin nelj\u00e4 luottamusprofiilia, jotka tarkentavat k\u00e4sityst\u00e4 medialuottamuksen moniulotteisuudesta ja antavat yleiskuvan siit\u00e4, miten luottamus uutismediaan Suomessa jakautuu. Artikkeli on julkaistu\u00a0<a href=\"https:\/\/journal.fi\/mediaviestinta\/issue\/view\/8909\" target=\"_blank\" rel=\"noreferrer noopener\">Media &amp; viestint\u00e4 -lehdess\u00e4 4\/2022<\/a>.<\/strong><\/p>\n\n\n\n<p><strong>Mihin laajempaan ilmi\u00f6\u00f6n artikkelisi liittyy?<br><\/strong>Artikkeli liittyy kysymyksiin yhteiskunnan poliittisesta polarisaatiosta ja journalismin demokraattisesta roolista.<\/p>\n\n\n\n<p><strong>Mik\u00e4 on antisi t\u00e4h\u00e4n keskusteluun?<br><\/strong>Artikkeli antaa yleiskuvauksen siit\u00e4, mill\u00e4 tavoin suomalainen aikuisv\u00e4est\u00f6 jakautuu uutismediaan eri tavoin luottaviin profiileihin ja pohtii t\u00e4m\u00e4n luottamuksen ja ep\u00e4luottamuksen taustalla olevia tekij\u00f6it\u00e4. Lis\u00e4ksi artikkeli tarkastelee erilaisia strategioita, joilla uutismedia voi reagoida yhteiskunnan poliittisen polarisaatioon ja valtamediaan ep\u00e4ilev\u00e4sti suhtautuvaan yleis\u00f6\u00f6n.<\/p>\n\n\n\n<p><strong>Mik\u00e4 on artikkelisi keskeinen argumentti?<\/strong><br>Suomalainen uutismedia ei ole poliittisesti polarisoitunutta, mink\u00e4 vuoksi ihmiset tyypillisesti joko luottavat kaikkiin suuriin uutisjulkaisuihin tai eiv\u00e4t mihink\u00e4\u00e4n niist\u00e4. Lis\u00e4ksi erottuu valikoivasti luottavien profiili, jossa ep\u00e4luottamus n\u00e4ytt\u00e4\u00e4 kytkeytyv\u00e4n median kaupallisuuteen ja sensationalismiin pikemmin kuin uutisjulkaisun ideologisiin painotuksiin, sek\u00e4 neutraalien profiili, jossa uutisjulkaisuja ei pidet\u00e4 enemp\u00e4\u00e4 luotettavina kuin ep\u00e4luotettavinakaan.<\/p>\n\n\n\n<p><strong>Mit\u00e4 haluat artikkelillasi sanoa?<br><\/strong>Artikkeli pyrkii valottamaan uutismediaa kohtaan tunnetun luottamuksen ja ep\u00e4luottamuksen taustoja sek\u00e4 pohtimaan mahdollisuuksia, joilla uutismedia voisi yll\u00e4pit\u00e4\u00e4 kyky\u00e4\u00e4n toimia demokraattisena instituutiona nykyisess\u00e4 poliittisessa ja mediaymp\u00e4rist\u00f6ss\u00e4.<\/p>\n\n\n\n<p><strong>Kenen kannattaa lukea artikkelisi?<\/strong><br>Kaikkien, joita aihe kiinnostaa viel\u00e4 otsikon ja abstraktin lukemisen j\u00e4lkeen.<\/p>\n\n\n\n<p><strong>Mik\u00e4 sai sinut tarttumaan t\u00e4h\u00e4n aiheeseen?<br><\/strong>Kiinnostuin kokeilemaan, mit\u00e4 tilastollisella LCA-menetelm\u00e4ll\u00e4 saa irti k\u00e4yt\u00f6ss\u00e4ni olleesta Reuters-instituutin Digital News Report -kyselyaineistosta.<\/p>\n\n\n\n<p>(Lauri Haapanen)<\/p>\n","protected":false},"excerpt":{"rendered":"<p>Artikkelissaan Poliittinen polarisaatio ja journalismi Esa Reunanen analysoi kyselyaineistosta esiin nelj\u00e4 luottamusprofiilia, jotka tarkentavat k\u00e4sityst\u00e4 medialuottamuksen moniulotteisuudesta ja antavat yleiskuvan siit\u00e4, miten luottamus uutismediaan Suomessa jakautuu. Artikkeli on&hellip;<\/p>\n","protected":false},"author":3,"featured_media":4801,"comment_status":"open","ping_status":"closed","sticky":false,"template":"","format":"standard","meta":{"_monsterinsights_skip_tracking":false,"_monsterinsights_sitenote_active":false,"_monsterinsights_sitenote_note":"","_monsterinsights_sitenote_category":0,"footnotes":""},"categories":[1],"tags":[130,103,233,268],"class_list":["post-4795","post","type-post","status-publish","format-standard","has-post-thumbnail","hentry","category-yleinen","tag-journalismi","tag-luottamus","tag-polarisaatio","tag-uutismedia"],"yoast_head":"<!-- This site is optimized with the Yoast SEO plugin v27.5 - https:\/\/yoast.com\/product\/yoast-seo-wordpress\/ -->\n<title>Luottamus perustuu kokemukseen uutisoinnin oikeudenmukaisuudesta &#8211; Mevi<\/title>\n<meta name=\"robots\" content=\"index, follow, max-snippet:-1, max-image-preview:large, max-video-preview:-1\" \/>\n<link rel=\"canonical\" href=\"https:\/\/mediaviestinta.fi\/mevi2020\/2023\/01\/epaluottamus-ei-perustu-vain-uutismedian-edustamiin-ideologioihin-ja-arvoihin-vaan-se-koetaan-poliittiseksi-vastustajaksi-niista-riippumatta\/\" \/>\n<meta property=\"og:locale\" content=\"fi_FI\" \/>\n<meta property=\"og:type\" content=\"article\" \/>\n<meta property=\"og:title\" content=\"Luottamus perustuu kokemukseen uutisoinnin oikeudenmukaisuudesta &#8211; Mevi\" \/>\n<meta property=\"og:description\" content=\"Artikkelissaan Poliittinen polarisaatio ja journalismi Esa Reunanen analysoi kyselyaineistosta esiin nelj\u00e4 luottamusprofiilia, jotka tarkentavat k\u00e4sityst\u00e4 medialuottamuksen moniulotteisuudesta ja antavat yleiskuvan siit\u00e4, miten luottamus uutismediaan Suomessa jakautuu. Artikkeli on&hellip;\" \/>\n<meta property=\"og:url\" content=\"https:\/\/mediaviestinta.fi\/mevi2020\/2023\/01\/epaluottamus-ei-perustu-vain-uutismedian-edustamiin-ideologioihin-ja-arvoihin-vaan-se-koetaan-poliittiseksi-vastustajaksi-niista-riippumatta\/\" \/>\n<meta property=\"og:site_name\" content=\"Mevi\" \/>\n<meta property=\"article:publisher\" content=\"https:\/\/www.facebook.com\/MediaViestinta\/\" \/>\n<meta property=\"article:published_time\" content=\"2023-01-19T07:44:31+00:00\" \/>\n<meta property=\"article:modified_time\" content=\"2023-01-30T09:26:42+00:00\" \/>\n<meta property=\"og:image\" content=\"https:\/\/mediaviestinta.fi\/mevi2020\/wp-content\/uploads\/2023\/01\/gear5-8-by-roberto-r-Q8H5QgDvu-M-unsplash.jpg\" \/>\n\t<meta property=\"og:image:width\" content=\"2400\" \/>\n\t<meta property=\"og:image:height\" content=\"1600\" \/>\n\t<meta property=\"og:image:type\" content=\"image\/jpeg\" \/>\n<meta name=\"author\" content=\"Mevi\" \/>\n<meta name=\"twitter:card\" content=\"summary_large_image\" \/>\n<meta name=\"twitter:creator\" content=\"@mediaviestinta\" \/>\n<meta name=\"twitter:site\" content=\"@mediaviestinta\" \/>\n<meta name=\"twitter:label1\" content=\"Kirjoittanut\" \/>\n\t<meta name=\"twitter:data1\" content=\"Mevi\" \/>\n\t<meta name=\"twitter:label2\" content=\"Arvioitu lukuaika\" \/>\n\t<meta name=\"twitter:data2\" content=\"2 minuuttia\" \/>\n<script type=\"application\/ld+json\" class=\"yoast-schema-graph\">{\"@context\":\"https:\\\/\\\/schema.org\",\"@graph\":[{\"@type\":\"Article\",\"@id\":\"https:\\\/\\\/mediaviestinta.fi\\\/mevi2020\\\/2023\\\/01\\\/epaluottamus-ei-perustu-vain-uutismedian-edustamiin-ideologioihin-ja-arvoihin-vaan-se-koetaan-poliittiseksi-vastustajaksi-niista-riippumatta\\\/#article\",\"isPartOf\":{\"@id\":\"https:\\\/\\\/mediaviestinta.fi\\\/mevi2020\\\/2023\\\/01\\\/epaluottamus-ei-perustu-vain-uutismedian-edustamiin-ideologioihin-ja-arvoihin-vaan-se-koetaan-poliittiseksi-vastustajaksi-niista-riippumatta\\\/\"},\"author\":{\"name\":\"Mevi\",\"@id\":\"https:\\\/\\\/mediaviestinta.fi\\\/#\\\/schema\\\/person\\\/b2da34ab24cfcd17dbdd6c7cfb173257\"},\"headline\":\"Luottamus perustuu kokemukseen uutisoinnin oikeudenmukaisuudesta\",\"datePublished\":\"2023-01-19T07:44:31+00:00\",\"dateModified\":\"2023-01-30T09:26:42+00:00\",\"mainEntityOfPage\":{\"@id\":\"https:\\\/\\\/mediaviestinta.fi\\\/mevi2020\\\/2023\\\/01\\\/epaluottamus-ei-perustu-vain-uutismedian-edustamiin-ideologioihin-ja-arvoihin-vaan-se-koetaan-poliittiseksi-vastustajaksi-niista-riippumatta\\\/\"},\"wordCount\":248,\"commentCount\":0,\"publisher\":{\"@id\":\"https:\\\/\\\/mediaviestinta.fi\\\/#organization\"},\"image\":{\"@id\":\"https:\\\/\\\/mediaviestinta.fi\\\/mevi2020\\\/2023\\\/01\\\/epaluottamus-ei-perustu-vain-uutismedian-edustamiin-ideologioihin-ja-arvoihin-vaan-se-koetaan-poliittiseksi-vastustajaksi-niista-riippumatta\\\/#primaryimage\"},\"thumbnailUrl\":\"https:\\\/\\\/mediaviestinta.fi\\\/mevi2020\\\/wp-content\\\/uploads\\\/2023\\\/01\\\/gear5-8-by-roberto-r-Q8H5QgDvu-M-unsplash.jpg\",\"keywords\":[\"journalismi\",\"luottamus\",\"polarisaatio\",\"uutismedia\"],\"inLanguage\":\"fi\",\"potentialAction\":[{\"@type\":\"CommentAction\",\"name\":\"Comment\",\"target\":[\"https:\\\/\\\/mediaviestinta.fi\\\/mevi2020\\\/2023\\\/01\\\/epaluottamus-ei-perustu-vain-uutismedian-edustamiin-ideologioihin-ja-arvoihin-vaan-se-koetaan-poliittiseksi-vastustajaksi-niista-riippumatta\\\/#respond\"]}]},{\"@type\":\"WebPage\",\"@id\":\"https:\\\/\\\/mediaviestinta.fi\\\/mevi2020\\\/2023\\\/01\\\/epaluottamus-ei-perustu-vain-uutismedian-edustamiin-ideologioihin-ja-arvoihin-vaan-se-koetaan-poliittiseksi-vastustajaksi-niista-riippumatta\\\/\",\"url\":\"https:\\\/\\\/mediaviestinta.fi\\\/mevi2020\\\/2023\\\/01\\\/epaluottamus-ei-perustu-vain-uutismedian-edustamiin-ideologioihin-ja-arvoihin-vaan-se-koetaan-poliittiseksi-vastustajaksi-niista-riippumatta\\\/\",\"name\":\"Luottamus perustuu kokemukseen uutisoinnin oikeudenmukaisuudesta &#8211; Mevi\",\"isPartOf\":{\"@id\":\"https:\\\/\\\/mediaviestinta.fi\\\/#website\"},\"primaryImageOfPage\":{\"@id\":\"https:\\\/\\\/mediaviestinta.fi\\\/mevi2020\\\/2023\\\/01\\\/epaluottamus-ei-perustu-vain-uutismedian-edustamiin-ideologioihin-ja-arvoihin-vaan-se-koetaan-poliittiseksi-vastustajaksi-niista-riippumatta\\\/#primaryimage\"},\"image\":{\"@id\":\"https:\\\/\\\/mediaviestinta.fi\\\/mevi2020\\\/2023\\\/01\\\/epaluottamus-ei-perustu-vain-uutismedian-edustamiin-ideologioihin-ja-arvoihin-vaan-se-koetaan-poliittiseksi-vastustajaksi-niista-riippumatta\\\/#primaryimage\"},\"thumbnailUrl\":\"https:\\\/\\\/mediaviestinta.fi\\\/mevi2020\\\/wp-content\\\/uploads\\\/2023\\\/01\\\/gear5-8-by-roberto-r-Q8H5QgDvu-M-unsplash.jpg\",\"datePublished\":\"2023-01-19T07:44:31+00:00\",\"dateModified\":\"2023-01-30T09:26:42+00:00\",\"breadcrumb\":{\"@id\":\"https:\\\/\\\/mediaviestinta.fi\\\/mevi2020\\\/2023\\\/01\\\/epaluottamus-ei-perustu-vain-uutismedian-edustamiin-ideologioihin-ja-arvoihin-vaan-se-koetaan-poliittiseksi-vastustajaksi-niista-riippumatta\\\/#breadcrumb\"},\"inLanguage\":\"fi\",\"potentialAction\":[{\"@type\":\"ReadAction\",\"target\":[\"https:\\\/\\\/mediaviestinta.fi\\\/mevi2020\\\/2023\\\/01\\\/epaluottamus-ei-perustu-vain-uutismedian-edustamiin-ideologioihin-ja-arvoihin-vaan-se-koetaan-poliittiseksi-vastustajaksi-niista-riippumatta\\\/\"]}]},{\"@type\":\"ImageObject\",\"inLanguage\":\"fi\",\"@id\":\"https:\\\/\\\/mediaviestinta.fi\\\/mevi2020\\\/2023\\\/01\\\/epaluottamus-ei-perustu-vain-uutismedian-edustamiin-ideologioihin-ja-arvoihin-vaan-se-koetaan-poliittiseksi-vastustajaksi-niista-riippumatta\\\/#primaryimage\",\"url\":\"https:\\\/\\\/mediaviestinta.fi\\\/mevi2020\\\/wp-content\\\/uploads\\\/2023\\\/01\\\/gear5-8-by-roberto-r-Q8H5QgDvu-M-unsplash.jpg\",\"contentUrl\":\"https:\\\/\\\/mediaviestinta.fi\\\/mevi2020\\\/wp-content\\\/uploads\\\/2023\\\/01\\\/gear5-8-by-roberto-r-Q8H5QgDvu-M-unsplash.jpg\",\"width\":2400,\"height\":1600,\"caption\":\"Kuva: Gear5.8 by Roberto R. \\\/ Unsplash\"},{\"@type\":\"BreadcrumbList\",\"@id\":\"https:\\\/\\\/mediaviestinta.fi\\\/mevi2020\\\/2023\\\/01\\\/epaluottamus-ei-perustu-vain-uutismedian-edustamiin-ideologioihin-ja-arvoihin-vaan-se-koetaan-poliittiseksi-vastustajaksi-niista-riippumatta\\\/#breadcrumb\",\"itemListElement\":[{\"@type\":\"ListItem\",\"position\":1,\"name\":\"Home\",\"item\":\"https:\\\/\\\/mediaviestinta.fi\\\/\"},{\"@type\":\"ListItem\",\"position\":2,\"name\":\"Luottamus perustuu kokemukseen uutisoinnin oikeudenmukaisuudesta\"}]},{\"@type\":\"WebSite\",\"@id\":\"https:\\\/\\\/mediaviestinta.fi\\\/#website\",\"url\":\"https:\\\/\\\/mediaviestinta.fi\\\/\",\"name\":\"Mevi\",\"description\":\"Media- ja viestint\u00e4tieteellinen seura Mevi\",\"publisher\":{\"@id\":\"https:\\\/\\\/mediaviestinta.fi\\\/#organization\"},\"potentialAction\":[{\"@type\":\"SearchAction\",\"target\":{\"@type\":\"EntryPoint\",\"urlTemplate\":\"https:\\\/\\\/mediaviestinta.fi\\\/?s={search_term_string}\"},\"query-input\":{\"@type\":\"PropertyValueSpecification\",\"valueRequired\":true,\"valueName\":\"search_term_string\"}}],\"inLanguage\":\"fi\"},{\"@type\":\"Organization\",\"@id\":\"https:\\\/\\\/mediaviestinta.fi\\\/#organization\",\"name\":\"Media- ja viestint\u00e4tieteellinen seura Mevi\",\"url\":\"https:\\\/\\\/mediaviestinta.fi\\\/\",\"logo\":{\"@type\":\"ImageObject\",\"inLanguage\":\"fi\",\"@id\":\"https:\\\/\\\/mediaviestinta.fi\\\/#\\\/schema\\\/logo\\\/image\\\/\",\"url\":\"https:\\\/\\\/mediaviestinta.fi\\\/mevi2020\\\/wp-content\\\/uploads\\\/2020\\\/03\\\/mevi-logo-RGB-Transparent.png\",\"contentUrl\":\"https:\\\/\\\/mediaviestinta.fi\\\/mevi2020\\\/wp-content\\\/uploads\\\/2020\\\/03\\\/mevi-logo-RGB-Transparent.png\",\"width\":910,\"height\":464,\"caption\":\"Media- ja viestint\u00e4tieteellinen seura Mevi\"},\"image\":{\"@id\":\"https:\\\/\\\/mediaviestinta.fi\\\/#\\\/schema\\\/logo\\\/image\\\/\"},\"sameAs\":[\"https:\\\/\\\/www.facebook.com\\\/MediaViestinta\\\/\",\"https:\\\/\\\/x.com\\\/mediaviestinta\"]},{\"@type\":\"Person\",\"@id\":\"https:\\\/\\\/mediaviestinta.fi\\\/#\\\/schema\\\/person\\\/b2da34ab24cfcd17dbdd6c7cfb173257\",\"name\":\"Mevi\",\"image\":{\"@type\":\"ImageObject\",\"inLanguage\":\"fi\",\"@id\":\"https:\\\/\\\/secure.gravatar.com\\\/avatar\\\/3305b76d1667dc119a18808ed03d6a1fc2dfa8b6a1cddecb8c4d27ef14ec32ca?s=96&d=mm&r=g\",\"url\":\"https:\\\/\\\/secure.gravatar.com\\\/avatar\\\/3305b76d1667dc119a18808ed03d6a1fc2dfa8b6a1cddecb8c4d27ef14ec32ca?s=96&d=mm&r=g\",\"contentUrl\":\"https:\\\/\\\/secure.gravatar.com\\\/avatar\\\/3305b76d1667dc119a18808ed03d6a1fc2dfa8b6a1cddecb8c4d27ef14ec32ca?s=96&d=mm&r=g\",\"caption\":\"Mevi\"},\"url\":\"https:\\\/\\\/mediaviestinta.fi\\\/mevi2020\\\/author\\\/mediavie\\\/\"}]}<\/script>\n<!-- \/ Yoast SEO plugin. -->","yoast_head_json":{"title":"Luottamus perustuu kokemukseen uutisoinnin oikeudenmukaisuudesta &#8211; Mevi","robots":{"index":"index","follow":"follow","max-snippet":"max-snippet:-1","max-image-preview":"max-image-preview:large","max-video-preview":"max-video-preview:-1"},"canonical":"https:\/\/mediaviestinta.fi\/mevi2020\/2023\/01\/epaluottamus-ei-perustu-vain-uutismedian-edustamiin-ideologioihin-ja-arvoihin-vaan-se-koetaan-poliittiseksi-vastustajaksi-niista-riippumatta\/","og_locale":"fi_FI","og_type":"article","og_title":"Luottamus perustuu kokemukseen uutisoinnin oikeudenmukaisuudesta &#8211; Mevi","og_description":"Artikkelissaan Poliittinen polarisaatio ja journalismi Esa Reunanen analysoi kyselyaineistosta esiin nelj\u00e4 luottamusprofiilia, jotka tarkentavat k\u00e4sityst\u00e4 medialuottamuksen moniulotteisuudesta ja antavat yleiskuvan siit\u00e4, miten luottamus uutismediaan Suomessa jakautuu. Artikkeli on&hellip;","og_url":"https:\/\/mediaviestinta.fi\/mevi2020\/2023\/01\/epaluottamus-ei-perustu-vain-uutismedian-edustamiin-ideologioihin-ja-arvoihin-vaan-se-koetaan-poliittiseksi-vastustajaksi-niista-riippumatta\/","og_site_name":"Mevi","article_publisher":"https:\/\/www.facebook.com\/MediaViestinta\/","article_published_time":"2023-01-19T07:44:31+00:00","article_modified_time":"2023-01-30T09:26:42+00:00","og_image":[{"width":2400,"height":1600,"url":"https:\/\/mediaviestinta.fi\/mevi2020\/wp-content\/uploads\/2023\/01\/gear5-8-by-roberto-r-Q8H5QgDvu-M-unsplash.jpg","type":"image\/jpeg"}],"author":"Mevi","twitter_card":"summary_large_image","twitter_creator":"@mediaviestinta","twitter_site":"@mediaviestinta","twitter_misc":{"Kirjoittanut":"Mevi","Arvioitu lukuaika":"2 minuuttia"},"schema":{"@context":"https:\/\/schema.org","@graph":[{"@type":"Article","@id":"https:\/\/mediaviestinta.fi\/mevi2020\/2023\/01\/epaluottamus-ei-perustu-vain-uutismedian-edustamiin-ideologioihin-ja-arvoihin-vaan-se-koetaan-poliittiseksi-vastustajaksi-niista-riippumatta\/#article","isPartOf":{"@id":"https:\/\/mediaviestinta.fi\/mevi2020\/2023\/01\/epaluottamus-ei-perustu-vain-uutismedian-edustamiin-ideologioihin-ja-arvoihin-vaan-se-koetaan-poliittiseksi-vastustajaksi-niista-riippumatta\/"},"author":{"name":"Mevi","@id":"https:\/\/mediaviestinta.fi\/#\/schema\/person\/b2da34ab24cfcd17dbdd6c7cfb173257"},"headline":"Luottamus perustuu kokemukseen uutisoinnin oikeudenmukaisuudesta","datePublished":"2023-01-19T07:44:31+00:00","dateModified":"2023-01-30T09:26:42+00:00","mainEntityOfPage":{"@id":"https:\/\/mediaviestinta.fi\/mevi2020\/2023\/01\/epaluottamus-ei-perustu-vain-uutismedian-edustamiin-ideologioihin-ja-arvoihin-vaan-se-koetaan-poliittiseksi-vastustajaksi-niista-riippumatta\/"},"wordCount":248,"commentCount":0,"publisher":{"@id":"https:\/\/mediaviestinta.fi\/#organization"},"image":{"@id":"https:\/\/mediaviestinta.fi\/mevi2020\/2023\/01\/epaluottamus-ei-perustu-vain-uutismedian-edustamiin-ideologioihin-ja-arvoihin-vaan-se-koetaan-poliittiseksi-vastustajaksi-niista-riippumatta\/#primaryimage"},"thumbnailUrl":"https:\/\/mediaviestinta.fi\/mevi2020\/wp-content\/uploads\/2023\/01\/gear5-8-by-roberto-r-Q8H5QgDvu-M-unsplash.jpg","keywords":["journalismi","luottamus","polarisaatio","uutismedia"],"inLanguage":"fi","potentialAction":[{"@type":"CommentAction","name":"Comment","target":["https:\/\/mediaviestinta.fi\/mevi2020\/2023\/01\/epaluottamus-ei-perustu-vain-uutismedian-edustamiin-ideologioihin-ja-arvoihin-vaan-se-koetaan-poliittiseksi-vastustajaksi-niista-riippumatta\/#respond"]}]},{"@type":"WebPage","@id":"https:\/\/mediaviestinta.fi\/mevi2020\/2023\/01\/epaluottamus-ei-perustu-vain-uutismedian-edustamiin-ideologioihin-ja-arvoihin-vaan-se-koetaan-poliittiseksi-vastustajaksi-niista-riippumatta\/","url":"https:\/\/mediaviestinta.fi\/mevi2020\/2023\/01\/epaluottamus-ei-perustu-vain-uutismedian-edustamiin-ideologioihin-ja-arvoihin-vaan-se-koetaan-poliittiseksi-vastustajaksi-niista-riippumatta\/","name":"Luottamus perustuu kokemukseen uutisoinnin oikeudenmukaisuudesta &#8211; Mevi","isPartOf":{"@id":"https:\/\/mediaviestinta.fi\/#website"},"primaryImageOfPage":{"@id":"https:\/\/mediaviestinta.fi\/mevi2020\/2023\/01\/epaluottamus-ei-perustu-vain-uutismedian-edustamiin-ideologioihin-ja-arvoihin-vaan-se-koetaan-poliittiseksi-vastustajaksi-niista-riippumatta\/#primaryimage"},"image":{"@id":"https:\/\/mediaviestinta.fi\/mevi2020\/2023\/01\/epaluottamus-ei-perustu-vain-uutismedian-edustamiin-ideologioihin-ja-arvoihin-vaan-se-koetaan-poliittiseksi-vastustajaksi-niista-riippumatta\/#primaryimage"},"thumbnailUrl":"https:\/\/mediaviestinta.fi\/mevi2020\/wp-content\/uploads\/2023\/01\/gear5-8-by-roberto-r-Q8H5QgDvu-M-unsplash.jpg","datePublished":"2023-01-19T07:44:31+00:00","dateModified":"2023-01-30T09:26:42+00:00","breadcrumb":{"@id":"https:\/\/mediaviestinta.fi\/mevi2020\/2023\/01\/epaluottamus-ei-perustu-vain-uutismedian-edustamiin-ideologioihin-ja-arvoihin-vaan-se-koetaan-poliittiseksi-vastustajaksi-niista-riippumatta\/#breadcrumb"},"inLanguage":"fi","potentialAction":[{"@type":"ReadAction","target":["https:\/\/mediaviestinta.fi\/mevi2020\/2023\/01\/epaluottamus-ei-perustu-vain-uutismedian-edustamiin-ideologioihin-ja-arvoihin-vaan-se-koetaan-poliittiseksi-vastustajaksi-niista-riippumatta\/"]}]},{"@type":"ImageObject","inLanguage":"fi","@id":"https:\/\/mediaviestinta.fi\/mevi2020\/2023\/01\/epaluottamus-ei-perustu-vain-uutismedian-edustamiin-ideologioihin-ja-arvoihin-vaan-se-koetaan-poliittiseksi-vastustajaksi-niista-riippumatta\/#primaryimage","url":"https:\/\/mediaviestinta.fi\/mevi2020\/wp-content\/uploads\/2023\/01\/gear5-8-by-roberto-r-Q8H5QgDvu-M-unsplash.jpg","contentUrl":"https:\/\/mediaviestinta.fi\/mevi2020\/wp-content\/uploads\/2023\/01\/gear5-8-by-roberto-r-Q8H5QgDvu-M-unsplash.jpg","width":2400,"height":1600,"caption":"Kuva: Gear5.8 by Roberto R. \/ Unsplash"},{"@type":"BreadcrumbList","@id":"https:\/\/mediaviestinta.fi\/mevi2020\/2023\/01\/epaluottamus-ei-perustu-vain-uutismedian-edustamiin-ideologioihin-ja-arvoihin-vaan-se-koetaan-poliittiseksi-vastustajaksi-niista-riippumatta\/#breadcrumb","itemListElement":[{"@type":"ListItem","position":1,"name":"Home","item":"https:\/\/mediaviestinta.fi\/"},{"@type":"ListItem","position":2,"name":"Luottamus perustuu kokemukseen uutisoinnin oikeudenmukaisuudesta"}]},{"@type":"WebSite","@id":"https:\/\/mediaviestinta.fi\/#website","url":"https:\/\/mediaviestinta.fi\/","name":"Mevi","description":"Media- ja viestint\u00e4tieteellinen seura Mevi","publisher":{"@id":"https:\/\/mediaviestinta.fi\/#organization"},"potentialAction":[{"@type":"SearchAction","target":{"@type":"EntryPoint","urlTemplate":"https:\/\/mediaviestinta.fi\/?s={search_term_string}"},"query-input":{"@type":"PropertyValueSpecification","valueRequired":true,"valueName":"search_term_string"}}],"inLanguage":"fi"},{"@type":"Organization","@id":"https:\/\/mediaviestinta.fi\/#organization","name":"Media- ja viestint\u00e4tieteellinen seura Mevi","url":"https:\/\/mediaviestinta.fi\/","logo":{"@type":"ImageObject","inLanguage":"fi","@id":"https:\/\/mediaviestinta.fi\/#\/schema\/logo\/image\/","url":"https:\/\/mediaviestinta.fi\/mevi2020\/wp-content\/uploads\/2020\/03\/mevi-logo-RGB-Transparent.png","contentUrl":"https:\/\/mediaviestinta.fi\/mevi2020\/wp-content\/uploads\/2020\/03\/mevi-logo-RGB-Transparent.png","width":910,"height":464,"caption":"Media- ja viestint\u00e4tieteellinen seura Mevi"},"image":{"@id":"https:\/\/mediaviestinta.fi\/#\/schema\/logo\/image\/"},"sameAs":["https:\/\/www.facebook.com\/MediaViestinta\/","https:\/\/x.com\/mediaviestinta"]},{"@type":"Person","@id":"https:\/\/mediaviestinta.fi\/#\/schema\/person\/b2da34ab24cfcd17dbdd6c7cfb173257","name":"Mevi","image":{"@type":"ImageObject","inLanguage":"fi","@id":"https:\/\/secure.gravatar.com\/avatar\/3305b76d1667dc119a18808ed03d6a1fc2dfa8b6a1cddecb8c4d27ef14ec32ca?s=96&d=mm&r=g","url":"https:\/\/secure.gravatar.com\/avatar\/3305b76d1667dc119a18808ed03d6a1fc2dfa8b6a1cddecb8c4d27ef14ec32ca?s=96&d=mm&r=g","contentUrl":"https:\/\/secure.gravatar.com\/avatar\/3305b76d1667dc119a18808ed03d6a1fc2dfa8b6a1cddecb8c4d27ef14ec32ca?s=96&d=mm&r=g","caption":"Mevi"},"url":"https:\/\/mediaviestinta.fi\/mevi2020\/author\/mediavie\/"}]}},"_links":{"self":[{"href":"https:\/\/mediaviestinta.fi\/mevi2020\/wp-json\/wp\/v2\/posts\/4795","targetHints":{"allow":["GET"]}}],"collection":[{"href":"https:\/\/mediaviestinta.fi\/mevi2020\/wp-json\/wp\/v2\/posts"}],"about":[{"href":"https:\/\/mediaviestinta.fi\/mevi2020\/wp-json\/wp\/v2\/types\/post"}],"author":[{"embeddable":true,"href":"https:\/\/mediaviestinta.fi\/mevi2020\/wp-json\/wp\/v2\/users\/3"}],"replies":[{"embeddable":true,"href":"https:\/\/mediaviestinta.fi\/mevi2020\/wp-json\/wp\/v2\/comments?post=4795"}],"version-history":[{"count":9,"href":"https:\/\/mediaviestinta.fi\/mevi2020\/wp-json\/wp\/v2\/posts\/4795\/revisions"}],"predecessor-version":[{"id":4824,"href":"https:\/\/mediaviestinta.fi\/mevi2020\/wp-json\/wp\/v2\/posts\/4795\/revisions\/4824"}],"wp:featuredmedia":[{"embeddable":true,"href":"https:\/\/mediaviestinta.fi\/mevi2020\/wp-json\/wp\/v2\/media\/4801"}],"wp:attachment":[{"href":"https:\/\/mediaviestinta.fi\/mevi2020\/wp-json\/wp\/v2\/media?parent=4795"}],"wp:term":[{"taxonomy":"category","embeddable":true,"href":"https:\/\/mediaviestinta.fi\/mevi2020\/wp-json\/wp\/v2\/categories?post=4795"},{"taxonomy":"post_tag","embeddable":true,"href":"https:\/\/mediaviestinta.fi\/mevi2020\/wp-json\/wp\/v2\/tags?post=4795"}],"curies":[{"name":"wp","href":"https:\/\/api.w.org\/{rel}","templated":true}]}}